{"id":13140,"date":"2020-11-12T13:32:00","date_gmt":"2020-11-12T13:32:00","guid":{"rendered":"https:\/\/crees.org.do\/?p=13140"},"modified":"2021-08-18T19:06:31","modified_gmt":"2021-08-18T19:06:31","slug":"el-indice-simon-de-abundancia-2020","status":"publish","type":"post","link":"https:\/\/crees.org.do\/?p=13140","title":{"rendered":"El \u00cdndice Simon de Abundancia 2020"},"content":{"rendered":"<p style=\"text-align: justify;\">Autores: Marian L. Tupy y Gale L. Pooley<\/p>\n<p style=\"text-align: justify;\">Extra\u00eddo de: El Cato<\/p>\n<p style=\"text-align: justify;\">Fecha: 12 de noviembre del 2020<\/p>\n<p style=\"text-align: justify;\">Introducci\u00f3n:<\/p>\n<p style=\"text-align: justify;\">El a\u00f1o pasado presenciamos la popularizaci\u00f3n del Movimiento Extinci\u00f3n Humana Voluntaria (Vhemt). De acuerdo al fundador estadounidense que se hace llamar Les U. Knight, \u201cYo he visto m\u00e1s y m\u00e1s art\u00edculos sobre personas eligiendo no tener hijos o no agregar m\u00e1s a una familia existente\u201d. \u00c9l est\u00e1 en lo correcto. En a\u00f1os recientes, se han publicado varios art\u00edculos celebrando los beneficios de la extinci\u00f3n humana, incluyendo el de la revista\u00a0The New Yorker\u00a0titulado \u201cEl caso a favor de no haber nacido\u201d, \u201cLa ciencia demuestra que los ni\u00f1os son malos para la tierra. La moralidad sugiere que debemos dejar de tenerlos\u201d en las noticias de NBC y el pol\u00e9mico art\u00edculo del\u00a0New York Times\u00a0\u201c\u00bfSer\u00eda una tragedia la extinci\u00f3n humana?\u201d. Un reporte de CNN sobre las conclusiones de la Plataforma Intergubernamental de Pol\u00edtica Cient\u00edfica de las Naciones Unidas sobre la Biodiversidad y los Servicios de Ecosistemas se\u00f1al\u00f3 que \u201cdebemos actuar ahora, consumiendo menos, contaminando menos, teniendo menos hijos\u201d. Pero, \u00bfrealmente la gente es tan mala para el planeta?<\/p>\n<p style=\"text-align: justify;\">En 2018, escribimos un estudio titulado\u00a0El \u00cdndice Simon de Abundancia: Una nueva forma de medir la disponibilidad de recursos. En este estudio analizamos los precios de 50 materias primas b\u00e1sicas entre 1980 y 2017. De manera contra-intuitiva descubrimos que los recursos se han vuelto m\u00e1s, no menos, abundantes. Nuestros c\u00e1lculos confirmaron los argumentos del economista de la Universidad de Maryland Julian Simon, quien observ\u00f3 en su libro de 1981\u00a0El \u00faltimo recurso\u00a0que los humanos somos seres inteligentes, capaces de innovar para superar la escasez mediante una mayor eficiencia, aumentando la oferta y desarrollando bienes sustitutos. Para llegar a nuestras conclusiones, creamos cuatro conceptos nuevos: las mediciones de precios en t\u00e9rminos de horas de trabajo (esto es, el precio medido en horas de trabajo, el multiplicador de abundancia, el porcentaje de cambio en la abundancia, la tasa compuesta de crecimiento anual de la abundancia y los a\u00f1os que tarda en duplicarse la abundancia), la elasticidad de precios de la poblaci\u00f3n, el marco te\u00f3rico de abundancia Simon y el \u00cdndice Simon de Abundancia.<\/p>\n<p style=\"text-align: justify;\"><strong>Las mediciones de precios en t\u00e9rminos de horas de trabajo<\/strong><\/p>\n<p style=\"text-align: justify;\">El precio en t\u00e9rminos de horas de trabajo indica la cantidad de tiempo que una persona tiene que trabajar para obtener suficiente dinero para comprar algo. Para calcular el precio en t\u00e9rminos de horas trabajadas, el precio en dinero nominal es dividido por el ingreso nominal por hora (obtuvimos las primeras cifras del Banco Mundial y del Fondo Monetario Internacional, y las segundas combinando las cifras de PIB del Banco Mundial con los c\u00e1lculos del Conference Board de las horas anuales trabajadas). El precio promedio en horas trabajadas de 50 materias primas cay\u00f3 74,2 por ciento. Eso significa que por la misma duraci\u00f3n de tiempo que una persona necesitaba trabajar para obtener suficiente dinero para comprar una unidad de la canasta de 50 materias primas en 1980, podr\u00eda comprar 3,87 unidades en 2019. En otras palabras, la persona promedio vio su nivel de abundancia aumentar en un 287,4 por ciento. Eso equivale a una tasa compuesta de crecimiento anual de 3,63 por ciento e implica una duplicaci\u00f3n de la abundancia cada 19,45 a\u00f1os (ver Tabla 1).<\/p>\n<p style=\"text-align: justify;\">Tabla 1: Las mediciones de precios en t\u00e9rminos de horas de trabajo (1980-2019)<\/p>\n<p style=\"text-align: justify;\"><img fetchpriority=\"high\" decoding=\"async\" class=\"aligncenter size-full wp-image-21913\" src=\"https:\/\/crees.org.do\/wp-content\/uploads\/2021\/04\/sai_2019_-_spanish_0.jpg\" alt=\"\" width=\"872\" height=\"1200\" srcset=\"https:\/\/crees.org.do\/wp-content\/uploads\/2021\/04\/sai_2019_-_spanish_0.jpg 872w, https:\/\/crees.org.do\/wp-content\/uploads\/2021\/04\/sai_2019_-_spanish_0-327x450.jpg 327w, https:\/\/crees.org.do\/wp-content\/uploads\/2021\/04\/sai_2019_-_spanish_0-768x1057.jpg 768w, https:\/\/crees.org.do\/wp-content\/uploads\/2021\/04\/sai_2019_-_spanish_0-600x826.jpg 600w\" sizes=\"(max-width: 872px) 100vw, 872px\" \/><\/p>\n<p style=\"text-align: justify;\">La elasticidad de precios de la poblaci\u00f3n<\/p>\n<p style=\"text-align: justify;\">La elasticidad de precios de la poblaci\u00f3n (EPP) nos permite medir la sensibilidad de la disponibilidad de recursos ante el crecimiento de la poblaci\u00f3n. Entre 1980 y 2019, la poblaci\u00f3n mundial aument\u00f3 de 4.458 millones a 7.677 millones o 73,2 por ciento. El precio en t\u00e9rminos de horas trabajadas de las materias primas cay\u00f3 en un 74,2 por ciento. Considerando esto, el precio en t\u00e9rminos de horas de trabajo de las materias primas cay\u00f3 en un 1,014 por ciento por cada 1 por ciento de aumento en la poblaci\u00f3n mundial. Dicho de otra manera, a lo largo de los \u00faltimos 39 a\u00f1os, cada ser humano adicional que naci\u00f3 en nuestro planeta parece haber hecho que los recursos sean proporcionalmente m\u00e1s abundantes para el resto de nosotros.<\/p>\n<p style=\"text-align: justify;\">El\u00a0marco te\u00f3rico de abundancia Simon<\/p>\n<p style=\"text-align: justify;\">El marco te\u00f3rico de abundancia Simon utiliza los valores de la EPP para distinguir entre distintos grados de abundancia de los recursos, desde una abundancia decreciente en un extremo del espectro hacia una s\u00faper-abundancia en el otro extremo. Considerando que el precio en t\u00e9rminos de horas de trabajo de las materias disminuy\u00f3 a una tasa proporcional m\u00e1s r\u00e1pida (-74,2 por ciento) que lo que aument\u00f3 la poblaci\u00f3n (73,2 por ciento), concluimos que la humanidad est\u00e1 experimentando una s\u00faper-abundancia. (Para aprender m\u00e1s acerca del marco te\u00f3rico, por favor consulte nuestro estudio original).<\/p>\n<p style=\"text-align: justify;\">El \u00cdndice Simon de Abundancia<\/p>\n<p style=\"text-align: justify;\">El \u00cdndice Simon de Abundancia 2020 utiliza el precio en t\u00e9rminos de horas de trabajo de las materias primas y el cambio en la poblaci\u00f3n global para calcular la abundancia global de recursos. El \u00edndice representa la relaci\u00f3n entre los cambios en la poblaci\u00f3n<\/p>\n<p style=\"text-align: justify;\">y los cambios en el precio en t\u00e9rminos de horas trabajadas, y la multiplica por 100. Tiene un a\u00f1o base de 1980 y un valor base de 100. En 2019, el \u00cdndice lleg\u00f3 un nivel de 670,9. Esto implica que la Tierra como un todo era un 570,9 por ciento m\u00e1s abundante en 2019 de lo que era en 1980 (Ver Gr\u00e1fico 2).<\/p>\n<p style=\"text-align: justify;\">Gr\u00e1fico 2: El \u00cdndice de Abundancia Simon (1980-2019)<\/p>\n<p><img decoding=\"async\" class=\"aligncenter size-full wp-image-21914\" src=\"https:\/\/crees.org.do\/wp-content\/uploads\/2021\/04\/imagenes_sai-04.png\" alt=\"\" width=\"1200\" height=\"902\" srcset=\"https:\/\/crees.org.do\/wp-content\/uploads\/2021\/04\/imagenes_sai-04.png 1200w, https:\/\/crees.org.do\/wp-content\/uploads\/2021\/04\/imagenes_sai-04-450x338.png 450w, https:\/\/crees.org.do\/wp-content\/uploads\/2021\/04\/imagenes_sai-04-768x577.png 768w, https:\/\/crees.org.do\/wp-content\/uploads\/2021\/04\/imagenes_sai-04-600x451.png 600w\" sizes=\"(max-width: 1200px) 100vw, 1200px\" \/><\/p>\n<p style=\"text-align: justify;\">Tendencias de corto plazo<\/p>\n<p style=\"text-align: justify;\">Entre 2018 y 2019, la poblaci\u00f3n mundial aument\u00f3 de 7.594 millones a 7.677 millones o en un 1,1 por ciento. A lo largo del mismo periodo, los precios nominales de 50 materias primas cayeron en un promedio de 6,65 por ciento y el producto bruto nominal (PIB) por cada hora trabajada aument\u00f3 en un 3,8 por ciento. Eso significa que la cantidad de tiempo que una persona tiene que trabajar para ganar suficiente dinero para comprar una unidad de nuestra canasta de 50 materias primas cay\u00f3 en un 10,07 por ciento. De manera m\u00e1s espec\u00edfica, 43 materias primas (esto es, 86 por ciento de aquellas consideradas) disminuyeron su precio en t\u00e9rminos de horas trabajadas, mientras que siete materias primas (esto es, un 14 por ciento) aument\u00f3 en t\u00e9rminos de horas trabajadas.<\/p>\n<p style=\"text-align: justify;\">Conclusi\u00f3n<\/p>\n<p style=\"text-align: justify;\">Las percepciones revolucionarias de Simon respecto de la interacci\u00f3n mutuamente beneficiosa entre el crecimiento de la poblaci\u00f3n y la disponibilidad de los recursos naturales, aquellas que nuestra investigaci\u00f3n confirma, podr\u00edan ser contra-intuitivas, pero son reales. Los recursos del mundo son finitos de la misma manera que son finitas las teclas de un piano. El instrumento tiene tan solo 88 notas, pero se pueden tocar con una variedad infinita de combinaciones. Lo mismo sucede con nuestro planeta. Puede que los \u00e1tomos del planeta sean de una cantidad fija, pero las posibles combinaciones de estos \u00e1tomos son infinitas. Lo que importa, entonces, no son los l\u00edmites f\u00edsicos de nuestro planeta, sino la libertad humana para experimentar y re-imaginar los usos de los recursos que tenemos. Para aprender m\u00e1s, por favor visite www.humanprogress.org\/simonproject.<\/p>\n<p style=\"text-align: justify;\"><a href=\"https:\/\/crees.org.do\/wp-content\/uploads\/2021\/05\/imagenes_sai-04.png\"><img decoding=\"async\" class=\"alignnone size-full wp-image-18748\" src=\"https:\/\/crees.org.do\/wp-content\/uploads\/2021\/11\/imagenes_sai-02-1-e1620647369543.png\" alt=\"\" width=\"1074\" height=\"864\" srcset=\"https:\/\/crees.org.do\/wp-content\/uploads\/2021\/11\/imagenes_sai-02-1-e1620647369543.png 1074w, https:\/\/crees.org.do\/wp-content\/uploads\/2021\/11\/imagenes_sai-02-1-e1620647369543-450x362.png 450w, https:\/\/crees.org.do\/wp-content\/uploads\/2021\/11\/imagenes_sai-02-1-e1620647369543-768x618.png 768w, https:\/\/crees.org.do\/wp-content\/uploads\/2021\/11\/imagenes_sai-02-1-e1620647369543-600x483.png 600w\" sizes=\"(max-width: 1074px) 100vw, 1074px\" \/><\/a><\/p>\n<p>&nbsp;<\/p>\n<p style=\"text-align: justify;\">Cambios metodol\u00f3gicos<\/p>\n<p style=\"text-align: justify;\">En reportes anteriores, utilizamos el PIB per c\u00e1pita por hora como nuestro denominador para calcular los precios en t\u00e9rminos de horas de trabajo. Para aumentar la precisi\u00f3n de nuestros resultados, ahora calculamos el PIB por hora trabajada, dividiendo la producci\u00f3n total por el n\u00famero total de horas trabajadas. Nuestro denominador est\u00e1 basado en un grupo de 42 pa\u00edses, que representan el 86 por ciento del PIB mundial (el m\u00e1ximo n\u00famero de pa\u00edses para los cuales pudimos encontrar datos desde 1980).<\/p>\n<p style=\"text-align: justify;\">Datos de respaldo:<\/p>\n<p><img loading=\"lazy\" decoding=\"async\" class=\"aligncenter size-full wp-image-21915\" src=\"https:\/\/crees.org.do\/wp-content\/uploads\/2021\/04\/cuadro-abundanceindex-commodities.jpg\" alt=\"\" width=\"1200\" height=\"1154\" srcset=\"https:\/\/crees.org.do\/wp-content\/uploads\/2021\/04\/cuadro-abundanceindex-commodities.jpg 1200w, https:\/\/crees.org.do\/wp-content\/uploads\/2021\/04\/cuadro-abundanceindex-commodities-450x433.jpg 450w, https:\/\/crees.org.do\/wp-content\/uploads\/2021\/04\/cuadro-abundanceindex-commodities-768x739.jpg 768w, https:\/\/crees.org.do\/wp-content\/uploads\/2021\/04\/cuadro-abundanceindex-commodities-600x577.jpg 600w\" sizes=\"(max-width: 1200px) 100vw, 1200px\" \/><\/p>\n<div class=\"pvc_clear\"><\/div>\n<p class=\"pvc_stats all \" data-element-id=\"13140\" style=\"\"><i class=\"pvc-stats-icon medium\" aria-hidden=\"true\"><svg aria-hidden=\"true\" focusable=\"false\" data-prefix=\"far\" data-icon=\"chart-bar\" role=\"img\" xmlns=\"http:\/\/www.w3.org\/2000\/svg\" viewBox=\"0 0 512 512\" class=\"svg-inline--fa fa-chart-bar fa-w-16 fa-2x\"><path fill=\"currentColor\" d=\"M396.8 352h22.4c6.4 0 12.8-6.4 12.8-12.8V108.8c0-6.4-6.4-12.8-12.8-12.8h-22.4c-6.4 0-12.8 6.4-12.8 12.8v230.4c0 6.4 6.4 12.8 12.8 12.8zm-192 0h22.4c6.4 0 12.8-6.4 12.8-12.8V140.8c0-6.4-6.4-12.8-12.8-12.8h-22.4c-6.4 0-12.8 6.4-12.8 12.8v198.4c0 6.4 6.4 12.8 12.8 12.8zm96 0h22.4c6.4 0 12.8-6.4 12.8-12.8V204.8c0-6.4-6.4-12.8-12.8-12.8h-22.4c-6.4 0-12.8 6.4-12.8 12.8v134.4c0 6.4 6.4 12.8 12.8 12.8zM496 400H48V80c0-8.84-7.16-16-16-16H16C7.16 64 0 71.16 0 80v336c0 17.67 14.33 32 32 32h464c8.84 0 16-7.16 16-16v-16c0-8.84-7.16-16-16-16zm-387.2-48h22.4c6.4 0 12.8-6.4 12.8-12.8v-70.4c0-6.4-6.4-12.8-12.8-12.8h-22.4c-6.4 0-12.8 6.4-12.8 12.8v70.4c0 6.4 6.4 12.8 12.8 12.8z\" class=\"\"><\/path><\/svg><\/i> Vistas Totales&nbsp;949&nbsp;, Vistas Hoy&nbsp;2&nbsp;<\/p>\n<div class=\"pvc_clear\"><\/div>\n","protected":false},"excerpt":{"rendered":"<p>Autores: Marian L. Tupy y Gale L. Pooley Extra\u00eddo de: El Cato Fecha: 12 de noviembre del 2020 Introducci\u00f3n: El a\u00f1o pasado presenciamos la popularizaci\u00f3n del Movimiento Extinci\u00f3n Humana Voluntaria (Vhemt). De acuerdo al fundador estadounidense que se hace llamar Les U. Knight, \u201cYo he visto m\u00e1s y m\u00e1s art\u00edculos sobre personas eligiendo no tener&#8230;<\/p>\n<div class=\"pvc_clear\"><\/div>\n<p class=\"pvc_stats all \" data-element-id=\"13140\" style=\"\"><i class=\"pvc-stats-icon medium\" aria-hidden=\"true\"><svg aria-hidden=\"true\" focusable=\"false\" data-prefix=\"far\" data-icon=\"chart-bar\" role=\"img\" xmlns=\"http:\/\/www.w3.org\/2000\/svg\" viewBox=\"0 0 512 512\" class=\"svg-inline--fa fa-chart-bar fa-w-16 fa-2x\"><path fill=\"currentColor\" d=\"M396.8 352h22.4c6.4 0 12.8-6.4 12.8-12.8V108.8c0-6.4-6.4-12.8-12.8-12.8h-22.4c-6.4 0-12.8 6.4-12.8 12.8v230.4c0 6.4 6.4 12.8 12.8 12.8zm-192 0h22.4c6.4 0 12.8-6.4 12.8-12.8V140.8c0-6.4-6.4-12.8-12.8-12.8h-22.4c-6.4 0-12.8 6.4-12.8 12.8v198.4c0 6.4 6.4 12.8 12.8 12.8zm96 0h22.4c6.4 0 12.8-6.4 12.8-12.8V204.8c0-6.4-6.4-12.8-12.8-12.8h-22.4c-6.4 0-12.8 6.4-12.8 12.8v134.4c0 6.4 6.4 12.8 12.8 12.8zM496 400H48V80c0-8.84-7.16-16-16-16H16C7.16 64 0 71.16 0 80v336c0 17.67 14.33 32 32 32h464c8.84 0 16-7.16 16-16v-16c0-8.84-7.16-16-16-16zm-387.2-48h22.4c6.4 0 12.8-6.4 12.8-12.8v-70.4c0-6.4-6.4-12.8-12.8-12.8h-22.4c-6.4 0-12.8 6.4-12.8 12.8v70.4c0 6.4 6.4 12.8 12.8 12.8z\" class=\"\"><\/path><\/svg><\/i> Vistas Totales&nbsp;949&nbsp;, Vistas Hoy&nbsp;2&nbsp;<\/p>\n<div class=\"pvc_clear\"><\/div>\n","protected":false},"author":2,"featured_media":21911,"comment_status":"closed","ping_status":"closed","sticky":false,"template":"","format":"standard","meta":{"footnotes":""},"categories":[22],"tags":[],"class_list":["post-13140","post","type-post","status-publish","format-standard","has-post-thumbnail","hentry","category-articulos"],"yoast_head":"<!-- This site is optimized with the Yoast SEO plugin v25.2 - https:\/\/yoast.com\/wordpress\/plugins\/seo\/ -->\n<title>El \u00cdndice Simon de Abundancia 2020 | CREES<\/title>\n<meta name=\"robots\" content=\"index, follow, max-snippet:-1, max-image-preview:large, max-video-preview:-1\" \/>\n<link rel=\"canonical\" href=\"https:\/\/crees.org.do\/?p=13140\" \/>\n<meta property=\"og:locale\" content=\"es_ES\" \/>\n<meta property=\"og:type\" content=\"article\" \/>\n<meta property=\"og:title\" content=\"El \u00cdndice Simon de Abundancia 2020 | CREES\" \/>\n<meta property=\"og:description\" content=\"Autores: Marian L. Tupy y Gale L. Pooley Extra\u00eddo de: El Cato Fecha: 12 de noviembre del 2020 Introducci\u00f3n: El a\u00f1o pasado presenciamos la popularizaci\u00f3n del Movimiento Extinci\u00f3n Humana Voluntaria (Vhemt). De acuerdo al fundador estadounidense que se hace llamar Les U. Knight, \u201cYo he visto m\u00e1s y m\u00e1s art\u00edculos sobre personas eligiendo no tener...\" \/>\n<meta property=\"og:url\" content=\"https:\/\/crees.org.do\/?p=13140\" \/>\n<meta property=\"og:site_name\" content=\"CREES\" \/>\n<meta property=\"article:publisher\" content=\"https:\/\/www.facebook.com\/CREESRD\/\" \/>\n<meta property=\"article:published_time\" content=\"2020-11-12T13:32:00+00:00\" \/>\n<meta property=\"article:modified_time\" content=\"2021-08-18T19:06:31+00:00\" \/>\n<meta property=\"og:image\" content=\"https:\/\/crees.org.do\/wp-content\/uploads\/2021\/04\/gettyimages-1132089008-scaled.jpg\" \/>\n\t<meta property=\"og:image:width\" content=\"1200\" \/>\n\t<meta property=\"og:image:height\" content=\"641\" \/>\n\t<meta property=\"og:image:type\" content=\"image\/jpeg\" \/>\n<meta name=\"author\" content=\"Crees\" \/>\n<meta name=\"twitter:card\" content=\"summary_large_image\" \/>\n<meta name=\"twitter:creator\" content=\"@CREESRD\" \/>\n<meta name=\"twitter:site\" content=\"@CREESRD\" \/>\n<meta name=\"twitter:label1\" content=\"Escrito por\" \/>\n\t<meta name=\"twitter:data1\" content=\"Crees\" \/>\n\t<meta name=\"twitter:label2\" content=\"Tiempo de lectura\" \/>\n\t<meta name=\"twitter:data2\" content=\"6 minutos\" \/>\n<script type=\"application\/ld+json\" class=\"yoast-schema-graph\">{\"@context\":\"https:\/\/schema.org\",\"@graph\":[{\"@type\":\"Article\",\"@id\":\"https:\/\/crees.org.do\/?p=13140#article\",\"isPartOf\":{\"@id\":\"https:\/\/crees.org.do\/?p=13140\"},\"author\":{\"name\":\"Crees\",\"@id\":\"https:\/\/crees.org.do\/#\/schema\/person\/e7f97cd94d7bf9cd0e0ce30acb7d56b8\"},\"headline\":\"El \u00cdndice Simon de Abundancia 2020\",\"datePublished\":\"2020-11-12T13:32:00+00:00\",\"dateModified\":\"2021-08-18T19:06:31+00:00\",\"mainEntityOfPage\":{\"@id\":\"https:\/\/crees.org.do\/?p=13140\"},\"wordCount\":1300,\"publisher\":{\"@id\":\"https:\/\/crees.org.do\/#organization\"},\"image\":{\"@id\":\"https:\/\/crees.org.do\/?p=13140#primaryimage\"},\"thumbnailUrl\":\"https:\/\/crees.org.do\/wp-content\/uploads\/2021\/04\/gettyimages-1132089008-scaled.jpg\",\"articleSection\":[\"Art\u00edculos\"],\"inLanguage\":\"es\"},{\"@type\":\"WebPage\",\"@id\":\"https:\/\/crees.org.do\/?p=13140\",\"url\":\"https:\/\/crees.org.do\/?p=13140\",\"name\":\"El \u00cdndice Simon de Abundancia 2020 | CREES\",\"isPartOf\":{\"@id\":\"https:\/\/crees.org.do\/#website\"},\"primaryImageOfPage\":{\"@id\":\"https:\/\/crees.org.do\/?p=13140#primaryimage\"},\"image\":{\"@id\":\"https:\/\/crees.org.do\/?p=13140#primaryimage\"},\"thumbnailUrl\":\"https:\/\/crees.org.do\/wp-content\/uploads\/2021\/04\/gettyimages-1132089008-scaled.jpg\",\"datePublished\":\"2020-11-12T13:32:00+00:00\",\"dateModified\":\"2021-08-18T19:06:31+00:00\",\"breadcrumb\":{\"@id\":\"https:\/\/crees.org.do\/?p=13140#breadcrumb\"},\"inLanguage\":\"es\",\"potentialAction\":[{\"@type\":\"ReadAction\",\"target\":[\"https:\/\/crees.org.do\/?p=13140\"]}]},{\"@type\":\"ImageObject\",\"inLanguage\":\"es\",\"@id\":\"https:\/\/crees.org.do\/?p=13140#primaryimage\",\"url\":\"https:\/\/crees.org.do\/wp-content\/uploads\/2021\/04\/gettyimages-1132089008-scaled.jpg\",\"contentUrl\":\"https:\/\/crees.org.do\/wp-content\/uploads\/2021\/04\/gettyimages-1132089008-scaled.jpg\",\"width\":1200,\"height\":641},{\"@type\":\"BreadcrumbList\",\"@id\":\"https:\/\/crees.org.do\/?p=13140#breadcrumb\",\"itemListElement\":[{\"@type\":\"ListItem\",\"position\":1,\"name\":\"Portada\",\"item\":\"https:\/\/crees.org.do\/\"},{\"@type\":\"ListItem\",\"position\":2,\"name\":\"El \u00cdndice Simon de Abundancia 2020\"}]},{\"@type\":\"WebSite\",\"@id\":\"https:\/\/crees.org.do\/#website\",\"url\":\"https:\/\/crees.org.do\/\",\"name\":\"CREES\",\"description\":\"Centro Regional de Estrategias Econ\u00f3micas Sostenibles\",\"publisher\":{\"@id\":\"https:\/\/crees.org.do\/#organization\"},\"potentialAction\":[{\"@type\":\"SearchAction\",\"target\":{\"@type\":\"EntryPoint\",\"urlTemplate\":\"https:\/\/crees.org.do\/?s={search_term_string}\"},\"query-input\":{\"@type\":\"PropertyValueSpecification\",\"valueRequired\":true,\"valueName\":\"search_term_string\"}}],\"inLanguage\":\"es\"},{\"@type\":\"Organization\",\"@id\":\"https:\/\/crees.org.do\/#organization\",\"name\":\"CREES | Centro Regional de Estrategias Econ\u00f3micas Sostenibles\",\"url\":\"https:\/\/crees.org.do\/\",\"logo\":{\"@type\":\"ImageObject\",\"inLanguage\":\"es\",\"@id\":\"https:\/\/crees.org.do\/#\/schema\/logo\/image\/\",\"url\":\"https:\/\/crees.org.do\/wp-content\/uploads\/2022\/03\/crees-logo-1.jpg\",\"contentUrl\":\"https:\/\/crees.org.do\/wp-content\/uploads\/2022\/03\/crees-logo-1.jpg\",\"width\":244,\"height\":71,\"caption\":\"CREES | Centro Regional de Estrategias Econ\u00f3micas Sostenibles\"},\"image\":{\"@id\":\"https:\/\/crees.org.do\/#\/schema\/logo\/image\/\"},\"sameAs\":[\"https:\/\/www.facebook.com\/CREESRD\/\",\"https:\/\/x.com\/CREESRD\"]},{\"@type\":\"Person\",\"@id\":\"https:\/\/crees.org.do\/#\/schema\/person\/e7f97cd94d7bf9cd0e0ce30acb7d56b8\",\"name\":\"Crees\",\"image\":{\"@type\":\"ImageObject\",\"inLanguage\":\"es\",\"@id\":\"https:\/\/crees.org.do\/#\/schema\/person\/image\/\",\"url\":\"https:\/\/secure.gravatar.com\/avatar\/390ac8f0be5d9aa046152553e2dd7011b59a512d89c150f5e5f28bb8d9a0b165?s=96&d=mm&r=g\",\"contentUrl\":\"https:\/\/secure.gravatar.com\/avatar\/390ac8f0be5d9aa046152553e2dd7011b59a512d89c150f5e5f28bb8d9a0b165?s=96&d=mm&r=g\",\"caption\":\"Crees\"},\"url\":\"https:\/\/crees.org.do\/?author=2\"}]}<\/script>\n<!-- \/ Yoast SEO plugin. -->","yoast_head_json":{"title":"El \u00cdndice Simon de Abundancia 2020 | CREES","robots":{"index":"index","follow":"follow","max-snippet":"max-snippet:-1","max-image-preview":"max-image-preview:large","max-video-preview":"max-video-preview:-1"},"canonical":"https:\/\/crees.org.do\/?p=13140","og_locale":"es_ES","og_type":"article","og_title":"El \u00cdndice Simon de Abundancia 2020 | CREES","og_description":"Autores: Marian L. Tupy y Gale L. Pooley Extra\u00eddo de: El Cato Fecha: 12 de noviembre del 2020 Introducci\u00f3n: El a\u00f1o pasado presenciamos la popularizaci\u00f3n del Movimiento Extinci\u00f3n Humana Voluntaria (Vhemt). De acuerdo al fundador estadounidense que se hace llamar Les U. Knight, \u201cYo he visto m\u00e1s y m\u00e1s art\u00edculos sobre personas eligiendo no tener...","og_url":"https:\/\/crees.org.do\/?p=13140","og_site_name":"CREES","article_publisher":"https:\/\/www.facebook.com\/CREESRD\/","article_published_time":"2020-11-12T13:32:00+00:00","article_modified_time":"2021-08-18T19:06:31+00:00","og_image":[{"width":1200,"height":641,"url":"https:\/\/crees.org.do\/wp-content\/uploads\/2021\/04\/gettyimages-1132089008-scaled.jpg","type":"image\/jpeg"}],"author":"Crees","twitter_card":"summary_large_image","twitter_creator":"@CREESRD","twitter_site":"@CREESRD","twitter_misc":{"Escrito por":"Crees","Tiempo de lectura":"6 minutos"},"schema":{"@context":"https:\/\/schema.org","@graph":[{"@type":"Article","@id":"https:\/\/crees.org.do\/?p=13140#article","isPartOf":{"@id":"https:\/\/crees.org.do\/?p=13140"},"author":{"name":"Crees","@id":"https:\/\/crees.org.do\/#\/schema\/person\/e7f97cd94d7bf9cd0e0ce30acb7d56b8"},"headline":"El \u00cdndice Simon de Abundancia 2020","datePublished":"2020-11-12T13:32:00+00:00","dateModified":"2021-08-18T19:06:31+00:00","mainEntityOfPage":{"@id":"https:\/\/crees.org.do\/?p=13140"},"wordCount":1300,"publisher":{"@id":"https:\/\/crees.org.do\/#organization"},"image":{"@id":"https:\/\/crees.org.do\/?p=13140#primaryimage"},"thumbnailUrl":"https:\/\/crees.org.do\/wp-content\/uploads\/2021\/04\/gettyimages-1132089008-scaled.jpg","articleSection":["Art\u00edculos"],"inLanguage":"es"},{"@type":"WebPage","@id":"https:\/\/crees.org.do\/?p=13140","url":"https:\/\/crees.org.do\/?p=13140","name":"El \u00cdndice Simon de Abundancia 2020 | CREES","isPartOf":{"@id":"https:\/\/crees.org.do\/#website"},"primaryImageOfPage":{"@id":"https:\/\/crees.org.do\/?p=13140#primaryimage"},"image":{"@id":"https:\/\/crees.org.do\/?p=13140#primaryimage"},"thumbnailUrl":"https:\/\/crees.org.do\/wp-content\/uploads\/2021\/04\/gettyimages-1132089008-scaled.jpg","datePublished":"2020-11-12T13:32:00+00:00","dateModified":"2021-08-18T19:06:31+00:00","breadcrumb":{"@id":"https:\/\/crees.org.do\/?p=13140#breadcrumb"},"inLanguage":"es","potentialAction":[{"@type":"ReadAction","target":["https:\/\/crees.org.do\/?p=13140"]}]},{"@type":"ImageObject","inLanguage":"es","@id":"https:\/\/crees.org.do\/?p=13140#primaryimage","url":"https:\/\/crees.org.do\/wp-content\/uploads\/2021\/04\/gettyimages-1132089008-scaled.jpg","contentUrl":"https:\/\/crees.org.do\/wp-content\/uploads\/2021\/04\/gettyimages-1132089008-scaled.jpg","width":1200,"height":641},{"@type":"BreadcrumbList","@id":"https:\/\/crees.org.do\/?p=13140#breadcrumb","itemListElement":[{"@type":"ListItem","position":1,"name":"Portada","item":"https:\/\/crees.org.do\/"},{"@type":"ListItem","position":2,"name":"El \u00cdndice Simon de Abundancia 2020"}]},{"@type":"WebSite","@id":"https:\/\/crees.org.do\/#website","url":"https:\/\/crees.org.do\/","name":"CREES","description":"Centro Regional de Estrategias Econ\u00f3micas Sostenibles","publisher":{"@id":"https:\/\/crees.org.do\/#organization"},"potentialAction":[{"@type":"SearchAction","target":{"@type":"EntryPoint","urlTemplate":"https:\/\/crees.org.do\/?s={search_term_string}"},"query-input":{"@type":"PropertyValueSpecification","valueRequired":true,"valueName":"search_term_string"}}],"inLanguage":"es"},{"@type":"Organization","@id":"https:\/\/crees.org.do\/#organization","name":"CREES | Centro Regional de Estrategias Econ\u00f3micas Sostenibles","url":"https:\/\/crees.org.do\/","logo":{"@type":"ImageObject","inLanguage":"es","@id":"https:\/\/crees.org.do\/#\/schema\/logo\/image\/","url":"https:\/\/crees.org.do\/wp-content\/uploads\/2022\/03\/crees-logo-1.jpg","contentUrl":"https:\/\/crees.org.do\/wp-content\/uploads\/2022\/03\/crees-logo-1.jpg","width":244,"height":71,"caption":"CREES | Centro Regional de Estrategias Econ\u00f3micas Sostenibles"},"image":{"@id":"https:\/\/crees.org.do\/#\/schema\/logo\/image\/"},"sameAs":["https:\/\/www.facebook.com\/CREESRD\/","https:\/\/x.com\/CREESRD"]},{"@type":"Person","@id":"https:\/\/crees.org.do\/#\/schema\/person\/e7f97cd94d7bf9cd0e0ce30acb7d56b8","name":"Crees","image":{"@type":"ImageObject","inLanguage":"es","@id":"https:\/\/crees.org.do\/#\/schema\/person\/image\/","url":"https:\/\/secure.gravatar.com\/avatar\/390ac8f0be5d9aa046152553e2dd7011b59a512d89c150f5e5f28bb8d9a0b165?s=96&d=mm&r=g","contentUrl":"https:\/\/secure.gravatar.com\/avatar\/390ac8f0be5d9aa046152553e2dd7011b59a512d89c150f5e5f28bb8d9a0b165?s=96&d=mm&r=g","caption":"Crees"},"url":"https:\/\/crees.org.do\/?author=2"}]}},"_links":{"self":[{"href":"https:\/\/crees.org.do\/index.php?rest_route=\/wp\/v2\/posts\/13140","targetHints":{"allow":["GET"]}}],"collection":[{"href":"https:\/\/crees.org.do\/index.php?rest_route=\/wp\/v2\/posts"}],"about":[{"href":"https:\/\/crees.org.do\/index.php?rest_route=\/wp\/v2\/types\/post"}],"author":[{"embeddable":true,"href":"https:\/\/crees.org.do\/index.php?rest_route=\/wp\/v2\/users\/2"}],"replies":[{"embeddable":true,"href":"https:\/\/crees.org.do\/index.php?rest_route=%2Fwp%2Fv2%2Fcomments&post=13140"}],"version-history":[{"count":7,"href":"https:\/\/crees.org.do\/index.php?rest_route=\/wp\/v2\/posts\/13140\/revisions"}],"predecessor-version":[{"id":21916,"href":"https:\/\/crees.org.do\/index.php?rest_route=\/wp\/v2\/posts\/13140\/revisions\/21916"}],"wp:featuredmedia":[{"embeddable":true,"href":"https:\/\/crees.org.do\/index.php?rest_route=\/wp\/v2\/media\/21911"}],"wp:attachment":[{"href":"https:\/\/crees.org.do\/index.php?rest_route=%2Fwp%2Fv2%2Fmedia&parent=13140"}],"wp:term":[{"taxonomy":"category","embeddable":true,"href":"https:\/\/crees.org.do\/index.php?rest_route=%2Fwp%2Fv2%2Fcategories&post=13140"},{"taxonomy":"post_tag","embeddable":true,"href":"https:\/\/crees.org.do\/index.php?rest_route=%2Fwp%2Fv2%2Ftags&post=13140"}],"curies":[{"name":"wp","href":"https:\/\/api.w.org\/{rel}","templated":true}]}}