{"id":13150,"date":"2020-11-12T12:21:13","date_gmt":"2020-11-12T12:21:13","guid":{"rendered":"https:\/\/crees.org.do\/?p=13150"},"modified":"2021-05-10T12:33:26","modified_gmt":"2021-05-10T12:33:26","slug":"para-sanar-la-economia","status":"publish","type":"post","link":"https:\/\/crees.org.do\/?p=13150","title":{"rendered":"Para sanar la economi\u0301a"},"content":{"rendered":"<p>Autor: Miguel Collado Di Franco<\/p>\n<p>Fecha: 12 de noviembre del 2020<\/p>\n<p>&nbsp;<\/p>\n<p>Las economi\u0301as del mundo han sido vi\u0301ctimas de la pandemia de Covid-19. Repu\u0301blica Dominicana, por ejemplo, ha sufrido un importante efecto en su crecimiento econo\u0301mico, reflejado en la pe\u0301rdida de empleos y el deterioro de su sector externo.<\/p>\n<p>Muchos opinan que en la medida en que disminuyan los contagios y se abra la economi\u0301a por completo debera\u0301 revertirse esta situacio\u0301n, recuperarse de todos los efectos que ha sufrido e iniciar una senda de crecimiento sostenido. Esa prevista sanacio\u0301n luce optimista so\u0301lo si se aplican medidas que fortalezcan a la economi\u0301a real.<\/p>\n<p>Hasta el momento, las principales medidas econo\u0301micas han descansado en esti\u0301mulos monetarios y fiscales. Sin embargo, Repu\u0301blica Dominicana no tiene un problema que se solucione con esti\u0301mulos de tipo artificial, es decir, con ma\u0301s gasto pu\u0301blico y con la expansio\u0301n de la moneda en la forma de cre\u0301dito barato.<\/p>\n<p>Nuestra economi\u0301a ahora tiene, como antes de la pandemia, un problema de competitividad, es decir, una carencia de reformas que transformen sus fundamentos y las reglas del juego para incrementar la productividad.<\/p>\n<p>Medidas para garantizar la liquidez o aumentar el gasto pu\u0301blico en subsidios deben ser temporales. Los bancos centrales, o los gobiernos, no reemplazan a la economi\u0301a real, no pueden sustituir lo que a diario hacen los emprendedores en sus procesos de creacio\u0301n de bienes y servicios.<\/p>\n<p>En las circunstancias actuales es necesario implementar reformas que creen las bases para el crecimiento sostenido por medio de la inversio\u0301n en procesos productivos que agreguen valor y generen puestos de trabajo mejor remunerados.<\/p>\n<p>El nuevo rol de la poli\u0301tica econo\u0301mica debe ser: minimizar las barreras a la formalidad y a la creacio\u0301n de nuevos emprendimientos y reducir los costos para vivir y hacer negocios en el pai\u0301s.<\/p>\n<p>La informalidad laboral de los u\u0301ltimos cinco an\u0303os ha sido superior al 57%, segu\u0301n cifras del Banco Central. Las condiciones son menos conducentes a la formalidad: puestos de trabajo han sido destruidos y los costos para las empresas por operar formalmente siguen siendo elevados.<\/p>\n<p>Los altos impuestos, la carga laboral no salarial, los costos de transporte y de combustibles ma\u0301s elevados en comparacio\u0301n con Centroame\u0301rica, la baja calidad del suministro de electricidad y los largos procesos burocra\u0301ticos discrecionales, entre otros, son factores que encarecen hacer negocios.<\/p>\n<p>Son elementos que dificultan las inversiones en procesos productivos y, por tanto, deben ser atendidos cuanto antes. Estos temas han sido documentados por el <em>Doing Business <\/em>del Foro Econo\u0301mico Mundial y por ana\u0301lisis de think tanks independientes como el CREES.<\/p>\n<p>De este modo, el camino hacia la recuperacio\u0301n no debe estar basado en ma\u0301s costos, sino en todo lo contrario.<\/p>\n<p>El impacto de las medidas prevalecientes se puede medir en la mayor proporcio\u0301n de ingresos que demanda el gasto de los intereses de la creciente deuda pu\u0301blica. Tambie\u0301n se mide por las poli\u0301ticas mone- tarias que distorsionan las decisiones de ahorro, aumentan la probabilidad de deva- luacio\u0301n de la moneda y elevan los pasivos de empresas y hogares.<\/p>\n<p>Los pai\u0301ses que fortalezcan los elementos que sustentan la economi\u0301a real tendra\u0301n las recuperaciones ma\u0301s ra\u0301pidas, sostenibles y menos costosas.<\/p>\n<p>El estado de salud de las economi\u0301as lo determinara\u0301n los emprendedores, al hacer ana\u0301lisis para sus inversiones de largo plazo. En manos de las autoridades queda, en consecuencia, la aplicacio\u0301n de reformas que creen fundamentos econo\u0301micos so\u0301lidos. La apuesta de la recuperacio\u0301n debe ir en este sentido.<\/p>\n<p>&nbsp;<\/p>\n<p>Una versi\u00f3n previa de este art\u00edculo fue publicada en la edici\u00f3n de la Revista Forbes de noviembre de 2020.<\/p>\n<div class=\"pvc_clear\"><\/div>\n<p class=\"pvc_stats all \" data-element-id=\"13150\" style=\"\"><i class=\"pvc-stats-icon medium\" aria-hidden=\"true\"><svg aria-hidden=\"true\" focusable=\"false\" data-prefix=\"far\" data-icon=\"chart-bar\" role=\"img\" xmlns=\"http:\/\/www.w3.org\/2000\/svg\" viewBox=\"0 0 512 512\" class=\"svg-inline--fa fa-chart-bar fa-w-16 fa-2x\"><path fill=\"currentColor\" d=\"M396.8 352h22.4c6.4 0 12.8-6.4 12.8-12.8V108.8c0-6.4-6.4-12.8-12.8-12.8h-22.4c-6.4 0-12.8 6.4-12.8 12.8v230.4c0 6.4 6.4 12.8 12.8 12.8zm-192 0h22.4c6.4 0 12.8-6.4 12.8-12.8V140.8c0-6.4-6.4-12.8-12.8-12.8h-22.4c-6.4 0-12.8 6.4-12.8 12.8v198.4c0 6.4 6.4 12.8 12.8 12.8zm96 0h22.4c6.4 0 12.8-6.4 12.8-12.8V204.8c0-6.4-6.4-12.8-12.8-12.8h-22.4c-6.4 0-12.8 6.4-12.8 12.8v134.4c0 6.4 6.4 12.8 12.8 12.8zM496 400H48V80c0-8.84-7.16-16-16-16H16C7.16 64 0 71.16 0 80v336c0 17.67 14.33 32 32 32h464c8.84 0 16-7.16 16-16v-16c0-8.84-7.16-16-16-16zm-387.2-48h22.4c6.4 0 12.8-6.4 12.8-12.8v-70.4c0-6.4-6.4-12.8-12.8-12.8h-22.4c-6.4 0-12.8 6.4-12.8 12.8v70.4c0 6.4 6.4 12.8 12.8 12.8z\" class=\"\"><\/path><\/svg><\/i> Vistas Totales&nbsp;935&nbsp;, Vistas Hoy&nbsp;2&nbsp;<\/p>\n<div class=\"pvc_clear\"><\/div>\n","protected":false},"excerpt":{"rendered":"<p>Autor: Miguel Collado Di Franco Fecha: 12 de noviembre del 2020 &nbsp; Las economi\u0301as del mundo han sido vi\u0301ctimas de la pandemia de Covid-19. Repu\u0301blica Dominicana, por ejemplo, ha sufrido un importante efecto en su crecimiento econo\u0301mico, reflejado en la pe\u0301rdida de empleos y el deterioro de su sector externo. Muchos opinan que en la&#8230;<\/p>\n<div class=\"pvc_clear\"><\/div>\n<p class=\"pvc_stats all \" data-element-id=\"13150\" style=\"\"><i class=\"pvc-stats-icon medium\" aria-hidden=\"true\"><svg aria-hidden=\"true\" focusable=\"false\" data-prefix=\"far\" data-icon=\"chart-bar\" role=\"img\" xmlns=\"http:\/\/www.w3.org\/2000\/svg\" viewBox=\"0 0 512 512\" class=\"svg-inline--fa fa-chart-bar fa-w-16 fa-2x\"><path fill=\"currentColor\" d=\"M396.8 352h22.4c6.4 0 12.8-6.4 12.8-12.8V108.8c0-6.4-6.4-12.8-12.8-12.8h-22.4c-6.4 0-12.8 6.4-12.8 12.8v230.4c0 6.4 6.4 12.8 12.8 12.8zm-192 0h22.4c6.4 0 12.8-6.4 12.8-12.8V140.8c0-6.4-6.4-12.8-12.8-12.8h-22.4c-6.4 0-12.8 6.4-12.8 12.8v198.4c0 6.4 6.4 12.8 12.8 12.8zm96 0h22.4c6.4 0 12.8-6.4 12.8-12.8V204.8c0-6.4-6.4-12.8-12.8-12.8h-22.4c-6.4 0-12.8 6.4-12.8 12.8v134.4c0 6.4 6.4 12.8 12.8 12.8zM496 400H48V80c0-8.84-7.16-16-16-16H16C7.16 64 0 71.16 0 80v336c0 17.67 14.33 32 32 32h464c8.84 0 16-7.16 16-16v-16c0-8.84-7.16-16-16-16zm-387.2-48h22.4c6.4 0 12.8-6.4 12.8-12.8v-70.4c0-6.4-6.4-12.8-12.8-12.8h-22.4c-6.4 0-12.8 6.4-12.8 12.8v70.4c0 6.4 6.4 12.8 12.8 12.8z\" class=\"\"><\/path><\/svg><\/i> Vistas Totales&nbsp;935&nbsp;, Vistas Hoy&nbsp;2&nbsp;<\/p>\n<div class=\"pvc_clear\"><\/div>\n","protected":false},"author":2,"featured_media":13153,"comment_status":"closed","ping_status":"closed","sticky":false,"template":"","format":"standard","meta":{"footnotes":""},"categories":[22],"tags":[],"class_list":["post-13150","post","type-post","status-publish","format-standard","has-post-thumbnail","hentry","category-articulos"],"yoast_head":"<!-- This site is optimized with the Yoast SEO plugin v25.2 - https:\/\/yoast.com\/wordpress\/plugins\/seo\/ -->\n<title>Para sanar la economi\u0301a | CREES<\/title>\n<meta name=\"robots\" content=\"index, follow, max-snippet:-1, max-image-preview:large, max-video-preview:-1\" \/>\n<link rel=\"canonical\" href=\"https:\/\/crees.org.do\/?p=13150\" \/>\n<meta property=\"og:locale\" content=\"es_ES\" \/>\n<meta property=\"og:type\" content=\"article\" \/>\n<meta property=\"og:title\" content=\"Para sanar la economi\u0301a | CREES\" \/>\n<meta property=\"og:description\" content=\"Autor: Miguel Collado Di Franco Fecha: 12 de noviembre del 2020 &nbsp; Las economi\u0301as del mundo han sido vi\u0301ctimas de la pandemia de Covid-19. Repu\u0301blica Dominicana, por ejemplo, ha sufrido un importante efecto en su crecimiento econo\u0301mico, reflejado en la pe\u0301rdida de empleos y el deterioro de su sector externo. Muchos opinan que en la...\" \/>\n<meta property=\"og:url\" content=\"https:\/\/crees.org.do\/?p=13150\" \/>\n<meta property=\"og:site_name\" content=\"CREES\" \/>\n<meta property=\"article:publisher\" content=\"https:\/\/www.facebook.com\/CREESRD\/\" \/>\n<meta property=\"article:published_time\" content=\"2020-11-12T12:21:13+00:00\" \/>\n<meta property=\"article:modified_time\" content=\"2021-05-10T12:33:26+00:00\" \/>\n<meta property=\"og:image\" content=\"https:\/\/crees.org.do\/wp-content\/uploads\/2021\/05\/para-sanar-la-economi\u0301a.png\" \/>\n\t<meta property=\"og:image:width\" content=\"964\" \/>\n\t<meta property=\"og:image:height\" content=\"641\" \/>\n\t<meta property=\"og:image:type\" content=\"image\/png\" \/>\n<meta name=\"author\" content=\"Crees\" \/>\n<meta name=\"twitter:card\" content=\"summary_large_image\" \/>\n<meta name=\"twitter:creator\" content=\"@CREESRD\" \/>\n<meta name=\"twitter:site\" content=\"@CREESRD\" \/>\n<meta name=\"twitter:label1\" content=\"Escrito por\" \/>\n\t<meta name=\"twitter:data1\" content=\"Crees\" \/>\n\t<meta name=\"twitter:label2\" content=\"Tiempo de lectura\" \/>\n\t<meta name=\"twitter:data2\" content=\"3 minutos\" \/>\n<script type=\"application\/ld+json\" class=\"yoast-schema-graph\">{\"@context\":\"https:\/\/schema.org\",\"@graph\":[{\"@type\":\"Article\",\"@id\":\"https:\/\/crees.org.do\/?p=13150#article\",\"isPartOf\":{\"@id\":\"https:\/\/crees.org.do\/?p=13150\"},\"author\":{\"name\":\"Crees\",\"@id\":\"https:\/\/crees.org.do\/#\/schema\/person\/e7f97cd94d7bf9cd0e0ce30acb7d56b8\"},\"headline\":\"Para sanar la economi\u0301a\",\"datePublished\":\"2020-11-12T12:21:13+00:00\",\"dateModified\":\"2021-05-10T12:33:26+00:00\",\"mainEntityOfPage\":{\"@id\":\"https:\/\/crees.org.do\/?p=13150\"},\"wordCount\":648,\"publisher\":{\"@id\":\"https:\/\/crees.org.do\/#organization\"},\"image\":{\"@id\":\"https:\/\/crees.org.do\/?p=13150#primaryimage\"},\"thumbnailUrl\":\"https:\/\/crees.org.do\/wp-content\/uploads\/2021\/05\/para-sanar-la-economi\u0301a.png\",\"articleSection\":[\"Art\u00edculos\"],\"inLanguage\":\"es\"},{\"@type\":\"WebPage\",\"@id\":\"https:\/\/crees.org.do\/?p=13150\",\"url\":\"https:\/\/crees.org.do\/?p=13150\",\"name\":\"Para sanar la economi\u0301a | CREES\",\"isPartOf\":{\"@id\":\"https:\/\/crees.org.do\/#website\"},\"primaryImageOfPage\":{\"@id\":\"https:\/\/crees.org.do\/?p=13150#primaryimage\"},\"image\":{\"@id\":\"https:\/\/crees.org.do\/?p=13150#primaryimage\"},\"thumbnailUrl\":\"https:\/\/crees.org.do\/wp-content\/uploads\/2021\/05\/para-sanar-la-economi\u0301a.png\",\"datePublished\":\"2020-11-12T12:21:13+00:00\",\"dateModified\":\"2021-05-10T12:33:26+00:00\",\"breadcrumb\":{\"@id\":\"https:\/\/crees.org.do\/?p=13150#breadcrumb\"},\"inLanguage\":\"es\",\"potentialAction\":[{\"@type\":\"ReadAction\",\"target\":[\"https:\/\/crees.org.do\/?p=13150\"]}]},{\"@type\":\"ImageObject\",\"inLanguage\":\"es\",\"@id\":\"https:\/\/crees.org.do\/?p=13150#primaryimage\",\"url\":\"https:\/\/crees.org.do\/wp-content\/uploads\/2021\/05\/para-sanar-la-economi\u0301a.png\",\"contentUrl\":\"https:\/\/crees.org.do\/wp-content\/uploads\/2021\/05\/para-sanar-la-economi\u0301a.png\",\"width\":964,\"height\":641},{\"@type\":\"BreadcrumbList\",\"@id\":\"https:\/\/crees.org.do\/?p=13150#breadcrumb\",\"itemListElement\":[{\"@type\":\"ListItem\",\"position\":1,\"name\":\"Portada\",\"item\":\"https:\/\/crees.org.do\/\"},{\"@type\":\"ListItem\",\"position\":2,\"name\":\"Para sanar la economi\u0301a\"}]},{\"@type\":\"WebSite\",\"@id\":\"https:\/\/crees.org.do\/#website\",\"url\":\"https:\/\/crees.org.do\/\",\"name\":\"CREES\",\"description\":\"Centro Regional de Estrategias Econ\u00f3micas Sostenibles\",\"publisher\":{\"@id\":\"https:\/\/crees.org.do\/#organization\"},\"potentialAction\":[{\"@type\":\"SearchAction\",\"target\":{\"@type\":\"EntryPoint\",\"urlTemplate\":\"https:\/\/crees.org.do\/?s={search_term_string}\"},\"query-input\":{\"@type\":\"PropertyValueSpecification\",\"valueRequired\":true,\"valueName\":\"search_term_string\"}}],\"inLanguage\":\"es\"},{\"@type\":\"Organization\",\"@id\":\"https:\/\/crees.org.do\/#organization\",\"name\":\"CREES | Centro Regional de Estrategias Econ\u00f3micas Sostenibles\",\"url\":\"https:\/\/crees.org.do\/\",\"logo\":{\"@type\":\"ImageObject\",\"inLanguage\":\"es\",\"@id\":\"https:\/\/crees.org.do\/#\/schema\/logo\/image\/\",\"url\":\"https:\/\/crees.org.do\/wp-content\/uploads\/2022\/03\/crees-logo-1.jpg\",\"contentUrl\":\"https:\/\/crees.org.do\/wp-content\/uploads\/2022\/03\/crees-logo-1.jpg\",\"width\":244,\"height\":71,\"caption\":\"CREES | Centro Regional de Estrategias Econ\u00f3micas Sostenibles\"},\"image\":{\"@id\":\"https:\/\/crees.org.do\/#\/schema\/logo\/image\/\"},\"sameAs\":[\"https:\/\/www.facebook.com\/CREESRD\/\",\"https:\/\/x.com\/CREESRD\"]},{\"@type\":\"Person\",\"@id\":\"https:\/\/crees.org.do\/#\/schema\/person\/e7f97cd94d7bf9cd0e0ce30acb7d56b8\",\"name\":\"Crees\",\"image\":{\"@type\":\"ImageObject\",\"inLanguage\":\"es\",\"@id\":\"https:\/\/crees.org.do\/#\/schema\/person\/image\/\",\"url\":\"https:\/\/secure.gravatar.com\/avatar\/390ac8f0be5d9aa046152553e2dd7011b59a512d89c150f5e5f28bb8d9a0b165?s=96&d=mm&r=g\",\"contentUrl\":\"https:\/\/secure.gravatar.com\/avatar\/390ac8f0be5d9aa046152553e2dd7011b59a512d89c150f5e5f28bb8d9a0b165?s=96&d=mm&r=g\",\"caption\":\"Crees\"},\"url\":\"https:\/\/crees.org.do\/?author=2\"}]}<\/script>\n<!-- \/ Yoast SEO plugin. -->","yoast_head_json":{"title":"Para sanar la economi\u0301a | CREES","robots":{"index":"index","follow":"follow","max-snippet":"max-snippet:-1","max-image-preview":"max-image-preview:large","max-video-preview":"max-video-preview:-1"},"canonical":"https:\/\/crees.org.do\/?p=13150","og_locale":"es_ES","og_type":"article","og_title":"Para sanar la economi\u0301a | CREES","og_description":"Autor: Miguel Collado Di Franco Fecha: 12 de noviembre del 2020 &nbsp; Las economi\u0301as del mundo han sido vi\u0301ctimas de la pandemia de Covid-19. Repu\u0301blica Dominicana, por ejemplo, ha sufrido un importante efecto en su crecimiento econo\u0301mico, reflejado en la pe\u0301rdida de empleos y el deterioro de su sector externo. Muchos opinan que en la...","og_url":"https:\/\/crees.org.do\/?p=13150","og_site_name":"CREES","article_publisher":"https:\/\/www.facebook.com\/CREESRD\/","article_published_time":"2020-11-12T12:21:13+00:00","article_modified_time":"2021-05-10T12:33:26+00:00","og_image":[{"width":964,"height":641,"url":"https:\/\/crees.org.do\/wp-content\/uploads\/2021\/05\/para-sanar-la-economi\u0301a.png","type":"image\/png"}],"author":"Crees","twitter_card":"summary_large_image","twitter_creator":"@CREESRD","twitter_site":"@CREESRD","twitter_misc":{"Escrito por":"Crees","Tiempo de lectura":"3 minutos"},"schema":{"@context":"https:\/\/schema.org","@graph":[{"@type":"Article","@id":"https:\/\/crees.org.do\/?p=13150#article","isPartOf":{"@id":"https:\/\/crees.org.do\/?p=13150"},"author":{"name":"Crees","@id":"https:\/\/crees.org.do\/#\/schema\/person\/e7f97cd94d7bf9cd0e0ce30acb7d56b8"},"headline":"Para sanar la economi\u0301a","datePublished":"2020-11-12T12:21:13+00:00","dateModified":"2021-05-10T12:33:26+00:00","mainEntityOfPage":{"@id":"https:\/\/crees.org.do\/?p=13150"},"wordCount":648,"publisher":{"@id":"https:\/\/crees.org.do\/#organization"},"image":{"@id":"https:\/\/crees.org.do\/?p=13150#primaryimage"},"thumbnailUrl":"https:\/\/crees.org.do\/wp-content\/uploads\/2021\/05\/para-sanar-la-economi\u0301a.png","articleSection":["Art\u00edculos"],"inLanguage":"es"},{"@type":"WebPage","@id":"https:\/\/crees.org.do\/?p=13150","url":"https:\/\/crees.org.do\/?p=13150","name":"Para sanar la economi\u0301a | CREES","isPartOf":{"@id":"https:\/\/crees.org.do\/#website"},"primaryImageOfPage":{"@id":"https:\/\/crees.org.do\/?p=13150#primaryimage"},"image":{"@id":"https:\/\/crees.org.do\/?p=13150#primaryimage"},"thumbnailUrl":"https:\/\/crees.org.do\/wp-content\/uploads\/2021\/05\/para-sanar-la-economi\u0301a.png","datePublished":"2020-11-12T12:21:13+00:00","dateModified":"2021-05-10T12:33:26+00:00","breadcrumb":{"@id":"https:\/\/crees.org.do\/?p=13150#breadcrumb"},"inLanguage":"es","potentialAction":[{"@type":"ReadAction","target":["https:\/\/crees.org.do\/?p=13150"]}]},{"@type":"ImageObject","inLanguage":"es","@id":"https:\/\/crees.org.do\/?p=13150#primaryimage","url":"https:\/\/crees.org.do\/wp-content\/uploads\/2021\/05\/para-sanar-la-economi\u0301a.png","contentUrl":"https:\/\/crees.org.do\/wp-content\/uploads\/2021\/05\/para-sanar-la-economi\u0301a.png","width":964,"height":641},{"@type":"BreadcrumbList","@id":"https:\/\/crees.org.do\/?p=13150#breadcrumb","itemListElement":[{"@type":"ListItem","position":1,"name":"Portada","item":"https:\/\/crees.org.do\/"},{"@type":"ListItem","position":2,"name":"Para sanar la economi\u0301a"}]},{"@type":"WebSite","@id":"https:\/\/crees.org.do\/#website","url":"https:\/\/crees.org.do\/","name":"CREES","description":"Centro Regional de Estrategias Econ\u00f3micas Sostenibles","publisher":{"@id":"https:\/\/crees.org.do\/#organization"},"potentialAction":[{"@type":"SearchAction","target":{"@type":"EntryPoint","urlTemplate":"https:\/\/crees.org.do\/?s={search_term_string}"},"query-input":{"@type":"PropertyValueSpecification","valueRequired":true,"valueName":"search_term_string"}}],"inLanguage":"es"},{"@type":"Organization","@id":"https:\/\/crees.org.do\/#organization","name":"CREES | Centro Regional de Estrategias Econ\u00f3micas Sostenibles","url":"https:\/\/crees.org.do\/","logo":{"@type":"ImageObject","inLanguage":"es","@id":"https:\/\/crees.org.do\/#\/schema\/logo\/image\/","url":"https:\/\/crees.org.do\/wp-content\/uploads\/2022\/03\/crees-logo-1.jpg","contentUrl":"https:\/\/crees.org.do\/wp-content\/uploads\/2022\/03\/crees-logo-1.jpg","width":244,"height":71,"caption":"CREES | Centro Regional de Estrategias Econ\u00f3micas Sostenibles"},"image":{"@id":"https:\/\/crees.org.do\/#\/schema\/logo\/image\/"},"sameAs":["https:\/\/www.facebook.com\/CREESRD\/","https:\/\/x.com\/CREESRD"]},{"@type":"Person","@id":"https:\/\/crees.org.do\/#\/schema\/person\/e7f97cd94d7bf9cd0e0ce30acb7d56b8","name":"Crees","image":{"@type":"ImageObject","inLanguage":"es","@id":"https:\/\/crees.org.do\/#\/schema\/person\/image\/","url":"https:\/\/secure.gravatar.com\/avatar\/390ac8f0be5d9aa046152553e2dd7011b59a512d89c150f5e5f28bb8d9a0b165?s=96&d=mm&r=g","contentUrl":"https:\/\/secure.gravatar.com\/avatar\/390ac8f0be5d9aa046152553e2dd7011b59a512d89c150f5e5f28bb8d9a0b165?s=96&d=mm&r=g","caption":"Crees"},"url":"https:\/\/crees.org.do\/?author=2"}]}},"_links":{"self":[{"href":"https:\/\/crees.org.do\/index.php?rest_route=\/wp\/v2\/posts\/13150","targetHints":{"allow":["GET"]}}],"collection":[{"href":"https:\/\/crees.org.do\/index.php?rest_route=\/wp\/v2\/posts"}],"about":[{"href":"https:\/\/crees.org.do\/index.php?rest_route=\/wp\/v2\/types\/post"}],"author":[{"embeddable":true,"href":"https:\/\/crees.org.do\/index.php?rest_route=\/wp\/v2\/users\/2"}],"replies":[{"embeddable":true,"href":"https:\/\/crees.org.do\/index.php?rest_route=%2Fwp%2Fv2%2Fcomments&post=13150"}],"version-history":[{"count":1,"href":"https:\/\/crees.org.do\/index.php?rest_route=\/wp\/v2\/posts\/13150\/revisions"}],"predecessor-version":[{"id":13154,"href":"https:\/\/crees.org.do\/index.php?rest_route=\/wp\/v2\/posts\/13150\/revisions\/13154"}],"wp:featuredmedia":[{"embeddable":true,"href":"https:\/\/crees.org.do\/index.php?rest_route=\/wp\/v2\/media\/13153"}],"wp:attachment":[{"href":"https:\/\/crees.org.do\/index.php?rest_route=%2Fwp%2Fv2%2Fmedia&parent=13150"}],"wp:term":[{"taxonomy":"category","embeddable":true,"href":"https:\/\/crees.org.do\/index.php?rest_route=%2Fwp%2Fv2%2Fcategories&post=13150"},{"taxonomy":"post_tag","embeddable":true,"href":"https:\/\/crees.org.do\/index.php?rest_route=%2Fwp%2Fv2%2Ftags&post=13150"}],"curies":[{"name":"wp","href":"https:\/\/api.w.org\/{rel}","templated":true}]}}