{"id":13161,"date":"2021-02-11T19:55:26","date_gmt":"2021-02-11T19:55:26","guid":{"rendered":"https:\/\/crees.org.do\/?p=13161"},"modified":"2021-08-18T19:07:51","modified_gmt":"2021-08-18T19:07:51","slug":"bases-para-un-pacto-fiscal","status":"publish","type":"post","link":"https:\/\/crees.org.do\/?p=13161","title":{"rendered":"Bases para un Pacto Fiscal"},"content":{"rendered":"<p>Autor: Miguel Collado Di Franco<\/p>\n<p>Fecha: 11 de febrero del 2021<\/p>\n<p>&nbsp;<\/p>\n<p>Rep\u00fablica Dominicana tiene pendiente, desde hace cinco a\u00f1os, un Pacto Fiscal ordenado por la Ley de Estrategia Nacional de Desarrollo. El efecto de las medidas relacionadas con la pandemia de Covid-19, junto con el deterioro acumulado de m\u00e1s de una d\u00e9cada consecutiva de d\u00e9ficit fiscales y de distorsiones en el sistema tributario, imponen que ese pacto se haga realidad. Cuanto antes.<\/p>\n<p>La deuda p\u00fablica consolidada como porcentaje del producto interno bruto fue 54% en 2019, actualmente supera el 69%. La relaci\u00f3n gasto de intereses como porcentaje de los ingresos tributarios es superior al 31%. Este \u00faltimo indicador, que ya est\u00e1 siendo usado por calificadoras de riesgo soberano, es una se\u00f1al de alerta.<\/p>\n<p>En adici\u00f3n, existen indicadores que muestran que el complejo sistema tributario afecta la competitividad. \u00bfCu\u00e1ntas horas al a\u00f1o destina un emprendedor dominicano para cumplir con sus obligaciones tributarias? Un total de 317. Esto es 87 m\u00e1s que el promedio de sus pares de Centroam\u00e9rica, seg\u00fan el informe Doing Business; y 158 m\u00e1s que en los pa\u00edses de la Organizaci\u00f3n para la Cooperaci\u00f3n y el Desarrollo Econ\u00f3micos (OCDE). Mientras, la tasa de impuesto a las ganancias que efectivamente pagan las empresas es superior al 29%; en Centroam\u00e9rica el promedio es de 19%; y en los pa\u00edses OCDE es de a penas 14%.<\/p>\n<p>Dos reformas contribuir\u00edan a mejorar el panorama actual. El pa\u00eds deber\u00eda tener una ley de Responsabilidad Fiscal, y realizar una reforma al C\u00f3digo Tributario. Ambas completar\u00edan los requerimientos del art\u00edculo 36 de la Ley de Estrategia Nacional de Desarrollo.<\/p>\n<p>Nadie pudo prever la pandemia de Covid-19. Sin embargo, finanzas p\u00fablicas m\u00e1s fuertes habr\u00edan colocado al pa\u00eds en una mejor posici\u00f3n fiscal para enfrentarla. Una legislaci\u00f3n en materia de responsabilidad fiscal, que contenga reglas fiscales s\u00f3lidas, ayudar\u00eda a ordenar y a fortalecer las finanzas p\u00fablicas de Rep\u00fablica Dominicana.<\/p>\n<p>La ley ser\u00eda una se\u00f1al positiva para los agentes econ\u00f3micos. Esta legislaci\u00f3n deber\u00eda crear un fondo soberano que se usar\u00eda para ir reduciendo la deuda p\u00fablica y para enfrentar eventualidades futuras, como fen\u00f3menos de la naturaleza. Para m\u00e1s robustez, podr\u00eda ser la oportunidad para fortalecer, de forma institucional, la capacidad fiscalizadora del Congreso Nacional. Y para mayor credibilidad, deber\u00eda incluir su propio r\u00e9gimen de consecuencias ante violaciones a la misma.<\/p>\n<p>Para fortalecer la econom\u00eda dominicana, es necesario un cambio profundo en el r\u00e9gimen tributario. El sistema actual afecta la competitividad y limita las inversiones al colocarnos en desventaja ante pa\u00edses que tienen legislaciones m\u00e1s simples, junto con climas de negocios m\u00e1s s\u00f3lidos.<\/p>\n<p>Un r\u00e9gimen tributario complejo y oneroso incentiva la evasi\u00f3n y la elusi\u00f3n; as\u00ed como las actividades informales. El establecimiento de empresas al margen de las legislaciones vigentes, el empleo informal, el contrabando y las falsificaciones son actividades estimuladas por un sistema como el actual. En consecuencia, el r\u00e9gimen tributario imperante reduce la propia capacidad recaudatoria al disminuir las bases imponibles. Sin embargo, lo m\u00e1s importante es que limita la capacidad productiva del pa\u00eds, y la generaci\u00f3n de m\u00e1s y mejores empleos formales.<\/p>\n<p>Una verdadera reforma fiscal integral deber\u00e1 estar en la agenda p\u00fablica temprano en el a\u00f1o 2021. La situaci\u00f3n que atraviesa la econom\u00eda ha creado un momento oportuno para introducir reformas que fortalezcan los fundamentos de la econom\u00eda, y en el \u00e1rea fiscal existen muchas oportunidades para mejorar.<\/p>\n<p>&nbsp;<\/p>\n<p>Una versi\u00f3n previa de este art\u00edculo fue publicada en la edici\u00f3n de la Revista Forbes de diciembre de 2020.<\/p>\n<div class=\"pvc_clear\"><\/div>\n<p class=\"pvc_stats all \" data-element-id=\"13161\" style=\"\"><i class=\"pvc-stats-icon medium\" aria-hidden=\"true\"><svg aria-hidden=\"true\" focusable=\"false\" data-prefix=\"far\" data-icon=\"chart-bar\" role=\"img\" xmlns=\"http:\/\/www.w3.org\/2000\/svg\" viewBox=\"0 0 512 512\" class=\"svg-inline--fa fa-chart-bar fa-w-16 fa-2x\"><path fill=\"currentColor\" d=\"M396.8 352h22.4c6.4 0 12.8-6.4 12.8-12.8V108.8c0-6.4-6.4-12.8-12.8-12.8h-22.4c-6.4 0-12.8 6.4-12.8 12.8v230.4c0 6.4 6.4 12.8 12.8 12.8zm-192 0h22.4c6.4 0 12.8-6.4 12.8-12.8V140.8c0-6.4-6.4-12.8-12.8-12.8h-22.4c-6.4 0-12.8 6.4-12.8 12.8v198.4c0 6.4 6.4 12.8 12.8 12.8zm96 0h22.4c6.4 0 12.8-6.4 12.8-12.8V204.8c0-6.4-6.4-12.8-12.8-12.8h-22.4c-6.4 0-12.8 6.4-12.8 12.8v134.4c0 6.4 6.4 12.8 12.8 12.8zM496 400H48V80c0-8.84-7.16-16-16-16H16C7.16 64 0 71.16 0 80v336c0 17.67 14.33 32 32 32h464c8.84 0 16-7.16 16-16v-16c0-8.84-7.16-16-16-16zm-387.2-48h22.4c6.4 0 12.8-6.4 12.8-12.8v-70.4c0-6.4-6.4-12.8-12.8-12.8h-22.4c-6.4 0-12.8 6.4-12.8 12.8v70.4c0 6.4 6.4 12.8 12.8 12.8z\" class=\"\"><\/path><\/svg><\/i> Vistas Totales&nbsp;1,042&nbsp;, Vistas Hoy&nbsp;4&nbsp;<\/p>\n<div class=\"pvc_clear\"><\/div>\n","protected":false},"excerpt":{"rendered":"<p>Autor: Miguel Collado Di Franco Fecha: 11 de febrero del 2021 &nbsp; Rep\u00fablica Dominicana tiene pendiente, desde hace cinco a\u00f1os, un Pacto Fiscal ordenado por la Ley de Estrategia Nacional de Desarrollo. El efecto de las medidas relacionadas con la pandemia de Covid-19, junto con el deterioro acumulado de m\u00e1s de una d\u00e9cada consecutiva de&#8230;<\/p>\n<div class=\"pvc_clear\"><\/div>\n<p class=\"pvc_stats all \" data-element-id=\"13161\" style=\"\"><i class=\"pvc-stats-icon medium\" aria-hidden=\"true\"><svg aria-hidden=\"true\" focusable=\"false\" data-prefix=\"far\" data-icon=\"chart-bar\" role=\"img\" xmlns=\"http:\/\/www.w3.org\/2000\/svg\" viewBox=\"0 0 512 512\" class=\"svg-inline--fa fa-chart-bar fa-w-16 fa-2x\"><path fill=\"currentColor\" d=\"M396.8 352h22.4c6.4 0 12.8-6.4 12.8-12.8V108.8c0-6.4-6.4-12.8-12.8-12.8h-22.4c-6.4 0-12.8 6.4-12.8 12.8v230.4c0 6.4 6.4 12.8 12.8 12.8zm-192 0h22.4c6.4 0 12.8-6.4 12.8-12.8V140.8c0-6.4-6.4-12.8-12.8-12.8h-22.4c-6.4 0-12.8 6.4-12.8 12.8v198.4c0 6.4 6.4 12.8 12.8 12.8zm96 0h22.4c6.4 0 12.8-6.4 12.8-12.8V204.8c0-6.4-6.4-12.8-12.8-12.8h-22.4c-6.4 0-12.8 6.4-12.8 12.8v134.4c0 6.4 6.4 12.8 12.8 12.8zM496 400H48V80c0-8.84-7.16-16-16-16H16C7.16 64 0 71.16 0 80v336c0 17.67 14.33 32 32 32h464c8.84 0 16-7.16 16-16v-16c0-8.84-7.16-16-16-16zm-387.2-48h22.4c6.4 0 12.8-6.4 12.8-12.8v-70.4c0-6.4-6.4-12.8-12.8-12.8h-22.4c-6.4 0-12.8 6.4-12.8 12.8v70.4c0 6.4 6.4 12.8 12.8 12.8z\" class=\"\"><\/path><\/svg><\/i> Vistas Totales&nbsp;1,042&nbsp;, Vistas Hoy&nbsp;4&nbsp;<\/p>\n<div class=\"pvc_clear\"><\/div>\n","protected":false},"author":2,"featured_media":13163,"comment_status":"closed","ping_status":"closed","sticky":false,"template":"","format":"standard","meta":{"footnotes":""},"categories":[22],"tags":[],"class_list":["post-13161","post","type-post","status-publish","format-standard","has-post-thumbnail","hentry","category-articulos"],"yoast_head":"<!-- This site is optimized with the Yoast SEO plugin v25.2 - https:\/\/yoast.com\/wordpress\/plugins\/seo\/ -->\n<title>Bases para un Pacto Fiscal | CREES<\/title>\n<meta name=\"robots\" content=\"index, follow, max-snippet:-1, max-image-preview:large, max-video-preview:-1\" \/>\n<link rel=\"canonical\" href=\"https:\/\/crees.org.do\/?p=13161\" \/>\n<meta property=\"og:locale\" content=\"es_ES\" \/>\n<meta property=\"og:type\" content=\"article\" \/>\n<meta property=\"og:title\" content=\"Bases para un Pacto Fiscal | CREES\" \/>\n<meta property=\"og:description\" content=\"Autor: Miguel Collado Di Franco Fecha: 11 de febrero del 2021 &nbsp; Rep\u00fablica Dominicana tiene pendiente, desde hace cinco a\u00f1os, un Pacto Fiscal ordenado por la Ley de Estrategia Nacional de Desarrollo. El efecto de las medidas relacionadas con la pandemia de Covid-19, junto con el deterioro acumulado de m\u00e1s de una d\u00e9cada consecutiva de...\" \/>\n<meta property=\"og:url\" content=\"https:\/\/crees.org.do\/?p=13161\" \/>\n<meta property=\"og:site_name\" content=\"CREES\" \/>\n<meta property=\"article:publisher\" content=\"https:\/\/www.facebook.com\/CREESRD\/\" \/>\n<meta property=\"article:published_time\" content=\"2021-02-11T19:55:26+00:00\" \/>\n<meta property=\"article:modified_time\" content=\"2021-08-18T19:07:51+00:00\" \/>\n<meta property=\"og:image\" content=\"https:\/\/crees.org.do\/wp-content\/uploads\/2021\/05\/project-2021-02-11_11-02_AM.png\" \/>\n\t<meta property=\"og:image:width\" content=\"3121\" \/>\n\t<meta property=\"og:image:height\" content=\"2601\" \/>\n\t<meta property=\"og:image:type\" content=\"image\/png\" \/>\n<meta name=\"author\" content=\"Crees\" \/>\n<meta name=\"twitter:card\" content=\"summary_large_image\" \/>\n<meta name=\"twitter:creator\" content=\"@CREESRD\" \/>\n<meta name=\"twitter:site\" content=\"@CREESRD\" \/>\n<meta name=\"twitter:label1\" content=\"Escrito por\" \/>\n\t<meta name=\"twitter:data1\" content=\"Crees\" \/>\n\t<meta name=\"twitter:label2\" content=\"Tiempo de lectura\" \/>\n\t<meta name=\"twitter:data2\" content=\"3 minutos\" \/>\n<script type=\"application\/ld+json\" class=\"yoast-schema-graph\">{\"@context\":\"https:\/\/schema.org\",\"@graph\":[{\"@type\":\"Article\",\"@id\":\"https:\/\/crees.org.do\/?p=13161#article\",\"isPartOf\":{\"@id\":\"https:\/\/crees.org.do\/?p=13161\"},\"author\":{\"name\":\"Crees\",\"@id\":\"https:\/\/crees.org.do\/#\/schema\/person\/e7f97cd94d7bf9cd0e0ce30acb7d56b8\"},\"headline\":\"Bases para un Pacto Fiscal\",\"datePublished\":\"2021-02-11T19:55:26+00:00\",\"dateModified\":\"2021-08-18T19:07:51+00:00\",\"mainEntityOfPage\":{\"@id\":\"https:\/\/crees.org.do\/?p=13161\"},\"wordCount\":634,\"publisher\":{\"@id\":\"https:\/\/crees.org.do\/#organization\"},\"image\":{\"@id\":\"https:\/\/crees.org.do\/?p=13161#primaryimage\"},\"thumbnailUrl\":\"https:\/\/crees.org.do\/wp-content\/uploads\/2021\/05\/project-2021-02-11_11-02_AM.png\",\"articleSection\":[\"Art\u00edculos\"],\"inLanguage\":\"es\"},{\"@type\":\"WebPage\",\"@id\":\"https:\/\/crees.org.do\/?p=13161\",\"url\":\"https:\/\/crees.org.do\/?p=13161\",\"name\":\"Bases para un Pacto Fiscal | CREES\",\"isPartOf\":{\"@id\":\"https:\/\/crees.org.do\/#website\"},\"primaryImageOfPage\":{\"@id\":\"https:\/\/crees.org.do\/?p=13161#primaryimage\"},\"image\":{\"@id\":\"https:\/\/crees.org.do\/?p=13161#primaryimage\"},\"thumbnailUrl\":\"https:\/\/crees.org.do\/wp-content\/uploads\/2021\/05\/project-2021-02-11_11-02_AM.png\",\"datePublished\":\"2021-02-11T19:55:26+00:00\",\"dateModified\":\"2021-08-18T19:07:51+00:00\",\"breadcrumb\":{\"@id\":\"https:\/\/crees.org.do\/?p=13161#breadcrumb\"},\"inLanguage\":\"es\",\"potentialAction\":[{\"@type\":\"ReadAction\",\"target\":[\"https:\/\/crees.org.do\/?p=13161\"]}]},{\"@type\":\"ImageObject\",\"inLanguage\":\"es\",\"@id\":\"https:\/\/crees.org.do\/?p=13161#primaryimage\",\"url\":\"https:\/\/crees.org.do\/wp-content\/uploads\/2021\/05\/project-2021-02-11_11-02_AM.png\",\"contentUrl\":\"https:\/\/crees.org.do\/wp-content\/uploads\/2021\/05\/project-2021-02-11_11-02_AM.png\",\"width\":3121,\"height\":2601},{\"@type\":\"BreadcrumbList\",\"@id\":\"https:\/\/crees.org.do\/?p=13161#breadcrumb\",\"itemListElement\":[{\"@type\":\"ListItem\",\"position\":1,\"name\":\"Portada\",\"item\":\"https:\/\/crees.org.do\/\"},{\"@type\":\"ListItem\",\"position\":2,\"name\":\"Bases para un Pacto Fiscal\"}]},{\"@type\":\"WebSite\",\"@id\":\"https:\/\/crees.org.do\/#website\",\"url\":\"https:\/\/crees.org.do\/\",\"name\":\"CREES\",\"description\":\"Centro Regional de Estrategias Econ\u00f3micas Sostenibles\",\"publisher\":{\"@id\":\"https:\/\/crees.org.do\/#organization\"},\"potentialAction\":[{\"@type\":\"SearchAction\",\"target\":{\"@type\":\"EntryPoint\",\"urlTemplate\":\"https:\/\/crees.org.do\/?s={search_term_string}\"},\"query-input\":{\"@type\":\"PropertyValueSpecification\",\"valueRequired\":true,\"valueName\":\"search_term_string\"}}],\"inLanguage\":\"es\"},{\"@type\":\"Organization\",\"@id\":\"https:\/\/crees.org.do\/#organization\",\"name\":\"CREES | Centro Regional de Estrategias Econ\u00f3micas Sostenibles\",\"url\":\"https:\/\/crees.org.do\/\",\"logo\":{\"@type\":\"ImageObject\",\"inLanguage\":\"es\",\"@id\":\"https:\/\/crees.org.do\/#\/schema\/logo\/image\/\",\"url\":\"https:\/\/crees.org.do\/wp-content\/uploads\/2022\/03\/crees-logo-1.jpg\",\"contentUrl\":\"https:\/\/crees.org.do\/wp-content\/uploads\/2022\/03\/crees-logo-1.jpg\",\"width\":244,\"height\":71,\"caption\":\"CREES | Centro Regional de Estrategias Econ\u00f3micas Sostenibles\"},\"image\":{\"@id\":\"https:\/\/crees.org.do\/#\/schema\/logo\/image\/\"},\"sameAs\":[\"https:\/\/www.facebook.com\/CREESRD\/\",\"https:\/\/x.com\/CREESRD\"]},{\"@type\":\"Person\",\"@id\":\"https:\/\/crees.org.do\/#\/schema\/person\/e7f97cd94d7bf9cd0e0ce30acb7d56b8\",\"name\":\"Crees\",\"image\":{\"@type\":\"ImageObject\",\"inLanguage\":\"es\",\"@id\":\"https:\/\/crees.org.do\/#\/schema\/person\/image\/\",\"url\":\"https:\/\/secure.gravatar.com\/avatar\/390ac8f0be5d9aa046152553e2dd7011b59a512d89c150f5e5f28bb8d9a0b165?s=96&d=mm&r=g\",\"contentUrl\":\"https:\/\/secure.gravatar.com\/avatar\/390ac8f0be5d9aa046152553e2dd7011b59a512d89c150f5e5f28bb8d9a0b165?s=96&d=mm&r=g\",\"caption\":\"Crees\"},\"url\":\"https:\/\/crees.org.do\/?author=2\"}]}<\/script>\n<!-- \/ Yoast SEO plugin. -->","yoast_head_json":{"title":"Bases para un Pacto Fiscal | CREES","robots":{"index":"index","follow":"follow","max-snippet":"max-snippet:-1","max-image-preview":"max-image-preview:large","max-video-preview":"max-video-preview:-1"},"canonical":"https:\/\/crees.org.do\/?p=13161","og_locale":"es_ES","og_type":"article","og_title":"Bases para un Pacto Fiscal | CREES","og_description":"Autor: Miguel Collado Di Franco Fecha: 11 de febrero del 2021 &nbsp; Rep\u00fablica Dominicana tiene pendiente, desde hace cinco a\u00f1os, un Pacto Fiscal ordenado por la Ley de Estrategia Nacional de Desarrollo. El efecto de las medidas relacionadas con la pandemia de Covid-19, junto con el deterioro acumulado de m\u00e1s de una d\u00e9cada consecutiva de...","og_url":"https:\/\/crees.org.do\/?p=13161","og_site_name":"CREES","article_publisher":"https:\/\/www.facebook.com\/CREESRD\/","article_published_time":"2021-02-11T19:55:26+00:00","article_modified_time":"2021-08-18T19:07:51+00:00","og_image":[{"width":3121,"height":2601,"url":"https:\/\/crees.org.do\/wp-content\/uploads\/2021\/05\/project-2021-02-11_11-02_AM.png","type":"image\/png"}],"author":"Crees","twitter_card":"summary_large_image","twitter_creator":"@CREESRD","twitter_site":"@CREESRD","twitter_misc":{"Escrito por":"Crees","Tiempo de lectura":"3 minutos"},"schema":{"@context":"https:\/\/schema.org","@graph":[{"@type":"Article","@id":"https:\/\/crees.org.do\/?p=13161#article","isPartOf":{"@id":"https:\/\/crees.org.do\/?p=13161"},"author":{"name":"Crees","@id":"https:\/\/crees.org.do\/#\/schema\/person\/e7f97cd94d7bf9cd0e0ce30acb7d56b8"},"headline":"Bases para un Pacto Fiscal","datePublished":"2021-02-11T19:55:26+00:00","dateModified":"2021-08-18T19:07:51+00:00","mainEntityOfPage":{"@id":"https:\/\/crees.org.do\/?p=13161"},"wordCount":634,"publisher":{"@id":"https:\/\/crees.org.do\/#organization"},"image":{"@id":"https:\/\/crees.org.do\/?p=13161#primaryimage"},"thumbnailUrl":"https:\/\/crees.org.do\/wp-content\/uploads\/2021\/05\/project-2021-02-11_11-02_AM.png","articleSection":["Art\u00edculos"],"inLanguage":"es"},{"@type":"WebPage","@id":"https:\/\/crees.org.do\/?p=13161","url":"https:\/\/crees.org.do\/?p=13161","name":"Bases para un Pacto Fiscal | CREES","isPartOf":{"@id":"https:\/\/crees.org.do\/#website"},"primaryImageOfPage":{"@id":"https:\/\/crees.org.do\/?p=13161#primaryimage"},"image":{"@id":"https:\/\/crees.org.do\/?p=13161#primaryimage"},"thumbnailUrl":"https:\/\/crees.org.do\/wp-content\/uploads\/2021\/05\/project-2021-02-11_11-02_AM.png","datePublished":"2021-02-11T19:55:26+00:00","dateModified":"2021-08-18T19:07:51+00:00","breadcrumb":{"@id":"https:\/\/crees.org.do\/?p=13161#breadcrumb"},"inLanguage":"es","potentialAction":[{"@type":"ReadAction","target":["https:\/\/crees.org.do\/?p=13161"]}]},{"@type":"ImageObject","inLanguage":"es","@id":"https:\/\/crees.org.do\/?p=13161#primaryimage","url":"https:\/\/crees.org.do\/wp-content\/uploads\/2021\/05\/project-2021-02-11_11-02_AM.png","contentUrl":"https:\/\/crees.org.do\/wp-content\/uploads\/2021\/05\/project-2021-02-11_11-02_AM.png","width":3121,"height":2601},{"@type":"BreadcrumbList","@id":"https:\/\/crees.org.do\/?p=13161#breadcrumb","itemListElement":[{"@type":"ListItem","position":1,"name":"Portada","item":"https:\/\/crees.org.do\/"},{"@type":"ListItem","position":2,"name":"Bases para un Pacto Fiscal"}]},{"@type":"WebSite","@id":"https:\/\/crees.org.do\/#website","url":"https:\/\/crees.org.do\/","name":"CREES","description":"Centro Regional de Estrategias Econ\u00f3micas Sostenibles","publisher":{"@id":"https:\/\/crees.org.do\/#organization"},"potentialAction":[{"@type":"SearchAction","target":{"@type":"EntryPoint","urlTemplate":"https:\/\/crees.org.do\/?s={search_term_string}"},"query-input":{"@type":"PropertyValueSpecification","valueRequired":true,"valueName":"search_term_string"}}],"inLanguage":"es"},{"@type":"Organization","@id":"https:\/\/crees.org.do\/#organization","name":"CREES | Centro Regional de Estrategias Econ\u00f3micas Sostenibles","url":"https:\/\/crees.org.do\/","logo":{"@type":"ImageObject","inLanguage":"es","@id":"https:\/\/crees.org.do\/#\/schema\/logo\/image\/","url":"https:\/\/crees.org.do\/wp-content\/uploads\/2022\/03\/crees-logo-1.jpg","contentUrl":"https:\/\/crees.org.do\/wp-content\/uploads\/2022\/03\/crees-logo-1.jpg","width":244,"height":71,"caption":"CREES | Centro Regional de Estrategias Econ\u00f3micas Sostenibles"},"image":{"@id":"https:\/\/crees.org.do\/#\/schema\/logo\/image\/"},"sameAs":["https:\/\/www.facebook.com\/CREESRD\/","https:\/\/x.com\/CREESRD"]},{"@type":"Person","@id":"https:\/\/crees.org.do\/#\/schema\/person\/e7f97cd94d7bf9cd0e0ce30acb7d56b8","name":"Crees","image":{"@type":"ImageObject","inLanguage":"es","@id":"https:\/\/crees.org.do\/#\/schema\/person\/image\/","url":"https:\/\/secure.gravatar.com\/avatar\/390ac8f0be5d9aa046152553e2dd7011b59a512d89c150f5e5f28bb8d9a0b165?s=96&d=mm&r=g","contentUrl":"https:\/\/secure.gravatar.com\/avatar\/390ac8f0be5d9aa046152553e2dd7011b59a512d89c150f5e5f28bb8d9a0b165?s=96&d=mm&r=g","caption":"Crees"},"url":"https:\/\/crees.org.do\/?author=2"}]}},"_links":{"self":[{"href":"https:\/\/crees.org.do\/index.php?rest_route=\/wp\/v2\/posts\/13161","targetHints":{"allow":["GET"]}}],"collection":[{"href":"https:\/\/crees.org.do\/index.php?rest_route=\/wp\/v2\/posts"}],"about":[{"href":"https:\/\/crees.org.do\/index.php?rest_route=\/wp\/v2\/types\/post"}],"author":[{"embeddable":true,"href":"https:\/\/crees.org.do\/index.php?rest_route=\/wp\/v2\/users\/2"}],"replies":[{"embeddable":true,"href":"https:\/\/crees.org.do\/index.php?rest_route=%2Fwp%2Fv2%2Fcomments&post=13161"}],"version-history":[{"count":1,"href":"https:\/\/crees.org.do\/index.php?rest_route=\/wp\/v2\/posts\/13161\/revisions"}],"predecessor-version":[{"id":13164,"href":"https:\/\/crees.org.do\/index.php?rest_route=\/wp\/v2\/posts\/13161\/revisions\/13164"}],"wp:featuredmedia":[{"embeddable":true,"href":"https:\/\/crees.org.do\/index.php?rest_route=\/wp\/v2\/media\/13163"}],"wp:attachment":[{"href":"https:\/\/crees.org.do\/index.php?rest_route=%2Fwp%2Fv2%2Fmedia&parent=13161"}],"wp:term":[{"taxonomy":"category","embeddable":true,"href":"https:\/\/crees.org.do\/index.php?rest_route=%2Fwp%2Fv2%2Fcategories&post=13161"},{"taxonomy":"post_tag","embeddable":true,"href":"https:\/\/crees.org.do\/index.php?rest_route=%2Fwp%2Fv2%2Ftags&post=13161"}],"curies":[{"name":"wp","href":"https:\/\/api.w.org\/{rel}","templated":true}]}}