{"id":13202,"date":"2021-04-22T19:15:10","date_gmt":"2021-04-22T19:15:10","guid":{"rendered":"https:\/\/crees.org.do\/?p=13202"},"modified":"2021-05-11T13:24:27","modified_gmt":"2021-05-11T13:24:27","slug":"collado-no-ve-mejoria-significativa-en-el-sector-electrico-dominicano","status":"publish","type":"post","link":"https:\/\/crees.org.do\/?p=13202","title":{"rendered":"Collado no ve mejor\u00eda significativa en el sector el\u00e9ctrico dominicano"},"content":{"rendered":"<p>Autor: Ubaldo Guzm\u00e1n Molina<\/p>\n<p>Fecha: 22 de abril del 2021<\/p>\n<p>Extra\u00eddo de: <a href=\"https:\/\/hoy.com.do\/collado-no-ve-mejoria-significativa-en-el-sector-electrico-dominicano\/\">Peri\u00f3dico Hoy<\/a><\/p>\n<p>&nbsp;<\/p>\n<p><strong>Las Edes no han mejorado en las p\u00e9rdidas, afirm\u00f3 el economista Miguel Collado, del CREES<\/strong><\/p>\n<p>Hasta el momento no ha habido una mejor\u00eda significativa en el sector el\u00e9ctrico durante el gobierno de Luis Abinader, afirm\u00f3 ayer el economista Miguel Collado Di Franco<br \/>\nEl vicepresidente ejecutivo del Centro Regional de Estrategias Econ\u00f3micas y Sostenibles (CREES) precis\u00f3 que los \u00faltimos datos publicados por el sector el\u00e9ctrico corresponden a diciembre del a\u00f1o pasado.<\/p>\n<p>Manifest\u00f3 que en la actual administraci\u00f3n del sector el\u00e9ctrico no se ha visto una mejora en la cobranza, lo que es fundamental en la recuperaci\u00f3n de las Ede.<\/p>\n<p>Se\u00f1al\u00f3 que la Corporaci\u00f3n Dominicana de Empresas El\u00e9ctricas Estatales (CDEEE) no ha colgado en su portal informaciones sobre el sector en los tres primeros meses de este a\u00f1o.<br \/>\nExpres\u00f3 que Edesur, Edeeste y Edenorte generan p\u00e9rdidas al fisco y todav\u00eda no ha habido un cambio sustancial en cuanto al manejo administrativo, por lo menos tomando en cuenta los resultados publicados hasta diciembre.<\/p>\n<p>Consider\u00f3 que el actual gobierno no ha logrado la sostenibilidad financiera de las Ede, a pesar de la conformaci\u00f3n de un consejo unificado.<\/p>\n<p>Se\u00f1al\u00f3 que las p\u00e9rdidas de las distribuidoras el\u00e9ctricas siguen siendo elevadas.<br \/>\nIndic\u00f3 que en el a\u00f1o 2020 en relaci\u00f3n con el 2019, la cobranza de las Ede disminuy\u00f3 y no se recuper\u00f3 a los niveles del 2019, a pesar de que la tarifa que cobraban las Ede era inferior.<br \/>\nRecord\u00f3 que el CREES ha planteado una modificaci\u00f3n de las leyes General de Electricidad y de Energ\u00eda y Minas con respecto a la energ\u00eda el\u00e9ctrica, con el fin de que se constituya en un soporte al proceso de eficienciaci\u00f3n de las empresas distribuidoras.<\/p>\n<p>Manifest\u00f3 que una de las propuestas del CREES ha sido la reducci\u00f3n escalonado de los subsidios durante seis a\u00f1os de reestructuraci\u00f3n de las distribuidoras y cambiar el esquema para subsidiar la demanda, no la oferta.<\/p>\n<p><strong>LAS CLAVES<\/strong><\/p>\n<ol>\n<li>Sin gran mejor\u00eda<br \/>\nHasta el momento no ha habido una mejor\u00eda significativa en el sector el\u00e9ctrico durante el gobierno de Luis Abinader, afirm\u00f3 ayer el economista Miguel Collado Di Franco.<\/li>\n<li>Hasta diciembre<br \/>\nEl vicepresidente ejecutivo del Centro Regional de Estrategias Econ\u00f3micas y Sostenibles precis\u00f3 que los \u00faltimos datos publicados por el sector el\u00e9ctrico corresponden a diciembre del a\u00f1o pasado.<\/li>\n<\/ol>\n<div class=\"pvc_clear\"><\/div>\n<p class=\"pvc_stats all \" data-element-id=\"13202\" style=\"\"><i class=\"pvc-stats-icon medium\" aria-hidden=\"true\"><svg aria-hidden=\"true\" focusable=\"false\" data-prefix=\"far\" data-icon=\"chart-bar\" role=\"img\" xmlns=\"http:\/\/www.w3.org\/2000\/svg\" viewBox=\"0 0 512 512\" class=\"svg-inline--fa fa-chart-bar fa-w-16 fa-2x\"><path fill=\"currentColor\" d=\"M396.8 352h22.4c6.4 0 12.8-6.4 12.8-12.8V108.8c0-6.4-6.4-12.8-12.8-12.8h-22.4c-6.4 0-12.8 6.4-12.8 12.8v230.4c0 6.4 6.4 12.8 12.8 12.8zm-192 0h22.4c6.4 0 12.8-6.4 12.8-12.8V140.8c0-6.4-6.4-12.8-12.8-12.8h-22.4c-6.4 0-12.8 6.4-12.8 12.8v198.4c0 6.4 6.4 12.8 12.8 12.8zm96 0h22.4c6.4 0 12.8-6.4 12.8-12.8V204.8c0-6.4-6.4-12.8-12.8-12.8h-22.4c-6.4 0-12.8 6.4-12.8 12.8v134.4c0 6.4 6.4 12.8 12.8 12.8zM496 400H48V80c0-8.84-7.16-16-16-16H16C7.16 64 0 71.16 0 80v336c0 17.67 14.33 32 32 32h464c8.84 0 16-7.16 16-16v-16c0-8.84-7.16-16-16-16zm-387.2-48h22.4c6.4 0 12.8-6.4 12.8-12.8v-70.4c0-6.4-6.4-12.8-12.8-12.8h-22.4c-6.4 0-12.8 6.4-12.8 12.8v70.4c0 6.4 6.4 12.8 12.8 12.8z\" class=\"\"><\/path><\/svg><\/i> Vistas Totales&nbsp;1,024&nbsp;, Vistas Hoy&nbsp;2&nbsp;<\/p>\n<div class=\"pvc_clear\"><\/div>\n","protected":false},"excerpt":{"rendered":"<p>Autor: Ubaldo Guzm\u00e1n Molina Fecha: 22 de abril del 2021 Extra\u00eddo de: Peri\u00f3dico Hoy &nbsp; Las Edes no han mejorado en las p\u00e9rdidas, afirm\u00f3 el economista Miguel Collado, del CREES Hasta el momento no ha habido una mejor\u00eda significativa en el sector el\u00e9ctrico durante el gobierno de Luis Abinader, afirm\u00f3 ayer el economista Miguel Collado&#8230;<\/p>\n<div class=\"pvc_clear\"><\/div>\n<p class=\"pvc_stats all \" data-element-id=\"13202\" style=\"\"><i class=\"pvc-stats-icon medium\" aria-hidden=\"true\"><svg aria-hidden=\"true\" focusable=\"false\" data-prefix=\"far\" data-icon=\"chart-bar\" role=\"img\" xmlns=\"http:\/\/www.w3.org\/2000\/svg\" viewBox=\"0 0 512 512\" class=\"svg-inline--fa fa-chart-bar fa-w-16 fa-2x\"><path fill=\"currentColor\" d=\"M396.8 352h22.4c6.4 0 12.8-6.4 12.8-12.8V108.8c0-6.4-6.4-12.8-12.8-12.8h-22.4c-6.4 0-12.8 6.4-12.8 12.8v230.4c0 6.4 6.4 12.8 12.8 12.8zm-192 0h22.4c6.4 0 12.8-6.4 12.8-12.8V140.8c0-6.4-6.4-12.8-12.8-12.8h-22.4c-6.4 0-12.8 6.4-12.8 12.8v198.4c0 6.4 6.4 12.8 12.8 12.8zm96 0h22.4c6.4 0 12.8-6.4 12.8-12.8V204.8c0-6.4-6.4-12.8-12.8-12.8h-22.4c-6.4 0-12.8 6.4-12.8 12.8v134.4c0 6.4 6.4 12.8 12.8 12.8zM496 400H48V80c0-8.84-7.16-16-16-16H16C7.16 64 0 71.16 0 80v336c0 17.67 14.33 32 32 32h464c8.84 0 16-7.16 16-16v-16c0-8.84-7.16-16-16-16zm-387.2-48h22.4c6.4 0 12.8-6.4 12.8-12.8v-70.4c0-6.4-6.4-12.8-12.8-12.8h-22.4c-6.4 0-12.8 6.4-12.8 12.8v70.4c0 6.4 6.4 12.8 12.8 12.8z\" class=\"\"><\/path><\/svg><\/i> Vistas Totales&nbsp;1,024&nbsp;, Vistas Hoy&nbsp;2&nbsp;<\/p>\n<div class=\"pvc_clear\"><\/div>\n","protected":false},"author":2,"featured_media":13219,"comment_status":"closed","ping_status":"closed","sticky":false,"template":"","format":"standard","meta":{"footnotes":""},"categories":[19],"tags":[],"class_list":["post-13202","post","type-post","status-publish","format-standard","has-post-thumbnail","hentry","category-actualidad"],"yoast_head":"<!-- This site is optimized with the Yoast SEO plugin v25.2 - https:\/\/yoast.com\/wordpress\/plugins\/seo\/ -->\n<title>Collado no ve mejor\u00eda significativa en el sector el\u00e9ctrico dominicano | CREES<\/title>\n<meta name=\"robots\" content=\"index, follow, max-snippet:-1, max-image-preview:large, max-video-preview:-1\" \/>\n<link rel=\"canonical\" href=\"https:\/\/crees.org.do\/?p=13202\" \/>\n<meta property=\"og:locale\" content=\"es_ES\" \/>\n<meta property=\"og:type\" content=\"article\" \/>\n<meta property=\"og:title\" content=\"Collado no ve mejor\u00eda significativa en el sector el\u00e9ctrico dominicano | CREES\" \/>\n<meta property=\"og:description\" content=\"Autor: Ubaldo Guzm\u00e1n Molina Fecha: 22 de abril del 2021 Extra\u00eddo de: Peri\u00f3dico Hoy &nbsp; Las Edes no han mejorado en las p\u00e9rdidas, afirm\u00f3 el economista Miguel Collado, del CREES Hasta el momento no ha habido una mejor\u00eda significativa en el sector el\u00e9ctrico durante el gobierno de Luis Abinader, afirm\u00f3 ayer el economista Miguel Collado...\" \/>\n<meta property=\"og:url\" content=\"https:\/\/crees.org.do\/?p=13202\" \/>\n<meta property=\"og:site_name\" content=\"CREES\" \/>\n<meta property=\"article:publisher\" content=\"https:\/\/www.facebook.com\/CREESRD\/\" \/>\n<meta property=\"article:published_time\" content=\"2021-04-22T19:15:10+00:00\" \/>\n<meta property=\"article:modified_time\" content=\"2021-05-11T13:24:27+00:00\" \/>\n<meta property=\"og:image\" content=\"https:\/\/crees.org.do\/wp-content\/uploads\/2021\/04\/11B_Economia_22_3p01.jpg\" \/>\n\t<meta property=\"og:image:width\" content=\"465\" \/>\n\t<meta property=\"og:image:height\" content=\"511\" \/>\n\t<meta property=\"og:image:type\" content=\"image\/jpeg\" \/>\n<meta name=\"author\" content=\"Crees\" \/>\n<meta name=\"twitter:card\" content=\"summary_large_image\" \/>\n<meta name=\"twitter:creator\" content=\"@CREESRD\" \/>\n<meta name=\"twitter:site\" content=\"@CREESRD\" \/>\n<meta name=\"twitter:label1\" content=\"Escrito por\" \/>\n\t<meta name=\"twitter:data1\" content=\"Crees\" \/>\n\t<meta name=\"twitter:label2\" content=\"Tiempo de lectura\" \/>\n\t<meta name=\"twitter:data2\" content=\"2 minutos\" \/>\n<script type=\"application\/ld+json\" class=\"yoast-schema-graph\">{\"@context\":\"https:\/\/schema.org\",\"@graph\":[{\"@type\":\"Article\",\"@id\":\"https:\/\/crees.org.do\/?p=13202#article\",\"isPartOf\":{\"@id\":\"https:\/\/crees.org.do\/?p=13202\"},\"author\":{\"name\":\"Crees\",\"@id\":\"https:\/\/crees.org.do\/#\/schema\/person\/e7f97cd94d7bf9cd0e0ce30acb7d56b8\"},\"headline\":\"Collado no ve mejor\u00eda significativa en el sector el\u00e9ctrico dominicano\",\"datePublished\":\"2021-04-22T19:15:10+00:00\",\"dateModified\":\"2021-05-11T13:24:27+00:00\",\"mainEntityOfPage\":{\"@id\":\"https:\/\/crees.org.do\/?p=13202\"},\"wordCount\":431,\"publisher\":{\"@id\":\"https:\/\/crees.org.do\/#organization\"},\"image\":{\"@id\":\"https:\/\/crees.org.do\/?p=13202#primaryimage\"},\"thumbnailUrl\":\"https:\/\/crees.org.do\/wp-content\/uploads\/2021\/04\/11B_Economia_22_3p01.jpg\",\"articleSection\":[\"Actualidad\"],\"inLanguage\":\"es\"},{\"@type\":\"WebPage\",\"@id\":\"https:\/\/crees.org.do\/?p=13202\",\"url\":\"https:\/\/crees.org.do\/?p=13202\",\"name\":\"Collado no ve mejor\u00eda significativa en el sector el\u00e9ctrico dominicano | CREES\",\"isPartOf\":{\"@id\":\"https:\/\/crees.org.do\/#website\"},\"primaryImageOfPage\":{\"@id\":\"https:\/\/crees.org.do\/?p=13202#primaryimage\"},\"image\":{\"@id\":\"https:\/\/crees.org.do\/?p=13202#primaryimage\"},\"thumbnailUrl\":\"https:\/\/crees.org.do\/wp-content\/uploads\/2021\/04\/11B_Economia_22_3p01.jpg\",\"datePublished\":\"2021-04-22T19:15:10+00:00\",\"dateModified\":\"2021-05-11T13:24:27+00:00\",\"breadcrumb\":{\"@id\":\"https:\/\/crees.org.do\/?p=13202#breadcrumb\"},\"inLanguage\":\"es\",\"potentialAction\":[{\"@type\":\"ReadAction\",\"target\":[\"https:\/\/crees.org.do\/?p=13202\"]}]},{\"@type\":\"ImageObject\",\"inLanguage\":\"es\",\"@id\":\"https:\/\/crees.org.do\/?p=13202#primaryimage\",\"url\":\"https:\/\/crees.org.do\/wp-content\/uploads\/2021\/04\/11B_Economia_22_3p01.jpg\",\"contentUrl\":\"https:\/\/crees.org.do\/wp-content\/uploads\/2021\/04\/11B_Economia_22_3p01.jpg\",\"width\":465,\"height\":511},{\"@type\":\"BreadcrumbList\",\"@id\":\"https:\/\/crees.org.do\/?p=13202#breadcrumb\",\"itemListElement\":[{\"@type\":\"ListItem\",\"position\":1,\"name\":\"Portada\",\"item\":\"https:\/\/crees.org.do\/\"},{\"@type\":\"ListItem\",\"position\":2,\"name\":\"Collado no ve mejor\u00eda significativa en el sector el\u00e9ctrico dominicano\"}]},{\"@type\":\"WebSite\",\"@id\":\"https:\/\/crees.org.do\/#website\",\"url\":\"https:\/\/crees.org.do\/\",\"name\":\"CREES\",\"description\":\"Centro Regional de Estrategias Econ\u00f3micas Sostenibles\",\"publisher\":{\"@id\":\"https:\/\/crees.org.do\/#organization\"},\"potentialAction\":[{\"@type\":\"SearchAction\",\"target\":{\"@type\":\"EntryPoint\",\"urlTemplate\":\"https:\/\/crees.org.do\/?s={search_term_string}\"},\"query-input\":{\"@type\":\"PropertyValueSpecification\",\"valueRequired\":true,\"valueName\":\"search_term_string\"}}],\"inLanguage\":\"es\"},{\"@type\":\"Organization\",\"@id\":\"https:\/\/crees.org.do\/#organization\",\"name\":\"CREES | Centro Regional de Estrategias Econ\u00f3micas Sostenibles\",\"url\":\"https:\/\/crees.org.do\/\",\"logo\":{\"@type\":\"ImageObject\",\"inLanguage\":\"es\",\"@id\":\"https:\/\/crees.org.do\/#\/schema\/logo\/image\/\",\"url\":\"https:\/\/crees.org.do\/wp-content\/uploads\/2022\/03\/crees-logo-1.jpg\",\"contentUrl\":\"https:\/\/crees.org.do\/wp-content\/uploads\/2022\/03\/crees-logo-1.jpg\",\"width\":244,\"height\":71,\"caption\":\"CREES | Centro Regional de Estrategias Econ\u00f3micas Sostenibles\"},\"image\":{\"@id\":\"https:\/\/crees.org.do\/#\/schema\/logo\/image\/\"},\"sameAs\":[\"https:\/\/www.facebook.com\/CREESRD\/\",\"https:\/\/x.com\/CREESRD\"]},{\"@type\":\"Person\",\"@id\":\"https:\/\/crees.org.do\/#\/schema\/person\/e7f97cd94d7bf9cd0e0ce30acb7d56b8\",\"name\":\"Crees\",\"image\":{\"@type\":\"ImageObject\",\"inLanguage\":\"es\",\"@id\":\"https:\/\/crees.org.do\/#\/schema\/person\/image\/\",\"url\":\"https:\/\/secure.gravatar.com\/avatar\/390ac8f0be5d9aa046152553e2dd7011b59a512d89c150f5e5f28bb8d9a0b165?s=96&d=mm&r=g\",\"contentUrl\":\"https:\/\/secure.gravatar.com\/avatar\/390ac8f0be5d9aa046152553e2dd7011b59a512d89c150f5e5f28bb8d9a0b165?s=96&d=mm&r=g\",\"caption\":\"Crees\"},\"url\":\"https:\/\/crees.org.do\/?author=2\"}]}<\/script>\n<!-- \/ Yoast SEO plugin. -->","yoast_head_json":{"title":"Collado no ve mejor\u00eda significativa en el sector el\u00e9ctrico dominicano | CREES","robots":{"index":"index","follow":"follow","max-snippet":"max-snippet:-1","max-image-preview":"max-image-preview:large","max-video-preview":"max-video-preview:-1"},"canonical":"https:\/\/crees.org.do\/?p=13202","og_locale":"es_ES","og_type":"article","og_title":"Collado no ve mejor\u00eda significativa en el sector el\u00e9ctrico dominicano | CREES","og_description":"Autor: Ubaldo Guzm\u00e1n Molina Fecha: 22 de abril del 2021 Extra\u00eddo de: Peri\u00f3dico Hoy &nbsp; Las Edes no han mejorado en las p\u00e9rdidas, afirm\u00f3 el economista Miguel Collado, del CREES Hasta el momento no ha habido una mejor\u00eda significativa en el sector el\u00e9ctrico durante el gobierno de Luis Abinader, afirm\u00f3 ayer el economista Miguel Collado...","og_url":"https:\/\/crees.org.do\/?p=13202","og_site_name":"CREES","article_publisher":"https:\/\/www.facebook.com\/CREESRD\/","article_published_time":"2021-04-22T19:15:10+00:00","article_modified_time":"2021-05-11T13:24:27+00:00","og_image":[{"width":465,"height":511,"url":"https:\/\/crees.org.do\/wp-content\/uploads\/2021\/04\/11B_Economia_22_3p01.jpg","type":"image\/jpeg"}],"author":"Crees","twitter_card":"summary_large_image","twitter_creator":"@CREESRD","twitter_site":"@CREESRD","twitter_misc":{"Escrito por":"Crees","Tiempo de lectura":"2 minutos"},"schema":{"@context":"https:\/\/schema.org","@graph":[{"@type":"Article","@id":"https:\/\/crees.org.do\/?p=13202#article","isPartOf":{"@id":"https:\/\/crees.org.do\/?p=13202"},"author":{"name":"Crees","@id":"https:\/\/crees.org.do\/#\/schema\/person\/e7f97cd94d7bf9cd0e0ce30acb7d56b8"},"headline":"Collado no ve mejor\u00eda significativa en el sector el\u00e9ctrico dominicano","datePublished":"2021-04-22T19:15:10+00:00","dateModified":"2021-05-11T13:24:27+00:00","mainEntityOfPage":{"@id":"https:\/\/crees.org.do\/?p=13202"},"wordCount":431,"publisher":{"@id":"https:\/\/crees.org.do\/#organization"},"image":{"@id":"https:\/\/crees.org.do\/?p=13202#primaryimage"},"thumbnailUrl":"https:\/\/crees.org.do\/wp-content\/uploads\/2021\/04\/11B_Economia_22_3p01.jpg","articleSection":["Actualidad"],"inLanguage":"es"},{"@type":"WebPage","@id":"https:\/\/crees.org.do\/?p=13202","url":"https:\/\/crees.org.do\/?p=13202","name":"Collado no ve mejor\u00eda significativa en el sector el\u00e9ctrico dominicano | CREES","isPartOf":{"@id":"https:\/\/crees.org.do\/#website"},"primaryImageOfPage":{"@id":"https:\/\/crees.org.do\/?p=13202#primaryimage"},"image":{"@id":"https:\/\/crees.org.do\/?p=13202#primaryimage"},"thumbnailUrl":"https:\/\/crees.org.do\/wp-content\/uploads\/2021\/04\/11B_Economia_22_3p01.jpg","datePublished":"2021-04-22T19:15:10+00:00","dateModified":"2021-05-11T13:24:27+00:00","breadcrumb":{"@id":"https:\/\/crees.org.do\/?p=13202#breadcrumb"},"inLanguage":"es","potentialAction":[{"@type":"ReadAction","target":["https:\/\/crees.org.do\/?p=13202"]}]},{"@type":"ImageObject","inLanguage":"es","@id":"https:\/\/crees.org.do\/?p=13202#primaryimage","url":"https:\/\/crees.org.do\/wp-content\/uploads\/2021\/04\/11B_Economia_22_3p01.jpg","contentUrl":"https:\/\/crees.org.do\/wp-content\/uploads\/2021\/04\/11B_Economia_22_3p01.jpg","width":465,"height":511},{"@type":"BreadcrumbList","@id":"https:\/\/crees.org.do\/?p=13202#breadcrumb","itemListElement":[{"@type":"ListItem","position":1,"name":"Portada","item":"https:\/\/crees.org.do\/"},{"@type":"ListItem","position":2,"name":"Collado no ve mejor\u00eda significativa en el sector el\u00e9ctrico dominicano"}]},{"@type":"WebSite","@id":"https:\/\/crees.org.do\/#website","url":"https:\/\/crees.org.do\/","name":"CREES","description":"Centro Regional de Estrategias Econ\u00f3micas Sostenibles","publisher":{"@id":"https:\/\/crees.org.do\/#organization"},"potentialAction":[{"@type":"SearchAction","target":{"@type":"EntryPoint","urlTemplate":"https:\/\/crees.org.do\/?s={search_term_string}"},"query-input":{"@type":"PropertyValueSpecification","valueRequired":true,"valueName":"search_term_string"}}],"inLanguage":"es"},{"@type":"Organization","@id":"https:\/\/crees.org.do\/#organization","name":"CREES | Centro Regional de Estrategias Econ\u00f3micas Sostenibles","url":"https:\/\/crees.org.do\/","logo":{"@type":"ImageObject","inLanguage":"es","@id":"https:\/\/crees.org.do\/#\/schema\/logo\/image\/","url":"https:\/\/crees.org.do\/wp-content\/uploads\/2022\/03\/crees-logo-1.jpg","contentUrl":"https:\/\/crees.org.do\/wp-content\/uploads\/2022\/03\/crees-logo-1.jpg","width":244,"height":71,"caption":"CREES | Centro Regional de Estrategias Econ\u00f3micas Sostenibles"},"image":{"@id":"https:\/\/crees.org.do\/#\/schema\/logo\/image\/"},"sameAs":["https:\/\/www.facebook.com\/CREESRD\/","https:\/\/x.com\/CREESRD"]},{"@type":"Person","@id":"https:\/\/crees.org.do\/#\/schema\/person\/e7f97cd94d7bf9cd0e0ce30acb7d56b8","name":"Crees","image":{"@type":"ImageObject","inLanguage":"es","@id":"https:\/\/crees.org.do\/#\/schema\/person\/image\/","url":"https:\/\/secure.gravatar.com\/avatar\/390ac8f0be5d9aa046152553e2dd7011b59a512d89c150f5e5f28bb8d9a0b165?s=96&d=mm&r=g","contentUrl":"https:\/\/secure.gravatar.com\/avatar\/390ac8f0be5d9aa046152553e2dd7011b59a512d89c150f5e5f28bb8d9a0b165?s=96&d=mm&r=g","caption":"Crees"},"url":"https:\/\/crees.org.do\/?author=2"}]}},"_links":{"self":[{"href":"https:\/\/crees.org.do\/index.php?rest_route=\/wp\/v2\/posts\/13202","targetHints":{"allow":["GET"]}}],"collection":[{"href":"https:\/\/crees.org.do\/index.php?rest_route=\/wp\/v2\/posts"}],"about":[{"href":"https:\/\/crees.org.do\/index.php?rest_route=\/wp\/v2\/types\/post"}],"author":[{"embeddable":true,"href":"https:\/\/crees.org.do\/index.php?rest_route=\/wp\/v2\/users\/2"}],"replies":[{"embeddable":true,"href":"https:\/\/crees.org.do\/index.php?rest_route=%2Fwp%2Fv2%2Fcomments&post=13202"}],"version-history":[{"count":1,"href":"https:\/\/crees.org.do\/index.php?rest_route=\/wp\/v2\/posts\/13202\/revisions"}],"predecessor-version":[{"id":13204,"href":"https:\/\/crees.org.do\/index.php?rest_route=\/wp\/v2\/posts\/13202\/revisions\/13204"}],"wp:featuredmedia":[{"embeddable":true,"href":"https:\/\/crees.org.do\/index.php?rest_route=\/wp\/v2\/media\/13219"}],"wp:attachment":[{"href":"https:\/\/crees.org.do\/index.php?rest_route=%2Fwp%2Fv2%2Fmedia&parent=13202"}],"wp:term":[{"taxonomy":"category","embeddable":true,"href":"https:\/\/crees.org.do\/index.php?rest_route=%2Fwp%2Fv2%2Fcategories&post=13202"},{"taxonomy":"post_tag","embeddable":true,"href":"https:\/\/crees.org.do\/index.php?rest_route=%2Fwp%2Fv2%2Ftags&post=13202"}],"curies":[{"name":"wp","href":"https:\/\/api.w.org\/{rel}","templated":true}]}}