{"id":13205,"date":"2021-04-29T19:22:47","date_gmt":"2021-04-29T19:22:47","guid":{"rendered":"https:\/\/crees.org.do\/?p=13205"},"modified":"2021-05-10T19:32:22","modified_gmt":"2021-05-10T19:32:22","slug":"13205-2","status":"publish","type":"post","link":"https:\/\/crees.org.do\/?p=13205","title":{"rendered":"\u00bfCu\u00e1ndo es el mejor momento para la reforma fiscal?"},"content":{"rendered":"<p>Autor: El Dinero<\/p>\n<p>Fecha: 29 de abril del 2021<\/p>\n<p>Extra\u00eddo de: <a href=\"https:\/\/eldinero.com.do\/158196\/cuando-es-el-mejor-momento-para-la-reforma-fiscal\/\">El Dinero<\/a><\/p>\n<p>Reformar el sistema tributario siempre ha sido un tema que genera fricci\u00f3n. Es inevitable. Ya sea porque al ser humano le desagrada pagar impuestos o porque no se siente conforme con lo que recibe a cambio, hablar de tributos resulta ser un tema que genera todo tipo de posiciones.<\/p>\n<p>Rep\u00fablica Dominicana, a partir de la Estrategia Nacional de Desarrollo, debe avocarse a un proceso de revisi\u00f3n profunda en su esquema fiscal si quiere alcanzar niveles de ingresos, respecto a su producto interno bruto (PIB), que posibiliten el desarrollo sostenible e inclusivo. Quiz\u00e1 la discusi\u00f3n no sea respecto a la necesidad de reformar el sistema tributario, porque la Ley 1-12 lo establece desde hace nueve a\u00f1os, sino que la forma en que habr\u00e1 de hacerse.<\/p>\n<p>Hay diferentes enfoques en este sentido. El Centro Regional de Estrategias Econ\u00f3micas Sostenibles (CREES) elabor\u00f3 un proyecto de reforma hace aproximadamente seis a\u00f1os. Todos los actores pol\u00edticos, empresariales y de toma de decisiones del pa\u00eds lo conocen. Podr\u00eda ser, si as\u00ed lo entiende la sociedad, un excelente punto de referencia.<\/p>\n<p>El problema, sin quiz\u00e1, ha sido dejar todo para despu\u00e9s. Ahora, quiz\u00e1 m\u00e1s que antes, est\u00e1 la urgencia de reformar el sistema tributario, pero el contexto de crisis y presi\u00f3n econ\u00f3mica en que est\u00e1 el mundo, a prop\u00f3sito de la pandemia, desaconseja que se haga. De hecho, organismos internacionales de reconocida reputaci\u00f3n piden cautela.<\/p>\n<p>Economistas, empresarios y autoridades del Gobierno est\u00e1n conscientes de la necesidad de reformar el sistema tributario a trav\u00e9s de un pacto fiscal que realmente sea efectivo y garantice alcanzar las metas de recaudaci\u00f3n que demanda la nueva realidad econ\u00f3mica del pa\u00eds.<\/p>\n<p>El tema ha sido, como siempre, ponerse de acuerdo. As\u00ed ha pasado el tiempo. El expresidente Leonel Fern\u00e1ndez, a quien le correspondi\u00f3 promulgar la Ley de Estrategia Nacional de Desarrollo en 2012, considera que hacer una reforma fiscal en un contexto de incertidumbre, en medio de una situaci\u00f3n de crisis mundial, puede tener consecuencias sociales y pol\u00edticas desagradables.<\/p>\n<div class=\"google-auto-placed ap_container\">\n<p>Sin embargo, tambi\u00e9n se muestra consciente de que habr\u00e1 que hacerla, aunque tambi\u00e9n considera que debi\u00f3 hacerse entre 2016 y 2020, cuando la econom\u00eda estaba en crecimiento. A su entender, la reforma fiscal no resolver\u00e1 todos los problemas ni dar\u00e1 toda la estabilidad que necesita el pa\u00eds. S\u00ed ha quedado demostrado que posponer las grandes reformas tiene consecuencias muy serias en la econom\u00eda.<\/p>\n<p>El hecho de haber tenido que aumentar en forma pronunciada el endeudamiento p\u00fablico, con alrededor de US$9,000 millones en los \u00faltimos 12 meses, plantea una pregunta: \u00bfEst\u00e1n las finanzas del pa\u00eds en capacidad de resistir otra crisis econ\u00f3mica similar a la provocada por el covid-19? La respuesta es dif\u00edcil de dar, pero lo que s\u00ed es un imperativo es tomar decisiones de Estado que han sido postergadas por a\u00f1o por temor a los efectos pol\u00edticos que pudieran tener sobre los actores del momento.<\/p>\n<\/div>\n<div class=\"pvc_clear\"><\/div>\n<p class=\"pvc_stats all \" data-element-id=\"13205\" style=\"\"><i class=\"pvc-stats-icon medium\" aria-hidden=\"true\"><svg aria-hidden=\"true\" focusable=\"false\" data-prefix=\"far\" data-icon=\"chart-bar\" role=\"img\" xmlns=\"http:\/\/www.w3.org\/2000\/svg\" viewBox=\"0 0 512 512\" class=\"svg-inline--fa fa-chart-bar fa-w-16 fa-2x\"><path fill=\"currentColor\" d=\"M396.8 352h22.4c6.4 0 12.8-6.4 12.8-12.8V108.8c0-6.4-6.4-12.8-12.8-12.8h-22.4c-6.4 0-12.8 6.4-12.8 12.8v230.4c0 6.4 6.4 12.8 12.8 12.8zm-192 0h22.4c6.4 0 12.8-6.4 12.8-12.8V140.8c0-6.4-6.4-12.8-12.8-12.8h-22.4c-6.4 0-12.8 6.4-12.8 12.8v198.4c0 6.4 6.4 12.8 12.8 12.8zm96 0h22.4c6.4 0 12.8-6.4 12.8-12.8V204.8c0-6.4-6.4-12.8-12.8-12.8h-22.4c-6.4 0-12.8 6.4-12.8 12.8v134.4c0 6.4 6.4 12.8 12.8 12.8zM496 400H48V80c0-8.84-7.16-16-16-16H16C7.16 64 0 71.16 0 80v336c0 17.67 14.33 32 32 32h464c8.84 0 16-7.16 16-16v-16c0-8.84-7.16-16-16-16zm-387.2-48h22.4c6.4 0 12.8-6.4 12.8-12.8v-70.4c0-6.4-6.4-12.8-12.8-12.8h-22.4c-6.4 0-12.8 6.4-12.8 12.8v70.4c0 6.4 6.4 12.8 12.8 12.8z\" class=\"\"><\/path><\/svg><\/i> Vistas Totales&nbsp;1,051&nbsp;, Vistas Hoy&nbsp;2&nbsp;<\/p>\n<div class=\"pvc_clear\"><\/div>\n","protected":false},"excerpt":{"rendered":"<p>Autor: El Dinero Fecha: 29 de abril del 2021 Extra\u00eddo de: El Dinero Reformar el sistema tributario siempre ha sido un tema que genera fricci\u00f3n. Es inevitable. Ya sea porque al ser humano le desagrada pagar impuestos o porque no se siente conforme con lo que recibe a cambio, hablar de tributos resulta ser un&#8230;<\/p>\n<div class=\"pvc_clear\"><\/div>\n<p class=\"pvc_stats all \" data-element-id=\"13205\" style=\"\"><i class=\"pvc-stats-icon medium\" aria-hidden=\"true\"><svg aria-hidden=\"true\" focusable=\"false\" data-prefix=\"far\" data-icon=\"chart-bar\" role=\"img\" xmlns=\"http:\/\/www.w3.org\/2000\/svg\" viewBox=\"0 0 512 512\" class=\"svg-inline--fa fa-chart-bar fa-w-16 fa-2x\"><path fill=\"currentColor\" d=\"M396.8 352h22.4c6.4 0 12.8-6.4 12.8-12.8V108.8c0-6.4-6.4-12.8-12.8-12.8h-22.4c-6.4 0-12.8 6.4-12.8 12.8v230.4c0 6.4 6.4 12.8 12.8 12.8zm-192 0h22.4c6.4 0 12.8-6.4 12.8-12.8V140.8c0-6.4-6.4-12.8-12.8-12.8h-22.4c-6.4 0-12.8 6.4-12.8 12.8v198.4c0 6.4 6.4 12.8 12.8 12.8zm96 0h22.4c6.4 0 12.8-6.4 12.8-12.8V204.8c0-6.4-6.4-12.8-12.8-12.8h-22.4c-6.4 0-12.8 6.4-12.8 12.8v134.4c0 6.4 6.4 12.8 12.8 12.8zM496 400H48V80c0-8.84-7.16-16-16-16H16C7.16 64 0 71.16 0 80v336c0 17.67 14.33 32 32 32h464c8.84 0 16-7.16 16-16v-16c0-8.84-7.16-16-16-16zm-387.2-48h22.4c6.4 0 12.8-6.4 12.8-12.8v-70.4c0-6.4-6.4-12.8-12.8-12.8h-22.4c-6.4 0-12.8 6.4-12.8 12.8v70.4c0 6.4 6.4 12.8 12.8 12.8z\" class=\"\"><\/path><\/svg><\/i> Vistas Totales&nbsp;1,051&nbsp;, Vistas Hoy&nbsp;2&nbsp;<\/p>\n<div class=\"pvc_clear\"><\/div>\n","protected":false},"author":2,"featured_media":13210,"comment_status":"closed","ping_status":"closed","sticky":false,"template":"","format":"standard","meta":{"footnotes":""},"categories":[19],"tags":[],"class_list":["post-13205","post","type-post","status-publish","format-standard","has-post-thumbnail","hentry","category-actualidad"],"yoast_head":"<!-- This site is optimized with the Yoast SEO plugin v25.2 - https:\/\/yoast.com\/wordpress\/plugins\/seo\/ -->\n<title>\u00bfCu\u00e1ndo es el mejor momento para la reforma fiscal? | CREES<\/title>\n<meta name=\"robots\" content=\"index, follow, max-snippet:-1, max-image-preview:large, max-video-preview:-1\" \/>\n<link rel=\"canonical\" href=\"https:\/\/crees.org.do\/?p=13205\" \/>\n<meta property=\"og:locale\" content=\"es_ES\" \/>\n<meta property=\"og:type\" content=\"article\" \/>\n<meta property=\"og:title\" content=\"\u00bfCu\u00e1ndo es el mejor momento para la reforma fiscal? | CREES\" \/>\n<meta property=\"og:description\" content=\"Autor: El Dinero Fecha: 29 de abril del 2021 Extra\u00eddo de: El Dinero Reformar el sistema tributario siempre ha sido un tema que genera fricci\u00f3n. Es inevitable. Ya sea porque al ser humano le desagrada pagar impuestos o porque no se siente conforme con lo que recibe a cambio, hablar de tributos resulta ser un...\" \/>\n<meta property=\"og:url\" content=\"https:\/\/crees.org.do\/?p=13205\" \/>\n<meta property=\"og:site_name\" content=\"CREES\" \/>\n<meta property=\"article:publisher\" content=\"https:\/\/www.facebook.com\/CREESRD\/\" \/>\n<meta property=\"article:published_time\" content=\"2021-04-29T19:22:47+00:00\" \/>\n<meta property=\"article:modified_time\" content=\"2021-05-10T19:32:22+00:00\" \/>\n<meta property=\"og:image\" content=\"https:\/\/crees.org.do\/wp-content\/uploads\/2021\/04\/logoeldinero.png\" \/>\n\t<meta property=\"og:image:width\" content=\"820\" \/>\n\t<meta property=\"og:image:height\" content=\"356\" \/>\n\t<meta property=\"og:image:type\" content=\"image\/png\" \/>\n<meta name=\"author\" content=\"Crees\" \/>\n<meta name=\"twitter:card\" content=\"summary_large_image\" \/>\n<meta name=\"twitter:creator\" content=\"@CREESRD\" \/>\n<meta name=\"twitter:site\" content=\"@CREESRD\" \/>\n<meta name=\"twitter:label1\" content=\"Escrito por\" \/>\n\t<meta name=\"twitter:data1\" content=\"Crees\" \/>\n\t<meta name=\"twitter:label2\" content=\"Tiempo de lectura\" \/>\n\t<meta name=\"twitter:data2\" content=\"3 minutos\" \/>\n<script type=\"application\/ld+json\" class=\"yoast-schema-graph\">{\"@context\":\"https:\/\/schema.org\",\"@graph\":[{\"@type\":\"Article\",\"@id\":\"https:\/\/crees.org.do\/?p=13205#article\",\"isPartOf\":{\"@id\":\"https:\/\/crees.org.do\/?p=13205\"},\"author\":{\"name\":\"Crees\",\"@id\":\"https:\/\/crees.org.do\/#\/schema\/person\/e7f97cd94d7bf9cd0e0ce30acb7d56b8\"},\"headline\":\"\u00bfCu\u00e1ndo es el mejor momento para la reforma fiscal?\",\"datePublished\":\"2021-04-29T19:22:47+00:00\",\"dateModified\":\"2021-05-10T19:32:22+00:00\",\"mainEntityOfPage\":{\"@id\":\"https:\/\/crees.org.do\/?p=13205\"},\"wordCount\":527,\"publisher\":{\"@id\":\"https:\/\/crees.org.do\/#organization\"},\"image\":{\"@id\":\"https:\/\/crees.org.do\/?p=13205#primaryimage\"},\"thumbnailUrl\":\"https:\/\/crees.org.do\/wp-content\/uploads\/2021\/04\/logoeldinero.png\",\"articleSection\":[\"Actualidad\"],\"inLanguage\":\"es\"},{\"@type\":\"WebPage\",\"@id\":\"https:\/\/crees.org.do\/?p=13205\",\"url\":\"https:\/\/crees.org.do\/?p=13205\",\"name\":\"\u00bfCu\u00e1ndo es el mejor momento para la reforma fiscal? | CREES\",\"isPartOf\":{\"@id\":\"https:\/\/crees.org.do\/#website\"},\"primaryImageOfPage\":{\"@id\":\"https:\/\/crees.org.do\/?p=13205#primaryimage\"},\"image\":{\"@id\":\"https:\/\/crees.org.do\/?p=13205#primaryimage\"},\"thumbnailUrl\":\"https:\/\/crees.org.do\/wp-content\/uploads\/2021\/04\/logoeldinero.png\",\"datePublished\":\"2021-04-29T19:22:47+00:00\",\"dateModified\":\"2021-05-10T19:32:22+00:00\",\"breadcrumb\":{\"@id\":\"https:\/\/crees.org.do\/?p=13205#breadcrumb\"},\"inLanguage\":\"es\",\"potentialAction\":[{\"@type\":\"ReadAction\",\"target\":[\"https:\/\/crees.org.do\/?p=13205\"]}]},{\"@type\":\"ImageObject\",\"inLanguage\":\"es\",\"@id\":\"https:\/\/crees.org.do\/?p=13205#primaryimage\",\"url\":\"https:\/\/crees.org.do\/wp-content\/uploads\/2021\/04\/logoeldinero.png\",\"contentUrl\":\"https:\/\/crees.org.do\/wp-content\/uploads\/2021\/04\/logoeldinero.png\",\"width\":820,\"height\":356},{\"@type\":\"BreadcrumbList\",\"@id\":\"https:\/\/crees.org.do\/?p=13205#breadcrumb\",\"itemListElement\":[{\"@type\":\"ListItem\",\"position\":1,\"name\":\"Portada\",\"item\":\"https:\/\/crees.org.do\/\"},{\"@type\":\"ListItem\",\"position\":2,\"name\":\"\u00bfCu\u00e1ndo es el mejor momento para la reforma fiscal?\"}]},{\"@type\":\"WebSite\",\"@id\":\"https:\/\/crees.org.do\/#website\",\"url\":\"https:\/\/crees.org.do\/\",\"name\":\"CREES\",\"description\":\"Centro Regional de Estrategias Econ\u00f3micas Sostenibles\",\"publisher\":{\"@id\":\"https:\/\/crees.org.do\/#organization\"},\"potentialAction\":[{\"@type\":\"SearchAction\",\"target\":{\"@type\":\"EntryPoint\",\"urlTemplate\":\"https:\/\/crees.org.do\/?s={search_term_string}\"},\"query-input\":{\"@type\":\"PropertyValueSpecification\",\"valueRequired\":true,\"valueName\":\"search_term_string\"}}],\"inLanguage\":\"es\"},{\"@type\":\"Organization\",\"@id\":\"https:\/\/crees.org.do\/#organization\",\"name\":\"CREES | Centro Regional de Estrategias Econ\u00f3micas Sostenibles\",\"url\":\"https:\/\/crees.org.do\/\",\"logo\":{\"@type\":\"ImageObject\",\"inLanguage\":\"es\",\"@id\":\"https:\/\/crees.org.do\/#\/schema\/logo\/image\/\",\"url\":\"https:\/\/crees.org.do\/wp-content\/uploads\/2022\/03\/crees-logo-1.jpg\",\"contentUrl\":\"https:\/\/crees.org.do\/wp-content\/uploads\/2022\/03\/crees-logo-1.jpg\",\"width\":244,\"height\":71,\"caption\":\"CREES | Centro Regional de Estrategias Econ\u00f3micas Sostenibles\"},\"image\":{\"@id\":\"https:\/\/crees.org.do\/#\/schema\/logo\/image\/\"},\"sameAs\":[\"https:\/\/www.facebook.com\/CREESRD\/\",\"https:\/\/x.com\/CREESRD\"]},{\"@type\":\"Person\",\"@id\":\"https:\/\/crees.org.do\/#\/schema\/person\/e7f97cd94d7bf9cd0e0ce30acb7d56b8\",\"name\":\"Crees\",\"image\":{\"@type\":\"ImageObject\",\"inLanguage\":\"es\",\"@id\":\"https:\/\/crees.org.do\/#\/schema\/person\/image\/\",\"url\":\"https:\/\/secure.gravatar.com\/avatar\/390ac8f0be5d9aa046152553e2dd7011b59a512d89c150f5e5f28bb8d9a0b165?s=96&d=mm&r=g\",\"contentUrl\":\"https:\/\/secure.gravatar.com\/avatar\/390ac8f0be5d9aa046152553e2dd7011b59a512d89c150f5e5f28bb8d9a0b165?s=96&d=mm&r=g\",\"caption\":\"Crees\"},\"url\":\"https:\/\/crees.org.do\/?author=2\"}]}<\/script>\n<!-- \/ Yoast SEO plugin. -->","yoast_head_json":{"title":"\u00bfCu\u00e1ndo es el mejor momento para la reforma fiscal? | CREES","robots":{"index":"index","follow":"follow","max-snippet":"max-snippet:-1","max-image-preview":"max-image-preview:large","max-video-preview":"max-video-preview:-1"},"canonical":"https:\/\/crees.org.do\/?p=13205","og_locale":"es_ES","og_type":"article","og_title":"\u00bfCu\u00e1ndo es el mejor momento para la reforma fiscal? | CREES","og_description":"Autor: El Dinero Fecha: 29 de abril del 2021 Extra\u00eddo de: El Dinero Reformar el sistema tributario siempre ha sido un tema que genera fricci\u00f3n. Es inevitable. Ya sea porque al ser humano le desagrada pagar impuestos o porque no se siente conforme con lo que recibe a cambio, hablar de tributos resulta ser un...","og_url":"https:\/\/crees.org.do\/?p=13205","og_site_name":"CREES","article_publisher":"https:\/\/www.facebook.com\/CREESRD\/","article_published_time":"2021-04-29T19:22:47+00:00","article_modified_time":"2021-05-10T19:32:22+00:00","og_image":[{"width":820,"height":356,"url":"https:\/\/crees.org.do\/wp-content\/uploads\/2021\/04\/logoeldinero.png","type":"image\/png"}],"author":"Crees","twitter_card":"summary_large_image","twitter_creator":"@CREESRD","twitter_site":"@CREESRD","twitter_misc":{"Escrito por":"Crees","Tiempo de lectura":"3 minutos"},"schema":{"@context":"https:\/\/schema.org","@graph":[{"@type":"Article","@id":"https:\/\/crees.org.do\/?p=13205#article","isPartOf":{"@id":"https:\/\/crees.org.do\/?p=13205"},"author":{"name":"Crees","@id":"https:\/\/crees.org.do\/#\/schema\/person\/e7f97cd94d7bf9cd0e0ce30acb7d56b8"},"headline":"\u00bfCu\u00e1ndo es el mejor momento para la reforma fiscal?","datePublished":"2021-04-29T19:22:47+00:00","dateModified":"2021-05-10T19:32:22+00:00","mainEntityOfPage":{"@id":"https:\/\/crees.org.do\/?p=13205"},"wordCount":527,"publisher":{"@id":"https:\/\/crees.org.do\/#organization"},"image":{"@id":"https:\/\/crees.org.do\/?p=13205#primaryimage"},"thumbnailUrl":"https:\/\/crees.org.do\/wp-content\/uploads\/2021\/04\/logoeldinero.png","articleSection":["Actualidad"],"inLanguage":"es"},{"@type":"WebPage","@id":"https:\/\/crees.org.do\/?p=13205","url":"https:\/\/crees.org.do\/?p=13205","name":"\u00bfCu\u00e1ndo es el mejor momento para la reforma fiscal? | CREES","isPartOf":{"@id":"https:\/\/crees.org.do\/#website"},"primaryImageOfPage":{"@id":"https:\/\/crees.org.do\/?p=13205#primaryimage"},"image":{"@id":"https:\/\/crees.org.do\/?p=13205#primaryimage"},"thumbnailUrl":"https:\/\/crees.org.do\/wp-content\/uploads\/2021\/04\/logoeldinero.png","datePublished":"2021-04-29T19:22:47+00:00","dateModified":"2021-05-10T19:32:22+00:00","breadcrumb":{"@id":"https:\/\/crees.org.do\/?p=13205#breadcrumb"},"inLanguage":"es","potentialAction":[{"@type":"ReadAction","target":["https:\/\/crees.org.do\/?p=13205"]}]},{"@type":"ImageObject","inLanguage":"es","@id":"https:\/\/crees.org.do\/?p=13205#primaryimage","url":"https:\/\/crees.org.do\/wp-content\/uploads\/2021\/04\/logoeldinero.png","contentUrl":"https:\/\/crees.org.do\/wp-content\/uploads\/2021\/04\/logoeldinero.png","width":820,"height":356},{"@type":"BreadcrumbList","@id":"https:\/\/crees.org.do\/?p=13205#breadcrumb","itemListElement":[{"@type":"ListItem","position":1,"name":"Portada","item":"https:\/\/crees.org.do\/"},{"@type":"ListItem","position":2,"name":"\u00bfCu\u00e1ndo es el mejor momento para la reforma fiscal?"}]},{"@type":"WebSite","@id":"https:\/\/crees.org.do\/#website","url":"https:\/\/crees.org.do\/","name":"CREES","description":"Centro Regional de Estrategias Econ\u00f3micas Sostenibles","publisher":{"@id":"https:\/\/crees.org.do\/#organization"},"potentialAction":[{"@type":"SearchAction","target":{"@type":"EntryPoint","urlTemplate":"https:\/\/crees.org.do\/?s={search_term_string}"},"query-input":{"@type":"PropertyValueSpecification","valueRequired":true,"valueName":"search_term_string"}}],"inLanguage":"es"},{"@type":"Organization","@id":"https:\/\/crees.org.do\/#organization","name":"CREES | Centro Regional de Estrategias Econ\u00f3micas Sostenibles","url":"https:\/\/crees.org.do\/","logo":{"@type":"ImageObject","inLanguage":"es","@id":"https:\/\/crees.org.do\/#\/schema\/logo\/image\/","url":"https:\/\/crees.org.do\/wp-content\/uploads\/2022\/03\/crees-logo-1.jpg","contentUrl":"https:\/\/crees.org.do\/wp-content\/uploads\/2022\/03\/crees-logo-1.jpg","width":244,"height":71,"caption":"CREES | Centro Regional de Estrategias Econ\u00f3micas Sostenibles"},"image":{"@id":"https:\/\/crees.org.do\/#\/schema\/logo\/image\/"},"sameAs":["https:\/\/www.facebook.com\/CREESRD\/","https:\/\/x.com\/CREESRD"]},{"@type":"Person","@id":"https:\/\/crees.org.do\/#\/schema\/person\/e7f97cd94d7bf9cd0e0ce30acb7d56b8","name":"Crees","image":{"@type":"ImageObject","inLanguage":"es","@id":"https:\/\/crees.org.do\/#\/schema\/person\/image\/","url":"https:\/\/secure.gravatar.com\/avatar\/390ac8f0be5d9aa046152553e2dd7011b59a512d89c150f5e5f28bb8d9a0b165?s=96&d=mm&r=g","contentUrl":"https:\/\/secure.gravatar.com\/avatar\/390ac8f0be5d9aa046152553e2dd7011b59a512d89c150f5e5f28bb8d9a0b165?s=96&d=mm&r=g","caption":"Crees"},"url":"https:\/\/crees.org.do\/?author=2"}]}},"_links":{"self":[{"href":"https:\/\/crees.org.do\/index.php?rest_route=\/wp\/v2\/posts\/13205","targetHints":{"allow":["GET"]}}],"collection":[{"href":"https:\/\/crees.org.do\/index.php?rest_route=\/wp\/v2\/posts"}],"about":[{"href":"https:\/\/crees.org.do\/index.php?rest_route=\/wp\/v2\/types\/post"}],"author":[{"embeddable":true,"href":"https:\/\/crees.org.do\/index.php?rest_route=\/wp\/v2\/users\/2"}],"replies":[{"embeddable":true,"href":"https:\/\/crees.org.do\/index.php?rest_route=%2Fwp%2Fv2%2Fcomments&post=13205"}],"version-history":[{"count":3,"href":"https:\/\/crees.org.do\/index.php?rest_route=\/wp\/v2\/posts\/13205\/revisions"}],"predecessor-version":[{"id":13209,"href":"https:\/\/crees.org.do\/index.php?rest_route=\/wp\/v2\/posts\/13205\/revisions\/13209"}],"wp:featuredmedia":[{"embeddable":true,"href":"https:\/\/crees.org.do\/index.php?rest_route=\/wp\/v2\/media\/13210"}],"wp:attachment":[{"href":"https:\/\/crees.org.do\/index.php?rest_route=%2Fwp%2Fv2%2Fmedia&parent=13205"}],"wp:term":[{"taxonomy":"category","embeddable":true,"href":"https:\/\/crees.org.do\/index.php?rest_route=%2Fwp%2Fv2%2Fcategories&post=13205"},{"taxonomy":"post_tag","embeddable":true,"href":"https:\/\/crees.org.do\/index.php?rest_route=%2Fwp%2Fv2%2Ftags&post=13205"}],"curies":[{"name":"wp","href":"https:\/\/api.w.org\/{rel}","templated":true}]}}