{"id":13289,"date":"2021-05-12T19:26:04","date_gmt":"2021-05-12T19:26:04","guid":{"rendered":"https:\/\/crees.org.do\/?p=13289"},"modified":"2021-05-12T20:00:02","modified_gmt":"2021-05-12T20:00:02","slug":"en-realidad-quienes-pagan-los-impuestos","status":"publish","type":"post","link":"https:\/\/crees.org.do\/?p=13289","title":{"rendered":"En realidad, \u00bfqui\u00e9nes pagan los impuestos?"},"content":{"rendered":"<p>Autor: Miguel Collado Di Franco<\/p>\n<p>Fecha: 12 de mayo del 2021<\/p>\n<p>&nbsp;<\/p>\n<p>Cuando se habla de impuestos, pocas veces se trata un punto fundamental: la incidencia real de los tributos. Se habla de pagar impuestos. Y por pagar, el tema se limita a qui\u00e9n realiza el pago del impuesto al gobierno: el contribuyente o sujeto pasivo. Sin embargo, en el debate local existen escasas referencias de qui\u00e9nes son las personas a las cu\u00e1les les impactan los impuestos; es decir, sobre qui\u00e9nes inciden estos.<\/p>\n<p>En realidad, los impuestos impactan los ingresos de todos los ciudadanos; no solo de quienes efect\u00faan el acto, la acci\u00f3n, de pagarlos. En tal sentido, la pregunta relevante para el an\u00e1lisis de las subidas o creaciones de nuevos tributos deber\u00eda ser: \u201c\u00bfQui\u00e9nes sufren las reducciones de riqueza que generan los impuestos?\u201d.<\/p>\n<p>Un impuesto sobre la renta, por ejemplo, crea dos opciones fundamentales en las empresas: i) aumentar los precios de los bienes producidos o, ii) impactar la compensaci\u00f3n a los trabajadores. Ambas medidas tratan de mantener la rentabilidad que ha sido erosionada por el impuesto.<\/p>\n<p>Es preciso tener en cuenta es que para el capital es m\u00e1s f\u00e1cil tratar de moverse a otra actividad en busca de mantener su rendimiento. Es decir, los due\u00f1os del capital tratan de buscar un retorno mayor en otro pa\u00eds o jurisdicci\u00f3n; o en una actividad que no est\u00e9 gravada, por eso no es de sorprender la cantidad de exenciones o exoneraciones impositivas que surgen en sistemas complejos y de altas impositivas. En cambio, los trabajadores no pueden moverse de igual forma; por tanto, son los m\u00e1s perjudicados en t\u00e9rminos relativos.<\/p>\n<p>Con la opci\u00f3n primera, la del aumento de precios, el consumidor pagar\u00e1 una parte del impuesto. Este aumento tendr\u00e1 un efecto sobre el volumen vendido ya que el comprador obtendr\u00e1 menos cantidad de bienes por el precio que pagaba antes.<\/p>\n<p>La reducci\u00f3n relativa en la demanda, comparada con la que existir\u00eda en ausencia del impuesto o menores tasas, tendr\u00e1 un impacto m\u00e1s amplio. El impuesto perjudicar\u00e1 a quienes participan en los procesos productivos relacionados.<\/p>\n<p>En este punto es importante se\u00f1alar que el impuesto perjudicar\u00e1 a consumidores como a productores. Aclaramos que productor es un concepto amplio. En la producci\u00f3n intervienen maquinarias, insumos, terrenos y capital. Y el elemento fundamental: los trabajadores que proporcionan sus capacidades para ser empleadas en el proceso productivo. El conjunto de todos estos elementos, en los distintos procesos productivos, es lo que solemos conocer como productores.<\/p>\n<p>En consecuencia, menor producci\u00f3n que la que existir\u00eda en ausencia del impuesto, o menores tasas, incide sobre el conjunto de productores, en el sentido en que los acabamos de definir. Tal es el caso de proveedores de insumos, de maquinarias, de servicios de almacenamiento, de transporte o de financiamiento, y de empleo.<\/p>\n<p>Es decir, la generaci\u00f3n de ingresos, el empleo, el ahorro y la inversi\u00f3n son impactados por el sistema impositivo. Es evidente que los impuestos crean distorsiones dentro de las econom\u00edas. Al igual que es importante tener siempre presente que por este motivo impactan el desarrollo econ\u00f3mico. Los impuestos no son neutros; crean distorsiones dentro de la econom\u00eda.<\/p>\n<p>Es cierto que, por la competencia internacional en el mercado de bienes, no siempre es posible realizar un incremento en el precio del bien. Ante esa posibilidad real, \u00bfpor qu\u00e9 v\u00eda se har\u00e1 el ajuste para poder seguir obteniendo el mismo retorno del capital? Por el eslab\u00f3n m\u00e1s d\u00e9bil: el salario del trabajador.<\/p>\n<p>Tal como expresamos anteriormente, el capital puede moverse m\u00e1s f\u00e1cilmente que el trabajo. E incluso, una realidad palpable a diario en pa\u00edses con sistemas impositivos onerosos como el dominicano es el incentivo a la evasi\u00f3n y la elusi\u00f3n. Estas acciones son incentivadas por impuestos de tasas altas y complejidad para su cumplimiento. El trabajador no tiene esta alternativa. Solo puede recibir un salario menor ya sea dentro de la formalidad o dentro de la informalidad, tambi\u00e9n promovida por el sistema impositivo.<\/p>\n<p>Al final del d\u00eda, en sus roles de consumidores, emprendedores, propietarios, trabajadores, ahorrantes e inversionistas, son los ciudadanos quienes terminan con menor poder adquisitivo ante los incrementos de tasas impositivas o la creaci\u00f3n de nuevos tributos. \u00bfY qu\u00e9 sucede con las recaudaciones? Las mismas distorsiones creadas por los impuestos erosionan las bases imponibles. En poco tiempo salen a flote las distorsiones impositivas.<\/p>\n<p>En consecuencia, permanecen los desequilibrios fiscales que se pretenden ajustar v\u00eda impuestos. En poco tiempo, probablemente tan pronto como en uno o dos a\u00f1os, se repite la historia y se aplican otros esquemas impositivos. Tal vez mediante la v\u00eda administrativa o se recurre a nuevas legislaciones.<\/p>\n<p>Es decir, nuevos parches; porque la reforma basada en nuevos impuestos y tasas m\u00e1s altas se enfrent\u00f3 con la realidad. Y el endeudamiento p\u00fablico, que se pretend\u00eda reducir, contin\u00faa en el tiempo como el mecanismo que siempre ser\u00e1: impuestos diferidos que deben pagar los ciudadanos.<\/p>\n<p>Lo explicado lo hemos vivido en Rep\u00fablica Dominicana y la evidencia internacional tambi\u00e9n avala la realidad descrita.<\/p>\n<p>La alternativa viable y permanente en el tiempo, es la creaci\u00f3n de un sistema simple de tasas m\u00e1s bajas y bases m\u00e1s amplias. Esa es la forma de promover el crecimiento, facilitar a la administraci\u00f3n tributaria su trabajo y, lo m\u00e1s importante, no penalizar a la generalidad de la ciudadan\u00eda, que es la que sufre la incidencia de los impuestos.<\/p>\n<div class=\"pvc_clear\"><\/div>\n<p class=\"pvc_stats all \" data-element-id=\"13289\" style=\"\"><i class=\"pvc-stats-icon medium\" aria-hidden=\"true\"><svg aria-hidden=\"true\" focusable=\"false\" data-prefix=\"far\" data-icon=\"chart-bar\" role=\"img\" xmlns=\"http:\/\/www.w3.org\/2000\/svg\" viewBox=\"0 0 512 512\" class=\"svg-inline--fa fa-chart-bar fa-w-16 fa-2x\"><path fill=\"currentColor\" d=\"M396.8 352h22.4c6.4 0 12.8-6.4 12.8-12.8V108.8c0-6.4-6.4-12.8-12.8-12.8h-22.4c-6.4 0-12.8 6.4-12.8 12.8v230.4c0 6.4 6.4 12.8 12.8 12.8zm-192 0h22.4c6.4 0 12.8-6.4 12.8-12.8V140.8c0-6.4-6.4-12.8-12.8-12.8h-22.4c-6.4 0-12.8 6.4-12.8 12.8v198.4c0 6.4 6.4 12.8 12.8 12.8zm96 0h22.4c6.4 0 12.8-6.4 12.8-12.8V204.8c0-6.4-6.4-12.8-12.8-12.8h-22.4c-6.4 0-12.8 6.4-12.8 12.8v134.4c0 6.4 6.4 12.8 12.8 12.8zM496 400H48V80c0-8.84-7.16-16-16-16H16C7.16 64 0 71.16 0 80v336c0 17.67 14.33 32 32 32h464c8.84 0 16-7.16 16-16v-16c0-8.84-7.16-16-16-16zm-387.2-48h22.4c6.4 0 12.8-6.4 12.8-12.8v-70.4c0-6.4-6.4-12.8-12.8-12.8h-22.4c-6.4 0-12.8 6.4-12.8 12.8v70.4c0 6.4 6.4 12.8 12.8 12.8z\" class=\"\"><\/path><\/svg><\/i> Vistas Totales&nbsp;1,835&nbsp;, Vistas Hoy&nbsp;2&nbsp;<\/p>\n<div class=\"pvc_clear\"><\/div>\n","protected":false},"excerpt":{"rendered":"<p>Autor: Miguel Collado Di Franco Fecha: 12 de mayo del 2021 &nbsp; Cuando se habla de impuestos, pocas veces se trata un punto fundamental: la incidencia real de los tributos. Se habla de pagar impuestos. Y por pagar, el tema se limita a qui\u00e9n realiza el pago del impuesto al gobierno: el contribuyente o sujeto&#8230;<\/p>\n<div class=\"pvc_clear\"><\/div>\n<p class=\"pvc_stats all \" data-element-id=\"13289\" style=\"\"><i class=\"pvc-stats-icon medium\" aria-hidden=\"true\"><svg aria-hidden=\"true\" focusable=\"false\" data-prefix=\"far\" data-icon=\"chart-bar\" role=\"img\" xmlns=\"http:\/\/www.w3.org\/2000\/svg\" viewBox=\"0 0 512 512\" class=\"svg-inline--fa fa-chart-bar fa-w-16 fa-2x\"><path fill=\"currentColor\" d=\"M396.8 352h22.4c6.4 0 12.8-6.4 12.8-12.8V108.8c0-6.4-6.4-12.8-12.8-12.8h-22.4c-6.4 0-12.8 6.4-12.8 12.8v230.4c0 6.4 6.4 12.8 12.8 12.8zm-192 0h22.4c6.4 0 12.8-6.4 12.8-12.8V140.8c0-6.4-6.4-12.8-12.8-12.8h-22.4c-6.4 0-12.8 6.4-12.8 12.8v198.4c0 6.4 6.4 12.8 12.8 12.8zm96 0h22.4c6.4 0 12.8-6.4 12.8-12.8V204.8c0-6.4-6.4-12.8-12.8-12.8h-22.4c-6.4 0-12.8 6.4-12.8 12.8v134.4c0 6.4 6.4 12.8 12.8 12.8zM496 400H48V80c0-8.84-7.16-16-16-16H16C7.16 64 0 71.16 0 80v336c0 17.67 14.33 32 32 32h464c8.84 0 16-7.16 16-16v-16c0-8.84-7.16-16-16-16zm-387.2-48h22.4c6.4 0 12.8-6.4 12.8-12.8v-70.4c0-6.4-6.4-12.8-12.8-12.8h-22.4c-6.4 0-12.8 6.4-12.8 12.8v70.4c0 6.4 6.4 12.8 12.8 12.8z\" class=\"\"><\/path><\/svg><\/i> Vistas Totales&nbsp;1,835&nbsp;, Vistas Hoy&nbsp;2&nbsp;<\/p>\n<div class=\"pvc_clear\"><\/div>\n","protected":false},"author":2,"featured_media":13295,"comment_status":"closed","ping_status":"closed","sticky":false,"template":"","format":"standard","meta":{"footnotes":""},"categories":[22],"tags":[],"class_list":["post-13289","post","type-post","status-publish","format-standard","has-post-thumbnail","hentry","category-articulos"],"yoast_head":"<!-- This site is optimized with the Yoast SEO plugin v25.2 - https:\/\/yoast.com\/wordpress\/plugins\/seo\/ -->\n<title>En realidad, \u00bfqui\u00e9nes pagan los impuestos? | CREES<\/title>\n<meta name=\"robots\" content=\"index, follow, max-snippet:-1, max-image-preview:large, max-video-preview:-1\" \/>\n<link rel=\"canonical\" href=\"https:\/\/crees.org.do\/?p=13289\" \/>\n<meta property=\"og:locale\" content=\"es_ES\" \/>\n<meta property=\"og:type\" content=\"article\" \/>\n<meta property=\"og:title\" content=\"En realidad, \u00bfqui\u00e9nes pagan los impuestos? | CREES\" \/>\n<meta property=\"og:description\" content=\"Autor: Miguel Collado Di Franco Fecha: 12 de mayo del 2021 &nbsp; Cuando se habla de impuestos, pocas veces se trata un punto fundamental: la incidencia real de los tributos. Se habla de pagar impuestos. Y por pagar, el tema se limita a qui\u00e9n realiza el pago del impuesto al gobierno: el contribuyente o sujeto...\" \/>\n<meta property=\"og:url\" content=\"https:\/\/crees.org.do\/?p=13289\" \/>\n<meta property=\"og:site_name\" content=\"CREES\" \/>\n<meta property=\"article:publisher\" content=\"https:\/\/www.facebook.com\/CREESRD\/\" \/>\n<meta property=\"article:published_time\" content=\"2021-05-12T19:26:04+00:00\" \/>\n<meta property=\"article:modified_time\" content=\"2021-05-12T20:00:02+00:00\" \/>\n<meta property=\"og:image\" content=\"https:\/\/crees.org.do\/wp-content\/uploads\/2021\/05\/mochila-2.0.jpg\" \/>\n\t<meta property=\"og:image:width\" content=\"750\" \/>\n\t<meta property=\"og:image:height\" content=\"481\" \/>\n\t<meta property=\"og:image:type\" content=\"image\/jpeg\" \/>\n<meta name=\"author\" content=\"Crees\" \/>\n<meta name=\"twitter:card\" content=\"summary_large_image\" \/>\n<meta name=\"twitter:creator\" content=\"@CREESRD\" \/>\n<meta name=\"twitter:site\" content=\"@CREESRD\" \/>\n<meta name=\"twitter:label1\" content=\"Escrito por\" \/>\n\t<meta name=\"twitter:data1\" content=\"Crees\" \/>\n\t<meta name=\"twitter:label2\" content=\"Tiempo de lectura\" \/>\n\t<meta name=\"twitter:data2\" content=\"5 minutos\" \/>\n<script type=\"application\/ld+json\" class=\"yoast-schema-graph\">{\"@context\":\"https:\/\/schema.org\",\"@graph\":[{\"@type\":\"Article\",\"@id\":\"https:\/\/crees.org.do\/?p=13289#article\",\"isPartOf\":{\"@id\":\"https:\/\/crees.org.do\/?p=13289\"},\"author\":{\"name\":\"Crees\",\"@id\":\"https:\/\/crees.org.do\/#\/schema\/person\/e7f97cd94d7bf9cd0e0ce30acb7d56b8\"},\"headline\":\"En realidad, \u00bfqui\u00e9nes pagan los impuestos?\",\"datePublished\":\"2021-05-12T19:26:04+00:00\",\"dateModified\":\"2021-05-12T20:00:02+00:00\",\"mainEntityOfPage\":{\"@id\":\"https:\/\/crees.org.do\/?p=13289\"},\"wordCount\":944,\"publisher\":{\"@id\":\"https:\/\/crees.org.do\/#organization\"},\"image\":{\"@id\":\"https:\/\/crees.org.do\/?p=13289#primaryimage\"},\"thumbnailUrl\":\"https:\/\/crees.org.do\/wp-content\/uploads\/2021\/05\/mochila-2.0.jpg\",\"articleSection\":[\"Art\u00edculos\"],\"inLanguage\":\"es\"},{\"@type\":\"WebPage\",\"@id\":\"https:\/\/crees.org.do\/?p=13289\",\"url\":\"https:\/\/crees.org.do\/?p=13289\",\"name\":\"En realidad, \u00bfqui\u00e9nes pagan los impuestos? | CREES\",\"isPartOf\":{\"@id\":\"https:\/\/crees.org.do\/#website\"},\"primaryImageOfPage\":{\"@id\":\"https:\/\/crees.org.do\/?p=13289#primaryimage\"},\"image\":{\"@id\":\"https:\/\/crees.org.do\/?p=13289#primaryimage\"},\"thumbnailUrl\":\"https:\/\/crees.org.do\/wp-content\/uploads\/2021\/05\/mochila-2.0.jpg\",\"datePublished\":\"2021-05-12T19:26:04+00:00\",\"dateModified\":\"2021-05-12T20:00:02+00:00\",\"breadcrumb\":{\"@id\":\"https:\/\/crees.org.do\/?p=13289#breadcrumb\"},\"inLanguage\":\"es\",\"potentialAction\":[{\"@type\":\"ReadAction\",\"target\":[\"https:\/\/crees.org.do\/?p=13289\"]}]},{\"@type\":\"ImageObject\",\"inLanguage\":\"es\",\"@id\":\"https:\/\/crees.org.do\/?p=13289#primaryimage\",\"url\":\"https:\/\/crees.org.do\/wp-content\/uploads\/2021\/05\/mochila-2.0.jpg\",\"contentUrl\":\"https:\/\/crees.org.do\/wp-content\/uploads\/2021\/05\/mochila-2.0.jpg\",\"width\":750,\"height\":481},{\"@type\":\"BreadcrumbList\",\"@id\":\"https:\/\/crees.org.do\/?p=13289#breadcrumb\",\"itemListElement\":[{\"@type\":\"ListItem\",\"position\":1,\"name\":\"Portada\",\"item\":\"https:\/\/crees.org.do\/\"},{\"@type\":\"ListItem\",\"position\":2,\"name\":\"En realidad, \u00bfqui\u00e9nes pagan los impuestos?\"}]},{\"@type\":\"WebSite\",\"@id\":\"https:\/\/crees.org.do\/#website\",\"url\":\"https:\/\/crees.org.do\/\",\"name\":\"CREES\",\"description\":\"Centro Regional de Estrategias Econ\u00f3micas Sostenibles\",\"publisher\":{\"@id\":\"https:\/\/crees.org.do\/#organization\"},\"potentialAction\":[{\"@type\":\"SearchAction\",\"target\":{\"@type\":\"EntryPoint\",\"urlTemplate\":\"https:\/\/crees.org.do\/?s={search_term_string}\"},\"query-input\":{\"@type\":\"PropertyValueSpecification\",\"valueRequired\":true,\"valueName\":\"search_term_string\"}}],\"inLanguage\":\"es\"},{\"@type\":\"Organization\",\"@id\":\"https:\/\/crees.org.do\/#organization\",\"name\":\"CREES | Centro Regional de Estrategias Econ\u00f3micas Sostenibles\",\"url\":\"https:\/\/crees.org.do\/\",\"logo\":{\"@type\":\"ImageObject\",\"inLanguage\":\"es\",\"@id\":\"https:\/\/crees.org.do\/#\/schema\/logo\/image\/\",\"url\":\"https:\/\/crees.org.do\/wp-content\/uploads\/2022\/03\/crees-logo-1.jpg\",\"contentUrl\":\"https:\/\/crees.org.do\/wp-content\/uploads\/2022\/03\/crees-logo-1.jpg\",\"width\":244,\"height\":71,\"caption\":\"CREES | Centro Regional de Estrategias Econ\u00f3micas Sostenibles\"},\"image\":{\"@id\":\"https:\/\/crees.org.do\/#\/schema\/logo\/image\/\"},\"sameAs\":[\"https:\/\/www.facebook.com\/CREESRD\/\",\"https:\/\/x.com\/CREESRD\"]},{\"@type\":\"Person\",\"@id\":\"https:\/\/crees.org.do\/#\/schema\/person\/e7f97cd94d7bf9cd0e0ce30acb7d56b8\",\"name\":\"Crees\",\"image\":{\"@type\":\"ImageObject\",\"inLanguage\":\"es\",\"@id\":\"https:\/\/crees.org.do\/#\/schema\/person\/image\/\",\"url\":\"https:\/\/secure.gravatar.com\/avatar\/390ac8f0be5d9aa046152553e2dd7011b59a512d89c150f5e5f28bb8d9a0b165?s=96&d=mm&r=g\",\"contentUrl\":\"https:\/\/secure.gravatar.com\/avatar\/390ac8f0be5d9aa046152553e2dd7011b59a512d89c150f5e5f28bb8d9a0b165?s=96&d=mm&r=g\",\"caption\":\"Crees\"},\"url\":\"https:\/\/crees.org.do\/?author=2\"}]}<\/script>\n<!-- \/ Yoast SEO plugin. -->","yoast_head_json":{"title":"En realidad, \u00bfqui\u00e9nes pagan los impuestos? | CREES","robots":{"index":"index","follow":"follow","max-snippet":"max-snippet:-1","max-image-preview":"max-image-preview:large","max-video-preview":"max-video-preview:-1"},"canonical":"https:\/\/crees.org.do\/?p=13289","og_locale":"es_ES","og_type":"article","og_title":"En realidad, \u00bfqui\u00e9nes pagan los impuestos? | CREES","og_description":"Autor: Miguel Collado Di Franco Fecha: 12 de mayo del 2021 &nbsp; Cuando se habla de impuestos, pocas veces se trata un punto fundamental: la incidencia real de los tributos. Se habla de pagar impuestos. Y por pagar, el tema se limita a qui\u00e9n realiza el pago del impuesto al gobierno: el contribuyente o sujeto...","og_url":"https:\/\/crees.org.do\/?p=13289","og_site_name":"CREES","article_publisher":"https:\/\/www.facebook.com\/CREESRD\/","article_published_time":"2021-05-12T19:26:04+00:00","article_modified_time":"2021-05-12T20:00:02+00:00","og_image":[{"width":750,"height":481,"url":"https:\/\/crees.org.do\/wp-content\/uploads\/2021\/05\/mochila-2.0.jpg","type":"image\/jpeg"}],"author":"Crees","twitter_card":"summary_large_image","twitter_creator":"@CREESRD","twitter_site":"@CREESRD","twitter_misc":{"Escrito por":"Crees","Tiempo de lectura":"5 minutos"},"schema":{"@context":"https:\/\/schema.org","@graph":[{"@type":"Article","@id":"https:\/\/crees.org.do\/?p=13289#article","isPartOf":{"@id":"https:\/\/crees.org.do\/?p=13289"},"author":{"name":"Crees","@id":"https:\/\/crees.org.do\/#\/schema\/person\/e7f97cd94d7bf9cd0e0ce30acb7d56b8"},"headline":"En realidad, \u00bfqui\u00e9nes pagan los impuestos?","datePublished":"2021-05-12T19:26:04+00:00","dateModified":"2021-05-12T20:00:02+00:00","mainEntityOfPage":{"@id":"https:\/\/crees.org.do\/?p=13289"},"wordCount":944,"publisher":{"@id":"https:\/\/crees.org.do\/#organization"},"image":{"@id":"https:\/\/crees.org.do\/?p=13289#primaryimage"},"thumbnailUrl":"https:\/\/crees.org.do\/wp-content\/uploads\/2021\/05\/mochila-2.0.jpg","articleSection":["Art\u00edculos"],"inLanguage":"es"},{"@type":"WebPage","@id":"https:\/\/crees.org.do\/?p=13289","url":"https:\/\/crees.org.do\/?p=13289","name":"En realidad, \u00bfqui\u00e9nes pagan los impuestos? | CREES","isPartOf":{"@id":"https:\/\/crees.org.do\/#website"},"primaryImageOfPage":{"@id":"https:\/\/crees.org.do\/?p=13289#primaryimage"},"image":{"@id":"https:\/\/crees.org.do\/?p=13289#primaryimage"},"thumbnailUrl":"https:\/\/crees.org.do\/wp-content\/uploads\/2021\/05\/mochila-2.0.jpg","datePublished":"2021-05-12T19:26:04+00:00","dateModified":"2021-05-12T20:00:02+00:00","breadcrumb":{"@id":"https:\/\/crees.org.do\/?p=13289#breadcrumb"},"inLanguage":"es","potentialAction":[{"@type":"ReadAction","target":["https:\/\/crees.org.do\/?p=13289"]}]},{"@type":"ImageObject","inLanguage":"es","@id":"https:\/\/crees.org.do\/?p=13289#primaryimage","url":"https:\/\/crees.org.do\/wp-content\/uploads\/2021\/05\/mochila-2.0.jpg","contentUrl":"https:\/\/crees.org.do\/wp-content\/uploads\/2021\/05\/mochila-2.0.jpg","width":750,"height":481},{"@type":"BreadcrumbList","@id":"https:\/\/crees.org.do\/?p=13289#breadcrumb","itemListElement":[{"@type":"ListItem","position":1,"name":"Portada","item":"https:\/\/crees.org.do\/"},{"@type":"ListItem","position":2,"name":"En realidad, \u00bfqui\u00e9nes pagan los impuestos?"}]},{"@type":"WebSite","@id":"https:\/\/crees.org.do\/#website","url":"https:\/\/crees.org.do\/","name":"CREES","description":"Centro Regional de Estrategias Econ\u00f3micas Sostenibles","publisher":{"@id":"https:\/\/crees.org.do\/#organization"},"potentialAction":[{"@type":"SearchAction","target":{"@type":"EntryPoint","urlTemplate":"https:\/\/crees.org.do\/?s={search_term_string}"},"query-input":{"@type":"PropertyValueSpecification","valueRequired":true,"valueName":"search_term_string"}}],"inLanguage":"es"},{"@type":"Organization","@id":"https:\/\/crees.org.do\/#organization","name":"CREES | Centro Regional de Estrategias Econ\u00f3micas Sostenibles","url":"https:\/\/crees.org.do\/","logo":{"@type":"ImageObject","inLanguage":"es","@id":"https:\/\/crees.org.do\/#\/schema\/logo\/image\/","url":"https:\/\/crees.org.do\/wp-content\/uploads\/2022\/03\/crees-logo-1.jpg","contentUrl":"https:\/\/crees.org.do\/wp-content\/uploads\/2022\/03\/crees-logo-1.jpg","width":244,"height":71,"caption":"CREES | Centro Regional de Estrategias Econ\u00f3micas Sostenibles"},"image":{"@id":"https:\/\/crees.org.do\/#\/schema\/logo\/image\/"},"sameAs":["https:\/\/www.facebook.com\/CREESRD\/","https:\/\/x.com\/CREESRD"]},{"@type":"Person","@id":"https:\/\/crees.org.do\/#\/schema\/person\/e7f97cd94d7bf9cd0e0ce30acb7d56b8","name":"Crees","image":{"@type":"ImageObject","inLanguage":"es","@id":"https:\/\/crees.org.do\/#\/schema\/person\/image\/","url":"https:\/\/secure.gravatar.com\/avatar\/390ac8f0be5d9aa046152553e2dd7011b59a512d89c150f5e5f28bb8d9a0b165?s=96&d=mm&r=g","contentUrl":"https:\/\/secure.gravatar.com\/avatar\/390ac8f0be5d9aa046152553e2dd7011b59a512d89c150f5e5f28bb8d9a0b165?s=96&d=mm&r=g","caption":"Crees"},"url":"https:\/\/crees.org.do\/?author=2"}]}},"_links":{"self":[{"href":"https:\/\/crees.org.do\/index.php?rest_route=\/wp\/v2\/posts\/13289","targetHints":{"allow":["GET"]}}],"collection":[{"href":"https:\/\/crees.org.do\/index.php?rest_route=\/wp\/v2\/posts"}],"about":[{"href":"https:\/\/crees.org.do\/index.php?rest_route=\/wp\/v2\/types\/post"}],"author":[{"embeddable":true,"href":"https:\/\/crees.org.do\/index.php?rest_route=\/wp\/v2\/users\/2"}],"replies":[{"embeddable":true,"href":"https:\/\/crees.org.do\/index.php?rest_route=%2Fwp%2Fv2%2Fcomments&post=13289"}],"version-history":[{"count":1,"href":"https:\/\/crees.org.do\/index.php?rest_route=\/wp\/v2\/posts\/13289\/revisions"}],"predecessor-version":[{"id":13290,"href":"https:\/\/crees.org.do\/index.php?rest_route=\/wp\/v2\/posts\/13289\/revisions\/13290"}],"wp:featuredmedia":[{"embeddable":true,"href":"https:\/\/crees.org.do\/index.php?rest_route=\/wp\/v2\/media\/13295"}],"wp:attachment":[{"href":"https:\/\/crees.org.do\/index.php?rest_route=%2Fwp%2Fv2%2Fmedia&parent=13289"}],"wp:term":[{"taxonomy":"category","embeddable":true,"href":"https:\/\/crees.org.do\/index.php?rest_route=%2Fwp%2Fv2%2Fcategories&post=13289"},{"taxonomy":"post_tag","embeddable":true,"href":"https:\/\/crees.org.do\/index.php?rest_route=%2Fwp%2Fv2%2Ftags&post=13289"}],"curies":[{"name":"wp","href":"https:\/\/api.w.org\/{rel}","templated":true}]}}