{"id":13374,"date":"2021-06-02T16:06:52","date_gmt":"2021-06-02T16:06:52","guid":{"rendered":"https:\/\/crees.org.do\/?p=13374"},"modified":"2021-06-02T16:13:52","modified_gmt":"2021-06-02T16:13:52","slug":"el-crecimiento-economico-no-es-sostenible-dicen-expertos","status":"publish","type":"post","link":"https:\/\/crees.org.do\/?p=13374","title":{"rendered":"El crecimiento econ\u00f3mico no es sostenible, dicen expertos"},"content":{"rendered":"<p>Autor: Dilenni Bonilla<\/p>\n<p>Fecha: 28 de mayo del 2021<\/p>\n<p>Extra\u00eddo de: <a href=\"https:\/\/eldia.com.do\/el-crecimiento-economico-no-es-sostenible-dicen-expertos\/\">El D\u00eda<\/a><\/p>\n<p>&nbsp;<\/p>\n<p><strong>SANTO DOMINGO.-<\/strong>Aunque la econom\u00eda haya mostrado gran crecimiento al mes de abril con relaci\u00f3n al pasado a\u00f1o y al igual per\u00edodo prepandemia, no significa que haya una recuperaci\u00f3n econ\u00f3mica sostenible, sino que comienza a recuperarse, entienden empresarios y economistas.<\/p>\n<p>Para Ariel Jim\u00e9nez, ex ministro de Econom\u00eda, Planificaci\u00f3n y Desarrollo, el que la econom\u00eda haya presentado un crecimiento de 47.1 % en el mes de abril con relaci\u00f3n al pasado a\u00f1o, no implica que se haya recuperado, sino que comienza a mostrar signos de la misma.<\/p>\n<p>\u201cTodo solo es un indicador estad\u00edstico, por estar comparando con un mes que estuvo cerrado con una ca\u00edda inigualable, con otro de actividad econ\u00f3mica activa\u201d, apunt\u00f3 el economista.<\/p>\n<p>Explic\u00f3 que en el mes de abril la econom\u00eda estuvo tan baja que cualquier cifra dar\u00eda un crecimiento extraordinario, pero eso no significa que se mantendr\u00e1 en el resto del a\u00f1o.<br \/>\nEn los meses de junio, julio y agosto se ver\u00e1 que comenzar\u00e1n a reflejarse otros indicadores estad\u00edsticos, apunt\u00f3.<\/p>\n<p>Con Jim\u00e9nez coincidi\u00f3 Guillermo Caram, al se\u00f1alar que el que hayan indicios de recuperaci\u00f3n en comparaci\u00f3n con abril del 2019 no significa que haya recuperaci\u00f3n sostenible, ya que el rebrote de la pandemia podr\u00eda ser una amenaza para tal recuperaci\u00f3n econ\u00f3mica.<\/p>\n<p>\u201cEl n\u00famero de camas que est\u00e1n destinadas a cuidados intensivos del Covid -19 es mayor que lo m\u00e1ximo que se utiliz\u00f3 en la primera y segunda ola\u201d, advirti\u00f3 el ex gobernador del Banco Central al se\u00f1alar que no se puede cantar victoria antes de tiempo porque esos son indicadores de un solo mes.<\/p>\n<p>De su lado, igual consideraci\u00f3n tuvo Miguel Di Franco, vicepresidente del Centro Regional de Estrategias Econ\u00f3micas Sostenibles, quien destac\u00f3 que el indicador de recuperaci\u00f3n econ\u00f3mica estar\u00e1 cuando el turismo vuelva a tener los mismos indicadores prepand\u00e9micos, al considerar que no ser\u00e1 hasta el pr\u00f3ximo a\u00f1o cuando habr\u00e1 recuperaci\u00f3n del turismo y por ende de la econom\u00eda en comparaci\u00f3n con el 2019.<\/p>\n<p>Asimismo, indic\u00f3 que la gente no est\u00e1 sintiendo ese crecimiento revelado por el Banco Central porque no tienen empleos, ya que a\u00fan hay m\u00e1s de 200,000 trabajadores que no est\u00e1n cotizando en Tesorer\u00eda de la Seguridad Social.<\/p>\n<p>Igual consideraci\u00f3n tuvo Noel Ure\u00f1a, presidente de la Asociaci\u00f3n Nacional de Empresas e Industrias de Herrera, quien se\u00f1al\u00f3 que los n\u00fameros de crecimientos presentados por el Banco Central son muy buenos, pero falta que eso se refleje al nivel de la poblaci\u00f3n en general.<\/p>\n<p>\u201cA nivel macroecon\u00f3mico los n\u00fameros est\u00e1n mejorando, ahora hay que hacer que esos n\u00fameros mejoren a nivel de la microeconom\u00eda que es lo que mueve el d\u00eda a d\u00eda\u201d, destac\u00f3 Ure\u00f1a.<\/p>\n<p>Apunt\u00f3 que el dinero que se est\u00e1 generando debe de llegar a la mayor\u00eda de la poblaci\u00f3n para que tengan mayor capacidad para consumir bienes y servicios en el mercado, de manera que la econom\u00eda tenga un mayor dinamismo.<\/p>\n<p>Mientras, Luis Miura, presidente de la Confederaci\u00f3n Dominicana de la Peque\u00f1a y Mediana Empresa, aunque se mostr\u00f3 satisfecho con el nivel de crecimiento ascendente, sostuvo que todav\u00eda muchos sectores no lo sienten de manera generalizada m\u00e1s por el impacto de la disponibilidad de materias primas y mercanc\u00edas.<\/p>\n<p>Estamos en un periodo con muchas distorsiones en el mercado que dificultan la percepci\u00f3n de ese crecimiento.<\/p>\n<p>Expansi\u00f3n<\/p>\n<p>\u20141\u2014 Reporte<br \/>\nLa econom\u00eda mostr\u00f3 expansi\u00f3n extraordinaria de 47.1 % en abril, lo cual no solo compens\u00f3 la ca\u00edda de -29.7 % de abril 2020, sino que super\u00f3 el nivel del mismo mes de 2019<br \/>\n\u20142\u2014 Advertencia<br \/>\nMiura insisti\u00f3 en mantener medidas preventivas para poder mantener econom\u00eda abierta.<\/p>\n<div class=\"pvc_clear\"><\/div>\n<p class=\"pvc_stats all \" data-element-id=\"13374\" style=\"\"><i class=\"pvc-stats-icon medium\" aria-hidden=\"true\"><svg aria-hidden=\"true\" focusable=\"false\" data-prefix=\"far\" data-icon=\"chart-bar\" role=\"img\" xmlns=\"http:\/\/www.w3.org\/2000\/svg\" viewBox=\"0 0 512 512\" class=\"svg-inline--fa fa-chart-bar fa-w-16 fa-2x\"><path fill=\"currentColor\" d=\"M396.8 352h22.4c6.4 0 12.8-6.4 12.8-12.8V108.8c0-6.4-6.4-12.8-12.8-12.8h-22.4c-6.4 0-12.8 6.4-12.8 12.8v230.4c0 6.4 6.4 12.8 12.8 12.8zm-192 0h22.4c6.4 0 12.8-6.4 12.8-12.8V140.8c0-6.4-6.4-12.8-12.8-12.8h-22.4c-6.4 0-12.8 6.4-12.8 12.8v198.4c0 6.4 6.4 12.8 12.8 12.8zm96 0h22.4c6.4 0 12.8-6.4 12.8-12.8V204.8c0-6.4-6.4-12.8-12.8-12.8h-22.4c-6.4 0-12.8 6.4-12.8 12.8v134.4c0 6.4 6.4 12.8 12.8 12.8zM496 400H48V80c0-8.84-7.16-16-16-16H16C7.16 64 0 71.16 0 80v336c0 17.67 14.33 32 32 32h464c8.84 0 16-7.16 16-16v-16c0-8.84-7.16-16-16-16zm-387.2-48h22.4c6.4 0 12.8-6.4 12.8-12.8v-70.4c0-6.4-6.4-12.8-12.8-12.8h-22.4c-6.4 0-12.8 6.4-12.8 12.8v70.4c0 6.4 6.4 12.8 12.8 12.8z\" class=\"\"><\/path><\/svg><\/i> Vistas Totales&nbsp;1,196&nbsp;, Vistas Hoy&nbsp;2&nbsp;<\/p>\n<div class=\"pvc_clear\"><\/div>\n","protected":false},"excerpt":{"rendered":"<p>Autor: Dilenni Bonilla Fecha: 28 de mayo del 2021 Extra\u00eddo de: El D\u00eda &nbsp; SANTO DOMINGO.-Aunque la econom\u00eda haya mostrado gran crecimiento al mes de abril con relaci\u00f3n al pasado a\u00f1o y al igual per\u00edodo prepandemia, no significa que haya una recuperaci\u00f3n econ\u00f3mica sostenible, sino que comienza a recuperarse, entienden empresarios y economistas. Para Ariel&#8230;<\/p>\n<div class=\"pvc_clear\"><\/div>\n<p class=\"pvc_stats all \" data-element-id=\"13374\" style=\"\"><i class=\"pvc-stats-icon medium\" aria-hidden=\"true\"><svg aria-hidden=\"true\" focusable=\"false\" data-prefix=\"far\" data-icon=\"chart-bar\" role=\"img\" xmlns=\"http:\/\/www.w3.org\/2000\/svg\" viewBox=\"0 0 512 512\" class=\"svg-inline--fa fa-chart-bar fa-w-16 fa-2x\"><path fill=\"currentColor\" d=\"M396.8 352h22.4c6.4 0 12.8-6.4 12.8-12.8V108.8c0-6.4-6.4-12.8-12.8-12.8h-22.4c-6.4 0-12.8 6.4-12.8 12.8v230.4c0 6.4 6.4 12.8 12.8 12.8zm-192 0h22.4c6.4 0 12.8-6.4 12.8-12.8V140.8c0-6.4-6.4-12.8-12.8-12.8h-22.4c-6.4 0-12.8 6.4-12.8 12.8v198.4c0 6.4 6.4 12.8 12.8 12.8zm96 0h22.4c6.4 0 12.8-6.4 12.8-12.8V204.8c0-6.4-6.4-12.8-12.8-12.8h-22.4c-6.4 0-12.8 6.4-12.8 12.8v134.4c0 6.4 6.4 12.8 12.8 12.8zM496 400H48V80c0-8.84-7.16-16-16-16H16C7.16 64 0 71.16 0 80v336c0 17.67 14.33 32 32 32h464c8.84 0 16-7.16 16-16v-16c0-8.84-7.16-16-16-16zm-387.2-48h22.4c6.4 0 12.8-6.4 12.8-12.8v-70.4c0-6.4-6.4-12.8-12.8-12.8h-22.4c-6.4 0-12.8 6.4-12.8 12.8v70.4c0 6.4 6.4 12.8 12.8 12.8z\" class=\"\"><\/path><\/svg><\/i> Vistas Totales&nbsp;1,196&nbsp;, Vistas Hoy&nbsp;2&nbsp;<\/p>\n<div class=\"pvc_clear\"><\/div>\n","protected":false},"author":2,"featured_media":13375,"comment_status":"closed","ping_status":"closed","sticky":false,"template":"","format":"standard","meta":{"footnotes":""},"categories":[19],"tags":[],"class_list":["post-13374","post","type-post","status-publish","format-standard","has-post-thumbnail","hentry","category-actualidad"],"yoast_head":"<!-- This site is optimized with the Yoast SEO plugin v25.2 - https:\/\/yoast.com\/wordpress\/plugins\/seo\/ -->\n<title>El crecimiento econ\u00f3mico no es sostenible, dicen expertos | CREES<\/title>\n<meta name=\"robots\" content=\"index, follow, max-snippet:-1, max-image-preview:large, max-video-preview:-1\" \/>\n<link rel=\"canonical\" href=\"https:\/\/crees.org.do\/?p=13374\" \/>\n<meta property=\"og:locale\" content=\"es_ES\" \/>\n<meta property=\"og:type\" content=\"article\" \/>\n<meta property=\"og:title\" content=\"El crecimiento econ\u00f3mico no es sostenible, dicen expertos | CREES\" \/>\n<meta property=\"og:description\" content=\"Autor: Dilenni Bonilla Fecha: 28 de mayo del 2021 Extra\u00eddo de: El D\u00eda &nbsp; SANTO DOMINGO.-Aunque la econom\u00eda haya mostrado gran crecimiento al mes de abril con relaci\u00f3n al pasado a\u00f1o y al igual per\u00edodo prepandemia, no significa que haya una recuperaci\u00f3n econ\u00f3mica sostenible, sino que comienza a recuperarse, entienden empresarios y economistas. Para Ariel...\" \/>\n<meta property=\"og:url\" content=\"https:\/\/crees.org.do\/?p=13374\" \/>\n<meta property=\"og:site_name\" content=\"CREES\" \/>\n<meta property=\"article:publisher\" content=\"https:\/\/www.facebook.com\/CREESRD\/\" \/>\n<meta property=\"article:published_time\" content=\"2021-06-02T16:06:52+00:00\" \/>\n<meta property=\"article:modified_time\" content=\"2021-06-02T16:13:52+00:00\" \/>\n<meta property=\"og:image\" content=\"https:\/\/crees.org.do\/wp-content\/uploads\/2021\/06\/17__20_1p01.jpg\" \/>\n\t<meta property=\"og:image:width\" content=\"1263\" \/>\n\t<meta property=\"og:image:height\" content=\"1109\" \/>\n\t<meta property=\"og:image:type\" content=\"image\/jpeg\" \/>\n<meta name=\"author\" content=\"Crees\" \/>\n<meta name=\"twitter:card\" content=\"summary_large_image\" \/>\n<meta name=\"twitter:creator\" content=\"@CREESRD\" \/>\n<meta name=\"twitter:site\" content=\"@CREESRD\" \/>\n<meta name=\"twitter:label1\" content=\"Escrito por\" \/>\n\t<meta name=\"twitter:data1\" content=\"Crees\" \/>\n\t<meta name=\"twitter:label2\" content=\"Tiempo de lectura\" \/>\n\t<meta name=\"twitter:data2\" content=\"3 minutos\" \/>\n<script type=\"application\/ld+json\" class=\"yoast-schema-graph\">{\"@context\":\"https:\/\/schema.org\",\"@graph\":[{\"@type\":\"Article\",\"@id\":\"https:\/\/crees.org.do\/?p=13374#article\",\"isPartOf\":{\"@id\":\"https:\/\/crees.org.do\/?p=13374\"},\"author\":{\"name\":\"Crees\",\"@id\":\"https:\/\/crees.org.do\/#\/schema\/person\/e7f97cd94d7bf9cd0e0ce30acb7d56b8\"},\"headline\":\"El crecimiento econ\u00f3mico no es sostenible, dicen expertos\",\"datePublished\":\"2021-06-02T16:06:52+00:00\",\"dateModified\":\"2021-06-02T16:13:52+00:00\",\"mainEntityOfPage\":{\"@id\":\"https:\/\/crees.org.do\/?p=13374\"},\"wordCount\":667,\"publisher\":{\"@id\":\"https:\/\/crees.org.do\/#organization\"},\"image\":{\"@id\":\"https:\/\/crees.org.do\/?p=13374#primaryimage\"},\"thumbnailUrl\":\"https:\/\/crees.org.do\/wp-content\/uploads\/2021\/06\/17__20_1p01.jpg\",\"articleSection\":[\"Actualidad\"],\"inLanguage\":\"es\"},{\"@type\":\"WebPage\",\"@id\":\"https:\/\/crees.org.do\/?p=13374\",\"url\":\"https:\/\/crees.org.do\/?p=13374\",\"name\":\"El crecimiento econ\u00f3mico no es sostenible, dicen expertos | CREES\",\"isPartOf\":{\"@id\":\"https:\/\/crees.org.do\/#website\"},\"primaryImageOfPage\":{\"@id\":\"https:\/\/crees.org.do\/?p=13374#primaryimage\"},\"image\":{\"@id\":\"https:\/\/crees.org.do\/?p=13374#primaryimage\"},\"thumbnailUrl\":\"https:\/\/crees.org.do\/wp-content\/uploads\/2021\/06\/17__20_1p01.jpg\",\"datePublished\":\"2021-06-02T16:06:52+00:00\",\"dateModified\":\"2021-06-02T16:13:52+00:00\",\"breadcrumb\":{\"@id\":\"https:\/\/crees.org.do\/?p=13374#breadcrumb\"},\"inLanguage\":\"es\",\"potentialAction\":[{\"@type\":\"ReadAction\",\"target\":[\"https:\/\/crees.org.do\/?p=13374\"]}]},{\"@type\":\"ImageObject\",\"inLanguage\":\"es\",\"@id\":\"https:\/\/crees.org.do\/?p=13374#primaryimage\",\"url\":\"https:\/\/crees.org.do\/wp-content\/uploads\/2021\/06\/17__20_1p01.jpg\",\"contentUrl\":\"https:\/\/crees.org.do\/wp-content\/uploads\/2021\/06\/17__20_1p01.jpg\",\"width\":1263,\"height\":1109},{\"@type\":\"BreadcrumbList\",\"@id\":\"https:\/\/crees.org.do\/?p=13374#breadcrumb\",\"itemListElement\":[{\"@type\":\"ListItem\",\"position\":1,\"name\":\"Portada\",\"item\":\"https:\/\/crees.org.do\/\"},{\"@type\":\"ListItem\",\"position\":2,\"name\":\"El crecimiento econ\u00f3mico no es sostenible, dicen expertos\"}]},{\"@type\":\"WebSite\",\"@id\":\"https:\/\/crees.org.do\/#website\",\"url\":\"https:\/\/crees.org.do\/\",\"name\":\"CREES\",\"description\":\"Centro Regional de Estrategias Econ\u00f3micas Sostenibles\",\"publisher\":{\"@id\":\"https:\/\/crees.org.do\/#organization\"},\"potentialAction\":[{\"@type\":\"SearchAction\",\"target\":{\"@type\":\"EntryPoint\",\"urlTemplate\":\"https:\/\/crees.org.do\/?s={search_term_string}\"},\"query-input\":{\"@type\":\"PropertyValueSpecification\",\"valueRequired\":true,\"valueName\":\"search_term_string\"}}],\"inLanguage\":\"es\"},{\"@type\":\"Organization\",\"@id\":\"https:\/\/crees.org.do\/#organization\",\"name\":\"CREES | Centro Regional de Estrategias Econ\u00f3micas Sostenibles\",\"url\":\"https:\/\/crees.org.do\/\",\"logo\":{\"@type\":\"ImageObject\",\"inLanguage\":\"es\",\"@id\":\"https:\/\/crees.org.do\/#\/schema\/logo\/image\/\",\"url\":\"https:\/\/crees.org.do\/wp-content\/uploads\/2022\/03\/crees-logo-1.jpg\",\"contentUrl\":\"https:\/\/crees.org.do\/wp-content\/uploads\/2022\/03\/crees-logo-1.jpg\",\"width\":244,\"height\":71,\"caption\":\"CREES | Centro Regional de Estrategias Econ\u00f3micas Sostenibles\"},\"image\":{\"@id\":\"https:\/\/crees.org.do\/#\/schema\/logo\/image\/\"},\"sameAs\":[\"https:\/\/www.facebook.com\/CREESRD\/\",\"https:\/\/x.com\/CREESRD\"]},{\"@type\":\"Person\",\"@id\":\"https:\/\/crees.org.do\/#\/schema\/person\/e7f97cd94d7bf9cd0e0ce30acb7d56b8\",\"name\":\"Crees\",\"image\":{\"@type\":\"ImageObject\",\"inLanguage\":\"es\",\"@id\":\"https:\/\/crees.org.do\/#\/schema\/person\/image\/\",\"url\":\"https:\/\/secure.gravatar.com\/avatar\/390ac8f0be5d9aa046152553e2dd7011b59a512d89c150f5e5f28bb8d9a0b165?s=96&d=mm&r=g\",\"contentUrl\":\"https:\/\/secure.gravatar.com\/avatar\/390ac8f0be5d9aa046152553e2dd7011b59a512d89c150f5e5f28bb8d9a0b165?s=96&d=mm&r=g\",\"caption\":\"Crees\"},\"url\":\"https:\/\/crees.org.do\/?author=2\"}]}<\/script>\n<!-- \/ Yoast SEO plugin. -->","yoast_head_json":{"title":"El crecimiento econ\u00f3mico no es sostenible, dicen expertos | CREES","robots":{"index":"index","follow":"follow","max-snippet":"max-snippet:-1","max-image-preview":"max-image-preview:large","max-video-preview":"max-video-preview:-1"},"canonical":"https:\/\/crees.org.do\/?p=13374","og_locale":"es_ES","og_type":"article","og_title":"El crecimiento econ\u00f3mico no es sostenible, dicen expertos | CREES","og_description":"Autor: Dilenni Bonilla Fecha: 28 de mayo del 2021 Extra\u00eddo de: El D\u00eda &nbsp; SANTO DOMINGO.-Aunque la econom\u00eda haya mostrado gran crecimiento al mes de abril con relaci\u00f3n al pasado a\u00f1o y al igual per\u00edodo prepandemia, no significa que haya una recuperaci\u00f3n econ\u00f3mica sostenible, sino que comienza a recuperarse, entienden empresarios y economistas. Para Ariel...","og_url":"https:\/\/crees.org.do\/?p=13374","og_site_name":"CREES","article_publisher":"https:\/\/www.facebook.com\/CREESRD\/","article_published_time":"2021-06-02T16:06:52+00:00","article_modified_time":"2021-06-02T16:13:52+00:00","og_image":[{"width":1263,"height":1109,"url":"https:\/\/crees.org.do\/wp-content\/uploads\/2021\/06\/17__20_1p01.jpg","type":"image\/jpeg"}],"author":"Crees","twitter_card":"summary_large_image","twitter_creator":"@CREESRD","twitter_site":"@CREESRD","twitter_misc":{"Escrito por":"Crees","Tiempo de lectura":"3 minutos"},"schema":{"@context":"https:\/\/schema.org","@graph":[{"@type":"Article","@id":"https:\/\/crees.org.do\/?p=13374#article","isPartOf":{"@id":"https:\/\/crees.org.do\/?p=13374"},"author":{"name":"Crees","@id":"https:\/\/crees.org.do\/#\/schema\/person\/e7f97cd94d7bf9cd0e0ce30acb7d56b8"},"headline":"El crecimiento econ\u00f3mico no es sostenible, dicen expertos","datePublished":"2021-06-02T16:06:52+00:00","dateModified":"2021-06-02T16:13:52+00:00","mainEntityOfPage":{"@id":"https:\/\/crees.org.do\/?p=13374"},"wordCount":667,"publisher":{"@id":"https:\/\/crees.org.do\/#organization"},"image":{"@id":"https:\/\/crees.org.do\/?p=13374#primaryimage"},"thumbnailUrl":"https:\/\/crees.org.do\/wp-content\/uploads\/2021\/06\/17__20_1p01.jpg","articleSection":["Actualidad"],"inLanguage":"es"},{"@type":"WebPage","@id":"https:\/\/crees.org.do\/?p=13374","url":"https:\/\/crees.org.do\/?p=13374","name":"El crecimiento econ\u00f3mico no es sostenible, dicen expertos | CREES","isPartOf":{"@id":"https:\/\/crees.org.do\/#website"},"primaryImageOfPage":{"@id":"https:\/\/crees.org.do\/?p=13374#primaryimage"},"image":{"@id":"https:\/\/crees.org.do\/?p=13374#primaryimage"},"thumbnailUrl":"https:\/\/crees.org.do\/wp-content\/uploads\/2021\/06\/17__20_1p01.jpg","datePublished":"2021-06-02T16:06:52+00:00","dateModified":"2021-06-02T16:13:52+00:00","breadcrumb":{"@id":"https:\/\/crees.org.do\/?p=13374#breadcrumb"},"inLanguage":"es","potentialAction":[{"@type":"ReadAction","target":["https:\/\/crees.org.do\/?p=13374"]}]},{"@type":"ImageObject","inLanguage":"es","@id":"https:\/\/crees.org.do\/?p=13374#primaryimage","url":"https:\/\/crees.org.do\/wp-content\/uploads\/2021\/06\/17__20_1p01.jpg","contentUrl":"https:\/\/crees.org.do\/wp-content\/uploads\/2021\/06\/17__20_1p01.jpg","width":1263,"height":1109},{"@type":"BreadcrumbList","@id":"https:\/\/crees.org.do\/?p=13374#breadcrumb","itemListElement":[{"@type":"ListItem","position":1,"name":"Portada","item":"https:\/\/crees.org.do\/"},{"@type":"ListItem","position":2,"name":"El crecimiento econ\u00f3mico no es sostenible, dicen expertos"}]},{"@type":"WebSite","@id":"https:\/\/crees.org.do\/#website","url":"https:\/\/crees.org.do\/","name":"CREES","description":"Centro Regional de Estrategias Econ\u00f3micas Sostenibles","publisher":{"@id":"https:\/\/crees.org.do\/#organization"},"potentialAction":[{"@type":"SearchAction","target":{"@type":"EntryPoint","urlTemplate":"https:\/\/crees.org.do\/?s={search_term_string}"},"query-input":{"@type":"PropertyValueSpecification","valueRequired":true,"valueName":"search_term_string"}}],"inLanguage":"es"},{"@type":"Organization","@id":"https:\/\/crees.org.do\/#organization","name":"CREES | Centro Regional de Estrategias Econ\u00f3micas Sostenibles","url":"https:\/\/crees.org.do\/","logo":{"@type":"ImageObject","inLanguage":"es","@id":"https:\/\/crees.org.do\/#\/schema\/logo\/image\/","url":"https:\/\/crees.org.do\/wp-content\/uploads\/2022\/03\/crees-logo-1.jpg","contentUrl":"https:\/\/crees.org.do\/wp-content\/uploads\/2022\/03\/crees-logo-1.jpg","width":244,"height":71,"caption":"CREES | Centro Regional de Estrategias Econ\u00f3micas Sostenibles"},"image":{"@id":"https:\/\/crees.org.do\/#\/schema\/logo\/image\/"},"sameAs":["https:\/\/www.facebook.com\/CREESRD\/","https:\/\/x.com\/CREESRD"]},{"@type":"Person","@id":"https:\/\/crees.org.do\/#\/schema\/person\/e7f97cd94d7bf9cd0e0ce30acb7d56b8","name":"Crees","image":{"@type":"ImageObject","inLanguage":"es","@id":"https:\/\/crees.org.do\/#\/schema\/person\/image\/","url":"https:\/\/secure.gravatar.com\/avatar\/390ac8f0be5d9aa046152553e2dd7011b59a512d89c150f5e5f28bb8d9a0b165?s=96&d=mm&r=g","contentUrl":"https:\/\/secure.gravatar.com\/avatar\/390ac8f0be5d9aa046152553e2dd7011b59a512d89c150f5e5f28bb8d9a0b165?s=96&d=mm&r=g","caption":"Crees"},"url":"https:\/\/crees.org.do\/?author=2"}]}},"_links":{"self":[{"href":"https:\/\/crees.org.do\/index.php?rest_route=\/wp\/v2\/posts\/13374","targetHints":{"allow":["GET"]}}],"collection":[{"href":"https:\/\/crees.org.do\/index.php?rest_route=\/wp\/v2\/posts"}],"about":[{"href":"https:\/\/crees.org.do\/index.php?rest_route=\/wp\/v2\/types\/post"}],"author":[{"embeddable":true,"href":"https:\/\/crees.org.do\/index.php?rest_route=\/wp\/v2\/users\/2"}],"replies":[{"embeddable":true,"href":"https:\/\/crees.org.do\/index.php?rest_route=%2Fwp%2Fv2%2Fcomments&post=13374"}],"version-history":[{"count":2,"href":"https:\/\/crees.org.do\/index.php?rest_route=\/wp\/v2\/posts\/13374\/revisions"}],"predecessor-version":[{"id":13381,"href":"https:\/\/crees.org.do\/index.php?rest_route=\/wp\/v2\/posts\/13374\/revisions\/13381"}],"wp:featuredmedia":[{"embeddable":true,"href":"https:\/\/crees.org.do\/index.php?rest_route=\/wp\/v2\/media\/13375"}],"wp:attachment":[{"href":"https:\/\/crees.org.do\/index.php?rest_route=%2Fwp%2Fv2%2Fmedia&parent=13374"}],"wp:term":[{"taxonomy":"category","embeddable":true,"href":"https:\/\/crees.org.do\/index.php?rest_route=%2Fwp%2Fv2%2Fcategories&post=13374"},{"taxonomy":"post_tag","embeddable":true,"href":"https:\/\/crees.org.do\/index.php?rest_route=%2Fwp%2Fv2%2Ftags&post=13374"}],"curies":[{"name":"wp","href":"https:\/\/api.w.org\/{rel}","templated":true}]}}