{"id":13480,"date":"2020-01-12T00:00:00","date_gmt":"2020-01-12T00:00:00","guid":{"rendered":"https:\/\/crees.org.do\/gobierno-intenta-bajar-presion-sobre-cuentas-fiscales-con-recompra-de-deuda\/"},"modified":"2021-08-17T21:55:01","modified_gmt":"2021-08-17T21:55:01","slug":"gobierno-intenta-bajar-presion-sobre-cuentas-fiscales-con-recompra-de-deuda","status":"publish","type":"post","link":"https:\/\/crees.org.do\/?p=13480","title":{"rendered":"Gobierno intenta bajar presi\u00f3n sobre cuentas fiscales con recompra de deuda"},"content":{"rendered":"<p style=\"text-align: justify;\"><span style=\"font-size:11px;\"><span style=\"font-family:verdana,geneva,sans-serif;\">Autores:&nbsp;Suhelis Tejero Puntes y Pablo Garc\u00eda&nbsp;<\/span><\/span><\/p>\n<p style=\"text-align: justify;\"><span style=\"font-size:11px;\"><span style=\"font-family:verdana,geneva,sans-serif;\">Extra\u00eddo de: Diario Libre<\/span><\/span><\/p>\n<p style=\"text-align: justify;\"><span style=\"font-size:11px;\"><span style=\"font-family:verdana,geneva,sans-serif;\"><span style=\"background-color: rgb(255, 255, 255);\">El gobierno comienza con la estrategia de reducir el peso del endeudamiento con una recompra que, m\u00e1s que un ahorro, permite alargar los vencimientos de los compromisos con los acreedores y quitar presi\u00f3n sobre las cuentas fiscales.<\/span><\/span><\/span><\/p>\n<p style=\"box-sizing: inherit; margin-bottom: 1rem; font-size: 18px; color: rgb(0, 0, 0); font-family: Roboto, Arial, sans-serif; background-color: rgb(255, 255, 255); text-align: justify;\"><span style=\"font-size:11px;\"><span style=\"font-family:verdana,geneva,sans-serif;\">Para el pr\u00f3ximo a\u00f1o el Estado dominicano deb\u00eda erogar solo por deuda externa unos 2,684 millones de d\u00f3lares, un monto que representa un 3.4 % del Producto Interno Bruto (PIB) actual, un peso que se prev\u00e9 se haga m\u00e1s pesado a medida que transcurra el tiempo. Para los pr\u00f3ximos cinco a\u00f1os el pago por amortizaciones de deuda externa y sus intereses sumar\u00eda 16,645.6 millones de d\u00f3lares, pero con la recompra de deuda el monto bajar\u00e1 a 15,514 millones de d\u00f3lares.<\/span><\/span><\/p>\n<p style=\"box-sizing: inherit; margin-bottom: 1rem; font-size: 18px; color: rgb(0, 0, 0); font-family: Roboto, Arial, sans-serif; background-color: rgb(255, 255, 255); text-align: justify;\"><span style=\"font-size:11px;\"><span style=\"font-family:verdana,geneva,sans-serif;\">El economista senior del Centro Regional de Estrategias Econ\u00f3micas Sostenibles (Crees), Miguel Collado Di Franco, valor\u00f3 como positiva la operaci\u00f3n de recompra de t\u00edtulos con vencimiento del Estado dominicano y destac\u00f3 que la medida ayuda a aliviar la presi\u00f3n sobre las finanzas p\u00fablicas.<\/span><\/span><\/p>\n<p style=\"box-sizing: inherit; margin-bottom: 1rem; font-size: 18px; color: rgb(0, 0, 0); font-family: Roboto, Arial, sans-serif; background-color: rgb(255, 255, 255); text-align: justify;\"><span style=\"font-size:11px;\"><span style=\"font-family:verdana,geneva,sans-serif;\">Collado Di Franco explic\u00f3 que la maniobra permitir\u00e1 extender la vida de la deuda p\u00fablica dominicana y reducir el pago de intereses y de amortizaci\u00f3n de capital de los bonos que fueron comprados: t\u00edtulos con vencimiento en los a\u00f1os 2021, 2024 y 2025.<\/span><\/span><\/p>\n<div class=\"paragraph\" mlnid=\"idcon=15348184;order=7.0\" style=\"box-sizing: inherit; color: rgb(0, 0, 0); font-family: Roboto, Arial, sans-serif; font-size: 18px; background-color: rgb(255, 255, 255);\">\n<p style=\"box-sizing: inherit; margin-bottom: 1rem; text-align: justify;\"><span style=\"font-size:11px;\"><span style=\"font-family:verdana,geneva,sans-serif;\">&ldquo;Se sustituy\u00f3 un bono, que es el que tiene a\u00f1o de vencimiento en 2032, se reemplaz\u00f3 por uno con menor rendimiento de intereses, que por ah\u00ed es que viene el ahorro. Con ese dinero se est\u00e1 comprando entonces los bonos que tienen vencimiento en 2021, 2024 y 2025&rdquo;, detall\u00f3 el experto.<\/span><\/span><\/p>\n<p style=\"box-sizing: inherit; margin-bottom: 1rem; text-align: justify;\"><span style=\"font-size:11px;\"><span style=\"font-family:verdana,geneva,sans-serif;\">La madurez de los bonos de deuda externa que emite el Estado dominicano es de 16.5 a\u00f1os en promedio. La estrategia del gobierno durante los \u00faltimos a\u00f1os se ha centrado en mantener largos plazos en el nuevo financiamiento externo e interno, as\u00ed como implementar operaciones de manejo de pasivos para contener la exposici\u00f3n al riesgo de refinanciamiento de la deuda, seg\u00fan indic\u00f3 el Ministerio de Hacienda al Congreso Nacional en su reporte trimestral correspondiente a septiembre pasado.<\/span><\/span><\/p>\n<p style=\"box-sizing: inherit; margin-bottom: 1rem; text-align: justify;\"><span style=\"font-size:11px;\"><span style=\"font-family:verdana,geneva,sans-serif;\"><span style=\"box-sizing: inherit; font-weight: bolder;\">Falta conocer el impacto real<\/span><\/span><\/span><\/p>\n<p style=\"box-sizing: inherit; margin-bottom: 1rem; text-align: justify;\"><span style=\"font-size:11px;\"><span style=\"font-family:verdana,geneva,sans-serif;\">Para el economista Henri Hebrard, aunque cree que la operaci\u00f3n permitir\u00e1 aliviar el costo del servicio de la deuda en los pr\u00f3ximos cuatro a\u00f1os en un poco m\u00e1s de US$1,100 millones, aclar\u00f3 que hay que determinar el impacto real que va a tener sobre el stock de la deuda.<\/span><\/span><\/p>\n<p style=\"box-sizing: inherit; margin-bottom: 1rem; text-align: justify;\"><span style=\"font-size:11px;\"><span style=\"font-family:verdana,geneva,sans-serif;\">&ldquo;Es una forma de bajar el costo de la deuda, su peso relativo. Es positiva (la maniobra) y yo pienso que abre el camino para ver otras transacciones como esta. Van a bajar ligeramente los intereses de la deuda y eso va a permitir aumentar el plazo promedio de esta&rdquo;, precis\u00f3.<\/span><\/span><\/p>\n<p style=\"box-sizing: inherit; margin-bottom: 1rem; text-align: justify;\"><span style=\"font-size:11px;\"><span style=\"font-family:verdana,geneva,sans-serif;\">Asimismo, Alexi Mart\u00ednez, decano de la Facultad de Econom\u00eda de la Universidad Aut\u00f3noma de Santo Domingo (UAS), salud\u00f3 la iniciativa del Ministerio de Hacienda y sugiri\u00f3 comenzar a explorar este tipo de ejercicio con los organismos multilaterales.<\/span><\/span><\/p>\n<p style=\"box-sizing: inherit; margin-bottom: 1rem; text-align: justify;\"><span style=\"font-size:11px;\"><span style=\"font-family:verdana,geneva,sans-serif;\">El catedr\u00e1tico sostuvo que aunque la deuda multilateral no tienen un peso tan grande, tambi\u00e9n puede impactar de manera positiva &ldquo;y con ello se puede abrir la ventana de que incluso se puedan condonar algunas deudas, que ese es el gran desaf\u00edo, o lograr alguna moratoria. Debe ampliarse y seguirse abordando estas posibilidades&rdquo;.<\/span><\/span><\/p>\n<p style=\"box-sizing: inherit; margin-bottom: 1rem; text-align: justify;\"><span style=\"font-size:11px;\"><span style=\"font-family:verdana,geneva,sans-serif;\">Si bien el gobierno dominicano ha abierto la v\u00eda para estas operaciones, el camino empinado de las contrataciones de nueva deuda p\u00fablica &mdash;tanto interna como externa&mdash; se mantendr\u00e1 durante el a\u00f1o 2021, con compromisos que podr\u00edan alcanzar los 291,528.5 millones de pesos, equivalentes a 4,680 millones de d\u00f3lares a la tasa de cambio estimada para el pr\u00f3ximo a\u00f1o. As\u00ed lo indica el Presupuesto General del Estado de cara a un 2021 en el que se espera la recuperaci\u00f3n de la actividad econ\u00f3mica, pero con pocas previsiones de mejoras en materia de recaudaci\u00f3n.<\/span><\/span><\/p>\n<\/div>\n<div class=\"Nota_incrustada HB22892621\" mlnid=\"idcon=15348188;order=11.0\" style=\"box-sizing: inherit; color: rgb(0, 0, 0); font-family: Roboto, Arial, sans-serif; font-size: 18px; background-color: rgb(255, 255, 255);\">\n<div class=\"mb-2 pt-2 pb-3 img-title-info h-xs-auto bg-transparent nota-inclustada-generica\" style=\"box-sizing: inherit; margin-bottom: 10px !important; padding-top: 10px !important; padding-bottom: 20px !important; color: rgb(255, 255, 255); background-color: transparent !important; position: relative;\">&nbsp;<\/div>\n<\/div>\n<p>&nbsp;<\/p>\n<div class=\"pvc_clear\"><\/div>\n<p class=\"pvc_stats all \" data-element-id=\"13480\" style=\"\"><i class=\"pvc-stats-icon medium\" aria-hidden=\"true\"><svg aria-hidden=\"true\" focusable=\"false\" data-prefix=\"far\" data-icon=\"chart-bar\" role=\"img\" xmlns=\"http:\/\/www.w3.org\/2000\/svg\" viewBox=\"0 0 512 512\" class=\"svg-inline--fa fa-chart-bar fa-w-16 fa-2x\"><path fill=\"currentColor\" d=\"M396.8 352h22.4c6.4 0 12.8-6.4 12.8-12.8V108.8c0-6.4-6.4-12.8-12.8-12.8h-22.4c-6.4 0-12.8 6.4-12.8 12.8v230.4c0 6.4 6.4 12.8 12.8 12.8zm-192 0h22.4c6.4 0 12.8-6.4 12.8-12.8V140.8c0-6.4-6.4-12.8-12.8-12.8h-22.4c-6.4 0-12.8 6.4-12.8 12.8v198.4c0 6.4 6.4 12.8 12.8 12.8zm96 0h22.4c6.4 0 12.8-6.4 12.8-12.8V204.8c0-6.4-6.4-12.8-12.8-12.8h-22.4c-6.4 0-12.8 6.4-12.8 12.8v134.4c0 6.4 6.4 12.8 12.8 12.8zM496 400H48V80c0-8.84-7.16-16-16-16H16C7.16 64 0 71.16 0 80v336c0 17.67 14.33 32 32 32h464c8.84 0 16-7.16 16-16v-16c0-8.84-7.16-16-16-16zm-387.2-48h22.4c6.4 0 12.8-6.4 12.8-12.8v-70.4c0-6.4-6.4-12.8-12.8-12.8h-22.4c-6.4 0-12.8 6.4-12.8 12.8v70.4c0 6.4 6.4 12.8 12.8 12.8z\" class=\"\"><\/path><\/svg><\/i> Vistas Totales&nbsp;225&nbsp;, Vistas Hoy&nbsp;1&nbsp;<\/p>\n<div class=\"pvc_clear\"><\/div>\n","protected":false},"excerpt":{"rendered":"<p>Publicado el: Mi\u00e9rcoles 9 de diciembre del 2020Autores: Suhelis Tejero Puntes y Pablo Garc\u00eda El pr\u00f3ximo a\u00f1o se pagar\u00e1n en torno a 2,600 millones de d\u00f3lares en amortizaciones e intereses de deuda externa.Economistas valoran la iniciativa para aliviar el peso de la deuda p\u00fablica.<\/p>\n<div class=\"pvc_clear\"><\/div>\n<p class=\"pvc_stats all \" data-element-id=\"13480\" style=\"\"><i class=\"pvc-stats-icon medium\" aria-hidden=\"true\"><svg aria-hidden=\"true\" focusable=\"false\" data-prefix=\"far\" data-icon=\"chart-bar\" role=\"img\" xmlns=\"http:\/\/www.w3.org\/2000\/svg\" viewBox=\"0 0 512 512\" class=\"svg-inline--fa fa-chart-bar fa-w-16 fa-2x\"><path fill=\"currentColor\" d=\"M396.8 352h22.4c6.4 0 12.8-6.4 12.8-12.8V108.8c0-6.4-6.4-12.8-12.8-12.8h-22.4c-6.4 0-12.8 6.4-12.8 12.8v230.4c0 6.4 6.4 12.8 12.8 12.8zm-192 0h22.4c6.4 0 12.8-6.4 12.8-12.8V140.8c0-6.4-6.4-12.8-12.8-12.8h-22.4c-6.4 0-12.8 6.4-12.8 12.8v198.4c0 6.4 6.4 12.8 12.8 12.8zm96 0h22.4c6.4 0 12.8-6.4 12.8-12.8V204.8c0-6.4-6.4-12.8-12.8-12.8h-22.4c-6.4 0-12.8 6.4-12.8 12.8v134.4c0 6.4 6.4 12.8 12.8 12.8zM496 400H48V80c0-8.84-7.16-16-16-16H16C7.16 64 0 71.16 0 80v336c0 17.67 14.33 32 32 32h464c8.84 0 16-7.16 16-16v-16c0-8.84-7.16-16-16-16zm-387.2-48h22.4c6.4 0 12.8-6.4 12.8-12.8v-70.4c0-6.4-6.4-12.8-12.8-12.8h-22.4c-6.4 0-12.8 6.4-12.8 12.8v70.4c0 6.4 6.4 12.8 12.8 12.8z\" class=\"\"><\/path><\/svg><\/i> Vistas Totales&nbsp;225&nbsp;, Vistas Hoy&nbsp;1&nbsp;<\/p>\n<div class=\"pvc_clear\"><\/div>\n","protected":false},"author":2,"featured_media":0,"comment_status":"open","ping_status":"open","sticky":false,"template":"","format":"standard","meta":{"footnotes":""},"categories":[21],"tags":[],"class_list":["post-13480","post","type-post","status-publish","format-standard","hentry","category-blog"],"yoast_head":"<!-- This site is optimized with the Yoast SEO plugin v25.2 - https:\/\/yoast.com\/wordpress\/plugins\/seo\/ -->\n<title>Gobierno intenta bajar presi\u00f3n sobre cuentas fiscales con recompra de deuda | CREES<\/title>\n<meta name=\"robots\" content=\"index, follow, max-snippet:-1, max-image-preview:large, max-video-preview:-1\" \/>\n<link rel=\"canonical\" href=\"https:\/\/crees.org.do\/?p=13480\" \/>\n<meta property=\"og:locale\" content=\"es_ES\" \/>\n<meta property=\"og:type\" content=\"article\" \/>\n<meta property=\"og:title\" content=\"Gobierno intenta bajar presi\u00f3n sobre cuentas fiscales con recompra de deuda | CREES\" \/>\n<meta property=\"og:description\" content=\"Publicado el: Mi\u00e9rcoles 9 de diciembre del 2020Autores: Suhelis Tejero Puntes y Pablo Garc\u00eda El pr\u00f3ximo a\u00f1o se pagar\u00e1n en torno a 2,600 millones de d\u00f3lares en amortizaciones e intereses de deuda externa.Economistas valoran la iniciativa para aliviar el peso de la deuda p\u00fablica.\" \/>\n<meta property=\"og:url\" content=\"https:\/\/crees.org.do\/?p=13480\" \/>\n<meta property=\"og:site_name\" content=\"CREES\" \/>\n<meta property=\"article:publisher\" content=\"https:\/\/www.facebook.com\/CREESRD\/\" \/>\n<meta property=\"article:published_time\" content=\"2020-01-12T00:00:00+00:00\" \/>\n<meta property=\"article:modified_time\" content=\"2021-08-17T21:55:01+00:00\" \/>\n<meta property=\"og:image\" content=\"https:\/\/crees.org.do\/wp-content\/uploads\/2022\/03\/crees-logo-1.jpg\" \/>\n\t<meta property=\"og:image:width\" content=\"244\" \/>\n\t<meta property=\"og:image:height\" content=\"71\" \/>\n\t<meta property=\"og:image:type\" content=\"image\/jpeg\" \/>\n<meta name=\"author\" content=\"Crees\" \/>\n<meta name=\"twitter:card\" content=\"summary_large_image\" \/>\n<meta name=\"twitter:creator\" content=\"@CREESRD\" \/>\n<meta name=\"twitter:site\" content=\"@CREESRD\" \/>\n<meta name=\"twitter:label1\" content=\"Escrito por\" \/>\n\t<meta name=\"twitter:data1\" content=\"Crees\" \/>\n\t<meta name=\"twitter:label2\" content=\"Tiempo de lectura\" \/>\n\t<meta name=\"twitter:data2\" content=\"3 minutos\" \/>\n<script type=\"application\/ld+json\" class=\"yoast-schema-graph\">{\"@context\":\"https:\/\/schema.org\",\"@graph\":[{\"@type\":\"Article\",\"@id\":\"https:\/\/crees.org.do\/?p=13480#article\",\"isPartOf\":{\"@id\":\"https:\/\/crees.org.do\/?p=13480\"},\"author\":{\"name\":\"Crees\",\"@id\":\"https:\/\/crees.org.do\/#\/schema\/person\/e7f97cd94d7bf9cd0e0ce30acb7d56b8\"},\"headline\":\"Gobierno intenta bajar presi\u00f3n sobre cuentas fiscales con recompra de deuda\",\"datePublished\":\"2020-01-12T00:00:00+00:00\",\"dateModified\":\"2021-08-17T21:55:01+00:00\",\"mainEntityOfPage\":{\"@id\":\"https:\/\/crees.org.do\/?p=13480\"},\"wordCount\":684,\"commentCount\":0,\"publisher\":{\"@id\":\"https:\/\/crees.org.do\/#organization\"},\"articleSection\":[\"Blog\"],\"inLanguage\":\"es\"},{\"@type\":\"WebPage\",\"@id\":\"https:\/\/crees.org.do\/?p=13480\",\"url\":\"https:\/\/crees.org.do\/?p=13480\",\"name\":\"Gobierno intenta bajar presi\u00f3n sobre cuentas fiscales con recompra de deuda | CREES\",\"isPartOf\":{\"@id\":\"https:\/\/crees.org.do\/#website\"},\"datePublished\":\"2020-01-12T00:00:00+00:00\",\"dateModified\":\"2021-08-17T21:55:01+00:00\",\"breadcrumb\":{\"@id\":\"https:\/\/crees.org.do\/?p=13480#breadcrumb\"},\"inLanguage\":\"es\",\"potentialAction\":[{\"@type\":\"ReadAction\",\"target\":[\"https:\/\/crees.org.do\/?p=13480\"]}]},{\"@type\":\"BreadcrumbList\",\"@id\":\"https:\/\/crees.org.do\/?p=13480#breadcrumb\",\"itemListElement\":[{\"@type\":\"ListItem\",\"position\":1,\"name\":\"Portada\",\"item\":\"https:\/\/crees.org.do\/\"},{\"@type\":\"ListItem\",\"position\":2,\"name\":\"Gobierno intenta bajar presi\u00f3n sobre cuentas fiscales con recompra de deuda\"}]},{\"@type\":\"WebSite\",\"@id\":\"https:\/\/crees.org.do\/#website\",\"url\":\"https:\/\/crees.org.do\/\",\"name\":\"CREES\",\"description\":\"Centro Regional de Estrategias Econ\u00f3micas Sostenibles\",\"publisher\":{\"@id\":\"https:\/\/crees.org.do\/#organization\"},\"potentialAction\":[{\"@type\":\"SearchAction\",\"target\":{\"@type\":\"EntryPoint\",\"urlTemplate\":\"https:\/\/crees.org.do\/?s={search_term_string}\"},\"query-input\":{\"@type\":\"PropertyValueSpecification\",\"valueRequired\":true,\"valueName\":\"search_term_string\"}}],\"inLanguage\":\"es\"},{\"@type\":\"Organization\",\"@id\":\"https:\/\/crees.org.do\/#organization\",\"name\":\"CREES | Centro Regional de Estrategias Econ\u00f3micas Sostenibles\",\"url\":\"https:\/\/crees.org.do\/\",\"logo\":{\"@type\":\"ImageObject\",\"inLanguage\":\"es\",\"@id\":\"https:\/\/crees.org.do\/#\/schema\/logo\/image\/\",\"url\":\"https:\/\/crees.org.do\/wp-content\/uploads\/2022\/03\/crees-logo-1.jpg\",\"contentUrl\":\"https:\/\/crees.org.do\/wp-content\/uploads\/2022\/03\/crees-logo-1.jpg\",\"width\":244,\"height\":71,\"caption\":\"CREES | Centro Regional de Estrategias Econ\u00f3micas Sostenibles\"},\"image\":{\"@id\":\"https:\/\/crees.org.do\/#\/schema\/logo\/image\/\"},\"sameAs\":[\"https:\/\/www.facebook.com\/CREESRD\/\",\"https:\/\/x.com\/CREESRD\"]},{\"@type\":\"Person\",\"@id\":\"https:\/\/crees.org.do\/#\/schema\/person\/e7f97cd94d7bf9cd0e0ce30acb7d56b8\",\"name\":\"Crees\",\"image\":{\"@type\":\"ImageObject\",\"inLanguage\":\"es\",\"@id\":\"https:\/\/crees.org.do\/#\/schema\/person\/image\/\",\"url\":\"https:\/\/secure.gravatar.com\/avatar\/390ac8f0be5d9aa046152553e2dd7011b59a512d89c150f5e5f28bb8d9a0b165?s=96&d=mm&r=g\",\"contentUrl\":\"https:\/\/secure.gravatar.com\/avatar\/390ac8f0be5d9aa046152553e2dd7011b59a512d89c150f5e5f28bb8d9a0b165?s=96&d=mm&r=g\",\"caption\":\"Crees\"},\"url\":\"https:\/\/crees.org.do\/?author=2\"}]}<\/script>\n<!-- \/ Yoast SEO plugin. -->","yoast_head_json":{"title":"Gobierno intenta bajar presi\u00f3n sobre cuentas fiscales con recompra de deuda | CREES","robots":{"index":"index","follow":"follow","max-snippet":"max-snippet:-1","max-image-preview":"max-image-preview:large","max-video-preview":"max-video-preview:-1"},"canonical":"https:\/\/crees.org.do\/?p=13480","og_locale":"es_ES","og_type":"article","og_title":"Gobierno intenta bajar presi\u00f3n sobre cuentas fiscales con recompra de deuda | CREES","og_description":"Publicado el: Mi\u00e9rcoles 9 de diciembre del 2020Autores: Suhelis Tejero Puntes y Pablo Garc\u00eda El pr\u00f3ximo a\u00f1o se pagar\u00e1n en torno a 2,600 millones de d\u00f3lares en amortizaciones e intereses de deuda externa.Economistas valoran la iniciativa para aliviar el peso de la deuda p\u00fablica.","og_url":"https:\/\/crees.org.do\/?p=13480","og_site_name":"CREES","article_publisher":"https:\/\/www.facebook.com\/CREESRD\/","article_published_time":"2020-01-12T00:00:00+00:00","article_modified_time":"2021-08-17T21:55:01+00:00","og_image":[{"width":244,"height":71,"url":"https:\/\/crees.org.do\/wp-content\/uploads\/2022\/03\/crees-logo-1.jpg","type":"image\/jpeg"}],"author":"Crees","twitter_card":"summary_large_image","twitter_creator":"@CREESRD","twitter_site":"@CREESRD","twitter_misc":{"Escrito por":"Crees","Tiempo de lectura":"3 minutos"},"schema":{"@context":"https:\/\/schema.org","@graph":[{"@type":"Article","@id":"https:\/\/crees.org.do\/?p=13480#article","isPartOf":{"@id":"https:\/\/crees.org.do\/?p=13480"},"author":{"name":"Crees","@id":"https:\/\/crees.org.do\/#\/schema\/person\/e7f97cd94d7bf9cd0e0ce30acb7d56b8"},"headline":"Gobierno intenta bajar presi\u00f3n sobre cuentas fiscales con recompra de deuda","datePublished":"2020-01-12T00:00:00+00:00","dateModified":"2021-08-17T21:55:01+00:00","mainEntityOfPage":{"@id":"https:\/\/crees.org.do\/?p=13480"},"wordCount":684,"commentCount":0,"publisher":{"@id":"https:\/\/crees.org.do\/#organization"},"articleSection":["Blog"],"inLanguage":"es"},{"@type":"WebPage","@id":"https:\/\/crees.org.do\/?p=13480","url":"https:\/\/crees.org.do\/?p=13480","name":"Gobierno intenta bajar presi\u00f3n sobre cuentas fiscales con recompra de deuda | CREES","isPartOf":{"@id":"https:\/\/crees.org.do\/#website"},"datePublished":"2020-01-12T00:00:00+00:00","dateModified":"2021-08-17T21:55:01+00:00","breadcrumb":{"@id":"https:\/\/crees.org.do\/?p=13480#breadcrumb"},"inLanguage":"es","potentialAction":[{"@type":"ReadAction","target":["https:\/\/crees.org.do\/?p=13480"]}]},{"@type":"BreadcrumbList","@id":"https:\/\/crees.org.do\/?p=13480#breadcrumb","itemListElement":[{"@type":"ListItem","position":1,"name":"Portada","item":"https:\/\/crees.org.do\/"},{"@type":"ListItem","position":2,"name":"Gobierno intenta bajar presi\u00f3n sobre cuentas fiscales con recompra de deuda"}]},{"@type":"WebSite","@id":"https:\/\/crees.org.do\/#website","url":"https:\/\/crees.org.do\/","name":"CREES","description":"Centro Regional de Estrategias Econ\u00f3micas Sostenibles","publisher":{"@id":"https:\/\/crees.org.do\/#organization"},"potentialAction":[{"@type":"SearchAction","target":{"@type":"EntryPoint","urlTemplate":"https:\/\/crees.org.do\/?s={search_term_string}"},"query-input":{"@type":"PropertyValueSpecification","valueRequired":true,"valueName":"search_term_string"}}],"inLanguage":"es"},{"@type":"Organization","@id":"https:\/\/crees.org.do\/#organization","name":"CREES | Centro Regional de Estrategias Econ\u00f3micas Sostenibles","url":"https:\/\/crees.org.do\/","logo":{"@type":"ImageObject","inLanguage":"es","@id":"https:\/\/crees.org.do\/#\/schema\/logo\/image\/","url":"https:\/\/crees.org.do\/wp-content\/uploads\/2022\/03\/crees-logo-1.jpg","contentUrl":"https:\/\/crees.org.do\/wp-content\/uploads\/2022\/03\/crees-logo-1.jpg","width":244,"height":71,"caption":"CREES | Centro Regional de Estrategias Econ\u00f3micas Sostenibles"},"image":{"@id":"https:\/\/crees.org.do\/#\/schema\/logo\/image\/"},"sameAs":["https:\/\/www.facebook.com\/CREESRD\/","https:\/\/x.com\/CREESRD"]},{"@type":"Person","@id":"https:\/\/crees.org.do\/#\/schema\/person\/e7f97cd94d7bf9cd0e0ce30acb7d56b8","name":"Crees","image":{"@type":"ImageObject","inLanguage":"es","@id":"https:\/\/crees.org.do\/#\/schema\/person\/image\/","url":"https:\/\/secure.gravatar.com\/avatar\/390ac8f0be5d9aa046152553e2dd7011b59a512d89c150f5e5f28bb8d9a0b165?s=96&d=mm&r=g","contentUrl":"https:\/\/secure.gravatar.com\/avatar\/390ac8f0be5d9aa046152553e2dd7011b59a512d89c150f5e5f28bb8d9a0b165?s=96&d=mm&r=g","caption":"Crees"},"url":"https:\/\/crees.org.do\/?author=2"}]}},"_links":{"self":[{"href":"https:\/\/crees.org.do\/index.php?rest_route=\/wp\/v2\/posts\/13480","targetHints":{"allow":["GET"]}}],"collection":[{"href":"https:\/\/crees.org.do\/index.php?rest_route=\/wp\/v2\/posts"}],"about":[{"href":"https:\/\/crees.org.do\/index.php?rest_route=\/wp\/v2\/types\/post"}],"author":[{"embeddable":true,"href":"https:\/\/crees.org.do\/index.php?rest_route=\/wp\/v2\/users\/2"}],"replies":[{"embeddable":true,"href":"https:\/\/crees.org.do\/index.php?rest_route=%2Fwp%2Fv2%2Fcomments&post=13480"}],"version-history":[{"count":1,"href":"https:\/\/crees.org.do\/index.php?rest_route=\/wp\/v2\/posts\/13480\/revisions"}],"predecessor-version":[{"id":20872,"href":"https:\/\/crees.org.do\/index.php?rest_route=\/wp\/v2\/posts\/13480\/revisions\/20872"}],"wp:attachment":[{"href":"https:\/\/crees.org.do\/index.php?rest_route=%2Fwp%2Fv2%2Fmedia&parent=13480"}],"wp:term":[{"taxonomy":"category","embeddable":true,"href":"https:\/\/crees.org.do\/index.php?rest_route=%2Fwp%2Fv2%2Fcategories&post=13480"},{"taxonomy":"post_tag","embeddable":true,"href":"https:\/\/crees.org.do\/index.php?rest_route=%2Fwp%2Fv2%2Ftags&post=13480"}],"curies":[{"name":"wp","href":"https:\/\/api.w.org\/{rel}","templated":true}]}}