{"id":13482,"date":"2020-01-12T00:00:00","date_gmt":"2020-01-12T00:00:00","guid":{"rendered":"https:\/\/crees.org.do\/reforma-fiscal-un-giro-necesario-para-mejorar-clima-de-negocios\/"},"modified":"2021-08-17T21:55:05","modified_gmt":"2021-08-17T21:55:05","slug":"reforma-fiscal-un-giro-necesario-para-mejorar-clima-de-negocios","status":"publish","type":"post","link":"https:\/\/crees.org.do\/?p=13482","title":{"rendered":"Reforma Fiscal: Un giro necesario para mejorar clima de negocios"},"content":{"rendered":"<p style=\"text-align: justify;\"><span style=\"font-size:12px;\"><span style=\"font-family:verdana,geneva,sans-serif;\">Autor: Revista Mercado<\/span><\/span><\/p>\n<p style=\"text-align: justify;\"><span style=\"font-size:12px;\"><span style=\"font-family:verdana,geneva,sans-serif;\">Extra\u00eddo de:&nbsp;Revista Mercado<\/span><\/span><\/p>\n<p style=\"text-align: justify;\"><span style=\"font-size:12px;\"><span style=\"font-family:verdana,geneva,sans-serif;\">La pol\u00edtica fiscal del pa\u00eds necesita de un giro que enfrente sus problemas estructurales de fondo. Y ese giro, para ser efectivo, debe tener el objetivo de mejorar el clima de negocios, abaratando costos a las empresas y, por tanto, promoviendo la competitividad.<\/span><\/span><\/p>\n<p style=\"text-align: justify;\"><span style=\"font-size:12px;\"><span style=\"font-family:verdana,geneva,sans-serif;\">De ah\u00ed parte el an\u00e1lisis que sobre la realidad fiscal dominicana hace el economista Miguel Collado di Franco. &ldquo;Como porcentaje del producto interno bruto, la deuda del sector p\u00fablico consolidado se ha deteriorado y desde 2016 es consistente, por encima del 50 % y a septiembre de este a\u00f1o es del 69 %&rdquo;.<\/span><\/span><\/p>\n<p style=\"text-align: justify;\"><span style=\"font-size:12px;\"><span style=\"font-family:verdana,geneva,sans-serif;\">Ese, empero, no es el indicador m\u00e1s adecuado para evaluar la realidad del problema fiscal. El economista senior del Centro Regional de Estrategias Econ\u00f3micas Sostenibles (CREES), utiliza otro que refleja la dura realidad: &ldquo;en CREES utilizamos una m\u00e9trica que tiene mayor validez y que calificadoras como Moody&rsquo;s y Fitch ya la est\u00e1n empleando y que es el pago de intereses como porcentaje de los ingresos tributarios del Gobierno central y refleja c\u00f3mo impacta el endeudamiento a las finanzas p\u00fablicas.&rdquo;<\/span><\/span><\/p>\n<p style=\"text-align: justify;\"><span style=\"font-size:12px;\"><span style=\"font-family:verdana,geneva,sans-serif;\">Ese indicador ha sufrido un deterioro significativo este a\u00f1o, saltando al 31 % desde 23 % del a\u00f1o 2019. Eso significa un aumento de ocho puntos, muy elevado en circunstancias normales, pero que parece justificable en un a\u00f1o como este, en el que la crisis del covid-19 perme\u00f3 todos los sectores y redujo sensiblemente los ingresos del Estado.<\/span><\/span><\/p>\n<p style=\"text-align: justify;\"><span style=\"font-size:12px;\"><span style=\"font-family:verdana,geneva,sans-serif;\">Pero a pesar de esa circunstancia, ya era alto ese indicador, en el a\u00f1o 2019, enfatiza Collado. De hecho, era el cuarto m\u00e1s alto de Latinoam\u00e9rica, detr\u00e1s de los registrados por Costa Rica, Argentina y Brasil. Significa que por cada RD$100 de ingresos tributarios, el pa\u00eds ten\u00eda que destinar RD$23 a pagar intereses. Y en el 2020, ya son RD$31. Una reforma estructural como la que precisa la econom\u00eda dominicana requiere de dos componentes, sostiene el economista: una Ley de Responsabilidad Fiscal y una reforma al C\u00f3digo Tributario. De hecho, la primera ya se present\u00f3 al Congreso, en el a\u00f1o 2013.<\/span><\/span><\/p>\n<p style=\"text-align: justify;\"><span style=\"font-size:12px;\"><span style=\"font-family:verdana,geneva,sans-serif;\">Este proyecto de Ley de Responsabilidad y Transparencia Fiscal incluye como coraz\u00f3n de su funcionamiento tres reglas fiscales: la del gasto p\u00fablico, la del d\u00e9ficit fiscal y la de endeudamiento p\u00fablico. Las reglas se dise\u00f1an para fijar l\u00edmites en cada una de sus \u00e1reas. Las reglas fiscales tienen una &ldquo;cl\u00e1usula de escape&rdquo;, precisa Collado. La misma se origina en que se tiene en consideraci\u00f3n que Rep\u00fablica Dominicana est\u00e1 en el Caribe &ldquo;y puede ser golpeada por fen\u00f3menos de la naturaleza&rdquo;.<\/span><\/span><\/p>\n<p style=\"text-align: justify;\"><span style=\"font-size:12px;\"><span style=\"font-family:verdana,geneva,sans-serif;\">Ante una situaci\u00f3n de esas, que golpeara seriamente al pa\u00eds, se ver\u00edan disminuidos sus ingresos tributarios y, por ende, no se podr\u00edan cumplir las reglas fiscales. Sin embargo, esa cl\u00e1usula solo puede aplicarse por un m\u00e1ximo de tres a\u00f1os consecutivos. Otro componente importante de la responsabilidad fiscal es la creaci\u00f3n de un fondo soberano de estabilidad y sostenibilidad fiscal, &ldquo;que se alimentar\u00eda de ingresos extraordinarios como venta de activos y el 80 % de los ingresos por concepto minero, que ahora van a gasto corriente&rdquo;. Este fondo se usar\u00eda para reducci\u00f3n de la deuda, para capitalizaci\u00f3n del Banco Central y para atenci\u00f3n a la poblaci\u00f3n en casos de desastres naturales. El segundo punto de la reforma estructural es el referente al nuevo C\u00f3digo Tributario. Y el principio que debe guiarlo es &ldquo;que sea sencillo, algo que no sucede con el actual&rdquo;. Ley de Responsabilidad Fiscal.<\/span><\/span><\/p>\n<p style=\"text-align: justify;\"><span style=\"font-size:12px;\"><span style=\"font-family:verdana,geneva,sans-serif;\">Lo engorroso del sistema actual se manifiesta en un ejemplo, que cita Collado. &ldquo;el tiempo necesario para que una empresa pague sus impuestos en Rep\u00fablica Dominicana es de 317 horas al a\u00f1o&rdquo;, una cifra por encima de las que tienen los pa\u00edses de Centroam\u00e9rica, seg\u00fan el Doing Business. El segundo objetivo es el de incrementar la capacidad productiva y generar m\u00e1s empleos formales.<\/span><\/span><\/p>\n<p style=\"text-align: justify;\"><span style=\"font-size:12px;\"><span style=\"font-family:verdana,geneva,sans-serif;\">Igualmente, hay que reducir el incentivo a la informalidad, la evasi\u00f3n y la elusi\u00f3n. Como consecuencia de los anteriores, se incrementar\u00e1 la recaudaci\u00f3n fiscal, en raz\u00f3n de la mayor actividad productiva y la ampliaci\u00f3n de bases. Las tasas se reducir\u00edan as\u00ed: de 25 % a 20 % para personas f\u00edsicas, y de 27 a 20 % para empresas. Adem\u00e1s, del 20 % se llevar\u00edan al 15 % al tercer a\u00f1o de vigencia de la ley. Y en cuanto a los anticipos, la idea es reducirlos de doce a cuatro por a\u00f1o.<\/span><\/span><\/p>\n<p style=\"text-align: justify;\">&nbsp;<\/p>\n<div class=\"pvc_clear\"><\/div>\n<p class=\"pvc_stats all \" data-element-id=\"13482\" style=\"\"><i class=\"pvc-stats-icon medium\" aria-hidden=\"true\"><svg aria-hidden=\"true\" focusable=\"false\" data-prefix=\"far\" data-icon=\"chart-bar\" role=\"img\" xmlns=\"http:\/\/www.w3.org\/2000\/svg\" viewBox=\"0 0 512 512\" class=\"svg-inline--fa fa-chart-bar fa-w-16 fa-2x\"><path fill=\"currentColor\" d=\"M396.8 352h22.4c6.4 0 12.8-6.4 12.8-12.8V108.8c0-6.4-6.4-12.8-12.8-12.8h-22.4c-6.4 0-12.8 6.4-12.8 12.8v230.4c0 6.4 6.4 12.8 12.8 12.8zm-192 0h22.4c6.4 0 12.8-6.4 12.8-12.8V140.8c0-6.4-6.4-12.8-12.8-12.8h-22.4c-6.4 0-12.8 6.4-12.8 12.8v198.4c0 6.4 6.4 12.8 12.8 12.8zm96 0h22.4c6.4 0 12.8-6.4 12.8-12.8V204.8c0-6.4-6.4-12.8-12.8-12.8h-22.4c-6.4 0-12.8 6.4-12.8 12.8v134.4c0 6.4 6.4 12.8 12.8 12.8zM496 400H48V80c0-8.84-7.16-16-16-16H16C7.16 64 0 71.16 0 80v336c0 17.67 14.33 32 32 32h464c8.84 0 16-7.16 16-16v-16c0-8.84-7.16-16-16-16zm-387.2-48h22.4c6.4 0 12.8-6.4 12.8-12.8v-70.4c0-6.4-6.4-12.8-12.8-12.8h-22.4c-6.4 0-12.8 6.4-12.8 12.8v70.4c0 6.4 6.4 12.8 12.8 12.8z\" class=\"\"><\/path><\/svg><\/i> Vistas Totales&nbsp;262&nbsp;, Vistas Hoy&nbsp;1&nbsp;<\/p>\n<div class=\"pvc_clear\"><\/div>\n","protected":false},"excerpt":{"rendered":"<p>Publicado el: Martes 15 de diciembre del 2020Autor: Revista MercadoLa pol\u00edtica fiscal del pa\u00eds necesita de un giro que enfrente sus problemas estructurales de fondo. Y ese giro, para ser efectivo, debe tener el objetivo de mejorar el clima de negocios, abaratando costos a las empresas y, por tanto, promoviendo la competitividad.<\/p>\n<div class=\"pvc_clear\"><\/div>\n<p class=\"pvc_stats all \" data-element-id=\"13482\" style=\"\"><i class=\"pvc-stats-icon medium\" aria-hidden=\"true\"><svg aria-hidden=\"true\" focusable=\"false\" data-prefix=\"far\" data-icon=\"chart-bar\" role=\"img\" xmlns=\"http:\/\/www.w3.org\/2000\/svg\" viewBox=\"0 0 512 512\" class=\"svg-inline--fa fa-chart-bar fa-w-16 fa-2x\"><path fill=\"currentColor\" d=\"M396.8 352h22.4c6.4 0 12.8-6.4 12.8-12.8V108.8c0-6.4-6.4-12.8-12.8-12.8h-22.4c-6.4 0-12.8 6.4-12.8 12.8v230.4c0 6.4 6.4 12.8 12.8 12.8zm-192 0h22.4c6.4 0 12.8-6.4 12.8-12.8V140.8c0-6.4-6.4-12.8-12.8-12.8h-22.4c-6.4 0-12.8 6.4-12.8 12.8v198.4c0 6.4 6.4 12.8 12.8 12.8zm96 0h22.4c6.4 0 12.8-6.4 12.8-12.8V204.8c0-6.4-6.4-12.8-12.8-12.8h-22.4c-6.4 0-12.8 6.4-12.8 12.8v134.4c0 6.4 6.4 12.8 12.8 12.8zM496 400H48V80c0-8.84-7.16-16-16-16H16C7.16 64 0 71.16 0 80v336c0 17.67 14.33 32 32 32h464c8.84 0 16-7.16 16-16v-16c0-8.84-7.16-16-16-16zm-387.2-48h22.4c6.4 0 12.8-6.4 12.8-12.8v-70.4c0-6.4-6.4-12.8-12.8-12.8h-22.4c-6.4 0-12.8 6.4-12.8 12.8v70.4c0 6.4 6.4 12.8 12.8 12.8z\" class=\"\"><\/path><\/svg><\/i> Vistas Totales&nbsp;262&nbsp;, Vistas Hoy&nbsp;1&nbsp;<\/p>\n<div class=\"pvc_clear\"><\/div>\n","protected":false},"author":2,"featured_media":0,"comment_status":"open","ping_status":"open","sticky":false,"template":"","format":"standard","meta":{"footnotes":""},"categories":[21],"tags":[],"class_list":["post-13482","post","type-post","status-publish","format-standard","hentry","category-blog"],"yoast_head":"<!-- This site is optimized with the Yoast SEO plugin v25.2 - https:\/\/yoast.com\/wordpress\/plugins\/seo\/ -->\n<title>Reforma Fiscal: Un giro necesario para mejorar clima de negocios | CREES<\/title>\n<meta name=\"robots\" content=\"index, follow, max-snippet:-1, max-image-preview:large, max-video-preview:-1\" \/>\n<link rel=\"canonical\" href=\"https:\/\/crees.org.do\/?p=13482\" \/>\n<meta property=\"og:locale\" content=\"es_ES\" \/>\n<meta property=\"og:type\" content=\"article\" \/>\n<meta property=\"og:title\" content=\"Reforma Fiscal: Un giro necesario para mejorar clima de negocios | CREES\" \/>\n<meta property=\"og:description\" content=\"Publicado el: Martes 15 de diciembre del 2020Autor: Revista MercadoLa pol\u00edtica fiscal del pa\u00eds necesita de un giro que enfrente sus problemas estructurales de fondo. Y ese giro, para ser efectivo, debe tener el objetivo de mejorar el clima de negocios, abaratando costos a las empresas y, por tanto, promoviendo la competitividad.\" \/>\n<meta property=\"og:url\" content=\"https:\/\/crees.org.do\/?p=13482\" \/>\n<meta property=\"og:site_name\" content=\"CREES\" \/>\n<meta property=\"article:publisher\" content=\"https:\/\/www.facebook.com\/CREESRD\/\" \/>\n<meta property=\"article:published_time\" content=\"2020-01-12T00:00:00+00:00\" \/>\n<meta property=\"article:modified_time\" content=\"2021-08-17T21:55:05+00:00\" \/>\n<meta property=\"og:image\" content=\"https:\/\/crees.org.do\/wp-content\/uploads\/2022\/03\/crees-logo-1.jpg\" \/>\n\t<meta property=\"og:image:width\" content=\"244\" \/>\n\t<meta property=\"og:image:height\" content=\"71\" \/>\n\t<meta property=\"og:image:type\" content=\"image\/jpeg\" \/>\n<meta name=\"author\" content=\"Crees\" \/>\n<meta name=\"twitter:card\" content=\"summary_large_image\" \/>\n<meta name=\"twitter:creator\" content=\"@CREESRD\" \/>\n<meta name=\"twitter:site\" content=\"@CREESRD\" \/>\n<meta name=\"twitter:label1\" content=\"Escrito por\" \/>\n\t<meta name=\"twitter:data1\" content=\"Crees\" \/>\n\t<meta name=\"twitter:label2\" content=\"Tiempo de lectura\" \/>\n\t<meta name=\"twitter:data2\" content=\"4 minutos\" \/>\n<script type=\"application\/ld+json\" class=\"yoast-schema-graph\">{\"@context\":\"https:\/\/schema.org\",\"@graph\":[{\"@type\":\"Article\",\"@id\":\"https:\/\/crees.org.do\/?p=13482#article\",\"isPartOf\":{\"@id\":\"https:\/\/crees.org.do\/?p=13482\"},\"author\":{\"name\":\"Crees\",\"@id\":\"https:\/\/crees.org.do\/#\/schema\/person\/e7f97cd94d7bf9cd0e0ce30acb7d56b8\"},\"headline\":\"Reforma Fiscal: Un giro necesario para mejorar clima de negocios\",\"datePublished\":\"2020-01-12T00:00:00+00:00\",\"dateModified\":\"2021-08-17T21:55:05+00:00\",\"mainEntityOfPage\":{\"@id\":\"https:\/\/crees.org.do\/?p=13482\"},\"wordCount\":787,\"commentCount\":0,\"publisher\":{\"@id\":\"https:\/\/crees.org.do\/#organization\"},\"articleSection\":[\"Blog\"],\"inLanguage\":\"es\"},{\"@type\":\"WebPage\",\"@id\":\"https:\/\/crees.org.do\/?p=13482\",\"url\":\"https:\/\/crees.org.do\/?p=13482\",\"name\":\"Reforma Fiscal: Un giro necesario para mejorar clima de negocios | CREES\",\"isPartOf\":{\"@id\":\"https:\/\/crees.org.do\/#website\"},\"datePublished\":\"2020-01-12T00:00:00+00:00\",\"dateModified\":\"2021-08-17T21:55:05+00:00\",\"breadcrumb\":{\"@id\":\"https:\/\/crees.org.do\/?p=13482#breadcrumb\"},\"inLanguage\":\"es\",\"potentialAction\":[{\"@type\":\"ReadAction\",\"target\":[\"https:\/\/crees.org.do\/?p=13482\"]}]},{\"@type\":\"BreadcrumbList\",\"@id\":\"https:\/\/crees.org.do\/?p=13482#breadcrumb\",\"itemListElement\":[{\"@type\":\"ListItem\",\"position\":1,\"name\":\"Portada\",\"item\":\"https:\/\/crees.org.do\/\"},{\"@type\":\"ListItem\",\"position\":2,\"name\":\"Reforma Fiscal: Un giro necesario para mejorar clima de negocios\"}]},{\"@type\":\"WebSite\",\"@id\":\"https:\/\/crees.org.do\/#website\",\"url\":\"https:\/\/crees.org.do\/\",\"name\":\"CREES\",\"description\":\"Centro Regional de Estrategias Econ\u00f3micas Sostenibles\",\"publisher\":{\"@id\":\"https:\/\/crees.org.do\/#organization\"},\"potentialAction\":[{\"@type\":\"SearchAction\",\"target\":{\"@type\":\"EntryPoint\",\"urlTemplate\":\"https:\/\/crees.org.do\/?s={search_term_string}\"},\"query-input\":{\"@type\":\"PropertyValueSpecification\",\"valueRequired\":true,\"valueName\":\"search_term_string\"}}],\"inLanguage\":\"es\"},{\"@type\":\"Organization\",\"@id\":\"https:\/\/crees.org.do\/#organization\",\"name\":\"CREES | Centro Regional de Estrategias Econ\u00f3micas Sostenibles\",\"url\":\"https:\/\/crees.org.do\/\",\"logo\":{\"@type\":\"ImageObject\",\"inLanguage\":\"es\",\"@id\":\"https:\/\/crees.org.do\/#\/schema\/logo\/image\/\",\"url\":\"https:\/\/crees.org.do\/wp-content\/uploads\/2022\/03\/crees-logo-1.jpg\",\"contentUrl\":\"https:\/\/crees.org.do\/wp-content\/uploads\/2022\/03\/crees-logo-1.jpg\",\"width\":244,\"height\":71,\"caption\":\"CREES | Centro Regional de Estrategias Econ\u00f3micas Sostenibles\"},\"image\":{\"@id\":\"https:\/\/crees.org.do\/#\/schema\/logo\/image\/\"},\"sameAs\":[\"https:\/\/www.facebook.com\/CREESRD\/\",\"https:\/\/x.com\/CREESRD\"]},{\"@type\":\"Person\",\"@id\":\"https:\/\/crees.org.do\/#\/schema\/person\/e7f97cd94d7bf9cd0e0ce30acb7d56b8\",\"name\":\"Crees\",\"image\":{\"@type\":\"ImageObject\",\"inLanguage\":\"es\",\"@id\":\"https:\/\/crees.org.do\/#\/schema\/person\/image\/\",\"url\":\"https:\/\/secure.gravatar.com\/avatar\/390ac8f0be5d9aa046152553e2dd7011b59a512d89c150f5e5f28bb8d9a0b165?s=96&d=mm&r=g\",\"contentUrl\":\"https:\/\/secure.gravatar.com\/avatar\/390ac8f0be5d9aa046152553e2dd7011b59a512d89c150f5e5f28bb8d9a0b165?s=96&d=mm&r=g\",\"caption\":\"Crees\"},\"url\":\"https:\/\/crees.org.do\/?author=2\"}]}<\/script>\n<!-- \/ Yoast SEO plugin. -->","yoast_head_json":{"title":"Reforma Fiscal: Un giro necesario para mejorar clima de negocios | CREES","robots":{"index":"index","follow":"follow","max-snippet":"max-snippet:-1","max-image-preview":"max-image-preview:large","max-video-preview":"max-video-preview:-1"},"canonical":"https:\/\/crees.org.do\/?p=13482","og_locale":"es_ES","og_type":"article","og_title":"Reforma Fiscal: Un giro necesario para mejorar clima de negocios | CREES","og_description":"Publicado el: Martes 15 de diciembre del 2020Autor: Revista MercadoLa pol\u00edtica fiscal del pa\u00eds necesita de un giro que enfrente sus problemas estructurales de fondo. Y ese giro, para ser efectivo, debe tener el objetivo de mejorar el clima de negocios, abaratando costos a las empresas y, por tanto, promoviendo la competitividad.","og_url":"https:\/\/crees.org.do\/?p=13482","og_site_name":"CREES","article_publisher":"https:\/\/www.facebook.com\/CREESRD\/","article_published_time":"2020-01-12T00:00:00+00:00","article_modified_time":"2021-08-17T21:55:05+00:00","og_image":[{"width":244,"height":71,"url":"https:\/\/crees.org.do\/wp-content\/uploads\/2022\/03\/crees-logo-1.jpg","type":"image\/jpeg"}],"author":"Crees","twitter_card":"summary_large_image","twitter_creator":"@CREESRD","twitter_site":"@CREESRD","twitter_misc":{"Escrito por":"Crees","Tiempo de lectura":"4 minutos"},"schema":{"@context":"https:\/\/schema.org","@graph":[{"@type":"Article","@id":"https:\/\/crees.org.do\/?p=13482#article","isPartOf":{"@id":"https:\/\/crees.org.do\/?p=13482"},"author":{"name":"Crees","@id":"https:\/\/crees.org.do\/#\/schema\/person\/e7f97cd94d7bf9cd0e0ce30acb7d56b8"},"headline":"Reforma Fiscal: Un giro necesario para mejorar clima de negocios","datePublished":"2020-01-12T00:00:00+00:00","dateModified":"2021-08-17T21:55:05+00:00","mainEntityOfPage":{"@id":"https:\/\/crees.org.do\/?p=13482"},"wordCount":787,"commentCount":0,"publisher":{"@id":"https:\/\/crees.org.do\/#organization"},"articleSection":["Blog"],"inLanguage":"es"},{"@type":"WebPage","@id":"https:\/\/crees.org.do\/?p=13482","url":"https:\/\/crees.org.do\/?p=13482","name":"Reforma Fiscal: Un giro necesario para mejorar clima de negocios | CREES","isPartOf":{"@id":"https:\/\/crees.org.do\/#website"},"datePublished":"2020-01-12T00:00:00+00:00","dateModified":"2021-08-17T21:55:05+00:00","breadcrumb":{"@id":"https:\/\/crees.org.do\/?p=13482#breadcrumb"},"inLanguage":"es","potentialAction":[{"@type":"ReadAction","target":["https:\/\/crees.org.do\/?p=13482"]}]},{"@type":"BreadcrumbList","@id":"https:\/\/crees.org.do\/?p=13482#breadcrumb","itemListElement":[{"@type":"ListItem","position":1,"name":"Portada","item":"https:\/\/crees.org.do\/"},{"@type":"ListItem","position":2,"name":"Reforma Fiscal: Un giro necesario para mejorar clima de negocios"}]},{"@type":"WebSite","@id":"https:\/\/crees.org.do\/#website","url":"https:\/\/crees.org.do\/","name":"CREES","description":"Centro Regional de Estrategias Econ\u00f3micas Sostenibles","publisher":{"@id":"https:\/\/crees.org.do\/#organization"},"potentialAction":[{"@type":"SearchAction","target":{"@type":"EntryPoint","urlTemplate":"https:\/\/crees.org.do\/?s={search_term_string}"},"query-input":{"@type":"PropertyValueSpecification","valueRequired":true,"valueName":"search_term_string"}}],"inLanguage":"es"},{"@type":"Organization","@id":"https:\/\/crees.org.do\/#organization","name":"CREES | Centro Regional de Estrategias Econ\u00f3micas Sostenibles","url":"https:\/\/crees.org.do\/","logo":{"@type":"ImageObject","inLanguage":"es","@id":"https:\/\/crees.org.do\/#\/schema\/logo\/image\/","url":"https:\/\/crees.org.do\/wp-content\/uploads\/2022\/03\/crees-logo-1.jpg","contentUrl":"https:\/\/crees.org.do\/wp-content\/uploads\/2022\/03\/crees-logo-1.jpg","width":244,"height":71,"caption":"CREES | Centro Regional de Estrategias Econ\u00f3micas Sostenibles"},"image":{"@id":"https:\/\/crees.org.do\/#\/schema\/logo\/image\/"},"sameAs":["https:\/\/www.facebook.com\/CREESRD\/","https:\/\/x.com\/CREESRD"]},{"@type":"Person","@id":"https:\/\/crees.org.do\/#\/schema\/person\/e7f97cd94d7bf9cd0e0ce30acb7d56b8","name":"Crees","image":{"@type":"ImageObject","inLanguage":"es","@id":"https:\/\/crees.org.do\/#\/schema\/person\/image\/","url":"https:\/\/secure.gravatar.com\/avatar\/390ac8f0be5d9aa046152553e2dd7011b59a512d89c150f5e5f28bb8d9a0b165?s=96&d=mm&r=g","contentUrl":"https:\/\/secure.gravatar.com\/avatar\/390ac8f0be5d9aa046152553e2dd7011b59a512d89c150f5e5f28bb8d9a0b165?s=96&d=mm&r=g","caption":"Crees"},"url":"https:\/\/crees.org.do\/?author=2"}]}},"_links":{"self":[{"href":"https:\/\/crees.org.do\/index.php?rest_route=\/wp\/v2\/posts\/13482","targetHints":{"allow":["GET"]}}],"collection":[{"href":"https:\/\/crees.org.do\/index.php?rest_route=\/wp\/v2\/posts"}],"about":[{"href":"https:\/\/crees.org.do\/index.php?rest_route=\/wp\/v2\/types\/post"}],"author":[{"embeddable":true,"href":"https:\/\/crees.org.do\/index.php?rest_route=\/wp\/v2\/users\/2"}],"replies":[{"embeddable":true,"href":"https:\/\/crees.org.do\/index.php?rest_route=%2Fwp%2Fv2%2Fcomments&post=13482"}],"version-history":[{"count":1,"href":"https:\/\/crees.org.do\/index.php?rest_route=\/wp\/v2\/posts\/13482\/revisions"}],"predecessor-version":[{"id":20874,"href":"https:\/\/crees.org.do\/index.php?rest_route=\/wp\/v2\/posts\/13482\/revisions\/20874"}],"wp:attachment":[{"href":"https:\/\/crees.org.do\/index.php?rest_route=%2Fwp%2Fv2%2Fmedia&parent=13482"}],"wp:term":[{"taxonomy":"category","embeddable":true,"href":"https:\/\/crees.org.do\/index.php?rest_route=%2Fwp%2Fv2%2Fcategories&post=13482"},{"taxonomy":"post_tag","embeddable":true,"href":"https:\/\/crees.org.do\/index.php?rest_route=%2Fwp%2Fv2%2Ftags&post=13482"}],"curies":[{"name":"wp","href":"https:\/\/api.w.org\/{rel}","templated":true}]}}