{"id":13496,"date":"2021-01-01T00:00:00","date_gmt":"2021-01-01T00:00:00","guid":{"rendered":"https:\/\/crees.org.do\/mala-senal-creacion-de-viceministerios\/"},"modified":"2021-08-17T21:55:07","modified_gmt":"2021-08-17T21:55:07","slug":"mala-senal-creacion-de-viceministerios","status":"publish","type":"post","link":"https:\/\/crees.org.do\/?p=13496","title":{"rendered":"Mala se\u00f1al creaci\u00f3n de viceministerios"},"content":{"rendered":"<p style=\"text-align: justify;\"><span style=\"font-size: 12px;\"><span style=\"font-family: verdana, geneva, sans-serif;\">Autor:&nbsp;Ubaldo Guzm\u00e1n Molina<\/span><\/span><\/p>\n<p style=\"text-align: justify;\"><span style=\"font-size: 12px;\"><span style=\"font-family: verdana, geneva, sans-serif;\">Extra\u00eddo de: Peri\u00f3dico Hoy<\/span><\/span><\/p>\n<p style=\"text-align: justify;\"><span style=\"font-size:12px;\"><span style=\"font-family:verdana,geneva,sans-serif;\"><span style=\"background-color: rgb(255, 255, 255); color: rgb(34, 34, 34);\">El economista senior del Centro Regional de Estrategias Econ\u00f3micas Sostenibles (CREES) consider\u00f3 ayer que el gobierno env\u00eda una mala se\u00f1al al pa\u00eds con el proyecto de ley, aprobado por el Senado en segunda lectura el pasado martes, que aumentar\u00e1 los viceministerios de Hacienda, Agricultura, Econom\u00eda, Planificaci\u00f3n y Desarrollo, entre otros.<\/span><\/span><\/span><\/p>\n<p style=\"box-sizing: border-box; margin-right: auto; margin-bottom: 26px; margin-left: auto; overflow-wrap: break-word; font-family: Oxygen; font-size: 17px; color: rgb(34, 34, 34); background-color: rgb(255, 255, 255); line-height: 1.5 !important; text-align: justify;\"><span style=\"font-size:12px;\"><span style=\"font-family:verdana,geneva,sans-serif;\">Miguel Collado Di Franco dijo que es contraproducente que el gobierno aumente el n\u00famero de viceministerios en un momento en que la mayor parte de la econom\u00eda recibe menores ingresos a consecuencia de las medidas adoptadas para combatir el covid-19 y cree que el Estado debe ahorrar en el gasto p\u00fablico.<\/span><\/span><\/p>\n<p style=\"box-sizing: border-box; margin-right: auto; margin-bottom: 26px; margin-left: auto; overflow-wrap: break-word; font-family: Oxygen; font-size: 17px; color: rgb(34, 34, 34); background-color: rgb(255, 255, 255); line-height: 1.5 !important; text-align: justify;\"><span style=\"font-size:12px;\"><span style=\"font-family:verdana,geneva,sans-serif;\">&ldquo;No es el momento para aumentar la dimensi\u00f3n del gobierno, sino para todo lo contrario, para hacerlo m\u00e1s simple consiguiendo ahorros para evitar mayores sacrificios de los contribuyentes, que son los que terminan pagando con sus impuestos presentes y sus impuestos futuros a los nuevos viceministerios&rdquo;, sostuvo.<\/span><\/span><\/p>\n<p style=\"box-sizing: border-box; margin-right: auto; margin-bottom: 26px; margin-left: auto; overflow-wrap: break-word; font-family: Oxygen; font-size: 17px; color: rgb(34, 34, 34); background-color: rgb(255, 255, 255); line-height: 1.5 !important; text-align: justify;\"><span style=\"font-size:12px;\"><span style=\"font-family:verdana,geneva,sans-serif;\">Plante\u00f3 que, en lugar de agrandar al Estado, el gobierno deber\u00eda hacer una reingenier\u00eda y buscar la forma de optimizarlo, de modo que los procesos actuales sean disminuidos.<\/span><\/span><\/p>\n<div class=\"pvc_clear\"><\/div>\n<p class=\"pvc_stats all \" data-element-id=\"13496\" style=\"\"><i class=\"pvc-stats-icon medium\" aria-hidden=\"true\"><svg aria-hidden=\"true\" focusable=\"false\" data-prefix=\"far\" data-icon=\"chart-bar\" role=\"img\" xmlns=\"http:\/\/www.w3.org\/2000\/svg\" viewBox=\"0 0 512 512\" class=\"svg-inline--fa fa-chart-bar fa-w-16 fa-2x\"><path fill=\"currentColor\" d=\"M396.8 352h22.4c6.4 0 12.8-6.4 12.8-12.8V108.8c0-6.4-6.4-12.8-12.8-12.8h-22.4c-6.4 0-12.8 6.4-12.8 12.8v230.4c0 6.4 6.4 12.8 12.8 12.8zm-192 0h22.4c6.4 0 12.8-6.4 12.8-12.8V140.8c0-6.4-6.4-12.8-12.8-12.8h-22.4c-6.4 0-12.8 6.4-12.8 12.8v198.4c0 6.4 6.4 12.8 12.8 12.8zm96 0h22.4c6.4 0 12.8-6.4 12.8-12.8V204.8c0-6.4-6.4-12.8-12.8-12.8h-22.4c-6.4 0-12.8 6.4-12.8 12.8v134.4c0 6.4 6.4 12.8 12.8 12.8zM496 400H48V80c0-8.84-7.16-16-16-16H16C7.16 64 0 71.16 0 80v336c0 17.67 14.33 32 32 32h464c8.84 0 16-7.16 16-16v-16c0-8.84-7.16-16-16-16zm-387.2-48h22.4c6.4 0 12.8-6.4 12.8-12.8v-70.4c0-6.4-6.4-12.8-12.8-12.8h-22.4c-6.4 0-12.8 6.4-12.8 12.8v70.4c0 6.4 6.4 12.8 12.8 12.8z\" class=\"\"><\/path><\/svg><\/i> Vistas Totales&nbsp;252&nbsp;, Vistas Hoy&nbsp;1&nbsp;<\/p>\n<div class=\"pvc_clear\"><\/div>\n","protected":false},"excerpt":{"rendered":"<p>Publicado el: Jueves 21 de enero del 2020Autor: Ubaldo Guzm\u00e1n MolinaEl economista senior del Centro Regional de Estrategias Econ\u00f3micas Sostenibles (CREES) consider\u00f3 ayer que el gobierno env\u00eda una mala se\u00f1al al pa\u00eds con el proyecto de ley, aprobado por el Senado en segunda lectura el pasado martes, que aumentar\u00e1 los viceministerios de Hacienda, Agricultura, Econom\u00eda, Planificaci\u00f3n y Desarrollo, entre otros.<\/p>\n<div class=\"pvc_clear\"><\/div>\n<p class=\"pvc_stats all \" data-element-id=\"13496\" style=\"\"><i class=\"pvc-stats-icon medium\" aria-hidden=\"true\"><svg aria-hidden=\"true\" focusable=\"false\" data-prefix=\"far\" data-icon=\"chart-bar\" role=\"img\" xmlns=\"http:\/\/www.w3.org\/2000\/svg\" viewBox=\"0 0 512 512\" class=\"svg-inline--fa fa-chart-bar fa-w-16 fa-2x\"><path fill=\"currentColor\" d=\"M396.8 352h22.4c6.4 0 12.8-6.4 12.8-12.8V108.8c0-6.4-6.4-12.8-12.8-12.8h-22.4c-6.4 0-12.8 6.4-12.8 12.8v230.4c0 6.4 6.4 12.8 12.8 12.8zm-192 0h22.4c6.4 0 12.8-6.4 12.8-12.8V140.8c0-6.4-6.4-12.8-12.8-12.8h-22.4c-6.4 0-12.8 6.4-12.8 12.8v198.4c0 6.4 6.4 12.8 12.8 12.8zm96 0h22.4c6.4 0 12.8-6.4 12.8-12.8V204.8c0-6.4-6.4-12.8-12.8-12.8h-22.4c-6.4 0-12.8 6.4-12.8 12.8v134.4c0 6.4 6.4 12.8 12.8 12.8zM496 400H48V80c0-8.84-7.16-16-16-16H16C7.16 64 0 71.16 0 80v336c0 17.67 14.33 32 32 32h464c8.84 0 16-7.16 16-16v-16c0-8.84-7.16-16-16-16zm-387.2-48h22.4c6.4 0 12.8-6.4 12.8-12.8v-70.4c0-6.4-6.4-12.8-12.8-12.8h-22.4c-6.4 0-12.8 6.4-12.8 12.8v70.4c0 6.4 6.4 12.8 12.8 12.8z\" class=\"\"><\/path><\/svg><\/i> Vistas Totales&nbsp;252&nbsp;, Vistas Hoy&nbsp;1&nbsp;<\/p>\n<div class=\"pvc_clear\"><\/div>\n","protected":false},"author":2,"featured_media":0,"comment_status":"open","ping_status":"open","sticky":false,"template":"","format":"standard","meta":{"footnotes":""},"categories":[21],"tags":[],"class_list":["post-13496","post","type-post","status-publish","format-standard","hentry","category-blog"],"yoast_head":"<!-- This site is optimized with the Yoast SEO plugin v25.2 - https:\/\/yoast.com\/wordpress\/plugins\/seo\/ -->\n<title>Mala se\u00f1al creaci\u00f3n de viceministerios | CREES<\/title>\n<meta name=\"robots\" content=\"index, follow, max-snippet:-1, max-image-preview:large, max-video-preview:-1\" \/>\n<link rel=\"canonical\" href=\"https:\/\/crees.org.do\/?p=13496\" \/>\n<meta property=\"og:locale\" content=\"es_ES\" \/>\n<meta property=\"og:type\" content=\"article\" \/>\n<meta property=\"og:title\" content=\"Mala se\u00f1al creaci\u00f3n de viceministerios | CREES\" \/>\n<meta property=\"og:description\" content=\"Publicado el: Jueves 21 de enero del 2020Autor: Ubaldo Guzm\u00e1n MolinaEl economista senior del Centro Regional de Estrategias Econ\u00f3micas Sostenibles (CREES) consider\u00f3 ayer que el gobierno env\u00eda una mala se\u00f1al al pa\u00eds con el proyecto de ley, aprobado por el Senado en segunda lectura el pasado martes, que aumentar\u00e1 los viceministerios de Hacienda, Agricultura, Econom\u00eda, Planificaci\u00f3n y Desarrollo, entre otros.\" \/>\n<meta property=\"og:url\" content=\"https:\/\/crees.org.do\/?p=13496\" \/>\n<meta property=\"og:site_name\" content=\"CREES\" \/>\n<meta property=\"article:publisher\" content=\"https:\/\/www.facebook.com\/CREESRD\/\" \/>\n<meta property=\"article:published_time\" content=\"2021-01-01T00:00:00+00:00\" \/>\n<meta property=\"article:modified_time\" content=\"2021-08-17T21:55:07+00:00\" \/>\n<meta property=\"og:image\" content=\"https:\/\/crees.org.do\/wp-content\/uploads\/2022\/03\/crees-logo-1.jpg\" \/>\n\t<meta property=\"og:image:width\" content=\"244\" \/>\n\t<meta property=\"og:image:height\" content=\"71\" \/>\n\t<meta property=\"og:image:type\" content=\"image\/jpeg\" \/>\n<meta name=\"author\" content=\"Crees\" \/>\n<meta name=\"twitter:card\" content=\"summary_large_image\" \/>\n<meta name=\"twitter:creator\" content=\"@CREESRD\" \/>\n<meta name=\"twitter:site\" content=\"@CREESRD\" \/>\n<meta name=\"twitter:label1\" content=\"Escrito por\" \/>\n\t<meta name=\"twitter:data1\" content=\"Crees\" \/>\n\t<meta name=\"twitter:label2\" content=\"Tiempo de lectura\" \/>\n\t<meta name=\"twitter:data2\" content=\"1 minuto\" \/>\n<script type=\"application\/ld+json\" class=\"yoast-schema-graph\">{\"@context\":\"https:\/\/schema.org\",\"@graph\":[{\"@type\":\"Article\",\"@id\":\"https:\/\/crees.org.do\/?p=13496#article\",\"isPartOf\":{\"@id\":\"https:\/\/crees.org.do\/?p=13496\"},\"author\":{\"name\":\"Crees\",\"@id\":\"https:\/\/crees.org.do\/#\/schema\/person\/e7f97cd94d7bf9cd0e0ce30acb7d56b8\"},\"headline\":\"Mala se\u00f1al creaci\u00f3n de viceministerios\",\"datePublished\":\"2021-01-01T00:00:00+00:00\",\"dateModified\":\"2021-08-17T21:55:07+00:00\",\"mainEntityOfPage\":{\"@id\":\"https:\/\/crees.org.do\/?p=13496\"},\"wordCount\":210,\"commentCount\":0,\"publisher\":{\"@id\":\"https:\/\/crees.org.do\/#organization\"},\"articleSection\":[\"Blog\"],\"inLanguage\":\"es\"},{\"@type\":\"WebPage\",\"@id\":\"https:\/\/crees.org.do\/?p=13496\",\"url\":\"https:\/\/crees.org.do\/?p=13496\",\"name\":\"Mala se\u00f1al creaci\u00f3n de viceministerios | CREES\",\"isPartOf\":{\"@id\":\"https:\/\/crees.org.do\/#website\"},\"datePublished\":\"2021-01-01T00:00:00+00:00\",\"dateModified\":\"2021-08-17T21:55:07+00:00\",\"breadcrumb\":{\"@id\":\"https:\/\/crees.org.do\/?p=13496#breadcrumb\"},\"inLanguage\":\"es\",\"potentialAction\":[{\"@type\":\"ReadAction\",\"target\":[\"https:\/\/crees.org.do\/?p=13496\"]}]},{\"@type\":\"BreadcrumbList\",\"@id\":\"https:\/\/crees.org.do\/?p=13496#breadcrumb\",\"itemListElement\":[{\"@type\":\"ListItem\",\"position\":1,\"name\":\"Portada\",\"item\":\"https:\/\/crees.org.do\/\"},{\"@type\":\"ListItem\",\"position\":2,\"name\":\"Mala se\u00f1al creaci\u00f3n de viceministerios\"}]},{\"@type\":\"WebSite\",\"@id\":\"https:\/\/crees.org.do\/#website\",\"url\":\"https:\/\/crees.org.do\/\",\"name\":\"CREES\",\"description\":\"Centro Regional de Estrategias Econ\u00f3micas Sostenibles\",\"publisher\":{\"@id\":\"https:\/\/crees.org.do\/#organization\"},\"potentialAction\":[{\"@type\":\"SearchAction\",\"target\":{\"@type\":\"EntryPoint\",\"urlTemplate\":\"https:\/\/crees.org.do\/?s={search_term_string}\"},\"query-input\":{\"@type\":\"PropertyValueSpecification\",\"valueRequired\":true,\"valueName\":\"search_term_string\"}}],\"inLanguage\":\"es\"},{\"@type\":\"Organization\",\"@id\":\"https:\/\/crees.org.do\/#organization\",\"name\":\"CREES | Centro Regional de Estrategias Econ\u00f3micas Sostenibles\",\"url\":\"https:\/\/crees.org.do\/\",\"logo\":{\"@type\":\"ImageObject\",\"inLanguage\":\"es\",\"@id\":\"https:\/\/crees.org.do\/#\/schema\/logo\/image\/\",\"url\":\"https:\/\/crees.org.do\/wp-content\/uploads\/2022\/03\/crees-logo-1.jpg\",\"contentUrl\":\"https:\/\/crees.org.do\/wp-content\/uploads\/2022\/03\/crees-logo-1.jpg\",\"width\":244,\"height\":71,\"caption\":\"CREES | Centro Regional de Estrategias Econ\u00f3micas Sostenibles\"},\"image\":{\"@id\":\"https:\/\/crees.org.do\/#\/schema\/logo\/image\/\"},\"sameAs\":[\"https:\/\/www.facebook.com\/CREESRD\/\",\"https:\/\/x.com\/CREESRD\"]},{\"@type\":\"Person\",\"@id\":\"https:\/\/crees.org.do\/#\/schema\/person\/e7f97cd94d7bf9cd0e0ce30acb7d56b8\",\"name\":\"Crees\",\"image\":{\"@type\":\"ImageObject\",\"inLanguage\":\"es\",\"@id\":\"https:\/\/crees.org.do\/#\/schema\/person\/image\/\",\"url\":\"https:\/\/secure.gravatar.com\/avatar\/390ac8f0be5d9aa046152553e2dd7011b59a512d89c150f5e5f28bb8d9a0b165?s=96&d=mm&r=g\",\"contentUrl\":\"https:\/\/secure.gravatar.com\/avatar\/390ac8f0be5d9aa046152553e2dd7011b59a512d89c150f5e5f28bb8d9a0b165?s=96&d=mm&r=g\",\"caption\":\"Crees\"},\"url\":\"https:\/\/crees.org.do\/?author=2\"}]}<\/script>\n<!-- \/ Yoast SEO plugin. -->","yoast_head_json":{"title":"Mala se\u00f1al creaci\u00f3n de viceministerios | CREES","robots":{"index":"index","follow":"follow","max-snippet":"max-snippet:-1","max-image-preview":"max-image-preview:large","max-video-preview":"max-video-preview:-1"},"canonical":"https:\/\/crees.org.do\/?p=13496","og_locale":"es_ES","og_type":"article","og_title":"Mala se\u00f1al creaci\u00f3n de viceministerios | CREES","og_description":"Publicado el: Jueves 21 de enero del 2020Autor: Ubaldo Guzm\u00e1n MolinaEl economista senior del Centro Regional de Estrategias Econ\u00f3micas Sostenibles (CREES) consider\u00f3 ayer que el gobierno env\u00eda una mala se\u00f1al al pa\u00eds con el proyecto de ley, aprobado por el Senado en segunda lectura el pasado martes, que aumentar\u00e1 los viceministerios de Hacienda, Agricultura, Econom\u00eda, Planificaci\u00f3n y Desarrollo, entre otros.","og_url":"https:\/\/crees.org.do\/?p=13496","og_site_name":"CREES","article_publisher":"https:\/\/www.facebook.com\/CREESRD\/","article_published_time":"2021-01-01T00:00:00+00:00","article_modified_time":"2021-08-17T21:55:07+00:00","og_image":[{"width":244,"height":71,"url":"https:\/\/crees.org.do\/wp-content\/uploads\/2022\/03\/crees-logo-1.jpg","type":"image\/jpeg"}],"author":"Crees","twitter_card":"summary_large_image","twitter_creator":"@CREESRD","twitter_site":"@CREESRD","twitter_misc":{"Escrito por":"Crees","Tiempo de lectura":"1 minuto"},"schema":{"@context":"https:\/\/schema.org","@graph":[{"@type":"Article","@id":"https:\/\/crees.org.do\/?p=13496#article","isPartOf":{"@id":"https:\/\/crees.org.do\/?p=13496"},"author":{"name":"Crees","@id":"https:\/\/crees.org.do\/#\/schema\/person\/e7f97cd94d7bf9cd0e0ce30acb7d56b8"},"headline":"Mala se\u00f1al creaci\u00f3n de viceministerios","datePublished":"2021-01-01T00:00:00+00:00","dateModified":"2021-08-17T21:55:07+00:00","mainEntityOfPage":{"@id":"https:\/\/crees.org.do\/?p=13496"},"wordCount":210,"commentCount":0,"publisher":{"@id":"https:\/\/crees.org.do\/#organization"},"articleSection":["Blog"],"inLanguage":"es"},{"@type":"WebPage","@id":"https:\/\/crees.org.do\/?p=13496","url":"https:\/\/crees.org.do\/?p=13496","name":"Mala se\u00f1al creaci\u00f3n de viceministerios | CREES","isPartOf":{"@id":"https:\/\/crees.org.do\/#website"},"datePublished":"2021-01-01T00:00:00+00:00","dateModified":"2021-08-17T21:55:07+00:00","breadcrumb":{"@id":"https:\/\/crees.org.do\/?p=13496#breadcrumb"},"inLanguage":"es","potentialAction":[{"@type":"ReadAction","target":["https:\/\/crees.org.do\/?p=13496"]}]},{"@type":"BreadcrumbList","@id":"https:\/\/crees.org.do\/?p=13496#breadcrumb","itemListElement":[{"@type":"ListItem","position":1,"name":"Portada","item":"https:\/\/crees.org.do\/"},{"@type":"ListItem","position":2,"name":"Mala se\u00f1al creaci\u00f3n de viceministerios"}]},{"@type":"WebSite","@id":"https:\/\/crees.org.do\/#website","url":"https:\/\/crees.org.do\/","name":"CREES","description":"Centro Regional de Estrategias Econ\u00f3micas Sostenibles","publisher":{"@id":"https:\/\/crees.org.do\/#organization"},"potentialAction":[{"@type":"SearchAction","target":{"@type":"EntryPoint","urlTemplate":"https:\/\/crees.org.do\/?s={search_term_string}"},"query-input":{"@type":"PropertyValueSpecification","valueRequired":true,"valueName":"search_term_string"}}],"inLanguage":"es"},{"@type":"Organization","@id":"https:\/\/crees.org.do\/#organization","name":"CREES | Centro Regional de Estrategias Econ\u00f3micas Sostenibles","url":"https:\/\/crees.org.do\/","logo":{"@type":"ImageObject","inLanguage":"es","@id":"https:\/\/crees.org.do\/#\/schema\/logo\/image\/","url":"https:\/\/crees.org.do\/wp-content\/uploads\/2022\/03\/crees-logo-1.jpg","contentUrl":"https:\/\/crees.org.do\/wp-content\/uploads\/2022\/03\/crees-logo-1.jpg","width":244,"height":71,"caption":"CREES | Centro Regional de Estrategias Econ\u00f3micas Sostenibles"},"image":{"@id":"https:\/\/crees.org.do\/#\/schema\/logo\/image\/"},"sameAs":["https:\/\/www.facebook.com\/CREESRD\/","https:\/\/x.com\/CREESRD"]},{"@type":"Person","@id":"https:\/\/crees.org.do\/#\/schema\/person\/e7f97cd94d7bf9cd0e0ce30acb7d56b8","name":"Crees","image":{"@type":"ImageObject","inLanguage":"es","@id":"https:\/\/crees.org.do\/#\/schema\/person\/image\/","url":"https:\/\/secure.gravatar.com\/avatar\/390ac8f0be5d9aa046152553e2dd7011b59a512d89c150f5e5f28bb8d9a0b165?s=96&d=mm&r=g","contentUrl":"https:\/\/secure.gravatar.com\/avatar\/390ac8f0be5d9aa046152553e2dd7011b59a512d89c150f5e5f28bb8d9a0b165?s=96&d=mm&r=g","caption":"Crees"},"url":"https:\/\/crees.org.do\/?author=2"}]}},"_links":{"self":[{"href":"https:\/\/crees.org.do\/index.php?rest_route=\/wp\/v2\/posts\/13496","targetHints":{"allow":["GET"]}}],"collection":[{"href":"https:\/\/crees.org.do\/index.php?rest_route=\/wp\/v2\/posts"}],"about":[{"href":"https:\/\/crees.org.do\/index.php?rest_route=\/wp\/v2\/types\/post"}],"author":[{"embeddable":true,"href":"https:\/\/crees.org.do\/index.php?rest_route=\/wp\/v2\/users\/2"}],"replies":[{"embeddable":true,"href":"https:\/\/crees.org.do\/index.php?rest_route=%2Fwp%2Fv2%2Fcomments&post=13496"}],"version-history":[{"count":1,"href":"https:\/\/crees.org.do\/index.php?rest_route=\/wp\/v2\/posts\/13496\/revisions"}],"predecessor-version":[{"id":20876,"href":"https:\/\/crees.org.do\/index.php?rest_route=\/wp\/v2\/posts\/13496\/revisions\/20876"}],"wp:attachment":[{"href":"https:\/\/crees.org.do\/index.php?rest_route=%2Fwp%2Fv2%2Fmedia&parent=13496"}],"wp:term":[{"taxonomy":"category","embeddable":true,"href":"https:\/\/crees.org.do\/index.php?rest_route=%2Fwp%2Fv2%2Fcategories&post=13496"},{"taxonomy":"post_tag","embeddable":true,"href":"https:\/\/crees.org.do\/index.php?rest_route=%2Fwp%2Fv2%2Ftags&post=13496"}],"curies":[{"name":"wp","href":"https:\/\/api.w.org\/{rel}","templated":true}]}}