{"id":13505,"date":"2021-01-01T00:00:00","date_gmt":"2021-01-01T00:00:00","guid":{"rendered":"https:\/\/crees.org.do\/la-tasa-de-desempleo-de-estados-unidos-disminuyo-a-6-3-en-enero-del-ano-2021\/"},"modified":"2021-08-08T21:21:55","modified_gmt":"2021-08-08T21:21:55","slug":"la-tasa-de-desempleo-de-estados-unidos-disminuyo-a-6-3-en-enero-del-ano-2021","status":"publish","type":"post","link":"https:\/\/crees.org.do\/?p=13505","title":{"rendered":"La tasa de desempleo de Estados Unidos disminuy\u00f3 a 6.3%, en enero del a\u00f1o 2021"},"content":{"rendered":"<p style=\"text-align: center;\">[[{&#8220;type&#8221;:&#8221;media&#8221;,&#8221;view_mode&#8221;:&#8221;media_original&#8221;,&#8221;fid&#8221;:&#8221;7998&#8243;,&#8221;attributes&#8221;:{&#8220;alt&#8221;:&#8221;&#8221;,&#8221;class&#8221;:&#8221;media-image&#8221;,&#8221;style&#8221;:&#8221;height: 657px; width: 657px;&#8221;}}]]<\/p>\n<p style=\"text-align: justify;\"><span style=\"font-size:12px;\"><span style=\"font-family:verdana,geneva,sans-serif;\">En enero del 2021, la tasa de desempleo de los Estados Unidos disminuy\u00f3 a 6.3%. Seg\u00fan el Departamento de Trabajo de Estados Unidos, el n\u00famero de desempleados se redujo a 10.1 millones de trabajadores. Esto significa que la tasa de desempleo de Estados Unidos permanece 2.8 puntos porcentuales por encima de la prevaleciente en enero del 2020 (3.5%).<\/span><\/span><\/p>\n<p style=\"text-align: justify;\"><span style=\"font-size:12px;\"><span style=\"font-family:verdana,geneva,sans-serif;\">A pesar del la desaceleraci\u00f3n en el ritmo de reducci\u00f3n, la tasa de desempleo se ha reducido 8.5 puntos porcentuales desde abril del 2020, cuando alcanz\u00f3 la m\u00e1s alta en la historia. Esto equivale a 13.0 millones de desempleados estadounidenses que han regresado a sus trabajos en los \u00faltimos 9 meses.<\/span><\/span><\/p>\n<div class=\"pvc_clear\"><\/div>\n<p class=\"pvc_stats all \" data-element-id=\"13505\" style=\"\"><i class=\"pvc-stats-icon medium\" aria-hidden=\"true\"><svg aria-hidden=\"true\" focusable=\"false\" data-prefix=\"far\" data-icon=\"chart-bar\" role=\"img\" xmlns=\"http:\/\/www.w3.org\/2000\/svg\" viewBox=\"0 0 512 512\" class=\"svg-inline--fa fa-chart-bar fa-w-16 fa-2x\"><path fill=\"currentColor\" d=\"M396.8 352h22.4c6.4 0 12.8-6.4 12.8-12.8V108.8c0-6.4-6.4-12.8-12.8-12.8h-22.4c-6.4 0-12.8 6.4-12.8 12.8v230.4c0 6.4 6.4 12.8 12.8 12.8zm-192 0h22.4c6.4 0 12.8-6.4 12.8-12.8V140.8c0-6.4-6.4-12.8-12.8-12.8h-22.4c-6.4 0-12.8 6.4-12.8 12.8v198.4c0 6.4 6.4 12.8 12.8 12.8zm96 0h22.4c6.4 0 12.8-6.4 12.8-12.8V204.8c0-6.4-6.4-12.8-12.8-12.8h-22.4c-6.4 0-12.8 6.4-12.8 12.8v134.4c0 6.4 6.4 12.8 12.8 12.8zM496 400H48V80c0-8.84-7.16-16-16-16H16C7.16 64 0 71.16 0 80v336c0 17.67 14.33 32 32 32h464c8.84 0 16-7.16 16-16v-16c0-8.84-7.16-16-16-16zm-387.2-48h22.4c6.4 0 12.8-6.4 12.8-12.8v-70.4c0-6.4-6.4-12.8-12.8-12.8h-22.4c-6.4 0-12.8 6.4-12.8 12.8v70.4c0 6.4 6.4 12.8 12.8 12.8z\" class=\"\"><\/path><\/svg><\/i> Vistas Totales&nbsp;504&nbsp;, Vistas Hoy&nbsp;4&nbsp;<\/p>\n<div class=\"pvc_clear\"><\/div>\n","protected":false},"excerpt":{"rendered":"<p>[[{&#8220;type&#8221;:&#8221;media&#8221;,&#8221;view_mode&#8221;:&#8221;media_original&#8221;,&#8221;fid&#8221;:&#8221;7998&#8243;,&#8221;attributes&#8221;:{&#8220;alt&#8221;:&#8221;&#8221;,&#8221;class&#8221;:&#8221;media-image&#8221;,&#8221;style&#8221;:&#8221;height: 657px; width: 657px;&#8221;}}]] En enero del 2021, la tasa de desempleo de los Estados Unidos disminuy\u00f3 a 6.3%. Seg\u00fan el Departamento de Trabajo de Estados Unidos, el n\u00famero de desempleados se redujo a 10.1 millones de trabajadores. Esto significa que la tasa de desempleo de Estados Unidos permanece 2.8 puntos porcentuales por encima de&#8230;<\/p>\n<div class=\"pvc_clear\"><\/div>\n<p class=\"pvc_stats all \" data-element-id=\"13505\" style=\"\"><i class=\"pvc-stats-icon medium\" aria-hidden=\"true\"><svg aria-hidden=\"true\" focusable=\"false\" data-prefix=\"far\" data-icon=\"chart-bar\" role=\"img\" xmlns=\"http:\/\/www.w3.org\/2000\/svg\" viewBox=\"0 0 512 512\" class=\"svg-inline--fa fa-chart-bar fa-w-16 fa-2x\"><path fill=\"currentColor\" d=\"M396.8 352h22.4c6.4 0 12.8-6.4 12.8-12.8V108.8c0-6.4-6.4-12.8-12.8-12.8h-22.4c-6.4 0-12.8 6.4-12.8 12.8v230.4c0 6.4 6.4 12.8 12.8 12.8zm-192 0h22.4c6.4 0 12.8-6.4 12.8-12.8V140.8c0-6.4-6.4-12.8-12.8-12.8h-22.4c-6.4 0-12.8 6.4-12.8 12.8v198.4c0 6.4 6.4 12.8 12.8 12.8zm96 0h22.4c6.4 0 12.8-6.4 12.8-12.8V204.8c0-6.4-6.4-12.8-12.8-12.8h-22.4c-6.4 0-12.8 6.4-12.8 12.8v134.4c0 6.4 6.4 12.8 12.8 12.8zM496 400H48V80c0-8.84-7.16-16-16-16H16C7.16 64 0 71.16 0 80v336c0 17.67 14.33 32 32 32h464c8.84 0 16-7.16 16-16v-16c0-8.84-7.16-16-16-16zm-387.2-48h22.4c6.4 0 12.8-6.4 12.8-12.8v-70.4c0-6.4-6.4-12.8-12.8-12.8h-22.4c-6.4 0-12.8 6.4-12.8 12.8v70.4c0 6.4 6.4 12.8 12.8 12.8z\" class=\"\"><\/path><\/svg><\/i> Vistas Totales&nbsp;504&nbsp;, Vistas Hoy&nbsp;4&nbsp;<\/p>\n<div class=\"pvc_clear\"><\/div>\n","protected":false},"author":2,"featured_media":17215,"comment_status":"open","ping_status":"open","sticky":false,"template":"","format":"standard","meta":{"footnotes":""},"categories":[21],"tags":[],"class_list":["post-13505","post","type-post","status-publish","format-standard","has-post-thumbnail","hentry","category-blog"],"yoast_head":"<!-- This site is optimized with the Yoast SEO plugin v25.2 - https:\/\/yoast.com\/wordpress\/plugins\/seo\/ -->\n<title>La tasa de desempleo de Estados Unidos disminuy\u00f3 a 6.3%, en enero del a\u00f1o 2021 | CREES<\/title>\n<meta name=\"robots\" content=\"index, follow, max-snippet:-1, max-image-preview:large, max-video-preview:-1\" \/>\n<link rel=\"canonical\" href=\"https:\/\/crees.org.do\/?p=13505\" \/>\n<meta property=\"og:locale\" content=\"es_ES\" \/>\n<meta property=\"og:type\" content=\"article\" \/>\n<meta property=\"og:title\" content=\"La tasa de desempleo de Estados Unidos disminuy\u00f3 a 6.3%, en enero del a\u00f1o 2021 | CREES\" \/>\n<meta property=\"og:description\" content=\"[[{&#8220;type&#8221;:&#8221;media&#8221;,&#8221;view_mode&#8221;:&#8221;media_original&#8221;,&#8221;fid&#8221;:&#8221;7998&#8243;,&#8221;attributes&#8221;:{&#8220;alt&#8221;:&#8221;&#8221;,&#8221;class&#8221;:&#8221;media-image&#8221;,&#8221;style&#8221;:&#8221;height: 657px; width: 657px;&#8221;}}]] En enero del 2021, la tasa de desempleo de los Estados Unidos disminuy\u00f3 a 6.3%. Seg\u00fan el Departamento de Trabajo de Estados Unidos, el n\u00famero de desempleados se redujo a 10.1 millones de trabajadores. Esto significa que la tasa de desempleo de Estados Unidos permanece 2.8 puntos porcentuales por encima de...\" \/>\n<meta property=\"og:url\" content=\"https:\/\/crees.org.do\/?p=13505\" \/>\n<meta property=\"og:site_name\" content=\"CREES\" \/>\n<meta property=\"article:publisher\" content=\"https:\/\/www.facebook.com\/CREESRD\/\" \/>\n<meta property=\"article:published_time\" content=\"2021-01-01T00:00:00+00:00\" \/>\n<meta property=\"article:modified_time\" content=\"2021-08-08T21:21:55+00:00\" \/>\n<meta property=\"og:image\" content=\"https:\/\/crees.org.do\/wp-content\/uploads\/2021\/07\/Untitled-Project-100.png\" \/>\n\t<meta property=\"og:image:width\" content=\"600\" \/>\n\t<meta property=\"og:image:height\" content=\"600\" \/>\n\t<meta property=\"og:image:type\" content=\"image\/png\" \/>\n<meta name=\"author\" content=\"Crees\" \/>\n<meta name=\"twitter:card\" content=\"summary_large_image\" \/>\n<meta name=\"twitter:creator\" content=\"@CREESRD\" \/>\n<meta name=\"twitter:site\" content=\"@CREESRD\" \/>\n<meta name=\"twitter:label1\" content=\"Escrito por\" \/>\n\t<meta name=\"twitter:data1\" content=\"Crees\" \/>\n\t<meta name=\"twitter:label2\" content=\"Tiempo de lectura\" \/>\n\t<meta name=\"twitter:data2\" content=\"1 minuto\" \/>\n<script type=\"application\/ld+json\" class=\"yoast-schema-graph\">{\"@context\":\"https:\/\/schema.org\",\"@graph\":[{\"@type\":\"Article\",\"@id\":\"https:\/\/crees.org.do\/?p=13505#article\",\"isPartOf\":{\"@id\":\"https:\/\/crees.org.do\/?p=13505\"},\"author\":{\"name\":\"Crees\",\"@id\":\"https:\/\/crees.org.do\/#\/schema\/person\/e7f97cd94d7bf9cd0e0ce30acb7d56b8\"},\"headline\":\"La tasa de desempleo de Estados Unidos disminuy\u00f3 a 6.3%, en enero del a\u00f1o 2021\",\"datePublished\":\"2021-01-01T00:00:00+00:00\",\"dateModified\":\"2021-08-08T21:21:55+00:00\",\"mainEntityOfPage\":{\"@id\":\"https:\/\/crees.org.do\/?p=13505\"},\"wordCount\":134,\"commentCount\":0,\"publisher\":{\"@id\":\"https:\/\/crees.org.do\/#organization\"},\"image\":{\"@id\":\"https:\/\/crees.org.do\/?p=13505#primaryimage\"},\"thumbnailUrl\":\"https:\/\/crees.org.do\/wp-content\/uploads\/2021\/07\/Untitled-Project-100.png\",\"articleSection\":[\"Blog\"],\"inLanguage\":\"es\"},{\"@type\":\"WebPage\",\"@id\":\"https:\/\/crees.org.do\/?p=13505\",\"url\":\"https:\/\/crees.org.do\/?p=13505\",\"name\":\"La tasa de desempleo de Estados Unidos disminuy\u00f3 a 6.3%, en enero del a\u00f1o 2021 | CREES\",\"isPartOf\":{\"@id\":\"https:\/\/crees.org.do\/#website\"},\"primaryImageOfPage\":{\"@id\":\"https:\/\/crees.org.do\/?p=13505#primaryimage\"},\"image\":{\"@id\":\"https:\/\/crees.org.do\/?p=13505#primaryimage\"},\"thumbnailUrl\":\"https:\/\/crees.org.do\/wp-content\/uploads\/2021\/07\/Untitled-Project-100.png\",\"datePublished\":\"2021-01-01T00:00:00+00:00\",\"dateModified\":\"2021-08-08T21:21:55+00:00\",\"breadcrumb\":{\"@id\":\"https:\/\/crees.org.do\/?p=13505#breadcrumb\"},\"inLanguage\":\"es\",\"potentialAction\":[{\"@type\":\"ReadAction\",\"target\":[\"https:\/\/crees.org.do\/?p=13505\"]}]},{\"@type\":\"ImageObject\",\"inLanguage\":\"es\",\"@id\":\"https:\/\/crees.org.do\/?p=13505#primaryimage\",\"url\":\"https:\/\/crees.org.do\/wp-content\/uploads\/2021\/07\/Untitled-Project-100.png\",\"contentUrl\":\"https:\/\/crees.org.do\/wp-content\/uploads\/2021\/07\/Untitled-Project-100.png\",\"width\":600,\"height\":600},{\"@type\":\"BreadcrumbList\",\"@id\":\"https:\/\/crees.org.do\/?p=13505#breadcrumb\",\"itemListElement\":[{\"@type\":\"ListItem\",\"position\":1,\"name\":\"Portada\",\"item\":\"https:\/\/crees.org.do\/\"},{\"@type\":\"ListItem\",\"position\":2,\"name\":\"La tasa de desempleo de Estados Unidos disminuy\u00f3 a 6.3%, en enero del a\u00f1o 2021\"}]},{\"@type\":\"WebSite\",\"@id\":\"https:\/\/crees.org.do\/#website\",\"url\":\"https:\/\/crees.org.do\/\",\"name\":\"CREES\",\"description\":\"Centro Regional de Estrategias Econ\u00f3micas Sostenibles\",\"publisher\":{\"@id\":\"https:\/\/crees.org.do\/#organization\"},\"potentialAction\":[{\"@type\":\"SearchAction\",\"target\":{\"@type\":\"EntryPoint\",\"urlTemplate\":\"https:\/\/crees.org.do\/?s={search_term_string}\"},\"query-input\":{\"@type\":\"PropertyValueSpecification\",\"valueRequired\":true,\"valueName\":\"search_term_string\"}}],\"inLanguage\":\"es\"},{\"@type\":\"Organization\",\"@id\":\"https:\/\/crees.org.do\/#organization\",\"name\":\"CREES | Centro Regional de Estrategias Econ\u00f3micas Sostenibles\",\"url\":\"https:\/\/crees.org.do\/\",\"logo\":{\"@type\":\"ImageObject\",\"inLanguage\":\"es\",\"@id\":\"https:\/\/crees.org.do\/#\/schema\/logo\/image\/\",\"url\":\"https:\/\/crees.org.do\/wp-content\/uploads\/2022\/03\/crees-logo-1.jpg\",\"contentUrl\":\"https:\/\/crees.org.do\/wp-content\/uploads\/2022\/03\/crees-logo-1.jpg\",\"width\":244,\"height\":71,\"caption\":\"CREES | Centro Regional de Estrategias Econ\u00f3micas Sostenibles\"},\"image\":{\"@id\":\"https:\/\/crees.org.do\/#\/schema\/logo\/image\/\"},\"sameAs\":[\"https:\/\/www.facebook.com\/CREESRD\/\",\"https:\/\/x.com\/CREESRD\"]},{\"@type\":\"Person\",\"@id\":\"https:\/\/crees.org.do\/#\/schema\/person\/e7f97cd94d7bf9cd0e0ce30acb7d56b8\",\"name\":\"Crees\",\"image\":{\"@type\":\"ImageObject\",\"inLanguage\":\"es\",\"@id\":\"https:\/\/crees.org.do\/#\/schema\/person\/image\/\",\"url\":\"https:\/\/secure.gravatar.com\/avatar\/390ac8f0be5d9aa046152553e2dd7011b59a512d89c150f5e5f28bb8d9a0b165?s=96&d=mm&r=g\",\"contentUrl\":\"https:\/\/secure.gravatar.com\/avatar\/390ac8f0be5d9aa046152553e2dd7011b59a512d89c150f5e5f28bb8d9a0b165?s=96&d=mm&r=g\",\"caption\":\"Crees\"},\"url\":\"https:\/\/crees.org.do\/?author=2\"}]}<\/script>\n<!-- \/ Yoast SEO plugin. -->","yoast_head_json":{"title":"La tasa de desempleo de Estados Unidos disminuy\u00f3 a 6.3%, en enero del a\u00f1o 2021 | CREES","robots":{"index":"index","follow":"follow","max-snippet":"max-snippet:-1","max-image-preview":"max-image-preview:large","max-video-preview":"max-video-preview:-1"},"canonical":"https:\/\/crees.org.do\/?p=13505","og_locale":"es_ES","og_type":"article","og_title":"La tasa de desempleo de Estados Unidos disminuy\u00f3 a 6.3%, en enero del a\u00f1o 2021 | CREES","og_description":"[[{&#8220;type&#8221;:&#8221;media&#8221;,&#8221;view_mode&#8221;:&#8221;media_original&#8221;,&#8221;fid&#8221;:&#8221;7998&#8243;,&#8221;attributes&#8221;:{&#8220;alt&#8221;:&#8221;&#8221;,&#8221;class&#8221;:&#8221;media-image&#8221;,&#8221;style&#8221;:&#8221;height: 657px; width: 657px;&#8221;}}]] En enero del 2021, la tasa de desempleo de los Estados Unidos disminuy\u00f3 a 6.3%. Seg\u00fan el Departamento de Trabajo de Estados Unidos, el n\u00famero de desempleados se redujo a 10.1 millones de trabajadores. Esto significa que la tasa de desempleo de Estados Unidos permanece 2.8 puntos porcentuales por encima de...","og_url":"https:\/\/crees.org.do\/?p=13505","og_site_name":"CREES","article_publisher":"https:\/\/www.facebook.com\/CREESRD\/","article_published_time":"2021-01-01T00:00:00+00:00","article_modified_time":"2021-08-08T21:21:55+00:00","og_image":[{"width":600,"height":600,"url":"https:\/\/crees.org.do\/wp-content\/uploads\/2021\/07\/Untitled-Project-100.png","type":"image\/png"}],"author":"Crees","twitter_card":"summary_large_image","twitter_creator":"@CREESRD","twitter_site":"@CREESRD","twitter_misc":{"Escrito por":"Crees","Tiempo de lectura":"1 minuto"},"schema":{"@context":"https:\/\/schema.org","@graph":[{"@type":"Article","@id":"https:\/\/crees.org.do\/?p=13505#article","isPartOf":{"@id":"https:\/\/crees.org.do\/?p=13505"},"author":{"name":"Crees","@id":"https:\/\/crees.org.do\/#\/schema\/person\/e7f97cd94d7bf9cd0e0ce30acb7d56b8"},"headline":"La tasa de desempleo de Estados Unidos disminuy\u00f3 a 6.3%, en enero del a\u00f1o 2021","datePublished":"2021-01-01T00:00:00+00:00","dateModified":"2021-08-08T21:21:55+00:00","mainEntityOfPage":{"@id":"https:\/\/crees.org.do\/?p=13505"},"wordCount":134,"commentCount":0,"publisher":{"@id":"https:\/\/crees.org.do\/#organization"},"image":{"@id":"https:\/\/crees.org.do\/?p=13505#primaryimage"},"thumbnailUrl":"https:\/\/crees.org.do\/wp-content\/uploads\/2021\/07\/Untitled-Project-100.png","articleSection":["Blog"],"inLanguage":"es"},{"@type":"WebPage","@id":"https:\/\/crees.org.do\/?p=13505","url":"https:\/\/crees.org.do\/?p=13505","name":"La tasa de desempleo de Estados Unidos disminuy\u00f3 a 6.3%, en enero del a\u00f1o 2021 | CREES","isPartOf":{"@id":"https:\/\/crees.org.do\/#website"},"primaryImageOfPage":{"@id":"https:\/\/crees.org.do\/?p=13505#primaryimage"},"image":{"@id":"https:\/\/crees.org.do\/?p=13505#primaryimage"},"thumbnailUrl":"https:\/\/crees.org.do\/wp-content\/uploads\/2021\/07\/Untitled-Project-100.png","datePublished":"2021-01-01T00:00:00+00:00","dateModified":"2021-08-08T21:21:55+00:00","breadcrumb":{"@id":"https:\/\/crees.org.do\/?p=13505#breadcrumb"},"inLanguage":"es","potentialAction":[{"@type":"ReadAction","target":["https:\/\/crees.org.do\/?p=13505"]}]},{"@type":"ImageObject","inLanguage":"es","@id":"https:\/\/crees.org.do\/?p=13505#primaryimage","url":"https:\/\/crees.org.do\/wp-content\/uploads\/2021\/07\/Untitled-Project-100.png","contentUrl":"https:\/\/crees.org.do\/wp-content\/uploads\/2021\/07\/Untitled-Project-100.png","width":600,"height":600},{"@type":"BreadcrumbList","@id":"https:\/\/crees.org.do\/?p=13505#breadcrumb","itemListElement":[{"@type":"ListItem","position":1,"name":"Portada","item":"https:\/\/crees.org.do\/"},{"@type":"ListItem","position":2,"name":"La tasa de desempleo de Estados Unidos disminuy\u00f3 a 6.3%, en enero del a\u00f1o 2021"}]},{"@type":"WebSite","@id":"https:\/\/crees.org.do\/#website","url":"https:\/\/crees.org.do\/","name":"CREES","description":"Centro Regional de Estrategias Econ\u00f3micas Sostenibles","publisher":{"@id":"https:\/\/crees.org.do\/#organization"},"potentialAction":[{"@type":"SearchAction","target":{"@type":"EntryPoint","urlTemplate":"https:\/\/crees.org.do\/?s={search_term_string}"},"query-input":{"@type":"PropertyValueSpecification","valueRequired":true,"valueName":"search_term_string"}}],"inLanguage":"es"},{"@type":"Organization","@id":"https:\/\/crees.org.do\/#organization","name":"CREES | Centro Regional de Estrategias Econ\u00f3micas Sostenibles","url":"https:\/\/crees.org.do\/","logo":{"@type":"ImageObject","inLanguage":"es","@id":"https:\/\/crees.org.do\/#\/schema\/logo\/image\/","url":"https:\/\/crees.org.do\/wp-content\/uploads\/2022\/03\/crees-logo-1.jpg","contentUrl":"https:\/\/crees.org.do\/wp-content\/uploads\/2022\/03\/crees-logo-1.jpg","width":244,"height":71,"caption":"CREES | Centro Regional de Estrategias Econ\u00f3micas Sostenibles"},"image":{"@id":"https:\/\/crees.org.do\/#\/schema\/logo\/image\/"},"sameAs":["https:\/\/www.facebook.com\/CREESRD\/","https:\/\/x.com\/CREESRD"]},{"@type":"Person","@id":"https:\/\/crees.org.do\/#\/schema\/person\/e7f97cd94d7bf9cd0e0ce30acb7d56b8","name":"Crees","image":{"@type":"ImageObject","inLanguage":"es","@id":"https:\/\/crees.org.do\/#\/schema\/person\/image\/","url":"https:\/\/secure.gravatar.com\/avatar\/390ac8f0be5d9aa046152553e2dd7011b59a512d89c150f5e5f28bb8d9a0b165?s=96&d=mm&r=g","contentUrl":"https:\/\/secure.gravatar.com\/avatar\/390ac8f0be5d9aa046152553e2dd7011b59a512d89c150f5e5f28bb8d9a0b165?s=96&d=mm&r=g","caption":"Crees"},"url":"https:\/\/crees.org.do\/?author=2"}]}},"_links":{"self":[{"href":"https:\/\/crees.org.do\/index.php?rest_route=\/wp\/v2\/posts\/13505","targetHints":{"allow":["GET"]}}],"collection":[{"href":"https:\/\/crees.org.do\/index.php?rest_route=\/wp\/v2\/posts"}],"about":[{"href":"https:\/\/crees.org.do\/index.php?rest_route=\/wp\/v2\/types\/post"}],"author":[{"embeddable":true,"href":"https:\/\/crees.org.do\/index.php?rest_route=\/wp\/v2\/users\/2"}],"replies":[{"embeddable":true,"href":"https:\/\/crees.org.do\/index.php?rest_route=%2Fwp%2Fv2%2Fcomments&post=13505"}],"version-history":[{"count":1,"href":"https:\/\/crees.org.do\/index.php?rest_route=\/wp\/v2\/posts\/13505\/revisions"}],"predecessor-version":[{"id":17957,"href":"https:\/\/crees.org.do\/index.php?rest_route=\/wp\/v2\/posts\/13505\/revisions\/17957"}],"wp:featuredmedia":[{"embeddable":true,"href":"https:\/\/crees.org.do\/index.php?rest_route=\/wp\/v2\/media\/17215"}],"wp:attachment":[{"href":"https:\/\/crees.org.do\/index.php?rest_route=%2Fwp%2Fv2%2Fmedia&parent=13505"}],"wp:term":[{"taxonomy":"category","embeddable":true,"href":"https:\/\/crees.org.do\/index.php?rest_route=%2Fwp%2Fv2%2Fcategories&post=13505"},{"taxonomy":"post_tag","embeddable":true,"href":"https:\/\/crees.org.do\/index.php?rest_route=%2Fwp%2Fv2%2Ftags&post=13505"}],"curies":[{"name":"wp","href":"https:\/\/api.w.org\/{rel}","templated":true}]}}