{"id":13532,"date":"2021-08-03T00:00:00","date_gmt":"2021-08-03T00:00:00","guid":{"rendered":"https:\/\/crees.org.do\/hay-tanto-dinero-para-las-obras-que-prometio-abinader\/"},"modified":"2021-08-17T21:55:18","modified_gmt":"2021-08-17T21:55:18","slug":"hay-tanto-dinero-para-las-obras-que-prometio-abinader","status":"publish","type":"post","link":"https:\/\/crees.org.do\/?p=13532","title":{"rendered":"\u00bfHay tanto dinero para las obras que prometi\u00f3 Abinader?"},"content":{"rendered":"<p style=\"text-align: justify;\"><span style=\"font-family:verdana,geneva,sans-serif;\"><span style=\"font-size:12px;\">Autor:&nbsp;Mart\u00edn Polanco&nbsp;<\/span><\/span><\/p>\n<p style=\"text-align: justify;\"><span style=\"font-family:verdana,geneva,sans-serif;\"><span style=\"font-size:12px;\">Extra\u00eddo de: Peri\u00f3dico El Caribe<\/span><\/span><\/p>\n<p style=\"text-align: justify;\"><span style=\"font-family:verdana,geneva,sans-serif;\"><span style=\"font-size:12px;\"><span style=\"background-color: rgb(255, 255, 255); color: rgb(34, 34, 34); letter-spacing: -0.5px;\">Las promesas de nuevas obras que hizo el s\u00e1bado el presidente Luis Abinader generan inquietudes entre entendidos en econom\u00eda, a quienes no les qued\u00f3 claro las fuentes de d\u00f3nde saldr\u00e1 el dinero para realizarlas, precisamente porque el mandatario no lo explic\u00f3.<\/span><\/span><\/span><\/p>\n<p style=\"box-sizing: border-box; font-family: Verdana, Geneva, sans-serif; line-height: 24px; color: rgb(34, 34, 34); margin-bottom: 24px; text-align: justify; letter-spacing: -0.5px; background-color: rgb(255, 255, 255);\"><span style=\"font-family:verdana,geneva,sans-serif;\"><span style=\"font-size:12px;\">&ldquo;Pero tampoco esas obras est\u00e1n contempladas en el Presupuesto Nacional del a\u00f1o 2021&rdquo;, advierte el economista Emilio Hungr\u00eda&rdquo;. &ldquo;De hecho, me puse a buscar este fin de semana y ciertamente no est\u00e1n ah\u00ed&rdquo;, dice de otro lado el vicedecano de la Facultad de Econom\u00eda de la UASD, Antonio Ciriaco Cruz. Desde el punto de vista del catedr\u00e1tico de la universidad primada de Am\u00e9rica &ldquo;el discurso pronunciado &nbsp;por el jefe de Estado en la Asamblea Nacional, el D\u00eda de la Independencia Nacional, busca generar un ambiente de optimismo, lo cual es entendible. Pero el gobernante se ha referido varias veces a la carretera del \u00c1mbar y a la circunvalaci\u00f3n de Azua&rdquo;, apunt\u00f3.<\/span><\/span><\/p>\n<p style=\"box-sizing: border-box; font-family: Verdana, Geneva, sans-serif; line-height: 24px; color: rgb(34, 34, 34); margin-bottom: 24px; text-align: justify; letter-spacing: -0.5px; background-color: rgb(255, 255, 255);\"><span style=\"font-family:verdana,geneva,sans-serif;\"><span style=\"font-size:12px;\">Seg\u00fan Ciriaco Cruz, Luis Abinader est\u00e1 apostando a las alianzas p\u00fablico-privadas, &ldquo;pero eso es un proceso&rdquo;. &ldquo;El sector privado generalmente necesita un clima de confianza para hacer inversiones. Pero lo que yo creo &ndash;en ese sentido- es que el Estado, en esos proyectos tiene que tirar la primera piedra, pero no tiene los recursos. Adem\u00e1s, el discurso del auti-endeudamiento es un elemento que lo frena&rdquo;, agreg\u00f3.<\/span><\/span><\/p>\n<p style=\"box-sizing: border-box; font-family: Verdana, Geneva, sans-serif; line-height: 24px; color: rgb(34, 34, 34); margin-bottom: 24px; text-align: justify; letter-spacing: -0.5px; background-color: rgb(255, 255, 255);\"><span style=\"font-family:verdana,geneva,sans-serif;\"><span style=\"font-size:12px;\">Entre lo prometido por Abinader figura: la remodelaci\u00f3n de la autopista Duarte con una inversi\u00f3n superior a los 2,500 millones de pesos; la reconstrucci\u00f3n de la carretera que comunica a San Francisco de Macor\u00eds con el cruce de Controba, en la autopista Duarte. La construcci\u00f3n y reconstrucci\u00f3n de m\u00e1s de 500 kil\u00f3metros de caminos vecinales, La conclusi\u00f3n de los puentes de la Canela y las Mercedes, en Santiago, El Caimito, en La Vega; puente de Polo, Barahona, reconstrucci\u00f3n del puente Higuamo, en San Pedro de Macor\u00eds. Y la terminaci\u00f3n de la Carretera Montecristi-Copey-Dajab\u00f3n, la terminaci\u00f3n carretera Portillo-La Luisa, Monte Plata y la de la carretera Sabana de la Mar&ndash;Hato Mayor, el inicio construcci\u00f3n remodelaci\u00f3n entrada de Saman\u00e1 y la Reconstrucci\u00f3n entrada de La Romana desde San Pedro.<\/span><\/span><\/p>\n<p style=\"box-sizing: border-box; font-family: Verdana, Geneva, sans-serif; line-height: 24px; color: rgb(34, 34, 34); margin-bottom: 24px; text-align: justify; letter-spacing: -0.5px; background-color: rgb(255, 255, 255);\"><span style=\"font-family:verdana,geneva,sans-serif;\"><span style=\"font-size:12px;\">Tambi\u00e9n est\u00e1 en planificaci\u00f3n construir un nuevo eje transversal de transporte masivo que permita conectar de Este a Oeste, desde el Kil\u00f3metro 9, avenida Luper\u00f3n, Plaza de la bandera y por toda la avenida 27 de Febrero, llegando hasta Boca Chica, con el que se&nbsp;incentivar\u00e1&nbsp;una movilidad colectiva, segura y sostenible. Este proyecto se llevar\u00e1 a cabo mediante la colaboraci\u00f3n p\u00fablico-privada.<\/span><\/span><\/p>\n<p style=\"box-sizing: border-box; font-family: Verdana, Geneva, sans-serif; line-height: 24px; color: rgb(34, 34, 34); margin-bottom: 24px; text-align: justify; letter-spacing: -0.5px; background-color: rgb(255, 255, 255);\"><span style=\"font-family:verdana,geneva,sans-serif;\"><span style=\"font-size:12px;\">De su lado, el economista senior del Centro Regional de Estrategias Econ\u00f3micas Sostenibles (CREES), Miguel Collado Di Franco, explic\u00f3 que &ldquo;hay una serie de propuestas de reformas estructurales que se hacen y que dependiendo del dise\u00f1o de las mismas ser\u00edan beneficiosas para el pa\u00eds&rdquo;.<\/span><\/span><\/p>\n<p style=\"box-sizing: border-box; font-family: Verdana, Geneva, sans-serif; line-height: 24px; color: rgb(34, 34, 34); margin-bottom: 24px; text-align: justify; letter-spacing: -0.5px; background-color: rgb(255, 255, 255);\"><span style=\"font-family:verdana,geneva,sans-serif;\"><span style=\"font-size:12px;\">Sostuvo que una eventual reforma debe incluir una simplificaci\u00f3n del sistema y no una mayor penalizaci\u00f3n a quienes est\u00e1n ya pagando impuestos, porque incentivar\u00eda a una informalidad que ya existe en el pa\u00eds y a la evasi\u00f3n.<\/span><\/span><\/p>\n<p style=\"box-sizing: border-box; font-family: Verdana, Geneva, sans-serif; line-height: 24px; color: rgb(34, 34, 34); margin-bottom: 24px; text-align: justify; letter-spacing: -0.5px; background-color: rgb(255, 255, 255);\"><span style=\"font-family:verdana,geneva,sans-serif;\"><span style=\"font-size:12px;\">&ldquo;Con una reforma de ese tipo se podr\u00eda promover el crecimiento y a la vez promover las recaudaciones, aunque en esta situaci\u00f3n la reforma no tendr\u00eda los mismos resultados tal vez que si se hubiera hecho en una circunstancia diferente a la que se tiene con la pandemia&rdquo;, dijo<\/span><\/span><\/p>\n<p style=\"box-sizing: border-box; font-family: Verdana, Geneva, sans-serif; line-height: 24px; color: rgb(34, 34, 34); margin-bottom: 24px; text-align: justify; letter-spacing: -0.5px; background-color: rgb(255, 255, 255);\"><span style=\"font-family:verdana,geneva,sans-serif;\"><span style=\"font-size:12px;\">Collado Di Franco aconsej\u00f3 tener disciplina fiscal en estas circunstancias, en la parte del gasto, pero tambi\u00e9n se mostr\u00f3 preocupado porque en el discurso pronunciado el s\u00e1bado por el mandatario quedaron ausentes los detalles sobre las fuentes de donde saldr\u00eda el financiamiento para las obras prometidas. &ldquo;Hay algunos proyectos muy ambiciosos, como el de vivienda, el de reformas en tema vial y el del propio transporte de pasajeros y otros. No est\u00e1 claro de d\u00f3nde saldr\u00edan los recursos y cu\u00e1nto costar\u00eda. Ah\u00ed est\u00e1 ausente el tema de la reforma en el transporte de carga, que es important\u00edsimo para la competitividad. El Gobierno deber\u00e1 en un momento dar m\u00e1s detalles sobre esos planes y sobre c\u00f3mo se financiar\u00e1n, porque no hacerlo crea incertidumbre&rdquo;, advirti\u00f3.<\/span><\/span><\/p>\n<p style=\"box-sizing: border-box; font-family: Verdana, Geneva, sans-serif; line-height: 24px; color: rgb(34, 34, 34); margin-bottom: 24px; text-align: justify; letter-spacing: -0.5px; background-color: rgb(255, 255, 255);\"><span style=\"font-family:verdana,geneva,sans-serif;\"><span style=\"font-size:12px;\">Mientras, el exgobernador del Banco Central, Guillermo Caram, realiz\u00f3 un ejercicio sobre la ejecuci\u00f3n del presupuesto en lo que va del a\u00f1o y advirti\u00f3 que si contin\u00faa la misma tendencia, en todo el 2021, el&nbsp;Gobierno solo llegar\u00eda a ejecutar el 15% de las obras consignadas en el presupuesto del 2021.<\/span><\/span><\/p>\n<p style=\"box-sizing: border-box; font-family: Verdana, Geneva, sans-serif; line-height: 24px; color: rgb(34, 34, 34); margin-bottom: 24px; text-align: justify; letter-spacing: -0.5px; background-color: rgb(255, 255, 255);\"><span style=\"font-family:verdana,geneva,sans-serif;\"><span style=\"font-size:12px;\">El economista, en declaraciones publicadas en el peri\u00f3dico Hoy, explic\u00f3 que esto se debe a que durante los primeros 52 d\u00edas del a\u00f1o, seg\u00fan consta en el portal electr\u00f3nico de la Direcci\u00f3n General de Presupuesto (Digepres), solo se han invertido en obras RD$607 millones, monto que anualizado significar\u00eda RD$7,300 millones que comparado con los RD$47,195 millones presupuestados equivalen al referido 15%.<\/span><\/span><\/p>\n<p style=\"box-sizing: border-box; font-family: Verdana, Geneva, sans-serif; line-height: 24px; color: rgb(34, 34, 34); margin-bottom: 24px; text-align: justify; letter-spacing: -0.5px; background-color: rgb(255, 255, 255);\"><span style=\"font-family:verdana,geneva,sans-serif;\"><span style=\"font-size:12px;\">&ldquo;Estamos, pues, ante una administraci\u00f3n gubernamental estancada en comparaci\u00f3n con la velocidad que le quiere imprimir el presidente Luis Abinader, situaci\u00f3n que requiere la m\u00e1xima atenci\u00f3n de las autoridades de la naci\u00f3n so pena de ser v\u00edctima del empantanamiento burocr\u00e1tico&rdquo;, asegur\u00f3 Caram.<\/span><\/span><\/p>\n<p style=\"box-sizing: border-box; font-family: Verdana, Geneva, sans-serif; line-height: 24px; color: rgb(34, 34, 34); margin-bottom: 24px; text-align: justify; letter-spacing: -0.5px; background-color: rgb(255, 255, 255);\"><span style=\"font-family:verdana,geneva,sans-serif;\"><span style=\"font-size:12px;\">Desde la \u00f3ptica del profesor Ciriaco Cruz, cuando se convoque a la discusi\u00f3n del Pacto Fiscal, eso va a generar situaciones, &nbsp;mientras Hungr\u00eda agreg\u00f3 que tambi\u00e9n hay que ver cu\u00e1ndo se piensa discutir ese pacto que a\u00fan est\u00e1 pendiente y que contempla la Estrategia Nacional de Desarrollo.<\/span><\/span><\/p>\n<p style=\"box-sizing: border-box; font-family: Verdana, Geneva, sans-serif; line-height: 24px; color: rgb(34, 34, 34); margin-bottom: 24px; text-align: justify; letter-spacing: -0.5px; background-color: rgb(255, 255, 255);\"><span style=\"font-family:verdana,geneva,sans-serif;\"><span style=\"font-size:12px;\">De acuerdo con opiniones de algunos entendidos, la idea del Gobierno, &nbsp;salir del Pacto El\u00e9ctrico (firmado la semana pasada), busca crear las&nbsp; condiciones para luego ir al fiscal, porque al Gobierno le urge, por los recursos que necesita. &ldquo;Muchos de los recursos que requiere, podr\u00edan venir de ah\u00ed y de ventas de acciones de empresas p\u00fablicas. Pero eso tampoco se hace tan r\u00e1pido&rdquo;, indican.<\/span><\/span><\/p>\n<p style=\"box-sizing: border-box; font-family: Verdana, Geneva, sans-serif; line-height: 24px; color: rgb(34, 34, 34); margin-bottom: 24px; text-align: justify; letter-spacing: -0.5px; background-color: rgb(255, 255, 255);\"><span style=\"font-family:verdana,geneva,sans-serif;\"><span style=\"font-size:12px;\">&nbsp;Cuando el gobierno va a vender alguna acci\u00f3n, la primera opci\u00f3n de compra se la da a la empresa que es socia.<\/span><\/span><\/p>\n<p style=\"box-sizing: border-box; font-family: Verdana, Geneva, sans-serif; line-height: 24px; color: rgb(34, 34, 34); margin-bottom: 24px; text-align: justify; letter-spacing: -0.5px; background-color: rgb(255, 255, 255);\"><span style=\"font-family:verdana,geneva,sans-serif;\"><span style=\"font-size:12px;\">&ldquo;Pero no est\u00e1 claro. Y no es verdad que con recortes t\u00fa vas a generar esos ahorros que se requieren&rdquo;, plantea el catedr\u00e1tico de la UASD, cuando elCaribe le aborda sobre la cuesti\u00f3n. Ciriaco.<\/span><\/span><\/p>\n<p style=\"box-sizing: border-box; font-family: Verdana, Geneva, sans-serif; line-height: 24px; color: rgb(34, 34, 34); margin-bottom: 24px; text-align: justify; letter-spacing: -0.5px; background-color: rgb(255, 255, 255);\"><span style=\"font-family:verdana,geneva,sans-serif;\"><span style=\"font-size:12px;\">&ldquo;Al final van a seguir haciendo emisiones de deudas&rdquo;, agrega Ciriaco Cruz. &ldquo;Y para m\u00ed eso va a ser este a\u00f1o o deber\u00edan ir pens\u00e1ndolo en la primera mitad del a\u00f1o, para evitar el riesgo de que en la segunda mitad del a\u00f1o Estados Unidos quiera subir tasas de inter\u00e9s. Si se va a emitir, ser\u00eda importante hacerlo temprano&rdquo;, agrega, de otro lado, el economista Emilio Hungr\u00eda.<\/span><\/span><\/p>\n<p style=\"box-sizing: border-box; font-family: Verdana, Geneva, sans-serif; line-height: 24px; color: rgb(34, 34, 34); margin-bottom: 24px; text-align: justify; letter-spacing: -0.5px; background-color: rgb(255, 255, 255);\"><span style=\"font-family:verdana,geneva,sans-serif;\"><span style=\"font-size:12px;\">&ldquo;Los bonos del Tesoro est\u00e1n subiendo por el temor a la inflaci\u00f3n. Eso implica que la pol\u00edtica monetaria se puede endurecer; ya no va a ser una pol\u00edtica monetaria acomodaticia. Ya cualquier emisi\u00f3n que t\u00fa hagas va a ser m\u00e1s costosa, indic\u00f3 Ciriaco<\/span><\/span><\/p>\n<div class=\"pvc_clear\"><\/div>\n<p class=\"pvc_stats all \" data-element-id=\"13532\" style=\"\"><i class=\"pvc-stats-icon medium\" aria-hidden=\"true\"><svg aria-hidden=\"true\" focusable=\"false\" data-prefix=\"far\" data-icon=\"chart-bar\" role=\"img\" xmlns=\"http:\/\/www.w3.org\/2000\/svg\" viewBox=\"0 0 512 512\" class=\"svg-inline--fa fa-chart-bar fa-w-16 fa-2x\"><path fill=\"currentColor\" d=\"M396.8 352h22.4c6.4 0 12.8-6.4 12.8-12.8V108.8c0-6.4-6.4-12.8-12.8-12.8h-22.4c-6.4 0-12.8 6.4-12.8 12.8v230.4c0 6.4 6.4 12.8 12.8 12.8zm-192 0h22.4c6.4 0 12.8-6.4 12.8-12.8V140.8c0-6.4-6.4-12.8-12.8-12.8h-22.4c-6.4 0-12.8 6.4-12.8 12.8v198.4c0 6.4 6.4 12.8 12.8 12.8zm96 0h22.4c6.4 0 12.8-6.4 12.8-12.8V204.8c0-6.4-6.4-12.8-12.8-12.8h-22.4c-6.4 0-12.8 6.4-12.8 12.8v134.4c0 6.4 6.4 12.8 12.8 12.8zM496 400H48V80c0-8.84-7.16-16-16-16H16C7.16 64 0 71.16 0 80v336c0 17.67 14.33 32 32 32h464c8.84 0 16-7.16 16-16v-16c0-8.84-7.16-16-16-16zm-387.2-48h22.4c6.4 0 12.8-6.4 12.8-12.8v-70.4c0-6.4-6.4-12.8-12.8-12.8h-22.4c-6.4 0-12.8 6.4-12.8 12.8v70.4c0 6.4 6.4 12.8 12.8 12.8z\" class=\"\"><\/path><\/svg><\/i> Vistas Totales&nbsp;582&nbsp;, Vistas Hoy&nbsp;1&nbsp;<\/p>\n<div class=\"pvc_clear\"><\/div>\n","protected":false},"excerpt":{"rendered":"<p>Publicado el: Lunes 1 de marzo del 2021Autor: Mart\u00edn Polanco  La falta de detalles sobre las fuentes de financiamientos que se tendr\u00edan inquieta a economistas  <\/p>\n<div class=\"pvc_clear\"><\/div>\n<p class=\"pvc_stats all \" data-element-id=\"13532\" style=\"\"><i class=\"pvc-stats-icon medium\" aria-hidden=\"true\"><svg aria-hidden=\"true\" focusable=\"false\" data-prefix=\"far\" data-icon=\"chart-bar\" role=\"img\" xmlns=\"http:\/\/www.w3.org\/2000\/svg\" viewBox=\"0 0 512 512\" class=\"svg-inline--fa fa-chart-bar fa-w-16 fa-2x\"><path fill=\"currentColor\" d=\"M396.8 352h22.4c6.4 0 12.8-6.4 12.8-12.8V108.8c0-6.4-6.4-12.8-12.8-12.8h-22.4c-6.4 0-12.8 6.4-12.8 12.8v230.4c0 6.4 6.4 12.8 12.8 12.8zm-192 0h22.4c6.4 0 12.8-6.4 12.8-12.8V140.8c0-6.4-6.4-12.8-12.8-12.8h-22.4c-6.4 0-12.8 6.4-12.8 12.8v198.4c0 6.4 6.4 12.8 12.8 12.8zm96 0h22.4c6.4 0 12.8-6.4 12.8-12.8V204.8c0-6.4-6.4-12.8-12.8-12.8h-22.4c-6.4 0-12.8 6.4-12.8 12.8v134.4c0 6.4 6.4 12.8 12.8 12.8zM496 400H48V80c0-8.84-7.16-16-16-16H16C7.16 64 0 71.16 0 80v336c0 17.67 14.33 32 32 32h464c8.84 0 16-7.16 16-16v-16c0-8.84-7.16-16-16-16zm-387.2-48h22.4c6.4 0 12.8-6.4 12.8-12.8v-70.4c0-6.4-6.4-12.8-12.8-12.8h-22.4c-6.4 0-12.8 6.4-12.8 12.8v70.4c0 6.4 6.4 12.8 12.8 12.8z\" class=\"\"><\/path><\/svg><\/i> Vistas Totales&nbsp;582&nbsp;, Vistas Hoy&nbsp;1&nbsp;<\/p>\n<div class=\"pvc_clear\"><\/div>\n","protected":false},"author":2,"featured_media":0,"comment_status":"open","ping_status":"open","sticky":false,"template":"","format":"standard","meta":{"footnotes":""},"categories":[21],"tags":[],"class_list":["post-13532","post","type-post","status-publish","format-standard","hentry","category-blog"],"yoast_head":"<!-- This site is optimized with the Yoast SEO plugin v25.2 - https:\/\/yoast.com\/wordpress\/plugins\/seo\/ -->\n<title>\u00bfHay tanto dinero para las obras que prometi\u00f3 Abinader? | CREES<\/title>\n<meta name=\"robots\" content=\"index, follow, max-snippet:-1, max-image-preview:large, max-video-preview:-1\" \/>\n<link rel=\"canonical\" href=\"https:\/\/crees.org.do\/?p=13532\" \/>\n<meta property=\"og:locale\" content=\"es_ES\" \/>\n<meta property=\"og:type\" content=\"article\" \/>\n<meta property=\"og:title\" content=\"\u00bfHay tanto dinero para las obras que prometi\u00f3 Abinader? | CREES\" \/>\n<meta property=\"og:description\" content=\"Publicado el: Lunes 1 de marzo del 2021Autor: Mart\u00edn Polanco La falta de detalles sobre las fuentes de financiamientos que se tendr\u00edan inquieta a economistas\" \/>\n<meta property=\"og:url\" content=\"https:\/\/crees.org.do\/?p=13532\" \/>\n<meta property=\"og:site_name\" content=\"CREES\" \/>\n<meta property=\"article:publisher\" content=\"https:\/\/www.facebook.com\/CREESRD\/\" \/>\n<meta property=\"article:published_time\" content=\"2021-08-03T00:00:00+00:00\" \/>\n<meta property=\"article:modified_time\" content=\"2021-08-17T21:55:18+00:00\" \/>\n<meta property=\"og:image\" content=\"https:\/\/crees.org.do\/wp-content\/uploads\/2022\/03\/crees-logo-1.jpg\" \/>\n\t<meta property=\"og:image:width\" content=\"244\" \/>\n\t<meta property=\"og:image:height\" content=\"71\" \/>\n\t<meta property=\"og:image:type\" content=\"image\/jpeg\" \/>\n<meta name=\"author\" content=\"Crees\" \/>\n<meta name=\"twitter:card\" content=\"summary_large_image\" \/>\n<meta name=\"twitter:creator\" content=\"@CREESRD\" \/>\n<meta name=\"twitter:site\" content=\"@CREESRD\" \/>\n<meta name=\"twitter:label1\" content=\"Escrito por\" \/>\n\t<meta name=\"twitter:data1\" content=\"Crees\" \/>\n\t<meta name=\"twitter:label2\" content=\"Tiempo de lectura\" \/>\n\t<meta name=\"twitter:data2\" content=\"6 minutos\" \/>\n<script type=\"application\/ld+json\" class=\"yoast-schema-graph\">{\"@context\":\"https:\/\/schema.org\",\"@graph\":[{\"@type\":\"Article\",\"@id\":\"https:\/\/crees.org.do\/?p=13532#article\",\"isPartOf\":{\"@id\":\"https:\/\/crees.org.do\/?p=13532\"},\"author\":{\"name\":\"Crees\",\"@id\":\"https:\/\/crees.org.do\/#\/schema\/person\/e7f97cd94d7bf9cd0e0ce30acb7d56b8\"},\"headline\":\"\u00bfHay tanto dinero para las obras que prometi\u00f3 Abinader?\",\"datePublished\":\"2021-08-03T00:00:00+00:00\",\"dateModified\":\"2021-08-17T21:55:18+00:00\",\"mainEntityOfPage\":{\"@id\":\"https:\/\/crees.org.do\/?p=13532\"},\"wordCount\":1250,\"commentCount\":0,\"publisher\":{\"@id\":\"https:\/\/crees.org.do\/#organization\"},\"articleSection\":[\"Blog\"],\"inLanguage\":\"es\"},{\"@type\":\"WebPage\",\"@id\":\"https:\/\/crees.org.do\/?p=13532\",\"url\":\"https:\/\/crees.org.do\/?p=13532\",\"name\":\"\u00bfHay tanto dinero para las obras que prometi\u00f3 Abinader? | CREES\",\"isPartOf\":{\"@id\":\"https:\/\/crees.org.do\/#website\"},\"datePublished\":\"2021-08-03T00:00:00+00:00\",\"dateModified\":\"2021-08-17T21:55:18+00:00\",\"breadcrumb\":{\"@id\":\"https:\/\/crees.org.do\/?p=13532#breadcrumb\"},\"inLanguage\":\"es\",\"potentialAction\":[{\"@type\":\"ReadAction\",\"target\":[\"https:\/\/crees.org.do\/?p=13532\"]}]},{\"@type\":\"BreadcrumbList\",\"@id\":\"https:\/\/crees.org.do\/?p=13532#breadcrumb\",\"itemListElement\":[{\"@type\":\"ListItem\",\"position\":1,\"name\":\"Portada\",\"item\":\"https:\/\/crees.org.do\/\"},{\"@type\":\"ListItem\",\"position\":2,\"name\":\"\u00bfHay tanto dinero para las obras que prometi\u00f3 Abinader?\"}]},{\"@type\":\"WebSite\",\"@id\":\"https:\/\/crees.org.do\/#website\",\"url\":\"https:\/\/crees.org.do\/\",\"name\":\"CREES\",\"description\":\"Centro Regional de Estrategias Econ\u00f3micas Sostenibles\",\"publisher\":{\"@id\":\"https:\/\/crees.org.do\/#organization\"},\"potentialAction\":[{\"@type\":\"SearchAction\",\"target\":{\"@type\":\"EntryPoint\",\"urlTemplate\":\"https:\/\/crees.org.do\/?s={search_term_string}\"},\"query-input\":{\"@type\":\"PropertyValueSpecification\",\"valueRequired\":true,\"valueName\":\"search_term_string\"}}],\"inLanguage\":\"es\"},{\"@type\":\"Organization\",\"@id\":\"https:\/\/crees.org.do\/#organization\",\"name\":\"CREES | Centro Regional de Estrategias Econ\u00f3micas Sostenibles\",\"url\":\"https:\/\/crees.org.do\/\",\"logo\":{\"@type\":\"ImageObject\",\"inLanguage\":\"es\",\"@id\":\"https:\/\/crees.org.do\/#\/schema\/logo\/image\/\",\"url\":\"https:\/\/crees.org.do\/wp-content\/uploads\/2022\/03\/crees-logo-1.jpg\",\"contentUrl\":\"https:\/\/crees.org.do\/wp-content\/uploads\/2022\/03\/crees-logo-1.jpg\",\"width\":244,\"height\":71,\"caption\":\"CREES | Centro Regional de Estrategias Econ\u00f3micas Sostenibles\"},\"image\":{\"@id\":\"https:\/\/crees.org.do\/#\/schema\/logo\/image\/\"},\"sameAs\":[\"https:\/\/www.facebook.com\/CREESRD\/\",\"https:\/\/x.com\/CREESRD\"]},{\"@type\":\"Person\",\"@id\":\"https:\/\/crees.org.do\/#\/schema\/person\/e7f97cd94d7bf9cd0e0ce30acb7d56b8\",\"name\":\"Crees\",\"image\":{\"@type\":\"ImageObject\",\"inLanguage\":\"es\",\"@id\":\"https:\/\/crees.org.do\/#\/schema\/person\/image\/\",\"url\":\"https:\/\/secure.gravatar.com\/avatar\/390ac8f0be5d9aa046152553e2dd7011b59a512d89c150f5e5f28bb8d9a0b165?s=96&d=mm&r=g\",\"contentUrl\":\"https:\/\/secure.gravatar.com\/avatar\/390ac8f0be5d9aa046152553e2dd7011b59a512d89c150f5e5f28bb8d9a0b165?s=96&d=mm&r=g\",\"caption\":\"Crees\"},\"url\":\"https:\/\/crees.org.do\/?author=2\"}]}<\/script>\n<!-- \/ Yoast SEO plugin. -->","yoast_head_json":{"title":"\u00bfHay tanto dinero para las obras que prometi\u00f3 Abinader? | CREES","robots":{"index":"index","follow":"follow","max-snippet":"max-snippet:-1","max-image-preview":"max-image-preview:large","max-video-preview":"max-video-preview:-1"},"canonical":"https:\/\/crees.org.do\/?p=13532","og_locale":"es_ES","og_type":"article","og_title":"\u00bfHay tanto dinero para las obras que prometi\u00f3 Abinader? | CREES","og_description":"Publicado el: Lunes 1 de marzo del 2021Autor: Mart\u00edn Polanco La falta de detalles sobre las fuentes de financiamientos que se tendr\u00edan inquieta a economistas","og_url":"https:\/\/crees.org.do\/?p=13532","og_site_name":"CREES","article_publisher":"https:\/\/www.facebook.com\/CREESRD\/","article_published_time":"2021-08-03T00:00:00+00:00","article_modified_time":"2021-08-17T21:55:18+00:00","og_image":[{"width":244,"height":71,"url":"https:\/\/crees.org.do\/wp-content\/uploads\/2022\/03\/crees-logo-1.jpg","type":"image\/jpeg"}],"author":"Crees","twitter_card":"summary_large_image","twitter_creator":"@CREESRD","twitter_site":"@CREESRD","twitter_misc":{"Escrito por":"Crees","Tiempo de lectura":"6 minutos"},"schema":{"@context":"https:\/\/schema.org","@graph":[{"@type":"Article","@id":"https:\/\/crees.org.do\/?p=13532#article","isPartOf":{"@id":"https:\/\/crees.org.do\/?p=13532"},"author":{"name":"Crees","@id":"https:\/\/crees.org.do\/#\/schema\/person\/e7f97cd94d7bf9cd0e0ce30acb7d56b8"},"headline":"\u00bfHay tanto dinero para las obras que prometi\u00f3 Abinader?","datePublished":"2021-08-03T00:00:00+00:00","dateModified":"2021-08-17T21:55:18+00:00","mainEntityOfPage":{"@id":"https:\/\/crees.org.do\/?p=13532"},"wordCount":1250,"commentCount":0,"publisher":{"@id":"https:\/\/crees.org.do\/#organization"},"articleSection":["Blog"],"inLanguage":"es"},{"@type":"WebPage","@id":"https:\/\/crees.org.do\/?p=13532","url":"https:\/\/crees.org.do\/?p=13532","name":"\u00bfHay tanto dinero para las obras que prometi\u00f3 Abinader? | CREES","isPartOf":{"@id":"https:\/\/crees.org.do\/#website"},"datePublished":"2021-08-03T00:00:00+00:00","dateModified":"2021-08-17T21:55:18+00:00","breadcrumb":{"@id":"https:\/\/crees.org.do\/?p=13532#breadcrumb"},"inLanguage":"es","potentialAction":[{"@type":"ReadAction","target":["https:\/\/crees.org.do\/?p=13532"]}]},{"@type":"BreadcrumbList","@id":"https:\/\/crees.org.do\/?p=13532#breadcrumb","itemListElement":[{"@type":"ListItem","position":1,"name":"Portada","item":"https:\/\/crees.org.do\/"},{"@type":"ListItem","position":2,"name":"\u00bfHay tanto dinero para las obras que prometi\u00f3 Abinader?"}]},{"@type":"WebSite","@id":"https:\/\/crees.org.do\/#website","url":"https:\/\/crees.org.do\/","name":"CREES","description":"Centro Regional de Estrategias Econ\u00f3micas Sostenibles","publisher":{"@id":"https:\/\/crees.org.do\/#organization"},"potentialAction":[{"@type":"SearchAction","target":{"@type":"EntryPoint","urlTemplate":"https:\/\/crees.org.do\/?s={search_term_string}"},"query-input":{"@type":"PropertyValueSpecification","valueRequired":true,"valueName":"search_term_string"}}],"inLanguage":"es"},{"@type":"Organization","@id":"https:\/\/crees.org.do\/#organization","name":"CREES | Centro Regional de Estrategias Econ\u00f3micas Sostenibles","url":"https:\/\/crees.org.do\/","logo":{"@type":"ImageObject","inLanguage":"es","@id":"https:\/\/crees.org.do\/#\/schema\/logo\/image\/","url":"https:\/\/crees.org.do\/wp-content\/uploads\/2022\/03\/crees-logo-1.jpg","contentUrl":"https:\/\/crees.org.do\/wp-content\/uploads\/2022\/03\/crees-logo-1.jpg","width":244,"height":71,"caption":"CREES | Centro Regional de Estrategias Econ\u00f3micas Sostenibles"},"image":{"@id":"https:\/\/crees.org.do\/#\/schema\/logo\/image\/"},"sameAs":["https:\/\/www.facebook.com\/CREESRD\/","https:\/\/x.com\/CREESRD"]},{"@type":"Person","@id":"https:\/\/crees.org.do\/#\/schema\/person\/e7f97cd94d7bf9cd0e0ce30acb7d56b8","name":"Crees","image":{"@type":"ImageObject","inLanguage":"es","@id":"https:\/\/crees.org.do\/#\/schema\/person\/image\/","url":"https:\/\/secure.gravatar.com\/avatar\/390ac8f0be5d9aa046152553e2dd7011b59a512d89c150f5e5f28bb8d9a0b165?s=96&d=mm&r=g","contentUrl":"https:\/\/secure.gravatar.com\/avatar\/390ac8f0be5d9aa046152553e2dd7011b59a512d89c150f5e5f28bb8d9a0b165?s=96&d=mm&r=g","caption":"Crees"},"url":"https:\/\/crees.org.do\/?author=2"}]}},"_links":{"self":[{"href":"https:\/\/crees.org.do\/index.php?rest_route=\/wp\/v2\/posts\/13532","targetHints":{"allow":["GET"]}}],"collection":[{"href":"https:\/\/crees.org.do\/index.php?rest_route=\/wp\/v2\/posts"}],"about":[{"href":"https:\/\/crees.org.do\/index.php?rest_route=\/wp\/v2\/types\/post"}],"author":[{"embeddable":true,"href":"https:\/\/crees.org.do\/index.php?rest_route=\/wp\/v2\/users\/2"}],"replies":[{"embeddable":true,"href":"https:\/\/crees.org.do\/index.php?rest_route=%2Fwp%2Fv2%2Fcomments&post=13532"}],"version-history":[{"count":1,"href":"https:\/\/crees.org.do\/index.php?rest_route=\/wp\/v2\/posts\/13532\/revisions"}],"predecessor-version":[{"id":20881,"href":"https:\/\/crees.org.do\/index.php?rest_route=\/wp\/v2\/posts\/13532\/revisions\/20881"}],"wp:attachment":[{"href":"https:\/\/crees.org.do\/index.php?rest_route=%2Fwp%2Fv2%2Fmedia&parent=13532"}],"wp:term":[{"taxonomy":"category","embeddable":true,"href":"https:\/\/crees.org.do\/index.php?rest_route=%2Fwp%2Fv2%2Fcategories&post=13532"},{"taxonomy":"post_tag","embeddable":true,"href":"https:\/\/crees.org.do\/index.php?rest_route=%2Fwp%2Fv2%2Ftags&post=13532"}],"curies":[{"name":"wp","href":"https:\/\/api.w.org\/{rel}","templated":true}]}}