{"id":13547,"date":"2021-03-17T21:55:23","date_gmt":"2021-03-17T21:55:23","guid":{"rendered":"https:\/\/crees.org.do\/economista-recomienda-cautela-con-el-tema-fiscal-y-el-endeudamiento\/"},"modified":"2021-08-17T23:44:24","modified_gmt":"2021-08-17T23:44:24","slug":"economista-recomienda-cautela-con-el-tema-fiscal-y-el-endeudamiento","status":"publish","type":"post","link":"https:\/\/crees.org.do\/?p=13547","title":{"rendered":"Economista recomienda cautela con el tema fiscal y el endeudamiento"},"content":{"rendered":"<p style=\"text-align: justify;\"><span style=\"font-size: 12px;\"><span style=\"font-family: verdana, geneva, sans-serif;\">Autor:&nbsp;Servicios de Noticias<\/span><\/span><\/p>\n<p style=\"text-align: justify;\"><span style=\"font-size: 12px;\"><span style=\"font-family: verdana, geneva, sans-serif;\">Extra\u00eddo de: Diario Digital RD<\/span><\/span><\/p>\n<p style=\"text-align: justify;\"><span style=\"font-size:12px;\"><span style=\"font-family:verdana,geneva,sans-serif;\">El Centro Regional de Estrategias Econ\u00f3micas Sostenibles (CREES) entiende que es un error del gobierno proyectar una imagen demasiado optimista sobre la recuperaci\u00f3n econ\u00f3mica sin tomar en cuenta la vigencia de factores generados por la pandemia que estar\u00e1n impactando por alg\u00fan tiempo a la Rep\u00fablica Dominicana.<\/span><\/span><\/p>\n<p style=\"text-align: justify;\"><span style=\"font-size:12px;\"><span style=\"font-family:verdana,geneva,sans-serif;\">Miguel Collado Di Franco, Vicepresidente Ejecutivo de la CREES, se\u00f1al\u00f3, por ejemplo, el tema de la deuda p\u00fablica que de acuerdo a sus c\u00e1lculos alcanza el 72 por ciento del PIB y en un contexto de que por cada 100 pesos que recaude el gobierno tendr\u00e1 que destinar 30 pesos solo al pago de intereses, es decir el 30 por ciento.<\/span><\/span><\/p>\n<p style=\"text-align: justify;\"><span style=\"font-size:12px;\"><span style=\"font-family:verdana,geneva,sans-serif;\">Cit\u00f3 adem\u00e1s que la crisis sanitaria generada por el COVID-19 ha provocado el despido de m\u00e1s de medio mill\u00f3n de empleados, 200 mil de ellos en el sector formal y que para recuperarlos y llevarlos, por lo menos, al nivel que ten\u00edamos en 2019, tardar\u00e1 un buen tiempo.<\/span><\/span><\/p>\n<p style=\"text-align: justify;\"><span style=\"font-size:12px;\"><span style=\"font-family:verdana,geneva,sans-serif;\">&ldquo;Si bien es cierto que definitivamente la econom\u00eda crecer\u00e1 este a\u00f1o porque ya no tendremos esas medidas restrictivas que nos afectaron el a\u00f1o pasado, las autoridades deben ser cautas, no ser demasiado optimistas haci\u00e9ndole creer a la poblaci\u00f3n que lo peor ya pas\u00f3&rdquo;, dijo el economista en una entrevista en Propuesta de la Noche por Digital 15.<\/span><\/span><\/p>\n<p style=\"text-align: justify;\"><span style=\"font-size:12px;\"><span style=\"font-family:verdana,geneva,sans-serif;\">Insisti\u00f3 en que una buena parte de la econom\u00eda nacional seguir\u00e1 afectada y al respecto destac\u00f3 que casi un quinto de toda la producci\u00f3n nacional depende del turismo que es tambi\u00e9n el mayor generador de empleos &ldquo;y ya vimos que la temporada de invierno se cay\u00f3 en casi un 70 por ciento y habr\u00e1 que ver qu\u00e9 ocurre este a\u00f1o.<\/span><\/span><\/p>\n<p style=\"text-align: justify;\"><span style=\"font-size:12px;\"><span style=\"font-family:verdana,geneva,sans-serif;\">Collado Di Franco considera tambi\u00e9n que las autoridades est\u00e1n retrasadas en la discusi\u00f3n de una reforma fiscal que aunque se necesita, no debe estar orientada al aumento o la creaci\u00f3n de nuevas tasas impositivas<\/span><\/span><\/p>\n<p style=\"text-align: justify;\"><span style=\"font-size:12px;\"><span style=\"font-family:verdana,geneva,sans-serif;\">Dijo que las propias autoridades reconocen que el actual sistema impositivo estimula la evasi\u00f3n, destacando que solo en el ITBIS se reconoce una evasi\u00f3n de un 40 por ciento y de un 60 por ciento en la tasa del impuesto sobre la renta.&nbsp;<\/span><\/span><\/p>\n<p style=\"text-align: justify;\"><span style=\"font-size:12px;\"><span style=\"font-family:verdana,geneva,sans-serif;\">&ldquo;Ahora mismo ser\u00eda muy delicado pensar en aumentar tasas impositivas, crear nuevas figuras impositivas en medio de una situaci\u00f3n de mayor informalidad y unos incentivos que ha creado el ambiente econ\u00f3mico de mayor evasi\u00f3n y elusi\u00f3n impositiva&rdquo;, dijo. Entonces, expres\u00f3 el Vicepresidente Ejecutivo de la CREES, para poder recaudar m\u00e1s y para no penalizar la actividad econ\u00f3mica m\u00e1s de lo que est\u00e1 ahora mismo, una reforma impositiva debe venir por esa l\u00ednea&rdquo;.<\/span><\/span><\/p>\n<p style=\"text-align: justify;\"><span style=\"font-size:12px;\"><span style=\"font-family:verdana,geneva,sans-serif;\">Para Collado Di Franco la \u00fanica manera de generar m\u00e1s ingresos fiscales es creando condiciones &ldquo;para que menos personas f\u00edsicas, menos emprendedores en t\u00e9rminos de empresas salgan de la base tributaria, que haya menos incentivos para la evasi\u00f3n, que no se creen condiciones para que aumente la informalidad, aumente la evasi\u00f3n y aumente la elusi\u00f3n&rdquo;.<\/span><\/span><\/p>\n<p style=\"text-align: justify;\"><span style=\"font-size:14px;\"><span style=\"font-family:verdana,geneva,sans-serif;\">Sobre pol\u00edtica monetaria<\/span><\/span><\/p>\n<p style=\"text-align: justify;\"><span style=\"font-size:12px;\"><span style=\"font-family:verdana,geneva,sans-serif;\">En relaci\u00f3n a la declaraci\u00f3n del Viceministro de Econom\u00eda, Pavel Isa Contreras, de que la pol\u00edtica monetaria se agot\u00f3 y que en lo adelante el espacio debe ser para la pol\u00edtica fiscal, Collado estima que ni una cosa ni la otra son correctas dentro de la situaci\u00f3n actual del pa\u00eds.<\/span><\/span><\/p>\n<p style=\"text-align: justify;\"><span style=\"font-size:12px;\"><span style=\"font-family:verdana,geneva,sans-serif;\">Dijo que en t\u00e9rminos de pol\u00edtica monetaria los est\u00edmulos que se han creado para impulsar la econom\u00eda han sido artificiales, pues lo que se ha hecho es tratar de que tanto los ciudadanos como los empresarios se endeuden m\u00e1s.<\/span><\/span><\/p>\n<p style=\"text-align: justify;\"><span style=\"font-size:12px;\"><span style=\"font-family:verdana,geneva,sans-serif;\">&ldquo;Tu mira ahora mismo el cr\u00e9dito al consumo, el acumulado que llevamos en febrero es negativo con relaci\u00f3n a febrero del a\u00f1o pasado, lo mismo pasa con el cr\u00e9dito al comercio, lo mismo pasa con el cr\u00e9dito a la construcci\u00f3n, el \u00fanico que se ha incrementado es a manufactura y cuando mira el cr\u00e9dito&nbsp; ha crecido apenas un 4.5 por ciento aproximadamente, eso es pr\u00e1cticamente nada cuando lo compara con crecimientos hist\u00f3rico de m\u00e1s del 10 por ciento&rdquo;, coment\u00f3.<\/span><\/span><\/p>\n<p style=\"text-align: justify;\"><span style=\"font-size:12px;\"><span style=\"font-family:verdana,geneva,sans-serif;\">Indic\u00f3 que la soluci\u00f3n tampoco es aconsejable por el lado fiscal porque vamos a seguir la tendencia al endeudamiento que ya representa el 72 por ciento del Producto Interno Bruto, destinando el 30 por ciento de los ingresos solo al pago de intereses.<\/span><\/span><\/p>\n<p style=\"text-align: justify;\"><span style=\"font-size:12px;\"><span style=\"font-family:verdana,geneva,sans-serif;\">&ldquo;Entonces la pol\u00edtica fiscal lo \u00fanico que har\u00e1 con el endeudamiento&nbsp; es dilatar las reformas estructurales necesarias en Rep\u00fablica Dominicana que desde hace tiempo son las que han faltado para crear un clima de mayor productividad, un sistema tributario m\u00e1s simple y menos oneroso&rdquo;, expres\u00f3 Collado.<\/span><\/span><\/p>\n<div class=\"pvc_clear\"><\/div>\n<p class=\"pvc_stats all \" data-element-id=\"13547\" style=\"\"><i class=\"pvc-stats-icon medium\" aria-hidden=\"true\"><svg aria-hidden=\"true\" focusable=\"false\" data-prefix=\"far\" data-icon=\"chart-bar\" role=\"img\" xmlns=\"http:\/\/www.w3.org\/2000\/svg\" viewBox=\"0 0 512 512\" class=\"svg-inline--fa fa-chart-bar fa-w-16 fa-2x\"><path fill=\"currentColor\" d=\"M396.8 352h22.4c6.4 0 12.8-6.4 12.8-12.8V108.8c0-6.4-6.4-12.8-12.8-12.8h-22.4c-6.4 0-12.8 6.4-12.8 12.8v230.4c0 6.4 6.4 12.8 12.8 12.8zm-192 0h22.4c6.4 0 12.8-6.4 12.8-12.8V140.8c0-6.4-6.4-12.8-12.8-12.8h-22.4c-6.4 0-12.8 6.4-12.8 12.8v198.4c0 6.4 6.4 12.8 12.8 12.8zm96 0h22.4c6.4 0 12.8-6.4 12.8-12.8V204.8c0-6.4-6.4-12.8-12.8-12.8h-22.4c-6.4 0-12.8 6.4-12.8 12.8v134.4c0 6.4 6.4 12.8 12.8 12.8zM496 400H48V80c0-8.84-7.16-16-16-16H16C7.16 64 0 71.16 0 80v336c0 17.67 14.33 32 32 32h464c8.84 0 16-7.16 16-16v-16c0-8.84-7.16-16-16-16zm-387.2-48h22.4c6.4 0 12.8-6.4 12.8-12.8v-70.4c0-6.4-6.4-12.8-12.8-12.8h-22.4c-6.4 0-12.8 6.4-12.8 12.8v70.4c0 6.4 6.4 12.8 12.8 12.8z\" class=\"\"><\/path><\/svg><\/i> Vistas Totales&nbsp;514&nbsp;, Vistas Hoy&nbsp;1&nbsp;<\/p>\n<div class=\"pvc_clear\"><\/div>\n","protected":false},"excerpt":{"rendered":"<p>Publicado el: Mi\u00e9rcoles 24 de marzo del 2021Autor: Servicios de NoticiasCollado Di Franco considera tambi\u00e9n que las autoridades est\u00e1n retrasadas en la discusi\u00f3n de una reforma fiscal que aunque se necesita, no debe estar orientada al aumento o la creaci\u00f3n de nuevas tasas impositivas<\/p>\n<div class=\"pvc_clear\"><\/div>\n<p class=\"pvc_stats all \" data-element-id=\"13547\" style=\"\"><i class=\"pvc-stats-icon medium\" aria-hidden=\"true\"><svg aria-hidden=\"true\" focusable=\"false\" data-prefix=\"far\" data-icon=\"chart-bar\" role=\"img\" xmlns=\"http:\/\/www.w3.org\/2000\/svg\" viewBox=\"0 0 512 512\" class=\"svg-inline--fa fa-chart-bar fa-w-16 fa-2x\"><path fill=\"currentColor\" d=\"M396.8 352h22.4c6.4 0 12.8-6.4 12.8-12.8V108.8c0-6.4-6.4-12.8-12.8-12.8h-22.4c-6.4 0-12.8 6.4-12.8 12.8v230.4c0 6.4 6.4 12.8 12.8 12.8zm-192 0h22.4c6.4 0 12.8-6.4 12.8-12.8V140.8c0-6.4-6.4-12.8-12.8-12.8h-22.4c-6.4 0-12.8 6.4-12.8 12.8v198.4c0 6.4 6.4 12.8 12.8 12.8zm96 0h22.4c6.4 0 12.8-6.4 12.8-12.8V204.8c0-6.4-6.4-12.8-12.8-12.8h-22.4c-6.4 0-12.8 6.4-12.8 12.8v134.4c0 6.4 6.4 12.8 12.8 12.8zM496 400H48V80c0-8.84-7.16-16-16-16H16C7.16 64 0 71.16 0 80v336c0 17.67 14.33 32 32 32h464c8.84 0 16-7.16 16-16v-16c0-8.84-7.16-16-16-16zm-387.2-48h22.4c6.4 0 12.8-6.4 12.8-12.8v-70.4c0-6.4-6.4-12.8-12.8-12.8h-22.4c-6.4 0-12.8 6.4-12.8 12.8v70.4c0 6.4 6.4 12.8 12.8 12.8z\" class=\"\"><\/path><\/svg><\/i> Vistas Totales&nbsp;514&nbsp;, Vistas Hoy&nbsp;1&nbsp;<\/p>\n<div class=\"pvc_clear\"><\/div>\n","protected":false},"author":2,"featured_media":0,"comment_status":"closed","ping_status":"closed","sticky":false,"template":"","format":"standard","meta":{"footnotes":""},"categories":[21],"tags":[],"class_list":["post-13547","post","type-post","status-publish","format-standard","hentry","category-blog"],"yoast_head":"<!-- This site is optimized with the Yoast SEO plugin v25.2 - https:\/\/yoast.com\/wordpress\/plugins\/seo\/ -->\n<title>Economista recomienda cautela con el tema fiscal y el endeudamiento | CREES<\/title>\n<meta name=\"robots\" content=\"index, follow, max-snippet:-1, max-image-preview:large, max-video-preview:-1\" \/>\n<link rel=\"canonical\" href=\"https:\/\/crees.org.do\/?p=13547\" \/>\n<meta property=\"og:locale\" content=\"es_ES\" \/>\n<meta property=\"og:type\" content=\"article\" \/>\n<meta property=\"og:title\" content=\"Economista recomienda cautela con el tema fiscal y el endeudamiento | CREES\" \/>\n<meta property=\"og:description\" content=\"Publicado el: Mi\u00e9rcoles 24 de marzo del 2021Autor: Servicios de NoticiasCollado Di Franco considera tambi\u00e9n que las autoridades est\u00e1n retrasadas en la discusi\u00f3n de una reforma fiscal que aunque se necesita, no debe estar orientada al aumento o la creaci\u00f3n de nuevas tasas impositivas\" \/>\n<meta property=\"og:url\" content=\"https:\/\/crees.org.do\/?p=13547\" \/>\n<meta property=\"og:site_name\" content=\"CREES\" \/>\n<meta property=\"article:publisher\" content=\"https:\/\/www.facebook.com\/CREESRD\/\" \/>\n<meta property=\"article:published_time\" content=\"2021-03-17T21:55:23+00:00\" \/>\n<meta property=\"article:modified_time\" content=\"2021-08-17T23:44:24+00:00\" \/>\n<meta property=\"og:image\" content=\"https:\/\/crees.org.do\/wp-content\/uploads\/2022\/03\/crees-logo-1.jpg\" \/>\n\t<meta property=\"og:image:width\" content=\"244\" \/>\n\t<meta property=\"og:image:height\" content=\"71\" \/>\n\t<meta property=\"og:image:type\" content=\"image\/jpeg\" \/>\n<meta name=\"author\" content=\"Crees\" \/>\n<meta name=\"twitter:card\" content=\"summary_large_image\" \/>\n<meta name=\"twitter:creator\" content=\"@CREESRD\" \/>\n<meta name=\"twitter:site\" content=\"@CREESRD\" \/>\n<meta name=\"twitter:label1\" content=\"Escrito por\" \/>\n\t<meta name=\"twitter:data1\" content=\"Crees\" \/>\n\t<meta name=\"twitter:label2\" content=\"Tiempo de lectura\" \/>\n\t<meta name=\"twitter:data2\" content=\"4 minutos\" \/>\n<script type=\"application\/ld+json\" class=\"yoast-schema-graph\">{\"@context\":\"https:\/\/schema.org\",\"@graph\":[{\"@type\":\"Article\",\"@id\":\"https:\/\/crees.org.do\/?p=13547#article\",\"isPartOf\":{\"@id\":\"https:\/\/crees.org.do\/?p=13547\"},\"author\":{\"name\":\"Crees\",\"@id\":\"https:\/\/crees.org.do\/#\/schema\/person\/e7f97cd94d7bf9cd0e0ce30acb7d56b8\"},\"headline\":\"Economista recomienda cautela con el tema fiscal y el endeudamiento\",\"datePublished\":\"2021-03-17T21:55:23+00:00\",\"dateModified\":\"2021-08-17T23:44:24+00:00\",\"mainEntityOfPage\":{\"@id\":\"https:\/\/crees.org.do\/?p=13547\"},\"wordCount\":828,\"publisher\":{\"@id\":\"https:\/\/crees.org.do\/#organization\"},\"articleSection\":[\"Blog\"],\"inLanguage\":\"es\"},{\"@type\":\"WebPage\",\"@id\":\"https:\/\/crees.org.do\/?p=13547\",\"url\":\"https:\/\/crees.org.do\/?p=13547\",\"name\":\"Economista recomienda cautela con el tema fiscal y el endeudamiento | CREES\",\"isPartOf\":{\"@id\":\"https:\/\/crees.org.do\/#website\"},\"datePublished\":\"2021-03-17T21:55:23+00:00\",\"dateModified\":\"2021-08-17T23:44:24+00:00\",\"breadcrumb\":{\"@id\":\"https:\/\/crees.org.do\/?p=13547#breadcrumb\"},\"inLanguage\":\"es\",\"potentialAction\":[{\"@type\":\"ReadAction\",\"target\":[\"https:\/\/crees.org.do\/?p=13547\"]}]},{\"@type\":\"BreadcrumbList\",\"@id\":\"https:\/\/crees.org.do\/?p=13547#breadcrumb\",\"itemListElement\":[{\"@type\":\"ListItem\",\"position\":1,\"name\":\"Portada\",\"item\":\"https:\/\/crees.org.do\/\"},{\"@type\":\"ListItem\",\"position\":2,\"name\":\"Economista recomienda cautela con el tema fiscal y el endeudamiento\"}]},{\"@type\":\"WebSite\",\"@id\":\"https:\/\/crees.org.do\/#website\",\"url\":\"https:\/\/crees.org.do\/\",\"name\":\"CREES\",\"description\":\"Centro Regional de Estrategias Econ\u00f3micas Sostenibles\",\"publisher\":{\"@id\":\"https:\/\/crees.org.do\/#organization\"},\"potentialAction\":[{\"@type\":\"SearchAction\",\"target\":{\"@type\":\"EntryPoint\",\"urlTemplate\":\"https:\/\/crees.org.do\/?s={search_term_string}\"},\"query-input\":{\"@type\":\"PropertyValueSpecification\",\"valueRequired\":true,\"valueName\":\"search_term_string\"}}],\"inLanguage\":\"es\"},{\"@type\":\"Organization\",\"@id\":\"https:\/\/crees.org.do\/#organization\",\"name\":\"CREES | Centro Regional de Estrategias Econ\u00f3micas Sostenibles\",\"url\":\"https:\/\/crees.org.do\/\",\"logo\":{\"@type\":\"ImageObject\",\"inLanguage\":\"es\",\"@id\":\"https:\/\/crees.org.do\/#\/schema\/logo\/image\/\",\"url\":\"https:\/\/crees.org.do\/wp-content\/uploads\/2022\/03\/crees-logo-1.jpg\",\"contentUrl\":\"https:\/\/crees.org.do\/wp-content\/uploads\/2022\/03\/crees-logo-1.jpg\",\"width\":244,\"height\":71,\"caption\":\"CREES | Centro Regional de Estrategias Econ\u00f3micas Sostenibles\"},\"image\":{\"@id\":\"https:\/\/crees.org.do\/#\/schema\/logo\/image\/\"},\"sameAs\":[\"https:\/\/www.facebook.com\/CREESRD\/\",\"https:\/\/x.com\/CREESRD\"]},{\"@type\":\"Person\",\"@id\":\"https:\/\/crees.org.do\/#\/schema\/person\/e7f97cd94d7bf9cd0e0ce30acb7d56b8\",\"name\":\"Crees\",\"image\":{\"@type\":\"ImageObject\",\"inLanguage\":\"es\",\"@id\":\"https:\/\/crees.org.do\/#\/schema\/person\/image\/\",\"url\":\"https:\/\/secure.gravatar.com\/avatar\/390ac8f0be5d9aa046152553e2dd7011b59a512d89c150f5e5f28bb8d9a0b165?s=96&d=mm&r=g\",\"contentUrl\":\"https:\/\/secure.gravatar.com\/avatar\/390ac8f0be5d9aa046152553e2dd7011b59a512d89c150f5e5f28bb8d9a0b165?s=96&d=mm&r=g\",\"caption\":\"Crees\"},\"url\":\"https:\/\/crees.org.do\/?author=2\"}]}<\/script>\n<!-- \/ Yoast SEO plugin. -->","yoast_head_json":{"title":"Economista recomienda cautela con el tema fiscal y el endeudamiento | CREES","robots":{"index":"index","follow":"follow","max-snippet":"max-snippet:-1","max-image-preview":"max-image-preview:large","max-video-preview":"max-video-preview:-1"},"canonical":"https:\/\/crees.org.do\/?p=13547","og_locale":"es_ES","og_type":"article","og_title":"Economista recomienda cautela con el tema fiscal y el endeudamiento | CREES","og_description":"Publicado el: Mi\u00e9rcoles 24 de marzo del 2021Autor: Servicios de NoticiasCollado Di Franco considera tambi\u00e9n que las autoridades est\u00e1n retrasadas en la discusi\u00f3n de una reforma fiscal que aunque se necesita, no debe estar orientada al aumento o la creaci\u00f3n de nuevas tasas impositivas","og_url":"https:\/\/crees.org.do\/?p=13547","og_site_name":"CREES","article_publisher":"https:\/\/www.facebook.com\/CREESRD\/","article_published_time":"2021-03-17T21:55:23+00:00","article_modified_time":"2021-08-17T23:44:24+00:00","og_image":[{"width":244,"height":71,"url":"https:\/\/crees.org.do\/wp-content\/uploads\/2022\/03\/crees-logo-1.jpg","type":"image\/jpeg"}],"author":"Crees","twitter_card":"summary_large_image","twitter_creator":"@CREESRD","twitter_site":"@CREESRD","twitter_misc":{"Escrito por":"Crees","Tiempo de lectura":"4 minutos"},"schema":{"@context":"https:\/\/schema.org","@graph":[{"@type":"Article","@id":"https:\/\/crees.org.do\/?p=13547#article","isPartOf":{"@id":"https:\/\/crees.org.do\/?p=13547"},"author":{"name":"Crees","@id":"https:\/\/crees.org.do\/#\/schema\/person\/e7f97cd94d7bf9cd0e0ce30acb7d56b8"},"headline":"Economista recomienda cautela con el tema fiscal y el endeudamiento","datePublished":"2021-03-17T21:55:23+00:00","dateModified":"2021-08-17T23:44:24+00:00","mainEntityOfPage":{"@id":"https:\/\/crees.org.do\/?p=13547"},"wordCount":828,"publisher":{"@id":"https:\/\/crees.org.do\/#organization"},"articleSection":["Blog"],"inLanguage":"es"},{"@type":"WebPage","@id":"https:\/\/crees.org.do\/?p=13547","url":"https:\/\/crees.org.do\/?p=13547","name":"Economista recomienda cautela con el tema fiscal y el endeudamiento | CREES","isPartOf":{"@id":"https:\/\/crees.org.do\/#website"},"datePublished":"2021-03-17T21:55:23+00:00","dateModified":"2021-08-17T23:44:24+00:00","breadcrumb":{"@id":"https:\/\/crees.org.do\/?p=13547#breadcrumb"},"inLanguage":"es","potentialAction":[{"@type":"ReadAction","target":["https:\/\/crees.org.do\/?p=13547"]}]},{"@type":"BreadcrumbList","@id":"https:\/\/crees.org.do\/?p=13547#breadcrumb","itemListElement":[{"@type":"ListItem","position":1,"name":"Portada","item":"https:\/\/crees.org.do\/"},{"@type":"ListItem","position":2,"name":"Economista recomienda cautela con el tema fiscal y el endeudamiento"}]},{"@type":"WebSite","@id":"https:\/\/crees.org.do\/#website","url":"https:\/\/crees.org.do\/","name":"CREES","description":"Centro Regional de Estrategias Econ\u00f3micas Sostenibles","publisher":{"@id":"https:\/\/crees.org.do\/#organization"},"potentialAction":[{"@type":"SearchAction","target":{"@type":"EntryPoint","urlTemplate":"https:\/\/crees.org.do\/?s={search_term_string}"},"query-input":{"@type":"PropertyValueSpecification","valueRequired":true,"valueName":"search_term_string"}}],"inLanguage":"es"},{"@type":"Organization","@id":"https:\/\/crees.org.do\/#organization","name":"CREES | Centro Regional de Estrategias Econ\u00f3micas Sostenibles","url":"https:\/\/crees.org.do\/","logo":{"@type":"ImageObject","inLanguage":"es","@id":"https:\/\/crees.org.do\/#\/schema\/logo\/image\/","url":"https:\/\/crees.org.do\/wp-content\/uploads\/2022\/03\/crees-logo-1.jpg","contentUrl":"https:\/\/crees.org.do\/wp-content\/uploads\/2022\/03\/crees-logo-1.jpg","width":244,"height":71,"caption":"CREES | Centro Regional de Estrategias Econ\u00f3micas Sostenibles"},"image":{"@id":"https:\/\/crees.org.do\/#\/schema\/logo\/image\/"},"sameAs":["https:\/\/www.facebook.com\/CREESRD\/","https:\/\/x.com\/CREESRD"]},{"@type":"Person","@id":"https:\/\/crees.org.do\/#\/schema\/person\/e7f97cd94d7bf9cd0e0ce30acb7d56b8","name":"Crees","image":{"@type":"ImageObject","inLanguage":"es","@id":"https:\/\/crees.org.do\/#\/schema\/person\/image\/","url":"https:\/\/secure.gravatar.com\/avatar\/390ac8f0be5d9aa046152553e2dd7011b59a512d89c150f5e5f28bb8d9a0b165?s=96&d=mm&r=g","contentUrl":"https:\/\/secure.gravatar.com\/avatar\/390ac8f0be5d9aa046152553e2dd7011b59a512d89c150f5e5f28bb8d9a0b165?s=96&d=mm&r=g","caption":"Crees"},"url":"https:\/\/crees.org.do\/?author=2"}]}},"_links":{"self":[{"href":"https:\/\/crees.org.do\/index.php?rest_route=\/wp\/v2\/posts\/13547","targetHints":{"allow":["GET"]}}],"collection":[{"href":"https:\/\/crees.org.do\/index.php?rest_route=\/wp\/v2\/posts"}],"about":[{"href":"https:\/\/crees.org.do\/index.php?rest_route=\/wp\/v2\/types\/post"}],"author":[{"embeddable":true,"href":"https:\/\/crees.org.do\/index.php?rest_route=\/wp\/v2\/users\/2"}],"replies":[{"embeddable":true,"href":"https:\/\/crees.org.do\/index.php?rest_route=%2Fwp%2Fv2%2Fcomments&post=13547"}],"version-history":[{"count":1,"href":"https:\/\/crees.org.do\/index.php?rest_route=\/wp\/v2\/posts\/13547\/revisions"}],"predecessor-version":[{"id":20886,"href":"https:\/\/crees.org.do\/index.php?rest_route=\/wp\/v2\/posts\/13547\/revisions\/20886"}],"wp:attachment":[{"href":"https:\/\/crees.org.do\/index.php?rest_route=%2Fwp%2Fv2%2Fmedia&parent=13547"}],"wp:term":[{"taxonomy":"category","embeddable":true,"href":"https:\/\/crees.org.do\/index.php?rest_route=%2Fwp%2Fv2%2Fcategories&post=13547"},{"taxonomy":"post_tag","embeddable":true,"href":"https:\/\/crees.org.do\/index.php?rest_route=%2Fwp%2Fv2%2Ftags&post=13547"}],"curies":[{"name":"wp","href":"https:\/\/api.w.org\/{rel}","templated":true}]}}