{"id":13560,"date":"2021-04-15T19:55:57","date_gmt":"2021-04-15T19:55:57","guid":{"rendered":"https:\/\/crees.org.do\/desequilibrios-en-la-economia-global-2\/"},"modified":"2021-08-18T18:59:32","modified_gmt":"2021-08-18T18:59:32","slug":"desequilibrios-en-la-economia-global-2","status":"publish","type":"post","link":"https:\/\/crees.org.do\/?p=13560","title":{"rendered":"Desequilibrios en la econom\u00eda global"},"content":{"rendered":"<p style=\"text-align: justify;\"><span style=\"font-size: 12px;\"><span style=\"font-family: verdana, geneva, sans-serif;\">Autor: Miguel Collado Di Franco<\/span><\/span><\/p>\n<div style=\"text-align: justify;\"><span style=\"font-size: 12px;\"><span style=\"font-family: verdana, geneva, sans-serif;\">Fecha: 15 de abril del 2021<\/span><\/span><\/div>\n<div style=\"text-align: justify;\"><\/div>\n<div style=\"text-align: justify;\">\n<p><span style=\"font-size: 12px;\"><span style=\"font-family: verdana,geneva,sans-serif;\">Como resultado de la pandemia de Covid-19, han sido implementadas diferentes pol\u00edticas p\u00fablicas por parte de los estados del mundo. La expansi\u00f3n del gasto p\u00fablico, y el subsecuente endeudamiento, ha sido una medida ampliamente adoptada por diferentes gobiernos. Esta pol\u00edtica ha estado acompa\u00f1ada por la expansi\u00f3n de la oferta monetaria a nivel mundial, y por reducciones en las tasas de inter\u00e9s. A las anteriores, hay que agregar las restricciones a la movilidad de las personas por su impacto sobre la econom\u00eda real.<\/span><\/span><\/p>\n<p><span style=\"font-size: 12px;\"><span style=\"font-family: verdana,geneva,sans-serif;\">Los \u00faltimos datos de la Reserva Federal de los Estados Unidos, el principal emisor de dinero del mundo, muestran que el crecimiento interanual de M2 ha sido superior a 26%, un aumento porcentual que marca un record hist\u00f3rico. El principal efecto de la pol\u00edtica monetaria se est\u00e1 reflejando en la inflaci\u00f3n mundial. Diferentes econom\u00edas, de pa\u00edses desarrollados como emergentes, est\u00e1n evidenciando mayores incrementos en sus precios que los que se produc\u00edan antes de la pandemia.<\/span><\/span><\/p>\n<p><span style=\"font-size: 12px;\"><span style=\"font-family: verdana,geneva,sans-serif;\">Las mismas expectativas de inflaci\u00f3n, as\u00ed como las perspectivas de crecimiento econ\u00f3mico con relaci\u00f3n a la contracci\u00f3n de 2020, est\u00e1n impulsando los precios de las materias primas o <em>commodities<\/em>. El \u00edndice de materias primas Dow Jones ha alcanzado niveles que no se verificaban desde el a\u00f1o 2011. Entre marzo de 2020 y marzo de 2021 el \u00edndice creci\u00f3 m\u00e1s de 61%. Esto no significa que los precios al consumidor se incrementar\u00e1n en esta magnitud. Sin embargo, sugiere que los \u00edndices de precios al consumidor reflejar\u00e1n en lo adelante aumentos en los bienes y servicios comprados en las tiendas f\u00edsicas y virtuales, as\u00ed como en los hoteles y restaurantes. Esto \u00faltimo muy importante para tener en cuenta cuando regresen los turistas a econom\u00edas como la dominicana, cuya dependencia en esta industria es alta.<\/span><\/span><\/p>\n<p><span style=\"font-size: 12px;\"><span style=\"font-family: verdana,geneva,sans-serif;\">Una econom\u00eda con restricciones de movilidad sufre en su productividad. La oferta se restringe por el menor aporte de la mano de obra en los procesos productivos. El teletrabajo, la modalidad que se ha expandido como consecuencia de estas restricciones y como medida preventiva ante el contagio, tambi\u00e9n tiene su impacto sobre la eficiencia de la gerencia de las empresas. En consecuencia, estaremos pasando un tiempo de impacto sobre las ganancias econ\u00f3micas (medidas en t\u00e9rminos reales) debido a estos efectos y a los de los incrementos de precios.<\/span><\/span><\/p>\n<p><span style=\"font-size: 12px;\"><span style=\"font-family: verdana,geneva,sans-serif;\">Los desequilibrios en las industrias afectan el empleo, los niveles de ingresos y la capacidad de algunas empresas de poder cumplir con sus compromisos financieros. En la actualidad los niveles de tasas de inter\u00e9s son bajos, pero en alg\u00fan momento los bancos centrales deber\u00e1n volver a niveles previos a los de la pandemia en su fijaci\u00f3n de las tasas de referencia. En ese momento, las distorsiones monetarias actuales podr\u00edan reflejarse haciendo inviables proyectos que ahora parecen rentables por las tasas bajas.<\/span><\/span><\/p>\n<p><span style=\"font-size: 12px;\"><span style=\"font-family: verdana,geneva,sans-serif;\">El efecto sobre las ganancias de las empresas tambi\u00e9n impacta la capacidad de estas para poder responder a sus obligaciones fiscales. En consecuencia, este no es el momento, de aumentar la carga tributaria de los ciudadanos. Los desequilibrios fiscales no deben representar un costo para emprendedores, consumidores y, en particular, para los trabajadores. Los impuestos impactan las inversiones, las reducen en t\u00e9rminos relativos. Con menor capital invertido habr\u00e1, en sentido general, menos procesos productivos para emplear a m\u00e1s personas y para que puedan elevar sus impactados niveles de ingresos.<\/span><\/span><\/p>\n<p><span style=\"font-size: 12px;\"><span style=\"font-family: verdana,geneva,sans-serif;\">Las pol\u00edticas de est\u00edmulos artificiales adoptadas a ra\u00edz de la pandemia podr\u00edan traer consecuencias serias para la econom\u00eda de muchos pa\u00edses. Mientras mayores sean los desequilibrios, peores los efectos. Este es el momento de empezar a corregir las distorsiones creadas en 2020 y de realizar reformas estructurales que mejoren las condiciones reales de las econom\u00edas. Lo anterior aplica, en particular, para la econom\u00eda de Rep\u00fablica Dominicana.<\/span><\/span><\/p>\n<p><span style=\"font-size: 12px;\"><span style=\"font-family: verdana,geneva,sans-serif;\">Una versi\u00f3n previa de este art\u00edculo fue publicada en la edici\u00f3n de la Revista Forbes de abril de 2021.<\/span><\/span><\/p>\n<\/div>\n<p>&nbsp;<\/p>\n<div class=\"pvc_clear\"><\/div>\n<p class=\"pvc_stats all \" data-element-id=\"13560\" style=\"\"><i class=\"pvc-stats-icon medium\" aria-hidden=\"true\"><svg aria-hidden=\"true\" focusable=\"false\" data-prefix=\"far\" data-icon=\"chart-bar\" role=\"img\" xmlns=\"http:\/\/www.w3.org\/2000\/svg\" viewBox=\"0 0 512 512\" class=\"svg-inline--fa fa-chart-bar fa-w-16 fa-2x\"><path fill=\"currentColor\" d=\"M396.8 352h22.4c6.4 0 12.8-6.4 12.8-12.8V108.8c0-6.4-6.4-12.8-12.8-12.8h-22.4c-6.4 0-12.8 6.4-12.8 12.8v230.4c0 6.4 6.4 12.8 12.8 12.8zm-192 0h22.4c6.4 0 12.8-6.4 12.8-12.8V140.8c0-6.4-6.4-12.8-12.8-12.8h-22.4c-6.4 0-12.8 6.4-12.8 12.8v198.4c0 6.4 6.4 12.8 12.8 12.8zm96 0h22.4c6.4 0 12.8-6.4 12.8-12.8V204.8c0-6.4-6.4-12.8-12.8-12.8h-22.4c-6.4 0-12.8 6.4-12.8 12.8v134.4c0 6.4 6.4 12.8 12.8 12.8zM496 400H48V80c0-8.84-7.16-16-16-16H16C7.16 64 0 71.16 0 80v336c0 17.67 14.33 32 32 32h464c8.84 0 16-7.16 16-16v-16c0-8.84-7.16-16-16-16zm-387.2-48h22.4c6.4 0 12.8-6.4 12.8-12.8v-70.4c0-6.4-6.4-12.8-12.8-12.8h-22.4c-6.4 0-12.8 6.4-12.8 12.8v70.4c0 6.4 6.4 12.8 12.8 12.8z\" class=\"\"><\/path><\/svg><\/i> Vistas Totales&nbsp;1,255&nbsp;, Vistas Hoy&nbsp;2&nbsp;<\/p>\n<div class=\"pvc_clear\"><\/div>\n","protected":false},"excerpt":{"rendered":"<p>Autor: Miguel Collado Di Franco Fecha: 15 de abril del 2021 Como resultado de la pandemia de Covid-19, han sido implementadas diferentes pol\u00edticas p\u00fablicas por parte de los estados del mundo. La expansi\u00f3n del gasto p\u00fablico, y el subsecuente endeudamiento, ha sido una medida ampliamente adoptada por diferentes gobiernos. Esta pol\u00edtica ha estado acompa\u00f1ada por&#8230;<\/p>\n<div class=\"pvc_clear\"><\/div>\n<p class=\"pvc_stats all \" data-element-id=\"13560\" style=\"\"><i class=\"pvc-stats-icon medium\" aria-hidden=\"true\"><svg aria-hidden=\"true\" focusable=\"false\" data-prefix=\"far\" data-icon=\"chart-bar\" role=\"img\" xmlns=\"http:\/\/www.w3.org\/2000\/svg\" viewBox=\"0 0 512 512\" class=\"svg-inline--fa fa-chart-bar fa-w-16 fa-2x\"><path fill=\"currentColor\" d=\"M396.8 352h22.4c6.4 0 12.8-6.4 12.8-12.8V108.8c0-6.4-6.4-12.8-12.8-12.8h-22.4c-6.4 0-12.8 6.4-12.8 12.8v230.4c0 6.4 6.4 12.8 12.8 12.8zm-192 0h22.4c6.4 0 12.8-6.4 12.8-12.8V140.8c0-6.4-6.4-12.8-12.8-12.8h-22.4c-6.4 0-12.8 6.4-12.8 12.8v198.4c0 6.4 6.4 12.8 12.8 12.8zm96 0h22.4c6.4 0 12.8-6.4 12.8-12.8V204.8c0-6.4-6.4-12.8-12.8-12.8h-22.4c-6.4 0-12.8 6.4-12.8 12.8v134.4c0 6.4 6.4 12.8 12.8 12.8zM496 400H48V80c0-8.84-7.16-16-16-16H16C7.16 64 0 71.16 0 80v336c0 17.67 14.33 32 32 32h464c8.84 0 16-7.16 16-16v-16c0-8.84-7.16-16-16-16zm-387.2-48h22.4c6.4 0 12.8-6.4 12.8-12.8v-70.4c0-6.4-6.4-12.8-12.8-12.8h-22.4c-6.4 0-12.8 6.4-12.8 12.8v70.4c0 6.4 6.4 12.8 12.8 12.8z\" class=\"\"><\/path><\/svg><\/i> Vistas Totales&nbsp;1,255&nbsp;, Vistas Hoy&nbsp;2&nbsp;<\/p>\n<div class=\"pvc_clear\"><\/div>\n","protected":false},"author":2,"featured_media":21923,"comment_status":"closed","ping_status":"closed","sticky":false,"template":"","format":"standard","meta":{"footnotes":""},"categories":[22],"tags":[],"class_list":["post-13560","post","type-post","status-publish","format-standard","has-post-thumbnail","hentry","category-articulos"],"yoast_head":"<!-- This site is optimized with the Yoast SEO plugin v25.2 - https:\/\/yoast.com\/wordpress\/plugins\/seo\/ -->\n<title>Desequilibrios en la econom\u00eda global | CREES<\/title>\n<meta name=\"robots\" content=\"index, follow, max-snippet:-1, max-image-preview:large, max-video-preview:-1\" \/>\n<link rel=\"canonical\" href=\"https:\/\/crees.org.do\/?p=13560\" \/>\n<meta property=\"og:locale\" content=\"es_ES\" \/>\n<meta property=\"og:type\" content=\"article\" \/>\n<meta property=\"og:title\" content=\"Desequilibrios en la econom\u00eda global | CREES\" \/>\n<meta property=\"og:description\" content=\"Autor: Miguel Collado Di Franco Fecha: 15 de abril del 2021 Como resultado de la pandemia de Covid-19, han sido implementadas diferentes pol\u00edticas p\u00fablicas por parte de los estados del mundo. La expansi\u00f3n del gasto p\u00fablico, y el subsecuente endeudamiento, ha sido una medida ampliamente adoptada por diferentes gobiernos. Esta pol\u00edtica ha estado acompa\u00f1ada por...\" \/>\n<meta property=\"og:url\" content=\"https:\/\/crees.org.do\/?p=13560\" \/>\n<meta property=\"og:site_name\" content=\"CREES\" \/>\n<meta property=\"article:publisher\" content=\"https:\/\/www.facebook.com\/CREESRD\/\" \/>\n<meta property=\"article:published_time\" content=\"2021-04-15T19:55:57+00:00\" \/>\n<meta property=\"article:modified_time\" content=\"2021-08-18T18:59:32+00:00\" \/>\n<meta property=\"og:image\" content=\"https:\/\/crees.org.do\/wp-content\/uploads\/2021\/04\/Untitled-Project-2021-04-15T131153.967.png\" \/>\n\t<meta property=\"og:image:width\" content=\"1156\" \/>\n\t<meta property=\"og:image:height\" content=\"867\" \/>\n\t<meta property=\"og:image:type\" content=\"image\/png\" \/>\n<meta name=\"author\" content=\"Crees\" \/>\n<meta name=\"twitter:card\" content=\"summary_large_image\" \/>\n<meta name=\"twitter:creator\" content=\"@CREESRD\" \/>\n<meta name=\"twitter:site\" content=\"@CREESRD\" \/>\n<meta name=\"twitter:label1\" content=\"Escrito por\" \/>\n\t<meta name=\"twitter:data1\" content=\"Crees\" \/>\n\t<meta name=\"twitter:label2\" content=\"Tiempo de lectura\" \/>\n\t<meta name=\"twitter:data2\" content=\"3 minutos\" \/>\n<script type=\"application\/ld+json\" class=\"yoast-schema-graph\">{\"@context\":\"https:\/\/schema.org\",\"@graph\":[{\"@type\":\"Article\",\"@id\":\"https:\/\/crees.org.do\/?p=13560#article\",\"isPartOf\":{\"@id\":\"https:\/\/crees.org.do\/?p=13560\"},\"author\":{\"name\":\"Crees\",\"@id\":\"https:\/\/crees.org.do\/#\/schema\/person\/e7f97cd94d7bf9cd0e0ce30acb7d56b8\"},\"headline\":\"Desequilibrios en la econom\u00eda global\",\"datePublished\":\"2021-04-15T19:55:57+00:00\",\"dateModified\":\"2021-08-18T18:59:32+00:00\",\"mainEntityOfPage\":{\"@id\":\"https:\/\/crees.org.do\/?p=13560\"},\"wordCount\":691,\"publisher\":{\"@id\":\"https:\/\/crees.org.do\/#organization\"},\"image\":{\"@id\":\"https:\/\/crees.org.do\/?p=13560#primaryimage\"},\"thumbnailUrl\":\"https:\/\/crees.org.do\/wp-content\/uploads\/2021\/04\/Untitled-Project-2021-04-15T131153.967.png\",\"articleSection\":[\"Art\u00edculos\"],\"inLanguage\":\"es\"},{\"@type\":\"WebPage\",\"@id\":\"https:\/\/crees.org.do\/?p=13560\",\"url\":\"https:\/\/crees.org.do\/?p=13560\",\"name\":\"Desequilibrios en la econom\u00eda global | CREES\",\"isPartOf\":{\"@id\":\"https:\/\/crees.org.do\/#website\"},\"primaryImageOfPage\":{\"@id\":\"https:\/\/crees.org.do\/?p=13560#primaryimage\"},\"image\":{\"@id\":\"https:\/\/crees.org.do\/?p=13560#primaryimage\"},\"thumbnailUrl\":\"https:\/\/crees.org.do\/wp-content\/uploads\/2021\/04\/Untitled-Project-2021-04-15T131153.967.png\",\"datePublished\":\"2021-04-15T19:55:57+00:00\",\"dateModified\":\"2021-08-18T18:59:32+00:00\",\"breadcrumb\":{\"@id\":\"https:\/\/crees.org.do\/?p=13560#breadcrumb\"},\"inLanguage\":\"es\",\"potentialAction\":[{\"@type\":\"ReadAction\",\"target\":[\"https:\/\/crees.org.do\/?p=13560\"]}]},{\"@type\":\"ImageObject\",\"inLanguage\":\"es\",\"@id\":\"https:\/\/crees.org.do\/?p=13560#primaryimage\",\"url\":\"https:\/\/crees.org.do\/wp-content\/uploads\/2021\/04\/Untitled-Project-2021-04-15T131153.967.png\",\"contentUrl\":\"https:\/\/crees.org.do\/wp-content\/uploads\/2021\/04\/Untitled-Project-2021-04-15T131153.967.png\",\"width\":1156,\"height\":867},{\"@type\":\"BreadcrumbList\",\"@id\":\"https:\/\/crees.org.do\/?p=13560#breadcrumb\",\"itemListElement\":[{\"@type\":\"ListItem\",\"position\":1,\"name\":\"Portada\",\"item\":\"https:\/\/crees.org.do\/\"},{\"@type\":\"ListItem\",\"position\":2,\"name\":\"Desequilibrios en la econom\u00eda global\"}]},{\"@type\":\"WebSite\",\"@id\":\"https:\/\/crees.org.do\/#website\",\"url\":\"https:\/\/crees.org.do\/\",\"name\":\"CREES\",\"description\":\"Centro Regional de Estrategias Econ\u00f3micas Sostenibles\",\"publisher\":{\"@id\":\"https:\/\/crees.org.do\/#organization\"},\"potentialAction\":[{\"@type\":\"SearchAction\",\"target\":{\"@type\":\"EntryPoint\",\"urlTemplate\":\"https:\/\/crees.org.do\/?s={search_term_string}\"},\"query-input\":{\"@type\":\"PropertyValueSpecification\",\"valueRequired\":true,\"valueName\":\"search_term_string\"}}],\"inLanguage\":\"es\"},{\"@type\":\"Organization\",\"@id\":\"https:\/\/crees.org.do\/#organization\",\"name\":\"CREES | Centro Regional de Estrategias Econ\u00f3micas Sostenibles\",\"url\":\"https:\/\/crees.org.do\/\",\"logo\":{\"@type\":\"ImageObject\",\"inLanguage\":\"es\",\"@id\":\"https:\/\/crees.org.do\/#\/schema\/logo\/image\/\",\"url\":\"https:\/\/crees.org.do\/wp-content\/uploads\/2022\/03\/crees-logo-1.jpg\",\"contentUrl\":\"https:\/\/crees.org.do\/wp-content\/uploads\/2022\/03\/crees-logo-1.jpg\",\"width\":244,\"height\":71,\"caption\":\"CREES | Centro Regional de Estrategias Econ\u00f3micas Sostenibles\"},\"image\":{\"@id\":\"https:\/\/crees.org.do\/#\/schema\/logo\/image\/\"},\"sameAs\":[\"https:\/\/www.facebook.com\/CREESRD\/\",\"https:\/\/x.com\/CREESRD\"]},{\"@type\":\"Person\",\"@id\":\"https:\/\/crees.org.do\/#\/schema\/person\/e7f97cd94d7bf9cd0e0ce30acb7d56b8\",\"name\":\"Crees\",\"image\":{\"@type\":\"ImageObject\",\"inLanguage\":\"es\",\"@id\":\"https:\/\/crees.org.do\/#\/schema\/person\/image\/\",\"url\":\"https:\/\/secure.gravatar.com\/avatar\/390ac8f0be5d9aa046152553e2dd7011b59a512d89c150f5e5f28bb8d9a0b165?s=96&d=mm&r=g\",\"contentUrl\":\"https:\/\/secure.gravatar.com\/avatar\/390ac8f0be5d9aa046152553e2dd7011b59a512d89c150f5e5f28bb8d9a0b165?s=96&d=mm&r=g\",\"caption\":\"Crees\"},\"url\":\"https:\/\/crees.org.do\/?author=2\"}]}<\/script>\n<!-- \/ Yoast SEO plugin. -->","yoast_head_json":{"title":"Desequilibrios en la econom\u00eda global | CREES","robots":{"index":"index","follow":"follow","max-snippet":"max-snippet:-1","max-image-preview":"max-image-preview:large","max-video-preview":"max-video-preview:-1"},"canonical":"https:\/\/crees.org.do\/?p=13560","og_locale":"es_ES","og_type":"article","og_title":"Desequilibrios en la econom\u00eda global | CREES","og_description":"Autor: Miguel Collado Di Franco Fecha: 15 de abril del 2021 Como resultado de la pandemia de Covid-19, han sido implementadas diferentes pol\u00edticas p\u00fablicas por parte de los estados del mundo. La expansi\u00f3n del gasto p\u00fablico, y el subsecuente endeudamiento, ha sido una medida ampliamente adoptada por diferentes gobiernos. Esta pol\u00edtica ha estado acompa\u00f1ada por...","og_url":"https:\/\/crees.org.do\/?p=13560","og_site_name":"CREES","article_publisher":"https:\/\/www.facebook.com\/CREESRD\/","article_published_time":"2021-04-15T19:55:57+00:00","article_modified_time":"2021-08-18T18:59:32+00:00","og_image":[{"width":1156,"height":867,"url":"https:\/\/crees.org.do\/wp-content\/uploads\/2021\/04\/Untitled-Project-2021-04-15T131153.967.png","type":"image\/png"}],"author":"Crees","twitter_card":"summary_large_image","twitter_creator":"@CREESRD","twitter_site":"@CREESRD","twitter_misc":{"Escrito por":"Crees","Tiempo de lectura":"3 minutos"},"schema":{"@context":"https:\/\/schema.org","@graph":[{"@type":"Article","@id":"https:\/\/crees.org.do\/?p=13560#article","isPartOf":{"@id":"https:\/\/crees.org.do\/?p=13560"},"author":{"name":"Crees","@id":"https:\/\/crees.org.do\/#\/schema\/person\/e7f97cd94d7bf9cd0e0ce30acb7d56b8"},"headline":"Desequilibrios en la econom\u00eda global","datePublished":"2021-04-15T19:55:57+00:00","dateModified":"2021-08-18T18:59:32+00:00","mainEntityOfPage":{"@id":"https:\/\/crees.org.do\/?p=13560"},"wordCount":691,"publisher":{"@id":"https:\/\/crees.org.do\/#organization"},"image":{"@id":"https:\/\/crees.org.do\/?p=13560#primaryimage"},"thumbnailUrl":"https:\/\/crees.org.do\/wp-content\/uploads\/2021\/04\/Untitled-Project-2021-04-15T131153.967.png","articleSection":["Art\u00edculos"],"inLanguage":"es"},{"@type":"WebPage","@id":"https:\/\/crees.org.do\/?p=13560","url":"https:\/\/crees.org.do\/?p=13560","name":"Desequilibrios en la econom\u00eda global | CREES","isPartOf":{"@id":"https:\/\/crees.org.do\/#website"},"primaryImageOfPage":{"@id":"https:\/\/crees.org.do\/?p=13560#primaryimage"},"image":{"@id":"https:\/\/crees.org.do\/?p=13560#primaryimage"},"thumbnailUrl":"https:\/\/crees.org.do\/wp-content\/uploads\/2021\/04\/Untitled-Project-2021-04-15T131153.967.png","datePublished":"2021-04-15T19:55:57+00:00","dateModified":"2021-08-18T18:59:32+00:00","breadcrumb":{"@id":"https:\/\/crees.org.do\/?p=13560#breadcrumb"},"inLanguage":"es","potentialAction":[{"@type":"ReadAction","target":["https:\/\/crees.org.do\/?p=13560"]}]},{"@type":"ImageObject","inLanguage":"es","@id":"https:\/\/crees.org.do\/?p=13560#primaryimage","url":"https:\/\/crees.org.do\/wp-content\/uploads\/2021\/04\/Untitled-Project-2021-04-15T131153.967.png","contentUrl":"https:\/\/crees.org.do\/wp-content\/uploads\/2021\/04\/Untitled-Project-2021-04-15T131153.967.png","width":1156,"height":867},{"@type":"BreadcrumbList","@id":"https:\/\/crees.org.do\/?p=13560#breadcrumb","itemListElement":[{"@type":"ListItem","position":1,"name":"Portada","item":"https:\/\/crees.org.do\/"},{"@type":"ListItem","position":2,"name":"Desequilibrios en la econom\u00eda global"}]},{"@type":"WebSite","@id":"https:\/\/crees.org.do\/#website","url":"https:\/\/crees.org.do\/","name":"CREES","description":"Centro Regional de Estrategias Econ\u00f3micas Sostenibles","publisher":{"@id":"https:\/\/crees.org.do\/#organization"},"potentialAction":[{"@type":"SearchAction","target":{"@type":"EntryPoint","urlTemplate":"https:\/\/crees.org.do\/?s={search_term_string}"},"query-input":{"@type":"PropertyValueSpecification","valueRequired":true,"valueName":"search_term_string"}}],"inLanguage":"es"},{"@type":"Organization","@id":"https:\/\/crees.org.do\/#organization","name":"CREES | Centro Regional de Estrategias Econ\u00f3micas Sostenibles","url":"https:\/\/crees.org.do\/","logo":{"@type":"ImageObject","inLanguage":"es","@id":"https:\/\/crees.org.do\/#\/schema\/logo\/image\/","url":"https:\/\/crees.org.do\/wp-content\/uploads\/2022\/03\/crees-logo-1.jpg","contentUrl":"https:\/\/crees.org.do\/wp-content\/uploads\/2022\/03\/crees-logo-1.jpg","width":244,"height":71,"caption":"CREES | Centro Regional de Estrategias Econ\u00f3micas Sostenibles"},"image":{"@id":"https:\/\/crees.org.do\/#\/schema\/logo\/image\/"},"sameAs":["https:\/\/www.facebook.com\/CREESRD\/","https:\/\/x.com\/CREESRD"]},{"@type":"Person","@id":"https:\/\/crees.org.do\/#\/schema\/person\/e7f97cd94d7bf9cd0e0ce30acb7d56b8","name":"Crees","image":{"@type":"ImageObject","inLanguage":"es","@id":"https:\/\/crees.org.do\/#\/schema\/person\/image\/","url":"https:\/\/secure.gravatar.com\/avatar\/390ac8f0be5d9aa046152553e2dd7011b59a512d89c150f5e5f28bb8d9a0b165?s=96&d=mm&r=g","contentUrl":"https:\/\/secure.gravatar.com\/avatar\/390ac8f0be5d9aa046152553e2dd7011b59a512d89c150f5e5f28bb8d9a0b165?s=96&d=mm&r=g","caption":"Crees"},"url":"https:\/\/crees.org.do\/?author=2"}]}},"_links":{"self":[{"href":"https:\/\/crees.org.do\/index.php?rest_route=\/wp\/v2\/posts\/13560","targetHints":{"allow":["GET"]}}],"collection":[{"href":"https:\/\/crees.org.do\/index.php?rest_route=\/wp\/v2\/posts"}],"about":[{"href":"https:\/\/crees.org.do\/index.php?rest_route=\/wp\/v2\/types\/post"}],"author":[{"embeddable":true,"href":"https:\/\/crees.org.do\/index.php?rest_route=\/wp\/v2\/users\/2"}],"replies":[{"embeddable":true,"href":"https:\/\/crees.org.do\/index.php?rest_route=%2Fwp%2Fv2%2Fcomments&post=13560"}],"version-history":[{"count":1,"href":"https:\/\/crees.org.do\/index.php?rest_route=\/wp\/v2\/posts\/13560\/revisions"}],"predecessor-version":[{"id":21917,"href":"https:\/\/crees.org.do\/index.php?rest_route=\/wp\/v2\/posts\/13560\/revisions\/21917"}],"wp:featuredmedia":[{"embeddable":true,"href":"https:\/\/crees.org.do\/index.php?rest_route=\/wp\/v2\/media\/21923"}],"wp:attachment":[{"href":"https:\/\/crees.org.do\/index.php?rest_route=%2Fwp%2Fv2%2Fmedia&parent=13560"}],"wp:term":[{"taxonomy":"category","embeddable":true,"href":"https:\/\/crees.org.do\/index.php?rest_route=%2Fwp%2Fv2%2Fcategories&post=13560"},{"taxonomy":"post_tag","embeddable":true,"href":"https:\/\/crees.org.do\/index.php?rest_route=%2Fwp%2Fv2%2Ftags&post=13560"}],"curies":[{"name":"wp","href":"https:\/\/api.w.org\/{rel}","templated":true}]}}