{"id":13907,"date":"2021-06-09T22:59:20","date_gmt":"2021-06-09T22:59:20","guid":{"rendered":"https:\/\/crees.org.do\/?p=13907"},"modified":"2021-06-10T17:05:35","modified_gmt":"2021-06-10T17:05:35","slug":"calidad-institucional-elemento-clave-para-la-recuperacion-de-la-economia","status":"publish","type":"post","link":"https:\/\/crees.org.do\/?p=13907","title":{"rendered":"Calidad institucional: elemento clave para la recuperaci\u00f3n de la econom\u00eda"},"content":{"rendered":"<p>Autor: Rolando Mart\u00ednez Ag\u00fcero<\/p>\n<p>Fecha: 10 de junio del 2021<\/p>\n<p>&nbsp;<\/p>\n<p>La crisis de la pandemia de COVID-19 se ha convertido en el mayor reto que han tenido que enfrentar todas las econom\u00edas del mundo. Esta crisis ha provocado una reducci\u00f3n en la producci\u00f3n, perdidas de empleo, deterioro del sector externo y expansi\u00f3n del gasto publico y el endeudamiento, al mismo tiempo en el que se perd\u00edan libertades civiles. Si bien la pandemia golpe\u00f3 al mundo de sorpresa, y se han implementado distintas pol\u00edticas alrededor del mundo, sin duda alguna la calidad de las instituciones de cada pa\u00eds ha influenciado la efectividad de dichas pol\u00edticas y son un elemento clave para la recuperaci\u00f3n de la econom\u00eda.<\/p>\n<p>Contar con buenas instituciones es importante debido a que estas se encargan de establecer un ambiente de orden y seguridad, al mismo tiempo que crean un entorno favorable para estimular las iniciativas innovadoras necesarias para hacer frente a la nueva situaci\u00f3n que se impone y satisfacer las necesidades de las personas.<\/p>\n<p>Por un lado, las instituciones pol\u00edticas s\u00f3lidas proveen confianza y protecci\u00f3n a los ciudadanos en sus interacciones, en la manera en que aseguran la igualdad ante la ley, la protecci\u00f3n de los derechos de propiedad, el cumplimiento de los contratos y la separaci\u00f3n de los poderes del Estado para que act\u00faen como contrapesos entre s\u00ed. De igual forma, contribuyen a mejorar la percepci\u00f3n de los ciudadanos o los empresarios sobre aspectos como estabilidad pol\u00edtica y corrupci\u00f3n. Por otro lado, a pesar de que las instituciones pol\u00edticas s\u00f3lidas se encargan fomentar un desarrollo seguro, ordenado y transparente, son las buenas instituciones de mercado las que realmente incentivaran las iniciativas emprendedoras de los ciudadanos y la atracci\u00f3n de un mayor flujo de inversiones.<\/p>\n<p>En varias ocasiones, desde CREES se han utilizado los resultados del el \u00cdndice de Calidad Institucional del centro de investigaci\u00f3n en pol\u00edticas p\u00fablicas \u201cLibertad y Progreso\u201d como una herramienta para analizar el estado de las instituciones de Rep\u00fablica Dominicana y a su vez, compararlo con los dem\u00e1s pa\u00edses de la regi\u00f3n. Este \u00edndice busca evaluar la solidez de las instituciones de 189 pa\u00edses del mundo. El mismo se divide en dos sub\u00edndices que miden la calidad de las instituciones pol\u00edticas y de mercado, esto lo hace bas\u00e1ndose en indicadores de calidad institucional como: 1) Vigencia del Estado de Derecho; 2) La rendici\u00f3n de cuentas de los gobiernos; 3) Libertad de prensa; 4) Percepci\u00f3n de la corrupci\u00f3n; 5) La competitividad; 6) Libertad econ\u00f3mica; y 7) Facilidad para hacer negocios.<\/p>\n<p>En la Tabla No.1 se muestran los resultados del \u00cdndice de Calidad Institucional 2021 de las veinte mejores posiciones del mundo, cinco mejores de la regi\u00f3n y Rep\u00fablica Dominicana.<\/p>\n<p>&nbsp;<\/p>\n<p><img fetchpriority=\"high\" decoding=\"async\" class=\"aligncenter wp-image-13910\" src=\"https:\/\/crees.org.do\/wp-content\/uploads\/2021\/06\/Screen-Shot-2021-06-10-at-11.53.57-AM.png\" alt=\"\" width=\"1049\" height=\"946\" srcset=\"https:\/\/crees.org.do\/wp-content\/uploads\/2021\/06\/Screen-Shot-2021-06-10-at-11.53.57-AM.png 1182w, https:\/\/crees.org.do\/wp-content\/uploads\/2021\/06\/Screen-Shot-2021-06-10-at-11.53.57-AM-300x271.png 300w, https:\/\/crees.org.do\/wp-content\/uploads\/2021\/06\/Screen-Shot-2021-06-10-at-11.53.57-AM-700x631.png 700w, https:\/\/crees.org.do\/wp-content\/uploads\/2021\/06\/Screen-Shot-2021-06-10-at-11.53.57-AM-768x693.png 768w, https:\/\/crees.org.do\/wp-content\/uploads\/2021\/06\/Screen-Shot-2021-06-10-at-11.53.57-AM-600x541.png 600w\" sizes=\"(max-width: 1049px) 100vw, 1049px\" \/><\/p>\n<p>Entre los mejores pa\u00edses del mundo destacan econom\u00edas como Estonia y Lituania que antes pertenec\u00edan a la Uni\u00f3n Sovi\u00e9tica y son un ejemplo del avance que es posible alcanzar a trav\u00e9s de reformas institucionales profundas en \u00e1mbito econ\u00f3mico y el estado de derecho. De igual forma es preciso destacar el caso de Georgia, que se encuentra en la posici\u00f3n No. 35 del \u00edndice, donde luego de la crisis econ\u00f3mica que surgi\u00f3 con la desintegraci\u00f3n de la Uni\u00f3n Sovi\u00e9tica, a partir del 2003 se realizaron una serie de reformas econ\u00f3micas y pol\u00edticas que fortalecieron las instituciones de este pa\u00eds. Por ejemplo, se realiz\u00f3 una reforma a la polic\u00eda, que \u201cincluy\u00f3 el uso extensivo de las nuevas tecnolog\u00edas y una regla de tolerancia cero contra la corrupci\u00f3n policial, lo cual ha llevado a responder ante la justicia a m\u00e1s de 1,000 agentes por diversos actos de corrupci\u00f3n. Tambi\u00e9n esta reforma se enfoc\u00f3 en profesionalizar a los agentes del orden, a la vez que se disminuy\u00f3 el n\u00famero de personas que laboraban en los departamentos de polic\u00eda, de 63,000 se redujo a 27,000, disminuyendo la burocracia existente\u201d\u00a0(Fornet, 2013) <a href=\"#_ftn1\" name=\"_ftnref1\">[1]<\/a>.<\/p>\n<p>Sin duda alguna, Dinamarca, Nueva Zelanda, Suiza y Finlandia tambi\u00e9n son pa\u00eds que se\u00f1alan hacia donde deber\u00edamos estar mirando para fortalecer nuestras instituciones. Con excepci\u00f3n de la edici\u00f3n del 2018 y 2019, estos pa\u00edses han alcanzado mantenerse en el tope en toda la historia del \u00cdndice de Calidad Institucional. Estos mismos pa\u00edses, junto con Noruega y Suecia tambi\u00e9n ocupan las mejores posiciones en instituciones pol\u00edticas.<\/p>\n<p>En cuanto a instituciones de mercado, Singapur tiene el liderazgo, algo l\u00f3gico considerando que es una econom\u00eda de libre mercado, abierta y con un clima favorable para hacer negocios. Pero tambi\u00e9n es preciso mencionar los resultados de los pa\u00edses asi\u00e1ticos Taiw\u00e1n y Hong Kong en esta categor\u00eda, que tambi\u00e9n puede deberse a una mayor apertura de la econom\u00eda y a m\u00e1s aceptaci\u00f3n de la inversi\u00f3n privada; esto \u00faltimo se ve reflejado en el stock de entrada de inversi\u00f3n extranjera directa, que se ha incrementado en un 63.6% para Taiw\u00e1n y 75.0% para Hong Kong entre el 2010 y el 2019, seg\u00fan datos del la Conferencia de las Naciones Unidas sobre Comercio y Desarrollo.<\/p>\n<p>A nivel regional Chile, Uruguay y Costa Rica, se mantienen liderando como los pa\u00edses con mayor calidad institucional. En particular destaca la posici\u00f3n de Uruguay en el sub\u00edndice de calidad de instituciones pol\u00edticas, ubic\u00e1ndose entre uno de los veinte mejores. Estos pa\u00edses han logrado ser consistentes en materia de calidad institucional, creando un clima de orden que no desincentive a las iniciativas formales creadoras de riqueza para la sociedad.<\/p>\n<p>La Rep\u00fablica Dominicana cuenta con una pobre calidad institucional que dificulta contar con un clima de estabilidad y certidumbre legal y pol\u00edtica. El pa\u00eds se ha quedado estancado en cuanto al fortalecimiento del Estado de Derecho<a href=\"#_ftn2\" name=\"_ftnref2\">[2]<\/a>. Adem\u00e1s, es necesario realizar las reformas estructurales necesarias para minimizar las barreras a la innovaci\u00f3n y la creaci\u00f3n de nuevos emprendimientos, as\u00ed como reducir los costos para vivir y hacer negocios.<\/p>\n<p>Un marco institucional sano es clave para el desarrollo econ\u00f3mico y social. Fortalecer nuestras instituciones ser\u00e1 necesario para acelerar el ritmo de recuperaci\u00f3n de la econom\u00eda. Esta no solo ser\u00eda la mejor forma de salir de la crisis, sino que tambi\u00e9n podr\u00eda prepararnos para las pr\u00f3ximas.<\/p>\n<p>&nbsp;<\/p>\n<p><a href=\"#_ftnref1\" name=\"_ftn1\">[1]<\/a> Ver m\u00e1s en Rafael Fornet. (2013). <a href=\"https:\/\/crees.org.do\/georgia-ejemplo-de-reformas-exitosas\/\"><em>\u201cGeorgia: Ejemplo de Reformas Exitosas\u201d<\/em><\/a><em>. <\/em>9 de agosto 20213, de CREES<\/p>\n<p>&nbsp;<\/p>\n<p><a href=\"#_ftnref2\" name=\"_ftn2\">[2]<\/a> Para an\u00e1lisis previos, ver:<\/p>\n<ul>\n<li>Miguel Collado Di Franco y Rolando Mart\u00ednez Ag\u00fcero. (2020). <a href=\"https:\/\/crees.org.do\/retrocesos-institucionales-menos-democracia-y-mas-corrupcion\/\">\u201cRetrocesos institucionales: menos democracia y m\u00e1s corrupci\u00f3n\u201d<\/a>. 14 de febrero 2020, de CREES.<\/li>\n<li>Rolando Mart\u00ednez Ag\u00fcero. (2020).<a href=\"https:\/\/crees.org.do\/indice-de-imperio-de-la-ley-2020-el-diagnostico-de-republica-dominicana\/\"> \u201c\u00cdndice de Imperio de la Ley 2020: el diagn\u00f3stico de Rep\u00fablica Dominicana\u201d<\/a>. 9 de junio 2020, de CREES.<\/li>\n<\/ul>\n<div class=\"pvc_clear\"><\/div>\n<p class=\"pvc_stats all \" data-element-id=\"13907\" style=\"\"><i class=\"pvc-stats-icon medium\" aria-hidden=\"true\"><svg aria-hidden=\"true\" focusable=\"false\" data-prefix=\"far\" data-icon=\"chart-bar\" role=\"img\" xmlns=\"http:\/\/www.w3.org\/2000\/svg\" viewBox=\"0 0 512 512\" class=\"svg-inline--fa fa-chart-bar fa-w-16 fa-2x\"><path fill=\"currentColor\" d=\"M396.8 352h22.4c6.4 0 12.8-6.4 12.8-12.8V108.8c0-6.4-6.4-12.8-12.8-12.8h-22.4c-6.4 0-12.8 6.4-12.8 12.8v230.4c0 6.4 6.4 12.8 12.8 12.8zm-192 0h22.4c6.4 0 12.8-6.4 12.8-12.8V140.8c0-6.4-6.4-12.8-12.8-12.8h-22.4c-6.4 0-12.8 6.4-12.8 12.8v198.4c0 6.4 6.4 12.8 12.8 12.8zm96 0h22.4c6.4 0 12.8-6.4 12.8-12.8V204.8c0-6.4-6.4-12.8-12.8-12.8h-22.4c-6.4 0-12.8 6.4-12.8 12.8v134.4c0 6.4 6.4 12.8 12.8 12.8zM496 400H48V80c0-8.84-7.16-16-16-16H16C7.16 64 0 71.16 0 80v336c0 17.67 14.33 32 32 32h464c8.84 0 16-7.16 16-16v-16c0-8.84-7.16-16-16-16zm-387.2-48h22.4c6.4 0 12.8-6.4 12.8-12.8v-70.4c0-6.4-6.4-12.8-12.8-12.8h-22.4c-6.4 0-12.8 6.4-12.8 12.8v70.4c0 6.4 6.4 12.8 12.8 12.8z\" class=\"\"><\/path><\/svg><\/i> Vistas Totales&nbsp;1,272&nbsp;, Vistas Hoy&nbsp;2&nbsp;<\/p>\n<div class=\"pvc_clear\"><\/div>\n","protected":false},"excerpt":{"rendered":"<p>Autor: Rolando Mart\u00ednez Ag\u00fcero Fecha: 10 de junio del 2021 &nbsp; La crisis de la pandemia de COVID-19 se ha convertido en el mayor reto que han tenido que enfrentar todas las econom\u00edas del mundo. Esta crisis ha provocado una reducci\u00f3n en la producci\u00f3n, perdidas de empleo, deterioro del sector externo y expansi\u00f3n del gasto&#8230;<\/p>\n<div class=\"pvc_clear\"><\/div>\n<p class=\"pvc_stats all \" data-element-id=\"13907\" style=\"\"><i class=\"pvc-stats-icon medium\" aria-hidden=\"true\"><svg aria-hidden=\"true\" focusable=\"false\" data-prefix=\"far\" data-icon=\"chart-bar\" role=\"img\" xmlns=\"http:\/\/www.w3.org\/2000\/svg\" viewBox=\"0 0 512 512\" class=\"svg-inline--fa fa-chart-bar fa-w-16 fa-2x\"><path fill=\"currentColor\" d=\"M396.8 352h22.4c6.4 0 12.8-6.4 12.8-12.8V108.8c0-6.4-6.4-12.8-12.8-12.8h-22.4c-6.4 0-12.8 6.4-12.8 12.8v230.4c0 6.4 6.4 12.8 12.8 12.8zm-192 0h22.4c6.4 0 12.8-6.4 12.8-12.8V140.8c0-6.4-6.4-12.8-12.8-12.8h-22.4c-6.4 0-12.8 6.4-12.8 12.8v198.4c0 6.4 6.4 12.8 12.8 12.8zm96 0h22.4c6.4 0 12.8-6.4 12.8-12.8V204.8c0-6.4-6.4-12.8-12.8-12.8h-22.4c-6.4 0-12.8 6.4-12.8 12.8v134.4c0 6.4 6.4 12.8 12.8 12.8zM496 400H48V80c0-8.84-7.16-16-16-16H16C7.16 64 0 71.16 0 80v336c0 17.67 14.33 32 32 32h464c8.84 0 16-7.16 16-16v-16c0-8.84-7.16-16-16-16zm-387.2-48h22.4c6.4 0 12.8-6.4 12.8-12.8v-70.4c0-6.4-6.4-12.8-12.8-12.8h-22.4c-6.4 0-12.8 6.4-12.8 12.8v70.4c0 6.4 6.4 12.8 12.8 12.8z\" class=\"\"><\/path><\/svg><\/i> Vistas Totales&nbsp;1,272&nbsp;, Vistas Hoy&nbsp;2&nbsp;<\/p>\n<div class=\"pvc_clear\"><\/div>\n","protected":false},"author":2,"featured_media":13924,"comment_status":"closed","ping_status":"closed","sticky":false,"template":"","format":"standard","meta":{"footnotes":""},"categories":[22],"tags":[],"class_list":["post-13907","post","type-post","status-publish","format-standard","has-post-thumbnail","hentry","category-articulos"],"yoast_head":"<!-- This site is optimized with the Yoast SEO plugin v25.2 - https:\/\/yoast.com\/wordpress\/plugins\/seo\/ -->\n<title>Calidad institucional: elemento clave para la recuperaci\u00f3n de la econom\u00eda | CREES<\/title>\n<meta name=\"robots\" content=\"index, follow, max-snippet:-1, max-image-preview:large, max-video-preview:-1\" \/>\n<link rel=\"canonical\" href=\"https:\/\/crees.org.do\/?p=13907\" \/>\n<meta property=\"og:locale\" content=\"es_ES\" \/>\n<meta property=\"og:type\" content=\"article\" \/>\n<meta property=\"og:title\" content=\"Calidad institucional: elemento clave para la recuperaci\u00f3n de la econom\u00eda | CREES\" \/>\n<meta property=\"og:description\" content=\"Autor: Rolando Mart\u00ednez Ag\u00fcero Fecha: 10 de junio del 2021 &nbsp; La crisis de la pandemia de COVID-19 se ha convertido en el mayor reto que han tenido que enfrentar todas las econom\u00edas del mundo. Esta crisis ha provocado una reducci\u00f3n en la producci\u00f3n, perdidas de empleo, deterioro del sector externo y expansi\u00f3n del gasto...\" \/>\n<meta property=\"og:url\" content=\"https:\/\/crees.org.do\/?p=13907\" \/>\n<meta property=\"og:site_name\" content=\"CREES\" \/>\n<meta property=\"article:publisher\" content=\"https:\/\/www.facebook.com\/CREESRD\/\" \/>\n<meta property=\"article:published_time\" content=\"2021-06-09T22:59:20+00:00\" \/>\n<meta property=\"article:modified_time\" content=\"2021-06-10T17:05:35+00:00\" \/>\n<meta property=\"og:image\" content=\"https:\/\/crees.org.do\/wp-content\/uploads\/2021\/06\/project-2021-06-10_13-06_PM.jpg\" \/>\n\t<meta property=\"og:image:width\" content=\"1200\" \/>\n\t<meta property=\"og:image:height\" content=\"761\" \/>\n\t<meta property=\"og:image:type\" content=\"image\/jpeg\" \/>\n<meta name=\"author\" content=\"Crees\" \/>\n<meta name=\"twitter:card\" content=\"summary_large_image\" \/>\n<meta name=\"twitter:creator\" content=\"@CREESRD\" \/>\n<meta name=\"twitter:site\" content=\"@CREESRD\" \/>\n<meta name=\"twitter:label1\" content=\"Escrito por\" \/>\n\t<meta name=\"twitter:data1\" content=\"Crees\" \/>\n\t<meta name=\"twitter:label2\" content=\"Tiempo de lectura\" \/>\n\t<meta name=\"twitter:data2\" content=\"6 minutos\" \/>\n<script type=\"application\/ld+json\" class=\"yoast-schema-graph\">{\"@context\":\"https:\/\/schema.org\",\"@graph\":[{\"@type\":\"Article\",\"@id\":\"https:\/\/crees.org.do\/?p=13907#article\",\"isPartOf\":{\"@id\":\"https:\/\/crees.org.do\/?p=13907\"},\"author\":{\"name\":\"Crees\",\"@id\":\"https:\/\/crees.org.do\/#\/schema\/person\/e7f97cd94d7bf9cd0e0ce30acb7d56b8\"},\"headline\":\"Calidad institucional: elemento clave para la recuperaci\u00f3n de la econom\u00eda\",\"datePublished\":\"2021-06-09T22:59:20+00:00\",\"dateModified\":\"2021-06-10T17:05:35+00:00\",\"mainEntityOfPage\":{\"@id\":\"https:\/\/crees.org.do\/?p=13907\"},\"wordCount\":1157,\"publisher\":{\"@id\":\"https:\/\/crees.org.do\/#organization\"},\"image\":{\"@id\":\"https:\/\/crees.org.do\/?p=13907#primaryimage\"},\"thumbnailUrl\":\"https:\/\/crees.org.do\/wp-content\/uploads\/2021\/06\/project-2021-06-10_13-06_PM.jpg\",\"articleSection\":[\"Art\u00edculos\"],\"inLanguage\":\"es\"},{\"@type\":\"WebPage\",\"@id\":\"https:\/\/crees.org.do\/?p=13907\",\"url\":\"https:\/\/crees.org.do\/?p=13907\",\"name\":\"Calidad institucional: elemento clave para la recuperaci\u00f3n de la econom\u00eda | CREES\",\"isPartOf\":{\"@id\":\"https:\/\/crees.org.do\/#website\"},\"primaryImageOfPage\":{\"@id\":\"https:\/\/crees.org.do\/?p=13907#primaryimage\"},\"image\":{\"@id\":\"https:\/\/crees.org.do\/?p=13907#primaryimage\"},\"thumbnailUrl\":\"https:\/\/crees.org.do\/wp-content\/uploads\/2021\/06\/project-2021-06-10_13-06_PM.jpg\",\"datePublished\":\"2021-06-09T22:59:20+00:00\",\"dateModified\":\"2021-06-10T17:05:35+00:00\",\"breadcrumb\":{\"@id\":\"https:\/\/crees.org.do\/?p=13907#breadcrumb\"},\"inLanguage\":\"es\",\"potentialAction\":[{\"@type\":\"ReadAction\",\"target\":[\"https:\/\/crees.org.do\/?p=13907\"]}]},{\"@type\":\"ImageObject\",\"inLanguage\":\"es\",\"@id\":\"https:\/\/crees.org.do\/?p=13907#primaryimage\",\"url\":\"https:\/\/crees.org.do\/wp-content\/uploads\/2021\/06\/project-2021-06-10_13-06_PM.jpg\",\"contentUrl\":\"https:\/\/crees.org.do\/wp-content\/uploads\/2021\/06\/project-2021-06-10_13-06_PM.jpg\",\"width\":1200,\"height\":761},{\"@type\":\"BreadcrumbList\",\"@id\":\"https:\/\/crees.org.do\/?p=13907#breadcrumb\",\"itemListElement\":[{\"@type\":\"ListItem\",\"position\":1,\"name\":\"Portada\",\"item\":\"https:\/\/crees.org.do\/\"},{\"@type\":\"ListItem\",\"position\":2,\"name\":\"Calidad institucional: elemento clave para la recuperaci\u00f3n de la econom\u00eda\"}]},{\"@type\":\"WebSite\",\"@id\":\"https:\/\/crees.org.do\/#website\",\"url\":\"https:\/\/crees.org.do\/\",\"name\":\"CREES\",\"description\":\"Centro Regional de Estrategias Econ\u00f3micas Sostenibles\",\"publisher\":{\"@id\":\"https:\/\/crees.org.do\/#organization\"},\"potentialAction\":[{\"@type\":\"SearchAction\",\"target\":{\"@type\":\"EntryPoint\",\"urlTemplate\":\"https:\/\/crees.org.do\/?s={search_term_string}\"},\"query-input\":{\"@type\":\"PropertyValueSpecification\",\"valueRequired\":true,\"valueName\":\"search_term_string\"}}],\"inLanguage\":\"es\"},{\"@type\":\"Organization\",\"@id\":\"https:\/\/crees.org.do\/#organization\",\"name\":\"CREES | Centro Regional de Estrategias Econ\u00f3micas Sostenibles\",\"url\":\"https:\/\/crees.org.do\/\",\"logo\":{\"@type\":\"ImageObject\",\"inLanguage\":\"es\",\"@id\":\"https:\/\/crees.org.do\/#\/schema\/logo\/image\/\",\"url\":\"https:\/\/crees.org.do\/wp-content\/uploads\/2022\/03\/crees-logo-1.jpg\",\"contentUrl\":\"https:\/\/crees.org.do\/wp-content\/uploads\/2022\/03\/crees-logo-1.jpg\",\"width\":244,\"height\":71,\"caption\":\"CREES | Centro Regional de Estrategias Econ\u00f3micas Sostenibles\"},\"image\":{\"@id\":\"https:\/\/crees.org.do\/#\/schema\/logo\/image\/\"},\"sameAs\":[\"https:\/\/www.facebook.com\/CREESRD\/\",\"https:\/\/x.com\/CREESRD\"]},{\"@type\":\"Person\",\"@id\":\"https:\/\/crees.org.do\/#\/schema\/person\/e7f97cd94d7bf9cd0e0ce30acb7d56b8\",\"name\":\"Crees\",\"image\":{\"@type\":\"ImageObject\",\"inLanguage\":\"es\",\"@id\":\"https:\/\/crees.org.do\/#\/schema\/person\/image\/\",\"url\":\"https:\/\/secure.gravatar.com\/avatar\/390ac8f0be5d9aa046152553e2dd7011b59a512d89c150f5e5f28bb8d9a0b165?s=96&d=mm&r=g\",\"contentUrl\":\"https:\/\/secure.gravatar.com\/avatar\/390ac8f0be5d9aa046152553e2dd7011b59a512d89c150f5e5f28bb8d9a0b165?s=96&d=mm&r=g\",\"caption\":\"Crees\"},\"url\":\"https:\/\/crees.org.do\/?author=2\"}]}<\/script>\n<!-- \/ Yoast SEO plugin. -->","yoast_head_json":{"title":"Calidad institucional: elemento clave para la recuperaci\u00f3n de la econom\u00eda | CREES","robots":{"index":"index","follow":"follow","max-snippet":"max-snippet:-1","max-image-preview":"max-image-preview:large","max-video-preview":"max-video-preview:-1"},"canonical":"https:\/\/crees.org.do\/?p=13907","og_locale":"es_ES","og_type":"article","og_title":"Calidad institucional: elemento clave para la recuperaci\u00f3n de la econom\u00eda | CREES","og_description":"Autor: Rolando Mart\u00ednez Ag\u00fcero Fecha: 10 de junio del 2021 &nbsp; La crisis de la pandemia de COVID-19 se ha convertido en el mayor reto que han tenido que enfrentar todas las econom\u00edas del mundo. Esta crisis ha provocado una reducci\u00f3n en la producci\u00f3n, perdidas de empleo, deterioro del sector externo y expansi\u00f3n del gasto...","og_url":"https:\/\/crees.org.do\/?p=13907","og_site_name":"CREES","article_publisher":"https:\/\/www.facebook.com\/CREESRD\/","article_published_time":"2021-06-09T22:59:20+00:00","article_modified_time":"2021-06-10T17:05:35+00:00","og_image":[{"width":1200,"height":761,"url":"https:\/\/crees.org.do\/wp-content\/uploads\/2021\/06\/project-2021-06-10_13-06_PM.jpg","type":"image\/jpeg"}],"author":"Crees","twitter_card":"summary_large_image","twitter_creator":"@CREESRD","twitter_site":"@CREESRD","twitter_misc":{"Escrito por":"Crees","Tiempo de lectura":"6 minutos"},"schema":{"@context":"https:\/\/schema.org","@graph":[{"@type":"Article","@id":"https:\/\/crees.org.do\/?p=13907#article","isPartOf":{"@id":"https:\/\/crees.org.do\/?p=13907"},"author":{"name":"Crees","@id":"https:\/\/crees.org.do\/#\/schema\/person\/e7f97cd94d7bf9cd0e0ce30acb7d56b8"},"headline":"Calidad institucional: elemento clave para la recuperaci\u00f3n de la econom\u00eda","datePublished":"2021-06-09T22:59:20+00:00","dateModified":"2021-06-10T17:05:35+00:00","mainEntityOfPage":{"@id":"https:\/\/crees.org.do\/?p=13907"},"wordCount":1157,"publisher":{"@id":"https:\/\/crees.org.do\/#organization"},"image":{"@id":"https:\/\/crees.org.do\/?p=13907#primaryimage"},"thumbnailUrl":"https:\/\/crees.org.do\/wp-content\/uploads\/2021\/06\/project-2021-06-10_13-06_PM.jpg","articleSection":["Art\u00edculos"],"inLanguage":"es"},{"@type":"WebPage","@id":"https:\/\/crees.org.do\/?p=13907","url":"https:\/\/crees.org.do\/?p=13907","name":"Calidad institucional: elemento clave para la recuperaci\u00f3n de la econom\u00eda | CREES","isPartOf":{"@id":"https:\/\/crees.org.do\/#website"},"primaryImageOfPage":{"@id":"https:\/\/crees.org.do\/?p=13907#primaryimage"},"image":{"@id":"https:\/\/crees.org.do\/?p=13907#primaryimage"},"thumbnailUrl":"https:\/\/crees.org.do\/wp-content\/uploads\/2021\/06\/project-2021-06-10_13-06_PM.jpg","datePublished":"2021-06-09T22:59:20+00:00","dateModified":"2021-06-10T17:05:35+00:00","breadcrumb":{"@id":"https:\/\/crees.org.do\/?p=13907#breadcrumb"},"inLanguage":"es","potentialAction":[{"@type":"ReadAction","target":["https:\/\/crees.org.do\/?p=13907"]}]},{"@type":"ImageObject","inLanguage":"es","@id":"https:\/\/crees.org.do\/?p=13907#primaryimage","url":"https:\/\/crees.org.do\/wp-content\/uploads\/2021\/06\/project-2021-06-10_13-06_PM.jpg","contentUrl":"https:\/\/crees.org.do\/wp-content\/uploads\/2021\/06\/project-2021-06-10_13-06_PM.jpg","width":1200,"height":761},{"@type":"BreadcrumbList","@id":"https:\/\/crees.org.do\/?p=13907#breadcrumb","itemListElement":[{"@type":"ListItem","position":1,"name":"Portada","item":"https:\/\/crees.org.do\/"},{"@type":"ListItem","position":2,"name":"Calidad institucional: elemento clave para la recuperaci\u00f3n de la econom\u00eda"}]},{"@type":"WebSite","@id":"https:\/\/crees.org.do\/#website","url":"https:\/\/crees.org.do\/","name":"CREES","description":"Centro Regional de Estrategias Econ\u00f3micas Sostenibles","publisher":{"@id":"https:\/\/crees.org.do\/#organization"},"potentialAction":[{"@type":"SearchAction","target":{"@type":"EntryPoint","urlTemplate":"https:\/\/crees.org.do\/?s={search_term_string}"},"query-input":{"@type":"PropertyValueSpecification","valueRequired":true,"valueName":"search_term_string"}}],"inLanguage":"es"},{"@type":"Organization","@id":"https:\/\/crees.org.do\/#organization","name":"CREES | Centro Regional de Estrategias Econ\u00f3micas Sostenibles","url":"https:\/\/crees.org.do\/","logo":{"@type":"ImageObject","inLanguage":"es","@id":"https:\/\/crees.org.do\/#\/schema\/logo\/image\/","url":"https:\/\/crees.org.do\/wp-content\/uploads\/2022\/03\/crees-logo-1.jpg","contentUrl":"https:\/\/crees.org.do\/wp-content\/uploads\/2022\/03\/crees-logo-1.jpg","width":244,"height":71,"caption":"CREES | Centro Regional de Estrategias Econ\u00f3micas Sostenibles"},"image":{"@id":"https:\/\/crees.org.do\/#\/schema\/logo\/image\/"},"sameAs":["https:\/\/www.facebook.com\/CREESRD\/","https:\/\/x.com\/CREESRD"]},{"@type":"Person","@id":"https:\/\/crees.org.do\/#\/schema\/person\/e7f97cd94d7bf9cd0e0ce30acb7d56b8","name":"Crees","image":{"@type":"ImageObject","inLanguage":"es","@id":"https:\/\/crees.org.do\/#\/schema\/person\/image\/","url":"https:\/\/secure.gravatar.com\/avatar\/390ac8f0be5d9aa046152553e2dd7011b59a512d89c150f5e5f28bb8d9a0b165?s=96&d=mm&r=g","contentUrl":"https:\/\/secure.gravatar.com\/avatar\/390ac8f0be5d9aa046152553e2dd7011b59a512d89c150f5e5f28bb8d9a0b165?s=96&d=mm&r=g","caption":"Crees"},"url":"https:\/\/crees.org.do\/?author=2"}]}},"_links":{"self":[{"href":"https:\/\/crees.org.do\/index.php?rest_route=\/wp\/v2\/posts\/13907","targetHints":{"allow":["GET"]}}],"collection":[{"href":"https:\/\/crees.org.do\/index.php?rest_route=\/wp\/v2\/posts"}],"about":[{"href":"https:\/\/crees.org.do\/index.php?rest_route=\/wp\/v2\/types\/post"}],"author":[{"embeddable":true,"href":"https:\/\/crees.org.do\/index.php?rest_route=\/wp\/v2\/users\/2"}],"replies":[{"embeddable":true,"href":"https:\/\/crees.org.do\/index.php?rest_route=%2Fwp%2Fv2%2Fcomments&post=13907"}],"version-history":[{"count":1,"href":"https:\/\/crees.org.do\/index.php?rest_route=\/wp\/v2\/posts\/13907\/revisions"}],"predecessor-version":[{"id":13911,"href":"https:\/\/crees.org.do\/index.php?rest_route=\/wp\/v2\/posts\/13907\/revisions\/13911"}],"wp:featuredmedia":[{"embeddable":true,"href":"https:\/\/crees.org.do\/index.php?rest_route=\/wp\/v2\/media\/13924"}],"wp:attachment":[{"href":"https:\/\/crees.org.do\/index.php?rest_route=%2Fwp%2Fv2%2Fmedia&parent=13907"}],"wp:term":[{"taxonomy":"category","embeddable":true,"href":"https:\/\/crees.org.do\/index.php?rest_route=%2Fwp%2Fv2%2Fcategories&post=13907"},{"taxonomy":"post_tag","embeddable":true,"href":"https:\/\/crees.org.do\/index.php?rest_route=%2Fwp%2Fv2%2Ftags&post=13907"}],"curies":[{"name":"wp","href":"https:\/\/api.w.org\/{rel}","templated":true}]}}