{"id":13986,"date":"2021-06-16T16:42:21","date_gmt":"2021-06-16T16:42:21","guid":{"rendered":"https:\/\/crees.org.do\/?p=13986"},"modified":"2021-06-16T16:44:03","modified_gmt":"2021-06-16T16:44:03","slug":"en-comparacion-a-los-primeros-meses-de-pandemia-la-llegada-acumulada-de-pasajeros-extranjeros-se-ha-incrementado-en-mas-de-3-veces-su-valor","status":"publish","type":"post","link":"https:\/\/crees.org.do\/?p=13986","title":{"rendered":"En comparaci\u00f3n a los primeros meses de pandemia, la llegada acumulada de pasajeros extranjeros se ha incrementado en m\u00e1s de 3 veces su valor"},"content":{"rendered":"<p>Seg\u00fan los datos del Banco Central de la Rep\u00fablica Dominicana (BCRD), entre marzo y mayo de 2021 se han registrado unos 707,814 visitantes extranjeros, que en comparaci\u00f3n con los 226,740 del mismo periodo de 2020 equivalen a un incremento de 212.2%. Es decir que, en comparaci\u00f3n a los primeros meses de pandemia, la llegada acumulada de pasajeros extranjeros se ha incrementado en m\u00e1s de 3 veces su valor.<\/p>\n<p>En este mismo periodo la llegada acumulada de pasajeros no residentes, es decir, tanto extranjeros como dominicanos que ingresaron al pa\u00eds por los diferentes aeropuertos internacionales, fue de\u00a0 1,031,311. Esta cifra significa una aumento de\u00a0 760,651 visitantes con respecto al mismo periodo del a\u00f1o 2020.<\/p>\n<p>A pesar del incremento de turistas en comparaci\u00f3n a los primeros meses de la pandemia, la industria tur\u00edstica dominicana todav\u00eda est\u00e1 lejos de alcanzar los niveles previos. En el periodo enero-mayo de 2021, la llegada acumulada de pasajeros extranjeros no residentes fue de 964,596, que equivalen a una reducci\u00f3n de 18.9% con respecto al mismo periodo de 2020 y una reducci\u00f3n de 63.0% con respecto con respecto al 2019.<\/p>\n<div class=\"pvc_clear\"><\/div>\n<p class=\"pvc_stats all \" data-element-id=\"13986\" style=\"\"><i class=\"pvc-stats-icon medium\" aria-hidden=\"true\"><svg aria-hidden=\"true\" focusable=\"false\" data-prefix=\"far\" data-icon=\"chart-bar\" role=\"img\" xmlns=\"http:\/\/www.w3.org\/2000\/svg\" viewBox=\"0 0 512 512\" class=\"svg-inline--fa fa-chart-bar fa-w-16 fa-2x\"><path fill=\"currentColor\" d=\"M396.8 352h22.4c6.4 0 12.8-6.4 12.8-12.8V108.8c0-6.4-6.4-12.8-12.8-12.8h-22.4c-6.4 0-12.8 6.4-12.8 12.8v230.4c0 6.4 6.4 12.8 12.8 12.8zm-192 0h22.4c6.4 0 12.8-6.4 12.8-12.8V140.8c0-6.4-6.4-12.8-12.8-12.8h-22.4c-6.4 0-12.8 6.4-12.8 12.8v198.4c0 6.4 6.4 12.8 12.8 12.8zm96 0h22.4c6.4 0 12.8-6.4 12.8-12.8V204.8c0-6.4-6.4-12.8-12.8-12.8h-22.4c-6.4 0-12.8 6.4-12.8 12.8v134.4c0 6.4 6.4 12.8 12.8 12.8zM496 400H48V80c0-8.84-7.16-16-16-16H16C7.16 64 0 71.16 0 80v336c0 17.67 14.33 32 32 32h464c8.84 0 16-7.16 16-16v-16c0-8.84-7.16-16-16-16zm-387.2-48h22.4c6.4 0 12.8-6.4 12.8-12.8v-70.4c0-6.4-6.4-12.8-12.8-12.8h-22.4c-6.4 0-12.8 6.4-12.8 12.8v70.4c0 6.4 6.4 12.8 12.8 12.8z\" class=\"\"><\/path><\/svg><\/i> Vistas Totales&nbsp;1,187&nbsp;, Vistas Hoy&nbsp;4&nbsp;<\/p>\n<div class=\"pvc_clear\"><\/div>\n","protected":false},"excerpt":{"rendered":"<p>Seg\u00fan los datos del Banco Central de la Rep\u00fablica Dominicana (BCRD), entre marzo y mayo de 2021 se han registrado unos 707,814 visitantes extranjeros, que en comparaci\u00f3n con los 226,740 del mismo periodo de 2020 equivalen a un incremento de 212.2%. Es decir que, en comparaci\u00f3n a los primeros meses de pandemia, la llegada acumulada&#8230;<\/p>\n<div class=\"pvc_clear\"><\/div>\n<p class=\"pvc_stats all \" data-element-id=\"13986\" style=\"\"><i class=\"pvc-stats-icon medium\" aria-hidden=\"true\"><svg aria-hidden=\"true\" focusable=\"false\" data-prefix=\"far\" data-icon=\"chart-bar\" role=\"img\" xmlns=\"http:\/\/www.w3.org\/2000\/svg\" viewBox=\"0 0 512 512\" class=\"svg-inline--fa fa-chart-bar fa-w-16 fa-2x\"><path fill=\"currentColor\" d=\"M396.8 352h22.4c6.4 0 12.8-6.4 12.8-12.8V108.8c0-6.4-6.4-12.8-12.8-12.8h-22.4c-6.4 0-12.8 6.4-12.8 12.8v230.4c0 6.4 6.4 12.8 12.8 12.8zm-192 0h22.4c6.4 0 12.8-6.4 12.8-12.8V140.8c0-6.4-6.4-12.8-12.8-12.8h-22.4c-6.4 0-12.8 6.4-12.8 12.8v198.4c0 6.4 6.4 12.8 12.8 12.8zm96 0h22.4c6.4 0 12.8-6.4 12.8-12.8V204.8c0-6.4-6.4-12.8-12.8-12.8h-22.4c-6.4 0-12.8 6.4-12.8 12.8v134.4c0 6.4 6.4 12.8 12.8 12.8zM496 400H48V80c0-8.84-7.16-16-16-16H16C7.16 64 0 71.16 0 80v336c0 17.67 14.33 32 32 32h464c8.84 0 16-7.16 16-16v-16c0-8.84-7.16-16-16-16zm-387.2-48h22.4c6.4 0 12.8-6.4 12.8-12.8v-70.4c0-6.4-6.4-12.8-12.8-12.8h-22.4c-6.4 0-12.8 6.4-12.8 12.8v70.4c0 6.4 6.4 12.8 12.8 12.8z\" class=\"\"><\/path><\/svg><\/i> Vistas Totales&nbsp;1,187&nbsp;, Vistas Hoy&nbsp;4&nbsp;<\/p>\n<div class=\"pvc_clear\"><\/div>\n","protected":false},"author":2,"featured_media":13987,"comment_status":"closed","ping_status":"closed","sticky":false,"template":"","format":"standard","meta":{"footnotes":""},"categories":[21],"tags":[72,73,75],"class_list":["post-13986","post","type-post","status-publish","format-standard","has-post-thumbnail","hentry","category-blog","tag-pasajeros","tag-turismo","tag-turistas"],"yoast_head":"<!-- This site is optimized with the Yoast SEO plugin v25.2 - https:\/\/yoast.com\/wordpress\/plugins\/seo\/ -->\n<title>En comparaci\u00f3n a los primeros meses de pandemia, la llegada acumulada de pasajeros extranjeros se ha incrementado en m\u00e1s de 3 veces su valor | CREES<\/title>\n<meta name=\"robots\" content=\"index, follow, max-snippet:-1, max-image-preview:large, max-video-preview:-1\" \/>\n<link rel=\"canonical\" href=\"https:\/\/crees.org.do\/?p=13986\" \/>\n<meta property=\"og:locale\" content=\"es_ES\" \/>\n<meta property=\"og:type\" content=\"article\" \/>\n<meta property=\"og:title\" content=\"En comparaci\u00f3n a los primeros meses de pandemia, la llegada acumulada de pasajeros extranjeros se ha incrementado en m\u00e1s de 3 veces su valor | CREES\" \/>\n<meta property=\"og:description\" content=\"Seg\u00fan los datos del Banco Central de la Rep\u00fablica Dominicana (BCRD), entre marzo y mayo de 2021 se han registrado unos 707,814 visitantes extranjeros, que en comparaci\u00f3n con los 226,740 del mismo periodo de 2020 equivalen a un incremento de 212.2%. Es decir que, en comparaci\u00f3n a los primeros meses de pandemia, la llegada acumulada...\" \/>\n<meta property=\"og:url\" content=\"https:\/\/crees.org.do\/?p=13986\" \/>\n<meta property=\"og:site_name\" content=\"CREES\" \/>\n<meta property=\"article:publisher\" content=\"https:\/\/www.facebook.com\/CREESRD\/\" \/>\n<meta property=\"article:published_time\" content=\"2021-06-16T16:42:21+00:00\" \/>\n<meta property=\"article:modified_time\" content=\"2021-06-16T16:44:03+00:00\" \/>\n<meta property=\"og:image\" content=\"https:\/\/crees.org.do\/wp-content\/uploads\/2021\/06\/project-2021-06-16_12-06_PM.png\" \/>\n\t<meta property=\"og:image:width\" content=\"1080\" \/>\n\t<meta property=\"og:image:height\" content=\"1080\" \/>\n\t<meta property=\"og:image:type\" content=\"image\/png\" \/>\n<meta name=\"author\" content=\"Crees\" \/>\n<meta name=\"twitter:card\" content=\"summary_large_image\" \/>\n<meta name=\"twitter:creator\" content=\"@CREESRD\" \/>\n<meta name=\"twitter:site\" content=\"@CREESRD\" \/>\n<meta name=\"twitter:label1\" content=\"Escrito por\" \/>\n\t<meta name=\"twitter:data1\" content=\"Crees\" \/>\n\t<meta name=\"twitter:label2\" content=\"Tiempo de lectura\" \/>\n\t<meta name=\"twitter:data2\" content=\"1 minuto\" \/>\n<script type=\"application\/ld+json\" class=\"yoast-schema-graph\">{\"@context\":\"https:\/\/schema.org\",\"@graph\":[{\"@type\":\"Article\",\"@id\":\"https:\/\/crees.org.do\/?p=13986#article\",\"isPartOf\":{\"@id\":\"https:\/\/crees.org.do\/?p=13986\"},\"author\":{\"name\":\"Crees\",\"@id\":\"https:\/\/crees.org.do\/#\/schema\/person\/e7f97cd94d7bf9cd0e0ce30acb7d56b8\"},\"headline\":\"En comparaci\u00f3n a los primeros meses de pandemia, la llegada acumulada de pasajeros extranjeros se ha incrementado en m\u00e1s de 3 veces su valor\",\"datePublished\":\"2021-06-16T16:42:21+00:00\",\"dateModified\":\"2021-06-16T16:44:03+00:00\",\"mainEntityOfPage\":{\"@id\":\"https:\/\/crees.org.do\/?p=13986\"},\"wordCount\":204,\"publisher\":{\"@id\":\"https:\/\/crees.org.do\/#organization\"},\"image\":{\"@id\":\"https:\/\/crees.org.do\/?p=13986#primaryimage\"},\"thumbnailUrl\":\"https:\/\/crees.org.do\/wp-content\/uploads\/2021\/06\/project-2021-06-16_12-06_PM.png\",\"keywords\":[\"Pasajeros\",\"Turismo\",\"Turistas\"],\"articleSection\":[\"Blog\"],\"inLanguage\":\"es\"},{\"@type\":\"WebPage\",\"@id\":\"https:\/\/crees.org.do\/?p=13986\",\"url\":\"https:\/\/crees.org.do\/?p=13986\",\"name\":\"En comparaci\u00f3n a los primeros meses de pandemia, la llegada acumulada de pasajeros extranjeros se ha incrementado en m\u00e1s de 3 veces su valor | CREES\",\"isPartOf\":{\"@id\":\"https:\/\/crees.org.do\/#website\"},\"primaryImageOfPage\":{\"@id\":\"https:\/\/crees.org.do\/?p=13986#primaryimage\"},\"image\":{\"@id\":\"https:\/\/crees.org.do\/?p=13986#primaryimage\"},\"thumbnailUrl\":\"https:\/\/crees.org.do\/wp-content\/uploads\/2021\/06\/project-2021-06-16_12-06_PM.png\",\"datePublished\":\"2021-06-16T16:42:21+00:00\",\"dateModified\":\"2021-06-16T16:44:03+00:00\",\"breadcrumb\":{\"@id\":\"https:\/\/crees.org.do\/?p=13986#breadcrumb\"},\"inLanguage\":\"es\",\"potentialAction\":[{\"@type\":\"ReadAction\",\"target\":[\"https:\/\/crees.org.do\/?p=13986\"]}]},{\"@type\":\"ImageObject\",\"inLanguage\":\"es\",\"@id\":\"https:\/\/crees.org.do\/?p=13986#primaryimage\",\"url\":\"https:\/\/crees.org.do\/wp-content\/uploads\/2021\/06\/project-2021-06-16_12-06_PM.png\",\"contentUrl\":\"https:\/\/crees.org.do\/wp-content\/uploads\/2021\/06\/project-2021-06-16_12-06_PM.png\",\"width\":1080,\"height\":1080},{\"@type\":\"BreadcrumbList\",\"@id\":\"https:\/\/crees.org.do\/?p=13986#breadcrumb\",\"itemListElement\":[{\"@type\":\"ListItem\",\"position\":1,\"name\":\"Portada\",\"item\":\"https:\/\/crees.org.do\/\"},{\"@type\":\"ListItem\",\"position\":2,\"name\":\"En comparaci\u00f3n a los primeros meses de pandemia, la llegada acumulada de pasajeros extranjeros se ha incrementado en m\u00e1s de 3 veces su valor\"}]},{\"@type\":\"WebSite\",\"@id\":\"https:\/\/crees.org.do\/#website\",\"url\":\"https:\/\/crees.org.do\/\",\"name\":\"CREES\",\"description\":\"Centro Regional de Estrategias Econ\u00f3micas Sostenibles\",\"publisher\":{\"@id\":\"https:\/\/crees.org.do\/#organization\"},\"potentialAction\":[{\"@type\":\"SearchAction\",\"target\":{\"@type\":\"EntryPoint\",\"urlTemplate\":\"https:\/\/crees.org.do\/?s={search_term_string}\"},\"query-input\":{\"@type\":\"PropertyValueSpecification\",\"valueRequired\":true,\"valueName\":\"search_term_string\"}}],\"inLanguage\":\"es\"},{\"@type\":\"Organization\",\"@id\":\"https:\/\/crees.org.do\/#organization\",\"name\":\"CREES | Centro Regional de Estrategias Econ\u00f3micas Sostenibles\",\"url\":\"https:\/\/crees.org.do\/\",\"logo\":{\"@type\":\"ImageObject\",\"inLanguage\":\"es\",\"@id\":\"https:\/\/crees.org.do\/#\/schema\/logo\/image\/\",\"url\":\"https:\/\/crees.org.do\/wp-content\/uploads\/2022\/03\/crees-logo-1.jpg\",\"contentUrl\":\"https:\/\/crees.org.do\/wp-content\/uploads\/2022\/03\/crees-logo-1.jpg\",\"width\":244,\"height\":71,\"caption\":\"CREES | Centro Regional de Estrategias Econ\u00f3micas Sostenibles\"},\"image\":{\"@id\":\"https:\/\/crees.org.do\/#\/schema\/logo\/image\/\"},\"sameAs\":[\"https:\/\/www.facebook.com\/CREESRD\/\",\"https:\/\/x.com\/CREESRD\"]},{\"@type\":\"Person\",\"@id\":\"https:\/\/crees.org.do\/#\/schema\/person\/e7f97cd94d7bf9cd0e0ce30acb7d56b8\",\"name\":\"Crees\",\"image\":{\"@type\":\"ImageObject\",\"inLanguage\":\"es\",\"@id\":\"https:\/\/crees.org.do\/#\/schema\/person\/image\/\",\"url\":\"https:\/\/secure.gravatar.com\/avatar\/390ac8f0be5d9aa046152553e2dd7011b59a512d89c150f5e5f28bb8d9a0b165?s=96&d=mm&r=g\",\"contentUrl\":\"https:\/\/secure.gravatar.com\/avatar\/390ac8f0be5d9aa046152553e2dd7011b59a512d89c150f5e5f28bb8d9a0b165?s=96&d=mm&r=g\",\"caption\":\"Crees\"},\"url\":\"https:\/\/crees.org.do\/?author=2\"}]}<\/script>\n<!-- \/ Yoast SEO plugin. -->","yoast_head_json":{"title":"En comparaci\u00f3n a los primeros meses de pandemia, la llegada acumulada de pasajeros extranjeros se ha incrementado en m\u00e1s de 3 veces su valor | CREES","robots":{"index":"index","follow":"follow","max-snippet":"max-snippet:-1","max-image-preview":"max-image-preview:large","max-video-preview":"max-video-preview:-1"},"canonical":"https:\/\/crees.org.do\/?p=13986","og_locale":"es_ES","og_type":"article","og_title":"En comparaci\u00f3n a los primeros meses de pandemia, la llegada acumulada de pasajeros extranjeros se ha incrementado en m\u00e1s de 3 veces su valor | CREES","og_description":"Seg\u00fan los datos del Banco Central de la Rep\u00fablica Dominicana (BCRD), entre marzo y mayo de 2021 se han registrado unos 707,814 visitantes extranjeros, que en comparaci\u00f3n con los 226,740 del mismo periodo de 2020 equivalen a un incremento de 212.2%. Es decir que, en comparaci\u00f3n a los primeros meses de pandemia, la llegada acumulada...","og_url":"https:\/\/crees.org.do\/?p=13986","og_site_name":"CREES","article_publisher":"https:\/\/www.facebook.com\/CREESRD\/","article_published_time":"2021-06-16T16:42:21+00:00","article_modified_time":"2021-06-16T16:44:03+00:00","og_image":[{"width":1080,"height":1080,"url":"https:\/\/crees.org.do\/wp-content\/uploads\/2021\/06\/project-2021-06-16_12-06_PM.png","type":"image\/png"}],"author":"Crees","twitter_card":"summary_large_image","twitter_creator":"@CREESRD","twitter_site":"@CREESRD","twitter_misc":{"Escrito por":"Crees","Tiempo de lectura":"1 minuto"},"schema":{"@context":"https:\/\/schema.org","@graph":[{"@type":"Article","@id":"https:\/\/crees.org.do\/?p=13986#article","isPartOf":{"@id":"https:\/\/crees.org.do\/?p=13986"},"author":{"name":"Crees","@id":"https:\/\/crees.org.do\/#\/schema\/person\/e7f97cd94d7bf9cd0e0ce30acb7d56b8"},"headline":"En comparaci\u00f3n a los primeros meses de pandemia, la llegada acumulada de pasajeros extranjeros se ha incrementado en m\u00e1s de 3 veces su valor","datePublished":"2021-06-16T16:42:21+00:00","dateModified":"2021-06-16T16:44:03+00:00","mainEntityOfPage":{"@id":"https:\/\/crees.org.do\/?p=13986"},"wordCount":204,"publisher":{"@id":"https:\/\/crees.org.do\/#organization"},"image":{"@id":"https:\/\/crees.org.do\/?p=13986#primaryimage"},"thumbnailUrl":"https:\/\/crees.org.do\/wp-content\/uploads\/2021\/06\/project-2021-06-16_12-06_PM.png","keywords":["Pasajeros","Turismo","Turistas"],"articleSection":["Blog"],"inLanguage":"es"},{"@type":"WebPage","@id":"https:\/\/crees.org.do\/?p=13986","url":"https:\/\/crees.org.do\/?p=13986","name":"En comparaci\u00f3n a los primeros meses de pandemia, la llegada acumulada de pasajeros extranjeros se ha incrementado en m\u00e1s de 3 veces su valor | CREES","isPartOf":{"@id":"https:\/\/crees.org.do\/#website"},"primaryImageOfPage":{"@id":"https:\/\/crees.org.do\/?p=13986#primaryimage"},"image":{"@id":"https:\/\/crees.org.do\/?p=13986#primaryimage"},"thumbnailUrl":"https:\/\/crees.org.do\/wp-content\/uploads\/2021\/06\/project-2021-06-16_12-06_PM.png","datePublished":"2021-06-16T16:42:21+00:00","dateModified":"2021-06-16T16:44:03+00:00","breadcrumb":{"@id":"https:\/\/crees.org.do\/?p=13986#breadcrumb"},"inLanguage":"es","potentialAction":[{"@type":"ReadAction","target":["https:\/\/crees.org.do\/?p=13986"]}]},{"@type":"ImageObject","inLanguage":"es","@id":"https:\/\/crees.org.do\/?p=13986#primaryimage","url":"https:\/\/crees.org.do\/wp-content\/uploads\/2021\/06\/project-2021-06-16_12-06_PM.png","contentUrl":"https:\/\/crees.org.do\/wp-content\/uploads\/2021\/06\/project-2021-06-16_12-06_PM.png","width":1080,"height":1080},{"@type":"BreadcrumbList","@id":"https:\/\/crees.org.do\/?p=13986#breadcrumb","itemListElement":[{"@type":"ListItem","position":1,"name":"Portada","item":"https:\/\/crees.org.do\/"},{"@type":"ListItem","position":2,"name":"En comparaci\u00f3n a los primeros meses de pandemia, la llegada acumulada de pasajeros extranjeros se ha incrementado en m\u00e1s de 3 veces su valor"}]},{"@type":"WebSite","@id":"https:\/\/crees.org.do\/#website","url":"https:\/\/crees.org.do\/","name":"CREES","description":"Centro Regional de Estrategias Econ\u00f3micas Sostenibles","publisher":{"@id":"https:\/\/crees.org.do\/#organization"},"potentialAction":[{"@type":"SearchAction","target":{"@type":"EntryPoint","urlTemplate":"https:\/\/crees.org.do\/?s={search_term_string}"},"query-input":{"@type":"PropertyValueSpecification","valueRequired":true,"valueName":"search_term_string"}}],"inLanguage":"es"},{"@type":"Organization","@id":"https:\/\/crees.org.do\/#organization","name":"CREES | Centro Regional de Estrategias Econ\u00f3micas Sostenibles","url":"https:\/\/crees.org.do\/","logo":{"@type":"ImageObject","inLanguage":"es","@id":"https:\/\/crees.org.do\/#\/schema\/logo\/image\/","url":"https:\/\/crees.org.do\/wp-content\/uploads\/2022\/03\/crees-logo-1.jpg","contentUrl":"https:\/\/crees.org.do\/wp-content\/uploads\/2022\/03\/crees-logo-1.jpg","width":244,"height":71,"caption":"CREES | Centro Regional de Estrategias Econ\u00f3micas Sostenibles"},"image":{"@id":"https:\/\/crees.org.do\/#\/schema\/logo\/image\/"},"sameAs":["https:\/\/www.facebook.com\/CREESRD\/","https:\/\/x.com\/CREESRD"]},{"@type":"Person","@id":"https:\/\/crees.org.do\/#\/schema\/person\/e7f97cd94d7bf9cd0e0ce30acb7d56b8","name":"Crees","image":{"@type":"ImageObject","inLanguage":"es","@id":"https:\/\/crees.org.do\/#\/schema\/person\/image\/","url":"https:\/\/secure.gravatar.com\/avatar\/390ac8f0be5d9aa046152553e2dd7011b59a512d89c150f5e5f28bb8d9a0b165?s=96&d=mm&r=g","contentUrl":"https:\/\/secure.gravatar.com\/avatar\/390ac8f0be5d9aa046152553e2dd7011b59a512d89c150f5e5f28bb8d9a0b165?s=96&d=mm&r=g","caption":"Crees"},"url":"https:\/\/crees.org.do\/?author=2"}]}},"_links":{"self":[{"href":"https:\/\/crees.org.do\/index.php?rest_route=\/wp\/v2\/posts\/13986","targetHints":{"allow":["GET"]}}],"collection":[{"href":"https:\/\/crees.org.do\/index.php?rest_route=\/wp\/v2\/posts"}],"about":[{"href":"https:\/\/crees.org.do\/index.php?rest_route=\/wp\/v2\/types\/post"}],"author":[{"embeddable":true,"href":"https:\/\/crees.org.do\/index.php?rest_route=\/wp\/v2\/users\/2"}],"replies":[{"embeddable":true,"href":"https:\/\/crees.org.do\/index.php?rest_route=%2Fwp%2Fv2%2Fcomments&post=13986"}],"version-history":[{"count":1,"href":"https:\/\/crees.org.do\/index.php?rest_route=\/wp\/v2\/posts\/13986\/revisions"}],"predecessor-version":[{"id":13988,"href":"https:\/\/crees.org.do\/index.php?rest_route=\/wp\/v2\/posts\/13986\/revisions\/13988"}],"wp:featuredmedia":[{"embeddable":true,"href":"https:\/\/crees.org.do\/index.php?rest_route=\/wp\/v2\/media\/13987"}],"wp:attachment":[{"href":"https:\/\/crees.org.do\/index.php?rest_route=%2Fwp%2Fv2%2Fmedia&parent=13986"}],"wp:term":[{"taxonomy":"category","embeddable":true,"href":"https:\/\/crees.org.do\/index.php?rest_route=%2Fwp%2Fv2%2Fcategories&post=13986"},{"taxonomy":"post_tag","embeddable":true,"href":"https:\/\/crees.org.do\/index.php?rest_route=%2Fwp%2Fv2%2Ftags&post=13986"}],"curies":[{"name":"wp","href":"https:\/\/api.w.org\/{rel}","templated":true}]}}