{"id":14021,"date":"2021-06-25T15:16:09","date_gmt":"2021-06-25T15:16:09","guid":{"rendered":"https:\/\/crees.org.do\/?p=14021"},"modified":"2021-06-28T12:13:48","modified_gmt":"2021-06-28T12:13:48","slug":"de-acuerdo-con-los-datos-de-la-direccion-general-de-aduanas-las-exportaciones-de-zonas-francas-crecieron-en-34-7-en-mayo-de-2021","status":"publish","type":"post","link":"https:\/\/crees.org.do\/?p=14021","title":{"rendered":"De acuerdo con los datos de la Direcci\u00f3n General de Aduanas, las exportaciones de zonas francas  crecieron en 34.7%, en mayo de 2021"},"content":{"rendered":"<p>De acuerdo con los datos de la Direcci\u00f3n General de Aduanas (DGA), las exportaciones de las empresas de zonas francas en la Rep\u00fablica Dominicana crecieron en un 34.7% en el periodo enero-mayo del 2021; registrando US$730.7 millones m\u00e1s en comparaci\u00f3n con lo registrado en el mismo periodo del a\u00f1o 2020. De igual forma, con respecto al periodo enero-mayo del 2019, crecieron en un 16.4%; registrando unos US$399.2 millones m\u00e1s que el acumulado del mismo periodo antes de la pandemia.<\/p>\n<p>El aumento en las exportaciones de zonas francas puede estar explicado por el mayor crecimiento de la econom\u00eda mundial y la reactivaci\u00f3n de la actividad econ\u00f3mica con el levantamiento de las medidas de contenci\u00f3n vigentes en abril-mayo del a\u00f1o 2020. De igual forma el incremento en los precios internacionales tambi\u00e9n puede haber incidido en el monto de la exportaciones.<\/p>\n<p>A mayo de 2021 las exportaciones de zonas francas representan m\u00e1s de la mitad de las exportaciones de bienes del pa\u00eds y est\u00e1n compuestas por un 52.1% en bienes de consumo, un 32.2% en bienes de capital y el restante 15.7% en materias primas.<\/p>\n<div class=\"pvc_clear\"><\/div>\n<p class=\"pvc_stats all \" data-element-id=\"14021\" style=\"\"><i class=\"pvc-stats-icon medium\" aria-hidden=\"true\"><svg aria-hidden=\"true\" focusable=\"false\" data-prefix=\"far\" data-icon=\"chart-bar\" role=\"img\" xmlns=\"http:\/\/www.w3.org\/2000\/svg\" viewBox=\"0 0 512 512\" class=\"svg-inline--fa fa-chart-bar fa-w-16 fa-2x\"><path fill=\"currentColor\" d=\"M396.8 352h22.4c6.4 0 12.8-6.4 12.8-12.8V108.8c0-6.4-6.4-12.8-12.8-12.8h-22.4c-6.4 0-12.8 6.4-12.8 12.8v230.4c0 6.4 6.4 12.8 12.8 12.8zm-192 0h22.4c6.4 0 12.8-6.4 12.8-12.8V140.8c0-6.4-6.4-12.8-12.8-12.8h-22.4c-6.4 0-12.8 6.4-12.8 12.8v198.4c0 6.4 6.4 12.8 12.8 12.8zm96 0h22.4c6.4 0 12.8-6.4 12.8-12.8V204.8c0-6.4-6.4-12.8-12.8-12.8h-22.4c-6.4 0-12.8 6.4-12.8 12.8v134.4c0 6.4 6.4 12.8 12.8 12.8zM496 400H48V80c0-8.84-7.16-16-16-16H16C7.16 64 0 71.16 0 80v336c0 17.67 14.33 32 32 32h464c8.84 0 16-7.16 16-16v-16c0-8.84-7.16-16-16-16zm-387.2-48h22.4c6.4 0 12.8-6.4 12.8-12.8v-70.4c0-6.4-6.4-12.8-12.8-12.8h-22.4c-6.4 0-12.8 6.4-12.8 12.8v70.4c0 6.4 6.4 12.8 12.8 12.8z\" class=\"\"><\/path><\/svg><\/i> Vistas Totales&nbsp;1,047&nbsp;, Vistas Hoy&nbsp;4&nbsp;<\/p>\n<div class=\"pvc_clear\"><\/div>\n","protected":false},"excerpt":{"rendered":"<p>De acuerdo con los datos de la Direcci\u00f3n General de Aduanas (DGA), las exportaciones de las empresas de zonas francas en la Rep\u00fablica Dominicana crecieron en un 34.7% en el periodo enero-mayo del 2021; registrando US$730.7 millones m\u00e1s en comparaci\u00f3n con lo registrado en el mismo periodo del a\u00f1o 2020. De igual forma, con respecto&#8230;<\/p>\n<div class=\"pvc_clear\"><\/div>\n<p class=\"pvc_stats all \" data-element-id=\"14021\" style=\"\"><i class=\"pvc-stats-icon medium\" aria-hidden=\"true\"><svg aria-hidden=\"true\" focusable=\"false\" data-prefix=\"far\" data-icon=\"chart-bar\" role=\"img\" xmlns=\"http:\/\/www.w3.org\/2000\/svg\" viewBox=\"0 0 512 512\" class=\"svg-inline--fa fa-chart-bar fa-w-16 fa-2x\"><path fill=\"currentColor\" d=\"M396.8 352h22.4c6.4 0 12.8-6.4 12.8-12.8V108.8c0-6.4-6.4-12.8-12.8-12.8h-22.4c-6.4 0-12.8 6.4-12.8 12.8v230.4c0 6.4 6.4 12.8 12.8 12.8zm-192 0h22.4c6.4 0 12.8-6.4 12.8-12.8V140.8c0-6.4-6.4-12.8-12.8-12.8h-22.4c-6.4 0-12.8 6.4-12.8 12.8v198.4c0 6.4 6.4 12.8 12.8 12.8zm96 0h22.4c6.4 0 12.8-6.4 12.8-12.8V204.8c0-6.4-6.4-12.8-12.8-12.8h-22.4c-6.4 0-12.8 6.4-12.8 12.8v134.4c0 6.4 6.4 12.8 12.8 12.8zM496 400H48V80c0-8.84-7.16-16-16-16H16C7.16 64 0 71.16 0 80v336c0 17.67 14.33 32 32 32h464c8.84 0 16-7.16 16-16v-16c0-8.84-7.16-16-16-16zm-387.2-48h22.4c6.4 0 12.8-6.4 12.8-12.8v-70.4c0-6.4-6.4-12.8-12.8-12.8h-22.4c-6.4 0-12.8 6.4-12.8 12.8v70.4c0 6.4 6.4 12.8 12.8 12.8z\" class=\"\"><\/path><\/svg><\/i> Vistas Totales&nbsp;1,047&nbsp;, Vistas Hoy&nbsp;4&nbsp;<\/p>\n<div class=\"pvc_clear\"><\/div>\n","protected":false},"author":2,"featured_media":14022,"comment_status":"closed","ping_status":"closed","sticky":false,"template":"","format":"standard","meta":{"footnotes":""},"categories":[21],"tags":[93,94],"class_list":["post-14021","post","type-post","status-publish","format-standard","has-post-thumbnail","hentry","category-blog","tag-exportaciones","tag-zonas-francas"],"yoast_head":"<!-- This site is optimized with the Yoast SEO plugin v25.2 - https:\/\/yoast.com\/wordpress\/plugins\/seo\/ -->\n<title>De acuerdo con los datos de la Direcci\u00f3n General de Aduanas, las exportaciones de zonas francas crecieron en 34.7%, en mayo de 2021 | CREES<\/title>\n<meta name=\"robots\" content=\"index, follow, max-snippet:-1, max-image-preview:large, max-video-preview:-1\" \/>\n<link rel=\"canonical\" href=\"https:\/\/crees.org.do\/?p=14021\" \/>\n<meta property=\"og:locale\" content=\"es_ES\" \/>\n<meta property=\"og:type\" content=\"article\" \/>\n<meta property=\"og:title\" content=\"De acuerdo con los datos de la Direcci\u00f3n General de Aduanas, las exportaciones de zonas francas crecieron en 34.7%, en mayo de 2021 | CREES\" \/>\n<meta property=\"og:description\" content=\"De acuerdo con los datos de la Direcci\u00f3n General de Aduanas (DGA), las exportaciones de las empresas de zonas francas en la Rep\u00fablica Dominicana crecieron en un 34.7% en el periodo enero-mayo del 2021; registrando US$730.7 millones m\u00e1s en comparaci\u00f3n con lo registrado en el mismo periodo del a\u00f1o 2020. De igual forma, con respecto...\" \/>\n<meta property=\"og:url\" content=\"https:\/\/crees.org.do\/?p=14021\" \/>\n<meta property=\"og:site_name\" content=\"CREES\" \/>\n<meta property=\"article:publisher\" content=\"https:\/\/www.facebook.com\/CREESRD\/\" \/>\n<meta property=\"article:published_time\" content=\"2021-06-25T15:16:09+00:00\" \/>\n<meta property=\"article:modified_time\" content=\"2021-06-28T12:13:48+00:00\" \/>\n<meta property=\"og:image\" content=\"https:\/\/crees.org.do\/wp-content\/uploads\/2021\/06\/project-2021-06-25_09-06_AM.png\" \/>\n\t<meta property=\"og:image:width\" content=\"1080\" \/>\n\t<meta property=\"og:image:height\" content=\"1080\" \/>\n\t<meta property=\"og:image:type\" content=\"image\/png\" \/>\n<meta name=\"author\" content=\"Crees\" \/>\n<meta name=\"twitter:card\" content=\"summary_large_image\" \/>\n<meta name=\"twitter:creator\" content=\"@CREESRD\" \/>\n<meta name=\"twitter:site\" content=\"@CREESRD\" \/>\n<meta name=\"twitter:label1\" content=\"Escrito por\" \/>\n\t<meta name=\"twitter:data1\" content=\"Crees\" \/>\n\t<meta name=\"twitter:label2\" content=\"Tiempo de lectura\" \/>\n\t<meta name=\"twitter:data2\" content=\"1 minuto\" \/>\n<script type=\"application\/ld+json\" class=\"yoast-schema-graph\">{\"@context\":\"https:\/\/schema.org\",\"@graph\":[{\"@type\":\"Article\",\"@id\":\"https:\/\/crees.org.do\/?p=14021#article\",\"isPartOf\":{\"@id\":\"https:\/\/crees.org.do\/?p=14021\"},\"author\":{\"name\":\"Crees\",\"@id\":\"https:\/\/crees.org.do\/#\/schema\/person\/e7f97cd94d7bf9cd0e0ce30acb7d56b8\"},\"headline\":\"De acuerdo con los datos de la Direcci\u00f3n General de Aduanas, las exportaciones de zonas francas crecieron en 34.7%, en mayo de 2021\",\"datePublished\":\"2021-06-25T15:16:09+00:00\",\"dateModified\":\"2021-06-28T12:13:48+00:00\",\"mainEntityOfPage\":{\"@id\":\"https:\/\/crees.org.do\/?p=14021\"},\"wordCount\":209,\"publisher\":{\"@id\":\"https:\/\/crees.org.do\/#organization\"},\"image\":{\"@id\":\"https:\/\/crees.org.do\/?p=14021#primaryimage\"},\"thumbnailUrl\":\"https:\/\/crees.org.do\/wp-content\/uploads\/2021\/06\/project-2021-06-25_09-06_AM.png\",\"keywords\":[\"Exportaciones\",\"Zonas francas\"],\"articleSection\":[\"Blog\"],\"inLanguage\":\"es\"},{\"@type\":\"WebPage\",\"@id\":\"https:\/\/crees.org.do\/?p=14021\",\"url\":\"https:\/\/crees.org.do\/?p=14021\",\"name\":\"De acuerdo con los datos de la Direcci\u00f3n General de Aduanas, las exportaciones de zonas francas crecieron en 34.7%, en mayo de 2021 | CREES\",\"isPartOf\":{\"@id\":\"https:\/\/crees.org.do\/#website\"},\"primaryImageOfPage\":{\"@id\":\"https:\/\/crees.org.do\/?p=14021#primaryimage\"},\"image\":{\"@id\":\"https:\/\/crees.org.do\/?p=14021#primaryimage\"},\"thumbnailUrl\":\"https:\/\/crees.org.do\/wp-content\/uploads\/2021\/06\/project-2021-06-25_09-06_AM.png\",\"datePublished\":\"2021-06-25T15:16:09+00:00\",\"dateModified\":\"2021-06-28T12:13:48+00:00\",\"breadcrumb\":{\"@id\":\"https:\/\/crees.org.do\/?p=14021#breadcrumb\"},\"inLanguage\":\"es\",\"potentialAction\":[{\"@type\":\"ReadAction\",\"target\":[\"https:\/\/crees.org.do\/?p=14021\"]}]},{\"@type\":\"ImageObject\",\"inLanguage\":\"es\",\"@id\":\"https:\/\/crees.org.do\/?p=14021#primaryimage\",\"url\":\"https:\/\/crees.org.do\/wp-content\/uploads\/2021\/06\/project-2021-06-25_09-06_AM.png\",\"contentUrl\":\"https:\/\/crees.org.do\/wp-content\/uploads\/2021\/06\/project-2021-06-25_09-06_AM.png\",\"width\":1080,\"height\":1080},{\"@type\":\"BreadcrumbList\",\"@id\":\"https:\/\/crees.org.do\/?p=14021#breadcrumb\",\"itemListElement\":[{\"@type\":\"ListItem\",\"position\":1,\"name\":\"Portada\",\"item\":\"https:\/\/crees.org.do\/\"},{\"@type\":\"ListItem\",\"position\":2,\"name\":\"De acuerdo con los datos de la Direcci\u00f3n General de Aduanas, las exportaciones de zonas francas crecieron en 34.7%, en mayo de 2021\"}]},{\"@type\":\"WebSite\",\"@id\":\"https:\/\/crees.org.do\/#website\",\"url\":\"https:\/\/crees.org.do\/\",\"name\":\"CREES\",\"description\":\"Centro Regional de Estrategias Econ\u00f3micas Sostenibles\",\"publisher\":{\"@id\":\"https:\/\/crees.org.do\/#organization\"},\"potentialAction\":[{\"@type\":\"SearchAction\",\"target\":{\"@type\":\"EntryPoint\",\"urlTemplate\":\"https:\/\/crees.org.do\/?s={search_term_string}\"},\"query-input\":{\"@type\":\"PropertyValueSpecification\",\"valueRequired\":true,\"valueName\":\"search_term_string\"}}],\"inLanguage\":\"es\"},{\"@type\":\"Organization\",\"@id\":\"https:\/\/crees.org.do\/#organization\",\"name\":\"CREES | Centro Regional de Estrategias Econ\u00f3micas Sostenibles\",\"url\":\"https:\/\/crees.org.do\/\",\"logo\":{\"@type\":\"ImageObject\",\"inLanguage\":\"es\",\"@id\":\"https:\/\/crees.org.do\/#\/schema\/logo\/image\/\",\"url\":\"https:\/\/crees.org.do\/wp-content\/uploads\/2022\/03\/crees-logo-1.jpg\",\"contentUrl\":\"https:\/\/crees.org.do\/wp-content\/uploads\/2022\/03\/crees-logo-1.jpg\",\"width\":244,\"height\":71,\"caption\":\"CREES | Centro Regional de Estrategias Econ\u00f3micas Sostenibles\"},\"image\":{\"@id\":\"https:\/\/crees.org.do\/#\/schema\/logo\/image\/\"},\"sameAs\":[\"https:\/\/www.facebook.com\/CREESRD\/\",\"https:\/\/x.com\/CREESRD\"]},{\"@type\":\"Person\",\"@id\":\"https:\/\/crees.org.do\/#\/schema\/person\/e7f97cd94d7bf9cd0e0ce30acb7d56b8\",\"name\":\"Crees\",\"image\":{\"@type\":\"ImageObject\",\"inLanguage\":\"es\",\"@id\":\"https:\/\/crees.org.do\/#\/schema\/person\/image\/\",\"url\":\"https:\/\/secure.gravatar.com\/avatar\/390ac8f0be5d9aa046152553e2dd7011b59a512d89c150f5e5f28bb8d9a0b165?s=96&d=mm&r=g\",\"contentUrl\":\"https:\/\/secure.gravatar.com\/avatar\/390ac8f0be5d9aa046152553e2dd7011b59a512d89c150f5e5f28bb8d9a0b165?s=96&d=mm&r=g\",\"caption\":\"Crees\"},\"url\":\"https:\/\/crees.org.do\/?author=2\"}]}<\/script>\n<!-- \/ Yoast SEO plugin. -->","yoast_head_json":{"title":"De acuerdo con los datos de la Direcci\u00f3n General de Aduanas, las exportaciones de zonas francas crecieron en 34.7%, en mayo de 2021 | CREES","robots":{"index":"index","follow":"follow","max-snippet":"max-snippet:-1","max-image-preview":"max-image-preview:large","max-video-preview":"max-video-preview:-1"},"canonical":"https:\/\/crees.org.do\/?p=14021","og_locale":"es_ES","og_type":"article","og_title":"De acuerdo con los datos de la Direcci\u00f3n General de Aduanas, las exportaciones de zonas francas crecieron en 34.7%, en mayo de 2021 | CREES","og_description":"De acuerdo con los datos de la Direcci\u00f3n General de Aduanas (DGA), las exportaciones de las empresas de zonas francas en la Rep\u00fablica Dominicana crecieron en un 34.7% en el periodo enero-mayo del 2021; registrando US$730.7 millones m\u00e1s en comparaci\u00f3n con lo registrado en el mismo periodo del a\u00f1o 2020. De igual forma, con respecto...","og_url":"https:\/\/crees.org.do\/?p=14021","og_site_name":"CREES","article_publisher":"https:\/\/www.facebook.com\/CREESRD\/","article_published_time":"2021-06-25T15:16:09+00:00","article_modified_time":"2021-06-28T12:13:48+00:00","og_image":[{"width":1080,"height":1080,"url":"https:\/\/crees.org.do\/wp-content\/uploads\/2021\/06\/project-2021-06-25_09-06_AM.png","type":"image\/png"}],"author":"Crees","twitter_card":"summary_large_image","twitter_creator":"@CREESRD","twitter_site":"@CREESRD","twitter_misc":{"Escrito por":"Crees","Tiempo de lectura":"1 minuto"},"schema":{"@context":"https:\/\/schema.org","@graph":[{"@type":"Article","@id":"https:\/\/crees.org.do\/?p=14021#article","isPartOf":{"@id":"https:\/\/crees.org.do\/?p=14021"},"author":{"name":"Crees","@id":"https:\/\/crees.org.do\/#\/schema\/person\/e7f97cd94d7bf9cd0e0ce30acb7d56b8"},"headline":"De acuerdo con los datos de la Direcci\u00f3n General de Aduanas, las exportaciones de zonas francas crecieron en 34.7%, en mayo de 2021","datePublished":"2021-06-25T15:16:09+00:00","dateModified":"2021-06-28T12:13:48+00:00","mainEntityOfPage":{"@id":"https:\/\/crees.org.do\/?p=14021"},"wordCount":209,"publisher":{"@id":"https:\/\/crees.org.do\/#organization"},"image":{"@id":"https:\/\/crees.org.do\/?p=14021#primaryimage"},"thumbnailUrl":"https:\/\/crees.org.do\/wp-content\/uploads\/2021\/06\/project-2021-06-25_09-06_AM.png","keywords":["Exportaciones","Zonas francas"],"articleSection":["Blog"],"inLanguage":"es"},{"@type":"WebPage","@id":"https:\/\/crees.org.do\/?p=14021","url":"https:\/\/crees.org.do\/?p=14021","name":"De acuerdo con los datos de la Direcci\u00f3n General de Aduanas, las exportaciones de zonas francas crecieron en 34.7%, en mayo de 2021 | CREES","isPartOf":{"@id":"https:\/\/crees.org.do\/#website"},"primaryImageOfPage":{"@id":"https:\/\/crees.org.do\/?p=14021#primaryimage"},"image":{"@id":"https:\/\/crees.org.do\/?p=14021#primaryimage"},"thumbnailUrl":"https:\/\/crees.org.do\/wp-content\/uploads\/2021\/06\/project-2021-06-25_09-06_AM.png","datePublished":"2021-06-25T15:16:09+00:00","dateModified":"2021-06-28T12:13:48+00:00","breadcrumb":{"@id":"https:\/\/crees.org.do\/?p=14021#breadcrumb"},"inLanguage":"es","potentialAction":[{"@type":"ReadAction","target":["https:\/\/crees.org.do\/?p=14021"]}]},{"@type":"ImageObject","inLanguage":"es","@id":"https:\/\/crees.org.do\/?p=14021#primaryimage","url":"https:\/\/crees.org.do\/wp-content\/uploads\/2021\/06\/project-2021-06-25_09-06_AM.png","contentUrl":"https:\/\/crees.org.do\/wp-content\/uploads\/2021\/06\/project-2021-06-25_09-06_AM.png","width":1080,"height":1080},{"@type":"BreadcrumbList","@id":"https:\/\/crees.org.do\/?p=14021#breadcrumb","itemListElement":[{"@type":"ListItem","position":1,"name":"Portada","item":"https:\/\/crees.org.do\/"},{"@type":"ListItem","position":2,"name":"De acuerdo con los datos de la Direcci\u00f3n General de Aduanas, las exportaciones de zonas francas crecieron en 34.7%, en mayo de 2021"}]},{"@type":"WebSite","@id":"https:\/\/crees.org.do\/#website","url":"https:\/\/crees.org.do\/","name":"CREES","description":"Centro Regional de Estrategias Econ\u00f3micas Sostenibles","publisher":{"@id":"https:\/\/crees.org.do\/#organization"},"potentialAction":[{"@type":"SearchAction","target":{"@type":"EntryPoint","urlTemplate":"https:\/\/crees.org.do\/?s={search_term_string}"},"query-input":{"@type":"PropertyValueSpecification","valueRequired":true,"valueName":"search_term_string"}}],"inLanguage":"es"},{"@type":"Organization","@id":"https:\/\/crees.org.do\/#organization","name":"CREES | Centro Regional de Estrategias Econ\u00f3micas Sostenibles","url":"https:\/\/crees.org.do\/","logo":{"@type":"ImageObject","inLanguage":"es","@id":"https:\/\/crees.org.do\/#\/schema\/logo\/image\/","url":"https:\/\/crees.org.do\/wp-content\/uploads\/2022\/03\/crees-logo-1.jpg","contentUrl":"https:\/\/crees.org.do\/wp-content\/uploads\/2022\/03\/crees-logo-1.jpg","width":244,"height":71,"caption":"CREES | Centro Regional de Estrategias Econ\u00f3micas Sostenibles"},"image":{"@id":"https:\/\/crees.org.do\/#\/schema\/logo\/image\/"},"sameAs":["https:\/\/www.facebook.com\/CREESRD\/","https:\/\/x.com\/CREESRD"]},{"@type":"Person","@id":"https:\/\/crees.org.do\/#\/schema\/person\/e7f97cd94d7bf9cd0e0ce30acb7d56b8","name":"Crees","image":{"@type":"ImageObject","inLanguage":"es","@id":"https:\/\/crees.org.do\/#\/schema\/person\/image\/","url":"https:\/\/secure.gravatar.com\/avatar\/390ac8f0be5d9aa046152553e2dd7011b59a512d89c150f5e5f28bb8d9a0b165?s=96&d=mm&r=g","contentUrl":"https:\/\/secure.gravatar.com\/avatar\/390ac8f0be5d9aa046152553e2dd7011b59a512d89c150f5e5f28bb8d9a0b165?s=96&d=mm&r=g","caption":"Crees"},"url":"https:\/\/crees.org.do\/?author=2"}]}},"_links":{"self":[{"href":"https:\/\/crees.org.do\/index.php?rest_route=\/wp\/v2\/posts\/14021","targetHints":{"allow":["GET"]}}],"collection":[{"href":"https:\/\/crees.org.do\/index.php?rest_route=\/wp\/v2\/posts"}],"about":[{"href":"https:\/\/crees.org.do\/index.php?rest_route=\/wp\/v2\/types\/post"}],"author":[{"embeddable":true,"href":"https:\/\/crees.org.do\/index.php?rest_route=\/wp\/v2\/users\/2"}],"replies":[{"embeddable":true,"href":"https:\/\/crees.org.do\/index.php?rest_route=%2Fwp%2Fv2%2Fcomments&post=14021"}],"version-history":[{"count":2,"href":"https:\/\/crees.org.do\/index.php?rest_route=\/wp\/v2\/posts\/14021\/revisions"}],"predecessor-version":[{"id":14024,"href":"https:\/\/crees.org.do\/index.php?rest_route=\/wp\/v2\/posts\/14021\/revisions\/14024"}],"wp:featuredmedia":[{"embeddable":true,"href":"https:\/\/crees.org.do\/index.php?rest_route=\/wp\/v2\/media\/14022"}],"wp:attachment":[{"href":"https:\/\/crees.org.do\/index.php?rest_route=%2Fwp%2Fv2%2Fmedia&parent=14021"}],"wp:term":[{"taxonomy":"category","embeddable":true,"href":"https:\/\/crees.org.do\/index.php?rest_route=%2Fwp%2Fv2%2Fcategories&post=14021"},{"taxonomy":"post_tag","embeddable":true,"href":"https:\/\/crees.org.do\/index.php?rest_route=%2Fwp%2Fv2%2Ftags&post=14021"}],"curies":[{"name":"wp","href":"https:\/\/api.w.org\/{rel}","templated":true}]}}