{"id":17538,"date":"2021-07-20T16:28:38","date_gmt":"2021-07-20T16:28:38","guid":{"rendered":"https:\/\/crees.org.do\/?p=17538"},"modified":"2021-07-20T16:28:38","modified_gmt":"2021-07-20T16:28:38","slug":"republica-dominicana-es-el-tercer-pais-de-america-latina-con-mayor-incremento-en-sus-precios-a-junio-de-2021","status":"publish","type":"post","link":"https:\/\/crees.org.do\/?p=17538","title":{"rendered":"Rep\u00fablica Dominicana es el tercer* pa\u00eds de Am\u00e9rica Latina con mayor incremento en sus precios, a junio de 2021"},"content":{"rendered":"<p>En junio de 2021, la inflaci\u00f3n interanual, es decir, la variaci\u00f3n del \u00cdndice del Precios al Consumidor (IPC) con respecto a junio de 2020 en Rep\u00fablica Dominicana fue de 9.3%, ubic\u00e1ndose como el tercer pa\u00eds en la regi\u00f3n con mayor incremento es sus precios; superada solo por Argentina (50.2%) y, aunque no se incluye en la gr\u00e1fica, Venezuela (2,615.5%).<\/p>\n<p>Bolivia y Panam\u00e1 fueron los pa\u00eds con menor incrementos en sus precios, con un 0.2% y 1.6%, respectivamente; mientas que Ecuador fue el \u00fanico pa\u00eds con una variaci\u00f3n negativa de -0.7%.<\/p>\n<p>La inflaci\u00f3n es un fen\u00f3meno de origen monetario, y como tal refleja los aumentos en los agregados monetarios. Como se ha mencionado anteriormente, como resultado las pol\u00edticas de est\u00edmulos artificiales adoptadas por los estados del mundo para hacerle frente a la pandemia de COVID-19, diferentes econom\u00edas, de pa\u00edses desarrollados como emergentes, est\u00e1n evidenciando mayores incrementos en sus precios que los que se produc\u00edan antes de la pandemia.<\/p>\n<div class=\"pvc_clear\"><\/div>\n<p class=\"pvc_stats all \" data-element-id=\"17538\" style=\"\"><i class=\"pvc-stats-icon medium\" aria-hidden=\"true\"><svg aria-hidden=\"true\" focusable=\"false\" data-prefix=\"far\" data-icon=\"chart-bar\" role=\"img\" xmlns=\"http:\/\/www.w3.org\/2000\/svg\" viewBox=\"0 0 512 512\" class=\"svg-inline--fa fa-chart-bar fa-w-16 fa-2x\"><path fill=\"currentColor\" d=\"M396.8 352h22.4c6.4 0 12.8-6.4 12.8-12.8V108.8c0-6.4-6.4-12.8-12.8-12.8h-22.4c-6.4 0-12.8 6.4-12.8 12.8v230.4c0 6.4 6.4 12.8 12.8 12.8zm-192 0h22.4c6.4 0 12.8-6.4 12.8-12.8V140.8c0-6.4-6.4-12.8-12.8-12.8h-22.4c-6.4 0-12.8 6.4-12.8 12.8v198.4c0 6.4 6.4 12.8 12.8 12.8zm96 0h22.4c6.4 0 12.8-6.4 12.8-12.8V204.8c0-6.4-6.4-12.8-12.8-12.8h-22.4c-6.4 0-12.8 6.4-12.8 12.8v134.4c0 6.4 6.4 12.8 12.8 12.8zM496 400H48V80c0-8.84-7.16-16-16-16H16C7.16 64 0 71.16 0 80v336c0 17.67 14.33 32 32 32h464c8.84 0 16-7.16 16-16v-16c0-8.84-7.16-16-16-16zm-387.2-48h22.4c6.4 0 12.8-6.4 12.8-12.8v-70.4c0-6.4-6.4-12.8-12.8-12.8h-22.4c-6.4 0-12.8 6.4-12.8 12.8v70.4c0 6.4 6.4 12.8 12.8 12.8z\" class=\"\"><\/path><\/svg><\/i> Vistas Totales&nbsp;1,707&nbsp;, Vistas Hoy&nbsp;2&nbsp;<\/p>\n<div class=\"pvc_clear\"><\/div>\n","protected":false},"excerpt":{"rendered":"<p>En junio de 2021, la inflaci\u00f3n interanual, es decir, la variaci\u00f3n del \u00cdndice del Precios al Consumidor (IPC) con respecto a junio de 2020 en Rep\u00fablica Dominicana fue de 9.3%, ubic\u00e1ndose como el tercer pa\u00eds en la regi\u00f3n con mayor incremento es sus precios; superada solo por Argentina (50.2%) y, aunque no se incluye en&#8230;<\/p>\n<div class=\"pvc_clear\"><\/div>\n<p class=\"pvc_stats all \" data-element-id=\"17538\" style=\"\"><i class=\"pvc-stats-icon medium\" aria-hidden=\"true\"><svg aria-hidden=\"true\" focusable=\"false\" data-prefix=\"far\" data-icon=\"chart-bar\" role=\"img\" xmlns=\"http:\/\/www.w3.org\/2000\/svg\" viewBox=\"0 0 512 512\" class=\"svg-inline--fa fa-chart-bar fa-w-16 fa-2x\"><path fill=\"currentColor\" d=\"M396.8 352h22.4c6.4 0 12.8-6.4 12.8-12.8V108.8c0-6.4-6.4-12.8-12.8-12.8h-22.4c-6.4 0-12.8 6.4-12.8 12.8v230.4c0 6.4 6.4 12.8 12.8 12.8zm-192 0h22.4c6.4 0 12.8-6.4 12.8-12.8V140.8c0-6.4-6.4-12.8-12.8-12.8h-22.4c-6.4 0-12.8 6.4-12.8 12.8v198.4c0 6.4 6.4 12.8 12.8 12.8zm96 0h22.4c6.4 0 12.8-6.4 12.8-12.8V204.8c0-6.4-6.4-12.8-12.8-12.8h-22.4c-6.4 0-12.8 6.4-12.8 12.8v134.4c0 6.4 6.4 12.8 12.8 12.8zM496 400H48V80c0-8.84-7.16-16-16-16H16C7.16 64 0 71.16 0 80v336c0 17.67 14.33 32 32 32h464c8.84 0 16-7.16 16-16v-16c0-8.84-7.16-16-16-16zm-387.2-48h22.4c6.4 0 12.8-6.4 12.8-12.8v-70.4c0-6.4-6.4-12.8-12.8-12.8h-22.4c-6.4 0-12.8 6.4-12.8 12.8v70.4c0 6.4 6.4 12.8 12.8 12.8z\" class=\"\"><\/path><\/svg><\/i> Vistas Totales&nbsp;1,707&nbsp;, Vistas Hoy&nbsp;2&nbsp;<\/p>\n<div class=\"pvc_clear\"><\/div>\n","protected":false},"author":2,"featured_media":17539,"comment_status":"closed","ping_status":"closed","sticky":false,"template":"","format":"standard","meta":{"footnotes":""},"categories":[21],"tags":[],"class_list":["post-17538","post","type-post","status-publish","format-standard","has-post-thumbnail","hentry","category-blog"],"yoast_head":"<!-- This site is optimized with the Yoast SEO plugin v25.2 - https:\/\/yoast.com\/wordpress\/plugins\/seo\/ -->\n<title>Rep\u00fablica Dominicana es el tercer* pa\u00eds de Am\u00e9rica Latina con mayor incremento en sus precios, a junio de 2021 | CREES<\/title>\n<meta name=\"robots\" content=\"index, follow, max-snippet:-1, max-image-preview:large, max-video-preview:-1\" \/>\n<link rel=\"canonical\" href=\"https:\/\/crees.org.do\/?p=17538\" \/>\n<meta property=\"og:locale\" content=\"es_ES\" \/>\n<meta property=\"og:type\" content=\"article\" \/>\n<meta property=\"og:title\" content=\"Rep\u00fablica Dominicana es el tercer* pa\u00eds de Am\u00e9rica Latina con mayor incremento en sus precios, a junio de 2021 | CREES\" \/>\n<meta property=\"og:description\" content=\"En junio de 2021, la inflaci\u00f3n interanual, es decir, la variaci\u00f3n del \u00cdndice del Precios al Consumidor (IPC) con respecto a junio de 2020 en Rep\u00fablica Dominicana fue de 9.3%, ubic\u00e1ndose como el tercer pa\u00eds en la regi\u00f3n con mayor incremento es sus precios; superada solo por Argentina (50.2%) y, aunque no se incluye en...\" \/>\n<meta property=\"og:url\" content=\"https:\/\/crees.org.do\/?p=17538\" \/>\n<meta property=\"og:site_name\" content=\"CREES\" \/>\n<meta property=\"article:publisher\" content=\"https:\/\/www.facebook.com\/CREESRD\/\" \/>\n<meta property=\"article:published_time\" content=\"2021-07-20T16:28:38+00:00\" \/>\n<meta property=\"og:image\" content=\"https:\/\/crees.org.do\/wp-content\/uploads\/2021\/07\/project-2021-07-20_10-07_AM.png\" \/>\n\t<meta property=\"og:image:width\" content=\"1080\" \/>\n\t<meta property=\"og:image:height\" content=\"1080\" \/>\n\t<meta property=\"og:image:type\" content=\"image\/png\" \/>\n<meta name=\"author\" content=\"Crees\" \/>\n<meta name=\"twitter:card\" content=\"summary_large_image\" \/>\n<meta name=\"twitter:creator\" content=\"@CREESRD\" \/>\n<meta name=\"twitter:site\" content=\"@CREESRD\" \/>\n<meta name=\"twitter:label1\" content=\"Escrito por\" \/>\n\t<meta name=\"twitter:data1\" content=\"Crees\" \/>\n\t<meta name=\"twitter:label2\" content=\"Tiempo de lectura\" \/>\n\t<meta name=\"twitter:data2\" content=\"1 minuto\" \/>\n<script type=\"application\/ld+json\" class=\"yoast-schema-graph\">{\"@context\":\"https:\/\/schema.org\",\"@graph\":[{\"@type\":\"Article\",\"@id\":\"https:\/\/crees.org.do\/?p=17538#article\",\"isPartOf\":{\"@id\":\"https:\/\/crees.org.do\/?p=17538\"},\"author\":{\"name\":\"Crees\",\"@id\":\"https:\/\/crees.org.do\/#\/schema\/person\/e7f97cd94d7bf9cd0e0ce30acb7d56b8\"},\"headline\":\"Rep\u00fablica Dominicana es el tercer* pa\u00eds de Am\u00e9rica Latina con mayor incremento en sus precios, a junio de 2021\",\"datePublished\":\"2021-07-20T16:28:38+00:00\",\"mainEntityOfPage\":{\"@id\":\"https:\/\/crees.org.do\/?p=17538\"},\"wordCount\":189,\"publisher\":{\"@id\":\"https:\/\/crees.org.do\/#organization\"},\"image\":{\"@id\":\"https:\/\/crees.org.do\/?p=17538#primaryimage\"},\"thumbnailUrl\":\"https:\/\/crees.org.do\/wp-content\/uploads\/2021\/07\/project-2021-07-20_10-07_AM.png\",\"articleSection\":[\"Blog\"],\"inLanguage\":\"es\"},{\"@type\":\"WebPage\",\"@id\":\"https:\/\/crees.org.do\/?p=17538\",\"url\":\"https:\/\/crees.org.do\/?p=17538\",\"name\":\"Rep\u00fablica Dominicana es el tercer* pa\u00eds de Am\u00e9rica Latina con mayor incremento en sus precios, a junio de 2021 | CREES\",\"isPartOf\":{\"@id\":\"https:\/\/crees.org.do\/#website\"},\"primaryImageOfPage\":{\"@id\":\"https:\/\/crees.org.do\/?p=17538#primaryimage\"},\"image\":{\"@id\":\"https:\/\/crees.org.do\/?p=17538#primaryimage\"},\"thumbnailUrl\":\"https:\/\/crees.org.do\/wp-content\/uploads\/2021\/07\/project-2021-07-20_10-07_AM.png\",\"datePublished\":\"2021-07-20T16:28:38+00:00\",\"breadcrumb\":{\"@id\":\"https:\/\/crees.org.do\/?p=17538#breadcrumb\"},\"inLanguage\":\"es\",\"potentialAction\":[{\"@type\":\"ReadAction\",\"target\":[\"https:\/\/crees.org.do\/?p=17538\"]}]},{\"@type\":\"ImageObject\",\"inLanguage\":\"es\",\"@id\":\"https:\/\/crees.org.do\/?p=17538#primaryimage\",\"url\":\"https:\/\/crees.org.do\/wp-content\/uploads\/2021\/07\/project-2021-07-20_10-07_AM.png\",\"contentUrl\":\"https:\/\/crees.org.do\/wp-content\/uploads\/2021\/07\/project-2021-07-20_10-07_AM.png\",\"width\":1080,\"height\":1080},{\"@type\":\"BreadcrumbList\",\"@id\":\"https:\/\/crees.org.do\/?p=17538#breadcrumb\",\"itemListElement\":[{\"@type\":\"ListItem\",\"position\":1,\"name\":\"Portada\",\"item\":\"https:\/\/crees.org.do\/\"},{\"@type\":\"ListItem\",\"position\":2,\"name\":\"Rep\u00fablica Dominicana es el tercer* pa\u00eds de Am\u00e9rica Latina con mayor incremento en sus precios, a junio de 2021\"}]},{\"@type\":\"WebSite\",\"@id\":\"https:\/\/crees.org.do\/#website\",\"url\":\"https:\/\/crees.org.do\/\",\"name\":\"CREES\",\"description\":\"Centro Regional de Estrategias Econ\u00f3micas Sostenibles\",\"publisher\":{\"@id\":\"https:\/\/crees.org.do\/#organization\"},\"potentialAction\":[{\"@type\":\"SearchAction\",\"target\":{\"@type\":\"EntryPoint\",\"urlTemplate\":\"https:\/\/crees.org.do\/?s={search_term_string}\"},\"query-input\":{\"@type\":\"PropertyValueSpecification\",\"valueRequired\":true,\"valueName\":\"search_term_string\"}}],\"inLanguage\":\"es\"},{\"@type\":\"Organization\",\"@id\":\"https:\/\/crees.org.do\/#organization\",\"name\":\"CREES | Centro Regional de Estrategias Econ\u00f3micas Sostenibles\",\"url\":\"https:\/\/crees.org.do\/\",\"logo\":{\"@type\":\"ImageObject\",\"inLanguage\":\"es\",\"@id\":\"https:\/\/crees.org.do\/#\/schema\/logo\/image\/\",\"url\":\"https:\/\/crees.org.do\/wp-content\/uploads\/2022\/03\/crees-logo-1.jpg\",\"contentUrl\":\"https:\/\/crees.org.do\/wp-content\/uploads\/2022\/03\/crees-logo-1.jpg\",\"width\":244,\"height\":71,\"caption\":\"CREES | Centro Regional de Estrategias Econ\u00f3micas Sostenibles\"},\"image\":{\"@id\":\"https:\/\/crees.org.do\/#\/schema\/logo\/image\/\"},\"sameAs\":[\"https:\/\/www.facebook.com\/CREESRD\/\",\"https:\/\/x.com\/CREESRD\"]},{\"@type\":\"Person\",\"@id\":\"https:\/\/crees.org.do\/#\/schema\/person\/e7f97cd94d7bf9cd0e0ce30acb7d56b8\",\"name\":\"Crees\",\"image\":{\"@type\":\"ImageObject\",\"inLanguage\":\"es\",\"@id\":\"https:\/\/crees.org.do\/#\/schema\/person\/image\/\",\"url\":\"https:\/\/secure.gravatar.com\/avatar\/390ac8f0be5d9aa046152553e2dd7011b59a512d89c150f5e5f28bb8d9a0b165?s=96&d=mm&r=g\",\"contentUrl\":\"https:\/\/secure.gravatar.com\/avatar\/390ac8f0be5d9aa046152553e2dd7011b59a512d89c150f5e5f28bb8d9a0b165?s=96&d=mm&r=g\",\"caption\":\"Crees\"},\"url\":\"https:\/\/crees.org.do\/?author=2\"}]}<\/script>\n<!-- \/ Yoast SEO plugin. -->","yoast_head_json":{"title":"Rep\u00fablica Dominicana es el tercer* pa\u00eds de Am\u00e9rica Latina con mayor incremento en sus precios, a junio de 2021 | CREES","robots":{"index":"index","follow":"follow","max-snippet":"max-snippet:-1","max-image-preview":"max-image-preview:large","max-video-preview":"max-video-preview:-1"},"canonical":"https:\/\/crees.org.do\/?p=17538","og_locale":"es_ES","og_type":"article","og_title":"Rep\u00fablica Dominicana es el tercer* pa\u00eds de Am\u00e9rica Latina con mayor incremento en sus precios, a junio de 2021 | CREES","og_description":"En junio de 2021, la inflaci\u00f3n interanual, es decir, la variaci\u00f3n del \u00cdndice del Precios al Consumidor (IPC) con respecto a junio de 2020 en Rep\u00fablica Dominicana fue de 9.3%, ubic\u00e1ndose como el tercer pa\u00eds en la regi\u00f3n con mayor incremento es sus precios; superada solo por Argentina (50.2%) y, aunque no se incluye en...","og_url":"https:\/\/crees.org.do\/?p=17538","og_site_name":"CREES","article_publisher":"https:\/\/www.facebook.com\/CREESRD\/","article_published_time":"2021-07-20T16:28:38+00:00","og_image":[{"width":1080,"height":1080,"url":"https:\/\/crees.org.do\/wp-content\/uploads\/2021\/07\/project-2021-07-20_10-07_AM.png","type":"image\/png"}],"author":"Crees","twitter_card":"summary_large_image","twitter_creator":"@CREESRD","twitter_site":"@CREESRD","twitter_misc":{"Escrito por":"Crees","Tiempo de lectura":"1 minuto"},"schema":{"@context":"https:\/\/schema.org","@graph":[{"@type":"Article","@id":"https:\/\/crees.org.do\/?p=17538#article","isPartOf":{"@id":"https:\/\/crees.org.do\/?p=17538"},"author":{"name":"Crees","@id":"https:\/\/crees.org.do\/#\/schema\/person\/e7f97cd94d7bf9cd0e0ce30acb7d56b8"},"headline":"Rep\u00fablica Dominicana es el tercer* pa\u00eds de Am\u00e9rica Latina con mayor incremento en sus precios, a junio de 2021","datePublished":"2021-07-20T16:28:38+00:00","mainEntityOfPage":{"@id":"https:\/\/crees.org.do\/?p=17538"},"wordCount":189,"publisher":{"@id":"https:\/\/crees.org.do\/#organization"},"image":{"@id":"https:\/\/crees.org.do\/?p=17538#primaryimage"},"thumbnailUrl":"https:\/\/crees.org.do\/wp-content\/uploads\/2021\/07\/project-2021-07-20_10-07_AM.png","articleSection":["Blog"],"inLanguage":"es"},{"@type":"WebPage","@id":"https:\/\/crees.org.do\/?p=17538","url":"https:\/\/crees.org.do\/?p=17538","name":"Rep\u00fablica Dominicana es el tercer* pa\u00eds de Am\u00e9rica Latina con mayor incremento en sus precios, a junio de 2021 | CREES","isPartOf":{"@id":"https:\/\/crees.org.do\/#website"},"primaryImageOfPage":{"@id":"https:\/\/crees.org.do\/?p=17538#primaryimage"},"image":{"@id":"https:\/\/crees.org.do\/?p=17538#primaryimage"},"thumbnailUrl":"https:\/\/crees.org.do\/wp-content\/uploads\/2021\/07\/project-2021-07-20_10-07_AM.png","datePublished":"2021-07-20T16:28:38+00:00","breadcrumb":{"@id":"https:\/\/crees.org.do\/?p=17538#breadcrumb"},"inLanguage":"es","potentialAction":[{"@type":"ReadAction","target":["https:\/\/crees.org.do\/?p=17538"]}]},{"@type":"ImageObject","inLanguage":"es","@id":"https:\/\/crees.org.do\/?p=17538#primaryimage","url":"https:\/\/crees.org.do\/wp-content\/uploads\/2021\/07\/project-2021-07-20_10-07_AM.png","contentUrl":"https:\/\/crees.org.do\/wp-content\/uploads\/2021\/07\/project-2021-07-20_10-07_AM.png","width":1080,"height":1080},{"@type":"BreadcrumbList","@id":"https:\/\/crees.org.do\/?p=17538#breadcrumb","itemListElement":[{"@type":"ListItem","position":1,"name":"Portada","item":"https:\/\/crees.org.do\/"},{"@type":"ListItem","position":2,"name":"Rep\u00fablica Dominicana es el tercer* pa\u00eds de Am\u00e9rica Latina con mayor incremento en sus precios, a junio de 2021"}]},{"@type":"WebSite","@id":"https:\/\/crees.org.do\/#website","url":"https:\/\/crees.org.do\/","name":"CREES","description":"Centro Regional de Estrategias Econ\u00f3micas Sostenibles","publisher":{"@id":"https:\/\/crees.org.do\/#organization"},"potentialAction":[{"@type":"SearchAction","target":{"@type":"EntryPoint","urlTemplate":"https:\/\/crees.org.do\/?s={search_term_string}"},"query-input":{"@type":"PropertyValueSpecification","valueRequired":true,"valueName":"search_term_string"}}],"inLanguage":"es"},{"@type":"Organization","@id":"https:\/\/crees.org.do\/#organization","name":"CREES | Centro Regional de Estrategias Econ\u00f3micas Sostenibles","url":"https:\/\/crees.org.do\/","logo":{"@type":"ImageObject","inLanguage":"es","@id":"https:\/\/crees.org.do\/#\/schema\/logo\/image\/","url":"https:\/\/crees.org.do\/wp-content\/uploads\/2022\/03\/crees-logo-1.jpg","contentUrl":"https:\/\/crees.org.do\/wp-content\/uploads\/2022\/03\/crees-logo-1.jpg","width":244,"height":71,"caption":"CREES | Centro Regional de Estrategias Econ\u00f3micas Sostenibles"},"image":{"@id":"https:\/\/crees.org.do\/#\/schema\/logo\/image\/"},"sameAs":["https:\/\/www.facebook.com\/CREESRD\/","https:\/\/x.com\/CREESRD"]},{"@type":"Person","@id":"https:\/\/crees.org.do\/#\/schema\/person\/e7f97cd94d7bf9cd0e0ce30acb7d56b8","name":"Crees","image":{"@type":"ImageObject","inLanguage":"es","@id":"https:\/\/crees.org.do\/#\/schema\/person\/image\/","url":"https:\/\/secure.gravatar.com\/avatar\/390ac8f0be5d9aa046152553e2dd7011b59a512d89c150f5e5f28bb8d9a0b165?s=96&d=mm&r=g","contentUrl":"https:\/\/secure.gravatar.com\/avatar\/390ac8f0be5d9aa046152553e2dd7011b59a512d89c150f5e5f28bb8d9a0b165?s=96&d=mm&r=g","caption":"Crees"},"url":"https:\/\/crees.org.do\/?author=2"}]}},"_links":{"self":[{"href":"https:\/\/crees.org.do\/index.php?rest_route=\/wp\/v2\/posts\/17538","targetHints":{"allow":["GET"]}}],"collection":[{"href":"https:\/\/crees.org.do\/index.php?rest_route=\/wp\/v2\/posts"}],"about":[{"href":"https:\/\/crees.org.do\/index.php?rest_route=\/wp\/v2\/types\/post"}],"author":[{"embeddable":true,"href":"https:\/\/crees.org.do\/index.php?rest_route=\/wp\/v2\/users\/2"}],"replies":[{"embeddable":true,"href":"https:\/\/crees.org.do\/index.php?rest_route=%2Fwp%2Fv2%2Fcomments&post=17538"}],"version-history":[{"count":1,"href":"https:\/\/crees.org.do\/index.php?rest_route=\/wp\/v2\/posts\/17538\/revisions"}],"predecessor-version":[{"id":17540,"href":"https:\/\/crees.org.do\/index.php?rest_route=\/wp\/v2\/posts\/17538\/revisions\/17540"}],"wp:featuredmedia":[{"embeddable":true,"href":"https:\/\/crees.org.do\/index.php?rest_route=\/wp\/v2\/media\/17539"}],"wp:attachment":[{"href":"https:\/\/crees.org.do\/index.php?rest_route=%2Fwp%2Fv2%2Fmedia&parent=17538"}],"wp:term":[{"taxonomy":"category","embeddable":true,"href":"https:\/\/crees.org.do\/index.php?rest_route=%2Fwp%2Fv2%2Fcategories&post=17538"},{"taxonomy":"post_tag","embeddable":true,"href":"https:\/\/crees.org.do\/index.php?rest_route=%2Fwp%2Fv2%2Ftags&post=17538"}],"curies":[{"name":"wp","href":"https:\/\/api.w.org\/{rel}","templated":true}]}}