{"id":17558,"date":"2021-07-27T15:51:34","date_gmt":"2021-07-27T15:51:34","guid":{"rendered":"https:\/\/crees.org.do\/?p=17558"},"modified":"2021-07-27T15:51:34","modified_gmt":"2021-07-27T15:51:34","slug":"las-perdidas-totales-de-energia-ascendieron-a-casi-un-40-de-la-energia-comprada-a-mayo-de-2021","status":"publish","type":"post","link":"https:\/\/crees.org.do\/?p=17558","title":{"rendered":"Las p\u00e9rdidas totales de energ\u00eda ascendieron a casi un 40% de la energ\u00eda comprada, a mayo de 2021"},"content":{"rendered":"<p>A mayo de 2021, las p\u00e9rdidas totales de energ\u00eda el\u00e9ctrica ascendieron a casi a un 40% (39.6%) de la energ\u00eda comprada; de los cuales un 33.7% corresponde a las p\u00e9rdidas de energ\u00eda y un 5.9% a la energ\u00eda que fue facturada pero no pudo ser cobrada.<\/p>\n<p>Las p\u00e9rdidas totales a mayo de 2021 representan el nivel de p\u00e9rdidas m\u00e1s alto desde el a\u00f1o 2012. M\u00e1s a\u00fan, las mismas se han incrementado en 9.1 puntos porcentuales con respecto al 2019; mientras que las p\u00e9rdidas de energ\u00eda y la energ\u00eda no cobrada se han incrementado en 6.7 y 2.4 puntos porcentuales, respectivamente.<\/p>\n<p>Las p\u00e9rdidas de energ\u00eda el\u00e9ctrica es un fen\u00f3meno que caracteriza a las tres distribuidoras estatales de electricidad (EDESUR, EDENORTE y EDEESTE). La falta de inversiones en el sistema de distribuci\u00f3n, clientes sin equipos adecuados de medici\u00f3n, usuarios conectados de forma ilegal son, entre otros, factores importantes que determinan que la energ\u00eda comprada por las EDE no pueda ser facturada en su totalidad. En adici\u00f3n, una parte de la energ\u00eda facturada no es cobrada, lo cual se adiciona para obtener las p\u00e9rdidas totales.<\/p>\n<p>En los \u00faltimos cinco a\u00f1os (2016-2020) las p\u00e9rdidas totales de las EDE promediaron 34.1%. Cualquier empresa que pierde m\u00e1s de una tercera parte del bien que compra, demuestra que tiene problemas de gesti\u00f3n que impiden su sostenibilidad.<\/p>\n<p>La energ\u00eda comprada por las EDE y que no pueden facturar o cobrar representa el principal componente del subsidio que reciben del dinero de los ciudadanos para poder continuar operando; estos recursos son pagados con impuestos presentes o futuros (deuda p\u00fablica).<\/p>\n<div class=\"pvc_clear\"><\/div>\n<p class=\"pvc_stats all \" data-element-id=\"17558\" style=\"\"><i class=\"pvc-stats-icon medium\" aria-hidden=\"true\"><svg aria-hidden=\"true\" focusable=\"false\" data-prefix=\"far\" data-icon=\"chart-bar\" role=\"img\" xmlns=\"http:\/\/www.w3.org\/2000\/svg\" viewBox=\"0 0 512 512\" class=\"svg-inline--fa fa-chart-bar fa-w-16 fa-2x\"><path fill=\"currentColor\" d=\"M396.8 352h22.4c6.4 0 12.8-6.4 12.8-12.8V108.8c0-6.4-6.4-12.8-12.8-12.8h-22.4c-6.4 0-12.8 6.4-12.8 12.8v230.4c0 6.4 6.4 12.8 12.8 12.8zm-192 0h22.4c6.4 0 12.8-6.4 12.8-12.8V140.8c0-6.4-6.4-12.8-12.8-12.8h-22.4c-6.4 0-12.8 6.4-12.8 12.8v198.4c0 6.4 6.4 12.8 12.8 12.8zm96 0h22.4c6.4 0 12.8-6.4 12.8-12.8V204.8c0-6.4-6.4-12.8-12.8-12.8h-22.4c-6.4 0-12.8 6.4-12.8 12.8v134.4c0 6.4 6.4 12.8 12.8 12.8zM496 400H48V80c0-8.84-7.16-16-16-16H16C7.16 64 0 71.16 0 80v336c0 17.67 14.33 32 32 32h464c8.84 0 16-7.16 16-16v-16c0-8.84-7.16-16-16-16zm-387.2-48h22.4c6.4 0 12.8-6.4 12.8-12.8v-70.4c0-6.4-6.4-12.8-12.8-12.8h-22.4c-6.4 0-12.8 6.4-12.8 12.8v70.4c0 6.4 6.4 12.8 12.8 12.8z\" class=\"\"><\/path><\/svg><\/i> Vistas Totales&nbsp;1,246&nbsp;, Vistas Hoy&nbsp;4&nbsp;<\/p>\n<div class=\"pvc_clear\"><\/div>\n","protected":false},"excerpt":{"rendered":"<p>A mayo de 2021, las p\u00e9rdidas totales de energ\u00eda el\u00e9ctrica ascendieron a casi a un 40% (39.6%) de la energ\u00eda comprada; de los cuales un 33.7% corresponde a las p\u00e9rdidas de energ\u00eda y un 5.9% a la energ\u00eda que fue facturada pero no pudo ser cobrada. Las p\u00e9rdidas totales a mayo de 2021 representan el&#8230;<\/p>\n<div class=\"pvc_clear\"><\/div>\n<p class=\"pvc_stats all \" data-element-id=\"17558\" style=\"\"><i class=\"pvc-stats-icon medium\" aria-hidden=\"true\"><svg aria-hidden=\"true\" focusable=\"false\" data-prefix=\"far\" data-icon=\"chart-bar\" role=\"img\" xmlns=\"http:\/\/www.w3.org\/2000\/svg\" viewBox=\"0 0 512 512\" class=\"svg-inline--fa fa-chart-bar fa-w-16 fa-2x\"><path fill=\"currentColor\" d=\"M396.8 352h22.4c6.4 0 12.8-6.4 12.8-12.8V108.8c0-6.4-6.4-12.8-12.8-12.8h-22.4c-6.4 0-12.8 6.4-12.8 12.8v230.4c0 6.4 6.4 12.8 12.8 12.8zm-192 0h22.4c6.4 0 12.8-6.4 12.8-12.8V140.8c0-6.4-6.4-12.8-12.8-12.8h-22.4c-6.4 0-12.8 6.4-12.8 12.8v198.4c0 6.4 6.4 12.8 12.8 12.8zm96 0h22.4c6.4 0 12.8-6.4 12.8-12.8V204.8c0-6.4-6.4-12.8-12.8-12.8h-22.4c-6.4 0-12.8 6.4-12.8 12.8v134.4c0 6.4 6.4 12.8 12.8 12.8zM496 400H48V80c0-8.84-7.16-16-16-16H16C7.16 64 0 71.16 0 80v336c0 17.67 14.33 32 32 32h464c8.84 0 16-7.16 16-16v-16c0-8.84-7.16-16-16-16zm-387.2-48h22.4c6.4 0 12.8-6.4 12.8-12.8v-70.4c0-6.4-6.4-12.8-12.8-12.8h-22.4c-6.4 0-12.8 6.4-12.8 12.8v70.4c0 6.4 6.4 12.8 12.8 12.8z\" class=\"\"><\/path><\/svg><\/i> Vistas Totales&nbsp;1,246&nbsp;, Vistas Hoy&nbsp;4&nbsp;<\/p>\n<div class=\"pvc_clear\"><\/div>\n","protected":false},"author":2,"featured_media":17559,"comment_status":"closed","ping_status":"closed","sticky":false,"template":"","format":"standard","meta":{"footnotes":""},"categories":[21],"tags":[],"class_list":["post-17558","post","type-post","status-publish","format-standard","has-post-thumbnail","hentry","category-blog"],"yoast_head":"<!-- This site is optimized with the Yoast SEO plugin v25.2 - https:\/\/yoast.com\/wordpress\/plugins\/seo\/ -->\n<title>Las p\u00e9rdidas totales de energ\u00eda ascendieron a casi un 40% de la energ\u00eda comprada, a mayo de 2021 | CREES<\/title>\n<meta name=\"robots\" content=\"index, follow, max-snippet:-1, max-image-preview:large, max-video-preview:-1\" \/>\n<link rel=\"canonical\" href=\"https:\/\/crees.org.do\/?p=17558\" \/>\n<meta property=\"og:locale\" content=\"es_ES\" \/>\n<meta property=\"og:type\" content=\"article\" \/>\n<meta property=\"og:title\" content=\"Las p\u00e9rdidas totales de energ\u00eda ascendieron a casi un 40% de la energ\u00eda comprada, a mayo de 2021 | CREES\" \/>\n<meta property=\"og:description\" content=\"A mayo de 2021, las p\u00e9rdidas totales de energ\u00eda el\u00e9ctrica ascendieron a casi a un 40% (39.6%) de la energ\u00eda comprada; de los cuales un 33.7% corresponde a las p\u00e9rdidas de energ\u00eda y un 5.9% a la energ\u00eda que fue facturada pero no pudo ser cobrada. Las p\u00e9rdidas totales a mayo de 2021 representan el...\" \/>\n<meta property=\"og:url\" content=\"https:\/\/crees.org.do\/?p=17558\" \/>\n<meta property=\"og:site_name\" content=\"CREES\" \/>\n<meta property=\"article:publisher\" content=\"https:\/\/www.facebook.com\/CREESRD\/\" \/>\n<meta property=\"article:published_time\" content=\"2021-07-27T15:51:34+00:00\" \/>\n<meta property=\"og:image\" content=\"https:\/\/crees.org.do\/wp-content\/uploads\/2021\/07\/project-2021-07-27_10-07_AM-scaled.jpg\" \/>\n\t<meta property=\"og:image:width\" content=\"1000\" \/>\n\t<meta property=\"og:image:height\" content=\"1000\" \/>\n\t<meta property=\"og:image:type\" content=\"image\/jpeg\" \/>\n<meta name=\"author\" content=\"Crees\" \/>\n<meta name=\"twitter:card\" content=\"summary_large_image\" \/>\n<meta name=\"twitter:creator\" content=\"@CREESRD\" \/>\n<meta name=\"twitter:site\" content=\"@CREESRD\" \/>\n<meta name=\"twitter:label1\" content=\"Escrito por\" \/>\n\t<meta name=\"twitter:data1\" content=\"Crees\" \/>\n\t<meta name=\"twitter:label2\" content=\"Tiempo de lectura\" \/>\n\t<meta name=\"twitter:data2\" content=\"1 minuto\" \/>\n<script type=\"application\/ld+json\" class=\"yoast-schema-graph\">{\"@context\":\"https:\/\/schema.org\",\"@graph\":[{\"@type\":\"Article\",\"@id\":\"https:\/\/crees.org.do\/?p=17558#article\",\"isPartOf\":{\"@id\":\"https:\/\/crees.org.do\/?p=17558\"},\"author\":{\"name\":\"Crees\",\"@id\":\"https:\/\/crees.org.do\/#\/schema\/person\/e7f97cd94d7bf9cd0e0ce30acb7d56b8\"},\"headline\":\"Las p\u00e9rdidas totales de energ\u00eda ascendieron a casi un 40% de la energ\u00eda comprada, a mayo de 2021\",\"datePublished\":\"2021-07-27T15:51:34+00:00\",\"mainEntityOfPage\":{\"@id\":\"https:\/\/crees.org.do\/?p=17558\"},\"wordCount\":299,\"publisher\":{\"@id\":\"https:\/\/crees.org.do\/#organization\"},\"image\":{\"@id\":\"https:\/\/crees.org.do\/?p=17558#primaryimage\"},\"thumbnailUrl\":\"https:\/\/crees.org.do\/wp-content\/uploads\/2021\/07\/project-2021-07-27_10-07_AM-scaled.jpg\",\"articleSection\":[\"Blog\"],\"inLanguage\":\"es\"},{\"@type\":\"WebPage\",\"@id\":\"https:\/\/crees.org.do\/?p=17558\",\"url\":\"https:\/\/crees.org.do\/?p=17558\",\"name\":\"Las p\u00e9rdidas totales de energ\u00eda ascendieron a casi un 40% de la energ\u00eda comprada, a mayo de 2021 | CREES\",\"isPartOf\":{\"@id\":\"https:\/\/crees.org.do\/#website\"},\"primaryImageOfPage\":{\"@id\":\"https:\/\/crees.org.do\/?p=17558#primaryimage\"},\"image\":{\"@id\":\"https:\/\/crees.org.do\/?p=17558#primaryimage\"},\"thumbnailUrl\":\"https:\/\/crees.org.do\/wp-content\/uploads\/2021\/07\/project-2021-07-27_10-07_AM-scaled.jpg\",\"datePublished\":\"2021-07-27T15:51:34+00:00\",\"breadcrumb\":{\"@id\":\"https:\/\/crees.org.do\/?p=17558#breadcrumb\"},\"inLanguage\":\"es\",\"potentialAction\":[{\"@type\":\"ReadAction\",\"target\":[\"https:\/\/crees.org.do\/?p=17558\"]}]},{\"@type\":\"ImageObject\",\"inLanguage\":\"es\",\"@id\":\"https:\/\/crees.org.do\/?p=17558#primaryimage\",\"url\":\"https:\/\/crees.org.do\/wp-content\/uploads\/2021\/07\/project-2021-07-27_10-07_AM-scaled.jpg\",\"contentUrl\":\"https:\/\/crees.org.do\/wp-content\/uploads\/2021\/07\/project-2021-07-27_10-07_AM-scaled.jpg\",\"width\":1000,\"height\":1000},{\"@type\":\"BreadcrumbList\",\"@id\":\"https:\/\/crees.org.do\/?p=17558#breadcrumb\",\"itemListElement\":[{\"@type\":\"ListItem\",\"position\":1,\"name\":\"Portada\",\"item\":\"https:\/\/crees.org.do\/\"},{\"@type\":\"ListItem\",\"position\":2,\"name\":\"Las p\u00e9rdidas totales de energ\u00eda ascendieron a casi un 40% de la energ\u00eda comprada, a mayo de 2021\"}]},{\"@type\":\"WebSite\",\"@id\":\"https:\/\/crees.org.do\/#website\",\"url\":\"https:\/\/crees.org.do\/\",\"name\":\"CREES\",\"description\":\"Centro Regional de Estrategias Econ\u00f3micas Sostenibles\",\"publisher\":{\"@id\":\"https:\/\/crees.org.do\/#organization\"},\"potentialAction\":[{\"@type\":\"SearchAction\",\"target\":{\"@type\":\"EntryPoint\",\"urlTemplate\":\"https:\/\/crees.org.do\/?s={search_term_string}\"},\"query-input\":{\"@type\":\"PropertyValueSpecification\",\"valueRequired\":true,\"valueName\":\"search_term_string\"}}],\"inLanguage\":\"es\"},{\"@type\":\"Organization\",\"@id\":\"https:\/\/crees.org.do\/#organization\",\"name\":\"CREES | Centro Regional de Estrategias Econ\u00f3micas Sostenibles\",\"url\":\"https:\/\/crees.org.do\/\",\"logo\":{\"@type\":\"ImageObject\",\"inLanguage\":\"es\",\"@id\":\"https:\/\/crees.org.do\/#\/schema\/logo\/image\/\",\"url\":\"https:\/\/crees.org.do\/wp-content\/uploads\/2022\/03\/crees-logo-1.jpg\",\"contentUrl\":\"https:\/\/crees.org.do\/wp-content\/uploads\/2022\/03\/crees-logo-1.jpg\",\"width\":244,\"height\":71,\"caption\":\"CREES | Centro Regional de Estrategias Econ\u00f3micas Sostenibles\"},\"image\":{\"@id\":\"https:\/\/crees.org.do\/#\/schema\/logo\/image\/\"},\"sameAs\":[\"https:\/\/www.facebook.com\/CREESRD\/\",\"https:\/\/x.com\/CREESRD\"]},{\"@type\":\"Person\",\"@id\":\"https:\/\/crees.org.do\/#\/schema\/person\/e7f97cd94d7bf9cd0e0ce30acb7d56b8\",\"name\":\"Crees\",\"image\":{\"@type\":\"ImageObject\",\"inLanguage\":\"es\",\"@id\":\"https:\/\/crees.org.do\/#\/schema\/person\/image\/\",\"url\":\"https:\/\/secure.gravatar.com\/avatar\/390ac8f0be5d9aa046152553e2dd7011b59a512d89c150f5e5f28bb8d9a0b165?s=96&d=mm&r=g\",\"contentUrl\":\"https:\/\/secure.gravatar.com\/avatar\/390ac8f0be5d9aa046152553e2dd7011b59a512d89c150f5e5f28bb8d9a0b165?s=96&d=mm&r=g\",\"caption\":\"Crees\"},\"url\":\"https:\/\/crees.org.do\/?author=2\"}]}<\/script>\n<!-- \/ Yoast SEO plugin. -->","yoast_head_json":{"title":"Las p\u00e9rdidas totales de energ\u00eda ascendieron a casi un 40% de la energ\u00eda comprada, a mayo de 2021 | CREES","robots":{"index":"index","follow":"follow","max-snippet":"max-snippet:-1","max-image-preview":"max-image-preview:large","max-video-preview":"max-video-preview:-1"},"canonical":"https:\/\/crees.org.do\/?p=17558","og_locale":"es_ES","og_type":"article","og_title":"Las p\u00e9rdidas totales de energ\u00eda ascendieron a casi un 40% de la energ\u00eda comprada, a mayo de 2021 | CREES","og_description":"A mayo de 2021, las p\u00e9rdidas totales de energ\u00eda el\u00e9ctrica ascendieron a casi a un 40% (39.6%) de la energ\u00eda comprada; de los cuales un 33.7% corresponde a las p\u00e9rdidas de energ\u00eda y un 5.9% a la energ\u00eda que fue facturada pero no pudo ser cobrada. Las p\u00e9rdidas totales a mayo de 2021 representan el...","og_url":"https:\/\/crees.org.do\/?p=17558","og_site_name":"CREES","article_publisher":"https:\/\/www.facebook.com\/CREESRD\/","article_published_time":"2021-07-27T15:51:34+00:00","og_image":[{"width":1000,"height":1000,"url":"https:\/\/crees.org.do\/wp-content\/uploads\/2021\/07\/project-2021-07-27_10-07_AM-scaled.jpg","type":"image\/jpeg"}],"author":"Crees","twitter_card":"summary_large_image","twitter_creator":"@CREESRD","twitter_site":"@CREESRD","twitter_misc":{"Escrito por":"Crees","Tiempo de lectura":"1 minuto"},"schema":{"@context":"https:\/\/schema.org","@graph":[{"@type":"Article","@id":"https:\/\/crees.org.do\/?p=17558#article","isPartOf":{"@id":"https:\/\/crees.org.do\/?p=17558"},"author":{"name":"Crees","@id":"https:\/\/crees.org.do\/#\/schema\/person\/e7f97cd94d7bf9cd0e0ce30acb7d56b8"},"headline":"Las p\u00e9rdidas totales de energ\u00eda ascendieron a casi un 40% de la energ\u00eda comprada, a mayo de 2021","datePublished":"2021-07-27T15:51:34+00:00","mainEntityOfPage":{"@id":"https:\/\/crees.org.do\/?p=17558"},"wordCount":299,"publisher":{"@id":"https:\/\/crees.org.do\/#organization"},"image":{"@id":"https:\/\/crees.org.do\/?p=17558#primaryimage"},"thumbnailUrl":"https:\/\/crees.org.do\/wp-content\/uploads\/2021\/07\/project-2021-07-27_10-07_AM-scaled.jpg","articleSection":["Blog"],"inLanguage":"es"},{"@type":"WebPage","@id":"https:\/\/crees.org.do\/?p=17558","url":"https:\/\/crees.org.do\/?p=17558","name":"Las p\u00e9rdidas totales de energ\u00eda ascendieron a casi un 40% de la energ\u00eda comprada, a mayo de 2021 | CREES","isPartOf":{"@id":"https:\/\/crees.org.do\/#website"},"primaryImageOfPage":{"@id":"https:\/\/crees.org.do\/?p=17558#primaryimage"},"image":{"@id":"https:\/\/crees.org.do\/?p=17558#primaryimage"},"thumbnailUrl":"https:\/\/crees.org.do\/wp-content\/uploads\/2021\/07\/project-2021-07-27_10-07_AM-scaled.jpg","datePublished":"2021-07-27T15:51:34+00:00","breadcrumb":{"@id":"https:\/\/crees.org.do\/?p=17558#breadcrumb"},"inLanguage":"es","potentialAction":[{"@type":"ReadAction","target":["https:\/\/crees.org.do\/?p=17558"]}]},{"@type":"ImageObject","inLanguage":"es","@id":"https:\/\/crees.org.do\/?p=17558#primaryimage","url":"https:\/\/crees.org.do\/wp-content\/uploads\/2021\/07\/project-2021-07-27_10-07_AM-scaled.jpg","contentUrl":"https:\/\/crees.org.do\/wp-content\/uploads\/2021\/07\/project-2021-07-27_10-07_AM-scaled.jpg","width":1000,"height":1000},{"@type":"BreadcrumbList","@id":"https:\/\/crees.org.do\/?p=17558#breadcrumb","itemListElement":[{"@type":"ListItem","position":1,"name":"Portada","item":"https:\/\/crees.org.do\/"},{"@type":"ListItem","position":2,"name":"Las p\u00e9rdidas totales de energ\u00eda ascendieron a casi un 40% de la energ\u00eda comprada, a mayo de 2021"}]},{"@type":"WebSite","@id":"https:\/\/crees.org.do\/#website","url":"https:\/\/crees.org.do\/","name":"CREES","description":"Centro Regional de Estrategias Econ\u00f3micas Sostenibles","publisher":{"@id":"https:\/\/crees.org.do\/#organization"},"potentialAction":[{"@type":"SearchAction","target":{"@type":"EntryPoint","urlTemplate":"https:\/\/crees.org.do\/?s={search_term_string}"},"query-input":{"@type":"PropertyValueSpecification","valueRequired":true,"valueName":"search_term_string"}}],"inLanguage":"es"},{"@type":"Organization","@id":"https:\/\/crees.org.do\/#organization","name":"CREES | Centro Regional de Estrategias Econ\u00f3micas Sostenibles","url":"https:\/\/crees.org.do\/","logo":{"@type":"ImageObject","inLanguage":"es","@id":"https:\/\/crees.org.do\/#\/schema\/logo\/image\/","url":"https:\/\/crees.org.do\/wp-content\/uploads\/2022\/03\/crees-logo-1.jpg","contentUrl":"https:\/\/crees.org.do\/wp-content\/uploads\/2022\/03\/crees-logo-1.jpg","width":244,"height":71,"caption":"CREES | Centro Regional de Estrategias Econ\u00f3micas Sostenibles"},"image":{"@id":"https:\/\/crees.org.do\/#\/schema\/logo\/image\/"},"sameAs":["https:\/\/www.facebook.com\/CREESRD\/","https:\/\/x.com\/CREESRD"]},{"@type":"Person","@id":"https:\/\/crees.org.do\/#\/schema\/person\/e7f97cd94d7bf9cd0e0ce30acb7d56b8","name":"Crees","image":{"@type":"ImageObject","inLanguage":"es","@id":"https:\/\/crees.org.do\/#\/schema\/person\/image\/","url":"https:\/\/secure.gravatar.com\/avatar\/390ac8f0be5d9aa046152553e2dd7011b59a512d89c150f5e5f28bb8d9a0b165?s=96&d=mm&r=g","contentUrl":"https:\/\/secure.gravatar.com\/avatar\/390ac8f0be5d9aa046152553e2dd7011b59a512d89c150f5e5f28bb8d9a0b165?s=96&d=mm&r=g","caption":"Crees"},"url":"https:\/\/crees.org.do\/?author=2"}]}},"_links":{"self":[{"href":"https:\/\/crees.org.do\/index.php?rest_route=\/wp\/v2\/posts\/17558","targetHints":{"allow":["GET"]}}],"collection":[{"href":"https:\/\/crees.org.do\/index.php?rest_route=\/wp\/v2\/posts"}],"about":[{"href":"https:\/\/crees.org.do\/index.php?rest_route=\/wp\/v2\/types\/post"}],"author":[{"embeddable":true,"href":"https:\/\/crees.org.do\/index.php?rest_route=\/wp\/v2\/users\/2"}],"replies":[{"embeddable":true,"href":"https:\/\/crees.org.do\/index.php?rest_route=%2Fwp%2Fv2%2Fcomments&post=17558"}],"version-history":[{"count":1,"href":"https:\/\/crees.org.do\/index.php?rest_route=\/wp\/v2\/posts\/17558\/revisions"}],"predecessor-version":[{"id":17560,"href":"https:\/\/crees.org.do\/index.php?rest_route=\/wp\/v2\/posts\/17558\/revisions\/17560"}],"wp:featuredmedia":[{"embeddable":true,"href":"https:\/\/crees.org.do\/index.php?rest_route=\/wp\/v2\/media\/17559"}],"wp:attachment":[{"href":"https:\/\/crees.org.do\/index.php?rest_route=%2Fwp%2Fv2%2Fmedia&parent=17558"}],"wp:term":[{"taxonomy":"category","embeddable":true,"href":"https:\/\/crees.org.do\/index.php?rest_route=%2Fwp%2Fv2%2Fcategories&post=17558"},{"taxonomy":"post_tag","embeddable":true,"href":"https:\/\/crees.org.do\/index.php?rest_route=%2Fwp%2Fv2%2Ftags&post=17558"}],"curies":[{"name":"wp","href":"https:\/\/api.w.org\/{rel}","templated":true}]}}