{"id":17580,"date":"2021-08-05T14:10:15","date_gmt":"2021-08-05T14:10:15","guid":{"rendered":"https:\/\/crees.org.do\/?p=17580"},"modified":"2021-08-05T15:46:39","modified_gmt":"2021-08-05T15:46:39","slug":"precios-e-impuestos-de-los-combustibles-en-la-republica-dominicana-y-en-america-central-2","status":"publish","type":"post","link":"https:\/\/crees.org.do\/?p=17580","title":{"rendered":"Precios de los combustibles en la Rep\u00fablica Dominicana y en Am\u00e9rica Central"},"content":{"rendered":"<p><img fetchpriority=\"high\" decoding=\"async\" class=\"aligncenter wp-image-17622\" src=\"https:\/\/crees.org.do\/wp-content\/uploads\/2021\/08\/1-Untitled.png\" alt=\"\" width=\"1071\" height=\"509\" srcset=\"https:\/\/crees.org.do\/wp-content\/uploads\/2021\/08\/1-Untitled.png 1360w, https:\/\/crees.org.do\/wp-content\/uploads\/2021\/08\/1-Untitled-300x143.png 300w, https:\/\/crees.org.do\/wp-content\/uploads\/2021\/08\/1-Untitled-700x333.png 700w, https:\/\/crees.org.do\/wp-content\/uploads\/2021\/08\/1-Untitled-768x365.png 768w, https:\/\/crees.org.do\/wp-content\/uploads\/2021\/08\/1-Untitled-600x285.png 600w\" sizes=\"(max-width: 1071px) 100vw, 1071px\" \/> <img decoding=\"async\" class=\"aligncenter wp-image-17623\" src=\"https:\/\/crees.org.do\/wp-content\/uploads\/2021\/08\/2-Slide-1-copy-1.png\" alt=\"\" width=\"1071\" height=\"1295\" srcset=\"https:\/\/crees.org.do\/wp-content\/uploads\/2021\/08\/2-Slide-1-copy-1.png 1360w, https:\/\/crees.org.do\/wp-content\/uploads\/2021\/08\/2-Slide-1-copy-1-248x300.png 248w, https:\/\/crees.org.do\/wp-content\/uploads\/2021\/08\/2-Slide-1-copy-1-579x700.png 579w, https:\/\/crees.org.do\/wp-content\/uploads\/2021\/08\/2-Slide-1-copy-1-768x929.png 768w, https:\/\/crees.org.do\/wp-content\/uploads\/2021\/08\/2-Slide-1-copy-1-1270x1536.png 1270w, https:\/\/crees.org.do\/wp-content\/uploads\/2021\/08\/2-Slide-1-copy-1-600x726.png 600w\" sizes=\"(max-width: 1071px) 100vw, 1071px\" \/> <img decoding=\"async\" class=\"aligncenter wp-image-17624\" src=\"https:\/\/crees.org.do\/wp-content\/uploads\/2021\/08\/3-Slide-1.png\" alt=\"\" width=\"1071\" height=\"991\" srcset=\"https:\/\/crees.org.do\/wp-content\/uploads\/2021\/08\/3-Slide-1.png 1360w, https:\/\/crees.org.do\/wp-content\/uploads\/2021\/08\/3-Slide-1-300x278.png 300w, https:\/\/crees.org.do\/wp-content\/uploads\/2021\/08\/3-Slide-1-700x648.png 700w, https:\/\/crees.org.do\/wp-content\/uploads\/2021\/08\/3-Slide-1-768x711.png 768w, https:\/\/crees.org.do\/wp-content\/uploads\/2021\/08\/3-Slide-1-600x555.png 600w\" sizes=\"(max-width: 1071px) 100vw, 1071px\" \/> <img loading=\"lazy\" decoding=\"async\" class=\"aligncenter wp-image-17625\" src=\"https:\/\/crees.org.do\/wp-content\/uploads\/2021\/08\/4-Untitled.png\" alt=\"\" width=\"1070\" height=\"277\" srcset=\"https:\/\/crees.org.do\/wp-content\/uploads\/2021\/08\/4-Untitled.png 1360w, https:\/\/crees.org.do\/wp-content\/uploads\/2021\/08\/4-Untitled-300x77.png 300w, https:\/\/crees.org.do\/wp-content\/uploads\/2021\/08\/4-Untitled-700x181.png 700w, https:\/\/crees.org.do\/wp-content\/uploads\/2021\/08\/4-Untitled-768x198.png 768w, https:\/\/crees.org.do\/wp-content\/uploads\/2021\/08\/4-Untitled-600x155.png 600w\" sizes=\"(max-width: 1070px) 100vw, 1070px\" \/><\/p>\n<p>Autor: Rolando Mart\u00ednez Ag\u00fcero<\/p>\n<p>Fecha: 5 de agosto del 2021<\/p>\n<p style=\"text-align: justify;\">Para evitar transferir el alza de los precios de los combustibles a los consumidores, en varias semanas en este a\u00f1o 2021 el gobierno dominicano ha decidido asumir los aumentos y mantener los precios sin variaci\u00f3n. Este congelamiento de precios representa un compromiso del gobierno con los importadores de m\u00e1s de RD$5,000 millones a la fecha. Sin embargo, los combustibles vendidos en Rep\u00fablica Dominicana a\u00fan se mantienen expuestos a las variaciones de los precios internacionales. Los componentes que inciden sobre la estructura de fijaci\u00f3n de precios local amplifican las variaciones internacionales y encarecen los hidrocarburos con relaci\u00f3n a econom\u00edas similares a la nuestra, como las de Centroam\u00e9rica.<\/p>\n<p style=\"text-align: justify;\">De acuerdo con la informaci\u00f3n de precios oficiales correspondientes a la semana del 18 al 24 de julio de 2021, periodo en el cual los precios de todos los combustibles estaban congelados, la gasolina premium, la gasolina regular y el gasoil \u00f3ptimo superan el promedio de Centroam\u00e9rica \u00a0en un 10.9%, 8.6% y 10.3%, respectivamente. El precio del Gas licuado de petr\u00f3leo (GLP), el combustible que actualmente m\u00e1s se vende en el pa\u00eds, tambi\u00e9n es mayor que el promedio de Centroam\u00e9rica en un 22.7%.<\/p>\n<p style=\"text-align: justify;\">M\u00e1s a\u00fan, la <strong>gasolina premium<\/strong> en Rep\u00fablica Dominicana, actualmente la gasolina que m\u00e1s se consume, es la m\u00e1s costosa en comparaci\u00f3n con los pa\u00edses de Am\u00e9rica Central, mientras que panam\u00e1 es el pa\u00eds con los precios m\u00e1s bajos.<\/p>\n<p style=\"text-align: justify;\">En cuanto a la <strong>gasolina regular<\/strong>, Rep\u00fablica Dominicana es el tercer pa\u00eds con el precio m\u00e1s alto con US$4.19 por gal\u00f3n; superada solo por Costa Rica (US$4.34\/gal\u00f3n) y Nicaragua (U$4.22\/gal\u00f3n).<\/p>\n<p style=\"text-align: justify;\">Con relaci\u00f3n al <strong>gasoil \u00f3ptimo<\/strong>, el pa\u00eds es el segundo con el precio m\u00e1s alto con US$3.61 por gal\u00f3n y es ligeramente superado por Costa Rica (US$3.62\/por gal\u00f3n).<\/p>\n<p style=\"text-align: justify;\">Los precios de los combustibles en la Rep\u00fablica Dominicana son regulados y determinados semanalmente por el Ministerio de Industria Comercio y Mipymes (MICM), y est\u00e1n conformados por tres elementos principales: 1) el precio de paridad de importaci\u00f3n, determinado mediante una f\u00f3rmula de c\u00e1lculo, y es la suma de costos relacionados con la transportaci\u00f3n de combustibles, una comisi\u00f3n que recibe el MICM por el gasto de administraci\u00f3n de la Ley de Hidrocarburos, comisiones bancarias, seguros mar\u00edtimos, entre otros costos; 2) los impuestos selectivos a los combustibles, uno de tipo especifico y otro de tipo ad-valoren; y 3) los m\u00e1rgenes de comercializaci\u00f3n para transportistas, distribuidores y detallistas establecidos mediante resoluciones emitidas por el MICM.<\/p>\n<p style=\"text-align: justify;\">Los altos impuestos cobrados a los combustibles, as\u00ed como los m\u00e1rgenes fijados por ley, son los principales factores que influyen en que los precios de los combustibles en la Rep\u00fablica Dominicana sean altos en comparaci\u00f3n con los de Centroam\u00e9rica. En el periodo mostrado, los impuestos a los combustibles en Rep\u00fablica Dominicana representaron un 35.9% del precio de la gasolina premium, un 34.8% del precio de la gasolina regular y un 26.0% del gasoil \u00f3ptimo.<\/p>\n<p style=\"text-align: justify;\">Tambi\u00e9n es preciso mencionar que hist\u00f3ricamente el precio sin impuesto de la gasolina premium, la gasolina regular y el gasoil \u00f3ptimo en Rep\u00fablica Dominicana ha sido superior que el promedio de los pa\u00edses de Am\u00e9rica Central. Esto debido a la falta de competencia, que incide en los costos de las empresas y, en consecuencia, en el precio que pagan los consumidores. En los pa\u00edses con precios libres, es decir, que no est\u00e1n regulados por el Estado, los combustibles tienden a ser menos costosos; como es el caso de Honduras, Guatemala y Nicaragua.<\/p>\n<p style=\"text-align: justify;\">Actualmente las fluctuaciones de los precios internacionales de los combustibles est\u00e1n sujetas a un gran nivel de incertidumbre. En un principio, y como respuesta a la reducci\u00f3n en la demanda, se contrajo la oferta de combustibles l\u00edquidos; pero ahora, con la reactivaci\u00f3n de la actividad econ\u00f3mica, la demanda ha crecido m\u00e1s r\u00e1pido que la oferta. De acuerdo con el \u00faltimo informe de perspectivas energ\u00e9ticas de corto plazo de la Administraci\u00f3n de Informaci\u00f3n Energ\u00e9tica de EE. UU., de julio 2021, se espera que la producci\u00f3n mundial de combustibles l\u00edquidos en los pr\u00f3ximos meses aumente m\u00e1s que el consumo, lo que podr\u00eda mantener el precio en los niveles actuales. Sin embargo, la certeza de estas expectativas est\u00e1 sujeta al desarrollo de la pandemia con la nueva variante del virus. As\u00ed como al comportamiento del incremento en la liquidez monetaria mundial, otro elemento que tambi\u00e9n incide sobre los precios del petr\u00f3leo.<\/p>\n<p style=\"text-align: justify;\">El congelamiento de precios no es la forma m\u00e1s sana de aliviar las fluctuaciones en los mercados internacionales. Cada semana que el Estado asume los aumentos implica un incremento de gasto que es pagado por los contribuyentes o con deuda. Es decir que el aumento en los precios termina siendo financiado por los impuestos que pagamos ahora o con los que pagaremos en un futuro.<\/p>\n<p style=\"text-align: justify;\">La mejor forma de mitigar el efecto las fluctuaciones en los mercados internacionales en las familias, al igual que contribuir a la revitalizaci\u00f3n de la econom\u00eda, es reducir la carga tributaria de los combustibles que pagan los consumidores. Esto no solo mejorar\u00eda las condiciones generales de la econom\u00eda por su incidencia tanto en las personas como en las empresas, sino ser\u00eda una mejora en t\u00e9rminos de competitividad con respecto a los a los pa\u00edses de Centroam\u00e9rica. En adici\u00f3n es importante reformar el marco regulatorio actual del mercado de combustibles en aquellos aspectos que limitan la competencia. Sobre todo en lo que respecta a la determinaci\u00f3n de precios por ley. La liberalizaci\u00f3n del mercado de combustibles reducir\u00eda costos y permitir\u00eda la competencia, lo que se traducir\u00eda en menores precios a los consumidores. Tambi\u00e9n dar\u00eda m\u00e1s transparencia, debido a que ente regulador solo se encargar\u00eda de regular y no de fijar precios.<\/p>\n<div class=\"pvc_clear\"><\/div>\n<p class=\"pvc_stats all \" data-element-id=\"17580\" style=\"\"><i class=\"pvc-stats-icon medium\" aria-hidden=\"true\"><svg aria-hidden=\"true\" focusable=\"false\" data-prefix=\"far\" data-icon=\"chart-bar\" role=\"img\" xmlns=\"http:\/\/www.w3.org\/2000\/svg\" viewBox=\"0 0 512 512\" class=\"svg-inline--fa fa-chart-bar fa-w-16 fa-2x\"><path fill=\"currentColor\" d=\"M396.8 352h22.4c6.4 0 12.8-6.4 12.8-12.8V108.8c0-6.4-6.4-12.8-12.8-12.8h-22.4c-6.4 0-12.8 6.4-12.8 12.8v230.4c0 6.4 6.4 12.8 12.8 12.8zm-192 0h22.4c6.4 0 12.8-6.4 12.8-12.8V140.8c0-6.4-6.4-12.8-12.8-12.8h-22.4c-6.4 0-12.8 6.4-12.8 12.8v198.4c0 6.4 6.4 12.8 12.8 12.8zm96 0h22.4c6.4 0 12.8-6.4 12.8-12.8V204.8c0-6.4-6.4-12.8-12.8-12.8h-22.4c-6.4 0-12.8 6.4-12.8 12.8v134.4c0 6.4 6.4 12.8 12.8 12.8zM496 400H48V80c0-8.84-7.16-16-16-16H16C7.16 64 0 71.16 0 80v336c0 17.67 14.33 32 32 32h464c8.84 0 16-7.16 16-16v-16c0-8.84-7.16-16-16-16zm-387.2-48h22.4c6.4 0 12.8-6.4 12.8-12.8v-70.4c0-6.4-6.4-12.8-12.8-12.8h-22.4c-6.4 0-12.8 6.4-12.8 12.8v70.4c0 6.4 6.4 12.8 12.8 12.8z\" class=\"\"><\/path><\/svg><\/i> Vistas Totales&nbsp;1,726&nbsp;, Vistas Hoy&nbsp;2&nbsp;<\/p>\n<div class=\"pvc_clear\"><\/div>\n","protected":false},"excerpt":{"rendered":"<p>Autor: Rolando Mart\u00ednez Ag\u00fcero Fecha: 5 de agosto del 2021 Para evitar transferir el alza de los precios de los combustibles a los consumidores, en varias semanas en este a\u00f1o 2021 el gobierno dominicano ha decidido asumir los aumentos y mantener los precios sin variaci\u00f3n. Este congelamiento de precios representa un compromiso del gobierno con&#8230;<\/p>\n<div class=\"pvc_clear\"><\/div>\n<p class=\"pvc_stats all \" data-element-id=\"17580\" style=\"\"><i class=\"pvc-stats-icon medium\" aria-hidden=\"true\"><svg aria-hidden=\"true\" focusable=\"false\" data-prefix=\"far\" data-icon=\"chart-bar\" role=\"img\" xmlns=\"http:\/\/www.w3.org\/2000\/svg\" viewBox=\"0 0 512 512\" class=\"svg-inline--fa fa-chart-bar fa-w-16 fa-2x\"><path fill=\"currentColor\" d=\"M396.8 352h22.4c6.4 0 12.8-6.4 12.8-12.8V108.8c0-6.4-6.4-12.8-12.8-12.8h-22.4c-6.4 0-12.8 6.4-12.8 12.8v230.4c0 6.4 6.4 12.8 12.8 12.8zm-192 0h22.4c6.4 0 12.8-6.4 12.8-12.8V140.8c0-6.4-6.4-12.8-12.8-12.8h-22.4c-6.4 0-12.8 6.4-12.8 12.8v198.4c0 6.4 6.4 12.8 12.8 12.8zm96 0h22.4c6.4 0 12.8-6.4 12.8-12.8V204.8c0-6.4-6.4-12.8-12.8-12.8h-22.4c-6.4 0-12.8 6.4-12.8 12.8v134.4c0 6.4 6.4 12.8 12.8 12.8zM496 400H48V80c0-8.84-7.16-16-16-16H16C7.16 64 0 71.16 0 80v336c0 17.67 14.33 32 32 32h464c8.84 0 16-7.16 16-16v-16c0-8.84-7.16-16-16-16zm-387.2-48h22.4c6.4 0 12.8-6.4 12.8-12.8v-70.4c0-6.4-6.4-12.8-12.8-12.8h-22.4c-6.4 0-12.8 6.4-12.8 12.8v70.4c0 6.4 6.4 12.8 12.8 12.8z\" class=\"\"><\/path><\/svg><\/i> Vistas Totales&nbsp;1,726&nbsp;, Vistas Hoy&nbsp;2&nbsp;<\/p>\n<div class=\"pvc_clear\"><\/div>\n","protected":false},"author":2,"featured_media":17622,"comment_status":"closed","ping_status":"closed","sticky":false,"template":"","format":"standard","meta":{"footnotes":""},"categories":[22],"tags":[],"class_list":["post-17580","post","type-post","status-publish","format-standard","has-post-thumbnail","hentry","category-articulos"],"yoast_head":"<!-- This site is optimized with the Yoast SEO plugin v25.2 - https:\/\/yoast.com\/wordpress\/plugins\/seo\/ -->\n<title>Precios de los combustibles en la Rep\u00fablica Dominicana y en Am\u00e9rica Central | CREES<\/title>\n<meta name=\"robots\" content=\"index, follow, max-snippet:-1, max-image-preview:large, max-video-preview:-1\" \/>\n<link rel=\"canonical\" href=\"https:\/\/crees.org.do\/?p=17580\" \/>\n<meta property=\"og:locale\" content=\"es_ES\" \/>\n<meta property=\"og:type\" content=\"article\" \/>\n<meta property=\"og:title\" content=\"Precios de los combustibles en la Rep\u00fablica Dominicana y en Am\u00e9rica Central | CREES\" \/>\n<meta property=\"og:description\" content=\"Autor: Rolando Mart\u00ednez Ag\u00fcero Fecha: 5 de agosto del 2021 Para evitar transferir el alza de los precios de los combustibles a los consumidores, en varias semanas en este a\u00f1o 2021 el gobierno dominicano ha decidido asumir los aumentos y mantener los precios sin variaci\u00f3n. Este congelamiento de precios representa un compromiso del gobierno con...\" \/>\n<meta property=\"og:url\" content=\"https:\/\/crees.org.do\/?p=17580\" \/>\n<meta property=\"og:site_name\" content=\"CREES\" \/>\n<meta property=\"article:publisher\" content=\"https:\/\/www.facebook.com\/CREESRD\/\" \/>\n<meta property=\"article:published_time\" content=\"2021-08-05T14:10:15+00:00\" \/>\n<meta property=\"article:modified_time\" content=\"2021-08-05T15:46:39+00:00\" \/>\n<meta property=\"og:image\" content=\"https:\/\/crees.org.do\/wp-content\/uploads\/2021\/08\/1-Untitled.png\" \/>\n\t<meta property=\"og:image:width\" content=\"1360\" \/>\n\t<meta property=\"og:image:height\" content=\"647\" \/>\n\t<meta property=\"og:image:type\" content=\"image\/png\" \/>\n<meta name=\"author\" content=\"Crees\" \/>\n<meta name=\"twitter:card\" content=\"summary_large_image\" \/>\n<meta name=\"twitter:creator\" content=\"@CREESRD\" \/>\n<meta name=\"twitter:site\" content=\"@CREESRD\" \/>\n<meta name=\"twitter:label1\" content=\"Escrito por\" \/>\n\t<meta name=\"twitter:data1\" content=\"Crees\" \/>\n\t<meta name=\"twitter:label2\" content=\"Tiempo de lectura\" \/>\n\t<meta name=\"twitter:data2\" content=\"5 minutos\" \/>\n<script type=\"application\/ld+json\" class=\"yoast-schema-graph\">{\"@context\":\"https:\/\/schema.org\",\"@graph\":[{\"@type\":\"Article\",\"@id\":\"https:\/\/crees.org.do\/?p=17580#article\",\"isPartOf\":{\"@id\":\"https:\/\/crees.org.do\/?p=17580\"},\"author\":{\"name\":\"Crees\",\"@id\":\"https:\/\/crees.org.do\/#\/schema\/person\/e7f97cd94d7bf9cd0e0ce30acb7d56b8\"},\"headline\":\"Precios de los combustibles en la Rep\u00fablica Dominicana y en Am\u00e9rica Central\",\"datePublished\":\"2021-08-05T14:10:15+00:00\",\"dateModified\":\"2021-08-05T15:46:39+00:00\",\"mainEntityOfPage\":{\"@id\":\"https:\/\/crees.org.do\/?p=17580\"},\"wordCount\":1035,\"publisher\":{\"@id\":\"https:\/\/crees.org.do\/#organization\"},\"image\":{\"@id\":\"https:\/\/crees.org.do\/?p=17580#primaryimage\"},\"thumbnailUrl\":\"https:\/\/crees.org.do\/wp-content\/uploads\/2021\/08\/1-Untitled.png\",\"articleSection\":[\"Art\u00edculos\"],\"inLanguage\":\"es\"},{\"@type\":\"WebPage\",\"@id\":\"https:\/\/crees.org.do\/?p=17580\",\"url\":\"https:\/\/crees.org.do\/?p=17580\",\"name\":\"Precios de los combustibles en la Rep\u00fablica Dominicana y en Am\u00e9rica Central | CREES\",\"isPartOf\":{\"@id\":\"https:\/\/crees.org.do\/#website\"},\"primaryImageOfPage\":{\"@id\":\"https:\/\/crees.org.do\/?p=17580#primaryimage\"},\"image\":{\"@id\":\"https:\/\/crees.org.do\/?p=17580#primaryimage\"},\"thumbnailUrl\":\"https:\/\/crees.org.do\/wp-content\/uploads\/2021\/08\/1-Untitled.png\",\"datePublished\":\"2021-08-05T14:10:15+00:00\",\"dateModified\":\"2021-08-05T15:46:39+00:00\",\"breadcrumb\":{\"@id\":\"https:\/\/crees.org.do\/?p=17580#breadcrumb\"},\"inLanguage\":\"es\",\"potentialAction\":[{\"@type\":\"ReadAction\",\"target\":[\"https:\/\/crees.org.do\/?p=17580\"]}]},{\"@type\":\"ImageObject\",\"inLanguage\":\"es\",\"@id\":\"https:\/\/crees.org.do\/?p=17580#primaryimage\",\"url\":\"https:\/\/crees.org.do\/wp-content\/uploads\/2021\/08\/1-Untitled.png\",\"contentUrl\":\"https:\/\/crees.org.do\/wp-content\/uploads\/2021\/08\/1-Untitled.png\",\"width\":1360,\"height\":647},{\"@type\":\"BreadcrumbList\",\"@id\":\"https:\/\/crees.org.do\/?p=17580#breadcrumb\",\"itemListElement\":[{\"@type\":\"ListItem\",\"position\":1,\"name\":\"Portada\",\"item\":\"https:\/\/crees.org.do\/\"},{\"@type\":\"ListItem\",\"position\":2,\"name\":\"Precios de los combustibles en la Rep\u00fablica Dominicana y en Am\u00e9rica Central\"}]},{\"@type\":\"WebSite\",\"@id\":\"https:\/\/crees.org.do\/#website\",\"url\":\"https:\/\/crees.org.do\/\",\"name\":\"CREES\",\"description\":\"Centro Regional de Estrategias Econ\u00f3micas Sostenibles\",\"publisher\":{\"@id\":\"https:\/\/crees.org.do\/#organization\"},\"potentialAction\":[{\"@type\":\"SearchAction\",\"target\":{\"@type\":\"EntryPoint\",\"urlTemplate\":\"https:\/\/crees.org.do\/?s={search_term_string}\"},\"query-input\":{\"@type\":\"PropertyValueSpecification\",\"valueRequired\":true,\"valueName\":\"search_term_string\"}}],\"inLanguage\":\"es\"},{\"@type\":\"Organization\",\"@id\":\"https:\/\/crees.org.do\/#organization\",\"name\":\"CREES | Centro Regional de Estrategias Econ\u00f3micas Sostenibles\",\"url\":\"https:\/\/crees.org.do\/\",\"logo\":{\"@type\":\"ImageObject\",\"inLanguage\":\"es\",\"@id\":\"https:\/\/crees.org.do\/#\/schema\/logo\/image\/\",\"url\":\"https:\/\/crees.org.do\/wp-content\/uploads\/2022\/03\/crees-logo-1.jpg\",\"contentUrl\":\"https:\/\/crees.org.do\/wp-content\/uploads\/2022\/03\/crees-logo-1.jpg\",\"width\":244,\"height\":71,\"caption\":\"CREES | Centro Regional de Estrategias Econ\u00f3micas Sostenibles\"},\"image\":{\"@id\":\"https:\/\/crees.org.do\/#\/schema\/logo\/image\/\"},\"sameAs\":[\"https:\/\/www.facebook.com\/CREESRD\/\",\"https:\/\/x.com\/CREESRD\"]},{\"@type\":\"Person\",\"@id\":\"https:\/\/crees.org.do\/#\/schema\/person\/e7f97cd94d7bf9cd0e0ce30acb7d56b8\",\"name\":\"Crees\",\"image\":{\"@type\":\"ImageObject\",\"inLanguage\":\"es\",\"@id\":\"https:\/\/crees.org.do\/#\/schema\/person\/image\/\",\"url\":\"https:\/\/secure.gravatar.com\/avatar\/390ac8f0be5d9aa046152553e2dd7011b59a512d89c150f5e5f28bb8d9a0b165?s=96&d=mm&r=g\",\"contentUrl\":\"https:\/\/secure.gravatar.com\/avatar\/390ac8f0be5d9aa046152553e2dd7011b59a512d89c150f5e5f28bb8d9a0b165?s=96&d=mm&r=g\",\"caption\":\"Crees\"},\"url\":\"https:\/\/crees.org.do\/?author=2\"}]}<\/script>\n<!-- \/ Yoast SEO plugin. -->","yoast_head_json":{"title":"Precios de los combustibles en la Rep\u00fablica Dominicana y en Am\u00e9rica Central | CREES","robots":{"index":"index","follow":"follow","max-snippet":"max-snippet:-1","max-image-preview":"max-image-preview:large","max-video-preview":"max-video-preview:-1"},"canonical":"https:\/\/crees.org.do\/?p=17580","og_locale":"es_ES","og_type":"article","og_title":"Precios de los combustibles en la Rep\u00fablica Dominicana y en Am\u00e9rica Central | CREES","og_description":"Autor: Rolando Mart\u00ednez Ag\u00fcero Fecha: 5 de agosto del 2021 Para evitar transferir el alza de los precios de los combustibles a los consumidores, en varias semanas en este a\u00f1o 2021 el gobierno dominicano ha decidido asumir los aumentos y mantener los precios sin variaci\u00f3n. Este congelamiento de precios representa un compromiso del gobierno con...","og_url":"https:\/\/crees.org.do\/?p=17580","og_site_name":"CREES","article_publisher":"https:\/\/www.facebook.com\/CREESRD\/","article_published_time":"2021-08-05T14:10:15+00:00","article_modified_time":"2021-08-05T15:46:39+00:00","og_image":[{"width":1360,"height":647,"url":"https:\/\/crees.org.do\/wp-content\/uploads\/2021\/08\/1-Untitled.png","type":"image\/png"}],"author":"Crees","twitter_card":"summary_large_image","twitter_creator":"@CREESRD","twitter_site":"@CREESRD","twitter_misc":{"Escrito por":"Crees","Tiempo de lectura":"5 minutos"},"schema":{"@context":"https:\/\/schema.org","@graph":[{"@type":"Article","@id":"https:\/\/crees.org.do\/?p=17580#article","isPartOf":{"@id":"https:\/\/crees.org.do\/?p=17580"},"author":{"name":"Crees","@id":"https:\/\/crees.org.do\/#\/schema\/person\/e7f97cd94d7bf9cd0e0ce30acb7d56b8"},"headline":"Precios de los combustibles en la Rep\u00fablica Dominicana y en Am\u00e9rica Central","datePublished":"2021-08-05T14:10:15+00:00","dateModified":"2021-08-05T15:46:39+00:00","mainEntityOfPage":{"@id":"https:\/\/crees.org.do\/?p=17580"},"wordCount":1035,"publisher":{"@id":"https:\/\/crees.org.do\/#organization"},"image":{"@id":"https:\/\/crees.org.do\/?p=17580#primaryimage"},"thumbnailUrl":"https:\/\/crees.org.do\/wp-content\/uploads\/2021\/08\/1-Untitled.png","articleSection":["Art\u00edculos"],"inLanguage":"es"},{"@type":"WebPage","@id":"https:\/\/crees.org.do\/?p=17580","url":"https:\/\/crees.org.do\/?p=17580","name":"Precios de los combustibles en la Rep\u00fablica Dominicana y en Am\u00e9rica Central | CREES","isPartOf":{"@id":"https:\/\/crees.org.do\/#website"},"primaryImageOfPage":{"@id":"https:\/\/crees.org.do\/?p=17580#primaryimage"},"image":{"@id":"https:\/\/crees.org.do\/?p=17580#primaryimage"},"thumbnailUrl":"https:\/\/crees.org.do\/wp-content\/uploads\/2021\/08\/1-Untitled.png","datePublished":"2021-08-05T14:10:15+00:00","dateModified":"2021-08-05T15:46:39+00:00","breadcrumb":{"@id":"https:\/\/crees.org.do\/?p=17580#breadcrumb"},"inLanguage":"es","potentialAction":[{"@type":"ReadAction","target":["https:\/\/crees.org.do\/?p=17580"]}]},{"@type":"ImageObject","inLanguage":"es","@id":"https:\/\/crees.org.do\/?p=17580#primaryimage","url":"https:\/\/crees.org.do\/wp-content\/uploads\/2021\/08\/1-Untitled.png","contentUrl":"https:\/\/crees.org.do\/wp-content\/uploads\/2021\/08\/1-Untitled.png","width":1360,"height":647},{"@type":"BreadcrumbList","@id":"https:\/\/crees.org.do\/?p=17580#breadcrumb","itemListElement":[{"@type":"ListItem","position":1,"name":"Portada","item":"https:\/\/crees.org.do\/"},{"@type":"ListItem","position":2,"name":"Precios de los combustibles en la Rep\u00fablica Dominicana y en Am\u00e9rica Central"}]},{"@type":"WebSite","@id":"https:\/\/crees.org.do\/#website","url":"https:\/\/crees.org.do\/","name":"CREES","description":"Centro Regional de Estrategias Econ\u00f3micas Sostenibles","publisher":{"@id":"https:\/\/crees.org.do\/#organization"},"potentialAction":[{"@type":"SearchAction","target":{"@type":"EntryPoint","urlTemplate":"https:\/\/crees.org.do\/?s={search_term_string}"},"query-input":{"@type":"PropertyValueSpecification","valueRequired":true,"valueName":"search_term_string"}}],"inLanguage":"es"},{"@type":"Organization","@id":"https:\/\/crees.org.do\/#organization","name":"CREES | Centro Regional de Estrategias Econ\u00f3micas Sostenibles","url":"https:\/\/crees.org.do\/","logo":{"@type":"ImageObject","inLanguage":"es","@id":"https:\/\/crees.org.do\/#\/schema\/logo\/image\/","url":"https:\/\/crees.org.do\/wp-content\/uploads\/2022\/03\/crees-logo-1.jpg","contentUrl":"https:\/\/crees.org.do\/wp-content\/uploads\/2022\/03\/crees-logo-1.jpg","width":244,"height":71,"caption":"CREES | Centro Regional de Estrategias Econ\u00f3micas Sostenibles"},"image":{"@id":"https:\/\/crees.org.do\/#\/schema\/logo\/image\/"},"sameAs":["https:\/\/www.facebook.com\/CREESRD\/","https:\/\/x.com\/CREESRD"]},{"@type":"Person","@id":"https:\/\/crees.org.do\/#\/schema\/person\/e7f97cd94d7bf9cd0e0ce30acb7d56b8","name":"Crees","image":{"@type":"ImageObject","inLanguage":"es","@id":"https:\/\/crees.org.do\/#\/schema\/person\/image\/","url":"https:\/\/secure.gravatar.com\/avatar\/390ac8f0be5d9aa046152553e2dd7011b59a512d89c150f5e5f28bb8d9a0b165?s=96&d=mm&r=g","contentUrl":"https:\/\/secure.gravatar.com\/avatar\/390ac8f0be5d9aa046152553e2dd7011b59a512d89c150f5e5f28bb8d9a0b165?s=96&d=mm&r=g","caption":"Crees"},"url":"https:\/\/crees.org.do\/?author=2"}]}},"_links":{"self":[{"href":"https:\/\/crees.org.do\/index.php?rest_route=\/wp\/v2\/posts\/17580","targetHints":{"allow":["GET"]}}],"collection":[{"href":"https:\/\/crees.org.do\/index.php?rest_route=\/wp\/v2\/posts"}],"about":[{"href":"https:\/\/crees.org.do\/index.php?rest_route=\/wp\/v2\/types\/post"}],"author":[{"embeddable":true,"href":"https:\/\/crees.org.do\/index.php?rest_route=\/wp\/v2\/users\/2"}],"replies":[{"embeddable":true,"href":"https:\/\/crees.org.do\/index.php?rest_route=%2Fwp%2Fv2%2Fcomments&post=17580"}],"version-history":[{"count":10,"href":"https:\/\/crees.org.do\/index.php?rest_route=\/wp\/v2\/posts\/17580\/revisions"}],"predecessor-version":[{"id":17638,"href":"https:\/\/crees.org.do\/index.php?rest_route=\/wp\/v2\/posts\/17580\/revisions\/17638"}],"wp:featuredmedia":[{"embeddable":true,"href":"https:\/\/crees.org.do\/index.php?rest_route=\/wp\/v2\/media\/17622"}],"wp:attachment":[{"href":"https:\/\/crees.org.do\/index.php?rest_route=%2Fwp%2Fv2%2Fmedia&parent=17580"}],"wp:term":[{"taxonomy":"category","embeddable":true,"href":"https:\/\/crees.org.do\/index.php?rest_route=%2Fwp%2Fv2%2Fcategories&post=17580"},{"taxonomy":"post_tag","embeddable":true,"href":"https:\/\/crees.org.do\/index.php?rest_route=%2Fwp%2Fv2%2Ftags&post=17580"}],"curies":[{"name":"wp","href":"https:\/\/api.w.org\/{rel}","templated":true}]}}