{"id":17611,"date":"2021-08-05T13:12:19","date_gmt":"2021-08-05T13:12:19","guid":{"rendered":"https:\/\/crees.org.do\/?p=17611"},"modified":"2021-08-05T15:45:37","modified_gmt":"2021-08-05T15:45:37","slug":"las-limitaciones-de-un-impuesto-corporativo-global","status":"publish","type":"post","link":"https:\/\/crees.org.do\/?p=17611","title":{"rendered":"Las limitaciones de un impuesto corporativo global"},"content":{"rendered":"<p>Autor: Manuel S\u00e1nchez Gonz\u00e1lez<\/p>\n<p>Publicado originalmente: 4 de agosto del 2021<\/p>\n<p>Extra\u00eddo de: elcato.org<\/p>\n<p style=\"text-align: justify;\">El pasado primero de julio, 130 naciones y territorios respaldaron una propuesta de crear un <strong>impuesto corporativo m\u00ednimo <\/strong>a nivel global. El plan fue elaborado y promovido por la <strong>Organizaci\u00f3n para la Cooperaci\u00f3n y el Desarrollo Econ\u00f3mico<\/strong>. De acuerdo con su comunicado, el programa busca \u201cabordar los desaf\u00edos fiscales derivados de la digitalizaci\u00f3n de la econom\u00eda\u201d.<\/p>\n<p style=\"text-align: justify;\">Este objetivo debe interpretarse como la intenci\u00f3n de obstaculizar la pr\u00e1ctica de algunas corporaciones de trasladar sus utilidades hacia jurisdicciones con menores tasas impositivas.<\/p>\n<p style=\"text-align: justify;\">La alusi\u00f3n a la <strong>digitalizaci\u00f3n<\/strong> hace referencia a las <strong>compa\u00f1\u00edas tecnol\u00f3gicas<\/strong> que, por contar con un elevado porcentaje de activos intangibles, como regal\u00edas por marcas, patentes y licencias de software, parecen realizar esa pr\u00e1ctica con mayor facilidad.<\/p>\n<p style=\"text-align: justify;\">Algunos gobiernos que apoyan el plan han sostenido que las acciones descoordinadas de los pa\u00edses han llevado a la inestabilidad del <strong>sistema tributario mundial<\/strong>. Por ello, han llamado a alcanzar una distribuci\u00f3n \u201cm\u00e1s justa\u201d de la <strong>recaudaci\u00f3n fiscal <\/strong>y detener la \u201ccarrera hacia abajo\u201d en las tasas de los impuestos corporativos, resultante de la <strong>competencia<\/strong> entre los pa\u00edses. El plan se sustenta en dos \u2018pilares\u2019, los cuales pueden resumirse como sigue.<\/p>\n<p style=\"text-align: justify;\">El pilar uno busca colectar ingresos de las<strong> empresas multinacionales<\/strong> m\u00e1s grandes y rentables, es decir, con vol\u00famenes de facturaci\u00f3n y utilidades que exceden ciertos umbrales, mediante la aplicaci\u00f3n de un impuesto sobre las utilidades que sobrepasan la mencionada referencia. Se planea que, en siete a\u00f1os, se revise a la baja el umbral de facturaci\u00f3n para comprender a m\u00e1s empresas. La finalidad es redistribuir esos recursos hacia los gobiernos de las econom\u00edas donde las corporaciones venden sus productos y servicios, y no donde tienen sus oficinas matrices como hasta ahora. Una condici\u00f3n para su aplicaci\u00f3n es la eliminaci\u00f3n de cualquier gravamen nacional a los <strong>servicios digitales<\/strong>.<\/p>\n<p style=\"text-align: justify;\">El pilar dos pretende implantar una<strong> tasa impositiva global <\/strong>de por lo menos 15 por ciento sobre las utilidades de las multinacionales cuyos ingresos financieros superen cierto monto. Para lograr que la tasa sea efectiva se establecen reglas contra las deducciones y exenciones en la base gravable.<\/p>\n<p style=\"text-align: justify;\">El plan descrito, que se espera entre en vigor en 2023, exhibe algunas limitaciones que, al parecer, no fueron suficientemente valoradas. La m\u00e1s importante consiste en la subestimaci\u00f3n de los beneficios de la competencia entre los gobiernos. Ante la elevada movilidad de los recursos productivos de alta calidad por la <strong>globalizaci\u00f3n<\/strong>, la competencia en impuestos contribuye a la conformaci\u00f3n de condiciones atractivas para la<strong> inversi\u00f3n<\/strong> y la <strong>innovaci\u00f3n<\/strong>, que promueven la eficiencia y el<strong> crecimiento econ\u00f3mico<\/strong>, en especial, de los pa\u00edses con las mejores pol\u00edticas.<\/p>\n<p style=\"text-align: justify;\">En cualquier \u00e1rea sujeta a presiones competitivas, los participantes pueden responder de dos maneras: siendo mejores que los dem\u00e1s o buscando suprimir la competencia. A pesar de que generalmente proh\u00edben los monopolios por sus conocidos efectos adversos sobre el consumidor, en materia tributaria los gobiernos optaron por la segunda opci\u00f3n, lo cual env\u00eda un mensaje contradictorio. Una peculiaridad del discurso oficial es el recurso a la idea de una \u201ccarrera hacia abajo\u201d, que tradicionalmente han utilizado los defensores de los <strong>monopolios<\/strong> y de la protecci\u00f3n, al describir err\u00f3neamente la ca\u00edda de los precios por la competencia, como causa del cierre de empresas y p\u00e9rdida de empleos en una industria.<\/p>\n<p style=\"text-align: justify;\">Adem\u00e1s, el proyecto parece promover la ficci\u00f3n de que los impuestos corporativos son financiados por las empresas. Los estudios sobre \u2018incidencia\u2019 sugieren que gran parte de la carga cae en los<strong>empleados<\/strong>, restringiendo sus remuneraciones, y el resto en los <strong>consumidores<\/strong>, con un aumento de precios y en los <strong>accionistas<\/strong>, con una disminuci\u00f3n de utilidades. Los dos pilares dif\u00edcilmente promueven la equidad internacional, al implantar una reasignaci\u00f3n de la recaudaci\u00f3n a favor de las econom\u00edas con mercados m\u00e1s grandes, y limitar la competencia de las peque\u00f1as mediante menores impuestos.<\/p>\n<p style=\"text-align: justify;\">La ejecuci\u00f3n del plan luce muy complicada. Implica la modificaci\u00f3n de tratados internacionales y reformas nacionales que requieren la aprobaci\u00f3n de los poderes legislativos de las distintas jurisdicciones. Al basarse en una <strong>redistribuci\u00f3n de ingresos<\/strong>, el sacrificio de otros y el aumento de impuestos que distorsionan la actividad econ\u00f3mica, algunos pa\u00edses pueden salir perjudicados, lo cual entorpecer\u00eda su aceptaci\u00f3n local.<\/p>\n<p style=\"text-align: justify;\">Finalmente, los c\u00e1rteles ofrecen siempre el incentivo de hacer trampa. Las posibilidades de cada naci\u00f3n de esconder apoyos fiscales a las empresas resultan casi ilimitadas.<\/p>\n<div class=\"pvc_clear\"><\/div>\n<p class=\"pvc_stats all \" data-element-id=\"17611\" style=\"\"><i class=\"pvc-stats-icon medium\" aria-hidden=\"true\"><svg aria-hidden=\"true\" focusable=\"false\" data-prefix=\"far\" data-icon=\"chart-bar\" role=\"img\" xmlns=\"http:\/\/www.w3.org\/2000\/svg\" viewBox=\"0 0 512 512\" class=\"svg-inline--fa fa-chart-bar fa-w-16 fa-2x\"><path fill=\"currentColor\" d=\"M396.8 352h22.4c6.4 0 12.8-6.4 12.8-12.8V108.8c0-6.4-6.4-12.8-12.8-12.8h-22.4c-6.4 0-12.8 6.4-12.8 12.8v230.4c0 6.4 6.4 12.8 12.8 12.8zm-192 0h22.4c6.4 0 12.8-6.4 12.8-12.8V140.8c0-6.4-6.4-12.8-12.8-12.8h-22.4c-6.4 0-12.8 6.4-12.8 12.8v198.4c0 6.4 6.4 12.8 12.8 12.8zm96 0h22.4c6.4 0 12.8-6.4 12.8-12.8V204.8c0-6.4-6.4-12.8-12.8-12.8h-22.4c-6.4 0-12.8 6.4-12.8 12.8v134.4c0 6.4 6.4 12.8 12.8 12.8zM496 400H48V80c0-8.84-7.16-16-16-16H16C7.16 64 0 71.16 0 80v336c0 17.67 14.33 32 32 32h464c8.84 0 16-7.16 16-16v-16c0-8.84-7.16-16-16-16zm-387.2-48h22.4c6.4 0 12.8-6.4 12.8-12.8v-70.4c0-6.4-6.4-12.8-12.8-12.8h-22.4c-6.4 0-12.8 6.4-12.8 12.8v70.4c0 6.4 6.4 12.8 12.8 12.8z\" class=\"\"><\/path><\/svg><\/i> Vistas Totales&nbsp;1,290&nbsp;, Vistas Hoy&nbsp;4&nbsp;<\/p>\n<div class=\"pvc_clear\"><\/div>\n","protected":false},"excerpt":{"rendered":"<p>Autor: Manuel S\u00e1nchez Gonz\u00e1lez Publicado originalmente: 4 de agosto del 2021 Extra\u00eddo de: elcato.org El pasado primero de julio, 130 naciones y territorios respaldaron una propuesta de crear un impuesto corporativo m\u00ednimo a nivel global. El plan fue elaborado y promovido por la Organizaci\u00f3n para la Cooperaci\u00f3n y el Desarrollo Econ\u00f3mico. De acuerdo con su&#8230;<\/p>\n<div class=\"pvc_clear\"><\/div>\n<p class=\"pvc_stats all \" data-element-id=\"17611\" style=\"\"><i class=\"pvc-stats-icon medium\" aria-hidden=\"true\"><svg aria-hidden=\"true\" focusable=\"false\" data-prefix=\"far\" data-icon=\"chart-bar\" role=\"img\" xmlns=\"http:\/\/www.w3.org\/2000\/svg\" viewBox=\"0 0 512 512\" class=\"svg-inline--fa fa-chart-bar fa-w-16 fa-2x\"><path fill=\"currentColor\" d=\"M396.8 352h22.4c6.4 0 12.8-6.4 12.8-12.8V108.8c0-6.4-6.4-12.8-12.8-12.8h-22.4c-6.4 0-12.8 6.4-12.8 12.8v230.4c0 6.4 6.4 12.8 12.8 12.8zm-192 0h22.4c6.4 0 12.8-6.4 12.8-12.8V140.8c0-6.4-6.4-12.8-12.8-12.8h-22.4c-6.4 0-12.8 6.4-12.8 12.8v198.4c0 6.4 6.4 12.8 12.8 12.8zm96 0h22.4c6.4 0 12.8-6.4 12.8-12.8V204.8c0-6.4-6.4-12.8-12.8-12.8h-22.4c-6.4 0-12.8 6.4-12.8 12.8v134.4c0 6.4 6.4 12.8 12.8 12.8zM496 400H48V80c0-8.84-7.16-16-16-16H16C7.16 64 0 71.16 0 80v336c0 17.67 14.33 32 32 32h464c8.84 0 16-7.16 16-16v-16c0-8.84-7.16-16-16-16zm-387.2-48h22.4c6.4 0 12.8-6.4 12.8-12.8v-70.4c0-6.4-6.4-12.8-12.8-12.8h-22.4c-6.4 0-12.8 6.4-12.8 12.8v70.4c0 6.4 6.4 12.8 12.8 12.8z\" class=\"\"><\/path><\/svg><\/i> Vistas Totales&nbsp;1,290&nbsp;, Vistas Hoy&nbsp;4&nbsp;<\/p>\n<div class=\"pvc_clear\"><\/div>\n","protected":false},"author":2,"featured_media":17612,"comment_status":"closed","ping_status":"closed","sticky":false,"template":"","format":"standard","meta":{"footnotes":""},"categories":[22],"tags":[],"class_list":["post-17611","post","type-post","status-publish","format-standard","has-post-thumbnail","hentry","category-articulos"],"yoast_head":"<!-- This site is optimized with the Yoast SEO plugin v25.2 - https:\/\/yoast.com\/wordpress\/plugins\/seo\/ -->\n<title>Las limitaciones de un impuesto corporativo global | CREES<\/title>\n<meta name=\"robots\" content=\"index, follow, max-snippet:-1, max-image-preview:large, max-video-preview:-1\" \/>\n<link rel=\"canonical\" href=\"https:\/\/crees.org.do\/?p=17611\" \/>\n<meta property=\"og:locale\" content=\"es_ES\" \/>\n<meta property=\"og:type\" content=\"article\" \/>\n<meta property=\"og:title\" content=\"Las limitaciones de un impuesto corporativo global | CREES\" \/>\n<meta property=\"og:description\" content=\"Autor: Manuel S\u00e1nchez Gonz\u00e1lez Publicado originalmente: 4 de agosto del 2021 Extra\u00eddo de: elcato.org El pasado primero de julio, 130 naciones y territorios respaldaron una propuesta de crear un impuesto corporativo m\u00ednimo a nivel global. El plan fue elaborado y promovido por la Organizaci\u00f3n para la Cooperaci\u00f3n y el Desarrollo Econ\u00f3mico. De acuerdo con su...\" \/>\n<meta property=\"og:url\" content=\"https:\/\/crees.org.do\/?p=17611\" \/>\n<meta property=\"og:site_name\" content=\"CREES\" \/>\n<meta property=\"article:publisher\" content=\"https:\/\/www.facebook.com\/CREESRD\/\" \/>\n<meta property=\"article:published_time\" content=\"2021-08-05T13:12:19+00:00\" \/>\n<meta property=\"article:modified_time\" content=\"2021-08-05T15:45:37+00:00\" \/>\n<meta property=\"og:image\" content=\"https:\/\/crees.org.do\/wp-content\/uploads\/2021\/08\/maxresdefault_29-scaled.jpg\" \/>\n\t<meta property=\"og:image:width\" content=\"1000\" \/>\n\t<meta property=\"og:image:height\" content=\"534\" \/>\n\t<meta property=\"og:image:type\" content=\"image\/jpeg\" \/>\n<meta name=\"author\" content=\"Crees\" \/>\n<meta name=\"twitter:card\" content=\"summary_large_image\" \/>\n<meta name=\"twitter:creator\" content=\"@CREESRD\" \/>\n<meta name=\"twitter:site\" content=\"@CREESRD\" \/>\n<meta name=\"twitter:label1\" content=\"Escrito por\" \/>\n\t<meta name=\"twitter:data1\" content=\"Crees\" \/>\n\t<meta name=\"twitter:label2\" content=\"Tiempo de lectura\" \/>\n\t<meta name=\"twitter:data2\" content=\"4 minutos\" \/>\n<script type=\"application\/ld+json\" class=\"yoast-schema-graph\">{\"@context\":\"https:\/\/schema.org\",\"@graph\":[{\"@type\":\"Article\",\"@id\":\"https:\/\/crees.org.do\/?p=17611#article\",\"isPartOf\":{\"@id\":\"https:\/\/crees.org.do\/?p=17611\"},\"author\":{\"name\":\"Crees\",\"@id\":\"https:\/\/crees.org.do\/#\/schema\/person\/e7f97cd94d7bf9cd0e0ce30acb7d56b8\"},\"headline\":\"Las limitaciones de un impuesto corporativo global\",\"datePublished\":\"2021-08-05T13:12:19+00:00\",\"dateModified\":\"2021-08-05T15:45:37+00:00\",\"mainEntityOfPage\":{\"@id\":\"https:\/\/crees.org.do\/?p=17611\"},\"wordCount\":795,\"publisher\":{\"@id\":\"https:\/\/crees.org.do\/#organization\"},\"image\":{\"@id\":\"https:\/\/crees.org.do\/?p=17611#primaryimage\"},\"thumbnailUrl\":\"https:\/\/crees.org.do\/wp-content\/uploads\/2021\/08\/maxresdefault_29-scaled.jpg\",\"articleSection\":[\"Art\u00edculos\"],\"inLanguage\":\"es\"},{\"@type\":\"WebPage\",\"@id\":\"https:\/\/crees.org.do\/?p=17611\",\"url\":\"https:\/\/crees.org.do\/?p=17611\",\"name\":\"Las limitaciones de un impuesto corporativo global | CREES\",\"isPartOf\":{\"@id\":\"https:\/\/crees.org.do\/#website\"},\"primaryImageOfPage\":{\"@id\":\"https:\/\/crees.org.do\/?p=17611#primaryimage\"},\"image\":{\"@id\":\"https:\/\/crees.org.do\/?p=17611#primaryimage\"},\"thumbnailUrl\":\"https:\/\/crees.org.do\/wp-content\/uploads\/2021\/08\/maxresdefault_29-scaled.jpg\",\"datePublished\":\"2021-08-05T13:12:19+00:00\",\"dateModified\":\"2021-08-05T15:45:37+00:00\",\"breadcrumb\":{\"@id\":\"https:\/\/crees.org.do\/?p=17611#breadcrumb\"},\"inLanguage\":\"es\",\"potentialAction\":[{\"@type\":\"ReadAction\",\"target\":[\"https:\/\/crees.org.do\/?p=17611\"]}]},{\"@type\":\"ImageObject\",\"inLanguage\":\"es\",\"@id\":\"https:\/\/crees.org.do\/?p=17611#primaryimage\",\"url\":\"https:\/\/crees.org.do\/wp-content\/uploads\/2021\/08\/maxresdefault_29-scaled.jpg\",\"contentUrl\":\"https:\/\/crees.org.do\/wp-content\/uploads\/2021\/08\/maxresdefault_29-scaled.jpg\",\"width\":1000,\"height\":534},{\"@type\":\"BreadcrumbList\",\"@id\":\"https:\/\/crees.org.do\/?p=17611#breadcrumb\",\"itemListElement\":[{\"@type\":\"ListItem\",\"position\":1,\"name\":\"Portada\",\"item\":\"https:\/\/crees.org.do\/\"},{\"@type\":\"ListItem\",\"position\":2,\"name\":\"Las limitaciones de un impuesto corporativo global\"}]},{\"@type\":\"WebSite\",\"@id\":\"https:\/\/crees.org.do\/#website\",\"url\":\"https:\/\/crees.org.do\/\",\"name\":\"CREES\",\"description\":\"Centro Regional de Estrategias Econ\u00f3micas Sostenibles\",\"publisher\":{\"@id\":\"https:\/\/crees.org.do\/#organization\"},\"potentialAction\":[{\"@type\":\"SearchAction\",\"target\":{\"@type\":\"EntryPoint\",\"urlTemplate\":\"https:\/\/crees.org.do\/?s={search_term_string}\"},\"query-input\":{\"@type\":\"PropertyValueSpecification\",\"valueRequired\":true,\"valueName\":\"search_term_string\"}}],\"inLanguage\":\"es\"},{\"@type\":\"Organization\",\"@id\":\"https:\/\/crees.org.do\/#organization\",\"name\":\"CREES | Centro Regional de Estrategias Econ\u00f3micas Sostenibles\",\"url\":\"https:\/\/crees.org.do\/\",\"logo\":{\"@type\":\"ImageObject\",\"inLanguage\":\"es\",\"@id\":\"https:\/\/crees.org.do\/#\/schema\/logo\/image\/\",\"url\":\"https:\/\/crees.org.do\/wp-content\/uploads\/2022\/03\/crees-logo-1.jpg\",\"contentUrl\":\"https:\/\/crees.org.do\/wp-content\/uploads\/2022\/03\/crees-logo-1.jpg\",\"width\":244,\"height\":71,\"caption\":\"CREES | Centro Regional de Estrategias Econ\u00f3micas Sostenibles\"},\"image\":{\"@id\":\"https:\/\/crees.org.do\/#\/schema\/logo\/image\/\"},\"sameAs\":[\"https:\/\/www.facebook.com\/CREESRD\/\",\"https:\/\/x.com\/CREESRD\"]},{\"@type\":\"Person\",\"@id\":\"https:\/\/crees.org.do\/#\/schema\/person\/e7f97cd94d7bf9cd0e0ce30acb7d56b8\",\"name\":\"Crees\",\"image\":{\"@type\":\"ImageObject\",\"inLanguage\":\"es\",\"@id\":\"https:\/\/crees.org.do\/#\/schema\/person\/image\/\",\"url\":\"https:\/\/secure.gravatar.com\/avatar\/390ac8f0be5d9aa046152553e2dd7011b59a512d89c150f5e5f28bb8d9a0b165?s=96&d=mm&r=g\",\"contentUrl\":\"https:\/\/secure.gravatar.com\/avatar\/390ac8f0be5d9aa046152553e2dd7011b59a512d89c150f5e5f28bb8d9a0b165?s=96&d=mm&r=g\",\"caption\":\"Crees\"},\"url\":\"https:\/\/crees.org.do\/?author=2\"}]}<\/script>\n<!-- \/ Yoast SEO plugin. -->","yoast_head_json":{"title":"Las limitaciones de un impuesto corporativo global | CREES","robots":{"index":"index","follow":"follow","max-snippet":"max-snippet:-1","max-image-preview":"max-image-preview:large","max-video-preview":"max-video-preview:-1"},"canonical":"https:\/\/crees.org.do\/?p=17611","og_locale":"es_ES","og_type":"article","og_title":"Las limitaciones de un impuesto corporativo global | CREES","og_description":"Autor: Manuel S\u00e1nchez Gonz\u00e1lez Publicado originalmente: 4 de agosto del 2021 Extra\u00eddo de: elcato.org El pasado primero de julio, 130 naciones y territorios respaldaron una propuesta de crear un impuesto corporativo m\u00ednimo a nivel global. El plan fue elaborado y promovido por la Organizaci\u00f3n para la Cooperaci\u00f3n y el Desarrollo Econ\u00f3mico. De acuerdo con su...","og_url":"https:\/\/crees.org.do\/?p=17611","og_site_name":"CREES","article_publisher":"https:\/\/www.facebook.com\/CREESRD\/","article_published_time":"2021-08-05T13:12:19+00:00","article_modified_time":"2021-08-05T15:45:37+00:00","og_image":[{"width":1000,"height":534,"url":"https:\/\/crees.org.do\/wp-content\/uploads\/2021\/08\/maxresdefault_29-scaled.jpg","type":"image\/jpeg"}],"author":"Crees","twitter_card":"summary_large_image","twitter_creator":"@CREESRD","twitter_site":"@CREESRD","twitter_misc":{"Escrito por":"Crees","Tiempo de lectura":"4 minutos"},"schema":{"@context":"https:\/\/schema.org","@graph":[{"@type":"Article","@id":"https:\/\/crees.org.do\/?p=17611#article","isPartOf":{"@id":"https:\/\/crees.org.do\/?p=17611"},"author":{"name":"Crees","@id":"https:\/\/crees.org.do\/#\/schema\/person\/e7f97cd94d7bf9cd0e0ce30acb7d56b8"},"headline":"Las limitaciones de un impuesto corporativo global","datePublished":"2021-08-05T13:12:19+00:00","dateModified":"2021-08-05T15:45:37+00:00","mainEntityOfPage":{"@id":"https:\/\/crees.org.do\/?p=17611"},"wordCount":795,"publisher":{"@id":"https:\/\/crees.org.do\/#organization"},"image":{"@id":"https:\/\/crees.org.do\/?p=17611#primaryimage"},"thumbnailUrl":"https:\/\/crees.org.do\/wp-content\/uploads\/2021\/08\/maxresdefault_29-scaled.jpg","articleSection":["Art\u00edculos"],"inLanguage":"es"},{"@type":"WebPage","@id":"https:\/\/crees.org.do\/?p=17611","url":"https:\/\/crees.org.do\/?p=17611","name":"Las limitaciones de un impuesto corporativo global | CREES","isPartOf":{"@id":"https:\/\/crees.org.do\/#website"},"primaryImageOfPage":{"@id":"https:\/\/crees.org.do\/?p=17611#primaryimage"},"image":{"@id":"https:\/\/crees.org.do\/?p=17611#primaryimage"},"thumbnailUrl":"https:\/\/crees.org.do\/wp-content\/uploads\/2021\/08\/maxresdefault_29-scaled.jpg","datePublished":"2021-08-05T13:12:19+00:00","dateModified":"2021-08-05T15:45:37+00:00","breadcrumb":{"@id":"https:\/\/crees.org.do\/?p=17611#breadcrumb"},"inLanguage":"es","potentialAction":[{"@type":"ReadAction","target":["https:\/\/crees.org.do\/?p=17611"]}]},{"@type":"ImageObject","inLanguage":"es","@id":"https:\/\/crees.org.do\/?p=17611#primaryimage","url":"https:\/\/crees.org.do\/wp-content\/uploads\/2021\/08\/maxresdefault_29-scaled.jpg","contentUrl":"https:\/\/crees.org.do\/wp-content\/uploads\/2021\/08\/maxresdefault_29-scaled.jpg","width":1000,"height":534},{"@type":"BreadcrumbList","@id":"https:\/\/crees.org.do\/?p=17611#breadcrumb","itemListElement":[{"@type":"ListItem","position":1,"name":"Portada","item":"https:\/\/crees.org.do\/"},{"@type":"ListItem","position":2,"name":"Las limitaciones de un impuesto corporativo global"}]},{"@type":"WebSite","@id":"https:\/\/crees.org.do\/#website","url":"https:\/\/crees.org.do\/","name":"CREES","description":"Centro Regional de Estrategias Econ\u00f3micas Sostenibles","publisher":{"@id":"https:\/\/crees.org.do\/#organization"},"potentialAction":[{"@type":"SearchAction","target":{"@type":"EntryPoint","urlTemplate":"https:\/\/crees.org.do\/?s={search_term_string}"},"query-input":{"@type":"PropertyValueSpecification","valueRequired":true,"valueName":"search_term_string"}}],"inLanguage":"es"},{"@type":"Organization","@id":"https:\/\/crees.org.do\/#organization","name":"CREES | Centro Regional de Estrategias Econ\u00f3micas Sostenibles","url":"https:\/\/crees.org.do\/","logo":{"@type":"ImageObject","inLanguage":"es","@id":"https:\/\/crees.org.do\/#\/schema\/logo\/image\/","url":"https:\/\/crees.org.do\/wp-content\/uploads\/2022\/03\/crees-logo-1.jpg","contentUrl":"https:\/\/crees.org.do\/wp-content\/uploads\/2022\/03\/crees-logo-1.jpg","width":244,"height":71,"caption":"CREES | Centro Regional de Estrategias Econ\u00f3micas Sostenibles"},"image":{"@id":"https:\/\/crees.org.do\/#\/schema\/logo\/image\/"},"sameAs":["https:\/\/www.facebook.com\/CREESRD\/","https:\/\/x.com\/CREESRD"]},{"@type":"Person","@id":"https:\/\/crees.org.do\/#\/schema\/person\/e7f97cd94d7bf9cd0e0ce30acb7d56b8","name":"Crees","image":{"@type":"ImageObject","inLanguage":"es","@id":"https:\/\/crees.org.do\/#\/schema\/person\/image\/","url":"https:\/\/secure.gravatar.com\/avatar\/390ac8f0be5d9aa046152553e2dd7011b59a512d89c150f5e5f28bb8d9a0b165?s=96&d=mm&r=g","contentUrl":"https:\/\/secure.gravatar.com\/avatar\/390ac8f0be5d9aa046152553e2dd7011b59a512d89c150f5e5f28bb8d9a0b165?s=96&d=mm&r=g","caption":"Crees"},"url":"https:\/\/crees.org.do\/?author=2"}]}},"_links":{"self":[{"href":"https:\/\/crees.org.do\/index.php?rest_route=\/wp\/v2\/posts\/17611","targetHints":{"allow":["GET"]}}],"collection":[{"href":"https:\/\/crees.org.do\/index.php?rest_route=\/wp\/v2\/posts"}],"about":[{"href":"https:\/\/crees.org.do\/index.php?rest_route=\/wp\/v2\/types\/post"}],"author":[{"embeddable":true,"href":"https:\/\/crees.org.do\/index.php?rest_route=\/wp\/v2\/users\/2"}],"replies":[{"embeddable":true,"href":"https:\/\/crees.org.do\/index.php?rest_route=%2Fwp%2Fv2%2Fcomments&post=17611"}],"version-history":[{"count":1,"href":"https:\/\/crees.org.do\/index.php?rest_route=\/wp\/v2\/posts\/17611\/revisions"}],"predecessor-version":[{"id":17613,"href":"https:\/\/crees.org.do\/index.php?rest_route=\/wp\/v2\/posts\/17611\/revisions\/17613"}],"wp:featuredmedia":[{"embeddable":true,"href":"https:\/\/crees.org.do\/index.php?rest_route=\/wp\/v2\/media\/17612"}],"wp:attachment":[{"href":"https:\/\/crees.org.do\/index.php?rest_route=%2Fwp%2Fv2%2Fmedia&parent=17611"}],"wp:term":[{"taxonomy":"category","embeddable":true,"href":"https:\/\/crees.org.do\/index.php?rest_route=%2Fwp%2Fv2%2Fcategories&post=17611"},{"taxonomy":"post_tag","embeddable":true,"href":"https:\/\/crees.org.do\/index.php?rest_route=%2Fwp%2Fv2%2Ftags&post=17611"}],"curies":[{"name":"wp","href":"https:\/\/api.w.org\/{rel}","templated":true}]}}