{"id":17902,"date":"2020-10-29T17:43:00","date_gmt":"2020-10-29T17:43:00","guid":{"rendered":"https:\/\/crees.org.do\/situacion-actual-del-sistema-electrico-dominicano\/"},"modified":"2021-10-14T13:51:00","modified_gmt":"2021-10-14T13:51:00","slug":"situacion-actual-del-sistema-electrico-dominicano","status":"publish","type":"post","link":"https:\/\/crees.org.do\/?p=17902","title":{"rendered":"Situaci\u00f3n actual del sistema el\u00e9ctrico dominicano"},"content":{"rendered":"<div style=\"text-align: justify;\">Autor: CREES<\/div>\n<div style=\"text-align: justify;\"><\/div>\n<div style=\"text-align: justify;\">Fecha: 29 de octubre del 2020<\/div>\n<div style=\"text-align: justify;\"><\/div>\n<div style=\"text-align: justify;\">\n<p>El mercado de electricidad de Rep\u00fablica Dominicana contin\u00faa siendo uno de los principales factores que inciden sobre la competitividad del pa\u00eds. El servicio de electricidad no es confiable, impone costos de autogeneraci\u00f3n, y es oneroso para los ciudadanos que deben pagar por el subsidio necesario para que las empresas distribuidoras puedan seguir operando. La situaci\u00f3n de ineficiencia operacional en la que se encuentran las empresas distribuidoras de electricidad (las EDE) impide que los problemas del sector sean corregidos. En las gr\u00e1ficas siguientes se muestran algunas caracter\u00edsticas del mercado de electricidad que ponen en evidencia los problemas de gesti\u00f3n de las EDE en su conjunto.<\/p>\n<p>&nbsp;<\/p>\n<p><img fetchpriority=\"high\" decoding=\"async\" class=\"aligncenter size-full wp-image-22227\" src=\"https:\/\/crees.org.do\/wp-content\/uploads\/2020\/10\/1-Title.png\" alt=\"\" width=\"3658\" height=\"2797\" srcset=\"https:\/\/crees.org.do\/wp-content\/uploads\/2020\/10\/1-Title.png 3658w, https:\/\/crees.org.do\/wp-content\/uploads\/2020\/10\/1-Title-450x344.png 450w, https:\/\/crees.org.do\/wp-content\/uploads\/2020\/10\/1-Title-2000x1529.png 2000w, https:\/\/crees.org.do\/wp-content\/uploads\/2020\/10\/1-Title-768x587.png 768w, https:\/\/crees.org.do\/wp-content\/uploads\/2020\/10\/1-Title-1536x1174.png 1536w, https:\/\/crees.org.do\/wp-content\/uploads\/2020\/10\/1-Title-2048x1566.png 2048w, https:\/\/crees.org.do\/wp-content\/uploads\/2020\/10\/1-Title-600x459.png 600w\" sizes=\"(max-width: 3658px) 100vw, 3658px\" \/><\/p>\n<p>En Rep\u00fablica Dominicana, las empresas distribuidoras de electricidad (las EDE) no tienen la capacidad de adquirir la energ\u00eda generada que entra al Sistema El\u00e9ctrico Nacional \u00a0\u00a0\u00a0Interconectado (SENI). Los constantes d\u00e9ficits en que incurren las EDE, como consecuencia de las p\u00e9rdidas de electricidad por los problemas de gesti\u00f3n de estas, impiden que dichas empresas puedan disponer de los recursos financieros para la obtenci\u00f3n de la electricidad demandada en el pa\u00eds. Esta es la principal explicaci\u00f3n de por qu\u00e9 la demanda no es suplida y se producen recurrentes apagones en el suministro. El gr\u00e1fico muestra que a\u00f1o tras a\u00f1o se produce una brecha entre la generaci\u00f3n y la energ\u00eda que compran las distribuidoras; siendo superior la energ\u00eda generada. En 2019, por ejemplo, la energ\u00eda generada fue 15% superior a la comprada por las EDE. Los datos disponibles hasta julio de este a\u00f1o se\u00f1alan la misma tendencia.<\/p>\n<p><img decoding=\"async\" class=\"aligncenter size-full wp-image-22229\" src=\"https:\/\/crees.org.do\/wp-content\/uploads\/2020\/10\/2-Title-copy-1.png\" alt=\"\" width=\"3658\" height=\"2797\" srcset=\"https:\/\/crees.org.do\/wp-content\/uploads\/2020\/10\/2-Title-copy-1.png 1200w, https:\/\/crees.org.do\/wp-content\/uploads\/2020\/10\/2-Title-copy-1-450x344.png 450w, https:\/\/crees.org.do\/wp-content\/uploads\/2020\/10\/2-Title-copy-1-2000x1529.png 2000w, https:\/\/crees.org.do\/wp-content\/uploads\/2020\/10\/2-Title-copy-1-768x587.png 768w, https:\/\/crees.org.do\/wp-content\/uploads\/2020\/10\/2-Title-copy-1-1536x1174.png 1536w, https:\/\/crees.org.do\/wp-content\/uploads\/2020\/10\/2-Title-copy-1-2048x1566.png 2048w, https:\/\/crees.org.do\/wp-content\/uploads\/2020\/10\/2-Title-copy-1-600x459.png 600w\" sizes=\"(max-width: 3658px) 100vw, 3658px\" \/><\/p>\n<p>Las p\u00e9rdidas de energ\u00eda el\u00e9ctrica es un fen\u00f3meno que caracteriza a las tres distribuidoras estatales de electricidad (EDESUR, EDENORTE y EDEESTE). La falta de inversiones en el sistema de distribuci\u00f3n, clientes sin equipos adecuados de medici\u00f3n, usuarios conectados de forma ilegal son, entre otros, factores importantes que determinan que la energ\u00eda comprada por las EDE no pueda ser facturada en su totalidad. En adici\u00f3n, una parte de la energ\u00eda facturada no es cobrada, lo cual se adiciona para obtener las p\u00e9rdidas totales. En los \u00faltimos cinco a\u00f1os las p\u00e9rdidas de las EDE promediaron 32%. Cualquier empresa que pierde una tercera parte del bien que compra, demuestra que tiene problemas de gesti\u00f3n que impiden su sostenibilidad. En los primeros siete meses de 2020 las p\u00e9rdidas evidenciaron un deterioro significativo, aumentando a 44%; 33.1% correspondiente a p\u00e9rdidas de energ\u00eda y 10.8% a energ\u00eda que fue facturada pero no pudo ser cobrada. La energ\u00eda comprada por las EDE y que no pueden facturar o cobrar representa el principal componente del subsidio que reciben del dinero de los ciudadanos para poder continuar operando; estos recursos son pagados con impuestos presentes o futuros (deuda p\u00fablica).<\/p>\n<\/div>\n<p style=\"text-align: justify;\"><img decoding=\"async\" class=\"aligncenter size-full wp-image-22230\" src=\"https:\/\/crees.org.do\/wp-content\/uploads\/2020\/10\/3-blank.png\" alt=\"\" width=\"1200\" height=\"918\" srcset=\"https:\/\/crees.org.do\/wp-content\/uploads\/2020\/10\/3-blank.png 1200w, https:\/\/crees.org.do\/wp-content\/uploads\/2020\/10\/3-blank-450x344.png 450w, https:\/\/crees.org.do\/wp-content\/uploads\/2020\/10\/3-blank-2000x1529.png 2000w, https:\/\/crees.org.do\/wp-content\/uploads\/2020\/10\/3-blank-768x587.png 768w, https:\/\/crees.org.do\/wp-content\/uploads\/2020\/10\/3-blank-1536x1174.png 1536w, https:\/\/crees.org.do\/wp-content\/uploads\/2020\/10\/3-blank-2048x1566.png 2048w, https:\/\/crees.org.do\/wp-content\/uploads\/2020\/10\/3-blank-600x459.png 600w\" sizes=\"(max-width: 1200px) 100vw, 1200px\" \/><\/p>\n<p style=\"text-align: justify;\">De acuerdo con datos de la Comisi\u00f3n de Integraci\u00f3n Energ\u00e9tica Regional, EDESUR, EDENORTE y EDEESTE se encuentran entre las empresas con mayores p\u00e9rdidas a nivel de Am\u00e9rica Latina. El organismo compil\u00f3 informaci\u00f3n de las p\u00e9rdidas de 114 empresas de distribuci\u00f3n de electricidad de Am\u00e9rica Latina para el a\u00f1o 2018. El promedio de p\u00e9rdidas de las empresas represent\u00f3 12.1%; un n\u00famero muy superior al de EDEESTE, que tuvo p\u00e9rdidas de 37.5%; al de EDESUR, cuyas p\u00e9rdidas representaron 23.9%; y a EDENORTE, con p\u00e9rdidas de electricidad de 23.1%. En el gr\u00e1fico es posible apreciar cada una de las empresas, identificada con el n\u00famero que le corresponde dentro de la muestra; y las tres distribuidoras dominicanas con sus respectivos nombres. Sin duda alguna, las estad\u00edsticas colocan a las distribuidoras locales entre las m\u00e1s ineficientes a nivel de la regi\u00f3n de Am\u00e9rica Latina.<\/p>\n<p style=\"text-align: justify;\"><img loading=\"lazy\" decoding=\"async\" class=\"aligncenter size-full wp-image-22231\" src=\"https:\/\/crees.org.do\/wp-content\/uploads\/2020\/10\/4-Title-copy-2.png\" alt=\"\" width=\"3658\" height=\"2797\" srcset=\"https:\/\/crees.org.do\/wp-content\/uploads\/2020\/10\/4-Title-copy-2.png 3658w, https:\/\/crees.org.do\/wp-content\/uploads\/2020\/10\/4-Title-copy-2-450x344.png 450w, https:\/\/crees.org.do\/wp-content\/uploads\/2020\/10\/4-Title-copy-2-2000x1529.png 2000w, https:\/\/crees.org.do\/wp-content\/uploads\/2020\/10\/4-Title-copy-2-768x587.png 768w, https:\/\/crees.org.do\/wp-content\/uploads\/2020\/10\/4-Title-copy-2-1536x1174.png 1536w, https:\/\/crees.org.do\/wp-content\/uploads\/2020\/10\/4-Title-copy-2-2048x1566.png 2048w, https:\/\/crees.org.do\/wp-content\/uploads\/2020\/10\/4-Title-copy-2-600x459.png 600w\" sizes=\"(max-width: 3658px) 100vw, 3658px\" \/><\/p>\n<p style=\"text-align: justify;\">La gr\u00e1fica No. 4 muestra el cambio que ha sufrido la matriz de generaci\u00f3n en los \u00faltimos 10 a\u00f1os. Entre 2010 y 2020, la generaci\u00f3n de electricidad en Rep\u00fablica Dominicana ha experimentado una reducci\u00f3n en la proporci\u00f3n de energ\u00eda producida a base de derivados de petr\u00f3leo. El mayor cambio se ha producido en la generaci\u00f3n en base a carb\u00f3n. La proporci\u00f3n de energ\u00eda producida en base a gas natural se ha mantenido aumentando, con tendencia a ser mayor en la medida en que plantas del sistema est\u00e1n siendo convertidas para emplear dicho combustible. En consecuencia, aunque actualmente en t\u00e9rminos porcentuales la generaci\u00f3n a gas luce ligeramente inferior, la tendencia es al aumento. Igual sucede con las fuentes llamadas renovables, a base de sol y energ\u00eda e\u00f3lica. Mientras en 2010 no entraba al SENI energ\u00eda producida por esas fuentes, actualmente entran al sistema m\u00e1s de mil GWh, o m\u00e1s del 6% del total de la generaci\u00f3n del pa\u00eds. Estos cambios en la composici\u00f3n de la matriz indican una reducci\u00f3n en los costos de generaci\u00f3n con una tendencia a continuar disminuyendo.<\/p>\n<p style=\"text-align: justify;\"><img loading=\"lazy\" decoding=\"async\" class=\"aligncenter size-full wp-image-22232\" src=\"https:\/\/crees.org.do\/wp-content\/uploads\/2020\/10\/5-Title-copy-3.png\" alt=\"\" width=\"1200\" height=\"918\" srcset=\"https:\/\/crees.org.do\/wp-content\/uploads\/2020\/10\/5-Title-copy-3.png 1200w, https:\/\/crees.org.do\/wp-content\/uploads\/2020\/10\/5-Title-copy-3-450x344.png 450w, https:\/\/crees.org.do\/wp-content\/uploads\/2020\/10\/5-Title-copy-3-2000x1529.png 2000w, https:\/\/crees.org.do\/wp-content\/uploads\/2020\/10\/5-Title-copy-3-768x587.png 768w, https:\/\/crees.org.do\/wp-content\/uploads\/2020\/10\/5-Title-copy-3-1536x1174.png 1536w, https:\/\/crees.org.do\/wp-content\/uploads\/2020\/10\/5-Title-copy-3-2048x1566.png 2048w, https:\/\/crees.org.do\/wp-content\/uploads\/2020\/10\/5-Title-copy-3-600x459.png 600w\" sizes=\"(max-width: 1200px) 100vw, 1200px\" \/><\/p>\n<p style=\"text-align: justify;\">La gr\u00e1fica presenta la tendencia a la reducci\u00f3n en el precio al cual las EDE venden electricidad a los usuarios, y el precio al cual la compran a las empresas generadoras. Los datos, expresados en centavos de d\u00f3lares, muestran la reducci\u00f3n en el tiempo en ambas variables. El precio cobrado por las EDE sigue siendo el mismo en pesos dominicanos, pero representa un monto menor debido a la p\u00e9rdida de valor de la moneda con relaci\u00f3n al d\u00f3lar estadounidense. La reducci\u00f3n que ha sufrido el precio promedio de los combustibles empleados para generaci\u00f3n, junto con el cambio de matriz, ha reducido el precio de compra a 10.69 centavos de d\u00f3lar por KWh en el periodo enero-julio de 2020. En el mismo periodo de 2019, el precio al que compraron electricidad las EDE fue 13.63 centavos\/KWh. A pesar del aumento significativo en el margen de compra y venta de electricidad que durante diferentes periodos han disfrutado EDENORTE, EDESUR y EDEESTE, la mala gesti\u00f3n de las empresas estatales no les ha permitido eliminar el d\u00e9ficit con que opera cada una.<\/p>\n<p style=\"text-align: justify;\"><img loading=\"lazy\" decoding=\"async\" class=\"aligncenter size-full wp-image-22233\" src=\"https:\/\/crees.org.do\/wp-content\/uploads\/2020\/10\/6-Title-copy-4.png\" alt=\"\" width=\"3658\" height=\"2797\" srcset=\"https:\/\/crees.org.do\/wp-content\/uploads\/2020\/10\/6-Title-copy-4.png 3658w, https:\/\/crees.org.do\/wp-content\/uploads\/2020\/10\/6-Title-copy-4-450x344.png 450w, https:\/\/crees.org.do\/wp-content\/uploads\/2020\/10\/6-Title-copy-4-2000x1529.png 2000w, https:\/\/crees.org.do\/wp-content\/uploads\/2020\/10\/6-Title-copy-4-768x587.png 768w, https:\/\/crees.org.do\/wp-content\/uploads\/2020\/10\/6-Title-copy-4-1536x1174.png 1536w, https:\/\/crees.org.do\/wp-content\/uploads\/2020\/10\/6-Title-copy-4-2048x1566.png 2048w, https:\/\/crees.org.do\/wp-content\/uploads\/2020\/10\/6-Title-copy-4-600x459.png 600w\" sizes=\"(max-width: 3658px) 100vw, 3658px\" \/><\/p>\n<p style=\"text-align: justify;\">La gr\u00e1fica muestra cu\u00e1ntos clientes atienden las EDE con cada empleado en n\u00f3mina. Desde 2010 a 2020 las EDE no han podido crear procesos que permitan que sus empleados puedan ser m\u00e1s productivos para dar servicio a sus clientes. La tendencia mundial es que los procesos automatizados permiten que cada empleado de una empresa pueda dar servicio a un n\u00famero cada vez mayor de clientes. Es un fen\u00f3meno que se verifica en todas las industrias. En la actualidad hay 298 clientes por cada empleado de las EDE, un n\u00famero que equivale al mismo valor de 2010. En julio de 2020, las EDE ten\u00edan 8,748 empleados. Esto no incluye los 1,526 registrados en la n\u00f3mina de la CDEEE, ni a los empleados de los contratistas de las empresas subcontratadas por las distribuidoras. Empresas con problemas financieros como EDENORTE, EDESUR y EDEESTE deber\u00edan procurar hacer m\u00e1s eficientes sus operaciones. Sin embargo, los n\u00fameros muestran que la eficiencia no es una meta en empresas que pueden ser subsidiadas por los contribuyentes cada vez que tienen p\u00e9rdidas financieras.<\/p>\n<p><img loading=\"lazy\" decoding=\"async\" class=\"aligncenter size-full wp-image-22234\" src=\"https:\/\/crees.org.do\/wp-content\/uploads\/2020\/10\/7-Title-copy-5.png\" alt=\"\" width=\"3658\" height=\"2797\" srcset=\"https:\/\/crees.org.do\/wp-content\/uploads\/2020\/10\/7-Title-copy-5.png 3658w, https:\/\/crees.org.do\/wp-content\/uploads\/2020\/10\/7-Title-copy-5-450x344.png 450w, https:\/\/crees.org.do\/wp-content\/uploads\/2020\/10\/7-Title-copy-5-2000x1529.png 2000w, https:\/\/crees.org.do\/wp-content\/uploads\/2020\/10\/7-Title-copy-5-768x587.png 768w, https:\/\/crees.org.do\/wp-content\/uploads\/2020\/10\/7-Title-copy-5-1536x1174.png 1536w, https:\/\/crees.org.do\/wp-content\/uploads\/2020\/10\/7-Title-copy-5-2048x1566.png 2048w, https:\/\/crees.org.do\/wp-content\/uploads\/2020\/10\/7-Title-copy-5-600x459.png 600w\" sizes=\"(max-width: 3658px) 100vw, 3658px\" \/><\/p>\n<p style=\"text-align: justify;\">Una de las consecuencias negativas de la mala gesti\u00f3n de las EDE es que se mantienen constantemente con deudas con sus suplidores; la mayor cuenta por pagar la mantienen con las generadoras de energ\u00eda el\u00e9ctrica. Es decir, las deficiencias de las EDE son cubiertas, en \u00faltima instancia por los ciudadanos con sus impuestos, sin embargo, parte de los d\u00e9ficits son financiados de forma transitoria por las empresas que le suplen materiales y energ\u00eda. Ha sido una pr\u00e1ctica constante de las distribuidoras mantener pasivos con los generadores de electricidad del pa\u00eds, lo que afecta a estas \u00faltimas empresas en sus costos para realizar mayores cambios para poder generar energ\u00eda cada vez m\u00e1s barata. En la gr\u00e1fica se muestran los saldos a final de a\u00f1o de la deuda vencida con los generadores. Como se puede apreciar, la situaci\u00f3n actual de las EDE hace que estas presentaran una deuda que en septiembre era superior a la de cierre de a\u00f1o de 2019.<\/p>\n<p style=\"text-align: justify;\">Conclusi\u00f3n<\/p>\n<p style=\"text-align: justify;\">El sistema el\u00e9ctrico de Rep\u00fablica Dominicana genera mayor cantidad de electricidad que aquella que las distribuidoras pueden adquirir. Esa energ\u00eda es adquirida a un precio inferior al que es vendida por las EDE, con tendencia a seguir decreciendo como resultado de: (1) los cambios en la matriz de generaci\u00f3n hacia fuentes m\u00e1s econ\u00f3micas, y (2) a la tendencia al abaratamiento de los combustibles en los mercados internacionales. Es preciso puntualizar, como tambi\u00e9n pudo ser apreciado, que una tercera parte de la energ\u00eda comprada por las EDE no es facturada. Las distribuidoras pierden una proporci\u00f3n de la energ\u00eda que durante 2020 ha representado el 33%; p\u00e9rdidas que aumentan debido al incremento en la morosidad que se ha producido recientemente. Para agravar sus deficiencias de gesti\u00f3n, las EDE emplean m\u00e1s personal del que necesitan para atender a su base de clientes, lo cual repercute en sus costos operativos y en el d\u00e9ficit financiero con que operan. Este d\u00e9ficit se refleja en las finanzas p\u00fablicas del pa\u00eds y debe ser cubierto por los ciudadanos. Pero tambi\u00e9n es financiado, de manera transitoria, por las mismas empresas generadoras, ya que las EDE acumulan importantes deudas por concepto de electricidad comprada pero no pagada.<\/p>\n<p style=\"text-align: justify;\">\u00a0\u00bfQu\u00e9 medidas deben de tomarse para remediar los problemas actuales del mercado el\u00e9ctrico? La siguiente es una lista de medidas que entendemos deben adoptarse con la finalidad de subsanar el principal escollo del sistema: la gesti\u00f3n de las distribuidoras de electricidad y la falta de coordinaci\u00f3n entre las instituciones que deben supervisar y normar el mercado de energ\u00eda dominicano.<\/p>\n<p style=\"text-align: justify;\">[[{&#8220;type&#8221;:&#8221;media&#8221;,&#8221;view_mode&#8221;:&#8221;media_original&#8221;,&#8221;fid&#8221;:&#8221;7837&#8243;,&#8221;attributes&#8221;:{&#8220;alt&#8221;:&#8221;&#8221;,&#8221;class&#8221;:&#8221;media-image&#8221;,&#8221;style&#8221;:&#8221;height: 502px; width: 657px;&#8221;}}]]<\/p>\n<div class=\"pvc_clear\"><\/div>\n<p class=\"pvc_stats all \" data-element-id=\"17902\" style=\"\"><i class=\"pvc-stats-icon medium\" aria-hidden=\"true\"><svg aria-hidden=\"true\" focusable=\"false\" data-prefix=\"far\" data-icon=\"chart-bar\" role=\"img\" xmlns=\"http:\/\/www.w3.org\/2000\/svg\" viewBox=\"0 0 512 512\" class=\"svg-inline--fa fa-chart-bar fa-w-16 fa-2x\"><path fill=\"currentColor\" d=\"M396.8 352h22.4c6.4 0 12.8-6.4 12.8-12.8V108.8c0-6.4-6.4-12.8-12.8-12.8h-22.4c-6.4 0-12.8 6.4-12.8 12.8v230.4c0 6.4 6.4 12.8 12.8 12.8zm-192 0h22.4c6.4 0 12.8-6.4 12.8-12.8V140.8c0-6.4-6.4-12.8-12.8-12.8h-22.4c-6.4 0-12.8 6.4-12.8 12.8v198.4c0 6.4 6.4 12.8 12.8 12.8zm96 0h22.4c6.4 0 12.8-6.4 12.8-12.8V204.8c0-6.4-6.4-12.8-12.8-12.8h-22.4c-6.4 0-12.8 6.4-12.8 12.8v134.4c0 6.4 6.4 12.8 12.8 12.8zM496 400H48V80c0-8.84-7.16-16-16-16H16C7.16 64 0 71.16 0 80v336c0 17.67 14.33 32 32 32h464c8.84 0 16-7.16 16-16v-16c0-8.84-7.16-16-16-16zm-387.2-48h22.4c6.4 0 12.8-6.4 12.8-12.8v-70.4c0-6.4-6.4-12.8-12.8-12.8h-22.4c-6.4 0-12.8 6.4-12.8 12.8v70.4c0 6.4 6.4 12.8 12.8 12.8z\" class=\"\"><\/path><\/svg><\/i> Vistas Totales&nbsp;3,834&nbsp;, Vistas Hoy&nbsp;2&nbsp;<\/p>\n<div class=\"pvc_clear\"><\/div>\n","protected":false},"excerpt":{"rendered":"<p>Autor: CREES Fecha: 29 de octubre del 2020 El mercado de electricidad de Rep\u00fablica Dominicana contin\u00faa siendo uno de los principales factores que inciden sobre la competitividad del pa\u00eds. El servicio de electricidad no es confiable, impone costos de autogeneraci\u00f3n, y es oneroso para los ciudadanos que deben pagar por el subsidio necesario para que&#8230;<\/p>\n<div class=\"pvc_clear\"><\/div>\n<p class=\"pvc_stats all \" data-element-id=\"17902\" style=\"\"><i class=\"pvc-stats-icon medium\" aria-hidden=\"true\"><svg aria-hidden=\"true\" focusable=\"false\" data-prefix=\"far\" data-icon=\"chart-bar\" role=\"img\" xmlns=\"http:\/\/www.w3.org\/2000\/svg\" viewBox=\"0 0 512 512\" class=\"svg-inline--fa fa-chart-bar fa-w-16 fa-2x\"><path fill=\"currentColor\" d=\"M396.8 352h22.4c6.4 0 12.8-6.4 12.8-12.8V108.8c0-6.4-6.4-12.8-12.8-12.8h-22.4c-6.4 0-12.8 6.4-12.8 12.8v230.4c0 6.4 6.4 12.8 12.8 12.8zm-192 0h22.4c6.4 0 12.8-6.4 12.8-12.8V140.8c0-6.4-6.4-12.8-12.8-12.8h-22.4c-6.4 0-12.8 6.4-12.8 12.8v198.4c0 6.4 6.4 12.8 12.8 12.8zm96 0h22.4c6.4 0 12.8-6.4 12.8-12.8V204.8c0-6.4-6.4-12.8-12.8-12.8h-22.4c-6.4 0-12.8 6.4-12.8 12.8v134.4c0 6.4 6.4 12.8 12.8 12.8zM496 400H48V80c0-8.84-7.16-16-16-16H16C7.16 64 0 71.16 0 80v336c0 17.67 14.33 32 32 32h464c8.84 0 16-7.16 16-16v-16c0-8.84-7.16-16-16-16zm-387.2-48h22.4c6.4 0 12.8-6.4 12.8-12.8v-70.4c0-6.4-6.4-12.8-12.8-12.8h-22.4c-6.4 0-12.8 6.4-12.8 12.8v70.4c0 6.4 6.4 12.8 12.8 12.8z\" class=\"\"><\/path><\/svg><\/i> Vistas Totales&nbsp;3,834&nbsp;, Vistas Hoy&nbsp;2&nbsp;<\/p>\n<div class=\"pvc_clear\"><\/div>\n","protected":false},"author":2,"featured_media":0,"comment_status":"closed","ping_status":"closed","sticky":false,"template":"","format":"standard","meta":{"footnotes":""},"categories":[22],"tags":[],"class_list":["post-17902","post","type-post","status-publish","format-standard","hentry","category-articulos"],"yoast_head":"<!-- This site is optimized with the Yoast SEO plugin v25.2 - https:\/\/yoast.com\/wordpress\/plugins\/seo\/ -->\n<title>Situaci\u00f3n actual del sistema el\u00e9ctrico dominicano | CREES<\/title>\n<meta name=\"robots\" content=\"index, follow, max-snippet:-1, max-image-preview:large, max-video-preview:-1\" \/>\n<link rel=\"canonical\" href=\"https:\/\/crees.org.do\/?p=17902\" \/>\n<meta property=\"og:locale\" content=\"es_ES\" \/>\n<meta property=\"og:type\" content=\"article\" \/>\n<meta property=\"og:title\" content=\"Situaci\u00f3n actual del sistema el\u00e9ctrico dominicano | CREES\" \/>\n<meta property=\"og:description\" content=\"Autor: CREES Fecha: 29 de octubre del 2020 El mercado de electricidad de Rep\u00fablica Dominicana contin\u00faa siendo uno de los principales factores que inciden sobre la competitividad del pa\u00eds. El servicio de electricidad no es confiable, impone costos de autogeneraci\u00f3n, y es oneroso para los ciudadanos que deben pagar por el subsidio necesario para que...\" \/>\n<meta property=\"og:url\" content=\"https:\/\/crees.org.do\/?p=17902\" \/>\n<meta property=\"og:site_name\" content=\"CREES\" \/>\n<meta property=\"article:publisher\" content=\"https:\/\/www.facebook.com\/CREESRD\/\" \/>\n<meta property=\"article:published_time\" content=\"2020-10-29T17:43:00+00:00\" \/>\n<meta property=\"article:modified_time\" content=\"2021-10-14T13:51:00+00:00\" \/>\n<meta property=\"og:image\" content=\"https:\/\/crees.org.do\/wp-content\/uploads\/2020\/10\/1-Title.png\" \/>\n<meta name=\"author\" content=\"Crees\" \/>\n<meta name=\"twitter:card\" content=\"summary_large_image\" \/>\n<meta name=\"twitter:creator\" content=\"@CREESRD\" \/>\n<meta name=\"twitter:site\" content=\"@CREESRD\" \/>\n<meta name=\"twitter:label1\" content=\"Escrito por\" \/>\n\t<meta name=\"twitter:data1\" content=\"Crees\" \/>\n\t<meta name=\"twitter:label2\" content=\"Tiempo de lectura\" \/>\n\t<meta name=\"twitter:data2\" content=\"8 minutos\" \/>\n<script type=\"application\/ld+json\" class=\"yoast-schema-graph\">{\"@context\":\"https:\/\/schema.org\",\"@graph\":[{\"@type\":\"Article\",\"@id\":\"https:\/\/crees.org.do\/?p=17902#article\",\"isPartOf\":{\"@id\":\"https:\/\/crees.org.do\/?p=17902\"},\"author\":{\"name\":\"Crees\",\"@id\":\"https:\/\/crees.org.do\/#\/schema\/person\/e7f97cd94d7bf9cd0e0ce30acb7d56b8\"},\"headline\":\"Situaci\u00f3n actual del sistema el\u00e9ctrico dominicano\",\"datePublished\":\"2020-10-29T17:43:00+00:00\",\"dateModified\":\"2021-10-14T13:51:00+00:00\",\"mainEntityOfPage\":{\"@id\":\"https:\/\/crees.org.do\/?p=17902\"},\"wordCount\":1675,\"publisher\":{\"@id\":\"https:\/\/crees.org.do\/#organization\"},\"image\":{\"@id\":\"https:\/\/crees.org.do\/?p=17902#primaryimage\"},\"thumbnailUrl\":\"https:\/\/crees.org.do\/wp-content\/uploads\/2020\/10\/1-Title.png\",\"articleSection\":[\"Art\u00edculos\"],\"inLanguage\":\"es\"},{\"@type\":\"WebPage\",\"@id\":\"https:\/\/crees.org.do\/?p=17902\",\"url\":\"https:\/\/crees.org.do\/?p=17902\",\"name\":\"Situaci\u00f3n actual del sistema el\u00e9ctrico dominicano | CREES\",\"isPartOf\":{\"@id\":\"https:\/\/crees.org.do\/#website\"},\"primaryImageOfPage\":{\"@id\":\"https:\/\/crees.org.do\/?p=17902#primaryimage\"},\"image\":{\"@id\":\"https:\/\/crees.org.do\/?p=17902#primaryimage\"},\"thumbnailUrl\":\"https:\/\/crees.org.do\/wp-content\/uploads\/2020\/10\/1-Title.png\",\"datePublished\":\"2020-10-29T17:43:00+00:00\",\"dateModified\":\"2021-10-14T13:51:00+00:00\",\"breadcrumb\":{\"@id\":\"https:\/\/crees.org.do\/?p=17902#breadcrumb\"},\"inLanguage\":\"es\",\"potentialAction\":[{\"@type\":\"ReadAction\",\"target\":[\"https:\/\/crees.org.do\/?p=17902\"]}]},{\"@type\":\"ImageObject\",\"inLanguage\":\"es\",\"@id\":\"https:\/\/crees.org.do\/?p=17902#primaryimage\",\"url\":\"https:\/\/crees.org.do\/wp-content\/uploads\/2020\/10\/1-Title.png\",\"contentUrl\":\"https:\/\/crees.org.do\/wp-content\/uploads\/2020\/10\/1-Title.png\",\"width\":3658,\"height\":2797},{\"@type\":\"BreadcrumbList\",\"@id\":\"https:\/\/crees.org.do\/?p=17902#breadcrumb\",\"itemListElement\":[{\"@type\":\"ListItem\",\"position\":1,\"name\":\"Portada\",\"item\":\"https:\/\/crees.org.do\/\"},{\"@type\":\"ListItem\",\"position\":2,\"name\":\"Situaci\u00f3n actual del sistema el\u00e9ctrico dominicano\"}]},{\"@type\":\"WebSite\",\"@id\":\"https:\/\/crees.org.do\/#website\",\"url\":\"https:\/\/crees.org.do\/\",\"name\":\"CREES\",\"description\":\"Centro Regional de Estrategias Econ\u00f3micas Sostenibles\",\"publisher\":{\"@id\":\"https:\/\/crees.org.do\/#organization\"},\"potentialAction\":[{\"@type\":\"SearchAction\",\"target\":{\"@type\":\"EntryPoint\",\"urlTemplate\":\"https:\/\/crees.org.do\/?s={search_term_string}\"},\"query-input\":{\"@type\":\"PropertyValueSpecification\",\"valueRequired\":true,\"valueName\":\"search_term_string\"}}],\"inLanguage\":\"es\"},{\"@type\":\"Organization\",\"@id\":\"https:\/\/crees.org.do\/#organization\",\"name\":\"CREES | Centro Regional de Estrategias Econ\u00f3micas Sostenibles\",\"url\":\"https:\/\/crees.org.do\/\",\"logo\":{\"@type\":\"ImageObject\",\"inLanguage\":\"es\",\"@id\":\"https:\/\/crees.org.do\/#\/schema\/logo\/image\/\",\"url\":\"https:\/\/crees.org.do\/wp-content\/uploads\/2022\/03\/crees-logo-1.jpg\",\"contentUrl\":\"https:\/\/crees.org.do\/wp-content\/uploads\/2022\/03\/crees-logo-1.jpg\",\"width\":244,\"height\":71,\"caption\":\"CREES | Centro Regional de Estrategias Econ\u00f3micas Sostenibles\"},\"image\":{\"@id\":\"https:\/\/crees.org.do\/#\/schema\/logo\/image\/\"},\"sameAs\":[\"https:\/\/www.facebook.com\/CREESRD\/\",\"https:\/\/x.com\/CREESRD\"]},{\"@type\":\"Person\",\"@id\":\"https:\/\/crees.org.do\/#\/schema\/person\/e7f97cd94d7bf9cd0e0ce30acb7d56b8\",\"name\":\"Crees\",\"image\":{\"@type\":\"ImageObject\",\"inLanguage\":\"es\",\"@id\":\"https:\/\/crees.org.do\/#\/schema\/person\/image\/\",\"url\":\"https:\/\/secure.gravatar.com\/avatar\/390ac8f0be5d9aa046152553e2dd7011b59a512d89c150f5e5f28bb8d9a0b165?s=96&d=mm&r=g\",\"contentUrl\":\"https:\/\/secure.gravatar.com\/avatar\/390ac8f0be5d9aa046152553e2dd7011b59a512d89c150f5e5f28bb8d9a0b165?s=96&d=mm&r=g\",\"caption\":\"Crees\"},\"url\":\"https:\/\/crees.org.do\/?author=2\"}]}<\/script>\n<!-- \/ Yoast SEO plugin. -->","yoast_head_json":{"title":"Situaci\u00f3n actual del sistema el\u00e9ctrico dominicano | CREES","robots":{"index":"index","follow":"follow","max-snippet":"max-snippet:-1","max-image-preview":"max-image-preview:large","max-video-preview":"max-video-preview:-1"},"canonical":"https:\/\/crees.org.do\/?p=17902","og_locale":"es_ES","og_type":"article","og_title":"Situaci\u00f3n actual del sistema el\u00e9ctrico dominicano | CREES","og_description":"Autor: CREES Fecha: 29 de octubre del 2020 El mercado de electricidad de Rep\u00fablica Dominicana contin\u00faa siendo uno de los principales factores que inciden sobre la competitividad del pa\u00eds. El servicio de electricidad no es confiable, impone costos de autogeneraci\u00f3n, y es oneroso para los ciudadanos que deben pagar por el subsidio necesario para que...","og_url":"https:\/\/crees.org.do\/?p=17902","og_site_name":"CREES","article_publisher":"https:\/\/www.facebook.com\/CREESRD\/","article_published_time":"2020-10-29T17:43:00+00:00","article_modified_time":"2021-10-14T13:51:00+00:00","og_image":[{"url":"https:\/\/crees.org.do\/wp-content\/uploads\/2020\/10\/1-Title.png","type":"","width":"","height":""}],"author":"Crees","twitter_card":"summary_large_image","twitter_creator":"@CREESRD","twitter_site":"@CREESRD","twitter_misc":{"Escrito por":"Crees","Tiempo de lectura":"8 minutos"},"schema":{"@context":"https:\/\/schema.org","@graph":[{"@type":"Article","@id":"https:\/\/crees.org.do\/?p=17902#article","isPartOf":{"@id":"https:\/\/crees.org.do\/?p=17902"},"author":{"name":"Crees","@id":"https:\/\/crees.org.do\/#\/schema\/person\/e7f97cd94d7bf9cd0e0ce30acb7d56b8"},"headline":"Situaci\u00f3n actual del sistema el\u00e9ctrico dominicano","datePublished":"2020-10-29T17:43:00+00:00","dateModified":"2021-10-14T13:51:00+00:00","mainEntityOfPage":{"@id":"https:\/\/crees.org.do\/?p=17902"},"wordCount":1675,"publisher":{"@id":"https:\/\/crees.org.do\/#organization"},"image":{"@id":"https:\/\/crees.org.do\/?p=17902#primaryimage"},"thumbnailUrl":"https:\/\/crees.org.do\/wp-content\/uploads\/2020\/10\/1-Title.png","articleSection":["Art\u00edculos"],"inLanguage":"es"},{"@type":"WebPage","@id":"https:\/\/crees.org.do\/?p=17902","url":"https:\/\/crees.org.do\/?p=17902","name":"Situaci\u00f3n actual del sistema el\u00e9ctrico dominicano | CREES","isPartOf":{"@id":"https:\/\/crees.org.do\/#website"},"primaryImageOfPage":{"@id":"https:\/\/crees.org.do\/?p=17902#primaryimage"},"image":{"@id":"https:\/\/crees.org.do\/?p=17902#primaryimage"},"thumbnailUrl":"https:\/\/crees.org.do\/wp-content\/uploads\/2020\/10\/1-Title.png","datePublished":"2020-10-29T17:43:00+00:00","dateModified":"2021-10-14T13:51:00+00:00","breadcrumb":{"@id":"https:\/\/crees.org.do\/?p=17902#breadcrumb"},"inLanguage":"es","potentialAction":[{"@type":"ReadAction","target":["https:\/\/crees.org.do\/?p=17902"]}]},{"@type":"ImageObject","inLanguage":"es","@id":"https:\/\/crees.org.do\/?p=17902#primaryimage","url":"https:\/\/crees.org.do\/wp-content\/uploads\/2020\/10\/1-Title.png","contentUrl":"https:\/\/crees.org.do\/wp-content\/uploads\/2020\/10\/1-Title.png","width":3658,"height":2797},{"@type":"BreadcrumbList","@id":"https:\/\/crees.org.do\/?p=17902#breadcrumb","itemListElement":[{"@type":"ListItem","position":1,"name":"Portada","item":"https:\/\/crees.org.do\/"},{"@type":"ListItem","position":2,"name":"Situaci\u00f3n actual del sistema el\u00e9ctrico dominicano"}]},{"@type":"WebSite","@id":"https:\/\/crees.org.do\/#website","url":"https:\/\/crees.org.do\/","name":"CREES","description":"Centro Regional de Estrategias Econ\u00f3micas Sostenibles","publisher":{"@id":"https:\/\/crees.org.do\/#organization"},"potentialAction":[{"@type":"SearchAction","target":{"@type":"EntryPoint","urlTemplate":"https:\/\/crees.org.do\/?s={search_term_string}"},"query-input":{"@type":"PropertyValueSpecification","valueRequired":true,"valueName":"search_term_string"}}],"inLanguage":"es"},{"@type":"Organization","@id":"https:\/\/crees.org.do\/#organization","name":"CREES | Centro Regional de Estrategias Econ\u00f3micas Sostenibles","url":"https:\/\/crees.org.do\/","logo":{"@type":"ImageObject","inLanguage":"es","@id":"https:\/\/crees.org.do\/#\/schema\/logo\/image\/","url":"https:\/\/crees.org.do\/wp-content\/uploads\/2022\/03\/crees-logo-1.jpg","contentUrl":"https:\/\/crees.org.do\/wp-content\/uploads\/2022\/03\/crees-logo-1.jpg","width":244,"height":71,"caption":"CREES | Centro Regional de Estrategias Econ\u00f3micas Sostenibles"},"image":{"@id":"https:\/\/crees.org.do\/#\/schema\/logo\/image\/"},"sameAs":["https:\/\/www.facebook.com\/CREESRD\/","https:\/\/x.com\/CREESRD"]},{"@type":"Person","@id":"https:\/\/crees.org.do\/#\/schema\/person\/e7f97cd94d7bf9cd0e0ce30acb7d56b8","name":"Crees","image":{"@type":"ImageObject","inLanguage":"es","@id":"https:\/\/crees.org.do\/#\/schema\/person\/image\/","url":"https:\/\/secure.gravatar.com\/avatar\/390ac8f0be5d9aa046152553e2dd7011b59a512d89c150f5e5f28bb8d9a0b165?s=96&d=mm&r=g","contentUrl":"https:\/\/secure.gravatar.com\/avatar\/390ac8f0be5d9aa046152553e2dd7011b59a512d89c150f5e5f28bb8d9a0b165?s=96&d=mm&r=g","caption":"Crees"},"url":"https:\/\/crees.org.do\/?author=2"}]}},"_links":{"self":[{"href":"https:\/\/crees.org.do\/index.php?rest_route=\/wp\/v2\/posts\/17902","targetHints":{"allow":["GET"]}}],"collection":[{"href":"https:\/\/crees.org.do\/index.php?rest_route=\/wp\/v2\/posts"}],"about":[{"href":"https:\/\/crees.org.do\/index.php?rest_route=\/wp\/v2\/types\/post"}],"author":[{"embeddable":true,"href":"https:\/\/crees.org.do\/index.php?rest_route=\/wp\/v2\/users\/2"}],"replies":[{"embeddable":true,"href":"https:\/\/crees.org.do\/index.php?rest_route=%2Fwp%2Fv2%2Fcomments&post=17902"}],"version-history":[{"count":6,"href":"https:\/\/crees.org.do\/index.php?rest_route=\/wp\/v2\/posts\/17902\/revisions"}],"predecessor-version":[{"id":22235,"href":"https:\/\/crees.org.do\/index.php?rest_route=\/wp\/v2\/posts\/17902\/revisions\/22235"}],"wp:attachment":[{"href":"https:\/\/crees.org.do\/index.php?rest_route=%2Fwp%2Fv2%2Fmedia&parent=17902"}],"wp:term":[{"taxonomy":"category","embeddable":true,"href":"https:\/\/crees.org.do\/index.php?rest_route=%2Fwp%2Fv2%2Fcategories&post=17902"},{"taxonomy":"post_tag","embeddable":true,"href":"https:\/\/crees.org.do\/index.php?rest_route=%2Fwp%2Fv2%2Ftags&post=17902"}],"curies":[{"name":"wp","href":"https:\/\/api.w.org\/{rel}","templated":true}]}}