{"id":18035,"date":"2021-07-28T19:20:46","date_gmt":"2021-07-28T19:20:46","guid":{"rendered":"https:\/\/crees.org.do\/?p=18035"},"modified":"2021-08-09T19:21:17","modified_gmt":"2021-08-09T19:21:17","slug":"anje-profundiza-proyecto-de-ley-de-responsabilidad-y-transparencia-fiscal-de-crees","status":"publish","type":"post","link":"https:\/\/crees.org.do\/?p=18035","title":{"rendered":"ANJE profundiza proyecto de ley de responsabilidad y transparencia fiscal de crees"},"content":{"rendered":"<p>Autor: Redacci\u00f3n<\/p>\n<p>Fecha: 28 de julio del 2021<\/p>\n<p>Extra\u00eddo de: <a href=\"https:\/\/www.elcaribe.com.do\/destacado\/anje-profundiza-proyecto-de-ley-de-responsabilidad-y-transparencia-fiscal-de-crees\/\">El Caribe<\/a><\/p>\n<p>La Asociaci\u00f3n Nacional de J\u00f3venes Empresarios (ANJE) recibi\u00f3 en un encuentro virtual a Miguel Collado, vicepresidente ejecutivo del Centro Regional de Estrategias Econ\u00f3micas Sostenibles (CREES), para profundizar sobre el proyecto de ley de responsabilidad y transparencia fiscal que promueve esta entidad.<\/p>\n<p>\u201cDesde ANJE valoramos el uso de reglas fiscales, como una herramienta para procurar el mejor manejo de las finanzas p\u00fablicas y con ello garantizar la sostenibilidad fiscal en el largo plazo, con la finalidad de evitar los presupuestos deficitarios anuales, entre otros\u201d manifest\u00f3 Susana Mart\u00ednez Nadal, presidenta de ANJE.<\/p>\n<p>\u201cNosotros en el CREES redactamos una ley cuyas reglas son f\u00e1ciles de comprender, con la cual la ciudadan\u00eda podr\u00e1 evaluar si el gobierno est\u00e1 teniendo un desempe\u00f1o responsable en el manejo de las finanzas p\u00fablicas\u201d, dijo Collado.<\/p>\n<p>Adem\u00e1s, el economista present\u00f3 un an\u00e1lisis general del proyecto de presupuesto complementario que cursa en el Congreso Nacional a fin de dar una visi\u00f3n integral del panorama econ\u00f3mico actual, se refiri\u00f3 a la situaci\u00f3n fiscal de la Rep\u00fablica Dominicana, y un an\u00e1lisis comparativo de los pa\u00edses de la regi\u00f3n en cuanto a las normativas que han implementado para promover la transparencia fiscal.<\/p>\n<p>Durante el encuentro participaron miembros de la Junta Directiva de la Asociaci\u00f3n, socios e invitados especiales.<\/p>\n<div class=\"pvc_clear\"><\/div>\n<p class=\"pvc_stats all \" data-element-id=\"18035\" style=\"\"><i class=\"pvc-stats-icon medium\" aria-hidden=\"true\"><svg aria-hidden=\"true\" focusable=\"false\" data-prefix=\"far\" data-icon=\"chart-bar\" role=\"img\" xmlns=\"http:\/\/www.w3.org\/2000\/svg\" viewBox=\"0 0 512 512\" class=\"svg-inline--fa fa-chart-bar fa-w-16 fa-2x\"><path fill=\"currentColor\" d=\"M396.8 352h22.4c6.4 0 12.8-6.4 12.8-12.8V108.8c0-6.4-6.4-12.8-12.8-12.8h-22.4c-6.4 0-12.8 6.4-12.8 12.8v230.4c0 6.4 6.4 12.8 12.8 12.8zm-192 0h22.4c6.4 0 12.8-6.4 12.8-12.8V140.8c0-6.4-6.4-12.8-12.8-12.8h-22.4c-6.4 0-12.8 6.4-12.8 12.8v198.4c0 6.4 6.4 12.8 12.8 12.8zm96 0h22.4c6.4 0 12.8-6.4 12.8-12.8V204.8c0-6.4-6.4-12.8-12.8-12.8h-22.4c-6.4 0-12.8 6.4-12.8 12.8v134.4c0 6.4 6.4 12.8 12.8 12.8zM496 400H48V80c0-8.84-7.16-16-16-16H16C7.16 64 0 71.16 0 80v336c0 17.67 14.33 32 32 32h464c8.84 0 16-7.16 16-16v-16c0-8.84-7.16-16-16-16zm-387.2-48h22.4c6.4 0 12.8-6.4 12.8-12.8v-70.4c0-6.4-6.4-12.8-12.8-12.8h-22.4c-6.4 0-12.8 6.4-12.8 12.8v70.4c0 6.4 6.4 12.8 12.8 12.8z\" class=\"\"><\/path><\/svg><\/i> Vistas Totales&nbsp;1,225&nbsp;, Vistas Hoy&nbsp;6&nbsp;<\/p>\n<div class=\"pvc_clear\"><\/div>\n","protected":false},"excerpt":{"rendered":"<p>Autor: Redacci\u00f3n Fecha: 28 de julio del 2021 Extra\u00eddo de: El Caribe La Asociaci\u00f3n Nacional de J\u00f3venes Empresarios (ANJE) recibi\u00f3 en un encuentro virtual a Miguel Collado, vicepresidente ejecutivo del Centro Regional de Estrategias Econ\u00f3micas Sostenibles (CREES), para profundizar sobre el proyecto de ley de responsabilidad y transparencia fiscal que promueve esta entidad. \u201cDesde ANJE&#8230;<\/p>\n<div class=\"pvc_clear\"><\/div>\n<p class=\"pvc_stats all \" data-element-id=\"18035\" style=\"\"><i class=\"pvc-stats-icon medium\" aria-hidden=\"true\"><svg aria-hidden=\"true\" focusable=\"false\" data-prefix=\"far\" data-icon=\"chart-bar\" role=\"img\" xmlns=\"http:\/\/www.w3.org\/2000\/svg\" viewBox=\"0 0 512 512\" class=\"svg-inline--fa fa-chart-bar fa-w-16 fa-2x\"><path fill=\"currentColor\" d=\"M396.8 352h22.4c6.4 0 12.8-6.4 12.8-12.8V108.8c0-6.4-6.4-12.8-12.8-12.8h-22.4c-6.4 0-12.8 6.4-12.8 12.8v230.4c0 6.4 6.4 12.8 12.8 12.8zm-192 0h22.4c6.4 0 12.8-6.4 12.8-12.8V140.8c0-6.4-6.4-12.8-12.8-12.8h-22.4c-6.4 0-12.8 6.4-12.8 12.8v198.4c0 6.4 6.4 12.8 12.8 12.8zm96 0h22.4c6.4 0 12.8-6.4 12.8-12.8V204.8c0-6.4-6.4-12.8-12.8-12.8h-22.4c-6.4 0-12.8 6.4-12.8 12.8v134.4c0 6.4 6.4 12.8 12.8 12.8zM496 400H48V80c0-8.84-7.16-16-16-16H16C7.16 64 0 71.16 0 80v336c0 17.67 14.33 32 32 32h464c8.84 0 16-7.16 16-16v-16c0-8.84-7.16-16-16-16zm-387.2-48h22.4c6.4 0 12.8-6.4 12.8-12.8v-70.4c0-6.4-6.4-12.8-12.8-12.8h-22.4c-6.4 0-12.8 6.4-12.8 12.8v70.4c0 6.4 6.4 12.8 12.8 12.8z\" class=\"\"><\/path><\/svg><\/i> Vistas Totales&nbsp;1,225&nbsp;, Vistas Hoy&nbsp;6&nbsp;<\/p>\n<div class=\"pvc_clear\"><\/div>\n","protected":false},"author":2,"featured_media":18036,"comment_status":"closed","ping_status":"closed","sticky":false,"template":"","format":"standard","meta":{"footnotes":""},"categories":[19],"tags":[],"class_list":["post-18035","post","type-post","status-publish","format-standard","has-post-thumbnail","hentry","category-actualidad"],"yoast_head":"<!-- This site is optimized with the Yoast SEO plugin v25.2 - https:\/\/yoast.com\/wordpress\/plugins\/seo\/ -->\n<title>ANJE profundiza proyecto de ley de responsabilidad y transparencia fiscal de crees | CREES<\/title>\n<meta name=\"robots\" content=\"index, follow, max-snippet:-1, max-image-preview:large, max-video-preview:-1\" \/>\n<link rel=\"canonical\" href=\"https:\/\/crees.org.do\/?p=18035\" \/>\n<meta property=\"og:locale\" content=\"es_ES\" \/>\n<meta property=\"og:type\" content=\"article\" \/>\n<meta property=\"og:title\" content=\"ANJE profundiza proyecto de ley de responsabilidad y transparencia fiscal de crees | CREES\" \/>\n<meta property=\"og:description\" content=\"Autor: Redacci\u00f3n Fecha: 28 de julio del 2021 Extra\u00eddo de: El Caribe La Asociaci\u00f3n Nacional de J\u00f3venes Empresarios (ANJE) recibi\u00f3 en un encuentro virtual a Miguel Collado, vicepresidente ejecutivo del Centro Regional de Estrategias Econ\u00f3micas Sostenibles (CREES), para profundizar sobre el proyecto de ley de responsabilidad y transparencia fiscal que promueve esta entidad. \u201cDesde ANJE...\" \/>\n<meta property=\"og:url\" content=\"https:\/\/crees.org.do\/?p=18035\" \/>\n<meta property=\"og:site_name\" content=\"CREES\" \/>\n<meta property=\"article:publisher\" content=\"https:\/\/www.facebook.com\/CREESRD\/\" \/>\n<meta property=\"article:published_time\" content=\"2021-07-28T19:20:46+00:00\" \/>\n<meta property=\"article:modified_time\" content=\"2021-08-09T19:21:17+00:00\" \/>\n<meta property=\"og:image\" content=\"https:\/\/crees.org.do\/wp-content\/uploads\/2021\/08\/81818029-anje-1-6101a9a0b67ce-scaled.jpeg\" \/>\n\t<meta property=\"og:image:width\" content=\"1200\" \/>\n\t<meta property=\"og:image:height\" content=\"1200\" \/>\n\t<meta property=\"og:image:type\" content=\"image\/jpeg\" \/>\n<meta name=\"author\" content=\"Crees\" \/>\n<meta name=\"twitter:card\" content=\"summary_large_image\" \/>\n<meta name=\"twitter:creator\" content=\"@CREESRD\" \/>\n<meta name=\"twitter:site\" content=\"@CREESRD\" \/>\n<meta name=\"twitter:label1\" content=\"Escrito por\" \/>\n\t<meta name=\"twitter:data1\" content=\"Crees\" \/>\n\t<meta name=\"twitter:label2\" content=\"Tiempo de lectura\" \/>\n\t<meta name=\"twitter:data2\" content=\"1 minuto\" \/>\n<script type=\"application\/ld+json\" class=\"yoast-schema-graph\">{\"@context\":\"https:\/\/schema.org\",\"@graph\":[{\"@type\":\"Article\",\"@id\":\"https:\/\/crees.org.do\/?p=18035#article\",\"isPartOf\":{\"@id\":\"https:\/\/crees.org.do\/?p=18035\"},\"author\":{\"name\":\"Crees\",\"@id\":\"https:\/\/crees.org.do\/#\/schema\/person\/e7f97cd94d7bf9cd0e0ce30acb7d56b8\"},\"headline\":\"ANJE profundiza proyecto de ley de responsabilidad y transparencia fiscal de crees\",\"datePublished\":\"2021-07-28T19:20:46+00:00\",\"dateModified\":\"2021-08-09T19:21:17+00:00\",\"mainEntityOfPage\":{\"@id\":\"https:\/\/crees.org.do\/?p=18035\"},\"wordCount\":248,\"publisher\":{\"@id\":\"https:\/\/crees.org.do\/#organization\"},\"image\":{\"@id\":\"https:\/\/crees.org.do\/?p=18035#primaryimage\"},\"thumbnailUrl\":\"https:\/\/crees.org.do\/wp-content\/uploads\/2021\/08\/81818029-anje-1-6101a9a0b67ce-scaled.jpeg\",\"articleSection\":[\"Actualidad\"],\"inLanguage\":\"es\"},{\"@type\":\"WebPage\",\"@id\":\"https:\/\/crees.org.do\/?p=18035\",\"url\":\"https:\/\/crees.org.do\/?p=18035\",\"name\":\"ANJE profundiza proyecto de ley de responsabilidad y transparencia fiscal de crees | CREES\",\"isPartOf\":{\"@id\":\"https:\/\/crees.org.do\/#website\"},\"primaryImageOfPage\":{\"@id\":\"https:\/\/crees.org.do\/?p=18035#primaryimage\"},\"image\":{\"@id\":\"https:\/\/crees.org.do\/?p=18035#primaryimage\"},\"thumbnailUrl\":\"https:\/\/crees.org.do\/wp-content\/uploads\/2021\/08\/81818029-anje-1-6101a9a0b67ce-scaled.jpeg\",\"datePublished\":\"2021-07-28T19:20:46+00:00\",\"dateModified\":\"2021-08-09T19:21:17+00:00\",\"breadcrumb\":{\"@id\":\"https:\/\/crees.org.do\/?p=18035#breadcrumb\"},\"inLanguage\":\"es\",\"potentialAction\":[{\"@type\":\"ReadAction\",\"target\":[\"https:\/\/crees.org.do\/?p=18035\"]}]},{\"@type\":\"ImageObject\",\"inLanguage\":\"es\",\"@id\":\"https:\/\/crees.org.do\/?p=18035#primaryimage\",\"url\":\"https:\/\/crees.org.do\/wp-content\/uploads\/2021\/08\/81818029-anje-1-6101a9a0b67ce-scaled.jpeg\",\"contentUrl\":\"https:\/\/crees.org.do\/wp-content\/uploads\/2021\/08\/81818029-anje-1-6101a9a0b67ce-scaled.jpeg\",\"width\":1200,\"height\":1200},{\"@type\":\"BreadcrumbList\",\"@id\":\"https:\/\/crees.org.do\/?p=18035#breadcrumb\",\"itemListElement\":[{\"@type\":\"ListItem\",\"position\":1,\"name\":\"Portada\",\"item\":\"https:\/\/crees.org.do\/\"},{\"@type\":\"ListItem\",\"position\":2,\"name\":\"ANJE profundiza proyecto de ley de responsabilidad y transparencia fiscal de crees\"}]},{\"@type\":\"WebSite\",\"@id\":\"https:\/\/crees.org.do\/#website\",\"url\":\"https:\/\/crees.org.do\/\",\"name\":\"CREES\",\"description\":\"Centro Regional de Estrategias Econ\u00f3micas Sostenibles\",\"publisher\":{\"@id\":\"https:\/\/crees.org.do\/#organization\"},\"potentialAction\":[{\"@type\":\"SearchAction\",\"target\":{\"@type\":\"EntryPoint\",\"urlTemplate\":\"https:\/\/crees.org.do\/?s={search_term_string}\"},\"query-input\":{\"@type\":\"PropertyValueSpecification\",\"valueRequired\":true,\"valueName\":\"search_term_string\"}}],\"inLanguage\":\"es\"},{\"@type\":\"Organization\",\"@id\":\"https:\/\/crees.org.do\/#organization\",\"name\":\"CREES | Centro Regional de Estrategias Econ\u00f3micas Sostenibles\",\"url\":\"https:\/\/crees.org.do\/\",\"logo\":{\"@type\":\"ImageObject\",\"inLanguage\":\"es\",\"@id\":\"https:\/\/crees.org.do\/#\/schema\/logo\/image\/\",\"url\":\"https:\/\/crees.org.do\/wp-content\/uploads\/2022\/03\/crees-logo-1.jpg\",\"contentUrl\":\"https:\/\/crees.org.do\/wp-content\/uploads\/2022\/03\/crees-logo-1.jpg\",\"width\":244,\"height\":71,\"caption\":\"CREES | Centro Regional de Estrategias Econ\u00f3micas Sostenibles\"},\"image\":{\"@id\":\"https:\/\/crees.org.do\/#\/schema\/logo\/image\/\"},\"sameAs\":[\"https:\/\/www.facebook.com\/CREESRD\/\",\"https:\/\/x.com\/CREESRD\"]},{\"@type\":\"Person\",\"@id\":\"https:\/\/crees.org.do\/#\/schema\/person\/e7f97cd94d7bf9cd0e0ce30acb7d56b8\",\"name\":\"Crees\",\"image\":{\"@type\":\"ImageObject\",\"inLanguage\":\"es\",\"@id\":\"https:\/\/crees.org.do\/#\/schema\/person\/image\/\",\"url\":\"https:\/\/secure.gravatar.com\/avatar\/390ac8f0be5d9aa046152553e2dd7011b59a512d89c150f5e5f28bb8d9a0b165?s=96&d=mm&r=g\",\"contentUrl\":\"https:\/\/secure.gravatar.com\/avatar\/390ac8f0be5d9aa046152553e2dd7011b59a512d89c150f5e5f28bb8d9a0b165?s=96&d=mm&r=g\",\"caption\":\"Crees\"},\"url\":\"https:\/\/crees.org.do\/?author=2\"}]}<\/script>\n<!-- \/ Yoast SEO plugin. -->","yoast_head_json":{"title":"ANJE profundiza proyecto de ley de responsabilidad y transparencia fiscal de crees | CREES","robots":{"index":"index","follow":"follow","max-snippet":"max-snippet:-1","max-image-preview":"max-image-preview:large","max-video-preview":"max-video-preview:-1"},"canonical":"https:\/\/crees.org.do\/?p=18035","og_locale":"es_ES","og_type":"article","og_title":"ANJE profundiza proyecto de ley de responsabilidad y transparencia fiscal de crees | CREES","og_description":"Autor: Redacci\u00f3n Fecha: 28 de julio del 2021 Extra\u00eddo de: El Caribe La Asociaci\u00f3n Nacional de J\u00f3venes Empresarios (ANJE) recibi\u00f3 en un encuentro virtual a Miguel Collado, vicepresidente ejecutivo del Centro Regional de Estrategias Econ\u00f3micas Sostenibles (CREES), para profundizar sobre el proyecto de ley de responsabilidad y transparencia fiscal que promueve esta entidad. \u201cDesde ANJE...","og_url":"https:\/\/crees.org.do\/?p=18035","og_site_name":"CREES","article_publisher":"https:\/\/www.facebook.com\/CREESRD\/","article_published_time":"2021-07-28T19:20:46+00:00","article_modified_time":"2021-08-09T19:21:17+00:00","og_image":[{"width":1200,"height":1200,"url":"https:\/\/crees.org.do\/wp-content\/uploads\/2021\/08\/81818029-anje-1-6101a9a0b67ce-scaled.jpeg","type":"image\/jpeg"}],"author":"Crees","twitter_card":"summary_large_image","twitter_creator":"@CREESRD","twitter_site":"@CREESRD","twitter_misc":{"Escrito por":"Crees","Tiempo de lectura":"1 minuto"},"schema":{"@context":"https:\/\/schema.org","@graph":[{"@type":"Article","@id":"https:\/\/crees.org.do\/?p=18035#article","isPartOf":{"@id":"https:\/\/crees.org.do\/?p=18035"},"author":{"name":"Crees","@id":"https:\/\/crees.org.do\/#\/schema\/person\/e7f97cd94d7bf9cd0e0ce30acb7d56b8"},"headline":"ANJE profundiza proyecto de ley de responsabilidad y transparencia fiscal de crees","datePublished":"2021-07-28T19:20:46+00:00","dateModified":"2021-08-09T19:21:17+00:00","mainEntityOfPage":{"@id":"https:\/\/crees.org.do\/?p=18035"},"wordCount":248,"publisher":{"@id":"https:\/\/crees.org.do\/#organization"},"image":{"@id":"https:\/\/crees.org.do\/?p=18035#primaryimage"},"thumbnailUrl":"https:\/\/crees.org.do\/wp-content\/uploads\/2021\/08\/81818029-anje-1-6101a9a0b67ce-scaled.jpeg","articleSection":["Actualidad"],"inLanguage":"es"},{"@type":"WebPage","@id":"https:\/\/crees.org.do\/?p=18035","url":"https:\/\/crees.org.do\/?p=18035","name":"ANJE profundiza proyecto de ley de responsabilidad y transparencia fiscal de crees | CREES","isPartOf":{"@id":"https:\/\/crees.org.do\/#website"},"primaryImageOfPage":{"@id":"https:\/\/crees.org.do\/?p=18035#primaryimage"},"image":{"@id":"https:\/\/crees.org.do\/?p=18035#primaryimage"},"thumbnailUrl":"https:\/\/crees.org.do\/wp-content\/uploads\/2021\/08\/81818029-anje-1-6101a9a0b67ce-scaled.jpeg","datePublished":"2021-07-28T19:20:46+00:00","dateModified":"2021-08-09T19:21:17+00:00","breadcrumb":{"@id":"https:\/\/crees.org.do\/?p=18035#breadcrumb"},"inLanguage":"es","potentialAction":[{"@type":"ReadAction","target":["https:\/\/crees.org.do\/?p=18035"]}]},{"@type":"ImageObject","inLanguage":"es","@id":"https:\/\/crees.org.do\/?p=18035#primaryimage","url":"https:\/\/crees.org.do\/wp-content\/uploads\/2021\/08\/81818029-anje-1-6101a9a0b67ce-scaled.jpeg","contentUrl":"https:\/\/crees.org.do\/wp-content\/uploads\/2021\/08\/81818029-anje-1-6101a9a0b67ce-scaled.jpeg","width":1200,"height":1200},{"@type":"BreadcrumbList","@id":"https:\/\/crees.org.do\/?p=18035#breadcrumb","itemListElement":[{"@type":"ListItem","position":1,"name":"Portada","item":"https:\/\/crees.org.do\/"},{"@type":"ListItem","position":2,"name":"ANJE profundiza proyecto de ley de responsabilidad y transparencia fiscal de crees"}]},{"@type":"WebSite","@id":"https:\/\/crees.org.do\/#website","url":"https:\/\/crees.org.do\/","name":"CREES","description":"Centro Regional de Estrategias Econ\u00f3micas Sostenibles","publisher":{"@id":"https:\/\/crees.org.do\/#organization"},"potentialAction":[{"@type":"SearchAction","target":{"@type":"EntryPoint","urlTemplate":"https:\/\/crees.org.do\/?s={search_term_string}"},"query-input":{"@type":"PropertyValueSpecification","valueRequired":true,"valueName":"search_term_string"}}],"inLanguage":"es"},{"@type":"Organization","@id":"https:\/\/crees.org.do\/#organization","name":"CREES | Centro Regional de Estrategias Econ\u00f3micas Sostenibles","url":"https:\/\/crees.org.do\/","logo":{"@type":"ImageObject","inLanguage":"es","@id":"https:\/\/crees.org.do\/#\/schema\/logo\/image\/","url":"https:\/\/crees.org.do\/wp-content\/uploads\/2022\/03\/crees-logo-1.jpg","contentUrl":"https:\/\/crees.org.do\/wp-content\/uploads\/2022\/03\/crees-logo-1.jpg","width":244,"height":71,"caption":"CREES | Centro Regional de Estrategias Econ\u00f3micas Sostenibles"},"image":{"@id":"https:\/\/crees.org.do\/#\/schema\/logo\/image\/"},"sameAs":["https:\/\/www.facebook.com\/CREESRD\/","https:\/\/x.com\/CREESRD"]},{"@type":"Person","@id":"https:\/\/crees.org.do\/#\/schema\/person\/e7f97cd94d7bf9cd0e0ce30acb7d56b8","name":"Crees","image":{"@type":"ImageObject","inLanguage":"es","@id":"https:\/\/crees.org.do\/#\/schema\/person\/image\/","url":"https:\/\/secure.gravatar.com\/avatar\/390ac8f0be5d9aa046152553e2dd7011b59a512d89c150f5e5f28bb8d9a0b165?s=96&d=mm&r=g","contentUrl":"https:\/\/secure.gravatar.com\/avatar\/390ac8f0be5d9aa046152553e2dd7011b59a512d89c150f5e5f28bb8d9a0b165?s=96&d=mm&r=g","caption":"Crees"},"url":"https:\/\/crees.org.do\/?author=2"}]}},"_links":{"self":[{"href":"https:\/\/crees.org.do\/index.php?rest_route=\/wp\/v2\/posts\/18035","targetHints":{"allow":["GET"]}}],"collection":[{"href":"https:\/\/crees.org.do\/index.php?rest_route=\/wp\/v2\/posts"}],"about":[{"href":"https:\/\/crees.org.do\/index.php?rest_route=\/wp\/v2\/types\/post"}],"author":[{"embeddable":true,"href":"https:\/\/crees.org.do\/index.php?rest_route=\/wp\/v2\/users\/2"}],"replies":[{"embeddable":true,"href":"https:\/\/crees.org.do\/index.php?rest_route=%2Fwp%2Fv2%2Fcomments&post=18035"}],"version-history":[{"count":1,"href":"https:\/\/crees.org.do\/index.php?rest_route=\/wp\/v2\/posts\/18035\/revisions"}],"predecessor-version":[{"id":18037,"href":"https:\/\/crees.org.do\/index.php?rest_route=\/wp\/v2\/posts\/18035\/revisions\/18037"}],"wp:featuredmedia":[{"embeddable":true,"href":"https:\/\/crees.org.do\/index.php?rest_route=\/wp\/v2\/media\/18036"}],"wp:attachment":[{"href":"https:\/\/crees.org.do\/index.php?rest_route=%2Fwp%2Fv2%2Fmedia&parent=18035"}],"wp:term":[{"taxonomy":"category","embeddable":true,"href":"https:\/\/crees.org.do\/index.php?rest_route=%2Fwp%2Fv2%2Fcategories&post=18035"},{"taxonomy":"post_tag","embeddable":true,"href":"https:\/\/crees.org.do\/index.php?rest_route=%2Fwp%2Fv2%2Ftags&post=18035"}],"curies":[{"name":"wp","href":"https:\/\/api.w.org\/{rel}","templated":true}]}}