{"id":18046,"date":"2011-10-28T19:44:10","date_gmt":"2011-10-28T19:44:10","guid":{"rendered":"https:\/\/crees.org.do\/alta-carga-impositiva-afecta-ambiente-de-negocios-en-rd\/"},"modified":"2021-08-10T14:58:09","modified_gmt":"2021-08-10T14:58:09","slug":"alta-carga-impositiva-afecta-ambiente-de-negocios-en-rd","status":"publish","type":"post","link":"https:\/\/crees.org.do\/?p=18046","title":{"rendered":"Alta carga impositiva afecta ambiente de negocios en RD"},"content":{"rendered":"<p style=\"text-align: justify;\"><span style=\"font-size: 12px;\"><span style=\"font-family: verdana,geneva,sans-serif;\">Autor: Fadua Camacho<\/span><\/span><\/p>\n<p style=\"text-align: justify;\"><span style=\"font-size: 12px;\"><span style=\"font-family: verdana,geneva,sans-serif;\">Las empresas en la Rep\u00fablica Dominicana se mantienen penalizadas por la alta carga impositiva a las cuales est\u00e1n sujetas.\u00a0El informe <em>Doing Business<\/em> <em>2012 <\/em>elaborado por la Corporaci\u00f3n Financiera Internacional (IFC) del Banco Mundial trata de cuantificar la facilidad o dificultad de una peque\u00f1a o mediana empresa establecerse y operar seg\u00fan las regulaciones de lugar. De los diez elementos observados, la Rep\u00fablica Dominicana tuvo el mayor descenso (doce posiciones) en el tema de Pago de Impuestos, lo que implica una creciente carga tributaria para los agentes econ\u00f3micos.<\/span><\/span><\/p>\n<p style=\"text-align: justify;\"><span style=\"font-size: 12px;\"><span style=\"font-family: verdana,geneva,sans-serif;\">El ranking otorgado a los pa\u00edses es propicio para comparar si un pa\u00eds se ha alejado o acercado al pa\u00eds con la mejor pr\u00e1ctica, mientras que los datos utilizados para construir cada ranking permiten evaluar el desempe\u00f1o en el tiempo. En el informe anterior el pa\u00eds se colocaba en la posici\u00f3n 82 en cuanto a Pago de Impuestos mientras que en el presente ocupa el lugar 94. \u00a0Por tanto, el pa\u00eds est\u00e1 m\u00e1s alejado de aquellos pa\u00edses cuyas pr\u00e1cticas son conducentes a un mejor ambiente de negocios con relaci\u00f3n al pago de impuestos.<\/span><\/span><\/p>\n<p style=\"text-align: center;\"><span style=\"font-size: 12px;\"><span style=\"font-family: verdana,geneva,sans-serif;\">[[{&#8220;type&#8221;:&#8221;media&#8221;,&#8221;view_mode&#8221;:&#8221;media_original&#8221;,&#8221;fid&#8221;:&#8221;253&#8243;,&#8221;attributes&#8221;:{&#8220;alt&#8221;:&#8221;&#8221;,&#8221;class&#8221;:&#8221;media-image&#8221;,&#8221;style&#8221;:&#8221;width: 472px; height: 143px;&#8221;}}]]<\/span><\/span><\/p>\n<p style=\"text-align: justify;\"><span style=\"font-size: 12px;\"><span style=\"font-family: verdana,geneva,sans-serif;\">Esta categor\u00eda mide los impuestos y contribuciones obligatorias que debe pagar al a\u00f1o una mediana empresa y la carga administrativa de pagarlos. Para esto considera: el Impuesto Sobre la Renta a las Empresas, la contribuci\u00f3n al Sistema de Pensiones, la contribuci\u00f3n al Seguro de Riesgo Laboral, el Impuesto para el INFOTEP, el Impuesto a las Transferencias Electr\u00f3nicas, el Impuesto Sobre los Hidrocarburos, la Contribuci\u00f3n a la Seguridad Social, los Impuestos a los Veh\u00edculos y el ITBIS.<\/span><\/span><\/p>\n<p style=\"text-align: justify;\"><span style=\"font-size: 12px;\"><span style=\"font-family: verdana,geneva,sans-serif;\">La carga tributaria efectiva es dif\u00edcil de medir por los impuestos ocultos y otros costos imperceptibles que afectan a los diferentes agentes econ\u00f3micos. Sin embargo, parte de las consecuencias en la actividad econ\u00f3mica de altas cargas impositivas es la reducci\u00f3n de la inversi\u00f3n y la producci\u00f3n por altos costos de oportunidad de hacer negocios en el pa\u00eds. En este sentido, las condiciones m\u00e1s favorables en otros pa\u00edses de la regi\u00f3n (cuyo promedio es 72) y los resultados de retroceso en la Rep\u00fablica Dominicana son aspectos relevantes para los inversionistas.<\/span><\/span><\/p>\n<p style=\"text-align: justify;\"><span style=\"font-size: 12px;\"><span style=\"font-family: verdana,geneva,sans-serif;\">Seg\u00fan los datos del Grupo Banco Mundial utilizados en el informe, el n\u00famero de pagos de impuestos por a\u00f1o que deben realizar las empresas se ha reducido de 75 en el a 9 entre los informes <em>Doing Business 2006<\/em> y <em>Doing Business 2012<\/em>.\u00a0 Sin embargo, esta mejora ha sido contrarrestada por un aumento de 40% en las horas (por a\u00f1o) que requiere cumplir con los requisitos tributarios y el aumento de la tasa tributaria efectiva como porcentaje de los beneficios. Esta \u00faltima ha pasado de 36.2% en el informe del 2006 a 41.7% en el informe <em>Doing Business 2012<\/em>. \u00a0En s\u00f3lo un a\u00f1o la Rep\u00fablica Dominicana baj\u00f3 en el ranking 12 posiciones con respecto al pago de impuestos y est\u00e1 lejos de las mejores pr\u00e1cticas.\u00a0 Por consiguiente, la carga fiscal del pa\u00eds no es baja como algunos economistas han argumentado y es un tema que debe ser abordado para mejorar el ambiente de negocios y la competitividad del pa\u00eds.<\/span><\/span><\/p>\n<div class=\"pvc_clear\"><\/div>\n<p class=\"pvc_stats all \" data-element-id=\"18046\" style=\"\"><i class=\"pvc-stats-icon medium\" aria-hidden=\"true\"><svg aria-hidden=\"true\" focusable=\"false\" data-prefix=\"far\" data-icon=\"chart-bar\" role=\"img\" xmlns=\"http:\/\/www.w3.org\/2000\/svg\" viewBox=\"0 0 512 512\" class=\"svg-inline--fa fa-chart-bar fa-w-16 fa-2x\"><path fill=\"currentColor\" d=\"M396.8 352h22.4c6.4 0 12.8-6.4 12.8-12.8V108.8c0-6.4-6.4-12.8-12.8-12.8h-22.4c-6.4 0-12.8 6.4-12.8 12.8v230.4c0 6.4 6.4 12.8 12.8 12.8zm-192 0h22.4c6.4 0 12.8-6.4 12.8-12.8V140.8c0-6.4-6.4-12.8-12.8-12.8h-22.4c-6.4 0-12.8 6.4-12.8 12.8v198.4c0 6.4 6.4 12.8 12.8 12.8zm96 0h22.4c6.4 0 12.8-6.4 12.8-12.8V204.8c0-6.4-6.4-12.8-12.8-12.8h-22.4c-6.4 0-12.8 6.4-12.8 12.8v134.4c0 6.4 6.4 12.8 12.8 12.8zM496 400H48V80c0-8.84-7.16-16-16-16H16C7.16 64 0 71.16 0 80v336c0 17.67 14.33 32 32 32h464c8.84 0 16-7.16 16-16v-16c0-8.84-7.16-16-16-16zm-387.2-48h22.4c6.4 0 12.8-6.4 12.8-12.8v-70.4c0-6.4-6.4-12.8-12.8-12.8h-22.4c-6.4 0-12.8 6.4-12.8 12.8v70.4c0 6.4 6.4 12.8 12.8 12.8z\" class=\"\"><\/path><\/svg><\/i> Vistas Totales&nbsp;2,379&nbsp;<\/p>\n<div class=\"pvc_clear\"><\/div>\n","protected":false},"excerpt":{"rendered":"<p>Autor: Fadua Camacho Las empresas en la Rep\u00fablica Dominicana se mantienen penalizadas por la alta carga impositiva a las cuales est\u00e1n sujetas.\u00a0El informe Doing Business 2012 elaborado por la Corporaci\u00f3n Financiera Internacional (IFC) del Banco Mundial trata de cuantificar la facilidad o dificultad de una peque\u00f1a o mediana empresa establecerse y operar seg\u00fan las regulaciones&#8230;<\/p>\n<div class=\"pvc_clear\"><\/div>\n<p class=\"pvc_stats all \" data-element-id=\"18046\" style=\"\"><i class=\"pvc-stats-icon medium\" aria-hidden=\"true\"><svg aria-hidden=\"true\" focusable=\"false\" data-prefix=\"far\" data-icon=\"chart-bar\" role=\"img\" xmlns=\"http:\/\/www.w3.org\/2000\/svg\" viewBox=\"0 0 512 512\" class=\"svg-inline--fa fa-chart-bar fa-w-16 fa-2x\"><path fill=\"currentColor\" d=\"M396.8 352h22.4c6.4 0 12.8-6.4 12.8-12.8V108.8c0-6.4-6.4-12.8-12.8-12.8h-22.4c-6.4 0-12.8 6.4-12.8 12.8v230.4c0 6.4 6.4 12.8 12.8 12.8zm-192 0h22.4c6.4 0 12.8-6.4 12.8-12.8V140.8c0-6.4-6.4-12.8-12.8-12.8h-22.4c-6.4 0-12.8 6.4-12.8 12.8v198.4c0 6.4 6.4 12.8 12.8 12.8zm96 0h22.4c6.4 0 12.8-6.4 12.8-12.8V204.8c0-6.4-6.4-12.8-12.8-12.8h-22.4c-6.4 0-12.8 6.4-12.8 12.8v134.4c0 6.4 6.4 12.8 12.8 12.8zM496 400H48V80c0-8.84-7.16-16-16-16H16C7.16 64 0 71.16 0 80v336c0 17.67 14.33 32 32 32h464c8.84 0 16-7.16 16-16v-16c0-8.84-7.16-16-16-16zm-387.2-48h22.4c6.4 0 12.8-6.4 12.8-12.8v-70.4c0-6.4-6.4-12.8-12.8-12.8h-22.4c-6.4 0-12.8 6.4-12.8 12.8v70.4c0 6.4 6.4 12.8 12.8 12.8z\" class=\"\"><\/path><\/svg><\/i> Vistas Totales&nbsp;2,379&nbsp;<\/p>\n<div class=\"pvc_clear\"><\/div>\n","protected":false},"author":2,"featured_media":14936,"comment_status":"closed","ping_status":"closed","sticky":false,"template":"","format":"standard","meta":{"footnotes":""},"categories":[22],"tags":[],"class_list":["post-18046","post","type-post","status-publish","format-standard","has-post-thumbnail","hentry","category-articulos"],"yoast_head":"<!-- This site is optimized with the Yoast SEO plugin v25.2 - https:\/\/yoast.com\/wordpress\/plugins\/seo\/ -->\n<title>Alta carga impositiva afecta ambiente de negocios en RD | CREES<\/title>\n<meta name=\"robots\" content=\"index, follow, max-snippet:-1, max-image-preview:large, max-video-preview:-1\" \/>\n<link rel=\"canonical\" href=\"https:\/\/crees.org.do\/?p=18046\" \/>\n<meta property=\"og:locale\" content=\"es_ES\" \/>\n<meta property=\"og:type\" content=\"article\" \/>\n<meta property=\"og:title\" content=\"Alta carga impositiva afecta ambiente de negocios en RD | CREES\" \/>\n<meta property=\"og:description\" content=\"Autor: Fadua Camacho Las empresas en la Rep\u00fablica Dominicana se mantienen penalizadas por la alta carga impositiva a las cuales est\u00e1n sujetas.\u00a0El informe Doing Business 2012 elaborado por la Corporaci\u00f3n Financiera Internacional (IFC) del Banco Mundial trata de cuantificar la facilidad o dificultad de una peque\u00f1a o mediana empresa establecerse y operar seg\u00fan las regulaciones...\" \/>\n<meta property=\"og:url\" content=\"https:\/\/crees.org.do\/?p=18046\" \/>\n<meta property=\"og:site_name\" content=\"CREES\" \/>\n<meta property=\"article:publisher\" content=\"https:\/\/www.facebook.com\/CREESRD\/\" \/>\n<meta property=\"article:published_time\" content=\"2011-10-28T19:44:10+00:00\" \/>\n<meta property=\"article:modified_time\" content=\"2021-08-10T14:58:09+00:00\" \/>\n<meta property=\"og:image\" content=\"https:\/\/crees.org.do\/wp-content\/uploads\/2021\/07\/Screenshot-2018-11-08-08.57.14.png\" \/>\n\t<meta property=\"og:image:width\" content=\"800\" \/>\n\t<meta property=\"og:image:height\" content=\"548\" \/>\n\t<meta property=\"og:image:type\" content=\"image\/png\" \/>\n<meta name=\"author\" content=\"Crees\" \/>\n<meta name=\"twitter:card\" content=\"summary_large_image\" \/>\n<meta name=\"twitter:creator\" content=\"@CREESRD\" \/>\n<meta name=\"twitter:site\" content=\"@CREESRD\" \/>\n<meta name=\"twitter:label1\" content=\"Escrito por\" \/>\n\t<meta name=\"twitter:data1\" content=\"Crees\" \/>\n\t<meta name=\"twitter:label2\" content=\"Tiempo de lectura\" \/>\n\t<meta name=\"twitter:data2\" content=\"3 minutos\" \/>\n<script type=\"application\/ld+json\" class=\"yoast-schema-graph\">{\"@context\":\"https:\/\/schema.org\",\"@graph\":[{\"@type\":\"Article\",\"@id\":\"https:\/\/crees.org.do\/?p=18046#article\",\"isPartOf\":{\"@id\":\"https:\/\/crees.org.do\/?p=18046\"},\"author\":{\"name\":\"Crees\",\"@id\":\"https:\/\/crees.org.do\/#\/schema\/person\/e7f97cd94d7bf9cd0e0ce30acb7d56b8\"},\"headline\":\"Alta carga impositiva afecta ambiente de negocios en RD\",\"datePublished\":\"2011-10-28T19:44:10+00:00\",\"dateModified\":\"2021-08-10T14:58:09+00:00\",\"mainEntityOfPage\":{\"@id\":\"https:\/\/crees.org.do\/?p=18046\"},\"wordCount\":565,\"publisher\":{\"@id\":\"https:\/\/crees.org.do\/#organization\"},\"image\":{\"@id\":\"https:\/\/crees.org.do\/?p=18046#primaryimage\"},\"thumbnailUrl\":\"https:\/\/crees.org.do\/wp-content\/uploads\/2021\/07\/Screenshot-2018-11-08-08.57.14.png\",\"articleSection\":[\"Art\u00edculos\"],\"inLanguage\":\"es\"},{\"@type\":\"WebPage\",\"@id\":\"https:\/\/crees.org.do\/?p=18046\",\"url\":\"https:\/\/crees.org.do\/?p=18046\",\"name\":\"Alta carga impositiva afecta ambiente de negocios en RD | CREES\",\"isPartOf\":{\"@id\":\"https:\/\/crees.org.do\/#website\"},\"primaryImageOfPage\":{\"@id\":\"https:\/\/crees.org.do\/?p=18046#primaryimage\"},\"image\":{\"@id\":\"https:\/\/crees.org.do\/?p=18046#primaryimage\"},\"thumbnailUrl\":\"https:\/\/crees.org.do\/wp-content\/uploads\/2021\/07\/Screenshot-2018-11-08-08.57.14.png\",\"datePublished\":\"2011-10-28T19:44:10+00:00\",\"dateModified\":\"2021-08-10T14:58:09+00:00\",\"breadcrumb\":{\"@id\":\"https:\/\/crees.org.do\/?p=18046#breadcrumb\"},\"inLanguage\":\"es\",\"potentialAction\":[{\"@type\":\"ReadAction\",\"target\":[\"https:\/\/crees.org.do\/?p=18046\"]}]},{\"@type\":\"ImageObject\",\"inLanguage\":\"es\",\"@id\":\"https:\/\/crees.org.do\/?p=18046#primaryimage\",\"url\":\"https:\/\/crees.org.do\/wp-content\/uploads\/2021\/07\/Screenshot-2018-11-08-08.57.14.png\",\"contentUrl\":\"https:\/\/crees.org.do\/wp-content\/uploads\/2021\/07\/Screenshot-2018-11-08-08.57.14.png\",\"width\":800,\"height\":548},{\"@type\":\"BreadcrumbList\",\"@id\":\"https:\/\/crees.org.do\/?p=18046#breadcrumb\",\"itemListElement\":[{\"@type\":\"ListItem\",\"position\":1,\"name\":\"Portada\",\"item\":\"https:\/\/crees.org.do\/\"},{\"@type\":\"ListItem\",\"position\":2,\"name\":\"Alta carga impositiva afecta ambiente de negocios en RD\"}]},{\"@type\":\"WebSite\",\"@id\":\"https:\/\/crees.org.do\/#website\",\"url\":\"https:\/\/crees.org.do\/\",\"name\":\"CREES\",\"description\":\"Centro Regional de Estrategias Econ\u00f3micas Sostenibles\",\"publisher\":{\"@id\":\"https:\/\/crees.org.do\/#organization\"},\"potentialAction\":[{\"@type\":\"SearchAction\",\"target\":{\"@type\":\"EntryPoint\",\"urlTemplate\":\"https:\/\/crees.org.do\/?s={search_term_string}\"},\"query-input\":{\"@type\":\"PropertyValueSpecification\",\"valueRequired\":true,\"valueName\":\"search_term_string\"}}],\"inLanguage\":\"es\"},{\"@type\":\"Organization\",\"@id\":\"https:\/\/crees.org.do\/#organization\",\"name\":\"CREES | Centro Regional de Estrategias Econ\u00f3micas Sostenibles\",\"url\":\"https:\/\/crees.org.do\/\",\"logo\":{\"@type\":\"ImageObject\",\"inLanguage\":\"es\",\"@id\":\"https:\/\/crees.org.do\/#\/schema\/logo\/image\/\",\"url\":\"https:\/\/crees.org.do\/wp-content\/uploads\/2022\/03\/crees-logo-1.jpg\",\"contentUrl\":\"https:\/\/crees.org.do\/wp-content\/uploads\/2022\/03\/crees-logo-1.jpg\",\"width\":244,\"height\":71,\"caption\":\"CREES | Centro Regional de Estrategias Econ\u00f3micas Sostenibles\"},\"image\":{\"@id\":\"https:\/\/crees.org.do\/#\/schema\/logo\/image\/\"},\"sameAs\":[\"https:\/\/www.facebook.com\/CREESRD\/\",\"https:\/\/x.com\/CREESRD\"]},{\"@type\":\"Person\",\"@id\":\"https:\/\/crees.org.do\/#\/schema\/person\/e7f97cd94d7bf9cd0e0ce30acb7d56b8\",\"name\":\"Crees\",\"image\":{\"@type\":\"ImageObject\",\"inLanguage\":\"es\",\"@id\":\"https:\/\/crees.org.do\/#\/schema\/person\/image\/\",\"url\":\"https:\/\/secure.gravatar.com\/avatar\/390ac8f0be5d9aa046152553e2dd7011b59a512d89c150f5e5f28bb8d9a0b165?s=96&d=mm&r=g\",\"contentUrl\":\"https:\/\/secure.gravatar.com\/avatar\/390ac8f0be5d9aa046152553e2dd7011b59a512d89c150f5e5f28bb8d9a0b165?s=96&d=mm&r=g\",\"caption\":\"Crees\"},\"url\":\"https:\/\/crees.org.do\/?author=2\"}]}<\/script>\n<!-- \/ Yoast SEO plugin. -->","yoast_head_json":{"title":"Alta carga impositiva afecta ambiente de negocios en RD | CREES","robots":{"index":"index","follow":"follow","max-snippet":"max-snippet:-1","max-image-preview":"max-image-preview:large","max-video-preview":"max-video-preview:-1"},"canonical":"https:\/\/crees.org.do\/?p=18046","og_locale":"es_ES","og_type":"article","og_title":"Alta carga impositiva afecta ambiente de negocios en RD | CREES","og_description":"Autor: Fadua Camacho Las empresas en la Rep\u00fablica Dominicana se mantienen penalizadas por la alta carga impositiva a las cuales est\u00e1n sujetas.\u00a0El informe Doing Business 2012 elaborado por la Corporaci\u00f3n Financiera Internacional (IFC) del Banco Mundial trata de cuantificar la facilidad o dificultad de una peque\u00f1a o mediana empresa establecerse y operar seg\u00fan las regulaciones...","og_url":"https:\/\/crees.org.do\/?p=18046","og_site_name":"CREES","article_publisher":"https:\/\/www.facebook.com\/CREESRD\/","article_published_time":"2011-10-28T19:44:10+00:00","article_modified_time":"2021-08-10T14:58:09+00:00","og_image":[{"width":800,"height":548,"url":"https:\/\/crees.org.do\/wp-content\/uploads\/2021\/07\/Screenshot-2018-11-08-08.57.14.png","type":"image\/png"}],"author":"Crees","twitter_card":"summary_large_image","twitter_creator":"@CREESRD","twitter_site":"@CREESRD","twitter_misc":{"Escrito por":"Crees","Tiempo de lectura":"3 minutos"},"schema":{"@context":"https:\/\/schema.org","@graph":[{"@type":"Article","@id":"https:\/\/crees.org.do\/?p=18046#article","isPartOf":{"@id":"https:\/\/crees.org.do\/?p=18046"},"author":{"name":"Crees","@id":"https:\/\/crees.org.do\/#\/schema\/person\/e7f97cd94d7bf9cd0e0ce30acb7d56b8"},"headline":"Alta carga impositiva afecta ambiente de negocios en RD","datePublished":"2011-10-28T19:44:10+00:00","dateModified":"2021-08-10T14:58:09+00:00","mainEntityOfPage":{"@id":"https:\/\/crees.org.do\/?p=18046"},"wordCount":565,"publisher":{"@id":"https:\/\/crees.org.do\/#organization"},"image":{"@id":"https:\/\/crees.org.do\/?p=18046#primaryimage"},"thumbnailUrl":"https:\/\/crees.org.do\/wp-content\/uploads\/2021\/07\/Screenshot-2018-11-08-08.57.14.png","articleSection":["Art\u00edculos"],"inLanguage":"es"},{"@type":"WebPage","@id":"https:\/\/crees.org.do\/?p=18046","url":"https:\/\/crees.org.do\/?p=18046","name":"Alta carga impositiva afecta ambiente de negocios en RD | CREES","isPartOf":{"@id":"https:\/\/crees.org.do\/#website"},"primaryImageOfPage":{"@id":"https:\/\/crees.org.do\/?p=18046#primaryimage"},"image":{"@id":"https:\/\/crees.org.do\/?p=18046#primaryimage"},"thumbnailUrl":"https:\/\/crees.org.do\/wp-content\/uploads\/2021\/07\/Screenshot-2018-11-08-08.57.14.png","datePublished":"2011-10-28T19:44:10+00:00","dateModified":"2021-08-10T14:58:09+00:00","breadcrumb":{"@id":"https:\/\/crees.org.do\/?p=18046#breadcrumb"},"inLanguage":"es","potentialAction":[{"@type":"ReadAction","target":["https:\/\/crees.org.do\/?p=18046"]}]},{"@type":"ImageObject","inLanguage":"es","@id":"https:\/\/crees.org.do\/?p=18046#primaryimage","url":"https:\/\/crees.org.do\/wp-content\/uploads\/2021\/07\/Screenshot-2018-11-08-08.57.14.png","contentUrl":"https:\/\/crees.org.do\/wp-content\/uploads\/2021\/07\/Screenshot-2018-11-08-08.57.14.png","width":800,"height":548},{"@type":"BreadcrumbList","@id":"https:\/\/crees.org.do\/?p=18046#breadcrumb","itemListElement":[{"@type":"ListItem","position":1,"name":"Portada","item":"https:\/\/crees.org.do\/"},{"@type":"ListItem","position":2,"name":"Alta carga impositiva afecta ambiente de negocios en RD"}]},{"@type":"WebSite","@id":"https:\/\/crees.org.do\/#website","url":"https:\/\/crees.org.do\/","name":"CREES","description":"Centro Regional de Estrategias Econ\u00f3micas Sostenibles","publisher":{"@id":"https:\/\/crees.org.do\/#organization"},"potentialAction":[{"@type":"SearchAction","target":{"@type":"EntryPoint","urlTemplate":"https:\/\/crees.org.do\/?s={search_term_string}"},"query-input":{"@type":"PropertyValueSpecification","valueRequired":true,"valueName":"search_term_string"}}],"inLanguage":"es"},{"@type":"Organization","@id":"https:\/\/crees.org.do\/#organization","name":"CREES | Centro Regional de Estrategias Econ\u00f3micas Sostenibles","url":"https:\/\/crees.org.do\/","logo":{"@type":"ImageObject","inLanguage":"es","@id":"https:\/\/crees.org.do\/#\/schema\/logo\/image\/","url":"https:\/\/crees.org.do\/wp-content\/uploads\/2022\/03\/crees-logo-1.jpg","contentUrl":"https:\/\/crees.org.do\/wp-content\/uploads\/2022\/03\/crees-logo-1.jpg","width":244,"height":71,"caption":"CREES | Centro Regional de Estrategias Econ\u00f3micas Sostenibles"},"image":{"@id":"https:\/\/crees.org.do\/#\/schema\/logo\/image\/"},"sameAs":["https:\/\/www.facebook.com\/CREESRD\/","https:\/\/x.com\/CREESRD"]},{"@type":"Person","@id":"https:\/\/crees.org.do\/#\/schema\/person\/e7f97cd94d7bf9cd0e0ce30acb7d56b8","name":"Crees","image":{"@type":"ImageObject","inLanguage":"es","@id":"https:\/\/crees.org.do\/#\/schema\/person\/image\/","url":"https:\/\/secure.gravatar.com\/avatar\/390ac8f0be5d9aa046152553e2dd7011b59a512d89c150f5e5f28bb8d9a0b165?s=96&d=mm&r=g","contentUrl":"https:\/\/secure.gravatar.com\/avatar\/390ac8f0be5d9aa046152553e2dd7011b59a512d89c150f5e5f28bb8d9a0b165?s=96&d=mm&r=g","caption":"Crees"},"url":"https:\/\/crees.org.do\/?author=2"}]}},"_links":{"self":[{"href":"https:\/\/crees.org.do\/index.php?rest_route=\/wp\/v2\/posts\/18046","targetHints":{"allow":["GET"]}}],"collection":[{"href":"https:\/\/crees.org.do\/index.php?rest_route=\/wp\/v2\/posts"}],"about":[{"href":"https:\/\/crees.org.do\/index.php?rest_route=\/wp\/v2\/types\/post"}],"author":[{"embeddable":true,"href":"https:\/\/crees.org.do\/index.php?rest_route=\/wp\/v2\/users\/2"}],"replies":[{"embeddable":true,"href":"https:\/\/crees.org.do\/index.php?rest_route=%2Fwp%2Fv2%2Fcomments&post=18046"}],"version-history":[{"count":3,"href":"https:\/\/crees.org.do\/index.php?rest_route=\/wp\/v2\/posts\/18046\/revisions"}],"predecessor-version":[{"id":18837,"href":"https:\/\/crees.org.do\/index.php?rest_route=\/wp\/v2\/posts\/18046\/revisions\/18837"}],"wp:featuredmedia":[{"embeddable":true,"href":"https:\/\/crees.org.do\/index.php?rest_route=\/wp\/v2\/media\/14936"}],"wp:attachment":[{"href":"https:\/\/crees.org.do\/index.php?rest_route=%2Fwp%2Fv2%2Fmedia&parent=18046"}],"wp:term":[{"taxonomy":"category","embeddable":true,"href":"https:\/\/crees.org.do\/index.php?rest_route=%2Fwp%2Fv2%2Fcategories&post=18046"},{"taxonomy":"post_tag","embeddable":true,"href":"https:\/\/crees.org.do\/index.php?rest_route=%2Fwp%2Fv2%2Ftags&post=18046"}],"curies":[{"name":"wp","href":"https:\/\/api.w.org\/{rel}","templated":true}]}}