{"id":18134,"date":"2013-11-21T19:46:14","date_gmt":"2013-11-21T19:46:14","guid":{"rendered":"https:\/\/crees.org.do\/exitosa-jornada-crees-sobre-temas-laborales\/"},"modified":"2021-08-10T20:23:54","modified_gmt":"2021-08-10T20:23:54","slug":"exitosa-jornada-crees-sobre-temas-laborales","status":"publish","type":"post","link":"https:\/\/crees.org.do\/?p=18134","title":{"rendered":"Exitosa jornada CREES sobre temas laborales"},"content":{"rendered":"<p>&nbsp;<\/p>\n<p style=\"text-align: justify;\"><span style=\"font-size:12px;\"><span style=\"font-family:verdana,geneva,sans-serif;\">El pasado 30 de octubre del presente se celebr\u00f3 la conferencia internacional <strong>&ldquo;Legislaci\u00f3n laboral, Empleo y Productividad&rdquo;<\/strong> bajo los auspicios del Centro Regional de Estrategias Econ\u00f3micas Sostenibles (CREES), con los invitados internacionales Jos\u00e9 Pi\u00f1era (Chile) y Jos\u00e9 Armando Caro Figueroa (Argentina), expertos en temas laborales y de la seguridad social. &nbsp;CREES desarroll\u00f3 el evento a ra\u00edz del debate en la Rep\u00fablica Dominicana sobre la necesidad de una reforma laboral que tienda promover el empleo y reducir la informalidad laboral en el pa\u00eds.&nbsp; En adici\u00f3n a la conferencia internacional, CREES desarroll\u00f3 una agenda de trabajo con los invitados internacionales que incluy\u00f3 reuniones con entidades del sector p\u00fablico y del sector privado.&nbsp;<\/span><\/span><\/p>\n<p style=\"text-align: justify;\">&nbsp;<\/p>\n<p style=\"text-align: center;\">[[{&#8220;type&#8221;:&#8221;media&#8221;,&#8221;view_mode&#8221;:&#8221;media_large&#8221;,&#8221;fid&#8221;:&#8221;1913&#8243;,&#8221;attributes&#8221;:{&#8220;alt&#8221;:&#8221;&#8221;,&#8221;class&#8221;:&#8221;media-image&#8221;}}]]<\/p>\n<p style=\"text-align: justify;\"><span style=\"font-family: verdana, geneva, sans-serif; font-size: 12px; text-align: justify; line-height: 1.5;\">En sus palabras de bienvenida, el Presidente de CREES, Marino Ginebra Hurtado, indic\u00f3 que el pa\u00eds debe avocarse a cambios fundamentales en distintos \u00e1mbitos para promover nuevas inversiones y reducir el costo de vivir y hacer negocios en la Rep\u00fablica Dominicana.&nbsp; En este sentido, el Sr. Ginebra se\u00f1al\u00f3 que &ldquo;se &nbsp;debe profundizar el conjunto de reformas estructurales de los a\u00f1os 90 para promover la creaci\u00f3n de riquezas y el empleo productivo&rdquo;.<\/span><\/p>\n<p style=\"text-align: justify;\"><span style=\"font-size:12px;\"><span style=\"font-family:verdana,geneva,sans-serif;\">&ldquo;Como parte de esas transformaciones que ha propuesto CREES se incluye la adecuaci\u00f3n del c\u00f3digo laboral a una nueva realidad internacional bajo tratados de libre comercio que no exist\u00edan al momento de entrar en vigencia la legislaci\u00f3n laboral actual&rdquo;, agreg\u00f3 Marino Ginebra.&nbsp; Finalmente, indic\u00f3 que &ldquo;en este sentido, saludamos la decisi\u00f3n del Presidente de la Rep\u00fablica de crear la <strong>Comisi\u00f3n para la Reforma Laboral<\/strong>&rdquo; porque &ldquo;los aspectos laborales son cr\u00edticos en todo proceso productivo y, por consiguiente, en una mejor\u00eda de la calidad de vida de los ciudadanos.&rdquo;<\/span><\/span><\/p>\n<p>&nbsp;<\/p>\n<p style=\"text-align: center;\">[[{&#8220;type&#8221;:&#8221;media&#8221;,&#8221;view_mode&#8221;:&#8221;media_large&#8221;,&#8221;fid&#8221;:&#8221;1914&#8243;,&#8221;attributes&#8221;:{&#8220;alt&#8221;:&#8221;&#8221;,&#8221;class&#8221;:&#8221;media-image&#8221;}}]]<\/p>\n<p><span style=\"line-height: 1.5;\">Jos\u00e9 Pi\u00f1era, quien fuera Ministro de Trabajo y Previsi\u00f3n Social de Chile (1978-1981) y Ministro de Miner\u00eda de ese mismo pa\u00eds (1981-1984) resalt\u00f3 la importancia de mercados laborales flexibles y que el pa\u00eds debe aprovechar mejor los ahorros de los trabajadores para generar m\u00e1s riquezas y puestos de trabajo, bajo el sistema de pensiones de AFPs adoptado a principios de nuevo milenio. &ldquo;La Rep\u00fablica Dominicana tiene la ventaja que ya tiene un sistema previsional moderno que puede promover el empleo a trav\u00e9s del ahorro interno que sirve para nuevas inversiones en la econom\u00eda&rdquo;, se\u00f1al\u00f3 Pi\u00f1era.<\/span><\/p>\n<p><span style=\"line-height: 1.5;\">El Sistema de AFP en Chile ha significado la mayor creaci\u00f3n de riquezas en beneficio de los trabajadores en toda la historia de Chile, seg\u00fan explic\u00f3 Pi\u00f1era, quien afirm\u00f3 que los fondos de pensiones en Chile han rentado un promedio de 8.6% al a\u00f1o por encima de la inflaci\u00f3n.&nbsp; El trabajador chileno es due\u00f1o de parte de muchas empresas en Chile y todo el mundo; casi un 60% de los ahorros se invierten en empresas chilenas y otro 40% en empresas extranjeras.&nbsp; A\u00f1adi\u00f3 que &ldquo;obviamente, el \u00e9xito del sistema de capitalizaci\u00f3n individual debe ir acompa\u00f1ado de pol\u00edticas p\u00fablicas que faciliten las inversiones privadas para que el potencial del sistema se convierta en realidad; entre los cuales debe existir una legislaci\u00f3n laboral que facilite la generaci\u00f3n de empleos.&rdquo;<\/span><\/p>\n<p>&nbsp;<\/p>\n<p style=\"text-align: center;\">[[{&#8220;type&#8221;:&#8221;media&#8221;,&#8221;view_mode&#8221;:&#8221;media_large&#8221;,&#8221;fid&#8221;:&#8221;1915&#8243;,&#8221;attributes&#8221;:{&#8220;alt&#8221;:&#8221;&#8221;,&#8221;class&#8221;:&#8221;media-image&#8221;}}]]<\/p>\n<p style=\"text-align: center;\">[[{&#8220;type&#8221;:&#8221;media&#8221;,&#8221;view_mode&#8221;:&#8221;media_large&#8221;,&#8221;fid&#8221;:&#8221;1916&#8243;,&#8221;attributes&#8221;:{&#8220;alt&#8221;:&#8221;&#8221;,&#8221;class&#8221;:&#8221;media-image&#8221;}}]]<\/p>\n<p style=\"text-align: justify;\"><span style=\"font-size:12px;\"><span style=\"font-family:verdana,geneva,sans-serif;\"><span style=\"line-height: 1.5;\">Los economistas Ernesto Selman, Vicepresidente Ejecutivo de CREES, y Miguel Collado Di Franco, Economista Senior de la instituci\u00f3n, expusieron sobre la realidad del mercado laboral en la Rep\u00fablica Dominicana y los retos que enfrenta la econom\u00eda para cambiar su realidad econ\u00f3mica. En este contexto, CREES propuso el an\u00e1lisis y adecuaci\u00f3n de la legislaci\u00f3n laboral vigente para la generaci\u00f3n m\u00e1s y mejores puestos de trabajo en la Rep\u00fablica Dominicana, junto con otros cambios en sectores claves de la econom\u00eda.<\/span><\/span><\/span><\/p>\n<p style=\"text-align: justify;\"><span style=\"font-size:12px;\"><span style=\"font-family:verdana,geneva,sans-serif;\"><span style=\"line-height: 1.5;\">&ldquo;Los costos laborales no-salariales son muy elevados, lo que estar\u00eda incidiendo en el nivel de desempleo y los altos niveles de informalidad en la econom\u00eda.&nbsp; Como parte del conjunto de reformas estructurales proponemos que se&nbsp; incluya una adecuaci\u00f3n del c\u00f3digo laboral a una nueva realidad internacional bajo tratados de libre comercio que no exist\u00edan al momento de entrar en vigencia el c\u00f3digo actual&rdquo;, expresaron los especialistas de CREES.<\/span><\/span><\/span><\/p>\n<p style=\"text-align: justify;\"><span style=\"font-size:12px;\"><span style=\"font-family:verdana,geneva,sans-serif;\">En el encuentro se inform\u00f3 que desde el a\u00f1o 2000 el empleo informal se ha incrementado casi al doble del empleo formal en la Rep\u00fablica Dominicana y, seg\u00fan la encuesta del mercado laboral del Banco Central, el 56% del empleo se ubica en la econom\u00eda informal.&nbsp; Adem\u00e1s, se indic\u00f3 que el desempleo est\u00e1 en un 15% y el empleo formal se ha expandido, principalmente, por el sector p\u00fablico. &ldquo;Desde el inicio del milenio, el 70% de los empleos formales se ha generado desde el Estado y esto es una tendencia que no implica empleos productivos que generan riquezas para la presente y futuras generaciones&rdquo;, se\u00f1alaron los economistas dominicanos.<\/span><\/span><\/p>\n<p style=\"text-align: justify;\">&nbsp;<\/p>\n<p style=\"text-align: center;\">[[{&#8220;type&#8221;:&#8221;media&#8221;,&#8221;view_mode&#8221;:&#8221;media_large&#8221;,&#8221;fid&#8221;:&#8221;1917&#8243;,&#8221;attributes&#8221;:{&#8220;alt&#8221;:&#8221;&#8221;,&#8221;class&#8221;:&#8221;media-image&#8221;}}]]<\/p>\n<p>&nbsp;<\/p>\n<p style=\"text-align: justify;\"><span style=\"font-size:12px;\"><span style=\"font-family:verdana,geneva,sans-serif;\">En el evento particip\u00f3 Jos\u00e9 Armando Caro Figueroa (Argentina), quien fuera Asesor del sindicato m\u00e1s importante de Espa\u00f1a &ndash;UGT (1976-1983) y asesor del gobierno de Felipe Gonz\u00e1lez (1983-84) en materia laboral.&nbsp; Adem\u00e1s, fue Ministro de Trabajo y Seguridad Social de la Argentina (1985-87 y 1993-97) y Vice-Jefe de Gabinete y Administrador Federal de los Ingresos P\u00fablicos (2001).&nbsp; En el plano pol\u00edtico, fue candidato a la Vicepresidencia de la Argentina.<\/span><\/span><\/p>\n<p style=\"text-align: justify;\"><span style=\"font-size:12px;\"><span style=\"font-family:verdana,geneva,sans-serif;\">El Sr. Caro Figueroa indic\u00f3 la importancia de que &ldquo;en un pa\u00eds plural una reforma laboral debe tomar en cuenta e incluir todos los sectores interesados para que los cambios sean permanentes&rdquo;.&nbsp; Enfatiz\u00f3 que muchas veces se piensa que una reforma a la legislaci\u00f3n laboral debe llevarse a cabo por expertos juristas, lo que es un error porque el tema laboral es, principalmente, un tema econ\u00f3mico.&nbsp; &ldquo;Un cambio a la legislaci\u00f3n laboral hecha s\u00f3lo por expertos o una parte interesada o s\u00f3lo en el \u00e1mbito pol\u00edtico podr\u00eda deshacerse en poco tiempo si no tiene legitimidad en la sociedad&rdquo;, se\u00f1al\u00f3 Caro Figueroa. &nbsp;&nbsp;<\/span><\/span><\/p>\n<p style=\"text-align: justify;\"><span style=\"font-size:12px;\"><span style=\"font-family:verdana,geneva,sans-serif;\">Adem\u00e1s, indic\u00f3 que &ldquo;Rep\u00fablica Dominicana debe de tener cuidado de no fraccionar el mercado laboral con la reforma que se plantea, de manera tal que la legislaci\u00f3n recaiga s\u00f3lo sobre los nuevos trabajadores y que se mantiene la legislaci\u00f3n laboral para empleados actuales&rdquo;.&nbsp; Esto significa que &ldquo;se reconoce los beneficios que brinda la legislaci\u00f3n actual que reciben los empleados actuales, pero a partir de la entrada en vigencia de la nueva legislaci\u00f3n inicia otra etapa y debe iniciar una nueva relaci\u00f3n laboral bajo reglas de juego distintas.&rdquo;&nbsp; Lo importante es que con una reforma laboral se &ldquo;promueva la generaci\u00f3n de empleos para quienes est\u00e1n desempleados y se elimine el incentivo a emplear trabajadores en la informalidad y sub-declarar salarios de empleados actuales ante la seguridad social y la agencia de recaudaci\u00f3n de impuestos&rdquo;, enfatiz\u00f3 Caro Figueroa.<\/span><\/span><\/p>\n<p>&nbsp;<\/p>\n<p style=\"text-align: center;\">[[{&#8220;type&#8221;:&#8221;media&#8221;,&#8221;view_mode&#8221;:&#8221;media_large&#8221;,&#8221;fid&#8221;:&#8221;1919&#8243;,&#8221;attributes&#8221;:{&#8220;alt&#8221;:&#8221;&#8221;,&#8221;class&#8221;:&#8221;media-image&#8221;}}]]<\/p>\n<p style=\"text-align: center;\">[[{&#8220;type&#8221;:&#8221;media&#8221;,&#8221;view_mode&#8221;:&#8221;media_large&#8221;,&#8221;fid&#8221;:&#8221;1920&#8243;,&#8221;attributes&#8221;:{&#8220;alt&#8221;:&#8221;&#8221;,&#8221;class&#8221;:&#8221;media-image&#8221;}}]]<\/p>\n<p style=\"text-align: justify;\"><span style=\"font-size:12px;\"><span style=\"font-family:verdana,geneva,sans-serif;\"><span style=\"line-height: 1.5;\">Como parte de la agenda de trabajo fuera de la conferencia internacional, se realizaron intercambios y reuniones con la Asociaci\u00f3n de AFPs de la Rep\u00fablica Dominicana, el Superintendente de Pensiones, el Consejo Nacional de la Empresa Privada (CONEP), con la Vicepresidenta de la Rep\u00fablica, una reuni\u00f3n con los l\u00edderes sindicales dominicanos y una reuni\u00f3n en la C\u00e1mara de Diputados con los presidentes de distintas comisiones. Tambi\u00e9n, CREES y la Pontificia Universidad Cat\u00f3lica Madre y Maestra (PUCMM) desarrollaron una conferencia en las instalaciones de la universidad dirigida a estudiantes y profesores.<\/span><\/span><\/span><\/p>\n<div class=\"pvc_clear\"><\/div>\n<p class=\"pvc_stats all \" data-element-id=\"18134\" style=\"\"><i class=\"pvc-stats-icon medium\" aria-hidden=\"true\"><svg aria-hidden=\"true\" focusable=\"false\" data-prefix=\"far\" data-icon=\"chart-bar\" role=\"img\" xmlns=\"http:\/\/www.w3.org\/2000\/svg\" viewBox=\"0 0 512 512\" class=\"svg-inline--fa fa-chart-bar fa-w-16 fa-2x\"><path fill=\"currentColor\" d=\"M396.8 352h22.4c6.4 0 12.8-6.4 12.8-12.8V108.8c0-6.4-6.4-12.8-12.8-12.8h-22.4c-6.4 0-12.8 6.4-12.8 12.8v230.4c0 6.4 6.4 12.8 12.8 12.8zm-192 0h22.4c6.4 0 12.8-6.4 12.8-12.8V140.8c0-6.4-6.4-12.8-12.8-12.8h-22.4c-6.4 0-12.8 6.4-12.8 12.8v198.4c0 6.4 6.4 12.8 12.8 12.8zm96 0h22.4c6.4 0 12.8-6.4 12.8-12.8V204.8c0-6.4-6.4-12.8-12.8-12.8h-22.4c-6.4 0-12.8 6.4-12.8 12.8v134.4c0 6.4 6.4 12.8 12.8 12.8zM496 400H48V80c0-8.84-7.16-16-16-16H16C7.16 64 0 71.16 0 80v336c0 17.67 14.33 32 32 32h464c8.84 0 16-7.16 16-16v-16c0-8.84-7.16-16-16-16zm-387.2-48h22.4c6.4 0 12.8-6.4 12.8-12.8v-70.4c0-6.4-6.4-12.8-12.8-12.8h-22.4c-6.4 0-12.8 6.4-12.8 12.8v70.4c0 6.4 6.4 12.8 12.8 12.8z\" class=\"\"><\/path><\/svg><\/i> Vistas Totales&nbsp;705&nbsp;, Vistas Hoy&nbsp;2&nbsp;<\/p>\n<div class=\"pvc_clear\"><\/div>\n","protected":false},"excerpt":{"rendered":"<p>&nbsp; El pasado 30 de octubre del presente se celebr\u00f3 la conferencia internacional &ldquo;Legislaci\u00f3n laboral, Empleo y Productividad&rdquo; bajo los auspicios del Centro Regional de Estrategias Econ\u00f3micas Sostenibles (CREES), con los invitados internacionales Jos\u00e9 Pi\u00f1era (Chile) y Jos\u00e9 Armando Caro Figueroa (Argentina), expertos en temas laborales y de la seguridad social. &nbsp;CREES desarroll\u00f3 el evento&#8230;<\/p>\n<div class=\"pvc_clear\"><\/div>\n<p class=\"pvc_stats all \" data-element-id=\"18134\" style=\"\"><i class=\"pvc-stats-icon medium\" aria-hidden=\"true\"><svg aria-hidden=\"true\" focusable=\"false\" data-prefix=\"far\" data-icon=\"chart-bar\" role=\"img\" xmlns=\"http:\/\/www.w3.org\/2000\/svg\" viewBox=\"0 0 512 512\" class=\"svg-inline--fa fa-chart-bar fa-w-16 fa-2x\"><path fill=\"currentColor\" d=\"M396.8 352h22.4c6.4 0 12.8-6.4 12.8-12.8V108.8c0-6.4-6.4-12.8-12.8-12.8h-22.4c-6.4 0-12.8 6.4-12.8 12.8v230.4c0 6.4 6.4 12.8 12.8 12.8zm-192 0h22.4c6.4 0 12.8-6.4 12.8-12.8V140.8c0-6.4-6.4-12.8-12.8-12.8h-22.4c-6.4 0-12.8 6.4-12.8 12.8v198.4c0 6.4 6.4 12.8 12.8 12.8zm96 0h22.4c6.4 0 12.8-6.4 12.8-12.8V204.8c0-6.4-6.4-12.8-12.8-12.8h-22.4c-6.4 0-12.8 6.4-12.8 12.8v134.4c0 6.4 6.4 12.8 12.8 12.8zM496 400H48V80c0-8.84-7.16-16-16-16H16C7.16 64 0 71.16 0 80v336c0 17.67 14.33 32 32 32h464c8.84 0 16-7.16 16-16v-16c0-8.84-7.16-16-16-16zm-387.2-48h22.4c6.4 0 12.8-6.4 12.8-12.8v-70.4c0-6.4-6.4-12.8-12.8-12.8h-22.4c-6.4 0-12.8 6.4-12.8 12.8v70.4c0 6.4 6.4 12.8 12.8 12.8z\" class=\"\"><\/path><\/svg><\/i> Vistas Totales&nbsp;705&nbsp;, Vistas Hoy&nbsp;2&nbsp;<\/p>\n<div class=\"pvc_clear\"><\/div>\n","protected":false},"author":2,"featured_media":0,"comment_status":"closed","ping_status":"closed","sticky":false,"template":"","format":"standard","meta":{"footnotes":""},"categories":[22],"tags":[],"class_list":["post-18134","post","type-post","status-publish","format-standard","hentry","category-articulos"],"yoast_head":"<!-- This site is optimized with the Yoast SEO plugin v25.2 - https:\/\/yoast.com\/wordpress\/plugins\/seo\/ -->\n<title>Exitosa jornada CREES sobre temas laborales | CREES<\/title>\n<meta name=\"robots\" content=\"index, follow, max-snippet:-1, max-image-preview:large, max-video-preview:-1\" \/>\n<link rel=\"canonical\" href=\"https:\/\/crees.org.do\/?p=18134\" \/>\n<meta property=\"og:locale\" content=\"es_ES\" \/>\n<meta property=\"og:type\" content=\"article\" \/>\n<meta property=\"og:title\" content=\"Exitosa jornada CREES sobre temas laborales | CREES\" \/>\n<meta property=\"og:description\" content=\"&nbsp; El pasado 30 de octubre del presente se celebr\u00f3 la conferencia internacional &ldquo;Legislaci\u00f3n laboral, Empleo y Productividad&rdquo; bajo los auspicios del Centro Regional de Estrategias Econ\u00f3micas Sostenibles (CREES), con los invitados internacionales Jos\u00e9 Pi\u00f1era (Chile) y Jos\u00e9 Armando Caro Figueroa (Argentina), expertos en temas laborales y de la seguridad social. &nbsp;CREES desarroll\u00f3 el evento...\" \/>\n<meta property=\"og:url\" content=\"https:\/\/crees.org.do\/?p=18134\" \/>\n<meta property=\"og:site_name\" content=\"CREES\" \/>\n<meta property=\"article:publisher\" content=\"https:\/\/www.facebook.com\/CREESRD\/\" \/>\n<meta property=\"article:published_time\" content=\"2013-11-21T19:46:14+00:00\" \/>\n<meta property=\"article:modified_time\" content=\"2021-08-10T20:23:54+00:00\" \/>\n<meta property=\"og:image\" content=\"https:\/\/crees.org.do\/wp-content\/uploads\/2022\/03\/crees-logo-1.jpg\" \/>\n\t<meta property=\"og:image:width\" content=\"244\" \/>\n\t<meta property=\"og:image:height\" content=\"71\" \/>\n\t<meta property=\"og:image:type\" content=\"image\/jpeg\" \/>\n<meta name=\"author\" content=\"Crees\" \/>\n<meta name=\"twitter:card\" content=\"summary_large_image\" \/>\n<meta name=\"twitter:creator\" content=\"@CREESRD\" \/>\n<meta name=\"twitter:site\" content=\"@CREESRD\" \/>\n<meta name=\"twitter:label1\" content=\"Escrito por\" \/>\n\t<meta name=\"twitter:data1\" content=\"Crees\" \/>\n\t<meta name=\"twitter:label2\" content=\"Tiempo de lectura\" \/>\n\t<meta name=\"twitter:data2\" content=\"7 minutos\" \/>\n<script type=\"application\/ld+json\" class=\"yoast-schema-graph\">{\"@context\":\"https:\/\/schema.org\",\"@graph\":[{\"@type\":\"Article\",\"@id\":\"https:\/\/crees.org.do\/?p=18134#article\",\"isPartOf\":{\"@id\":\"https:\/\/crees.org.do\/?p=18134\"},\"author\":{\"name\":\"Crees\",\"@id\":\"https:\/\/crees.org.do\/#\/schema\/person\/e7f97cd94d7bf9cd0e0ce30acb7d56b8\"},\"headline\":\"Exitosa jornada CREES sobre temas laborales\",\"datePublished\":\"2013-11-21T19:46:14+00:00\",\"dateModified\":\"2021-08-10T20:23:54+00:00\",\"mainEntityOfPage\":{\"@id\":\"https:\/\/crees.org.do\/?p=18134\"},\"wordCount\":1374,\"publisher\":{\"@id\":\"https:\/\/crees.org.do\/#organization\"},\"articleSection\":[\"Art\u00edculos\"],\"inLanguage\":\"es\"},{\"@type\":\"WebPage\",\"@id\":\"https:\/\/crees.org.do\/?p=18134\",\"url\":\"https:\/\/crees.org.do\/?p=18134\",\"name\":\"Exitosa jornada CREES sobre temas laborales | CREES\",\"isPartOf\":{\"@id\":\"https:\/\/crees.org.do\/#website\"},\"datePublished\":\"2013-11-21T19:46:14+00:00\",\"dateModified\":\"2021-08-10T20:23:54+00:00\",\"breadcrumb\":{\"@id\":\"https:\/\/crees.org.do\/?p=18134#breadcrumb\"},\"inLanguage\":\"es\",\"potentialAction\":[{\"@type\":\"ReadAction\",\"target\":[\"https:\/\/crees.org.do\/?p=18134\"]}]},{\"@type\":\"BreadcrumbList\",\"@id\":\"https:\/\/crees.org.do\/?p=18134#breadcrumb\",\"itemListElement\":[{\"@type\":\"ListItem\",\"position\":1,\"name\":\"Portada\",\"item\":\"https:\/\/crees.org.do\/\"},{\"@type\":\"ListItem\",\"position\":2,\"name\":\"Exitosa jornada CREES sobre temas laborales\"}]},{\"@type\":\"WebSite\",\"@id\":\"https:\/\/crees.org.do\/#website\",\"url\":\"https:\/\/crees.org.do\/\",\"name\":\"CREES\",\"description\":\"Centro Regional de Estrategias Econ\u00f3micas Sostenibles\",\"publisher\":{\"@id\":\"https:\/\/crees.org.do\/#organization\"},\"potentialAction\":[{\"@type\":\"SearchAction\",\"target\":{\"@type\":\"EntryPoint\",\"urlTemplate\":\"https:\/\/crees.org.do\/?s={search_term_string}\"},\"query-input\":{\"@type\":\"PropertyValueSpecification\",\"valueRequired\":true,\"valueName\":\"search_term_string\"}}],\"inLanguage\":\"es\"},{\"@type\":\"Organization\",\"@id\":\"https:\/\/crees.org.do\/#organization\",\"name\":\"CREES | Centro Regional de Estrategias Econ\u00f3micas Sostenibles\",\"url\":\"https:\/\/crees.org.do\/\",\"logo\":{\"@type\":\"ImageObject\",\"inLanguage\":\"es\",\"@id\":\"https:\/\/crees.org.do\/#\/schema\/logo\/image\/\",\"url\":\"https:\/\/crees.org.do\/wp-content\/uploads\/2022\/03\/crees-logo-1.jpg\",\"contentUrl\":\"https:\/\/crees.org.do\/wp-content\/uploads\/2022\/03\/crees-logo-1.jpg\",\"width\":244,\"height\":71,\"caption\":\"CREES | Centro Regional de Estrategias Econ\u00f3micas Sostenibles\"},\"image\":{\"@id\":\"https:\/\/crees.org.do\/#\/schema\/logo\/image\/\"},\"sameAs\":[\"https:\/\/www.facebook.com\/CREESRD\/\",\"https:\/\/x.com\/CREESRD\"]},{\"@type\":\"Person\",\"@id\":\"https:\/\/crees.org.do\/#\/schema\/person\/e7f97cd94d7bf9cd0e0ce30acb7d56b8\",\"name\":\"Crees\",\"image\":{\"@type\":\"ImageObject\",\"inLanguage\":\"es\",\"@id\":\"https:\/\/crees.org.do\/#\/schema\/person\/image\/\",\"url\":\"https:\/\/secure.gravatar.com\/avatar\/390ac8f0be5d9aa046152553e2dd7011b59a512d89c150f5e5f28bb8d9a0b165?s=96&d=mm&r=g\",\"contentUrl\":\"https:\/\/secure.gravatar.com\/avatar\/390ac8f0be5d9aa046152553e2dd7011b59a512d89c150f5e5f28bb8d9a0b165?s=96&d=mm&r=g\",\"caption\":\"Crees\"},\"url\":\"https:\/\/crees.org.do\/?author=2\"}]}<\/script>\n<!-- \/ Yoast SEO plugin. -->","yoast_head_json":{"title":"Exitosa jornada CREES sobre temas laborales | CREES","robots":{"index":"index","follow":"follow","max-snippet":"max-snippet:-1","max-image-preview":"max-image-preview:large","max-video-preview":"max-video-preview:-1"},"canonical":"https:\/\/crees.org.do\/?p=18134","og_locale":"es_ES","og_type":"article","og_title":"Exitosa jornada CREES sobre temas laborales | CREES","og_description":"&nbsp; El pasado 30 de octubre del presente se celebr\u00f3 la conferencia internacional &ldquo;Legislaci\u00f3n laboral, Empleo y Productividad&rdquo; bajo los auspicios del Centro Regional de Estrategias Econ\u00f3micas Sostenibles (CREES), con los invitados internacionales Jos\u00e9 Pi\u00f1era (Chile) y Jos\u00e9 Armando Caro Figueroa (Argentina), expertos en temas laborales y de la seguridad social. &nbsp;CREES desarroll\u00f3 el evento...","og_url":"https:\/\/crees.org.do\/?p=18134","og_site_name":"CREES","article_publisher":"https:\/\/www.facebook.com\/CREESRD\/","article_published_time":"2013-11-21T19:46:14+00:00","article_modified_time":"2021-08-10T20:23:54+00:00","og_image":[{"width":244,"height":71,"url":"https:\/\/crees.org.do\/wp-content\/uploads\/2022\/03\/crees-logo-1.jpg","type":"image\/jpeg"}],"author":"Crees","twitter_card":"summary_large_image","twitter_creator":"@CREESRD","twitter_site":"@CREESRD","twitter_misc":{"Escrito por":"Crees","Tiempo de lectura":"7 minutos"},"schema":{"@context":"https:\/\/schema.org","@graph":[{"@type":"Article","@id":"https:\/\/crees.org.do\/?p=18134#article","isPartOf":{"@id":"https:\/\/crees.org.do\/?p=18134"},"author":{"name":"Crees","@id":"https:\/\/crees.org.do\/#\/schema\/person\/e7f97cd94d7bf9cd0e0ce30acb7d56b8"},"headline":"Exitosa jornada CREES sobre temas laborales","datePublished":"2013-11-21T19:46:14+00:00","dateModified":"2021-08-10T20:23:54+00:00","mainEntityOfPage":{"@id":"https:\/\/crees.org.do\/?p=18134"},"wordCount":1374,"publisher":{"@id":"https:\/\/crees.org.do\/#organization"},"articleSection":["Art\u00edculos"],"inLanguage":"es"},{"@type":"WebPage","@id":"https:\/\/crees.org.do\/?p=18134","url":"https:\/\/crees.org.do\/?p=18134","name":"Exitosa jornada CREES sobre temas laborales | CREES","isPartOf":{"@id":"https:\/\/crees.org.do\/#website"},"datePublished":"2013-11-21T19:46:14+00:00","dateModified":"2021-08-10T20:23:54+00:00","breadcrumb":{"@id":"https:\/\/crees.org.do\/?p=18134#breadcrumb"},"inLanguage":"es","potentialAction":[{"@type":"ReadAction","target":["https:\/\/crees.org.do\/?p=18134"]}]},{"@type":"BreadcrumbList","@id":"https:\/\/crees.org.do\/?p=18134#breadcrumb","itemListElement":[{"@type":"ListItem","position":1,"name":"Portada","item":"https:\/\/crees.org.do\/"},{"@type":"ListItem","position":2,"name":"Exitosa jornada CREES sobre temas laborales"}]},{"@type":"WebSite","@id":"https:\/\/crees.org.do\/#website","url":"https:\/\/crees.org.do\/","name":"CREES","description":"Centro Regional de Estrategias Econ\u00f3micas Sostenibles","publisher":{"@id":"https:\/\/crees.org.do\/#organization"},"potentialAction":[{"@type":"SearchAction","target":{"@type":"EntryPoint","urlTemplate":"https:\/\/crees.org.do\/?s={search_term_string}"},"query-input":{"@type":"PropertyValueSpecification","valueRequired":true,"valueName":"search_term_string"}}],"inLanguage":"es"},{"@type":"Organization","@id":"https:\/\/crees.org.do\/#organization","name":"CREES | Centro Regional de Estrategias Econ\u00f3micas Sostenibles","url":"https:\/\/crees.org.do\/","logo":{"@type":"ImageObject","inLanguage":"es","@id":"https:\/\/crees.org.do\/#\/schema\/logo\/image\/","url":"https:\/\/crees.org.do\/wp-content\/uploads\/2022\/03\/crees-logo-1.jpg","contentUrl":"https:\/\/crees.org.do\/wp-content\/uploads\/2022\/03\/crees-logo-1.jpg","width":244,"height":71,"caption":"CREES | Centro Regional de Estrategias Econ\u00f3micas Sostenibles"},"image":{"@id":"https:\/\/crees.org.do\/#\/schema\/logo\/image\/"},"sameAs":["https:\/\/www.facebook.com\/CREESRD\/","https:\/\/x.com\/CREESRD"]},{"@type":"Person","@id":"https:\/\/crees.org.do\/#\/schema\/person\/e7f97cd94d7bf9cd0e0ce30acb7d56b8","name":"Crees","image":{"@type":"ImageObject","inLanguage":"es","@id":"https:\/\/crees.org.do\/#\/schema\/person\/image\/","url":"https:\/\/secure.gravatar.com\/avatar\/390ac8f0be5d9aa046152553e2dd7011b59a512d89c150f5e5f28bb8d9a0b165?s=96&d=mm&r=g","contentUrl":"https:\/\/secure.gravatar.com\/avatar\/390ac8f0be5d9aa046152553e2dd7011b59a512d89c150f5e5f28bb8d9a0b165?s=96&d=mm&r=g","caption":"Crees"},"url":"https:\/\/crees.org.do\/?author=2"}]}},"_links":{"self":[{"href":"https:\/\/crees.org.do\/index.php?rest_route=\/wp\/v2\/posts\/18134","targetHints":{"allow":["GET"]}}],"collection":[{"href":"https:\/\/crees.org.do\/index.php?rest_route=\/wp\/v2\/posts"}],"about":[{"href":"https:\/\/crees.org.do\/index.php?rest_route=\/wp\/v2\/types\/post"}],"author":[{"embeddable":true,"href":"https:\/\/crees.org.do\/index.php?rest_route=\/wp\/v2\/users\/2"}],"replies":[{"embeddable":true,"href":"https:\/\/crees.org.do\/index.php?rest_route=%2Fwp%2Fv2%2Fcomments&post=18134"}],"version-history":[{"count":1,"href":"https:\/\/crees.org.do\/index.php?rest_route=\/wp\/v2\/posts\/18134\/revisions"}],"predecessor-version":[{"id":18694,"href":"https:\/\/crees.org.do\/index.php?rest_route=\/wp\/v2\/posts\/18134\/revisions\/18694"}],"wp:attachment":[{"href":"https:\/\/crees.org.do\/index.php?rest_route=%2Fwp%2Fv2%2Fmedia&parent=18134"}],"wp:term":[{"taxonomy":"category","embeddable":true,"href":"https:\/\/crees.org.do\/index.php?rest_route=%2Fwp%2Fv2%2Fcategories&post=18134"},{"taxonomy":"post_tag","embeddable":true,"href":"https:\/\/crees.org.do\/index.php?rest_route=%2Fwp%2Fv2%2Ftags&post=18134"}],"curies":[{"name":"wp","href":"https:\/\/api.w.org\/{rel}","templated":true}]}}