{"id":18204,"date":"2021-02-13T19:47:02","date_gmt":"2021-02-13T19:47:02","guid":{"rendered":"https:\/\/crees.org.do\/endeudamiento-hoy-impuestos-manana\/"},"modified":"2021-08-18T18:54:13","modified_gmt":"2021-08-18T18:54:13","slug":"endeudamiento-hoy-impuestos-manana","status":"publish","type":"post","link":"https:\/\/crees.org.do\/?p=18204","title":{"rendered":"Endeudamiento hoy, impuestos ma\u00f1ana."},"content":{"rendered":"<p style=\"text-align: justify;\"><span style=\"font-size: 12px;\"><span style=\"font-family: verdana,geneva,sans-serif;\">Por <\/span><span style=\"font-family: verdana,geneva,sans-serif;\">Miguel Collado Di Franco<\/span><\/span><\/p>\n<p style=\"text-align: justify;\">\n<p style=\"text-align: justify;\"><span style=\"font-size: 12px;\"><span style=\"font-family: verdana,geneva,sans-serif;\">El d\u00eda 20 de enero pasado, el gobierno dominicano realiz\u00f3 una colocaci\u00f3n de US$2,500 millones en bonos soberanos en los mercados internacionales. Los comentarios reflejados en la prensa han sido, en su mayor\u00eda, relacionados con el rendimiento de los bonos emitidos y el momento de la colocaci\u00f3n. Muy poco ha sido destacado con relaci\u00f3n a las consecuencias posteriores de las emisiones de deuda, y de lo que representan en t\u00e9rminos de impacto fiscal futuro.<\/span><\/span><\/p>\n<p style=\"text-align: justify;\"><span style=\"font-size: 12px;\"><span style=\"font-family: verdana,geneva,sans-serif;\">Entendemos que es necesario continuar abordando el tema del endeudamiento en vista de que continuos d\u00e9ficits fiscales representan un riesgo sobre la econom\u00eda. Cubrir los gastos deficitarios con endeudamiento es postergar un problema presente. En el tiempo, ninguna entidad familiar, empresarial o, en este caso, el gobierno de un pa\u00eds, puede consumir m\u00e1s de lo que le ingresa. Los incrementos en la deuda presente se traducir\u00e1n en mayor sacrificio de los contribuyentes en fechas posteriores.<\/span><\/span><\/p>\n<p style=\"text-align: justify;\">\n<p style=\"text-align: justify;\"><span style=\"font-size: 12px;\"><span style=\"font-family: verdana,geneva,sans-serif;\"><strong>La din\u00e1mica de la deuda<\/strong><\/span><\/span><\/p>\n<p style=\"text-align: justify;\"><span style=\"font-size: 12px;\"><span style=\"font-family: verdana,geneva,sans-serif;\">Toda deuda debe ser pagada en un momento en el tiempo. En alguna fecha futura es necesario pagar, en la forma de intereses y de capital, por lo que se consume hoy. En el caso de la deuda privada, existe una unidad espec\u00edfica sobre la cual recae el peso de la misma. Asumiendo que se trate de una deuda individual, la persona que la contrajo sabe que tiene la responsabilidad de pagar en el futuro. Por m\u00e1s atractiva que parezca la idea de diferir el pago de lo que consume en el momento, el costo de la decisi\u00f3n va a recaer sobre s\u00ed mismo.<\/span><\/span><\/p>\n<p style=\"text-align: justify;\"><span style=\"font-size: 12px;\"><span style=\"font-family: verdana,geneva,sans-serif;\">En el caso de la deuda p\u00fablica, hay dos grupos de individuos involucrados que son muy relevantes en el an\u00e1lisis. Est\u00e1n quienes toman la decisi\u00f3n del endeudamiento, y quienes tienen la responsabilidad de pagar por la deuda. En consecuencia, la mayor\u00eda de las veces existe una desconexi\u00f3n de las decisiones de endeudamiento. A diferencia del individuo que se endeuda a sabiendas de que debe pagar en el futuro, los contribuyentes no est\u00e1n participando de las decisiones presentes que tendr\u00e1n como resultado un incremento de la carga fiscal que sobre ellos recae.<\/span><\/span><\/p>\n<p style=\"text-align: justify;\"><span style=\"font-size: 12px;\"><span style=\"font-family: verdana,geneva,sans-serif;\">Lo anterior no quiere decir que los ciudadanos no tengan ninguna responsabilidad sobre las pol\u00edticas que eligen, de forma indirecta, al votar por las autoridades p\u00fablicas. El punto es que los electores no tienen toda la informaci\u00f3n que manejan quienes se encuentran en los puestos p\u00fablicos, ni el control sobre estas decisiones.<\/span><\/span><\/p>\n<p style=\"text-align: justify;\"><span style=\"font-size: 12px;\"><span style=\"font-family: verdana,geneva,sans-serif;\">Quienes administran cargos p\u00fablicos tratan de demostrar a los contribuyentes que son capaces de devolver la mayor cantidad de beneficios, en la forma de gasto p\u00fablico, a partir de los ingresos p\u00fablicos que administran. Por esta raz\u00f3n, elevar impuestos en forma de nuevas figuras impositivas o mayores tasas no es la primera opci\u00f3n al momento de cubrir los d\u00e9ficit fiscales. Parte de la ilusi\u00f3n fiscal de las finanzas p\u00fablicas es recurrir a endeudamiento, y no a incrementos de impuestos adicionales. La deuda, en este sentido, es equiparable a diferir el pago de mayores impuestos en el momento. Endeudamiento presente que debe ser pagado con mayores recursos extra\u00eddos de los ciudadanos en un momento posterior.<\/span><\/span><\/p>\n<p style=\"text-align: justify;\"><span style=\"font-size: 12px;\"><span style=\"font-family: verdana,geneva,sans-serif;\">Cuando se hace referencia a los ciudadanos sobre quienes recae el pago de la deuda se les suele llamar \u201cgeneraciones futuras\u201d. Aunque el t\u00e9rmino sugiere que estos individuos se encuentran en un tiempo distante, una generaci\u00f3n futura puede ser definida como los individuos sobre quienes recae el peso de la deuda en el periodo siguiente a su contrataci\u00f3n<a title=\"\" href=\"#_ftn1\" name=\"_ftnref1\">[1]<\/a>. Es decir, la generaci\u00f3n futura est\u00e1 formada por aquellos individuos que empiecen a ser responsables de cubrir el servicio de la deuda. Para simplicidad, podemos asumir que estos pagos del servicio se empiezan a producir en el periodo fiscal siguiente. El futuro no est\u00e1 tan distante como a veces pensamos. Est\u00e1 tan lejos o cercano como sea el primer compromiso acordado en el contrato del empr\u00e9stito.<\/span><\/span><\/p>\n<p style=\"text-align: justify;\">\n<p style=\"text-align: center;\"><span style=\"font-size: 12px;\"><span style=\"font-family: verdana,geneva,sans-serif;\">[[{&#8220;type&#8221;:&#8221;media&#8221;,&#8221;view_mode&#8221;:&#8221;media_original&#8221;,&#8221;fid&#8221;:&#8221;2973&#8243;,&#8221;attributes&#8221;:{&#8220;alt&#8221;:&#8221;&#8221;,&#8221;class&#8221;:&#8221;media-image&#8221;,&#8221;style&#8221;:&#8221;height: 436px; width: 657px;&#8221;}}]]<\/span><\/span><\/p>\n<p style=\"text-align: justify;\">\n<p style=\"text-align: justify;\"><span style=\"font-size: 12px;\"><span style=\"font-family: verdana,geneva,sans-serif;\">El gr\u00e1fico que acompa\u00f1a al art\u00edculo muestra el comportamiento de la deuda del sector p\u00fablico no financiero dominicano, y el incremento en los gastos por concepto de intereses como porcentaje del gasto p\u00fablico. Este gasto ha ido increment\u00e1ndose en la medida en que se ha elevado el endeudamiento de a\u00f1os recientes. Estimamos que para 2014 el gasto en intereses como porcentaje del gasto total debe haberse duplicado con relaci\u00f3n a siete a\u00f1os atr\u00e1s, al pasar de 7% a 14%. Esta tendencia refleja que actualmente se est\u00e1n pagando los intereses del endeudamiento de a\u00f1os recientes. Las consecuencias de la deuda no se encuentran en un futuro distante, como se aprecia.<\/span><\/span><\/p>\n<p style=\"text-align: justify;\">\n<p style=\"text-align: justify;\"><span style=\"font-size: 12px;\"><span style=\"font-family: verdana,geneva,sans-serif;\"><strong>El endeudamiento solo posterga las soluciones<\/strong><\/span><\/span><\/p>\n<p style=\"text-align: justify;\"><span style=\"font-size: 12px;\"><span style=\"font-family: verdana,geneva,sans-serif;\">Una de las principales caracter\u00edsticas del endeudamiento, en sentido general, es crear la ilusi\u00f3n de que la situaci\u00f3n fiscal presente no es tan cr\u00edtica como en realidad es. Diferir impuestos hacia el futuro crea esa ilusi\u00f3n. En el presente, el gasto que da origen a la deuda representa desahorro por parte del gobierno. Mientras los individuos tratan de ahorrar a lo largo de su vida, los sucesivos d\u00e9ficits de los gobiernos representan una acci\u00f3n opuesta.<\/span><\/span><\/p>\n<p style=\"text-align: justify;\"><span style=\"font-size: 12px;\"><span style=\"font-family: verdana,geneva,sans-serif;\">Tener que disponer de ingresos particulares para el pago de mayores impuestos disminuye el ahorro de los ciudadanos. Es decir, el desahorro producido por continuos d\u00e9ficits fiscales es una pol\u00edtica que afecta el ahorro personal.<\/span><\/span><\/p>\n<p style=\"text-align: justify;\"><span style=\"font-size: 12px;\"><span style=\"font-family: verdana,geneva,sans-serif;\">En Rep\u00fablica Dominicana tenemos dos situaciones que deben ser mencionadas en este sentido, y que deben ser ponderadas seriamente. Las cuentas p\u00fablicas preparadas por la Direcci\u00f3n General de Contabilidad Gubernamental muestran que el Gobierno Central presenta patrimonio negativo<a title=\"\" href=\"#_ftn2\" name=\"_ftnref2\">[2]<\/a>. Los continuos d\u00e9ficits, el desahorro, han ido disminuyendo este patrimonio en a\u00f1os recientes. De igual forma, los informes oficiales tambi\u00e9n dan cuenta de la situaci\u00f3n de patrimonio negativo que enfrenta el Banco Central de la Rep\u00fablica Dominicana, originadas a partir de pol\u00edticas tomadas luego de la crisis de 2003-2004.<\/span><\/span><\/p>\n<p style=\"text-align: justify;\"><span style=\"font-size: 12px;\"><span style=\"font-family: verdana,geneva,sans-serif;\">En todos los \u00e1mbitos de los organismos que componen el Estado, las situaciones de fundamentos deben ser atendidas como tales; el endeudamiento no soluciona ninguna situaci\u00f3n. Como enfatizamos, el costo de obtener algo debe ser pagado en alg\u00fan momento. Las decisiones de gastar por encima de nuestros ingresos, desahorrar, a\u00f1o tras a\u00f1o, y de presupuestar impuestos diferidos, endeudamiento, son temas de mucho peso. En este sentido, el pacto fiscal pendiente debe buscar las soluciones a la situaci\u00f3n actual. Por un lado, es preciso contar con reglas fiscales de gasto, d\u00e9ficit y endeudamiento.\u00a0 En adici\u00f3n, es necesaria una real reforma al C\u00f3digo Tributario que represente una reducci\u00f3n de tasas y simplificaci\u00f3n del sistema tributario. Una reforma de este tipo es la \u00fanica forma de reducir los incentivos a la evasi\u00f3n fiscal y a la informalidad y, por tanto, garantizar los ingresos fiscales como no ha podido hacerlo ninguna modificaci\u00f3n impositiva posterior a la reforma de 1992.<\/span><\/span><\/p>\n<div>\n<p>&nbsp;<\/p>\n<p>&nbsp;<\/p>\n<hr align=\"left\" size=\"1\" width=\"33%\" \/>\n<div id=\"ftn1\">\n<p style=\"text-align: justify;\"><span style=\"font-size: 12px;\"><span style=\"font-family: verdana,geneva,sans-serif;\"><a title=\"\" href=\"#_ftnref1\" name=\"_ftn1\">[1]<\/a> James Buchanan hace este planteamiento y otros interesesantes sobre la deuda p\u00fablica en \u201cPublic Principles of Public Debt: a Defense and Restatement\u201d, en <a href=\"http:\/\/oll.libertyfund.org\/titles\/279\"><em>The Collected Works of James M Buchanan, Vol. 2<\/em><\/a>, 1958<\/span><\/span><\/p>\n<\/div>\n<div id=\"ftn2\">\n<p style=\"text-align: justify;\"><span style=\"font-size: 12px;\"><span style=\"font-family: verdana,geneva,sans-serif;\"><a title=\"\" href=\"#_ftnref2\" name=\"_ftn2\">[2]<\/a> Ver el <a href=\"http:\/\/digecog.gob.do\/index.php\/publicaciones\/estado-de-recaudacion.html?download=216:estado-de-recaudacion-2013\">Estado de Recaudaci\u00f3n e Inversi\u00f3n de las Rentas al 31 de diciembre del 2013<\/a><\/span><\/span><\/p>\n<\/div>\n<\/div>\n<p>&nbsp;<\/p>\n<div class=\"pvc_clear\"><\/div>\n<p class=\"pvc_stats all \" data-element-id=\"18204\" style=\"\"><i class=\"pvc-stats-icon medium\" aria-hidden=\"true\"><svg aria-hidden=\"true\" focusable=\"false\" data-prefix=\"far\" data-icon=\"chart-bar\" role=\"img\" xmlns=\"http:\/\/www.w3.org\/2000\/svg\" viewBox=\"0 0 512 512\" class=\"svg-inline--fa fa-chart-bar fa-w-16 fa-2x\"><path fill=\"currentColor\" d=\"M396.8 352h22.4c6.4 0 12.8-6.4 12.8-12.8V108.8c0-6.4-6.4-12.8-12.8-12.8h-22.4c-6.4 0-12.8 6.4-12.8 12.8v230.4c0 6.4 6.4 12.8 12.8 12.8zm-192 0h22.4c6.4 0 12.8-6.4 12.8-12.8V140.8c0-6.4-6.4-12.8-12.8-12.8h-22.4c-6.4 0-12.8 6.4-12.8 12.8v198.4c0 6.4 6.4 12.8 12.8 12.8zm96 0h22.4c6.4 0 12.8-6.4 12.8-12.8V204.8c0-6.4-6.4-12.8-12.8-12.8h-22.4c-6.4 0-12.8 6.4-12.8 12.8v134.4c0 6.4 6.4 12.8 12.8 12.8zM496 400H48V80c0-8.84-7.16-16-16-16H16C7.16 64 0 71.16 0 80v336c0 17.67 14.33 32 32 32h464c8.84 0 16-7.16 16-16v-16c0-8.84-7.16-16-16-16zm-387.2-48h22.4c6.4 0 12.8-6.4 12.8-12.8v-70.4c0-6.4-6.4-12.8-12.8-12.8h-22.4c-6.4 0-12.8 6.4-12.8 12.8v70.4c0 6.4 6.4 12.8 12.8 12.8z\" class=\"\"><\/path><\/svg><\/i> Vistas Totales&nbsp;1,279&nbsp;, Vistas Hoy&nbsp;2&nbsp;<\/p>\n<div class=\"pvc_clear\"><\/div>\n","protected":false},"excerpt":{"rendered":"<p>Por Miguel Collado Di Franco El d\u00eda 20 de enero pasado, el gobierno dominicano realiz\u00f3 una colocaci\u00f3n de US$2,500 millones en bonos soberanos en los mercados internacionales. Los comentarios reflejados en la prensa han sido, en su mayor\u00eda, relacionados con el rendimiento de los bonos emitidos y el momento de la colocaci\u00f3n. Muy poco ha&#8230;<\/p>\n<div class=\"pvc_clear\"><\/div>\n<p class=\"pvc_stats all \" data-element-id=\"18204\" style=\"\"><i class=\"pvc-stats-icon medium\" aria-hidden=\"true\"><svg aria-hidden=\"true\" focusable=\"false\" data-prefix=\"far\" data-icon=\"chart-bar\" role=\"img\" xmlns=\"http:\/\/www.w3.org\/2000\/svg\" viewBox=\"0 0 512 512\" class=\"svg-inline--fa fa-chart-bar fa-w-16 fa-2x\"><path fill=\"currentColor\" d=\"M396.8 352h22.4c6.4 0 12.8-6.4 12.8-12.8V108.8c0-6.4-6.4-12.8-12.8-12.8h-22.4c-6.4 0-12.8 6.4-12.8 12.8v230.4c0 6.4 6.4 12.8 12.8 12.8zm-192 0h22.4c6.4 0 12.8-6.4 12.8-12.8V140.8c0-6.4-6.4-12.8-12.8-12.8h-22.4c-6.4 0-12.8 6.4-12.8 12.8v198.4c0 6.4 6.4 12.8 12.8 12.8zm96 0h22.4c6.4 0 12.8-6.4 12.8-12.8V204.8c0-6.4-6.4-12.8-12.8-12.8h-22.4c-6.4 0-12.8 6.4-12.8 12.8v134.4c0 6.4 6.4 12.8 12.8 12.8zM496 400H48V80c0-8.84-7.16-16-16-16H16C7.16 64 0 71.16 0 80v336c0 17.67 14.33 32 32 32h464c8.84 0 16-7.16 16-16v-16c0-8.84-7.16-16-16-16zm-387.2-48h22.4c6.4 0 12.8-6.4 12.8-12.8v-70.4c0-6.4-6.4-12.8-12.8-12.8h-22.4c-6.4 0-12.8 6.4-12.8 12.8v70.4c0 6.4 6.4 12.8 12.8 12.8z\" class=\"\"><\/path><\/svg><\/i> Vistas Totales&nbsp;1,279&nbsp;, Vistas Hoy&nbsp;2&nbsp;<\/p>\n<div class=\"pvc_clear\"><\/div>\n","protected":false},"author":2,"featured_media":0,"comment_status":"closed","ping_status":"closed","sticky":false,"template":"","format":"standard","meta":{"footnotes":""},"categories":[1],"tags":[],"class_list":["post-18204","post","type-post","status-publish","format-standard","hentry","category-crees"],"yoast_head":"<!-- This site is optimized with the Yoast SEO plugin v25.2 - https:\/\/yoast.com\/wordpress\/plugins\/seo\/ -->\n<title>Endeudamiento hoy, impuestos ma\u00f1ana. | CREES<\/title>\n<meta name=\"robots\" content=\"index, follow, max-snippet:-1, max-image-preview:large, max-video-preview:-1\" \/>\n<link rel=\"canonical\" href=\"https:\/\/crees.org.do\/?p=18204\" \/>\n<meta property=\"og:locale\" content=\"es_ES\" \/>\n<meta property=\"og:type\" content=\"article\" \/>\n<meta property=\"og:title\" content=\"Endeudamiento hoy, impuestos ma\u00f1ana. | CREES\" \/>\n<meta property=\"og:description\" content=\"Por Miguel Collado Di Franco El d\u00eda 20 de enero pasado, el gobierno dominicano realiz\u00f3 una colocaci\u00f3n de US$2,500 millones en bonos soberanos en los mercados internacionales. Los comentarios reflejados en la prensa han sido, en su mayor\u00eda, relacionados con el rendimiento de los bonos emitidos y el momento de la colocaci\u00f3n. Muy poco ha...\" \/>\n<meta property=\"og:url\" content=\"https:\/\/crees.org.do\/?p=18204\" \/>\n<meta property=\"og:site_name\" content=\"CREES\" \/>\n<meta property=\"article:publisher\" content=\"https:\/\/www.facebook.com\/CREESRD\/\" \/>\n<meta property=\"article:published_time\" content=\"2021-02-13T19:47:02+00:00\" \/>\n<meta property=\"article:modified_time\" content=\"2021-08-18T18:54:13+00:00\" \/>\n<meta property=\"og:image\" content=\"https:\/\/crees.org.do\/wp-content\/uploads\/2022\/03\/crees-logo-1.jpg\" \/>\n\t<meta property=\"og:image:width\" content=\"244\" \/>\n\t<meta property=\"og:image:height\" content=\"71\" \/>\n\t<meta property=\"og:image:type\" content=\"image\/jpeg\" \/>\n<meta name=\"author\" content=\"Crees\" \/>\n<meta name=\"twitter:card\" content=\"summary_large_image\" \/>\n<meta name=\"twitter:creator\" content=\"@CREESRD\" \/>\n<meta name=\"twitter:site\" content=\"@CREESRD\" \/>\n<meta name=\"twitter:label1\" content=\"Escrito por\" \/>\n\t<meta name=\"twitter:data1\" content=\"Crees\" \/>\n\t<meta name=\"twitter:label2\" content=\"Tiempo de lectura\" \/>\n\t<meta name=\"twitter:data2\" content=\"6 minutos\" \/>\n<script type=\"application\/ld+json\" class=\"yoast-schema-graph\">{\"@context\":\"https:\/\/schema.org\",\"@graph\":[{\"@type\":\"Article\",\"@id\":\"https:\/\/crees.org.do\/?p=18204#article\",\"isPartOf\":{\"@id\":\"https:\/\/crees.org.do\/?p=18204\"},\"author\":{\"name\":\"Crees\",\"@id\":\"https:\/\/crees.org.do\/#\/schema\/person\/e7f97cd94d7bf9cd0e0ce30acb7d56b8\"},\"headline\":\"Endeudamiento hoy, impuestos ma\u00f1ana.\",\"datePublished\":\"2021-02-13T19:47:02+00:00\",\"dateModified\":\"2021-08-18T18:54:13+00:00\",\"mainEntityOfPage\":{\"@id\":\"https:\/\/crees.org.do\/?p=18204\"},\"wordCount\":1261,\"publisher\":{\"@id\":\"https:\/\/crees.org.do\/#organization\"},\"articleSection\":[\"CREES\"],\"inLanguage\":\"es\"},{\"@type\":\"WebPage\",\"@id\":\"https:\/\/crees.org.do\/?p=18204\",\"url\":\"https:\/\/crees.org.do\/?p=18204\",\"name\":\"Endeudamiento hoy, impuestos ma\u00f1ana. | CREES\",\"isPartOf\":{\"@id\":\"https:\/\/crees.org.do\/#website\"},\"datePublished\":\"2021-02-13T19:47:02+00:00\",\"dateModified\":\"2021-08-18T18:54:13+00:00\",\"breadcrumb\":{\"@id\":\"https:\/\/crees.org.do\/?p=18204#breadcrumb\"},\"inLanguage\":\"es\",\"potentialAction\":[{\"@type\":\"ReadAction\",\"target\":[\"https:\/\/crees.org.do\/?p=18204\"]}]},{\"@type\":\"BreadcrumbList\",\"@id\":\"https:\/\/crees.org.do\/?p=18204#breadcrumb\",\"itemListElement\":[{\"@type\":\"ListItem\",\"position\":1,\"name\":\"Portada\",\"item\":\"https:\/\/crees.org.do\/\"},{\"@type\":\"ListItem\",\"position\":2,\"name\":\"Endeudamiento hoy, impuestos ma\u00f1ana.\"}]},{\"@type\":\"WebSite\",\"@id\":\"https:\/\/crees.org.do\/#website\",\"url\":\"https:\/\/crees.org.do\/\",\"name\":\"CREES\",\"description\":\"Centro Regional de Estrategias Econ\u00f3micas Sostenibles\",\"publisher\":{\"@id\":\"https:\/\/crees.org.do\/#organization\"},\"potentialAction\":[{\"@type\":\"SearchAction\",\"target\":{\"@type\":\"EntryPoint\",\"urlTemplate\":\"https:\/\/crees.org.do\/?s={search_term_string}\"},\"query-input\":{\"@type\":\"PropertyValueSpecification\",\"valueRequired\":true,\"valueName\":\"search_term_string\"}}],\"inLanguage\":\"es\"},{\"@type\":\"Organization\",\"@id\":\"https:\/\/crees.org.do\/#organization\",\"name\":\"CREES | Centro Regional de Estrategias Econ\u00f3micas Sostenibles\",\"url\":\"https:\/\/crees.org.do\/\",\"logo\":{\"@type\":\"ImageObject\",\"inLanguage\":\"es\",\"@id\":\"https:\/\/crees.org.do\/#\/schema\/logo\/image\/\",\"url\":\"https:\/\/crees.org.do\/wp-content\/uploads\/2022\/03\/crees-logo-1.jpg\",\"contentUrl\":\"https:\/\/crees.org.do\/wp-content\/uploads\/2022\/03\/crees-logo-1.jpg\",\"width\":244,\"height\":71,\"caption\":\"CREES | Centro Regional de Estrategias Econ\u00f3micas Sostenibles\"},\"image\":{\"@id\":\"https:\/\/crees.org.do\/#\/schema\/logo\/image\/\"},\"sameAs\":[\"https:\/\/www.facebook.com\/CREESRD\/\",\"https:\/\/x.com\/CREESRD\"]},{\"@type\":\"Person\",\"@id\":\"https:\/\/crees.org.do\/#\/schema\/person\/e7f97cd94d7bf9cd0e0ce30acb7d56b8\",\"name\":\"Crees\",\"image\":{\"@type\":\"ImageObject\",\"inLanguage\":\"es\",\"@id\":\"https:\/\/crees.org.do\/#\/schema\/person\/image\/\",\"url\":\"https:\/\/secure.gravatar.com\/avatar\/390ac8f0be5d9aa046152553e2dd7011b59a512d89c150f5e5f28bb8d9a0b165?s=96&d=mm&r=g\",\"contentUrl\":\"https:\/\/secure.gravatar.com\/avatar\/390ac8f0be5d9aa046152553e2dd7011b59a512d89c150f5e5f28bb8d9a0b165?s=96&d=mm&r=g\",\"caption\":\"Crees\"},\"url\":\"https:\/\/crees.org.do\/?author=2\"}]}<\/script>\n<!-- \/ Yoast SEO plugin. -->","yoast_head_json":{"title":"Endeudamiento hoy, impuestos ma\u00f1ana. | CREES","robots":{"index":"index","follow":"follow","max-snippet":"max-snippet:-1","max-image-preview":"max-image-preview:large","max-video-preview":"max-video-preview:-1"},"canonical":"https:\/\/crees.org.do\/?p=18204","og_locale":"es_ES","og_type":"article","og_title":"Endeudamiento hoy, impuestos ma\u00f1ana. | CREES","og_description":"Por Miguel Collado Di Franco El d\u00eda 20 de enero pasado, el gobierno dominicano realiz\u00f3 una colocaci\u00f3n de US$2,500 millones en bonos soberanos en los mercados internacionales. Los comentarios reflejados en la prensa han sido, en su mayor\u00eda, relacionados con el rendimiento de los bonos emitidos y el momento de la colocaci\u00f3n. Muy poco ha...","og_url":"https:\/\/crees.org.do\/?p=18204","og_site_name":"CREES","article_publisher":"https:\/\/www.facebook.com\/CREESRD\/","article_published_time":"2021-02-13T19:47:02+00:00","article_modified_time":"2021-08-18T18:54:13+00:00","og_image":[{"width":244,"height":71,"url":"https:\/\/crees.org.do\/wp-content\/uploads\/2022\/03\/crees-logo-1.jpg","type":"image\/jpeg"}],"author":"Crees","twitter_card":"summary_large_image","twitter_creator":"@CREESRD","twitter_site":"@CREESRD","twitter_misc":{"Escrito por":"Crees","Tiempo de lectura":"6 minutos"},"schema":{"@context":"https:\/\/schema.org","@graph":[{"@type":"Article","@id":"https:\/\/crees.org.do\/?p=18204#article","isPartOf":{"@id":"https:\/\/crees.org.do\/?p=18204"},"author":{"name":"Crees","@id":"https:\/\/crees.org.do\/#\/schema\/person\/e7f97cd94d7bf9cd0e0ce30acb7d56b8"},"headline":"Endeudamiento hoy, impuestos ma\u00f1ana.","datePublished":"2021-02-13T19:47:02+00:00","dateModified":"2021-08-18T18:54:13+00:00","mainEntityOfPage":{"@id":"https:\/\/crees.org.do\/?p=18204"},"wordCount":1261,"publisher":{"@id":"https:\/\/crees.org.do\/#organization"},"articleSection":["CREES"],"inLanguage":"es"},{"@type":"WebPage","@id":"https:\/\/crees.org.do\/?p=18204","url":"https:\/\/crees.org.do\/?p=18204","name":"Endeudamiento hoy, impuestos ma\u00f1ana. | CREES","isPartOf":{"@id":"https:\/\/crees.org.do\/#website"},"datePublished":"2021-02-13T19:47:02+00:00","dateModified":"2021-08-18T18:54:13+00:00","breadcrumb":{"@id":"https:\/\/crees.org.do\/?p=18204#breadcrumb"},"inLanguage":"es","potentialAction":[{"@type":"ReadAction","target":["https:\/\/crees.org.do\/?p=18204"]}]},{"@type":"BreadcrumbList","@id":"https:\/\/crees.org.do\/?p=18204#breadcrumb","itemListElement":[{"@type":"ListItem","position":1,"name":"Portada","item":"https:\/\/crees.org.do\/"},{"@type":"ListItem","position":2,"name":"Endeudamiento hoy, impuestos ma\u00f1ana."}]},{"@type":"WebSite","@id":"https:\/\/crees.org.do\/#website","url":"https:\/\/crees.org.do\/","name":"CREES","description":"Centro Regional de Estrategias Econ\u00f3micas Sostenibles","publisher":{"@id":"https:\/\/crees.org.do\/#organization"},"potentialAction":[{"@type":"SearchAction","target":{"@type":"EntryPoint","urlTemplate":"https:\/\/crees.org.do\/?s={search_term_string}"},"query-input":{"@type":"PropertyValueSpecification","valueRequired":true,"valueName":"search_term_string"}}],"inLanguage":"es"},{"@type":"Organization","@id":"https:\/\/crees.org.do\/#organization","name":"CREES | Centro Regional de Estrategias Econ\u00f3micas Sostenibles","url":"https:\/\/crees.org.do\/","logo":{"@type":"ImageObject","inLanguage":"es","@id":"https:\/\/crees.org.do\/#\/schema\/logo\/image\/","url":"https:\/\/crees.org.do\/wp-content\/uploads\/2022\/03\/crees-logo-1.jpg","contentUrl":"https:\/\/crees.org.do\/wp-content\/uploads\/2022\/03\/crees-logo-1.jpg","width":244,"height":71,"caption":"CREES | Centro Regional de Estrategias Econ\u00f3micas Sostenibles"},"image":{"@id":"https:\/\/crees.org.do\/#\/schema\/logo\/image\/"},"sameAs":["https:\/\/www.facebook.com\/CREESRD\/","https:\/\/x.com\/CREESRD"]},{"@type":"Person","@id":"https:\/\/crees.org.do\/#\/schema\/person\/e7f97cd94d7bf9cd0e0ce30acb7d56b8","name":"Crees","image":{"@type":"ImageObject","inLanguage":"es","@id":"https:\/\/crees.org.do\/#\/schema\/person\/image\/","url":"https:\/\/secure.gravatar.com\/avatar\/390ac8f0be5d9aa046152553e2dd7011b59a512d89c150f5e5f28bb8d9a0b165?s=96&d=mm&r=g","contentUrl":"https:\/\/secure.gravatar.com\/avatar\/390ac8f0be5d9aa046152553e2dd7011b59a512d89c150f5e5f28bb8d9a0b165?s=96&d=mm&r=g","caption":"Crees"},"url":"https:\/\/crees.org.do\/?author=2"}]}},"_links":{"self":[{"href":"https:\/\/crees.org.do\/index.php?rest_route=\/wp\/v2\/posts\/18204","targetHints":{"allow":["GET"]}}],"collection":[{"href":"https:\/\/crees.org.do\/index.php?rest_route=\/wp\/v2\/posts"}],"about":[{"href":"https:\/\/crees.org.do\/index.php?rest_route=\/wp\/v2\/types\/post"}],"author":[{"embeddable":true,"href":"https:\/\/crees.org.do\/index.php?rest_route=\/wp\/v2\/users\/2"}],"replies":[{"embeddable":true,"href":"https:\/\/crees.org.do\/index.php?rest_route=%2Fwp%2Fv2%2Fcomments&post=18204"}],"version-history":[{"count":2,"href":"https:\/\/crees.org.do\/index.php?rest_route=\/wp\/v2\/posts\/18204\/revisions"}],"predecessor-version":[{"id":21922,"href":"https:\/\/crees.org.do\/index.php?rest_route=\/wp\/v2\/posts\/18204\/revisions\/21922"}],"wp:attachment":[{"href":"https:\/\/crees.org.do\/index.php?rest_route=%2Fwp%2Fv2%2Fmedia&parent=18204"}],"wp:term":[{"taxonomy":"category","embeddable":true,"href":"https:\/\/crees.org.do\/index.php?rest_route=%2Fwp%2Fv2%2Fcategories&post=18204"},{"taxonomy":"post_tag","embeddable":true,"href":"https:\/\/crees.org.do\/index.php?rest_route=%2Fwp%2Fv2%2Ftags&post=18204"}],"curies":[{"name":"wp","href":"https:\/\/api.w.org\/{rel}","templated":true}]}}