{"id":18315,"date":"2021-07-30T19:53:09","date_gmt":"2021-07-30T19:53:09","guid":{"rendered":"https:\/\/crees.org.do\/?p=18315"},"modified":"2021-08-09T19:53:36","modified_gmt":"2021-08-09T19:53:36","slug":"construir-una-vivienda-es-25-1-mas-cara-que-2019","status":"publish","type":"post","link":"https:\/\/crees.org.do\/?p=18315","title":{"rendered":"Construir una vivienda es 25.1% m\u00e1s cara que 2019"},"content":{"rendered":"<p>Autor: Ubaldo Guzm\u00e1n Molina<\/p>\n<p>Fecha: 30 de julio del 2021<\/p>\n<p>Extra\u00eddo de:\u00a0<a href=\"https:\/\/hoy.com.do\/construir-una-vivienda-es-25-1-mas-cara-que-2019\/\">Peri\u00f3dico Hoy<\/a><\/p>\n<p>La construcci\u00f3n de una vivienda en el pa\u00eds es 25.1% m\u00e1s cara ahora que en 2019, seg\u00fan el Centro Regional de Estrategias Econ\u00f3micas Sostenibles (CREES), basado en el \u00cdndice de Costos Directos de la Construcci\u00f3n de Viviendas (ICDV) de la Oficina Nacional de Estad\u00edstica (ONE).<\/p>\n<p>En junio pasado, el ICDV era de 198.5 en promedio, lo que represent\u00f3 un incremento interanual de 19.0%, el m\u00e1s elevado en la toda la serie hist\u00f3rica del ICDV.<\/p>\n<p>Explic\u00f3 que como consecuencia de la pandemia de covid-19, los precios internacionales de los bienes y servicios se han visto impactados por las pol\u00edticas fiscales y monetarias expansivas que han adoptado muchos Estados del mundo y la disminuci\u00f3n en la producci\u00f3n.<\/p>\n<p>Precis\u00f3 que se han elevado los precios de las materias primas necesarias para construir una vivienda, como la madera, el acero, el cobre, el aluminio y los combustibles l\u00edquidos, entre otros.<br \/>\nPor tipos de viviendas, el ICDV en junio fue de 205.12 para la vivienda unifamiliar de un nivel, 197.59 para la vivienda unifamiliar de dos niveles, 193.68 para la multifamiliar de cuatro niveles y y 197.45 para la multifamiliar de ocho niveles o m\u00e1s.<\/p>\n<p>Los principales incrementos se presentaron en las herramientas, con un 48.53 %, seguido por el subcontrato de herrer\u00eda, con un 25.50 %, y las piedras naturales y marmolite, con un 19.81 %.<br \/>\nEn relaci\u00f3n con un a\u00f1o atr\u00e1s, el costo de construir una vivienda fue de 19.0%, se\u00f1ala el CREES.<\/p>\n<div class=\"pvc_clear\"><\/div>\n<p class=\"pvc_stats all \" data-element-id=\"18315\" style=\"\"><i class=\"pvc-stats-icon medium\" aria-hidden=\"true\"><svg aria-hidden=\"true\" focusable=\"false\" data-prefix=\"far\" data-icon=\"chart-bar\" role=\"img\" xmlns=\"http:\/\/www.w3.org\/2000\/svg\" viewBox=\"0 0 512 512\" class=\"svg-inline--fa fa-chart-bar fa-w-16 fa-2x\"><path fill=\"currentColor\" d=\"M396.8 352h22.4c6.4 0 12.8-6.4 12.8-12.8V108.8c0-6.4-6.4-12.8-12.8-12.8h-22.4c-6.4 0-12.8 6.4-12.8 12.8v230.4c0 6.4 6.4 12.8 12.8 12.8zm-192 0h22.4c6.4 0 12.8-6.4 12.8-12.8V140.8c0-6.4-6.4-12.8-12.8-12.8h-22.4c-6.4 0-12.8 6.4-12.8 12.8v198.4c0 6.4 6.4 12.8 12.8 12.8zm96 0h22.4c6.4 0 12.8-6.4 12.8-12.8V204.8c0-6.4-6.4-12.8-12.8-12.8h-22.4c-6.4 0-12.8 6.4-12.8 12.8v134.4c0 6.4 6.4 12.8 12.8 12.8zM496 400H48V80c0-8.84-7.16-16-16-16H16C7.16 64 0 71.16 0 80v336c0 17.67 14.33 32 32 32h464c8.84 0 16-7.16 16-16v-16c0-8.84-7.16-16-16-16zm-387.2-48h22.4c6.4 0 12.8-6.4 12.8-12.8v-70.4c0-6.4-6.4-12.8-12.8-12.8h-22.4c-6.4 0-12.8 6.4-12.8 12.8v70.4c0 6.4 6.4 12.8 12.8 12.8z\" class=\"\"><\/path><\/svg><\/i> Vistas Totales&nbsp;1,093&nbsp;<\/p>\n<div class=\"pvc_clear\"><\/div>\n","protected":false},"excerpt":{"rendered":"<p>Autor: Ubaldo Guzm\u00e1n Molina Fecha: 30 de julio del 2021 Extra\u00eddo de:\u00a0Peri\u00f3dico Hoy La construcci\u00f3n de una vivienda en el pa\u00eds es 25.1% m\u00e1s cara ahora que en 2019, seg\u00fan el Centro Regional de Estrategias Econ\u00f3micas Sostenibles (CREES), basado en el \u00cdndice de Costos Directos de la Construcci\u00f3n de Viviendas (ICDV) de la Oficina Nacional&#8230;<\/p>\n<div class=\"pvc_clear\"><\/div>\n<p class=\"pvc_stats all \" data-element-id=\"18315\" style=\"\"><i class=\"pvc-stats-icon medium\" aria-hidden=\"true\"><svg aria-hidden=\"true\" focusable=\"false\" data-prefix=\"far\" data-icon=\"chart-bar\" role=\"img\" xmlns=\"http:\/\/www.w3.org\/2000\/svg\" viewBox=\"0 0 512 512\" class=\"svg-inline--fa fa-chart-bar fa-w-16 fa-2x\"><path fill=\"currentColor\" d=\"M396.8 352h22.4c6.4 0 12.8-6.4 12.8-12.8V108.8c0-6.4-6.4-12.8-12.8-12.8h-22.4c-6.4 0-12.8 6.4-12.8 12.8v230.4c0 6.4 6.4 12.8 12.8 12.8zm-192 0h22.4c6.4 0 12.8-6.4 12.8-12.8V140.8c0-6.4-6.4-12.8-12.8-12.8h-22.4c-6.4 0-12.8 6.4-12.8 12.8v198.4c0 6.4 6.4 12.8 12.8 12.8zm96 0h22.4c6.4 0 12.8-6.4 12.8-12.8V204.8c0-6.4-6.4-12.8-12.8-12.8h-22.4c-6.4 0-12.8 6.4-12.8 12.8v134.4c0 6.4 6.4 12.8 12.8 12.8zM496 400H48V80c0-8.84-7.16-16-16-16H16C7.16 64 0 71.16 0 80v336c0 17.67 14.33 32 32 32h464c8.84 0 16-7.16 16-16v-16c0-8.84-7.16-16-16-16zm-387.2-48h22.4c6.4 0 12.8-6.4 12.8-12.8v-70.4c0-6.4-6.4-12.8-12.8-12.8h-22.4c-6.4 0-12.8 6.4-12.8 12.8v70.4c0 6.4 6.4 12.8 12.8 12.8z\" class=\"\"><\/path><\/svg><\/i> Vistas Totales&nbsp;1,093&nbsp;<\/p>\n<div class=\"pvc_clear\"><\/div>\n","protected":false},"author":2,"featured_media":18403,"comment_status":"closed","ping_status":"closed","sticky":false,"template":"","format":"standard","meta":{"footnotes":""},"categories":[19],"tags":[],"class_list":["post-18315","post","type-post","status-publish","format-standard","has-post-thumbnail","hentry","category-actualidad"],"yoast_head":"<!-- This site is optimized with the Yoast SEO plugin v25.2 - https:\/\/yoast.com\/wordpress\/plugins\/seo\/ -->\n<title>Construir una vivienda es 25.1% m\u00e1s cara que 2019 | CREES<\/title>\n<meta name=\"robots\" content=\"index, follow, max-snippet:-1, max-image-preview:large, max-video-preview:-1\" \/>\n<link rel=\"canonical\" href=\"https:\/\/crees.org.do\/?p=18315\" \/>\n<meta property=\"og:locale\" content=\"es_ES\" \/>\n<meta property=\"og:type\" content=\"article\" \/>\n<meta property=\"og:title\" content=\"Construir una vivienda es 25.1% m\u00e1s cara que 2019 | CREES\" \/>\n<meta property=\"og:description\" content=\"Autor: Ubaldo Guzm\u00e1n Molina Fecha: 30 de julio del 2021 Extra\u00eddo de:\u00a0Peri\u00f3dico Hoy La construcci\u00f3n de una vivienda en el pa\u00eds es 25.1% m\u00e1s cara ahora que en 2019, seg\u00fan el Centro Regional de Estrategias Econ\u00f3micas Sostenibles (CREES), basado en el \u00cdndice de Costos Directos de la Construcci\u00f3n de Viviendas (ICDV) de la Oficina Nacional...\" \/>\n<meta property=\"og:url\" content=\"https:\/\/crees.org.do\/?p=18315\" \/>\n<meta property=\"og:site_name\" content=\"CREES\" \/>\n<meta property=\"article:publisher\" content=\"https:\/\/www.facebook.com\/CREESRD\/\" \/>\n<meta property=\"article:published_time\" content=\"2021-07-30T19:53:09+00:00\" \/>\n<meta property=\"article:modified_time\" content=\"2021-08-09T19:53:36+00:00\" \/>\n<meta property=\"og:image\" content=\"https:\/\/crees.org.do\/wp-content\/uploads\/2021\/08\/Screen-Shot-2021-08-09-at-3.52.03-PM.png\" \/>\n\t<meta property=\"og:image:width\" content=\"672\" \/>\n\t<meta property=\"og:image:height\" content=\"422\" \/>\n\t<meta property=\"og:image:type\" content=\"image\/png\" \/>\n<meta name=\"author\" content=\"Crees\" \/>\n<meta name=\"twitter:card\" content=\"summary_large_image\" \/>\n<meta name=\"twitter:creator\" content=\"@CREESRD\" \/>\n<meta name=\"twitter:site\" content=\"@CREESRD\" \/>\n<meta name=\"twitter:label1\" content=\"Escrito por\" \/>\n\t<meta name=\"twitter:data1\" content=\"Crees\" \/>\n\t<meta name=\"twitter:label2\" content=\"Tiempo de lectura\" \/>\n\t<meta name=\"twitter:data2\" content=\"1 minuto\" \/>\n<script type=\"application\/ld+json\" class=\"yoast-schema-graph\">{\"@context\":\"https:\/\/schema.org\",\"@graph\":[{\"@type\":\"Article\",\"@id\":\"https:\/\/crees.org.do\/?p=18315#article\",\"isPartOf\":{\"@id\":\"https:\/\/crees.org.do\/?p=18315\"},\"author\":{\"name\":\"Crees\",\"@id\":\"https:\/\/crees.org.do\/#\/schema\/person\/e7f97cd94d7bf9cd0e0ce30acb7d56b8\"},\"headline\":\"Construir una vivienda es 25.1% m\u00e1s cara que 2019\",\"datePublished\":\"2021-07-30T19:53:09+00:00\",\"dateModified\":\"2021-08-09T19:53:36+00:00\",\"mainEntityOfPage\":{\"@id\":\"https:\/\/crees.org.do\/?p=18315\"},\"wordCount\":267,\"publisher\":{\"@id\":\"https:\/\/crees.org.do\/#organization\"},\"image\":{\"@id\":\"https:\/\/crees.org.do\/?p=18315#primaryimage\"},\"thumbnailUrl\":\"https:\/\/crees.org.do\/wp-content\/uploads\/2021\/08\/Screen-Shot-2021-08-09-at-3.52.03-PM.png\",\"articleSection\":[\"Actualidad\"],\"inLanguage\":\"es\"},{\"@type\":\"WebPage\",\"@id\":\"https:\/\/crees.org.do\/?p=18315\",\"url\":\"https:\/\/crees.org.do\/?p=18315\",\"name\":\"Construir una vivienda es 25.1% m\u00e1s cara que 2019 | CREES\",\"isPartOf\":{\"@id\":\"https:\/\/crees.org.do\/#website\"},\"primaryImageOfPage\":{\"@id\":\"https:\/\/crees.org.do\/?p=18315#primaryimage\"},\"image\":{\"@id\":\"https:\/\/crees.org.do\/?p=18315#primaryimage\"},\"thumbnailUrl\":\"https:\/\/crees.org.do\/wp-content\/uploads\/2021\/08\/Screen-Shot-2021-08-09-at-3.52.03-PM.png\",\"datePublished\":\"2021-07-30T19:53:09+00:00\",\"dateModified\":\"2021-08-09T19:53:36+00:00\",\"breadcrumb\":{\"@id\":\"https:\/\/crees.org.do\/?p=18315#breadcrumb\"},\"inLanguage\":\"es\",\"potentialAction\":[{\"@type\":\"ReadAction\",\"target\":[\"https:\/\/crees.org.do\/?p=18315\"]}]},{\"@type\":\"ImageObject\",\"inLanguage\":\"es\",\"@id\":\"https:\/\/crees.org.do\/?p=18315#primaryimage\",\"url\":\"https:\/\/crees.org.do\/wp-content\/uploads\/2021\/08\/Screen-Shot-2021-08-09-at-3.52.03-PM.png\",\"contentUrl\":\"https:\/\/crees.org.do\/wp-content\/uploads\/2021\/08\/Screen-Shot-2021-08-09-at-3.52.03-PM.png\",\"width\":672,\"height\":422},{\"@type\":\"BreadcrumbList\",\"@id\":\"https:\/\/crees.org.do\/?p=18315#breadcrumb\",\"itemListElement\":[{\"@type\":\"ListItem\",\"position\":1,\"name\":\"Portada\",\"item\":\"https:\/\/crees.org.do\/\"},{\"@type\":\"ListItem\",\"position\":2,\"name\":\"Construir una vivienda es 25.1% m\u00e1s cara que 2019\"}]},{\"@type\":\"WebSite\",\"@id\":\"https:\/\/crees.org.do\/#website\",\"url\":\"https:\/\/crees.org.do\/\",\"name\":\"CREES\",\"description\":\"Centro Regional de Estrategias Econ\u00f3micas Sostenibles\",\"publisher\":{\"@id\":\"https:\/\/crees.org.do\/#organization\"},\"potentialAction\":[{\"@type\":\"SearchAction\",\"target\":{\"@type\":\"EntryPoint\",\"urlTemplate\":\"https:\/\/crees.org.do\/?s={search_term_string}\"},\"query-input\":{\"@type\":\"PropertyValueSpecification\",\"valueRequired\":true,\"valueName\":\"search_term_string\"}}],\"inLanguage\":\"es\"},{\"@type\":\"Organization\",\"@id\":\"https:\/\/crees.org.do\/#organization\",\"name\":\"CREES | Centro Regional de Estrategias Econ\u00f3micas Sostenibles\",\"url\":\"https:\/\/crees.org.do\/\",\"logo\":{\"@type\":\"ImageObject\",\"inLanguage\":\"es\",\"@id\":\"https:\/\/crees.org.do\/#\/schema\/logo\/image\/\",\"url\":\"https:\/\/crees.org.do\/wp-content\/uploads\/2022\/03\/crees-logo-1.jpg\",\"contentUrl\":\"https:\/\/crees.org.do\/wp-content\/uploads\/2022\/03\/crees-logo-1.jpg\",\"width\":244,\"height\":71,\"caption\":\"CREES | Centro Regional de Estrategias Econ\u00f3micas Sostenibles\"},\"image\":{\"@id\":\"https:\/\/crees.org.do\/#\/schema\/logo\/image\/\"},\"sameAs\":[\"https:\/\/www.facebook.com\/CREESRD\/\",\"https:\/\/x.com\/CREESRD\"]},{\"@type\":\"Person\",\"@id\":\"https:\/\/crees.org.do\/#\/schema\/person\/e7f97cd94d7bf9cd0e0ce30acb7d56b8\",\"name\":\"Crees\",\"image\":{\"@type\":\"ImageObject\",\"inLanguage\":\"es\",\"@id\":\"https:\/\/crees.org.do\/#\/schema\/person\/image\/\",\"url\":\"https:\/\/secure.gravatar.com\/avatar\/390ac8f0be5d9aa046152553e2dd7011b59a512d89c150f5e5f28bb8d9a0b165?s=96&d=mm&r=g\",\"contentUrl\":\"https:\/\/secure.gravatar.com\/avatar\/390ac8f0be5d9aa046152553e2dd7011b59a512d89c150f5e5f28bb8d9a0b165?s=96&d=mm&r=g\",\"caption\":\"Crees\"},\"url\":\"https:\/\/crees.org.do\/?author=2\"}]}<\/script>\n<!-- \/ Yoast SEO plugin. -->","yoast_head_json":{"title":"Construir una vivienda es 25.1% m\u00e1s cara que 2019 | CREES","robots":{"index":"index","follow":"follow","max-snippet":"max-snippet:-1","max-image-preview":"max-image-preview:large","max-video-preview":"max-video-preview:-1"},"canonical":"https:\/\/crees.org.do\/?p=18315","og_locale":"es_ES","og_type":"article","og_title":"Construir una vivienda es 25.1% m\u00e1s cara que 2019 | CREES","og_description":"Autor: Ubaldo Guzm\u00e1n Molina Fecha: 30 de julio del 2021 Extra\u00eddo de:\u00a0Peri\u00f3dico Hoy La construcci\u00f3n de una vivienda en el pa\u00eds es 25.1% m\u00e1s cara ahora que en 2019, seg\u00fan el Centro Regional de Estrategias Econ\u00f3micas Sostenibles (CREES), basado en el \u00cdndice de Costos Directos de la Construcci\u00f3n de Viviendas (ICDV) de la Oficina Nacional...","og_url":"https:\/\/crees.org.do\/?p=18315","og_site_name":"CREES","article_publisher":"https:\/\/www.facebook.com\/CREESRD\/","article_published_time":"2021-07-30T19:53:09+00:00","article_modified_time":"2021-08-09T19:53:36+00:00","og_image":[{"width":672,"height":422,"url":"https:\/\/crees.org.do\/wp-content\/uploads\/2021\/08\/Screen-Shot-2021-08-09-at-3.52.03-PM.png","type":"image\/png"}],"author":"Crees","twitter_card":"summary_large_image","twitter_creator":"@CREESRD","twitter_site":"@CREESRD","twitter_misc":{"Escrito por":"Crees","Tiempo de lectura":"1 minuto"},"schema":{"@context":"https:\/\/schema.org","@graph":[{"@type":"Article","@id":"https:\/\/crees.org.do\/?p=18315#article","isPartOf":{"@id":"https:\/\/crees.org.do\/?p=18315"},"author":{"name":"Crees","@id":"https:\/\/crees.org.do\/#\/schema\/person\/e7f97cd94d7bf9cd0e0ce30acb7d56b8"},"headline":"Construir una vivienda es 25.1% m\u00e1s cara que 2019","datePublished":"2021-07-30T19:53:09+00:00","dateModified":"2021-08-09T19:53:36+00:00","mainEntityOfPage":{"@id":"https:\/\/crees.org.do\/?p=18315"},"wordCount":267,"publisher":{"@id":"https:\/\/crees.org.do\/#organization"},"image":{"@id":"https:\/\/crees.org.do\/?p=18315#primaryimage"},"thumbnailUrl":"https:\/\/crees.org.do\/wp-content\/uploads\/2021\/08\/Screen-Shot-2021-08-09-at-3.52.03-PM.png","articleSection":["Actualidad"],"inLanguage":"es"},{"@type":"WebPage","@id":"https:\/\/crees.org.do\/?p=18315","url":"https:\/\/crees.org.do\/?p=18315","name":"Construir una vivienda es 25.1% m\u00e1s cara que 2019 | CREES","isPartOf":{"@id":"https:\/\/crees.org.do\/#website"},"primaryImageOfPage":{"@id":"https:\/\/crees.org.do\/?p=18315#primaryimage"},"image":{"@id":"https:\/\/crees.org.do\/?p=18315#primaryimage"},"thumbnailUrl":"https:\/\/crees.org.do\/wp-content\/uploads\/2021\/08\/Screen-Shot-2021-08-09-at-3.52.03-PM.png","datePublished":"2021-07-30T19:53:09+00:00","dateModified":"2021-08-09T19:53:36+00:00","breadcrumb":{"@id":"https:\/\/crees.org.do\/?p=18315#breadcrumb"},"inLanguage":"es","potentialAction":[{"@type":"ReadAction","target":["https:\/\/crees.org.do\/?p=18315"]}]},{"@type":"ImageObject","inLanguage":"es","@id":"https:\/\/crees.org.do\/?p=18315#primaryimage","url":"https:\/\/crees.org.do\/wp-content\/uploads\/2021\/08\/Screen-Shot-2021-08-09-at-3.52.03-PM.png","contentUrl":"https:\/\/crees.org.do\/wp-content\/uploads\/2021\/08\/Screen-Shot-2021-08-09-at-3.52.03-PM.png","width":672,"height":422},{"@type":"BreadcrumbList","@id":"https:\/\/crees.org.do\/?p=18315#breadcrumb","itemListElement":[{"@type":"ListItem","position":1,"name":"Portada","item":"https:\/\/crees.org.do\/"},{"@type":"ListItem","position":2,"name":"Construir una vivienda es 25.1% m\u00e1s cara que 2019"}]},{"@type":"WebSite","@id":"https:\/\/crees.org.do\/#website","url":"https:\/\/crees.org.do\/","name":"CREES","description":"Centro Regional de Estrategias Econ\u00f3micas Sostenibles","publisher":{"@id":"https:\/\/crees.org.do\/#organization"},"potentialAction":[{"@type":"SearchAction","target":{"@type":"EntryPoint","urlTemplate":"https:\/\/crees.org.do\/?s={search_term_string}"},"query-input":{"@type":"PropertyValueSpecification","valueRequired":true,"valueName":"search_term_string"}}],"inLanguage":"es"},{"@type":"Organization","@id":"https:\/\/crees.org.do\/#organization","name":"CREES | Centro Regional de Estrategias Econ\u00f3micas Sostenibles","url":"https:\/\/crees.org.do\/","logo":{"@type":"ImageObject","inLanguage":"es","@id":"https:\/\/crees.org.do\/#\/schema\/logo\/image\/","url":"https:\/\/crees.org.do\/wp-content\/uploads\/2022\/03\/crees-logo-1.jpg","contentUrl":"https:\/\/crees.org.do\/wp-content\/uploads\/2022\/03\/crees-logo-1.jpg","width":244,"height":71,"caption":"CREES | Centro Regional de Estrategias Econ\u00f3micas Sostenibles"},"image":{"@id":"https:\/\/crees.org.do\/#\/schema\/logo\/image\/"},"sameAs":["https:\/\/www.facebook.com\/CREESRD\/","https:\/\/x.com\/CREESRD"]},{"@type":"Person","@id":"https:\/\/crees.org.do\/#\/schema\/person\/e7f97cd94d7bf9cd0e0ce30acb7d56b8","name":"Crees","image":{"@type":"ImageObject","inLanguage":"es","@id":"https:\/\/crees.org.do\/#\/schema\/person\/image\/","url":"https:\/\/secure.gravatar.com\/avatar\/390ac8f0be5d9aa046152553e2dd7011b59a512d89c150f5e5f28bb8d9a0b165?s=96&d=mm&r=g","contentUrl":"https:\/\/secure.gravatar.com\/avatar\/390ac8f0be5d9aa046152553e2dd7011b59a512d89c150f5e5f28bb8d9a0b165?s=96&d=mm&r=g","caption":"Crees"},"url":"https:\/\/crees.org.do\/?author=2"}]}},"_links":{"self":[{"href":"https:\/\/crees.org.do\/index.php?rest_route=\/wp\/v2\/posts\/18315","targetHints":{"allow":["GET"]}}],"collection":[{"href":"https:\/\/crees.org.do\/index.php?rest_route=\/wp\/v2\/posts"}],"about":[{"href":"https:\/\/crees.org.do\/index.php?rest_route=\/wp\/v2\/types\/post"}],"author":[{"embeddable":true,"href":"https:\/\/crees.org.do\/index.php?rest_route=\/wp\/v2\/users\/2"}],"replies":[{"embeddable":true,"href":"https:\/\/crees.org.do\/index.php?rest_route=%2Fwp%2Fv2%2Fcomments&post=18315"}],"version-history":[{"count":1,"href":"https:\/\/crees.org.do\/index.php?rest_route=\/wp\/v2\/posts\/18315\/revisions"}],"predecessor-version":[{"id":18408,"href":"https:\/\/crees.org.do\/index.php?rest_route=\/wp\/v2\/posts\/18315\/revisions\/18408"}],"wp:featuredmedia":[{"embeddable":true,"href":"https:\/\/crees.org.do\/index.php?rest_route=\/wp\/v2\/media\/18403"}],"wp:attachment":[{"href":"https:\/\/crees.org.do\/index.php?rest_route=%2Fwp%2Fv2%2Fmedia&parent=18315"}],"wp:term":[{"taxonomy":"category","embeddable":true,"href":"https:\/\/crees.org.do\/index.php?rest_route=%2Fwp%2Fv2%2Fcategories&post=18315"},{"taxonomy":"post_tag","embeddable":true,"href":"https:\/\/crees.org.do\/index.php?rest_route=%2Fwp%2Fv2%2Ftags&post=18315"}],"curies":[{"name":"wp","href":"https:\/\/api.w.org\/{rel}","templated":true}]}}