{"id":18342,"date":"2020-11-03T14:10:00","date_gmt":"2020-11-03T14:10:00","guid":{"rendered":"https:\/\/crees.org.do\/instituciones-y-oportunidades\/"},"modified":"2021-08-09T19:54:07","modified_gmt":"2021-08-09T19:54:07","slug":"instituciones-y-oportunidades","status":"publish","type":"post","link":"https:\/\/crees.org.do\/?p=18342","title":{"rendered":"Instituciones y oportunidades"},"content":{"rendered":"<p style=\"margin-top: 10px; margin-bottom: 8px; padding: 0px; border: 0px; font-stretch: inherit; line-height: 1.5em; font-family: arial; vertical-align: baseline; text-align: justify; background-color: rgb(255, 255, 255);\"><span style=\"font-size: 12px;\"><span style=\"margin: 0px; padding: 0px; border: 0px; font-variant: inherit; font-weight: inherit; font-stretch: inherit; line-height: inherit; font-family: inherit; vertical-align: baseline;\"><span style=\"color: rgb(70, 66, 66); font-style: inherit; margin: 0px; padding: 0px; border: 0px; font-variant: inherit; font-weight: inherit; font-stretch: inherit; line-height: inherit; font-family: verdana, geneva, sans-serif; vertical-align: baseline;\">Autor:&nbsp;Mart\u00edn Krause<\/span><\/span><\/span><\/p>\n<p style=\"margin-top: 10px; margin-bottom: 8px; padding: 0px; border: 0px; font-stretch: inherit; font-size: 13px; line-height: 1.5em; font-family: arial; vertical-align: baseline; color: rgb(70, 66, 66); text-align: justify; background-color: rgb(255, 255, 255);\"><span style=\"font-size: 12px;\"><span style=\"margin: 0px; padding: 0px; border: 0px; font-style: inherit; font-variant: inherit; font-weight: inherit; font-stretch: inherit; line-height: inherit; font-family: inherit; vertical-align: baseline;\"><span style=\"margin: 0px; padding: 0px; border: 0px; font-style: inherit; font-variant: inherit; font-weight: inherit; font-stretch: inherit; line-height: inherit; font-family: verdana, geneva, sans-serif; vertical-align: baseline;\">Originalmente publicado el: 26 de mayo de 2017<\/span><\/span><\/span><\/p>\n<p style=\"margin-top: 10px; margin-bottom: 8px; padding: 0px; border: 0px; font-stretch: inherit; font-size: 13px; line-height: 1.5em; font-family: arial; vertical-align: baseline; color: rgb(70, 66, 66); text-align: justify; background-color: rgb(255, 255, 255);\"><span style=\"margin: 0px; padding: 0px; border: 0px; font-style: inherit; font-variant: inherit; font-weight: inherit; font-stretch: inherit; font-size: 12px; line-height: inherit; font-family: inherit; vertical-align: baseline;\"><span style=\"margin: 0px; padding: 0px; border: 0px; font-style: inherit; font-variant: inherit; font-weight: inherit; font-stretch: inherit; font-size: inherit; line-height: inherit; font-family: verdana, geneva, sans-serif; vertical-align: baseline;\">Extra\u00eddo de&nbsp;<a href=\"http:\/\/www.libertaddigital.com\/opinion\/martin-krause\/instituciones-y-oportunidades-43662\/\">www.libertaddigital.com<\/a><\/span><\/span><\/p>\n<p style=\"margin-bottom: 1.5em; padding: 0px; border: 0px; font-stretch: inherit; line-height: 31.992px; font-family: Roboto, sans-serif; font-size: 19.995px; vertical-align: baseline; color: rgb(51, 51, 51); text-align: justify; background-color: rgb(255, 255, 255);\">&nbsp;<\/p>\n<p style=\"margin-bottom: 1.5em; padding: 0px; border: 0px; font-stretch: inherit; line-height: 31.992px; font-family: Roboto, sans-serif; font-size: 19.995px; vertical-align: baseline; color: rgb(51, 51, 51); text-align: justify; background-color: rgb(255, 255, 255);\"><span style=\"font-size: 12px;\"><span style=\"font-family: verdana, geneva, sans-serif;\">Una de las muchas cosas que las sociedades modernas exigen a los gobernantes es eso que se suele resumir en la frase &quot;igualdad de oportunidades&quot;. Pero, en su sentido literal, es imposible alcanzar algo as\u00ed, porque el conocimiento se encuentra inevitablemente disperso, al igual que los talentos, la capacidad y los recursos.<\/span><\/span><\/p>\n<p style=\"margin-bottom: 1.5em; padding: 0px; border: 0px; font-stretch: inherit; line-height: 31.992px; font-family: Roboto, sans-serif; font-size: 19.995px; vertical-align: baseline; color: rgb(51, 51, 51); text-align: justify; background-color: rgb(255, 255, 255);\"><span style=\"font-size: 12px;\"><span style=\"font-family: verdana, geneva, sans-serif;\">Es m\u00e1s, si el Gobierno lograra hacerlo, acabar\u00eda al mismo tiempo con la libertad individual y el respeto a otros derechos que exigimos nos sean garantizados. Tenemos distintas preferencias y aspiramos a fines distintos en nuestras vidas. Ser\u00eda imposible transmitir todo eso al Gobierno para que nos lo d\u00e9 a cada uno de nosotros.<\/span><\/span><\/p>\n<p style=\"margin-bottom: 1.5em; padding: 0px; border: 0px; font-stretch: inherit; line-height: 31.992px; font-family: Roboto, sans-serif; font-size: 19.995px; vertical-align: baseline; color: rgb(51, 51, 51); text-align: justify; background-color: rgb(255, 255, 255);\"><span style=\"font-size: 12px;\"><span style=\"font-family: verdana, geneva, sans-serif;\">La funci\u00f3n del Gobierno, entonces, no es garantizarnos ciertos resultados particulares a cada uno de nosotros, sino generar condiciones generales en las que tengamos mejores oportunidades de perseguir y, eventualmente, alcanzar nuestros objetivos particulares. Mantener ese orden y marco de normas, tanto formales como informales, es el resultado de largos procesos evolutivos.<\/span><\/span><\/p>\n<div data-smartplay-instance-id=\"0\" id=\"amg_videointext\" style=\"margin: 0px; padding: 0px; border: 0px; font-stretch: inherit; line-height: 31.992px; font-family: Roboto, sans-serif; font-size: 19.995px; vertical-align: baseline; color: rgb(51, 51, 51); transition: height 0.5s ease 0s; position: relative; overflow: hidden; height: 0px; background-color: rgb(255, 255, 255);\">\n<div id=\"amg_videointext-backdrop\" style=\"margin: 0px; padding: 0px; border: 0px; font-style: inherit; font-variant: inherit; font-weight: inherit; font-stretch: inherit; line-height: inherit; font-family: inherit; font-size: 19.995px; vertical-align: baseline; width: 637px; height: 358px; position: absolute; top: 0px; left: 0px; text-align: justify;\">&nbsp;<\/div>\n<p style=\"text-align: justify;\"><span style=\"font-size: 12px;\"><span style=\"font-family: verdana, geneva, sans-serif;\"><iframe frameborder=\"0\" id=\"amg_videointext-frame\" scrolling=\"no\" style=\"margin: 0px; padding: 0px; border-width: 0px; border-style: initial; font-style: inherit; font-variant: inherit; font-weight: inherit; font-stretch: inherit; line-height: inherit; font-family: inherit; font-size: 19.995px; vertical-align: baseline; width: 637px; height: 358px; position: absolute; top: 0px; left: 0px; box-sizing: border-box;\"><\/iframe><\/span><\/span><\/p>\n<\/div>\n<p style=\"margin-bottom: 1.5em; padding: 0px; border: 0px; font-stretch: inherit; line-height: 31.992px; font-family: Roboto, sans-serif; font-size: 19.995px; vertical-align: baseline; color: rgb(51, 51, 51); text-align: justify; background-color: rgb(255, 255, 255);\"><span style=\"font-size: 12px;\"><span style=\"font-family: verdana, geneva, sans-serif;\">Lo llamamos &quot;marco institucional&quot; y uno es mejor que otro cuando se permite la mayor coordinaci\u00f3n de acciones individuales, lo cual conduce a un mayor n\u00famero de oportunidades. Es lo que tratamos de medir en el&nbsp;<a href=\"http:\/\/www.libertadyprogresonline.org\/wp-content\/uploads\/2013\/09\/ICI2017_ES.pdf\">\u00cdndice de Calidad Institucional<\/a>,&nbsp;&nbsp;cuya segunda edici\u00f3n acaba de ser publicada por International Policy Network.<\/span><\/span><\/p>\n<p style=\"margin-bottom: 1.5em; padding: 0px; border: 0px; font-stretch: inherit; line-height: 31.992px; font-family: Roboto, sans-serif; font-size: 19.995px; vertical-align: baseline; color: rgb(51, 51, 51); text-align: justify; background-color: rgb(255, 255, 255);\"><span style=\"font-size: 12px;\"><span style=\"font-family: verdana, geneva, sans-serif;\">Una conclusi\u00f3n que salta a la vista en los pa\u00edses en las peores posiciones &ndash;Myanmar, Somalia, Corea del Norte, Hait\u00ed, Venezuela y Cuba&ndash; es que se sus gobiernos dicen buscar la igualdad, pero no ofrecen un marco institucional confiable y su gente est\u00e1 sometida constantemente a abusos por parte de grupos organizados que utilizan el poder en beneficio propio.<\/span><\/span><\/p>\n<p style=\"margin-bottom: 1.5em; padding: 0px; border: 0px; font-stretch: inherit; line-height: 31.992px; font-family: Roboto, sans-serif; font-size: 19.995px; vertical-align: baseline; color: rgb(51, 51, 51); text-align: justify; background-color: rgb(255, 255, 255);\"><span style=\"font-size: 12px;\"><span style=\"font-family: verdana, geneva, sans-serif;\">Por el contrario, las naciones ubicadas en los primeros lugares son, en Europa, Dinamarca, Finlandia, Islandia, Noruega, Suiza, Suecia, Pa\u00edses Bajos, Alemania, B\u00e9lgica y el Reino Unido; en Am\u00e9rica, Canad\u00e1, Estados Unidos, Bahamas, Barbados, Santa Luc\u00eda y Chile.<\/span><\/span><\/p>\n<p style=\"margin-bottom: 1.5em; padding: 0px; border: 0px; font-stretch: inherit; line-height: 31.992px; font-family: Roboto, sans-serif; font-size: 19.995px; vertical-align: baseline; color: rgb(51, 51, 51); text-align: justify; background-color: rgb(255, 255, 255);\"><span style=\"font-size: 12px;\"><span style=\"font-family: verdana, geneva, sans-serif;\">Aquellos pa\u00edses que han logrado desarrollar un conjunto de instituciones s\u00f3lidas pueden brindar a sus habitantes m\u00e1s y mejores oportunidades de buscar y alcanzar los fines y objetivos que desean. Esto es el verdadero significado de lo que llamamos &quot;desarrollo humano&quot;. No se trata solamente de una vida m\u00e1s larga y saludable, adquirir conocimientos y contar con recursos. Algunos pa\u00edses pueden haber logrado largos promedios de vida o gran acceso a conocimientos, pero la vida de la gente es dirigida por otros, restringida por controles, regulaciones y mandatos. El individuo tiene que gozar de m\u00e1s opciones para vivir su propia vida. En los pa\u00edses de mayor calidad institucional, las personas cuentan con mejores oportunidades de alcanzar lo que desean en la vida, mientras que todo lo contrario sucede en los pa\u00edses al final de la lista.<\/span><\/span><\/p>\n<div class=\"pvc_clear\"><\/div>\n<p class=\"pvc_stats all \" data-element-id=\"18342\" style=\"\"><i class=\"pvc-stats-icon medium\" aria-hidden=\"true\"><svg aria-hidden=\"true\" focusable=\"false\" data-prefix=\"far\" data-icon=\"chart-bar\" role=\"img\" xmlns=\"http:\/\/www.w3.org\/2000\/svg\" viewBox=\"0 0 512 512\" class=\"svg-inline--fa fa-chart-bar fa-w-16 fa-2x\"><path fill=\"currentColor\" d=\"M396.8 352h22.4c6.4 0 12.8-6.4 12.8-12.8V108.8c0-6.4-6.4-12.8-12.8-12.8h-22.4c-6.4 0-12.8 6.4-12.8 12.8v230.4c0 6.4 6.4 12.8 12.8 12.8zm-192 0h22.4c6.4 0 12.8-6.4 12.8-12.8V140.8c0-6.4-6.4-12.8-12.8-12.8h-22.4c-6.4 0-12.8 6.4-12.8 12.8v198.4c0 6.4 6.4 12.8 12.8 12.8zm96 0h22.4c6.4 0 12.8-6.4 12.8-12.8V204.8c0-6.4-6.4-12.8-12.8-12.8h-22.4c-6.4 0-12.8 6.4-12.8 12.8v134.4c0 6.4 6.4 12.8 12.8 12.8zM496 400H48V80c0-8.84-7.16-16-16-16H16C7.16 64 0 71.16 0 80v336c0 17.67 14.33 32 32 32h464c8.84 0 16-7.16 16-16v-16c0-8.84-7.16-16-16-16zm-387.2-48h22.4c6.4 0 12.8-6.4 12.8-12.8v-70.4c0-6.4-6.4-12.8-12.8-12.8h-22.4c-6.4 0-12.8 6.4-12.8 12.8v70.4c0 6.4 6.4 12.8 12.8 12.8z\" class=\"\"><\/path><\/svg><\/i> Vistas Totales&nbsp;1,015&nbsp;<\/p>\n<div class=\"pvc_clear\"><\/div>\n","protected":false},"excerpt":{"rendered":"<p>Autor:&nbsp;Mart\u00edn Krause Originalmente publicado el: 26 de mayo de 2017 Extra\u00eddo de&nbsp;www.libertaddigital.com &nbsp; Una de las muchas cosas que las sociedades modernas exigen a los gobernantes es eso que se suele resumir en la frase &quot;igualdad de oportunidades&quot;. Pero, en su sentido literal, es imposible alcanzar algo as\u00ed, porque el conocimiento se encuentra inevitablemente disperso,&#8230;<\/p>\n<div class=\"pvc_clear\"><\/div>\n<p class=\"pvc_stats all \" data-element-id=\"18342\" style=\"\"><i class=\"pvc-stats-icon medium\" aria-hidden=\"true\"><svg aria-hidden=\"true\" focusable=\"false\" data-prefix=\"far\" data-icon=\"chart-bar\" role=\"img\" xmlns=\"http:\/\/www.w3.org\/2000\/svg\" viewBox=\"0 0 512 512\" class=\"svg-inline--fa fa-chart-bar fa-w-16 fa-2x\"><path fill=\"currentColor\" d=\"M396.8 352h22.4c6.4 0 12.8-6.4 12.8-12.8V108.8c0-6.4-6.4-12.8-12.8-12.8h-22.4c-6.4 0-12.8 6.4-12.8 12.8v230.4c0 6.4 6.4 12.8 12.8 12.8zm-192 0h22.4c6.4 0 12.8-6.4 12.8-12.8V140.8c0-6.4-6.4-12.8-12.8-12.8h-22.4c-6.4 0-12.8 6.4-12.8 12.8v198.4c0 6.4 6.4 12.8 12.8 12.8zm96 0h22.4c6.4 0 12.8-6.4 12.8-12.8V204.8c0-6.4-6.4-12.8-12.8-12.8h-22.4c-6.4 0-12.8 6.4-12.8 12.8v134.4c0 6.4 6.4 12.8 12.8 12.8zM496 400H48V80c0-8.84-7.16-16-16-16H16C7.16 64 0 71.16 0 80v336c0 17.67 14.33 32 32 32h464c8.84 0 16-7.16 16-16v-16c0-8.84-7.16-16-16-16zm-387.2-48h22.4c6.4 0 12.8-6.4 12.8-12.8v-70.4c0-6.4-6.4-12.8-12.8-12.8h-22.4c-6.4 0-12.8 6.4-12.8 12.8v70.4c0 6.4 6.4 12.8 12.8 12.8z\" class=\"\"><\/path><\/svg><\/i> Vistas Totales&nbsp;1,015&nbsp;<\/p>\n<div class=\"pvc_clear\"><\/div>\n","protected":false},"author":2,"featured_media":0,"comment_status":"closed","ping_status":"open","sticky":false,"template":"","format":"standard","meta":{"footnotes":""},"categories":[22],"tags":[],"class_list":["post-18342","post","type-post","status-publish","format-standard","hentry","category-articulos"],"yoast_head":"<!-- This site is optimized with the Yoast SEO plugin v25.2 - https:\/\/yoast.com\/wordpress\/plugins\/seo\/ -->\n<title>Instituciones y oportunidades | CREES<\/title>\n<meta name=\"robots\" content=\"index, follow, max-snippet:-1, max-image-preview:large, max-video-preview:-1\" \/>\n<link rel=\"canonical\" href=\"https:\/\/crees.org.do\/?p=18342\" \/>\n<meta property=\"og:locale\" content=\"es_ES\" \/>\n<meta property=\"og:type\" content=\"article\" \/>\n<meta property=\"og:title\" content=\"Instituciones y oportunidades | CREES\" \/>\n<meta property=\"og:description\" content=\"Autor:&nbsp;Mart\u00edn Krause Originalmente publicado el: 26 de mayo de 2017 Extra\u00eddo de&nbsp;www.libertaddigital.com &nbsp; Una de las muchas cosas que las sociedades modernas exigen a los gobernantes es eso que se suele resumir en la frase &quot;igualdad de oportunidades&quot;. Pero, en su sentido literal, es imposible alcanzar algo as\u00ed, porque el conocimiento se encuentra inevitablemente disperso,...\" \/>\n<meta property=\"og:url\" content=\"https:\/\/crees.org.do\/?p=18342\" \/>\n<meta property=\"og:site_name\" content=\"CREES\" \/>\n<meta property=\"article:publisher\" content=\"https:\/\/www.facebook.com\/CREESRD\/\" \/>\n<meta property=\"article:published_time\" content=\"2020-11-03T14:10:00+00:00\" \/>\n<meta property=\"article:modified_time\" content=\"2021-08-09T19:54:07+00:00\" \/>\n<meta property=\"og:image\" content=\"https:\/\/crees.org.do\/wp-content\/uploads\/2022\/03\/crees-logo-1.jpg\" \/>\n\t<meta property=\"og:image:width\" content=\"244\" \/>\n\t<meta property=\"og:image:height\" content=\"71\" \/>\n\t<meta property=\"og:image:type\" content=\"image\/jpeg\" \/>\n<meta name=\"author\" content=\"Crees\" \/>\n<meta name=\"twitter:card\" content=\"summary_large_image\" \/>\n<meta name=\"twitter:creator\" content=\"@CREESRD\" \/>\n<meta name=\"twitter:site\" content=\"@CREESRD\" \/>\n<meta name=\"twitter:label1\" content=\"Escrito por\" \/>\n\t<meta name=\"twitter:data1\" content=\"Crees\" \/>\n\t<meta name=\"twitter:label2\" content=\"Tiempo de lectura\" \/>\n\t<meta name=\"twitter:data2\" content=\"2 minutos\" \/>\n<script type=\"application\/ld+json\" class=\"yoast-schema-graph\">{\"@context\":\"https:\/\/schema.org\",\"@graph\":[{\"@type\":\"Article\",\"@id\":\"https:\/\/crees.org.do\/?p=18342#article\",\"isPartOf\":{\"@id\":\"https:\/\/crees.org.do\/?p=18342\"},\"author\":{\"name\":\"Crees\",\"@id\":\"https:\/\/crees.org.do\/#\/schema\/person\/e7f97cd94d7bf9cd0e0ce30acb7d56b8\"},\"headline\":\"Instituciones y oportunidades\",\"datePublished\":\"2020-11-03T14:10:00+00:00\",\"dateModified\":\"2021-08-09T19:54:07+00:00\",\"mainEntityOfPage\":{\"@id\":\"https:\/\/crees.org.do\/?p=18342\"},\"wordCount\":497,\"publisher\":{\"@id\":\"https:\/\/crees.org.do\/#organization\"},\"articleSection\":[\"Art\u00edculos\"],\"inLanguage\":\"es\"},{\"@type\":\"WebPage\",\"@id\":\"https:\/\/crees.org.do\/?p=18342\",\"url\":\"https:\/\/crees.org.do\/?p=18342\",\"name\":\"Instituciones y oportunidades | CREES\",\"isPartOf\":{\"@id\":\"https:\/\/crees.org.do\/#website\"},\"datePublished\":\"2020-11-03T14:10:00+00:00\",\"dateModified\":\"2021-08-09T19:54:07+00:00\",\"breadcrumb\":{\"@id\":\"https:\/\/crees.org.do\/?p=18342#breadcrumb\"},\"inLanguage\":\"es\",\"potentialAction\":[{\"@type\":\"ReadAction\",\"target\":[\"https:\/\/crees.org.do\/?p=18342\"]}]},{\"@type\":\"BreadcrumbList\",\"@id\":\"https:\/\/crees.org.do\/?p=18342#breadcrumb\",\"itemListElement\":[{\"@type\":\"ListItem\",\"position\":1,\"name\":\"Portada\",\"item\":\"https:\/\/crees.org.do\/\"},{\"@type\":\"ListItem\",\"position\":2,\"name\":\"Instituciones y oportunidades\"}]},{\"@type\":\"WebSite\",\"@id\":\"https:\/\/crees.org.do\/#website\",\"url\":\"https:\/\/crees.org.do\/\",\"name\":\"CREES\",\"description\":\"Centro Regional de Estrategias Econ\u00f3micas Sostenibles\",\"publisher\":{\"@id\":\"https:\/\/crees.org.do\/#organization\"},\"potentialAction\":[{\"@type\":\"SearchAction\",\"target\":{\"@type\":\"EntryPoint\",\"urlTemplate\":\"https:\/\/crees.org.do\/?s={search_term_string}\"},\"query-input\":{\"@type\":\"PropertyValueSpecification\",\"valueRequired\":true,\"valueName\":\"search_term_string\"}}],\"inLanguage\":\"es\"},{\"@type\":\"Organization\",\"@id\":\"https:\/\/crees.org.do\/#organization\",\"name\":\"CREES | Centro Regional de Estrategias Econ\u00f3micas Sostenibles\",\"url\":\"https:\/\/crees.org.do\/\",\"logo\":{\"@type\":\"ImageObject\",\"inLanguage\":\"es\",\"@id\":\"https:\/\/crees.org.do\/#\/schema\/logo\/image\/\",\"url\":\"https:\/\/crees.org.do\/wp-content\/uploads\/2022\/03\/crees-logo-1.jpg\",\"contentUrl\":\"https:\/\/crees.org.do\/wp-content\/uploads\/2022\/03\/crees-logo-1.jpg\",\"width\":244,\"height\":71,\"caption\":\"CREES | Centro Regional de Estrategias Econ\u00f3micas Sostenibles\"},\"image\":{\"@id\":\"https:\/\/crees.org.do\/#\/schema\/logo\/image\/\"},\"sameAs\":[\"https:\/\/www.facebook.com\/CREESRD\/\",\"https:\/\/x.com\/CREESRD\"]},{\"@type\":\"Person\",\"@id\":\"https:\/\/crees.org.do\/#\/schema\/person\/e7f97cd94d7bf9cd0e0ce30acb7d56b8\",\"name\":\"Crees\",\"image\":{\"@type\":\"ImageObject\",\"inLanguage\":\"es\",\"@id\":\"https:\/\/crees.org.do\/#\/schema\/person\/image\/\",\"url\":\"https:\/\/secure.gravatar.com\/avatar\/390ac8f0be5d9aa046152553e2dd7011b59a512d89c150f5e5f28bb8d9a0b165?s=96&d=mm&r=g\",\"contentUrl\":\"https:\/\/secure.gravatar.com\/avatar\/390ac8f0be5d9aa046152553e2dd7011b59a512d89c150f5e5f28bb8d9a0b165?s=96&d=mm&r=g\",\"caption\":\"Crees\"},\"url\":\"https:\/\/crees.org.do\/?author=2\"}]}<\/script>\n<!-- \/ Yoast SEO plugin. -->","yoast_head_json":{"title":"Instituciones y oportunidades | CREES","robots":{"index":"index","follow":"follow","max-snippet":"max-snippet:-1","max-image-preview":"max-image-preview:large","max-video-preview":"max-video-preview:-1"},"canonical":"https:\/\/crees.org.do\/?p=18342","og_locale":"es_ES","og_type":"article","og_title":"Instituciones y oportunidades | CREES","og_description":"Autor:&nbsp;Mart\u00edn Krause Originalmente publicado el: 26 de mayo de 2017 Extra\u00eddo de&nbsp;www.libertaddigital.com &nbsp; Una de las muchas cosas que las sociedades modernas exigen a los gobernantes es eso que se suele resumir en la frase &quot;igualdad de oportunidades&quot;. Pero, en su sentido literal, es imposible alcanzar algo as\u00ed, porque el conocimiento se encuentra inevitablemente disperso,...","og_url":"https:\/\/crees.org.do\/?p=18342","og_site_name":"CREES","article_publisher":"https:\/\/www.facebook.com\/CREESRD\/","article_published_time":"2020-11-03T14:10:00+00:00","article_modified_time":"2021-08-09T19:54:07+00:00","og_image":[{"width":244,"height":71,"url":"https:\/\/crees.org.do\/wp-content\/uploads\/2022\/03\/crees-logo-1.jpg","type":"image\/jpeg"}],"author":"Crees","twitter_card":"summary_large_image","twitter_creator":"@CREESRD","twitter_site":"@CREESRD","twitter_misc":{"Escrito por":"Crees","Tiempo de lectura":"2 minutos"},"schema":{"@context":"https:\/\/schema.org","@graph":[{"@type":"Article","@id":"https:\/\/crees.org.do\/?p=18342#article","isPartOf":{"@id":"https:\/\/crees.org.do\/?p=18342"},"author":{"name":"Crees","@id":"https:\/\/crees.org.do\/#\/schema\/person\/e7f97cd94d7bf9cd0e0ce30acb7d56b8"},"headline":"Instituciones y oportunidades","datePublished":"2020-11-03T14:10:00+00:00","dateModified":"2021-08-09T19:54:07+00:00","mainEntityOfPage":{"@id":"https:\/\/crees.org.do\/?p=18342"},"wordCount":497,"publisher":{"@id":"https:\/\/crees.org.do\/#organization"},"articleSection":["Art\u00edculos"],"inLanguage":"es"},{"@type":"WebPage","@id":"https:\/\/crees.org.do\/?p=18342","url":"https:\/\/crees.org.do\/?p=18342","name":"Instituciones y oportunidades | CREES","isPartOf":{"@id":"https:\/\/crees.org.do\/#website"},"datePublished":"2020-11-03T14:10:00+00:00","dateModified":"2021-08-09T19:54:07+00:00","breadcrumb":{"@id":"https:\/\/crees.org.do\/?p=18342#breadcrumb"},"inLanguage":"es","potentialAction":[{"@type":"ReadAction","target":["https:\/\/crees.org.do\/?p=18342"]}]},{"@type":"BreadcrumbList","@id":"https:\/\/crees.org.do\/?p=18342#breadcrumb","itemListElement":[{"@type":"ListItem","position":1,"name":"Portada","item":"https:\/\/crees.org.do\/"},{"@type":"ListItem","position":2,"name":"Instituciones y oportunidades"}]},{"@type":"WebSite","@id":"https:\/\/crees.org.do\/#website","url":"https:\/\/crees.org.do\/","name":"CREES","description":"Centro Regional de Estrategias Econ\u00f3micas Sostenibles","publisher":{"@id":"https:\/\/crees.org.do\/#organization"},"potentialAction":[{"@type":"SearchAction","target":{"@type":"EntryPoint","urlTemplate":"https:\/\/crees.org.do\/?s={search_term_string}"},"query-input":{"@type":"PropertyValueSpecification","valueRequired":true,"valueName":"search_term_string"}}],"inLanguage":"es"},{"@type":"Organization","@id":"https:\/\/crees.org.do\/#organization","name":"CREES | Centro Regional de Estrategias Econ\u00f3micas Sostenibles","url":"https:\/\/crees.org.do\/","logo":{"@type":"ImageObject","inLanguage":"es","@id":"https:\/\/crees.org.do\/#\/schema\/logo\/image\/","url":"https:\/\/crees.org.do\/wp-content\/uploads\/2022\/03\/crees-logo-1.jpg","contentUrl":"https:\/\/crees.org.do\/wp-content\/uploads\/2022\/03\/crees-logo-1.jpg","width":244,"height":71,"caption":"CREES | Centro Regional de Estrategias Econ\u00f3micas Sostenibles"},"image":{"@id":"https:\/\/crees.org.do\/#\/schema\/logo\/image\/"},"sameAs":["https:\/\/www.facebook.com\/CREESRD\/","https:\/\/x.com\/CREESRD"]},{"@type":"Person","@id":"https:\/\/crees.org.do\/#\/schema\/person\/e7f97cd94d7bf9cd0e0ce30acb7d56b8","name":"Crees","image":{"@type":"ImageObject","inLanguage":"es","@id":"https:\/\/crees.org.do\/#\/schema\/person\/image\/","url":"https:\/\/secure.gravatar.com\/avatar\/390ac8f0be5d9aa046152553e2dd7011b59a512d89c150f5e5f28bb8d9a0b165?s=96&d=mm&r=g","contentUrl":"https:\/\/secure.gravatar.com\/avatar\/390ac8f0be5d9aa046152553e2dd7011b59a512d89c150f5e5f28bb8d9a0b165?s=96&d=mm&r=g","caption":"Crees"},"url":"https:\/\/crees.org.do\/?author=2"}]}},"_links":{"self":[{"href":"https:\/\/crees.org.do\/index.php?rest_route=\/wp\/v2\/posts\/18342","targetHints":{"allow":["GET"]}}],"collection":[{"href":"https:\/\/crees.org.do\/index.php?rest_route=\/wp\/v2\/posts"}],"about":[{"href":"https:\/\/crees.org.do\/index.php?rest_route=\/wp\/v2\/types\/post"}],"author":[{"embeddable":true,"href":"https:\/\/crees.org.do\/index.php?rest_route=\/wp\/v2\/users\/2"}],"replies":[{"embeddable":true,"href":"https:\/\/crees.org.do\/index.php?rest_route=%2Fwp%2Fv2%2Fcomments&post=18342"}],"version-history":[{"count":1,"href":"https:\/\/crees.org.do\/index.php?rest_route=\/wp\/v2\/posts\/18342\/revisions"}],"predecessor-version":[{"id":18479,"href":"https:\/\/crees.org.do\/index.php?rest_route=\/wp\/v2\/posts\/18342\/revisions\/18479"}],"wp:attachment":[{"href":"https:\/\/crees.org.do\/index.php?rest_route=%2Fwp%2Fv2%2Fmedia&parent=18342"}],"wp:term":[{"taxonomy":"category","embeddable":true,"href":"https:\/\/crees.org.do\/index.php?rest_route=%2Fwp%2Fv2%2Fcategories&post=18342"},{"taxonomy":"post_tag","embeddable":true,"href":"https:\/\/crees.org.do\/index.php?rest_route=%2Fwp%2Fv2%2Ftags&post=18342"}],"curies":[{"name":"wp","href":"https:\/\/api.w.org\/{rel}","templated":true}]}}