{"id":18428,"date":"2019-02-26T19:53:55","date_gmt":"2019-02-26T19:53:55","guid":{"rendered":"https:\/\/crees.org.do\/la-triste-similitud-de-los-populistas\/"},"modified":"2021-08-10T01:44:21","modified_gmt":"2021-08-10T01:44:21","slug":"la-triste-similitud-de-los-populistas","status":"publish","type":"post","link":"https:\/\/crees.org.do\/?p=18428","title":{"rendered":"La triste similitud de los populistas"},"content":{"rendered":"<div class=\"page\" title=\"Page 34\">\n<div class=\"layoutArea\">\n<div class=\"column\">\n<p><span style=\"font-family: verdana, geneva, sans-serif; font-size: 12px;\">Autor: Manuel Hinds<\/span><\/p>\n<p><span style=\"font-size:12px;\"><span style=\"font-family:verdana,geneva,sans-serif;\">Extra\u00eddo de <a href=\"http:\/\/www.eldiariodehoy.com\/opinion\/editoriales\/102075\/la-triste-similitud-de-los-populistas\/\">eldiariodehoy.com<\/a><\/span><\/span><\/p>\n<p>&nbsp;<\/p>\n<p style=\"text-align: justify;\"><span style=\"font-size:12px;\"><span style=\"font-family:verdana,geneva,sans-serif;\">Se ha vuelto muy com\u00fan decir que los dos pa\u00edses m\u00e1s grandes de Am\u00e9rica Latina, Brasil y M\u00e9xico, han ca\u00eddo en reg\u00edmenes populistas, pero en direcciones opuestas porque uno se dice de derecha y el otro de izquierda. Pero en realidad ambos pa\u00edses se est\u00e1n moviendo en exactamente la misma direcci\u00f3n &mdash;la que define el mismo populismo, que en es m\u00e1s determinante que la izquierda y la derecha.<\/span><\/span><\/p>\n<p style=\"text-align: justify;\">&nbsp;<\/p>\n<p style=\"text-align: justify;\"><span style=\"font-size:12px;\"><span style=\"font-family:verdana,geneva,sans-serif;\">Por muchos a\u00f1os el populismo se entendi\u00f3 como una enfermedad de la izquierda: un r\u00e9gimen irresponsable, que gasta m\u00e1s de lo que le entra en nombre de la justicia social, que comienza con muchas d\u00e1divas sin pensar en c\u00f3mo van a ser pagadas y termina con crisis econ\u00f3micas muy serias, como las del Brasil de Lula, la Argentina de Per\u00f3n y luego la de los Kirchner, la Venezuela de Ch\u00e1vez y la Nicaragua de Ortega.<\/span><\/span><\/p>\n<p style=\"text-align: justify;\">&nbsp;<\/p>\n<p style=\"text-align: justify;\"><span style=\"font-size:12px;\"><span style=\"font-family:verdana,geneva,sans-serif;\">Esta concepci\u00f3n del populismo era muy incompleta. Por una parte, la historia ha mostrado que la demagogia no es exclusiva de la izquierda. En realidad, uno de los primeros populistas en la regi\u00f3n, Juan Domingo Per\u00f3n, no pod\u00eda ser catalogado como de izquierda sino como fascista. Igual que los reg\u00edmenes fascistas europeos de su \u00e9poca, comparti\u00f3 la agitaci\u00f3n pol\u00edtica en nombre de la justicia social, us\u00f3 d\u00e1divas enormes para comprar votos y termin\u00f3 en gran corrupci\u00f3n y desastres econ\u00f3micos. Poco a poco, la gente ha entendido que hay populistas de derecha y de izquierda.<\/span><\/span><\/p>\n<p style=\"text-align: justify;\">&nbsp;<\/p>\n<p style=\"text-align: justify;\"><span style=\"font-size:12px;\"><span style=\"font-family:verdana,geneva,sans-serif;\">Adem\u00e1s, aunque ciertamente la irresponsabilidad fiscal y la falsa apelaci\u00f3n a la justicia social son partes importantes del populismo, hay una parte m\u00e1s fundamental, que es la que le da su esencia, que es lo que comparten los populismos de derecha e izquierda: la sustituci\u00f3n de las instituciones democr\u00e1ticas por el comando autocr\u00e1tico de un caudillo, alrededor del cual se construye un culto a la personalidad. Es por esta raz\u00f3n, porque buscan es una dictadura absoluta, que los populistas de cualquier signo ideol\u00f3gico son enemigos a muerte de la institucionalidad democr\u00e1tica, en la que nadie tiene el poder absoluto.<\/span><\/span><\/p>\n<p style=\"text-align: justify;\">&nbsp;<\/p>\n<p style=\"text-align: justify;\"><span style=\"font-size:12px;\"><span style=\"font-family:verdana,geneva,sans-serif;\">La gente tiende a ignorar esta dimensi\u00f3n del populismo porque los populistas sacan su parte tir\u00e1nica solo despu\u00e9s de haber adquirido el poder y de haber limpiado a sus rivales y a las instituciones que tienen poder independientemente de \u00e9l &mdash;los poderes legislativo y judicial y los cientos de instituciones que contribuyen al manejo del Estado.<\/span><\/span><\/p>\n<p style=\"text-align: justify;\">&nbsp;<\/p>\n<p style=\"text-align: justify;\"><span style=\"font-size:12px;\"><span style=\"font-family:verdana,geneva,sans-serif;\">En sus inicios los venezolanos y los nicarag\u00fcenses se re\u00edan de los que les hablaban de la conversi\u00f3n de los populistas en tiranos sangrientos. No comprend\u00edan que el populista acusa a todas las instituciones democr\u00e1ticas de ser corruptas para arg\u00fcir que para cambiar la sociedad hay que destruirlas y darle a ellos el poder total. Cuando alguien pide el poder absoluto para poder resolver los problemas del pa\u00eds est\u00e1 pidiendo que lo hagan dictador.<\/span><\/span><\/p>\n<p style=\"text-align: justify;\">&nbsp;<\/p>\n<p style=\"text-align: justify;\"><span style=\"font-size:12px;\"><span style=\"font-family:verdana,geneva,sans-serif;\">Por supuesto, el populista quiere el poder total por el poder mismo, no como instrumento para mejorar al pueblo. El beneficio del pueblo es el pretexto a trav\u00e9s del cual los populistas se vuelven tiranos. Con el poder total, con las instituciones destruidas, los populistas se corrompen absolutamente y se arrogan el derecho de mantenerse en el poder a costa de sangre y sufrimientos para la poblaci\u00f3n, como en Venezuela y Nicaragua.<\/span><\/span><\/p>\n<p style=\"text-align: justify;\">&nbsp;<\/p>\n<p style=\"text-align: justify;\"><span style=\"font-size:12px;\"><span style=\"font-family:verdana,geneva,sans-serif;\">Esa es la historia de Venezuela y de Nicaragua y podr\u00eda ser la de El Salvador si elegimos a Nayib Bukele, que ya comenz\u00f3, antes de llegar al poder, a tratar de usar la fuerza bruta para intimidar al pueblo y a las instituciones democr\u00e1ticas. Igual que Ch\u00e1vez en su momento, amenaza con usar el poder militar de la presidencia para intimidar a la Asamblea, dice que va a cambiar la Constituci\u00f3n aunque un presidente no tiene el poder de hacerlo, y ha usado turbas para amenazar a la Fiscal\u00eda y el Tribunal Supremo Electoral. La imagen que proyecta es la de un caudillo que se cree que est\u00e1 por encima de las instituciones &mdash;que es la imagen que de s\u00ed mismos tienen todos los tiranos.<\/span><\/span><\/p>\n<p style=\"text-align: justify;\">&nbsp;<\/p>\n<p style=\"text-align: justify;\"><span style=\"font-size:12px;\"><span style=\"font-family:verdana,geneva,sans-serif;\">Ojal\u00e1 que ni M\u00e9xico ni Brasil ni El Salvador caigan en esta maldici\u00f3n.<\/span><\/span><\/p>\n<p>&nbsp;<\/p>\n<p style=\"text-align: center;\">&nbsp;<\/p>\n<\/div>\n<\/div>\n<\/div>\n<p>&nbsp;<\/p>\n<div class=\"pvc_clear\"><\/div>\n<p class=\"pvc_stats all \" data-element-id=\"18428\" style=\"\"><i class=\"pvc-stats-icon medium\" aria-hidden=\"true\"><svg aria-hidden=\"true\" focusable=\"false\" data-prefix=\"far\" data-icon=\"chart-bar\" role=\"img\" xmlns=\"http:\/\/www.w3.org\/2000\/svg\" viewBox=\"0 0 512 512\" class=\"svg-inline--fa fa-chart-bar fa-w-16 fa-2x\"><path fill=\"currentColor\" d=\"M396.8 352h22.4c6.4 0 12.8-6.4 12.8-12.8V108.8c0-6.4-6.4-12.8-12.8-12.8h-22.4c-6.4 0-12.8 6.4-12.8 12.8v230.4c0 6.4 6.4 12.8 12.8 12.8zm-192 0h22.4c6.4 0 12.8-6.4 12.8-12.8V140.8c0-6.4-6.4-12.8-12.8-12.8h-22.4c-6.4 0-12.8 6.4-12.8 12.8v198.4c0 6.4 6.4 12.8 12.8 12.8zm96 0h22.4c6.4 0 12.8-6.4 12.8-12.8V204.8c0-6.4-6.4-12.8-12.8-12.8h-22.4c-6.4 0-12.8 6.4-12.8 12.8v134.4c0 6.4 6.4 12.8 12.8 12.8zM496 400H48V80c0-8.84-7.16-16-16-16H16C7.16 64 0 71.16 0 80v336c0 17.67 14.33 32 32 32h464c8.84 0 16-7.16 16-16v-16c0-8.84-7.16-16-16-16zm-387.2-48h22.4c6.4 0 12.8-6.4 12.8-12.8v-70.4c0-6.4-6.4-12.8-12.8-12.8h-22.4c-6.4 0-12.8 6.4-12.8 12.8v70.4c0 6.4 6.4 12.8 12.8 12.8z\" class=\"\"><\/path><\/svg><\/i> Vistas Totales&nbsp;1,045&nbsp;, Vistas Hoy&nbsp;4&nbsp;<\/p>\n<div class=\"pvc_clear\"><\/div>\n","protected":false},"excerpt":{"rendered":"<p>Autor: Manuel Hinds Extra\u00eddo de eldiariodehoy.com &nbsp; Se ha vuelto muy com\u00fan decir que los dos pa\u00edses m\u00e1s grandes de Am\u00e9rica Latina, Brasil y M\u00e9xico, han ca\u00eddo en reg\u00edmenes populistas, pero en direcciones opuestas porque uno se dice de derecha y el otro de izquierda. Pero en realidad ambos pa\u00edses se est\u00e1n moviendo en exactamente&#8230;<\/p>\n<div class=\"pvc_clear\"><\/div>\n<p class=\"pvc_stats all \" data-element-id=\"18428\" style=\"\"><i class=\"pvc-stats-icon medium\" aria-hidden=\"true\"><svg aria-hidden=\"true\" focusable=\"false\" data-prefix=\"far\" data-icon=\"chart-bar\" role=\"img\" xmlns=\"http:\/\/www.w3.org\/2000\/svg\" viewBox=\"0 0 512 512\" class=\"svg-inline--fa fa-chart-bar fa-w-16 fa-2x\"><path fill=\"currentColor\" d=\"M396.8 352h22.4c6.4 0 12.8-6.4 12.8-12.8V108.8c0-6.4-6.4-12.8-12.8-12.8h-22.4c-6.4 0-12.8 6.4-12.8 12.8v230.4c0 6.4 6.4 12.8 12.8 12.8zm-192 0h22.4c6.4 0 12.8-6.4 12.8-12.8V140.8c0-6.4-6.4-12.8-12.8-12.8h-22.4c-6.4 0-12.8 6.4-12.8 12.8v198.4c0 6.4 6.4 12.8 12.8 12.8zm96 0h22.4c6.4 0 12.8-6.4 12.8-12.8V204.8c0-6.4-6.4-12.8-12.8-12.8h-22.4c-6.4 0-12.8 6.4-12.8 12.8v134.4c0 6.4 6.4 12.8 12.8 12.8zM496 400H48V80c0-8.84-7.16-16-16-16H16C7.16 64 0 71.16 0 80v336c0 17.67 14.33 32 32 32h464c8.84 0 16-7.16 16-16v-16c0-8.84-7.16-16-16-16zm-387.2-48h22.4c6.4 0 12.8-6.4 12.8-12.8v-70.4c0-6.4-6.4-12.8-12.8-12.8h-22.4c-6.4 0-12.8 6.4-12.8 12.8v70.4c0 6.4 6.4 12.8 12.8 12.8z\" class=\"\"><\/path><\/svg><\/i> Vistas Totales&nbsp;1,045&nbsp;, Vistas Hoy&nbsp;4&nbsp;<\/p>\n<div class=\"pvc_clear\"><\/div>\n","protected":false},"author":2,"featured_media":0,"comment_status":"closed","ping_status":"closed","sticky":false,"template":"","format":"standard","meta":{"footnotes":""},"categories":[22],"tags":[],"class_list":["post-18428","post","type-post","status-publish","format-standard","hentry","category-articulos"],"yoast_head":"<!-- This site is optimized with the Yoast SEO plugin v25.2 - https:\/\/yoast.com\/wordpress\/plugins\/seo\/ -->\n<title>La triste similitud de los populistas | CREES<\/title>\n<meta name=\"robots\" content=\"index, follow, max-snippet:-1, max-image-preview:large, max-video-preview:-1\" \/>\n<link rel=\"canonical\" href=\"https:\/\/crees.org.do\/?p=18428\" \/>\n<meta property=\"og:locale\" content=\"es_ES\" \/>\n<meta property=\"og:type\" content=\"article\" \/>\n<meta property=\"og:title\" content=\"La triste similitud de los populistas | CREES\" \/>\n<meta property=\"og:description\" content=\"Autor: Manuel Hinds Extra\u00eddo de eldiariodehoy.com &nbsp; Se ha vuelto muy com\u00fan decir que los dos pa\u00edses m\u00e1s grandes de Am\u00e9rica Latina, Brasil y M\u00e9xico, han ca\u00eddo en reg\u00edmenes populistas, pero en direcciones opuestas porque uno se dice de derecha y el otro de izquierda. Pero en realidad ambos pa\u00edses se est\u00e1n moviendo en exactamente...\" \/>\n<meta property=\"og:url\" content=\"https:\/\/crees.org.do\/?p=18428\" \/>\n<meta property=\"og:site_name\" content=\"CREES\" \/>\n<meta property=\"article:publisher\" content=\"https:\/\/www.facebook.com\/CREESRD\/\" \/>\n<meta property=\"article:published_time\" content=\"2019-02-26T19:53:55+00:00\" \/>\n<meta property=\"article:modified_time\" content=\"2021-08-10T01:44:21+00:00\" \/>\n<meta property=\"og:image\" content=\"https:\/\/crees.org.do\/wp-content\/uploads\/2022\/03\/crees-logo-1.jpg\" \/>\n\t<meta property=\"og:image:width\" content=\"244\" \/>\n\t<meta property=\"og:image:height\" content=\"71\" \/>\n\t<meta property=\"og:image:type\" content=\"image\/jpeg\" \/>\n<meta name=\"author\" content=\"Crees\" \/>\n<meta name=\"twitter:card\" content=\"summary_large_image\" \/>\n<meta name=\"twitter:creator\" content=\"@CREESRD\" \/>\n<meta name=\"twitter:site\" content=\"@CREESRD\" \/>\n<meta name=\"twitter:label1\" content=\"Escrito por\" \/>\n\t<meta name=\"twitter:data1\" content=\"Crees\" \/>\n\t<meta name=\"twitter:label2\" content=\"Tiempo de lectura\" \/>\n\t<meta name=\"twitter:data2\" content=\"4 minutos\" \/>\n<script type=\"application\/ld+json\" class=\"yoast-schema-graph\">{\"@context\":\"https:\/\/schema.org\",\"@graph\":[{\"@type\":\"Article\",\"@id\":\"https:\/\/crees.org.do\/?p=18428#article\",\"isPartOf\":{\"@id\":\"https:\/\/crees.org.do\/?p=18428\"},\"author\":{\"name\":\"Crees\",\"@id\":\"https:\/\/crees.org.do\/#\/schema\/person\/e7f97cd94d7bf9cd0e0ce30acb7d56b8\"},\"headline\":\"La triste similitud de los populistas\",\"datePublished\":\"2019-02-26T19:53:55+00:00\",\"dateModified\":\"2021-08-10T01:44:21+00:00\",\"mainEntityOfPage\":{\"@id\":\"https:\/\/crees.org.do\/?p=18428\"},\"wordCount\":763,\"publisher\":{\"@id\":\"https:\/\/crees.org.do\/#organization\"},\"articleSection\":[\"Art\u00edculos\"],\"inLanguage\":\"es\"},{\"@type\":\"WebPage\",\"@id\":\"https:\/\/crees.org.do\/?p=18428\",\"url\":\"https:\/\/crees.org.do\/?p=18428\",\"name\":\"La triste similitud de los populistas | CREES\",\"isPartOf\":{\"@id\":\"https:\/\/crees.org.do\/#website\"},\"datePublished\":\"2019-02-26T19:53:55+00:00\",\"dateModified\":\"2021-08-10T01:44:21+00:00\",\"breadcrumb\":{\"@id\":\"https:\/\/crees.org.do\/?p=18428#breadcrumb\"},\"inLanguage\":\"es\",\"potentialAction\":[{\"@type\":\"ReadAction\",\"target\":[\"https:\/\/crees.org.do\/?p=18428\"]}]},{\"@type\":\"BreadcrumbList\",\"@id\":\"https:\/\/crees.org.do\/?p=18428#breadcrumb\",\"itemListElement\":[{\"@type\":\"ListItem\",\"position\":1,\"name\":\"Portada\",\"item\":\"https:\/\/crees.org.do\/\"},{\"@type\":\"ListItem\",\"position\":2,\"name\":\"La triste similitud de los populistas\"}]},{\"@type\":\"WebSite\",\"@id\":\"https:\/\/crees.org.do\/#website\",\"url\":\"https:\/\/crees.org.do\/\",\"name\":\"CREES\",\"description\":\"Centro Regional de Estrategias Econ\u00f3micas Sostenibles\",\"publisher\":{\"@id\":\"https:\/\/crees.org.do\/#organization\"},\"potentialAction\":[{\"@type\":\"SearchAction\",\"target\":{\"@type\":\"EntryPoint\",\"urlTemplate\":\"https:\/\/crees.org.do\/?s={search_term_string}\"},\"query-input\":{\"@type\":\"PropertyValueSpecification\",\"valueRequired\":true,\"valueName\":\"search_term_string\"}}],\"inLanguage\":\"es\"},{\"@type\":\"Organization\",\"@id\":\"https:\/\/crees.org.do\/#organization\",\"name\":\"CREES | Centro Regional de Estrategias Econ\u00f3micas Sostenibles\",\"url\":\"https:\/\/crees.org.do\/\",\"logo\":{\"@type\":\"ImageObject\",\"inLanguage\":\"es\",\"@id\":\"https:\/\/crees.org.do\/#\/schema\/logo\/image\/\",\"url\":\"https:\/\/crees.org.do\/wp-content\/uploads\/2022\/03\/crees-logo-1.jpg\",\"contentUrl\":\"https:\/\/crees.org.do\/wp-content\/uploads\/2022\/03\/crees-logo-1.jpg\",\"width\":244,\"height\":71,\"caption\":\"CREES | Centro Regional de Estrategias Econ\u00f3micas Sostenibles\"},\"image\":{\"@id\":\"https:\/\/crees.org.do\/#\/schema\/logo\/image\/\"},\"sameAs\":[\"https:\/\/www.facebook.com\/CREESRD\/\",\"https:\/\/x.com\/CREESRD\"]},{\"@type\":\"Person\",\"@id\":\"https:\/\/crees.org.do\/#\/schema\/person\/e7f97cd94d7bf9cd0e0ce30acb7d56b8\",\"name\":\"Crees\",\"image\":{\"@type\":\"ImageObject\",\"inLanguage\":\"es\",\"@id\":\"https:\/\/crees.org.do\/#\/schema\/person\/image\/\",\"url\":\"https:\/\/secure.gravatar.com\/avatar\/390ac8f0be5d9aa046152553e2dd7011b59a512d89c150f5e5f28bb8d9a0b165?s=96&d=mm&r=g\",\"contentUrl\":\"https:\/\/secure.gravatar.com\/avatar\/390ac8f0be5d9aa046152553e2dd7011b59a512d89c150f5e5f28bb8d9a0b165?s=96&d=mm&r=g\",\"caption\":\"Crees\"},\"url\":\"https:\/\/crees.org.do\/?author=2\"}]}<\/script>\n<!-- \/ Yoast SEO plugin. -->","yoast_head_json":{"title":"La triste similitud de los populistas | CREES","robots":{"index":"index","follow":"follow","max-snippet":"max-snippet:-1","max-image-preview":"max-image-preview:large","max-video-preview":"max-video-preview:-1"},"canonical":"https:\/\/crees.org.do\/?p=18428","og_locale":"es_ES","og_type":"article","og_title":"La triste similitud de los populistas | CREES","og_description":"Autor: Manuel Hinds Extra\u00eddo de eldiariodehoy.com &nbsp; Se ha vuelto muy com\u00fan decir que los dos pa\u00edses m\u00e1s grandes de Am\u00e9rica Latina, Brasil y M\u00e9xico, han ca\u00eddo en reg\u00edmenes populistas, pero en direcciones opuestas porque uno se dice de derecha y el otro de izquierda. Pero en realidad ambos pa\u00edses se est\u00e1n moviendo en exactamente...","og_url":"https:\/\/crees.org.do\/?p=18428","og_site_name":"CREES","article_publisher":"https:\/\/www.facebook.com\/CREESRD\/","article_published_time":"2019-02-26T19:53:55+00:00","article_modified_time":"2021-08-10T01:44:21+00:00","og_image":[{"width":244,"height":71,"url":"https:\/\/crees.org.do\/wp-content\/uploads\/2022\/03\/crees-logo-1.jpg","type":"image\/jpeg"}],"author":"Crees","twitter_card":"summary_large_image","twitter_creator":"@CREESRD","twitter_site":"@CREESRD","twitter_misc":{"Escrito por":"Crees","Tiempo de lectura":"4 minutos"},"schema":{"@context":"https:\/\/schema.org","@graph":[{"@type":"Article","@id":"https:\/\/crees.org.do\/?p=18428#article","isPartOf":{"@id":"https:\/\/crees.org.do\/?p=18428"},"author":{"name":"Crees","@id":"https:\/\/crees.org.do\/#\/schema\/person\/e7f97cd94d7bf9cd0e0ce30acb7d56b8"},"headline":"La triste similitud de los populistas","datePublished":"2019-02-26T19:53:55+00:00","dateModified":"2021-08-10T01:44:21+00:00","mainEntityOfPage":{"@id":"https:\/\/crees.org.do\/?p=18428"},"wordCount":763,"publisher":{"@id":"https:\/\/crees.org.do\/#organization"},"articleSection":["Art\u00edculos"],"inLanguage":"es"},{"@type":"WebPage","@id":"https:\/\/crees.org.do\/?p=18428","url":"https:\/\/crees.org.do\/?p=18428","name":"La triste similitud de los populistas | CREES","isPartOf":{"@id":"https:\/\/crees.org.do\/#website"},"datePublished":"2019-02-26T19:53:55+00:00","dateModified":"2021-08-10T01:44:21+00:00","breadcrumb":{"@id":"https:\/\/crees.org.do\/?p=18428#breadcrumb"},"inLanguage":"es","potentialAction":[{"@type":"ReadAction","target":["https:\/\/crees.org.do\/?p=18428"]}]},{"@type":"BreadcrumbList","@id":"https:\/\/crees.org.do\/?p=18428#breadcrumb","itemListElement":[{"@type":"ListItem","position":1,"name":"Portada","item":"https:\/\/crees.org.do\/"},{"@type":"ListItem","position":2,"name":"La triste similitud de los populistas"}]},{"@type":"WebSite","@id":"https:\/\/crees.org.do\/#website","url":"https:\/\/crees.org.do\/","name":"CREES","description":"Centro Regional de Estrategias Econ\u00f3micas Sostenibles","publisher":{"@id":"https:\/\/crees.org.do\/#organization"},"potentialAction":[{"@type":"SearchAction","target":{"@type":"EntryPoint","urlTemplate":"https:\/\/crees.org.do\/?s={search_term_string}"},"query-input":{"@type":"PropertyValueSpecification","valueRequired":true,"valueName":"search_term_string"}}],"inLanguage":"es"},{"@type":"Organization","@id":"https:\/\/crees.org.do\/#organization","name":"CREES | Centro Regional de Estrategias Econ\u00f3micas Sostenibles","url":"https:\/\/crees.org.do\/","logo":{"@type":"ImageObject","inLanguage":"es","@id":"https:\/\/crees.org.do\/#\/schema\/logo\/image\/","url":"https:\/\/crees.org.do\/wp-content\/uploads\/2022\/03\/crees-logo-1.jpg","contentUrl":"https:\/\/crees.org.do\/wp-content\/uploads\/2022\/03\/crees-logo-1.jpg","width":244,"height":71,"caption":"CREES | Centro Regional de Estrategias Econ\u00f3micas Sostenibles"},"image":{"@id":"https:\/\/crees.org.do\/#\/schema\/logo\/image\/"},"sameAs":["https:\/\/www.facebook.com\/CREESRD\/","https:\/\/x.com\/CREESRD"]},{"@type":"Person","@id":"https:\/\/crees.org.do\/#\/schema\/person\/e7f97cd94d7bf9cd0e0ce30acb7d56b8","name":"Crees","image":{"@type":"ImageObject","inLanguage":"es","@id":"https:\/\/crees.org.do\/#\/schema\/person\/image\/","url":"https:\/\/secure.gravatar.com\/avatar\/390ac8f0be5d9aa046152553e2dd7011b59a512d89c150f5e5f28bb8d9a0b165?s=96&d=mm&r=g","contentUrl":"https:\/\/secure.gravatar.com\/avatar\/390ac8f0be5d9aa046152553e2dd7011b59a512d89c150f5e5f28bb8d9a0b165?s=96&d=mm&r=g","caption":"Crees"},"url":"https:\/\/crees.org.do\/?author=2"}]}},"_links":{"self":[{"href":"https:\/\/crees.org.do\/index.php?rest_route=\/wp\/v2\/posts\/18428","targetHints":{"allow":["GET"]}}],"collection":[{"href":"https:\/\/crees.org.do\/index.php?rest_route=\/wp\/v2\/posts"}],"about":[{"href":"https:\/\/crees.org.do\/index.php?rest_route=\/wp\/v2\/types\/post"}],"author":[{"embeddable":true,"href":"https:\/\/crees.org.do\/index.php?rest_route=\/wp\/v2\/users\/2"}],"replies":[{"embeddable":true,"href":"https:\/\/crees.org.do\/index.php?rest_route=%2Fwp%2Fv2%2Fcomments&post=18428"}],"version-history":[{"count":1,"href":"https:\/\/crees.org.do\/index.php?rest_route=\/wp\/v2\/posts\/18428\/revisions"}],"predecessor-version":[{"id":18544,"href":"https:\/\/crees.org.do\/index.php?rest_route=\/wp\/v2\/posts\/18428\/revisions\/18544"}],"wp:attachment":[{"href":"https:\/\/crees.org.do\/index.php?rest_route=%2Fwp%2Fv2%2Fmedia&parent=18428"}],"wp:term":[{"taxonomy":"category","embeddable":true,"href":"https:\/\/crees.org.do\/index.php?rest_route=%2Fwp%2Fv2%2Fcategories&post=18428"},{"taxonomy":"post_tag","embeddable":true,"href":"https:\/\/crees.org.do\/index.php?rest_route=%2Fwp%2Fv2%2Ftags&post=18428"}],"curies":[{"name":"wp","href":"https:\/\/api.w.org\/{rel}","templated":true}]}}