{"id":18430,"date":"2019-02-26T19:53:56","date_gmt":"2019-02-26T19:53:56","guid":{"rendered":"https:\/\/crees.org.do\/formalicemos-ya\/"},"modified":"2021-08-10T01:42:12","modified_gmt":"2021-08-10T01:42:12","slug":"formalicemos-ya","status":"publish","type":"post","link":"https:\/\/crees.org.do\/?p=18430","title":{"rendered":"\u00a1Formalicemos, ya!"},"content":{"rendered":"<div style=\"text-align: justify;\"><span style=\"font-size:12px;\"><span style=\"font-family:verdana,geneva,sans-serif;\">Autor: Ian V\u00e1squez<\/span><\/span><\/div>\n<div style=\"text-align: justify;\">&nbsp;<\/div>\n<div style=\"text-align: justify;\"><span style=\"font-size:12px;\"><span style=\"font-family:verdana,geneva,sans-serif;\">Fecha: 15 de enero del 2019<\/span><\/span><\/div>\n<div style=\"text-align: justify;\">&nbsp;<\/div>\n<div>\n<div class=\"sf elemento generico\" style=\"box-sizing: border-box; color: rgb(51, 51, 51); font-family: &quot;Open Sans&quot;, sans-serif; font-size: 16px; text-size-adjust: auto;\">\n<p style=\"text-align: center;\"><span style=\"font-size:12px;\"><span style=\"font-family:verdana,geneva,sans-serif;\">Por&nbsp;<\/span><\/span><span style=\"font-family: verdana, geneva, sans-serif; font-size: 12px; text-align: justify;\">Ian V\u00e1squez<\/span><\/p>\n<p style=\"text-align: justify;\"><span style=\"font-family:verdana,geneva,sans-serif;\"><span style=\"font-size:12px;\"><span style=\"text-size-adjust: auto; background-color: rgb(255, 255, 255);\">Ahora que la corrupci\u00f3n<span class=\"Apple-converted-space\">&nbsp;<\/span>se ha vuelto el problema que m\u00e1s preocupa a los peruanos y en un momento en que se ha planteado reformar el sistema laboral, es oportuno repasar c\u00f3mo esos temas se relacionan con el enorme tama\u00f1o de la econom\u00eda informal<\/span><span style=\"text-size-adjust: auto; background-color: rgb(255, 255, 255);\"><span class=\"Apple-converted-space\">&nbsp;<\/span>&ndash;el mejor indicador que eval\u00faa qu\u00e9 tan mal se encuentran las pol\u00edticas e instituciones del pa\u00eds&ndash;.<span class=\"Apple-converted-space\">&nbsp;<\/span><\/span><br style=\"box-sizing: border-box; font-size: 20px; text-size-adjust: auto;\" \/><br style=\"box-sizing: border-box; font-size: 20px; text-size-adjust: auto;\" \/><span style=\"text-size-adjust: auto; background-color: rgb(255, 255, 255);\">Dos recientes estudios del Banco Mundial<span class=\"Apple-converted-space\">&nbsp;<\/span><\/span><span style=\"text-size-adjust: auto; background-color: rgb(255, 255, 255);\">nos ayudan con esa tarea. Recopilan datos globales y algunos nuevos conocimientos. Seg\u00fan el informe &ldquo;Perspectivas econ\u00f3micas mundiales&rdquo;, el sector informal representa el 70% de la fuerza laboral en las econom\u00edas emergentes y en desarrollo, y un tercio de su PBI.<\/span><span style=\"text-size-adjust: auto; background-color: rgb(255, 255, 255);\">&nbsp;El sector informal en el Per\u00fa representa solo el 18% del PBI y m\u00e1s del 70% de la fuerza laboral. Esas cifras confirman la muy baja productividad de la econom\u00eda informal.<span class=\"Apple-converted-space\">&nbsp;<\/span><\/span><br style=\"box-sizing: border-box; font-size: 20px; text-size-adjust: auto;\" \/><br style=\"box-sizing: border-box; font-size: 20px; text-size-adjust: auto;\" \/><span style=\"text-size-adjust: auto; background-color: rgb(255, 255, 255);\">Otros indicadores relacionados a la alta informalidad son menor crecimiento, m\u00e1s pobreza y mayor desigualdad. La diferencia salarial entre el sector formal e informal es del 19% a escala global, y favorece al trabajador formal. El Banco Mundial&nbsp;<\/span><span style=\"text-size-adjust: auto; background-color: rgb(255, 255, 255);\">indica que esta brecha salarial es especialmente grande en Am\u00e9rica Latina.&nbsp;<\/span><span style=\"text-size-adjust: auto; background-color: rgb(255, 255, 255);\">Es m\u00e1s, la productividad de la empresa informal es una cuarta parte de la formal. Y, comparado a las compa\u00f1\u00edas formales que no compiten con empresas informales, las formales que s\u00ed compiten con ellas son 24% menos productivas.<\/span><br style=\"box-sizing: border-box; font-size: 20px; text-size-adjust: auto;\" \/><br style=\"box-sizing: border-box; font-size: 20px; text-size-adjust: auto;\" \/><span style=\"text-size-adjust: auto; background-color: rgb(255, 255, 255);\">En promedio, la informalidad ha ca\u00eddo en los pa\u00edses en desarrollo desde 1990. Pero no todas las naciones lo han logrado a pesar de otros avances. El \u00faltimo &ldquo;Informe sobre el desarrollo mundial&rdquo; se\u00f1ala que desde 1999 la India,&nbsp;<\/span><span style=\"text-size-adjust: auto; background-color: rgb(255, 255, 255);\">por ejemplo, se ha vuelto una potencia nuclear, ha vivido un &lsquo;boom&rsquo; tecnol\u00f3gico y ha experimentado alto crecimiento, pero su sector informal sigue representando el 90% de la fuerza laboral. \u00daltimamente, ese indicador ha aumentado en el Per\u00fa<span class=\"Apple-converted-space\">&nbsp;<\/span><\/span><span style=\"text-size-adjust: auto; background-color: rgb(255, 255, 255);\">tambi\u00e9n.<span class=\"Apple-converted-space\">&nbsp;<\/span><\/span><br style=\"box-sizing: border-box; font-size: 20px; text-size-adjust: auto;\" \/><br style=\"box-sizing: border-box; font-size: 20px; text-size-adjust: auto;\" \/><span style=\"text-size-adjust: auto; background-color: rgb(255, 255, 255);\">La informalidad existe porque es muy costoso para buena parte de la poblaci\u00f3n cumplir con los requisitos legales necesarios para participar en la econom\u00eda formal. &iquest;Qu\u00e9 sugiere el Banco Mundial<span class=\"Apple-converted-space\">&nbsp;<\/span><\/span><span style=\"text-size-adjust: auto; background-color: rgb(255, 255, 255);\">para enfrentar este sistema de apartheid legal y qu\u00e9 tiene que ver con la corrupci\u00f3n y el mercado laboral? En pocas palabras, recomienda reducir la sobrerregulaci\u00f3n<span class=\"Apple-converted-space\">&nbsp;<\/span><\/span><span style=\"text-size-adjust: auto; background-color: rgb(255, 255, 255);\">y los altos impuestos que elevan costos y empujan a la gente al sector informal.<\/span><br style=\"box-sizing: border-box; font-size: 20px; text-size-adjust: auto;\" \/><br style=\"box-sizing: border-box; font-size: 20px; text-size-adjust: auto;\" \/><span style=\"text-size-adjust: auto; background-color: rgb(255, 255, 255);\">En particular, el Banco Mundial<\/span><b style=\"box-sizing: border-box; font-size: 20px; text-size-adjust: auto;\"><span class=\"Apple-converted-space\">&nbsp;<\/span><\/b><span style=\"text-size-adjust: auto; background-color: rgb(255, 255, 255);\">aconseja bajar las tasas impositivas y simplificar los sistemas tributarios. Se\u00f1ala que en Am\u00e9rica Latina las tasas son altas comparadas al resto del mundo y contribuyen a la informalidad. Recomienda flexibilizar el mercado laboral al reducir los salarios m\u00ednimos y las barreras regulatorias para contratar y despedir a los trabajadores. Cita numerosos casos en que se ha reducido la informalidad a trav\u00e9s de este tipo de reformas y cita mejoras institucionales tales como el fortalecimiento del sistema legal y menor corrupci\u00f3n.<\/span><br style=\"box-sizing: border-box; font-size: 20px; text-size-adjust: auto;\" \/><br style=\"box-sizing: border-box; font-size: 20px; text-size-adjust: auto;\" \/><span style=\"text-size-adjust: auto; background-color: rgb(255, 255, 255);\">Cuando la Rep\u00fablica de Georgia<\/span><span style=\"text-size-adjust: auto; background-color: rgb(255, 255, 255);\">, por ejemplo, hizo reformas de mercado, redujo su sector informal y result\u00f3 en &ldquo;mejoras significativas&rdquo; en cuanto al Estado de derecho y la reducci\u00f3n de la corrupci\u00f3n. Dado que la evidencia muestra que a m\u00e1s libertad econ\u00f3mica hay menos corrupci\u00f3n y menos informalidad, eso \u00faltimo no debe sorprender.<\/span><br style=\"box-sizing: border-box; font-size: 20px; text-size-adjust: auto;\" \/><br style=\"box-sizing: border-box; font-size: 20px; text-size-adjust: auto;\" \/><span style=\"text-size-adjust: auto; background-color: rgb(255, 255, 255);\">Pero, como bien lo demuestra Am\u00e9rica Latina,&nbsp;si no se reforman ciertas pol\u00edticas, la informalidad y el atraso institucional que representan estar\u00e1n para quedarse. La regi\u00f3n tiene uno de los m\u00e1s r\u00edgidos mercados laborales del mundo. Flexibilizar el sistema laboral es, quiz\u00e1s, la reforma m\u00e1s importante que puede hacer el Per\u00fa y la regi\u00f3n para reducir la informalidad, incrementar la productividad y combatir una fuente estatal m\u00e1s de desigualdad.<\/span><\/span><\/span><\/p>\n<div>&nbsp;<\/div>\n<div><span style=\"font-size:12px;\"><span style=\"font-family:verdana,geneva,sans-serif;\">Extra\u00eddo de <a href=\"https:\/\/elcomercio.pe\/opinion\/mirada-de-fondo\/formalicemos-ian-vasquez-noticia-597537\">elcomercio.pe<\/a><\/span><\/span><\/div>\n<\/div>\n<\/div>\n<p>&nbsp;<\/p>\n<div class=\"pvc_clear\"><\/div>\n<p class=\"pvc_stats all \" data-element-id=\"18430\" style=\"\"><i class=\"pvc-stats-icon medium\" aria-hidden=\"true\"><svg aria-hidden=\"true\" focusable=\"false\" data-prefix=\"far\" data-icon=\"chart-bar\" role=\"img\" xmlns=\"http:\/\/www.w3.org\/2000\/svg\" viewBox=\"0 0 512 512\" class=\"svg-inline--fa fa-chart-bar fa-w-16 fa-2x\"><path fill=\"currentColor\" d=\"M396.8 352h22.4c6.4 0 12.8-6.4 12.8-12.8V108.8c0-6.4-6.4-12.8-12.8-12.8h-22.4c-6.4 0-12.8 6.4-12.8 12.8v230.4c0 6.4 6.4 12.8 12.8 12.8zm-192 0h22.4c6.4 0 12.8-6.4 12.8-12.8V140.8c0-6.4-6.4-12.8-12.8-12.8h-22.4c-6.4 0-12.8 6.4-12.8 12.8v198.4c0 6.4 6.4 12.8 12.8 12.8zm96 0h22.4c6.4 0 12.8-6.4 12.8-12.8V204.8c0-6.4-6.4-12.8-12.8-12.8h-22.4c-6.4 0-12.8 6.4-12.8 12.8v134.4c0 6.4 6.4 12.8 12.8 12.8zM496 400H48V80c0-8.84-7.16-16-16-16H16C7.16 64 0 71.16 0 80v336c0 17.67 14.33 32 32 32h464c8.84 0 16-7.16 16-16v-16c0-8.84-7.16-16-16-16zm-387.2-48h22.4c6.4 0 12.8-6.4 12.8-12.8v-70.4c0-6.4-6.4-12.8-12.8-12.8h-22.4c-6.4 0-12.8 6.4-12.8 12.8v70.4c0 6.4 6.4 12.8 12.8 12.8z\" class=\"\"><\/path><\/svg><\/i> Vistas Totales&nbsp;1,012&nbsp;, Vistas Hoy&nbsp;2&nbsp;<\/p>\n<div class=\"pvc_clear\"><\/div>\n","protected":false},"excerpt":{"rendered":"<p>Autor: Ian V\u00e1squez &nbsp; Fecha: 15 de enero del 2019 &nbsp; Por&nbsp;Ian V\u00e1squez Ahora que la corrupci\u00f3n&nbsp;se ha vuelto el problema que m\u00e1s preocupa a los peruanos y en un momento en que se ha planteado reformar el sistema laboral, es oportuno repasar c\u00f3mo esos temas se relacionan con el enorme tama\u00f1o de la econom\u00eda&#8230;<\/p>\n<div class=\"pvc_clear\"><\/div>\n<p class=\"pvc_stats all \" data-element-id=\"18430\" style=\"\"><i class=\"pvc-stats-icon medium\" aria-hidden=\"true\"><svg aria-hidden=\"true\" focusable=\"false\" data-prefix=\"far\" data-icon=\"chart-bar\" role=\"img\" xmlns=\"http:\/\/www.w3.org\/2000\/svg\" viewBox=\"0 0 512 512\" class=\"svg-inline--fa fa-chart-bar fa-w-16 fa-2x\"><path fill=\"currentColor\" d=\"M396.8 352h22.4c6.4 0 12.8-6.4 12.8-12.8V108.8c0-6.4-6.4-12.8-12.8-12.8h-22.4c-6.4 0-12.8 6.4-12.8 12.8v230.4c0 6.4 6.4 12.8 12.8 12.8zm-192 0h22.4c6.4 0 12.8-6.4 12.8-12.8V140.8c0-6.4-6.4-12.8-12.8-12.8h-22.4c-6.4 0-12.8 6.4-12.8 12.8v198.4c0 6.4 6.4 12.8 12.8 12.8zm96 0h22.4c6.4 0 12.8-6.4 12.8-12.8V204.8c0-6.4-6.4-12.8-12.8-12.8h-22.4c-6.4 0-12.8 6.4-12.8 12.8v134.4c0 6.4 6.4 12.8 12.8 12.8zM496 400H48V80c0-8.84-7.16-16-16-16H16C7.16 64 0 71.16 0 80v336c0 17.67 14.33 32 32 32h464c8.84 0 16-7.16 16-16v-16c0-8.84-7.16-16-16-16zm-387.2-48h22.4c6.4 0 12.8-6.4 12.8-12.8v-70.4c0-6.4-6.4-12.8-12.8-12.8h-22.4c-6.4 0-12.8 6.4-12.8 12.8v70.4c0 6.4 6.4 12.8 12.8 12.8z\" class=\"\"><\/path><\/svg><\/i> Vistas Totales&nbsp;1,012&nbsp;, Vistas Hoy&nbsp;2&nbsp;<\/p>\n<div class=\"pvc_clear\"><\/div>\n","protected":false},"author":2,"featured_media":0,"comment_status":"closed","ping_status":"closed","sticky":false,"template":"","format":"standard","meta":{"footnotes":""},"categories":[22],"tags":[],"class_list":["post-18430","post","type-post","status-publish","format-standard","hentry","category-articulos"],"yoast_head":"<!-- This site is optimized with the Yoast SEO plugin v25.2 - https:\/\/yoast.com\/wordpress\/plugins\/seo\/ -->\n<title>\u00a1Formalicemos, ya! | CREES<\/title>\n<meta name=\"robots\" content=\"index, follow, max-snippet:-1, max-image-preview:large, max-video-preview:-1\" \/>\n<link rel=\"canonical\" href=\"https:\/\/crees.org.do\/?p=18430\" \/>\n<meta property=\"og:locale\" content=\"es_ES\" \/>\n<meta property=\"og:type\" content=\"article\" \/>\n<meta property=\"og:title\" content=\"\u00a1Formalicemos, ya! | CREES\" \/>\n<meta property=\"og:description\" content=\"Autor: Ian V\u00e1squez &nbsp; Fecha: 15 de enero del 2019 &nbsp; Por&nbsp;Ian V\u00e1squez Ahora que la corrupci\u00f3n&nbsp;se ha vuelto el problema que m\u00e1s preocupa a los peruanos y en un momento en que se ha planteado reformar el sistema laboral, es oportuno repasar c\u00f3mo esos temas se relacionan con el enorme tama\u00f1o de la econom\u00eda...\" \/>\n<meta property=\"og:url\" content=\"https:\/\/crees.org.do\/?p=18430\" \/>\n<meta property=\"og:site_name\" content=\"CREES\" \/>\n<meta property=\"article:publisher\" content=\"https:\/\/www.facebook.com\/CREESRD\/\" \/>\n<meta property=\"article:published_time\" content=\"2019-02-26T19:53:56+00:00\" \/>\n<meta property=\"article:modified_time\" content=\"2021-08-10T01:42:12+00:00\" \/>\n<meta property=\"og:image\" content=\"https:\/\/crees.org.do\/wp-content\/uploads\/2022\/03\/crees-logo-1.jpg\" \/>\n\t<meta property=\"og:image:width\" content=\"244\" \/>\n\t<meta property=\"og:image:height\" content=\"71\" \/>\n\t<meta property=\"og:image:type\" content=\"image\/jpeg\" \/>\n<meta name=\"author\" content=\"Crees\" \/>\n<meta name=\"twitter:card\" content=\"summary_large_image\" \/>\n<meta name=\"twitter:creator\" content=\"@CREESRD\" \/>\n<meta name=\"twitter:site\" content=\"@CREESRD\" \/>\n<meta name=\"twitter:label1\" content=\"Escrito por\" \/>\n\t<meta name=\"twitter:data1\" content=\"Crees\" \/>\n\t<meta name=\"twitter:label2\" content=\"Tiempo de lectura\" \/>\n\t<meta name=\"twitter:data2\" content=\"3 minutos\" \/>\n<script type=\"application\/ld+json\" class=\"yoast-schema-graph\">{\"@context\":\"https:\/\/schema.org\",\"@graph\":[{\"@type\":\"Article\",\"@id\":\"https:\/\/crees.org.do\/?p=18430#article\",\"isPartOf\":{\"@id\":\"https:\/\/crees.org.do\/?p=18430\"},\"author\":{\"name\":\"Crees\",\"@id\":\"https:\/\/crees.org.do\/#\/schema\/person\/e7f97cd94d7bf9cd0e0ce30acb7d56b8\"},\"headline\":\"\u00a1Formalicemos, ya!\",\"datePublished\":\"2019-02-26T19:53:56+00:00\",\"dateModified\":\"2021-08-10T01:42:12+00:00\",\"mainEntityOfPage\":{\"@id\":\"https:\/\/crees.org.do\/?p=18430\"},\"wordCount\":671,\"publisher\":{\"@id\":\"https:\/\/crees.org.do\/#organization\"},\"articleSection\":[\"Art\u00edculos\"],\"inLanguage\":\"es\"},{\"@type\":\"WebPage\",\"@id\":\"https:\/\/crees.org.do\/?p=18430\",\"url\":\"https:\/\/crees.org.do\/?p=18430\",\"name\":\"\u00a1Formalicemos, ya! | CREES\",\"isPartOf\":{\"@id\":\"https:\/\/crees.org.do\/#website\"},\"datePublished\":\"2019-02-26T19:53:56+00:00\",\"dateModified\":\"2021-08-10T01:42:12+00:00\",\"breadcrumb\":{\"@id\":\"https:\/\/crees.org.do\/?p=18430#breadcrumb\"},\"inLanguage\":\"es\",\"potentialAction\":[{\"@type\":\"ReadAction\",\"target\":[\"https:\/\/crees.org.do\/?p=18430\"]}]},{\"@type\":\"BreadcrumbList\",\"@id\":\"https:\/\/crees.org.do\/?p=18430#breadcrumb\",\"itemListElement\":[{\"@type\":\"ListItem\",\"position\":1,\"name\":\"Portada\",\"item\":\"https:\/\/crees.org.do\/\"},{\"@type\":\"ListItem\",\"position\":2,\"name\":\"\u00a1Formalicemos, ya!\"}]},{\"@type\":\"WebSite\",\"@id\":\"https:\/\/crees.org.do\/#website\",\"url\":\"https:\/\/crees.org.do\/\",\"name\":\"CREES\",\"description\":\"Centro Regional de Estrategias Econ\u00f3micas Sostenibles\",\"publisher\":{\"@id\":\"https:\/\/crees.org.do\/#organization\"},\"potentialAction\":[{\"@type\":\"SearchAction\",\"target\":{\"@type\":\"EntryPoint\",\"urlTemplate\":\"https:\/\/crees.org.do\/?s={search_term_string}\"},\"query-input\":{\"@type\":\"PropertyValueSpecification\",\"valueRequired\":true,\"valueName\":\"search_term_string\"}}],\"inLanguage\":\"es\"},{\"@type\":\"Organization\",\"@id\":\"https:\/\/crees.org.do\/#organization\",\"name\":\"CREES | Centro Regional de Estrategias Econ\u00f3micas Sostenibles\",\"url\":\"https:\/\/crees.org.do\/\",\"logo\":{\"@type\":\"ImageObject\",\"inLanguage\":\"es\",\"@id\":\"https:\/\/crees.org.do\/#\/schema\/logo\/image\/\",\"url\":\"https:\/\/crees.org.do\/wp-content\/uploads\/2022\/03\/crees-logo-1.jpg\",\"contentUrl\":\"https:\/\/crees.org.do\/wp-content\/uploads\/2022\/03\/crees-logo-1.jpg\",\"width\":244,\"height\":71,\"caption\":\"CREES | Centro Regional de Estrategias Econ\u00f3micas Sostenibles\"},\"image\":{\"@id\":\"https:\/\/crees.org.do\/#\/schema\/logo\/image\/\"},\"sameAs\":[\"https:\/\/www.facebook.com\/CREESRD\/\",\"https:\/\/x.com\/CREESRD\"]},{\"@type\":\"Person\",\"@id\":\"https:\/\/crees.org.do\/#\/schema\/person\/e7f97cd94d7bf9cd0e0ce30acb7d56b8\",\"name\":\"Crees\",\"image\":{\"@type\":\"ImageObject\",\"inLanguage\":\"es\",\"@id\":\"https:\/\/crees.org.do\/#\/schema\/person\/image\/\",\"url\":\"https:\/\/secure.gravatar.com\/avatar\/390ac8f0be5d9aa046152553e2dd7011b59a512d89c150f5e5f28bb8d9a0b165?s=96&d=mm&r=g\",\"contentUrl\":\"https:\/\/secure.gravatar.com\/avatar\/390ac8f0be5d9aa046152553e2dd7011b59a512d89c150f5e5f28bb8d9a0b165?s=96&d=mm&r=g\",\"caption\":\"Crees\"},\"url\":\"https:\/\/crees.org.do\/?author=2\"}]}<\/script>\n<!-- \/ Yoast SEO plugin. -->","yoast_head_json":{"title":"\u00a1Formalicemos, ya! | CREES","robots":{"index":"index","follow":"follow","max-snippet":"max-snippet:-1","max-image-preview":"max-image-preview:large","max-video-preview":"max-video-preview:-1"},"canonical":"https:\/\/crees.org.do\/?p=18430","og_locale":"es_ES","og_type":"article","og_title":"\u00a1Formalicemos, ya! | CREES","og_description":"Autor: Ian V\u00e1squez &nbsp; Fecha: 15 de enero del 2019 &nbsp; Por&nbsp;Ian V\u00e1squez Ahora que la corrupci\u00f3n&nbsp;se ha vuelto el problema que m\u00e1s preocupa a los peruanos y en un momento en que se ha planteado reformar el sistema laboral, es oportuno repasar c\u00f3mo esos temas se relacionan con el enorme tama\u00f1o de la econom\u00eda...","og_url":"https:\/\/crees.org.do\/?p=18430","og_site_name":"CREES","article_publisher":"https:\/\/www.facebook.com\/CREESRD\/","article_published_time":"2019-02-26T19:53:56+00:00","article_modified_time":"2021-08-10T01:42:12+00:00","og_image":[{"width":244,"height":71,"url":"https:\/\/crees.org.do\/wp-content\/uploads\/2022\/03\/crees-logo-1.jpg","type":"image\/jpeg"}],"author":"Crees","twitter_card":"summary_large_image","twitter_creator":"@CREESRD","twitter_site":"@CREESRD","twitter_misc":{"Escrito por":"Crees","Tiempo de lectura":"3 minutos"},"schema":{"@context":"https:\/\/schema.org","@graph":[{"@type":"Article","@id":"https:\/\/crees.org.do\/?p=18430#article","isPartOf":{"@id":"https:\/\/crees.org.do\/?p=18430"},"author":{"name":"Crees","@id":"https:\/\/crees.org.do\/#\/schema\/person\/e7f97cd94d7bf9cd0e0ce30acb7d56b8"},"headline":"\u00a1Formalicemos, ya!","datePublished":"2019-02-26T19:53:56+00:00","dateModified":"2021-08-10T01:42:12+00:00","mainEntityOfPage":{"@id":"https:\/\/crees.org.do\/?p=18430"},"wordCount":671,"publisher":{"@id":"https:\/\/crees.org.do\/#organization"},"articleSection":["Art\u00edculos"],"inLanguage":"es"},{"@type":"WebPage","@id":"https:\/\/crees.org.do\/?p=18430","url":"https:\/\/crees.org.do\/?p=18430","name":"\u00a1Formalicemos, ya! | CREES","isPartOf":{"@id":"https:\/\/crees.org.do\/#website"},"datePublished":"2019-02-26T19:53:56+00:00","dateModified":"2021-08-10T01:42:12+00:00","breadcrumb":{"@id":"https:\/\/crees.org.do\/?p=18430#breadcrumb"},"inLanguage":"es","potentialAction":[{"@type":"ReadAction","target":["https:\/\/crees.org.do\/?p=18430"]}]},{"@type":"BreadcrumbList","@id":"https:\/\/crees.org.do\/?p=18430#breadcrumb","itemListElement":[{"@type":"ListItem","position":1,"name":"Portada","item":"https:\/\/crees.org.do\/"},{"@type":"ListItem","position":2,"name":"\u00a1Formalicemos, ya!"}]},{"@type":"WebSite","@id":"https:\/\/crees.org.do\/#website","url":"https:\/\/crees.org.do\/","name":"CREES","description":"Centro Regional de Estrategias Econ\u00f3micas Sostenibles","publisher":{"@id":"https:\/\/crees.org.do\/#organization"},"potentialAction":[{"@type":"SearchAction","target":{"@type":"EntryPoint","urlTemplate":"https:\/\/crees.org.do\/?s={search_term_string}"},"query-input":{"@type":"PropertyValueSpecification","valueRequired":true,"valueName":"search_term_string"}}],"inLanguage":"es"},{"@type":"Organization","@id":"https:\/\/crees.org.do\/#organization","name":"CREES | Centro Regional de Estrategias Econ\u00f3micas Sostenibles","url":"https:\/\/crees.org.do\/","logo":{"@type":"ImageObject","inLanguage":"es","@id":"https:\/\/crees.org.do\/#\/schema\/logo\/image\/","url":"https:\/\/crees.org.do\/wp-content\/uploads\/2022\/03\/crees-logo-1.jpg","contentUrl":"https:\/\/crees.org.do\/wp-content\/uploads\/2022\/03\/crees-logo-1.jpg","width":244,"height":71,"caption":"CREES | Centro Regional de Estrategias Econ\u00f3micas Sostenibles"},"image":{"@id":"https:\/\/crees.org.do\/#\/schema\/logo\/image\/"},"sameAs":["https:\/\/www.facebook.com\/CREESRD\/","https:\/\/x.com\/CREESRD"]},{"@type":"Person","@id":"https:\/\/crees.org.do\/#\/schema\/person\/e7f97cd94d7bf9cd0e0ce30acb7d56b8","name":"Crees","image":{"@type":"ImageObject","inLanguage":"es","@id":"https:\/\/crees.org.do\/#\/schema\/person\/image\/","url":"https:\/\/secure.gravatar.com\/avatar\/390ac8f0be5d9aa046152553e2dd7011b59a512d89c150f5e5f28bb8d9a0b165?s=96&d=mm&r=g","contentUrl":"https:\/\/secure.gravatar.com\/avatar\/390ac8f0be5d9aa046152553e2dd7011b59a512d89c150f5e5f28bb8d9a0b165?s=96&d=mm&r=g","caption":"Crees"},"url":"https:\/\/crees.org.do\/?author=2"}]}},"_links":{"self":[{"href":"https:\/\/crees.org.do\/index.php?rest_route=\/wp\/v2\/posts\/18430","targetHints":{"allow":["GET"]}}],"collection":[{"href":"https:\/\/crees.org.do\/index.php?rest_route=\/wp\/v2\/posts"}],"about":[{"href":"https:\/\/crees.org.do\/index.php?rest_route=\/wp\/v2\/types\/post"}],"author":[{"embeddable":true,"href":"https:\/\/crees.org.do\/index.php?rest_route=\/wp\/v2\/users\/2"}],"replies":[{"embeddable":true,"href":"https:\/\/crees.org.do\/index.php?rest_route=%2Fwp%2Fv2%2Fcomments&post=18430"}],"version-history":[{"count":1,"href":"https:\/\/crees.org.do\/index.php?rest_route=\/wp\/v2\/posts\/18430\/revisions"}],"predecessor-version":[{"id":18543,"href":"https:\/\/crees.org.do\/index.php?rest_route=\/wp\/v2\/posts\/18430\/revisions\/18543"}],"wp:attachment":[{"href":"https:\/\/crees.org.do\/index.php?rest_route=%2Fwp%2Fv2%2Fmedia&parent=18430"}],"wp:term":[{"taxonomy":"category","embeddable":true,"href":"https:\/\/crees.org.do\/index.php?rest_route=%2Fwp%2Fv2%2Fcategories&post=18430"},{"taxonomy":"post_tag","embeddable":true,"href":"https:\/\/crees.org.do\/index.php?rest_route=%2Fwp%2Fv2%2Ftags&post=18430"}],"curies":[{"name":"wp","href":"https:\/\/api.w.org\/{rel}","templated":true}]}}