{"id":18432,"date":"2019-03-14T19:53:56","date_gmt":"2019-03-14T19:53:56","guid":{"rendered":"https:\/\/crees.org.do\/se-requieren-reformas-estructurales-para-mas-y-mejores-empleos\/"},"modified":"2021-08-10T01:39:47","modified_gmt":"2021-08-10T01:39:47","slug":"se-requieren-reformas-estructurales-para-mas-y-mejores-empleos","status":"publish","type":"post","link":"https:\/\/crees.org.do\/?p=18432","title":{"rendered":"Se requieren reformas estructurales para m\u00e1s y mejores empleos"},"content":{"rendered":"<p style=\"text-align: justify;\"><span style=\"font-size: 12px;\"><span style=\"font-family: verdana,geneva,sans-serif;\">Recientemente iniciaron las discusiones en el seno del Comit\u00e9 Nacional de Salarios en Rep\u00fablica Dominicana. De acuerdo con la legislaci\u00f3n dominicana, el Comit\u00e9 Nacional de Salarios debe de revisar, de oficio, los diferentes salarios m\u00ednimos existentes en el pa\u00eds por lo menos una vez cada dos a\u00f1os. Son 11 salarios m\u00ednimos que por ley deben ser revisados. Ocho de estos salarios corresponden a sectores espec\u00edficos, y tres de ellos son no sectorizados.\u00a0<\/span><\/span><\/p>\n<p style=\"text-align: justify;\"><span style=\"font-size: 12px;\"><span style=\"font-family: verdana,geneva,sans-serif;\">Existen mucha preocupaci\u00f3n por los salarios de los trabajadores dominicanos, y deseos de que sean superiores. Compartimos el inter\u00e9s de que los salarios que perciben los trabajadores dominicanos sean mayores a los prevalecientes; pero nos preocupa que no se est\u00e9n implementando acciones para que la forma de lograrlo sea sostenible, y que no distorsione la econom\u00eda.\u00a0<\/span><\/span><\/p>\n<p style=\"text-align: justify;\"><span style=\"font-size: 12px;\"><span style=\"font-family: verdana,geneva,sans-serif;\">Las leyes de salario m\u00ednimo no determinan la prosperidad de los habitantes de un territorio, como lo demuestra el hecho de que, en Suecia, Dinamarca, Noruega, Suiza, Finlandia, Islandia, Italia, Austria, y muchos otros pa\u00edses en el mundo, no existen salarios m\u00ednimos fijados por ley. En los pa\u00edses mencionados el salario promedio de los ciudadanos es superior al prevaleciente en Rep\u00fablica Dominicana, como tambi\u00e9n es superior al prevaleciente en el resto de los pa\u00edses europeos<a title=\"\" href=\"applewebdata:\/\/5CA17224-FFAB-47C0-9CE7-B42F1086A416#_ftn1\" name=\"_ftnref1\">[1]<\/a>.<\/span><\/span><\/p>\n<p style=\"text-align: justify;\"><span style=\"font-size: 12px;\"><span style=\"font-family: verdana,geneva,sans-serif;\">Los niveles salariales del pa\u00eds est\u00e1n limitados por la productividad, el clima de inversi\u00f3n y los elementos que promueven la informalidad laboral. Sin reformas enfocadas en esos temas, los salarios seguir\u00e1n siendo inferiores a los que aspiran los ciudadanos, y las condiciones laborales generales tampoco ser\u00e1n las \u00f3ptimas.<\/span><\/span><\/p>\n<p style=\"text-align: justify;\">\n<p style=\"text-align: justify;\"><span style=\"font-size: 12px;\"><span style=\"font-family: verdana,geneva,sans-serif;\"><strong>Distorsiones causadas por los salarios m\u00ednimos<\/strong><\/span><\/span><\/p>\n<p style=\"text-align: justify;\"><span style=\"font-size: 12px;\"><span style=\"font-family: verdana,geneva,sans-serif;\">Cuandose incrementan los salarios de forma artificial y de manera sistem\u00e1tica, las personas son forzadas a alterar su comportamiento, produci\u00e9ndose ajustes espont\u00e1neos dentro de los procesos econ\u00f3micos. El mecanismo puede resumirse de la siguiente forma<a title=\"\" href=\"applewebdata:\/\/D4F5D1B6-5A71-40D1-B65B-1ED43DCB4341#_ftn1\" name=\"_ftnref1\">[2]<\/a>:<\/span><\/span><\/p>\n<p style=\"text-align: justify;\">\n<p style=\"text-align: justify;\"><span style=\"font-size: 12px;\"><span style=\"font-family: verdana,geneva,sans-serif;\">\u00b7\u00a0\u00a0\u00a0\u00a0\u00a0 Los desempleados menos productivos de la econom\u00eda encuentran menos trabajos formales, aumentando los niveles de desempleo y de empleo informal;<\/span><\/span><\/p>\n<p style=\"text-align: justify;\"><span style=\"font-size: 12px;\"><span style=\"font-family: verdana,geneva,sans-serif;\">\u00b7\u00a0\u00a0\u00a0\u00a0\u00a0 Las empresas con menos capacidad para cubrir sus costos laborales optan por la informalidad o limitan su crecimiento;<\/span><\/span><\/p>\n<p style=\"text-align: justify;\"><span style=\"font-size: 12px;\"><span style=\"font-family: verdana,geneva,sans-serif;\">\u00b7\u00a0\u00a0\u00a0\u00a0\u00a0 Aquellas empresas que operan en la legalidad experimentan costos laborales mayores al tener que pagar m\u00e1s por unidad producida, y se ven precisadas a pasar una parte de estos costos a sus consumidores en la forma de precios m\u00e1s altos;<\/span><\/span><\/p>\n<p style=\"text-align: justify;\"><span style=\"font-size: 12px;\"><span style=\"font-family: verdana,geneva,sans-serif;\">\u00b7\u00a0\u00a0\u00a0\u00a0\u00a0 Precios m\u00e1s elevados en los bienes y servicios de las empresas legales ocasionan que la demanda de bienes finales e intermedios sea inferior al nivel que prevalecer\u00eda sin distorsiones en los salarios;<\/span><\/span><\/p>\n<p style=\"text-align: justify;\"><span style=\"font-size: 12px;\"><span style=\"font-family: verdana,geneva,sans-serif;\">\u00b7\u00a0\u00a0\u00a0\u00a0\u00a0 Los mismos incrementos de costos contribuye a diluir el incremento salarial artificial;\u00a0<\/span><\/span><\/p>\n<p style=\"text-align: justify;\"><span style=\"font-size: 12px;\"><span style=\"font-family: verdana,geneva,sans-serif;\">\u00b7\u00a0\u00a0\u00a0\u00a0\u00a0 En el tiempo, cuando se somete a la econom\u00eda a estas distorsiones de forma sostenida, los efectos se convierten en estructurales, afectando permanentemente los niveles de costos, los precios, y las tasas de informalidad y de desempleo.<\/span><\/span><\/p>\n<p style=\"text-align: justify;\">\n<p style=\"text-align: justify;\"><span style=\"font-size: 12px;\"><span style=\"font-family: verdana,geneva,sans-serif;\"><strong>Factores que inciden sobre los salarios<\/strong><\/span><\/span><\/p>\n<p style=\"text-align: justify;\"><span style=\"font-size: 12px;\"><span style=\"font-family: verdana,geneva,sans-serif;\">El aumento de los ingresos de los ciudadanos es el medio para garantizar, de manera sostenida, la reducci\u00f3n de la pobreza. Sin embargo, las legislaciones de salarios m\u00ednimos no son pol\u00edticas dirigidas a modificar los fundamentos que inciden sobre los salarios, y representan incrementos artificiales al no estar sustentados en transformaciones reales de aquellos factores que inciden sobre los salarios. Pol\u00edticas p\u00fablicas enfocadas a mejorar los fundamentos de la econom\u00eda son necesarias para propiciar la formaci\u00f3n de salarios m\u00e1s altos sin crear distorsiones en los costos de la econom\u00eda, y en la misma estructura del mercado laboral.<\/span><\/span><\/p>\n<p style=\"text-align: justify;\"><span style=\"font-size: 12px;\"><span style=\"font-family: verdana,geneva,sans-serif;\">\u00bfC\u00f3mo se forman los salarios? Los salarios resultan a partir de los acuerdos voluntarios y libres entre empleados y trabajadores. Los trabajadores aportan valor en los procesos productivos en los que son empleados. Mientras mayor es ese valor, o contribuci\u00f3n a la rentabilidad de los procesos productivos, el salario tiende a ser m\u00e1s alto.\u00a0<\/span><\/span><\/p>\n<p style=\"text-align: justify;\"><span style=\"font-size: 12px;\"><span style=\"font-family: verdana,geneva,sans-serif;\">La forma de relacionar el impacto de los trabajadores sobre los procesos productivos es mediante el concepto de productividad.\u00a0\u00a0La productividad se refiere al valor de las unidades producidas por cada trabajador. En consecuencia, el salario est\u00e1 relacionado con la contribuci\u00f3n de cada trabajador en particular dentro de los diferentes procesos productivos.\u00a0<\/span><\/span><\/p>\n<p style=\"text-align: justify;\"><span style=\"font-size: 12px;\"><span style=\"font-family: verdana,geneva,sans-serif;\">El trabajo de cada persona es valorado de acuerdo a c\u00f3mo puede agregar valor a la sociedad contribuyendo a satisfacer a los consumidores. Salarios m\u00ednimos superiores al valor que asignan los consumidores a la producci\u00f3n provocan las distorsiones explicadas anteriormente. En \u00faltima instancia, son los consumidores\u00a0<\/span><\/span><\/p>\n<p style=\"text-align: justify;\"><span style=\"font-size: 12px;\"><span style=\"font-family: verdana,geneva,sans-serif;\">soberanos quienes determinan si los empresarios, y los trabajadores contratados por estos, deben de ganar m\u00e1s dinero. As\u00ed es como funcionan los procesos de mercado cuando no son distorsionados.<\/span><\/span><\/p>\n<p style=\"text-align: justify;\"><span style=\"font-size: 12px;\"><span style=\"font-family: verdana,geneva,sans-serif;\">Con relaci\u00f3n a la productividad de los trabajadores, es preciso tener en cuenta que existen diferentes factores que inciden sobre la misma. Algunos factores son espec\u00edficos de las empresas, y otros generales, que afectan a la econom\u00eda como un todo. Entre estos factores, se encuentran:<\/span><\/span><\/p>\n<p style=\"text-align: justify;\"><span style=\"font-size: 12px;\"><span style=\"font-family: verdana,geneva,sans-serif;\">\u00b7\u00a0\u00a0\u00a0\u00a0\u00a0Las habilidades adquiridas por experiencia, entrenamiento y educaci\u00f3n;<\/span><\/span><\/p>\n<p style=\"text-align: justify;\"><span style=\"font-size: 12px;\"><span style=\"font-family: verdana,geneva,sans-serif;\">\u00b7\u00a0\u00a0\u00a0\u00a0\u00a0La tecnolog\u00eda y herramientas disponibles en el trabajo, que dependen de las inversiones de capital que pueden realizar los emprendedores;<\/span><\/span><\/p>\n<p style=\"text-align: justify;\"><span style=\"font-size: 12px;\"><span style=\"font-family: verdana,geneva,sans-serif;\">\u00b7\u00a0\u00a0\u00a0\u00a0\u00a0Las estrategias, procesos organizativos y pol\u00edticas de las empresas;<\/span><\/span><\/p>\n<p style=\"text-align: justify;\"><span style=\"font-size: 12px;\"><span style=\"font-family: verdana,geneva,sans-serif;\">\u00b7\u00a0\u00a0\u00a0\u00a0\u00a0Los costos que prevalecen en la econom\u00eda e inciden sobre la rentabilidad de los procesos productivos, tales como electricidad, transporte, insumos, combustibles, entre otros; y<\/span><\/span><\/p>\n<p style=\"text-align: justify;\"><span style=\"font-size: 12px;\"><span style=\"font-family: verdana,geneva,sans-serif;\">\u00b7\u00a0\u00a0\u00a0\u00a0\u00a0El ambiente institucional del pa\u00eds; como es el sistema tributario y la carga que representa su cumplimiento; las regulaciones y los costos que imponen las mismas, la eficiencia en la administraci\u00f3n de justicia, por ejemplo.<\/span><\/span><\/p>\n<p style=\"text-align: justify;\">\n<p style=\"text-align: justify;\"><span style=\"font-size: 12px;\"><span style=\"font-family: verdana,geneva,sans-serif;\">Los salarios tambi\u00e9n aumentan como resultado del incremento de la demanda de empleados. En la medida en la que se crean m\u00e1s procesos productivos con mayor capacidad de agregar valor a los consumidores, en esa forma se incrementa la disponibilidad de puestos laborales y la contrataci\u00f3n de empleados. En ese sentido, los elementos que afectan el clima de negocios, como son los costos y los factores institucionales, son esenciales para favorecer la creaci\u00f3n de mejores puestos de trabajo.\u00a0<\/span><\/span><\/p>\n<p style=\"text-align: justify;\"><span style=\"font-size: 12px;\"><span style=\"font-family: verdana,geneva,sans-serif;\">La estructura y caracter\u00edsticas mismas del mercado laboral tambi\u00e9n inciden sobre los salarios. La prevalencia de la informalidad en el mercado laboral no beneficia a los trabajadores. Los salarios m\u00ednimos contribuyen a elevar los costos de la econom\u00eda y a desincentivar la formalidad. Las legislaciones que encarecen hacer negocios formales se convierten en incentivos para la informalidad<a title=\"\" href=\"applewebdata:\/\/9D9C7E65-AFA0-49B5-A628-A8E53E11936B#_ftn1\" name=\"_ftnref1\">[3]<\/a>. Como muestra la Gr\u00e1fica No. 1, la informalidad laboral total en Rep\u00fablica Dominicana se mantiene por encima del 58%.<\/span><\/span><\/p>\n<p style=\"text-align: center;\"><img fetchpriority=\"high\" decoding=\"async\" class=\"alignnone size-full\" src=\"https:\/\/crees.org.do\/wp-content\/uploads\/2021\/07\/Screenshot-2019-02-26-14.22.30.png\" width=\"800\" height=\"591\" \/><\/p>\n<p style=\"text-align: center;\">\n<p style=\"text-align: justify;\"><span style=\"font-size: 12px;\"><span style=\"font-family: verdana,geneva,sans-serif;\">Como dato adicional, las estad\u00edsticas oficiales reportan que en el periodo enero-septiembre de 2018 se crearon 185,820 empleos m\u00e1s que en el mismo periodo de 2017. De estos empleos, el 61% fueron informales, esto es m\u00e1s de 112,000 empleos.<\/span><\/span><\/p>\n<p style=\"text-align: justify;\"><span style=\"font-size: 12px;\"><span style=\"font-family: verdana,geneva,sans-serif;\">De igual forma, decretar salarios superiores a los que se determinan en la econom\u00eda bajo las condiciones de productividad imperantes es una acci\u00f3n que no contribuye a mejorar los niveles de desempleo y subempleo. En otras palabras, los salarios artificialmente mayores encarecen la contrataci\u00f3n de trabajadores y no favorecen a mejorar los niveles de empleo, por lo menos de manera formal.\u00a0<\/span><\/span><\/p>\n<p style=\"text-align: justify;\"><span style=\"font-size: 12px;\"><span style=\"font-family: verdana,geneva,sans-serif;\">En Rep\u00fablica Dominicana la medida de desempleo y subempleo oficial se mantiene cercana al 16%. El \u00faltimo dato disponible, del tercer trimestre de 2018 presenta una cifra de 15.6%, como se aprecia en la Gr\u00e1fica No. 2. El promedio de 2018 con los datos disponibles es de 16.1%.<\/span><\/span><\/p>\n<div>\n<p style=\"text-align: center;\"><img decoding=\"async\" class=\"alignnone size-full\" src=\"https:\/\/crees.org.do\/wp-content\/uploads\/2021\/07\/Screenshot-2019-02-26-14.24.48.png\" width=\"800\" height=\"544\" \/><\/p>\n<p style=\"text-align: justify;\"><span style=\"font-size: 12px;\"><span style=\"font-family: verdana,geneva,sans-serif;\"><strong>Pol\u00edticas p\u00fablicas para mejorar los salarios<\/strong><\/span><\/span><\/p>\n<p style=\"text-align: justify;\"><span style=\"font-size: 12px;\"><span style=\"font-family: verdana,geneva,sans-serif;\">Para reducir la pobreza en Rep\u00fablica Dominicana, es necesario que existan m\u00e1s y mejore procesos productivos que creen mayor valor para los consumidores. Esta es la forma de que: 1) sean creados nuevos puestos de trabajo, y 2) de que los sueldos percibidos por los trabajadores sean superiores.\u00a0<\/span><\/span><\/p>\n<p style=\"text-align: justify;\"><span style=\"font-size: 12px;\"><span style=\"font-family: verdana,geneva,sans-serif;\">En Rep\u00fablica Dominicana es necesario poder contar con: 1) un clima de negocios m\u00e1s favorable a la inversi\u00f3n de capital; 2) una econom\u00eda que opere con menos costos; y 3) un mercado laboral con mayor formalidad, que no penalice a los empleados menos productivos.\u00a0<\/span><\/span><\/p>\n<p style=\"text-align: justify;\"><span style=\"font-size: 12px;\"><span style=\"font-family: verdana,geneva,sans-serif;\">Las siguientes reformas estar\u00edan enfocadas a lograr los prop\u00f3sitos expuestos anteriormente\u00a0<a title=\"\" href=\"applewebdata:\/\/76856B89-AA08-4B5C-A8AD-D1C11AC071B5#_ftn1\" name=\"_ftnref1\">[4]<\/a>:<\/span><\/span><\/p>\n<p style=\"margin-left: 37.5pt; text-align: justify;\"><span style=\"font-size: 12px;\"><span style=\"font-family: verdana,geneva,sans-serif;\">1.\u00a0\u00a0\u00a0\u00a0<strong>Ley de Responsabilidad y Transparencia Fiscal<\/strong>, que imponga l\u00edmites al endeudamiento p\u00fablico y lo que lo provocan;<\/span><\/span><\/p>\n<p style=\"margin-left: 37.5pt; text-align: justify;\"><span style=\"font-size: 12px;\"><span style=\"font-family: verdana,geneva,sans-serif;\">2.\u00a0\u00a0\u00a0\u00a0<strong>Reforma Tributaria Integral<\/strong>\u00a0que simplifique sistema impositivo y reduzca tasas de impuestos para ampliar las bases de contribuyentes y reducir costos internos;<\/span><\/span><\/p>\n<p style=\"margin-left: 37.5pt; text-align: justify;\"><span style=\"font-size: 12px;\"><span style=\"font-family: verdana,geneva,sans-serif;\">3.\u00a0\u00a0\u00a0\u00a0Cambio de la\u00a0<strong>estructura del mercado de energ\u00eda el\u00e9ctrica<\/strong>, involucrando al sector privado y manteniendo al sector p\u00fablico como regulador, seg\u00fan la Ley General de Electricidad;<\/span><\/span><\/p>\n<p style=\"margin-left: 37.5pt; text-align: justify;\"><span style=\"font-size: 12px;\"><span style=\"font-family: verdana,geneva,sans-serif;\">4.\u00a0\u00a0\u00a0\u00a0<strong>Reformas al mercado de hidrocarburos<\/strong>\u00a0para introducir mayor competencia, permitiendo que los m\u00e1rgenes de participantes y precios de combustibles se determinen en el mercado;<\/span><\/span><\/p>\n<p style=\"margin-left: 37.5pt; text-align: justify;\"><span style=\"font-size: 12px;\"><span style=\"font-family: verdana,geneva,sans-serif;\">5.\u00a0\u00a0\u00a0\u00a0Introducir\u00a0<strong>mayor competencia<\/strong>\u00a0en el mercado de transporte de cargas y permitir que los precios se determinen en el mercado y no por grupos oligop\u00f3licos bajo la sobrilla del Estado;<\/span><\/span><\/p>\n<p style=\"margin-left: 37.5pt; text-align: justify;\"><span style=\"font-size: 12px;\"><span style=\"font-family: verdana,geneva,sans-serif;\">6.\u00a0\u00a0\u00a0\u00a0Introducir\u00a0<strong>mayor participaci\u00f3n de la sociedad civil<\/strong>\u00a0en la provisi\u00f3n de servicios b\u00e1sicos, como educaci\u00f3n y salud, manteni\u00e9ndose el Estado como regulador y facilitador del financiamiento a esos servicios b\u00e1sicos dirigidos a los m\u00e1s necesitados;<\/span><\/span><\/p>\n<p style=\"margin-left: 37.5pt; text-align: justify;\"><span style=\"font-size: 12px;\"><span style=\"font-family: verdana,geneva,sans-serif;\">7.\u00a0\u00a0\u00a0\u00a0Mejoramiento al\u00a0<strong>sistema de la seguridad social<\/strong>\u00a0para evitar costos adicionales y permitir que los fondos de pensiones puedan traducirse a la inversi\u00f3n y no se coloquen la mayor\u00eda de los fondos en t\u00edtulos del Estado;<\/span><\/span><\/p>\n<p style=\"margin-left: 37.5pt; text-align: justify;\"><span style=\"font-size: 12px;\"><span style=\"font-family: verdana,geneva,sans-serif;\">8.\u00a0\u00a0\u00a0\u00a0<strong>Reforma al c\u00f3digo<\/strong>\u00a0<strong>laboral<\/strong>\u00a0que permita reducir los costos que asumen las empresas sin penalizar los salarios de los trabajadores para promover el empleo, la formalidad laboral y reducir el sub-empleo; y,<\/span><\/span><\/p>\n<p style=\"margin-left: 37.5pt; text-align: justify;\"><span style=\"font-size: 12px;\"><span style=\"font-family: verdana,geneva,sans-serif;\">9.\u00a0\u00a0\u00a0\u00a0<strong>Reformas institucionales<\/strong>\u00a0que involucren revisi\u00f3n de la burocracia estatal, su costo y efectividad en la provisi\u00f3n de los servicios de justicia, seguridad ciudadana y otros servicios p\u00fablicos b\u00e1sicos que deben reforzarse.<\/span><\/span><\/p>\n<p style=\"text-align: justify;\">\n<p style=\"text-align: justify;\"><span style=\"font-size: 12px;\"><span style=\"font-family: verdana,geneva,sans-serif;\">Esperamos que la coyuntura actual de negociaciones salariales no se limite al salario m\u00ednimo, y pueda ser una oportunidad para introducir, por lo menos, las reformas laborales enfocadas a mejorar el clima de contrataci\u00f3n de los empleados dominicanos y a reducir la informalidad.\u00a0<\/span><\/span><\/p>\n<p style=\"text-align: justify;\">\n<div>\n<hr align=\"left\" size=\"1\" width=\"33%\" \/>\n<div id=\"ftn1\">\n<p style=\"text-align: justify;\"><span style=\"font-size: 12px;\"><span style=\"font-family: verdana,geneva,sans-serif;\"><a title=\"\" href=\"applewebdata:\/\/5CA17224-FFAB-47C0-9CE7-B42F1086A416#_ftnref1\" name=\"_ftn1\">[1]<\/a>CREES (2017).<em><a href=\"https:\/\/www.crees.org.do\/es\/gr%C3%A1fica-del-d%C3%ADa-salario-promedio-anual-de-pa%C3%ADses-de-europa-%0Bcon-y-sin-salario-m%C3%ADnimo-en-%E2%82%AC-2015\">Gr\u00e1fica del D\u00eda: Salario promedio anual de pa\u00edses de Europa:<br \/>\ncon y sin salario m\u00ednimo (En \u20ac , 2015)<\/a><\/em><\/span><\/span><\/p>\n<div style=\"text-align: justify;\"><span style=\"font-size: 12px;\"><span style=\"font-family: verdana,geneva,sans-serif;\"><a title=\"\" href=\"applewebdata:\/\/D4F5D1B6-5A71-40D1-B65B-1ED43DCB4341#_ftnref1\" name=\"_ftn1\">[2]<\/a>Collado Di Franco, Miguel (2015).\u00a0<a href=\"http:\/\/www.crees.org.do\/es\/art%C3%ADculo\/el-trabajador-dominicano-necesita-un-mejor-clima-de-negocios\">\u201c<em>El trabajador dominicano necesita un mejor clima de negocios\u201d.<\/em><\/a><\/span><\/span><\/div>\n<div style=\"text-align: justify;\"><\/div>\n<div style=\"text-align: justify;\"><span style=\"font-size: 12px;\"><span style=\"font-family: verdana,geneva,sans-serif;\"><a title=\"\" href=\"applewebdata:\/\/9D9C7E65-AFA0-49B5-A628-A8E53E11936B#_ftnref1\" name=\"_ftn1\">[3]<\/a>\u00a0Collado Di Franco, Miguel (2018).\u00a0<em><a href=\"https:\/\/www.crees.org.do\/es\/art%C3%ADculo\/la-informalidad-contin%C3%BAa-en-aumento-en-rep%C3%BAblica-dominicana\">\u201cLa informalidad contin\u00faa en aumento en la Rep\u00fablica Dominicana\u201d.<\/a><\/em><\/span><\/span><\/div>\n<div>\n<div id=\"ftn1\">\n<p style=\"text-align: justify;\">\n<\/div>\n<\/div>\n<\/div>\n<div id=\"ftn1\">\n<p style=\"text-align: justify;\"><span style=\"font-size: 12px;\"><span style=\"font-family: verdana,geneva,sans-serif;\"><a title=\"\" href=\"applewebdata:\/\/76856B89-AA08-4B5C-A8AD-D1C11AC071B5#_ftnref1\" name=\"_ftn1\">[4]<\/a>Selman, Ernesto (2014).\u00a0<a href=\"http:\/\/www.crees.org.do\/es\/art%C3%ADculo\/tratados-de-libre-comercio-desaf%C3%ADos-pendientes-para-competir-0\"><em>\u201cTratados de libre comercio: desaf\u00edos pendientes para competir\u201d.<\/em><\/a><\/span><\/span><\/p>\n<\/div>\n<\/div>\n<hr align=\"left\" size=\"1\" width=\"33%\" \/>\n<div id=\"ftn1\">\n<p>&nbsp;<\/p>\n<\/div>\n<\/div>\n<div>\n<div id=\"ftn1\">\n<p>&nbsp;<\/p>\n<\/div>\n<\/div>\n<div>\n<p>&nbsp;<\/p>\n<div id=\"ftn1\">\n<p>&nbsp;<\/p>\n<\/div>\n<\/div>\n<p>&nbsp;<\/p>\n<div class=\"pvc_clear\"><\/div>\n<p class=\"pvc_stats all \" data-element-id=\"18432\" style=\"\"><i class=\"pvc-stats-icon medium\" aria-hidden=\"true\"><svg aria-hidden=\"true\" focusable=\"false\" data-prefix=\"far\" data-icon=\"chart-bar\" role=\"img\" xmlns=\"http:\/\/www.w3.org\/2000\/svg\" viewBox=\"0 0 512 512\" class=\"svg-inline--fa fa-chart-bar fa-w-16 fa-2x\"><path fill=\"currentColor\" d=\"M396.8 352h22.4c6.4 0 12.8-6.4 12.8-12.8V108.8c0-6.4-6.4-12.8-12.8-12.8h-22.4c-6.4 0-12.8 6.4-12.8 12.8v230.4c0 6.4 6.4 12.8 12.8 12.8zm-192 0h22.4c6.4 0 12.8-6.4 12.8-12.8V140.8c0-6.4-6.4-12.8-12.8-12.8h-22.4c-6.4 0-12.8 6.4-12.8 12.8v198.4c0 6.4 6.4 12.8 12.8 12.8zm96 0h22.4c6.4 0 12.8-6.4 12.8-12.8V204.8c0-6.4-6.4-12.8-12.8-12.8h-22.4c-6.4 0-12.8 6.4-12.8 12.8v134.4c0 6.4 6.4 12.8 12.8 12.8zM496 400H48V80c0-8.84-7.16-16-16-16H16C7.16 64 0 71.16 0 80v336c0 17.67 14.33 32 32 32h464c8.84 0 16-7.16 16-16v-16c0-8.84-7.16-16-16-16zm-387.2-48h22.4c6.4 0 12.8-6.4 12.8-12.8v-70.4c0-6.4-6.4-12.8-12.8-12.8h-22.4c-6.4 0-12.8 6.4-12.8 12.8v70.4c0 6.4 6.4 12.8 12.8 12.8z\" class=\"\"><\/path><\/svg><\/i> Vistas Totales&nbsp;959&nbsp;, Vistas Hoy&nbsp;2&nbsp;<\/p>\n<div class=\"pvc_clear\"><\/div>\n","protected":false},"excerpt":{"rendered":"<p>Recientemente iniciaron las discusiones en el seno del Comit\u00e9 Nacional de Salarios en Rep\u00fablica Dominicana. De acuerdo con la legislaci\u00f3n dominicana, el Comit\u00e9 Nacional de Salarios debe de revisar, de oficio, los diferentes salarios m\u00ednimos existentes en el pa\u00eds por lo menos una vez cada dos a\u00f1os. Son 11 salarios m\u00ednimos que por ley deben&#8230;<\/p>\n<div class=\"pvc_clear\"><\/div>\n<p class=\"pvc_stats all \" data-element-id=\"18432\" style=\"\"><i class=\"pvc-stats-icon medium\" aria-hidden=\"true\"><svg aria-hidden=\"true\" focusable=\"false\" data-prefix=\"far\" data-icon=\"chart-bar\" role=\"img\" xmlns=\"http:\/\/www.w3.org\/2000\/svg\" viewBox=\"0 0 512 512\" class=\"svg-inline--fa fa-chart-bar fa-w-16 fa-2x\"><path fill=\"currentColor\" d=\"M396.8 352h22.4c6.4 0 12.8-6.4 12.8-12.8V108.8c0-6.4-6.4-12.8-12.8-12.8h-22.4c-6.4 0-12.8 6.4-12.8 12.8v230.4c0 6.4 6.4 12.8 12.8 12.8zm-192 0h22.4c6.4 0 12.8-6.4 12.8-12.8V140.8c0-6.4-6.4-12.8-12.8-12.8h-22.4c-6.4 0-12.8 6.4-12.8 12.8v198.4c0 6.4 6.4 12.8 12.8 12.8zm96 0h22.4c6.4 0 12.8-6.4 12.8-12.8V204.8c0-6.4-6.4-12.8-12.8-12.8h-22.4c-6.4 0-12.8 6.4-12.8 12.8v134.4c0 6.4 6.4 12.8 12.8 12.8zM496 400H48V80c0-8.84-7.16-16-16-16H16C7.16 64 0 71.16 0 80v336c0 17.67 14.33 32 32 32h464c8.84 0 16-7.16 16-16v-16c0-8.84-7.16-16-16-16zm-387.2-48h22.4c6.4 0 12.8-6.4 12.8-12.8v-70.4c0-6.4-6.4-12.8-12.8-12.8h-22.4c-6.4 0-12.8 6.4-12.8 12.8v70.4c0 6.4 6.4 12.8 12.8 12.8z\" class=\"\"><\/path><\/svg><\/i> Vistas Totales&nbsp;959&nbsp;, Vistas Hoy&nbsp;2&nbsp;<\/p>\n<div class=\"pvc_clear\"><\/div>\n","protected":false},"author":2,"featured_media":0,"comment_status":"closed","ping_status":"closed","sticky":false,"template":"","format":"standard","meta":{"footnotes":""},"categories":[22],"tags":[],"class_list":["post-18432","post","type-post","status-publish","format-standard","hentry","category-articulos"],"yoast_head":"<!-- This site is optimized with the Yoast SEO plugin v25.2 - https:\/\/yoast.com\/wordpress\/plugins\/seo\/ -->\n<title>Se requieren reformas estructurales para m\u00e1s y mejores empleos | CREES<\/title>\n<meta name=\"robots\" content=\"index, follow, max-snippet:-1, max-image-preview:large, max-video-preview:-1\" \/>\n<link rel=\"canonical\" href=\"https:\/\/crees.org.do\/?p=18432\" \/>\n<meta property=\"og:locale\" content=\"es_ES\" \/>\n<meta property=\"og:type\" content=\"article\" \/>\n<meta property=\"og:title\" content=\"Se requieren reformas estructurales para m\u00e1s y mejores empleos | CREES\" \/>\n<meta property=\"og:description\" content=\"Recientemente iniciaron las discusiones en el seno del Comit\u00e9 Nacional de Salarios en Rep\u00fablica Dominicana. De acuerdo con la legislaci\u00f3n dominicana, el Comit\u00e9 Nacional de Salarios debe de revisar, de oficio, los diferentes salarios m\u00ednimos existentes en el pa\u00eds por lo menos una vez cada dos a\u00f1os. Son 11 salarios m\u00ednimos que por ley deben...\" \/>\n<meta property=\"og:url\" content=\"https:\/\/crees.org.do\/?p=18432\" \/>\n<meta property=\"og:site_name\" content=\"CREES\" \/>\n<meta property=\"article:publisher\" content=\"https:\/\/www.facebook.com\/CREESRD\/\" \/>\n<meta property=\"article:published_time\" content=\"2019-03-14T19:53:56+00:00\" \/>\n<meta property=\"article:modified_time\" content=\"2021-08-10T01:39:47+00:00\" \/>\n<meta property=\"og:image\" content=\"https:\/\/crees.org.do\/wp-content\/uploads\/2021\/07\/Screenshot-2019-02-26-14.22.30.png\" \/>\n<meta name=\"author\" content=\"Crees\" \/>\n<meta name=\"twitter:card\" content=\"summary_large_image\" \/>\n<meta name=\"twitter:creator\" content=\"@CREESRD\" \/>\n<meta name=\"twitter:site\" content=\"@CREESRD\" \/>\n<meta name=\"twitter:label1\" content=\"Escrito por\" \/>\n\t<meta name=\"twitter:data1\" content=\"Crees\" \/>\n\t<meta name=\"twitter:label2\" content=\"Tiempo de lectura\" \/>\n\t<meta name=\"twitter:data2\" content=\"9 minutos\" \/>\n<script type=\"application\/ld+json\" class=\"yoast-schema-graph\">{\"@context\":\"https:\/\/schema.org\",\"@graph\":[{\"@type\":\"Article\",\"@id\":\"https:\/\/crees.org.do\/?p=18432#article\",\"isPartOf\":{\"@id\":\"https:\/\/crees.org.do\/?p=18432\"},\"author\":{\"name\":\"Crees\",\"@id\":\"https:\/\/crees.org.do\/#\/schema\/person\/e7f97cd94d7bf9cd0e0ce30acb7d56b8\"},\"headline\":\"Se requieren reformas estructurales para m\u00e1s y mejores empleos\",\"datePublished\":\"2019-03-14T19:53:56+00:00\",\"dateModified\":\"2021-08-10T01:39:47+00:00\",\"mainEntityOfPage\":{\"@id\":\"https:\/\/crees.org.do\/?p=18432\"},\"wordCount\":1753,\"publisher\":{\"@id\":\"https:\/\/crees.org.do\/#organization\"},\"image\":{\"@id\":\"https:\/\/crees.org.do\/?p=18432#primaryimage\"},\"thumbnailUrl\":\"https:\/\/crees.org.do\/wp-content\/uploads\/2021\/07\/Screenshot-2019-02-26-14.22.30.png\",\"articleSection\":[\"Art\u00edculos\"],\"inLanguage\":\"es\"},{\"@type\":\"WebPage\",\"@id\":\"https:\/\/crees.org.do\/?p=18432\",\"url\":\"https:\/\/crees.org.do\/?p=18432\",\"name\":\"Se requieren reformas estructurales para m\u00e1s y mejores empleos | CREES\",\"isPartOf\":{\"@id\":\"https:\/\/crees.org.do\/#website\"},\"primaryImageOfPage\":{\"@id\":\"https:\/\/crees.org.do\/?p=18432#primaryimage\"},\"image\":{\"@id\":\"https:\/\/crees.org.do\/?p=18432#primaryimage\"},\"thumbnailUrl\":\"https:\/\/crees.org.do\/wp-content\/uploads\/2021\/07\/Screenshot-2019-02-26-14.22.30.png\",\"datePublished\":\"2019-03-14T19:53:56+00:00\",\"dateModified\":\"2021-08-10T01:39:47+00:00\",\"breadcrumb\":{\"@id\":\"https:\/\/crees.org.do\/?p=18432#breadcrumb\"},\"inLanguage\":\"es\",\"potentialAction\":[{\"@type\":\"ReadAction\",\"target\":[\"https:\/\/crees.org.do\/?p=18432\"]}]},{\"@type\":\"ImageObject\",\"inLanguage\":\"es\",\"@id\":\"https:\/\/crees.org.do\/?p=18432#primaryimage\",\"url\":\"https:\/\/crees.org.do\/wp-content\/uploads\/2021\/07\/Screenshot-2019-02-26-14.22.30.png\",\"contentUrl\":\"https:\/\/crees.org.do\/wp-content\/uploads\/2021\/07\/Screenshot-2019-02-26-14.22.30.png\",\"width\":800,\"height\":591},{\"@type\":\"BreadcrumbList\",\"@id\":\"https:\/\/crees.org.do\/?p=18432#breadcrumb\",\"itemListElement\":[{\"@type\":\"ListItem\",\"position\":1,\"name\":\"Portada\",\"item\":\"https:\/\/crees.org.do\/\"},{\"@type\":\"ListItem\",\"position\":2,\"name\":\"Se requieren reformas estructurales para m\u00e1s y mejores empleos\"}]},{\"@type\":\"WebSite\",\"@id\":\"https:\/\/crees.org.do\/#website\",\"url\":\"https:\/\/crees.org.do\/\",\"name\":\"CREES\",\"description\":\"Centro Regional de Estrategias Econ\u00f3micas Sostenibles\",\"publisher\":{\"@id\":\"https:\/\/crees.org.do\/#organization\"},\"potentialAction\":[{\"@type\":\"SearchAction\",\"target\":{\"@type\":\"EntryPoint\",\"urlTemplate\":\"https:\/\/crees.org.do\/?s={search_term_string}\"},\"query-input\":{\"@type\":\"PropertyValueSpecification\",\"valueRequired\":true,\"valueName\":\"search_term_string\"}}],\"inLanguage\":\"es\"},{\"@type\":\"Organization\",\"@id\":\"https:\/\/crees.org.do\/#organization\",\"name\":\"CREES | Centro Regional de Estrategias Econ\u00f3micas Sostenibles\",\"url\":\"https:\/\/crees.org.do\/\",\"logo\":{\"@type\":\"ImageObject\",\"inLanguage\":\"es\",\"@id\":\"https:\/\/crees.org.do\/#\/schema\/logo\/image\/\",\"url\":\"https:\/\/crees.org.do\/wp-content\/uploads\/2022\/03\/crees-logo-1.jpg\",\"contentUrl\":\"https:\/\/crees.org.do\/wp-content\/uploads\/2022\/03\/crees-logo-1.jpg\",\"width\":244,\"height\":71,\"caption\":\"CREES | Centro Regional de Estrategias Econ\u00f3micas Sostenibles\"},\"image\":{\"@id\":\"https:\/\/crees.org.do\/#\/schema\/logo\/image\/\"},\"sameAs\":[\"https:\/\/www.facebook.com\/CREESRD\/\",\"https:\/\/x.com\/CREESRD\"]},{\"@type\":\"Person\",\"@id\":\"https:\/\/crees.org.do\/#\/schema\/person\/e7f97cd94d7bf9cd0e0ce30acb7d56b8\",\"name\":\"Crees\",\"image\":{\"@type\":\"ImageObject\",\"inLanguage\":\"es\",\"@id\":\"https:\/\/crees.org.do\/#\/schema\/person\/image\/\",\"url\":\"https:\/\/secure.gravatar.com\/avatar\/390ac8f0be5d9aa046152553e2dd7011b59a512d89c150f5e5f28bb8d9a0b165?s=96&d=mm&r=g\",\"contentUrl\":\"https:\/\/secure.gravatar.com\/avatar\/390ac8f0be5d9aa046152553e2dd7011b59a512d89c150f5e5f28bb8d9a0b165?s=96&d=mm&r=g\",\"caption\":\"Crees\"},\"url\":\"https:\/\/crees.org.do\/?author=2\"}]}<\/script>\n<!-- \/ Yoast SEO plugin. -->","yoast_head_json":{"title":"Se requieren reformas estructurales para m\u00e1s y mejores empleos | CREES","robots":{"index":"index","follow":"follow","max-snippet":"max-snippet:-1","max-image-preview":"max-image-preview:large","max-video-preview":"max-video-preview:-1"},"canonical":"https:\/\/crees.org.do\/?p=18432","og_locale":"es_ES","og_type":"article","og_title":"Se requieren reformas estructurales para m\u00e1s y mejores empleos | CREES","og_description":"Recientemente iniciaron las discusiones en el seno del Comit\u00e9 Nacional de Salarios en Rep\u00fablica Dominicana. De acuerdo con la legislaci\u00f3n dominicana, el Comit\u00e9 Nacional de Salarios debe de revisar, de oficio, los diferentes salarios m\u00ednimos existentes en el pa\u00eds por lo menos una vez cada dos a\u00f1os. Son 11 salarios m\u00ednimos que por ley deben...","og_url":"https:\/\/crees.org.do\/?p=18432","og_site_name":"CREES","article_publisher":"https:\/\/www.facebook.com\/CREESRD\/","article_published_time":"2019-03-14T19:53:56+00:00","article_modified_time":"2021-08-10T01:39:47+00:00","og_image":[{"url":"https:\/\/crees.org.do\/wp-content\/uploads\/2021\/07\/Screenshot-2019-02-26-14.22.30.png","type":"","width":"","height":""}],"author":"Crees","twitter_card":"summary_large_image","twitter_creator":"@CREESRD","twitter_site":"@CREESRD","twitter_misc":{"Escrito por":"Crees","Tiempo de lectura":"9 minutos"},"schema":{"@context":"https:\/\/schema.org","@graph":[{"@type":"Article","@id":"https:\/\/crees.org.do\/?p=18432#article","isPartOf":{"@id":"https:\/\/crees.org.do\/?p=18432"},"author":{"name":"Crees","@id":"https:\/\/crees.org.do\/#\/schema\/person\/e7f97cd94d7bf9cd0e0ce30acb7d56b8"},"headline":"Se requieren reformas estructurales para m\u00e1s y mejores empleos","datePublished":"2019-03-14T19:53:56+00:00","dateModified":"2021-08-10T01:39:47+00:00","mainEntityOfPage":{"@id":"https:\/\/crees.org.do\/?p=18432"},"wordCount":1753,"publisher":{"@id":"https:\/\/crees.org.do\/#organization"},"image":{"@id":"https:\/\/crees.org.do\/?p=18432#primaryimage"},"thumbnailUrl":"https:\/\/crees.org.do\/wp-content\/uploads\/2021\/07\/Screenshot-2019-02-26-14.22.30.png","articleSection":["Art\u00edculos"],"inLanguage":"es"},{"@type":"WebPage","@id":"https:\/\/crees.org.do\/?p=18432","url":"https:\/\/crees.org.do\/?p=18432","name":"Se requieren reformas estructurales para m\u00e1s y mejores empleos | CREES","isPartOf":{"@id":"https:\/\/crees.org.do\/#website"},"primaryImageOfPage":{"@id":"https:\/\/crees.org.do\/?p=18432#primaryimage"},"image":{"@id":"https:\/\/crees.org.do\/?p=18432#primaryimage"},"thumbnailUrl":"https:\/\/crees.org.do\/wp-content\/uploads\/2021\/07\/Screenshot-2019-02-26-14.22.30.png","datePublished":"2019-03-14T19:53:56+00:00","dateModified":"2021-08-10T01:39:47+00:00","breadcrumb":{"@id":"https:\/\/crees.org.do\/?p=18432#breadcrumb"},"inLanguage":"es","potentialAction":[{"@type":"ReadAction","target":["https:\/\/crees.org.do\/?p=18432"]}]},{"@type":"ImageObject","inLanguage":"es","@id":"https:\/\/crees.org.do\/?p=18432#primaryimage","url":"https:\/\/crees.org.do\/wp-content\/uploads\/2021\/07\/Screenshot-2019-02-26-14.22.30.png","contentUrl":"https:\/\/crees.org.do\/wp-content\/uploads\/2021\/07\/Screenshot-2019-02-26-14.22.30.png","width":800,"height":591},{"@type":"BreadcrumbList","@id":"https:\/\/crees.org.do\/?p=18432#breadcrumb","itemListElement":[{"@type":"ListItem","position":1,"name":"Portada","item":"https:\/\/crees.org.do\/"},{"@type":"ListItem","position":2,"name":"Se requieren reformas estructurales para m\u00e1s y mejores empleos"}]},{"@type":"WebSite","@id":"https:\/\/crees.org.do\/#website","url":"https:\/\/crees.org.do\/","name":"CREES","description":"Centro Regional de Estrategias Econ\u00f3micas Sostenibles","publisher":{"@id":"https:\/\/crees.org.do\/#organization"},"potentialAction":[{"@type":"SearchAction","target":{"@type":"EntryPoint","urlTemplate":"https:\/\/crees.org.do\/?s={search_term_string}"},"query-input":{"@type":"PropertyValueSpecification","valueRequired":true,"valueName":"search_term_string"}}],"inLanguage":"es"},{"@type":"Organization","@id":"https:\/\/crees.org.do\/#organization","name":"CREES | Centro Regional de Estrategias Econ\u00f3micas Sostenibles","url":"https:\/\/crees.org.do\/","logo":{"@type":"ImageObject","inLanguage":"es","@id":"https:\/\/crees.org.do\/#\/schema\/logo\/image\/","url":"https:\/\/crees.org.do\/wp-content\/uploads\/2022\/03\/crees-logo-1.jpg","contentUrl":"https:\/\/crees.org.do\/wp-content\/uploads\/2022\/03\/crees-logo-1.jpg","width":244,"height":71,"caption":"CREES | Centro Regional de Estrategias Econ\u00f3micas Sostenibles"},"image":{"@id":"https:\/\/crees.org.do\/#\/schema\/logo\/image\/"},"sameAs":["https:\/\/www.facebook.com\/CREESRD\/","https:\/\/x.com\/CREESRD"]},{"@type":"Person","@id":"https:\/\/crees.org.do\/#\/schema\/person\/e7f97cd94d7bf9cd0e0ce30acb7d56b8","name":"Crees","image":{"@type":"ImageObject","inLanguage":"es","@id":"https:\/\/crees.org.do\/#\/schema\/person\/image\/","url":"https:\/\/secure.gravatar.com\/avatar\/390ac8f0be5d9aa046152553e2dd7011b59a512d89c150f5e5f28bb8d9a0b165?s=96&d=mm&r=g","contentUrl":"https:\/\/secure.gravatar.com\/avatar\/390ac8f0be5d9aa046152553e2dd7011b59a512d89c150f5e5f28bb8d9a0b165?s=96&d=mm&r=g","caption":"Crees"},"url":"https:\/\/crees.org.do\/?author=2"}]}},"_links":{"self":[{"href":"https:\/\/crees.org.do\/index.php?rest_route=\/wp\/v2\/posts\/18432","targetHints":{"allow":["GET"]}}],"collection":[{"href":"https:\/\/crees.org.do\/index.php?rest_route=\/wp\/v2\/posts"}],"about":[{"href":"https:\/\/crees.org.do\/index.php?rest_route=\/wp\/v2\/types\/post"}],"author":[{"embeddable":true,"href":"https:\/\/crees.org.do\/index.php?rest_route=\/wp\/v2\/users\/2"}],"replies":[{"embeddable":true,"href":"https:\/\/crees.org.do\/index.php?rest_route=%2Fwp%2Fv2%2Fcomments&post=18432"}],"version-history":[{"count":3,"href":"https:\/\/crees.org.do\/index.php?rest_route=\/wp\/v2\/posts\/18432\/revisions"}],"predecessor-version":[{"id":18811,"href":"https:\/\/crees.org.do\/index.php?rest_route=\/wp\/v2\/posts\/18432\/revisions\/18811"}],"wp:attachment":[{"href":"https:\/\/crees.org.do\/index.php?rest_route=%2Fwp%2Fv2%2Fmedia&parent=18432"}],"wp:term":[{"taxonomy":"category","embeddable":true,"href":"https:\/\/crees.org.do\/index.php?rest_route=%2Fwp%2Fv2%2Fcategories&post=18432"},{"taxonomy":"post_tag","embeddable":true,"href":"https:\/\/crees.org.do\/index.php?rest_route=%2Fwp%2Fv2%2Ftags&post=18432"}],"curies":[{"name":"wp","href":"https:\/\/api.w.org\/{rel}","templated":true}]}}