{"id":18439,"date":"2019-01-05T16:13:00","date_gmt":"2019-01-05T16:13:00","guid":{"rendered":"https:\/\/crees.org.do\/centrocamara-rd-reconoce-labor-de-crees-por-aportes-al-debate-economico\/"},"modified":"2021-08-10T01:24:00","modified_gmt":"2021-08-10T01:24:00","slug":"centrocamara-rd-reconoce-labor-de-crees-por-aportes-al-debate-economico","status":"publish","type":"post","link":"https:\/\/crees.org.do\/?p=18439","title":{"rendered":"CENTROC\u00c1MARA-RD reconoce labor de CREES por aportes al debate econ\u00f3mico"},"content":{"rendered":"<div style=\"text-align: justify;\"><\/div>\n<div style=\"text-align: justify;\"><span style=\"font-size: 12px;\"><span style=\"font-family: verdana,geneva,sans-serif;\">5 de febrero, 2019. CENTROC\u00c1MARA-RD reconoci\u00f3 al Centro Regional de Estrategias Econ\u00f3micas Sostenibles, Inc. (CREES) por sus aportes al debate y procesos econ\u00f3micos durante el evento de juramentaci\u00f3n de su nueva Junta Directiva. En el evento estuvieron presentes miembros asociados de la c\u00e1mara, l\u00edderes empresariales, la prensa nacional y representantes del sector gubernamental. El Ministro de Industria, Comercio y MYPIMES, Arq. Nelson Toca, fue el orador principal y tuvo a su cargo la juramentaci\u00f3n de los nuevos directivos de la asociaci\u00f3n.<\/span><\/span><\/div>\n<div style=\"text-align: justify;\"><\/div>\n<div style=\"text-align: justify;\"><span style=\"font-size: 12px;\"><span style=\"font-family: verdana,geneva,sans-serif;\">En las palabras centrales del evento, el Ministro de Industria, Comercio y MYPIMES de la Rep\u00fablica Dominicana resalt\u00f3 la importancia de las actividades de CENTROC\u00c1MARA-RD y las oportunidades de las relaciones del pa\u00eds con la regi\u00f3n centroamericana, que brinda el tratado de libre comercio con Estados Unidos de Am\u00e9rica. En adici\u00f3n, reconoci\u00f3 los retos que todav\u00eda debe enfrentar el pa\u00eds para aprovechar mejor los acuerdos comerciales y las relaciones con Centroam\u00e9rica.<\/span><\/span><\/div>\n<div style=\"text-align: justify;\"><\/div>\n<div style=\"text-align: center;\">fid&#8221;:&#8221;6804&#8243;, https:\/\/crees.org.do\/wp-content\/uploads\/2021\/05\/IMG_5048.jpg<\/div>\n<div><\/div>\n<div><\/div>\n<div><\/div>\n<div style=\"text-align: center;\"><\/div>\n<div style=\"text-align: justify;\"><span style=\"font-size: 12px;\"><span style=\"font-family: verdana,geneva,sans-serif;\">Por su lado, el Vicepresidente Ejecutivo de CREES, Ernesto Selman, agradeci\u00f3 el reconocimiento de CENTROC\u00c1MARA-RD indicando que la asociaci\u00f3n debe tomar la bandera de las reformas estructurales que necesita la Rep\u00fablica Dominicana para reducir las barreras a las inversiones y reducir los costos internos. \u201cLo que se busca es que las empresas radicadas en el pa\u00eds tengan mayor capacidad de competir en el plano internacional\u201d, se\u00f1al\u00f3 Selman. Resalt\u00f3 que se requieren cambios importantes en el aspecto fiscal, los costos laborales, de transporte de cargas, el costo del servicio el\u00e9ctrico y la respuesta del sector p\u00fablico a los requerimientos de permisos para poder exportar con mayor facilidad.<\/span><\/span><\/div>\n<div style=\"text-align: justify;\"><\/div>\n<div style=\"text-align: center;\">[[{&#8220;type&#8221;:&#8221;media&#8221;,&#8221;view_mode&#8221;:&#8221;media_original&#8221;,&#8221;fid&#8221;:&#8221;6845&#8243;,&#8221;attributes&#8221;:{&#8220;alt&#8221;:&#8221;&#8221;,&#8221;class&#8221;:&#8221;media-image&#8221;,&#8221;style&#8221;:&#8221;height: 450px; width: 316px;&#8221;}}]]<\/div>\n<div style=\"text-align: justify;\"><\/div>\n<div style=\"text-align: justify;\"><span style=\"font-size: 12px;\"><span style=\"font-family: verdana,geneva,sans-serif;\">CENTROC\u00c1MARA-RD es una instituci\u00f3n bajo la modalidad de C\u00e1mara de Comercio y Producci\u00f3n Plurinacional, amparada por la Ley No.50-87, vinculada al Tratado de Libre Comercio DR-CAFTA y sus pa\u00edses firmantes. La organizaci\u00f3n busca favorecer el intercambio comercial, inversiones, relaciones sociales y culturales entre Rep\u00fablica Dominicana y los pa\u00edses de Centroam\u00e9rica, mediante la implementaci\u00f3n de programas y proyectos. \u00c9stos van dirigidos a facilitar la expansi\u00f3n de oportunidades de negocios y en el desarrollo de las capacidades de sus asociados para el aprovechamiento de los acuerdos comerciales.<\/span><\/span><\/div>\n<div style=\"text-align: justify;\"><\/div>\n<div style=\"text-align: justify;\"><span style=\"font-size: 12px;\"><span style=\"font-family: verdana,geneva,sans-serif;\">El Centro Regional de Estrategias Econ\u00f3micas Sostenibles, Inc. (CREES) es un centro de pensamiento e investigaci\u00f3n econ\u00f3mica cuya misi\u00f3n es promover sociedades libres y pr\u00f3speras fundamentadas en el trabajo, principios \u00e9ticos y la libertad econ\u00f3mica. Es una organizaci\u00f3n incorporada en el a\u00f1o 2011 bajo la Ley 122-05 sobre Regulaci\u00f3n y Fomento de las Asociaciones Sin Fines de Lucro. CREES busca expandir la frontera del conocimiento econ\u00f3mico y proponer pol\u00edticas p\u00fablicas que apuntalen a un desarrollo econ\u00f3mico sostenible.<\/span><\/span><\/div>\n<div class=\"pvc_clear\"><\/div>\n<p class=\"pvc_stats all \" data-element-id=\"18439\" style=\"\"><i class=\"pvc-stats-icon medium\" aria-hidden=\"true\"><svg aria-hidden=\"true\" focusable=\"false\" data-prefix=\"far\" data-icon=\"chart-bar\" role=\"img\" xmlns=\"http:\/\/www.w3.org\/2000\/svg\" viewBox=\"0 0 512 512\" class=\"svg-inline--fa fa-chart-bar fa-w-16 fa-2x\"><path fill=\"currentColor\" d=\"M396.8 352h22.4c6.4 0 12.8-6.4 12.8-12.8V108.8c0-6.4-6.4-12.8-12.8-12.8h-22.4c-6.4 0-12.8 6.4-12.8 12.8v230.4c0 6.4 6.4 12.8 12.8 12.8zm-192 0h22.4c6.4 0 12.8-6.4 12.8-12.8V140.8c0-6.4-6.4-12.8-12.8-12.8h-22.4c-6.4 0-12.8 6.4-12.8 12.8v198.4c0 6.4 6.4 12.8 12.8 12.8zm96 0h22.4c6.4 0 12.8-6.4 12.8-12.8V204.8c0-6.4-6.4-12.8-12.8-12.8h-22.4c-6.4 0-12.8 6.4-12.8 12.8v134.4c0 6.4 6.4 12.8 12.8 12.8zM496 400H48V80c0-8.84-7.16-16-16-16H16C7.16 64 0 71.16 0 80v336c0 17.67 14.33 32 32 32h464c8.84 0 16-7.16 16-16v-16c0-8.84-7.16-16-16-16zm-387.2-48h22.4c6.4 0 12.8-6.4 12.8-12.8v-70.4c0-6.4-6.4-12.8-12.8-12.8h-22.4c-6.4 0-12.8 6.4-12.8 12.8v70.4c0 6.4 6.4 12.8 12.8 12.8z\" class=\"\"><\/path><\/svg><\/i> Vistas Totales&nbsp;950&nbsp;, Vistas Hoy&nbsp;4&nbsp;<\/p>\n<div class=\"pvc_clear\"><\/div>\n","protected":false},"excerpt":{"rendered":"<p>5 de febrero, 2019. CENTROC\u00c1MARA-RD reconoci\u00f3 al Centro Regional de Estrategias Econ\u00f3micas Sostenibles, Inc. (CREES) por sus aportes al debate y procesos econ\u00f3micos durante el evento de juramentaci\u00f3n de su nueva Junta Directiva. En el evento estuvieron presentes miembros asociados de la c\u00e1mara, l\u00edderes empresariales, la prensa nacional y representantes del sector gubernamental. El Ministro&#8230;<\/p>\n<div class=\"pvc_clear\"><\/div>\n<p class=\"pvc_stats all \" data-element-id=\"18439\" style=\"\"><i class=\"pvc-stats-icon medium\" aria-hidden=\"true\"><svg aria-hidden=\"true\" focusable=\"false\" data-prefix=\"far\" data-icon=\"chart-bar\" role=\"img\" xmlns=\"http:\/\/www.w3.org\/2000\/svg\" viewBox=\"0 0 512 512\" class=\"svg-inline--fa fa-chart-bar fa-w-16 fa-2x\"><path fill=\"currentColor\" d=\"M396.8 352h22.4c6.4 0 12.8-6.4 12.8-12.8V108.8c0-6.4-6.4-12.8-12.8-12.8h-22.4c-6.4 0-12.8 6.4-12.8 12.8v230.4c0 6.4 6.4 12.8 12.8 12.8zm-192 0h22.4c6.4 0 12.8-6.4 12.8-12.8V140.8c0-6.4-6.4-12.8-12.8-12.8h-22.4c-6.4 0-12.8 6.4-12.8 12.8v198.4c0 6.4 6.4 12.8 12.8 12.8zm96 0h22.4c6.4 0 12.8-6.4 12.8-12.8V204.8c0-6.4-6.4-12.8-12.8-12.8h-22.4c-6.4 0-12.8 6.4-12.8 12.8v134.4c0 6.4 6.4 12.8 12.8 12.8zM496 400H48V80c0-8.84-7.16-16-16-16H16C7.16 64 0 71.16 0 80v336c0 17.67 14.33 32 32 32h464c8.84 0 16-7.16 16-16v-16c0-8.84-7.16-16-16-16zm-387.2-48h22.4c6.4 0 12.8-6.4 12.8-12.8v-70.4c0-6.4-6.4-12.8-12.8-12.8h-22.4c-6.4 0-12.8 6.4-12.8 12.8v70.4c0 6.4 6.4 12.8 12.8 12.8z\" class=\"\"><\/path><\/svg><\/i> Vistas Totales&nbsp;950&nbsp;, Vistas Hoy&nbsp;4&nbsp;<\/p>\n<div class=\"pvc_clear\"><\/div>\n","protected":false},"author":2,"featured_media":0,"comment_status":"closed","ping_status":"closed","sticky":false,"template":"","format":"standard","meta":{"footnotes":""},"categories":[22],"tags":[],"class_list":["post-18439","post","type-post","status-publish","format-standard","hentry","category-articulos"],"yoast_head":"<!-- This site is optimized with the Yoast SEO plugin v25.2 - https:\/\/yoast.com\/wordpress\/plugins\/seo\/ -->\n<title>CENTROC\u00c1MARA-RD reconoce labor de CREES por aportes al debate econ\u00f3mico | CREES<\/title>\n<meta name=\"robots\" content=\"index, follow, max-snippet:-1, max-image-preview:large, max-video-preview:-1\" \/>\n<link rel=\"canonical\" href=\"https:\/\/crees.org.do\/?p=18439\" \/>\n<meta property=\"og:locale\" content=\"es_ES\" \/>\n<meta property=\"og:type\" content=\"article\" \/>\n<meta property=\"og:title\" content=\"CENTROC\u00c1MARA-RD reconoce labor de CREES por aportes al debate econ\u00f3mico | CREES\" \/>\n<meta property=\"og:description\" content=\"5 de febrero, 2019. CENTROC\u00c1MARA-RD reconoci\u00f3 al Centro Regional de Estrategias Econ\u00f3micas Sostenibles, Inc. (CREES) por sus aportes al debate y procesos econ\u00f3micos durante el evento de juramentaci\u00f3n de su nueva Junta Directiva. En el evento estuvieron presentes miembros asociados de la c\u00e1mara, l\u00edderes empresariales, la prensa nacional y representantes del sector gubernamental. El Ministro...\" \/>\n<meta property=\"og:url\" content=\"https:\/\/crees.org.do\/?p=18439\" \/>\n<meta property=\"og:site_name\" content=\"CREES\" \/>\n<meta property=\"article:publisher\" content=\"https:\/\/www.facebook.com\/CREESRD\/\" \/>\n<meta property=\"article:published_time\" content=\"2019-01-05T16:13:00+00:00\" \/>\n<meta property=\"article:modified_time\" content=\"2021-08-10T01:24:00+00:00\" \/>\n<meta property=\"og:image\" content=\"https:\/\/crees.org.do\/wp-content\/uploads\/2022\/03\/crees-logo-1.jpg\" \/>\n\t<meta property=\"og:image:width\" content=\"244\" \/>\n\t<meta property=\"og:image:height\" content=\"71\" \/>\n\t<meta property=\"og:image:type\" content=\"image\/jpeg\" \/>\n<meta name=\"author\" content=\"Crees\" \/>\n<meta name=\"twitter:card\" content=\"summary_large_image\" \/>\n<meta name=\"twitter:creator\" content=\"@CREESRD\" \/>\n<meta name=\"twitter:site\" content=\"@CREESRD\" \/>\n<meta name=\"twitter:label1\" content=\"Escrito por\" \/>\n\t<meta name=\"twitter:data1\" content=\"Crees\" \/>\n\t<meta name=\"twitter:label2\" content=\"Tiempo de lectura\" \/>\n\t<meta name=\"twitter:data2\" content=\"2 minutos\" \/>\n<script type=\"application\/ld+json\" class=\"yoast-schema-graph\">{\"@context\":\"https:\/\/schema.org\",\"@graph\":[{\"@type\":\"Article\",\"@id\":\"https:\/\/crees.org.do\/?p=18439#article\",\"isPartOf\":{\"@id\":\"https:\/\/crees.org.do\/?p=18439\"},\"author\":{\"name\":\"Crees\",\"@id\":\"https:\/\/crees.org.do\/#\/schema\/person\/e7f97cd94d7bf9cd0e0ce30acb7d56b8\"},\"headline\":\"CENTROC\u00c1MARA-RD reconoce labor de CREES por aportes al debate econ\u00f3mico\",\"datePublished\":\"2019-01-05T16:13:00+00:00\",\"dateModified\":\"2021-08-10T01:24:00+00:00\",\"mainEntityOfPage\":{\"@id\":\"https:\/\/crees.org.do\/?p=18439\"},\"wordCount\":503,\"publisher\":{\"@id\":\"https:\/\/crees.org.do\/#organization\"},\"articleSection\":[\"Art\u00edculos\"],\"inLanguage\":\"es\"},{\"@type\":\"WebPage\",\"@id\":\"https:\/\/crees.org.do\/?p=18439\",\"url\":\"https:\/\/crees.org.do\/?p=18439\",\"name\":\"CENTROC\u00c1MARA-RD reconoce labor de CREES por aportes al debate econ\u00f3mico | CREES\",\"isPartOf\":{\"@id\":\"https:\/\/crees.org.do\/#website\"},\"datePublished\":\"2019-01-05T16:13:00+00:00\",\"dateModified\":\"2021-08-10T01:24:00+00:00\",\"breadcrumb\":{\"@id\":\"https:\/\/crees.org.do\/?p=18439#breadcrumb\"},\"inLanguage\":\"es\",\"potentialAction\":[{\"@type\":\"ReadAction\",\"target\":[\"https:\/\/crees.org.do\/?p=18439\"]}]},{\"@type\":\"BreadcrumbList\",\"@id\":\"https:\/\/crees.org.do\/?p=18439#breadcrumb\",\"itemListElement\":[{\"@type\":\"ListItem\",\"position\":1,\"name\":\"Portada\",\"item\":\"https:\/\/crees.org.do\/\"},{\"@type\":\"ListItem\",\"position\":2,\"name\":\"CENTROC\u00c1MARA-RD reconoce labor de CREES por aportes al debate econ\u00f3mico\"}]},{\"@type\":\"WebSite\",\"@id\":\"https:\/\/crees.org.do\/#website\",\"url\":\"https:\/\/crees.org.do\/\",\"name\":\"CREES\",\"description\":\"Centro Regional de Estrategias Econ\u00f3micas Sostenibles\",\"publisher\":{\"@id\":\"https:\/\/crees.org.do\/#organization\"},\"potentialAction\":[{\"@type\":\"SearchAction\",\"target\":{\"@type\":\"EntryPoint\",\"urlTemplate\":\"https:\/\/crees.org.do\/?s={search_term_string}\"},\"query-input\":{\"@type\":\"PropertyValueSpecification\",\"valueRequired\":true,\"valueName\":\"search_term_string\"}}],\"inLanguage\":\"es\"},{\"@type\":\"Organization\",\"@id\":\"https:\/\/crees.org.do\/#organization\",\"name\":\"CREES | Centro Regional de Estrategias Econ\u00f3micas Sostenibles\",\"url\":\"https:\/\/crees.org.do\/\",\"logo\":{\"@type\":\"ImageObject\",\"inLanguage\":\"es\",\"@id\":\"https:\/\/crees.org.do\/#\/schema\/logo\/image\/\",\"url\":\"https:\/\/crees.org.do\/wp-content\/uploads\/2022\/03\/crees-logo-1.jpg\",\"contentUrl\":\"https:\/\/crees.org.do\/wp-content\/uploads\/2022\/03\/crees-logo-1.jpg\",\"width\":244,\"height\":71,\"caption\":\"CREES | Centro Regional de Estrategias Econ\u00f3micas Sostenibles\"},\"image\":{\"@id\":\"https:\/\/crees.org.do\/#\/schema\/logo\/image\/\"},\"sameAs\":[\"https:\/\/www.facebook.com\/CREESRD\/\",\"https:\/\/x.com\/CREESRD\"]},{\"@type\":\"Person\",\"@id\":\"https:\/\/crees.org.do\/#\/schema\/person\/e7f97cd94d7bf9cd0e0ce30acb7d56b8\",\"name\":\"Crees\",\"image\":{\"@type\":\"ImageObject\",\"inLanguage\":\"es\",\"@id\":\"https:\/\/crees.org.do\/#\/schema\/person\/image\/\",\"url\":\"https:\/\/secure.gravatar.com\/avatar\/390ac8f0be5d9aa046152553e2dd7011b59a512d89c150f5e5f28bb8d9a0b165?s=96&d=mm&r=g\",\"contentUrl\":\"https:\/\/secure.gravatar.com\/avatar\/390ac8f0be5d9aa046152553e2dd7011b59a512d89c150f5e5f28bb8d9a0b165?s=96&d=mm&r=g\",\"caption\":\"Crees\"},\"url\":\"https:\/\/crees.org.do\/?author=2\"}]}<\/script>\n<!-- \/ Yoast SEO plugin. -->","yoast_head_json":{"title":"CENTROC\u00c1MARA-RD reconoce labor de CREES por aportes al debate econ\u00f3mico | CREES","robots":{"index":"index","follow":"follow","max-snippet":"max-snippet:-1","max-image-preview":"max-image-preview:large","max-video-preview":"max-video-preview:-1"},"canonical":"https:\/\/crees.org.do\/?p=18439","og_locale":"es_ES","og_type":"article","og_title":"CENTROC\u00c1MARA-RD reconoce labor de CREES por aportes al debate econ\u00f3mico | CREES","og_description":"5 de febrero, 2019. CENTROC\u00c1MARA-RD reconoci\u00f3 al Centro Regional de Estrategias Econ\u00f3micas Sostenibles, Inc. (CREES) por sus aportes al debate y procesos econ\u00f3micos durante el evento de juramentaci\u00f3n de su nueva Junta Directiva. En el evento estuvieron presentes miembros asociados de la c\u00e1mara, l\u00edderes empresariales, la prensa nacional y representantes del sector gubernamental. El Ministro...","og_url":"https:\/\/crees.org.do\/?p=18439","og_site_name":"CREES","article_publisher":"https:\/\/www.facebook.com\/CREESRD\/","article_published_time":"2019-01-05T16:13:00+00:00","article_modified_time":"2021-08-10T01:24:00+00:00","og_image":[{"width":244,"height":71,"url":"https:\/\/crees.org.do\/wp-content\/uploads\/2022\/03\/crees-logo-1.jpg","type":"image\/jpeg"}],"author":"Crees","twitter_card":"summary_large_image","twitter_creator":"@CREESRD","twitter_site":"@CREESRD","twitter_misc":{"Escrito por":"Crees","Tiempo de lectura":"2 minutos"},"schema":{"@context":"https:\/\/schema.org","@graph":[{"@type":"Article","@id":"https:\/\/crees.org.do\/?p=18439#article","isPartOf":{"@id":"https:\/\/crees.org.do\/?p=18439"},"author":{"name":"Crees","@id":"https:\/\/crees.org.do\/#\/schema\/person\/e7f97cd94d7bf9cd0e0ce30acb7d56b8"},"headline":"CENTROC\u00c1MARA-RD reconoce labor de CREES por aportes al debate econ\u00f3mico","datePublished":"2019-01-05T16:13:00+00:00","dateModified":"2021-08-10T01:24:00+00:00","mainEntityOfPage":{"@id":"https:\/\/crees.org.do\/?p=18439"},"wordCount":503,"publisher":{"@id":"https:\/\/crees.org.do\/#organization"},"articleSection":["Art\u00edculos"],"inLanguage":"es"},{"@type":"WebPage","@id":"https:\/\/crees.org.do\/?p=18439","url":"https:\/\/crees.org.do\/?p=18439","name":"CENTROC\u00c1MARA-RD reconoce labor de CREES por aportes al debate econ\u00f3mico | CREES","isPartOf":{"@id":"https:\/\/crees.org.do\/#website"},"datePublished":"2019-01-05T16:13:00+00:00","dateModified":"2021-08-10T01:24:00+00:00","breadcrumb":{"@id":"https:\/\/crees.org.do\/?p=18439#breadcrumb"},"inLanguage":"es","potentialAction":[{"@type":"ReadAction","target":["https:\/\/crees.org.do\/?p=18439"]}]},{"@type":"BreadcrumbList","@id":"https:\/\/crees.org.do\/?p=18439#breadcrumb","itemListElement":[{"@type":"ListItem","position":1,"name":"Portada","item":"https:\/\/crees.org.do\/"},{"@type":"ListItem","position":2,"name":"CENTROC\u00c1MARA-RD reconoce labor de CREES por aportes al debate econ\u00f3mico"}]},{"@type":"WebSite","@id":"https:\/\/crees.org.do\/#website","url":"https:\/\/crees.org.do\/","name":"CREES","description":"Centro Regional de Estrategias Econ\u00f3micas Sostenibles","publisher":{"@id":"https:\/\/crees.org.do\/#organization"},"potentialAction":[{"@type":"SearchAction","target":{"@type":"EntryPoint","urlTemplate":"https:\/\/crees.org.do\/?s={search_term_string}"},"query-input":{"@type":"PropertyValueSpecification","valueRequired":true,"valueName":"search_term_string"}}],"inLanguage":"es"},{"@type":"Organization","@id":"https:\/\/crees.org.do\/#organization","name":"CREES | Centro Regional de Estrategias Econ\u00f3micas Sostenibles","url":"https:\/\/crees.org.do\/","logo":{"@type":"ImageObject","inLanguage":"es","@id":"https:\/\/crees.org.do\/#\/schema\/logo\/image\/","url":"https:\/\/crees.org.do\/wp-content\/uploads\/2022\/03\/crees-logo-1.jpg","contentUrl":"https:\/\/crees.org.do\/wp-content\/uploads\/2022\/03\/crees-logo-1.jpg","width":244,"height":71,"caption":"CREES | Centro Regional de Estrategias Econ\u00f3micas Sostenibles"},"image":{"@id":"https:\/\/crees.org.do\/#\/schema\/logo\/image\/"},"sameAs":["https:\/\/www.facebook.com\/CREESRD\/","https:\/\/x.com\/CREESRD"]},{"@type":"Person","@id":"https:\/\/crees.org.do\/#\/schema\/person\/e7f97cd94d7bf9cd0e0ce30acb7d56b8","name":"Crees","image":{"@type":"ImageObject","inLanguage":"es","@id":"https:\/\/crees.org.do\/#\/schema\/person\/image\/","url":"https:\/\/secure.gravatar.com\/avatar\/390ac8f0be5d9aa046152553e2dd7011b59a512d89c150f5e5f28bb8d9a0b165?s=96&d=mm&r=g","contentUrl":"https:\/\/secure.gravatar.com\/avatar\/390ac8f0be5d9aa046152553e2dd7011b59a512d89c150f5e5f28bb8d9a0b165?s=96&d=mm&r=g","caption":"Crees"},"url":"https:\/\/crees.org.do\/?author=2"}]}},"_links":{"self":[{"href":"https:\/\/crees.org.do\/index.php?rest_route=\/wp\/v2\/posts\/18439","targetHints":{"allow":["GET"]}}],"collection":[{"href":"https:\/\/crees.org.do\/index.php?rest_route=\/wp\/v2\/posts"}],"about":[{"href":"https:\/\/crees.org.do\/index.php?rest_route=\/wp\/v2\/types\/post"}],"author":[{"embeddable":true,"href":"https:\/\/crees.org.do\/index.php?rest_route=\/wp\/v2\/users\/2"}],"replies":[{"embeddable":true,"href":"https:\/\/crees.org.do\/index.php?rest_route=%2Fwp%2Fv2%2Fcomments&post=18439"}],"version-history":[{"count":2,"href":"https:\/\/crees.org.do\/index.php?rest_route=\/wp\/v2\/posts\/18439\/revisions"}],"predecessor-version":[{"id":18802,"href":"https:\/\/crees.org.do\/index.php?rest_route=\/wp\/v2\/posts\/18439\/revisions\/18802"}],"wp:attachment":[{"href":"https:\/\/crees.org.do\/index.php?rest_route=%2Fwp%2Fv2%2Fmedia&parent=18439"}],"wp:term":[{"taxonomy":"category","embeddable":true,"href":"https:\/\/crees.org.do\/index.php?rest_route=%2Fwp%2Fv2%2Fcategories&post=18439"},{"taxonomy":"post_tag","embeddable":true,"href":"https:\/\/crees.org.do\/index.php?rest_route=%2Fwp%2Fv2%2Ftags&post=18439"}],"curies":[{"name":"wp","href":"https:\/\/api.w.org\/{rel}","templated":true}]}}