{"id":18441,"date":"2019-03-06T18:23:00","date_gmt":"2019-03-06T18:23:00","guid":{"rendered":"https:\/\/crees.org.do\/protegerse-del-progreso\/"},"modified":"2019-03-06T18:23:00","modified_gmt":"2019-03-06T18:23:00","slug":"protegerse-del-progreso","status":"publish","type":"post","link":"https:\/\/crees.org.do\/?p=18441","title":{"rendered":"\u00bfProtegerse del progreso?"},"content":{"rendered":"<div style=\"margin: 0px; padding: 0px; border: 0px; font-family: arial; font-size: 13px; font-stretch: inherit; line-height: inherit; vertical-align: baseline; caret-color: rgb(70, 66, 66); color: rgb(70, 66, 66); text-align: justify;\"><span style=\"margin: 0px; padding: 0px; border: 0px; font-family: inherit; font-size: 12px; font-style: inherit; font-variant-caps: inherit; font-stretch: inherit; line-height: inherit; vertical-align: baseline;\"><span style=\"margin: 0px; padding: 0px; border: 0px; font-family: verdana, geneva, sans-serif; font-size: inherit; font-style: inherit; font-variant-caps: inherit; font-stretch: inherit; line-height: inherit; vertical-align: baseline;\">Autor: Jes\u00fas Renzullo<\/span><\/span><\/div>\n<div style=\"margin: 0px; padding: 0px; border: 0px; font-family: arial; font-size: 13px; font-stretch: inherit; line-height: inherit; vertical-align: baseline; caret-color: rgb(70, 66, 66); color: rgb(70, 66, 66); text-align: justify;\">&nbsp;<\/div>\n<div style=\"margin: 0px; padding: 0px; border: 0px; font-family: arial; font-size: 13px; font-stretch: inherit; line-height: inherit; vertical-align: baseline; caret-color: rgb(70, 66, 66); color: rgb(70, 66, 66); text-align: justify;\"><span style=\"font-family: verdana, geneva, sans-serif; font-size: inherit; font-style: inherit; font-variant-caps: inherit;\">Publicado originalmente el: 29 de abril del 2019&nbsp;<\/span><\/div>\n<div style=\"margin: 0px; padding: 0px; border: 0px; font-family: arial; font-size: 13px; font-stretch: inherit; line-height: inherit; vertical-align: baseline; caret-color: rgb(70, 66, 66); color: rgb(70, 66, 66); text-align: justify;\">&nbsp;<\/div>\n<div style=\"margin: 0px; padding: 0px; border: 0px; font-family: arial; font-size: 13px; font-stretch: inherit; line-height: inherit; vertical-align: baseline; caret-color: rgb(70, 66, 66); color: rgb(70, 66, 66); text-align: justify;\"><span style=\"margin: 0px; padding: 0px; border: 0px; font-family: verdana, geneva, sans-serif; font-size: 12px; font-style: inherit; font-variant-caps: inherit; font-stretch: inherit; line-height: inherit; vertical-align: baseline; caret-color: rgb(70, 62, 64); color: rgb(70, 62, 64);\">Extra\u00eddo de&nbsp;<\/span><a href=\"https:\/\/www.elcato.org\/protegerse-del-progreso\" style=\"margin: 0px; padding: 0px; border: 0px; font-family: verdana, geneva, sans-serif; font-size: 12px; font-style: inherit; font-variant-caps: inherit; font-stretch: inherit; line-height: inherit; vertical-align: baseline; color: rgb(6, 89, 145); caret-color: rgb(70, 62, 64);\">elcato.org<\/a><\/div>\n<div style=\"margin: 0px; padding: 0px; border: 0px; font-family: arial; font-size: 13px; font-stretch: inherit; line-height: inherit; vertical-align: baseline; caret-color: rgb(70, 66, 66); color: rgb(70, 66, 66); text-align: justify;\">&nbsp;<\/div>\n<div style=\"margin: 0px; padding: 0px; border: 0px; font-family: arial; font-size: 13px; font-stretch: inherit; line-height: inherit; vertical-align: baseline; caret-color: rgb(70, 66, 66); color: rgb(70, 66, 66); text-align: justify;\">\n<p style=\"margin: 0cm 0cm 8.25pt; font-size: medium; font-family: &quot;Times New Roman&quot;, serif; caret-color: rgb(0, 0, 0); color: rgb(0, 0, 0);\"><span style=\"font-family:verdana,geneva,sans-serif;\"><span style=\"font-size:12px;\"><span style=\"color: rgb(70, 62, 64);\">&iquest;Qu\u00e9 pasar\u00e1 con los trabajadores que tradicionalmente ejecutaban esos trabajos repetitivos<span class=\"apple-converted-space\">&nbsp;<\/span>y mecanizables que ahora podr\u00e1n realizar las m\u00e1quinas de manera m\u00e1s eficiente y a menor costo? Esta es una pregunta que agobia a cient\u00edficos, empresarios, trabajadores y, por supuesto, a los gobernantes.<\/span><\/span><\/span><span style=\"font-family: &quot;PT Serif&quot;, serif; color: rgb(70, 62, 64);\"><o:p><\/o:p><\/span><\/p>\n<p style=\"margin: 0cm 0cm 8.25pt; font-size: medium; font-family: &quot;Times New Roman&quot;, serif; color: rgb(0, 0, 0); box-sizing: border-box; caret-color: rgb(70, 62, 64);\"><span style=\"font-family:verdana,geneva,sans-serif;\"><span style=\"font-size:12px;\"><span style=\"color: rgb(70, 62, 64);\">Los seres humanos no tememos al cambio<span class=\"apple-converted-space\">&nbsp;<\/span><em style=\"box-sizing: border-box;\">per se<\/em>, sino a la p\u00e9rdida que el cambio conlleva. Cada una de las<span class=\"apple-converted-space\">&nbsp; revoluciones industriales<b>&nbsp;<\/b><\/span>tuvo en contraposici\u00f3n un proceso de resistencia al cambio, un contrapeso por parte de aquellos que ve\u00edan c\u00f3mo la tecnolog\u00eda los reemplazaba o modificaba su modo tradicional de vida. Las cr\u00edticas de estos grupos eran variadas e iban m\u00e1s all\u00e1 de la simple destrucci\u00f3n de empleos. De acuerdo con estos grupos, cada vez que se produc\u00eda una revoluci\u00f3n industrial, el mismo tejido social y moral se deshilachaba<a name=\"_ftnref1\" style=\"box-sizing: border-box;\"><\/a><a href=\"https:\/\/www.elcato.org\/protegerse-del-progreso#_ftn1\" style=\"color: rgb(149, 79, 114); text-decoration: underline;\"><sup style=\"box-sizing: border-box;\"><span style=\"color: rgb(33, 94, 133); text-decoration: none;\">[1]<\/span><\/sup><\/a>.<\/span><\/span><\/span><span style=\"font-family: &quot;PT Serif&quot;, serif; color: rgb(70, 62, 64);\"><o:p><\/o:p><\/span><\/p>\n<p style=\"margin: 0cm 0cm 8.25pt; font-size: medium; font-family: &quot;Times New Roman&quot;, serif; color: rgb(0, 0, 0); box-sizing: border-box; caret-color: rgb(70, 62, 64);\"><span style=\"font-family:verdana,geneva,sans-serif;\"><span style=\"font-size:12px;\"><span style=\"color: rgb(70, 62, 64);\">En la primera revoluci\u00f3n industrial sucedida en Inglaterra<b>,<\/b>&nbsp;el caso m\u00e1s radical de oposici\u00f3n lo representaban los &ldquo;Luditas&rdquo;, un movimiento violento nacido en 1811 en cinco condados del coraz\u00f3n de Gran Breta\u00f1a:&nbsp; Yorkshire, Lancashire, Cheshire, Derbyshire y Nottinghamshire. Comandadas por el General Ludd, cuadrillas de personas en contra de los componentes del nuevo sistema de producci\u00f3n de f\u00e1brica, causaron da\u00f1os a m\u00e1quinas y propiedades por un valor superior a las 100.000 libras de la \u00e9poca, sin contar los gastos en que incurri\u00f3 en desplegar las tropas en esas zonas durante los dos a\u00f1os que dur\u00f3 el conflicto, la instauraci\u00f3n de tribunales para ello, el pago de esp\u00edas, etc. En total, se estima un gasto de 1,5 millones de libras causados directa o indirectamente por los luditas<a name=\"_ftnref2\" style=\"box-sizing: border-box;\"><\/a><a href=\"https:\/\/www.elcato.org\/protegerse-del-progreso#_ftn2\" style=\"color: rgb(149, 79, 114); text-decoration: underline;\"><sup style=\"box-sizing: border-box;\"><span style=\"color: rgb(33, 94, 133); text-decoration: none;\">[2]<\/span><\/sup><\/a>.<\/span><\/span><\/span><span style=\"font-family: &quot;PT Serif&quot;, serif; color: rgb(70, 62, 64);\"><o:p><\/o:p><\/span><\/p>\n<p style=\"margin: 0cm 0cm 8.25pt; font-size: medium; font-family: &quot;Times New Roman&quot;, serif; color: rgb(0, 0, 0); box-sizing: border-box; caret-color: rgb(70, 62, 64);\"><span style=\"font-family:verdana,geneva,sans-serif;\"><span style=\"font-size:12px;\"><span style=\"color: rgb(70, 62, 64);\">Los luditas sent\u00edan la intrusi\u00f3n de la m\u00e1quina como un ataque directo a su modo de vida artesanal. Los talleres fueron reemplazados por f\u00e1bricas y los expertos por m\u00e1quinas. La antigua vida del campo o del artesano, de trabajo manual desde que sale el sol hasta que se oculta, pero en familia y lentamente, fue reemplazado por el trabajo en f\u00e1bricas y minas, con jornadas de 12 a 14 horas en condiciones insalubres y peligrosas. Los luditas representaron los que suelen autodenominarse como &ldquo;las v\u00edctimas del progreso&rdquo;.<\/span><\/span><\/span><span style=\"font-family: &quot;PT Serif&quot;, serif; color: rgb(70, 62, 64);\"><o:p><\/o:p><\/span><\/p>\n<p style=\"margin: 0cm 0cm 8.25pt; font-size: medium; font-family: &quot;Times New Roman&quot;, serif; color: rgb(0, 0, 0); box-sizing: border-box; caret-color: rgb(70, 62, 64);\"><span style=\"font-family:verdana,geneva,sans-serif;\"><span style=\"font-size:12px;\"><span style=\"color: rgb(70, 62, 64);\">Lo mismo sucede hoy en d\u00eda con los avances producidos por la Cuarta Revoluci\u00f3n Industrial. No hablamos de cuadrillas de personas destruyendo las nuevas f\u00e1bricas 4.0 que est\u00e1n naciendo en pa\u00edses como Alemania, pero no faltan opositores a esta disrupci\u00f3n tecnol\u00f3gica. Desde la Sociedad Americana de Anestesi\u00f3logos, que se opone a Sedasys, un robot anestesi\u00f3logo que adem\u00e1s vigila los signos vitales del paciente, que acab\u00f3 por ser retirado del mercado<a name=\"_ftnref3\" style=\"box-sizing: border-box;\"><\/a><a href=\"https:\/\/www.elcato.org\/protegerse-del-progreso#_ftn3\" style=\"color: rgb(149, 79, 114); text-decoration: underline;\"><sup style=\"box-sizing: border-box;\"><span style=\"color: rgb(33, 94, 133); text-decoration: none;\">[3]<\/span><\/sup><\/a>; hasta la creciente cantidad de expertos, que advierten de la gran cantidad de empleos poco especializados que se destruir\u00e1n en el proceso y son esc\u00e9pticos ante la posibilidad de que \u00e9stos sean reemplazados por empleos mejor remunerados y menos demandantes &ndash;como ha sido el caso de la segunda y tercera revoluci\u00f3n<a name=\"_ftnref4\" style=\"box-sizing: border-box;\"><\/a><a href=\"https:\/\/www.elcato.org\/protegerse-del-progreso#_ftn4\" style=\"color: rgb(149, 79, 114); text-decoration: underline;\"><sup style=\"box-sizing: border-box;\"><span style=\"color: rgb(33, 94, 133); text-decoration: none;\">[4]<\/span><\/sup><\/a>. La agricultura y la manufactura especialmente, que emplean la mayor\u00eda de la mano de obra en las econom\u00edas, son susceptibles a ser automatizadas, afirma la Organizaci\u00f3n para la Cooperaci\u00f3n y el Desarrollo Econ\u00f3mico<span class=\"apple-converted-space\">&nbsp;<\/span>(OCDE).<\/span><\/span><\/span><span style=\"font-family: &quot;PT Serif&quot;, serif; color: rgb(70, 62, 64);\"><o:p><\/o:p><\/span><\/p>\n<p style=\"margin: 0cm 0cm 8.25pt; font-size: medium; font-family: &quot;Times New Roman&quot;, serif; color: rgb(0, 0, 0); box-sizing: border-box; caret-color: rgb(70, 62, 64);\"><span style=\"font-family:verdana,geneva,sans-serif;\"><span style=\"font-size:12px;\"><span style=\"color: rgb(70, 62, 64);\">Es normal temer a un futuro incierto, donde nuestro modo de vida, ya arraigado, se ve obligado a cambiar para abrir paso a las nuevas posibilidades. Pero, &iquest;es acaso pertinente intentar detener, a trav\u00e9s de medidas gubernamentales o resistencia gremial, el avance de las tecnolog\u00edas? &iquest;Es el futuro de la Cuarta Revoluci\u00f3n Industrial verdaderamente incierto?<\/span><\/span><\/span><span style=\"font-family: &quot;PT Serif&quot;, serif; color: rgb(70, 62, 64);\"><o:p><\/o:p><\/span><\/p>\n<p style=\"margin: 0cm 0cm 8.25pt; font-size: medium; font-family: &quot;Times New Roman&quot;, serif; color: rgb(0, 0, 0); box-sizing: border-box; caret-color: rgb(70, 62, 64);\"><span style=\"font-family:verdana,geneva,sans-serif;\"><span style=\"font-size:12px;\"><span style=\"color: rgb(70, 62, 64);\">La historia nos demuestra que los avances tecnol\u00f3gicos producidos durante las anteriores revoluciones industriales representaron un aumento en la calidad de vida de las personas donde esas tecnolog\u00edas eran insertadas, especialmente de los trabajadores y crearon nuevos empleos menos intensivos en fuerza y mejor remunerados.<\/span><\/span><\/span><span style=\"font-family: &quot;PT Serif&quot;, serif; color: rgb(70, 62, 64);\"><o:p><\/o:p><\/span><\/p>\n<p style=\"margin: 0cm 0cm 8.25pt; font-size: medium; font-family: &quot;Times New Roman&quot;, serif; color: rgb(0, 0, 0); box-sizing: border-box; caret-color: rgb(70, 62, 64);\"><span style=\"font-family:verdana,geneva,sans-serif;\"><span style=\"font-size:12px;\"><span style=\"color: rgb(70, 62, 64);\">Si volvemos a la primera revoluci\u00f3n industrial, una de las principales preocupaciones era la p\u00e9rdida de empleos en el sector tanto del hierro como de telas, seg\u00fan los aparatos hidr\u00e1ulicos reemplazaron al artesano. Pero la revoluci\u00f3n industrial trajo consigo la creaci\u00f3n de nuevos empleos, dando nacimiento a lo que conocemos como &ldquo;la clase obrera&rdquo;. Eran trabajos de poca experticia, donde el obrero se convert\u00eda en un engranaje de una gran cadena de producci\u00f3n. A pesar de que al principio los salarios eran bajos, en menos de 30 a\u00f1os empezaron a subir constantemente<a name=\"_ftnref5\" style=\"box-sizing: border-box;\"><\/a><a href=\"https:\/\/www.elcato.org\/protegerse-del-progreso#_ftn5\" style=\"color: rgb(149, 79, 114); text-decoration: underline;\"><sup style=\"box-sizing: border-box;\"><span style=\"color: rgb(33, 94, 133); text-decoration: none;\">[5]<\/span><\/sup><\/a><span class=\"apple-converted-space\">&nbsp;<\/span>y con ello, la calidad y la esperanza de vida de los trabajadores.<\/span><\/span><\/span><span style=\"font-family: &quot;PT Serif&quot;, serif; color: rgb(70, 62, 64);\"><o:p><\/o:p><\/span><\/p>\n<p style=\"margin: 0cm 0cm 8.25pt; font-size: medium; font-family: &quot;Times New Roman&quot;, serif; color: rgb(0, 0, 0); box-sizing: border-box; caret-color: rgb(70, 62, 64);\"><span style=\"font-family:verdana,geneva,sans-serif;\"><span style=\"font-size:12px;\"><span style=\"color: rgb(70, 62, 64);\">Sin embargo, estos trabajos ten\u00edan problemas. En primer lugar, las condiciones laborales y las largas jornadas de trabajo afectaban la salud de los trabajadores. El sistema de trabajo mec\u00e1nico de &ldquo;engranaje de cadena de producci\u00f3n&rdquo; desincentivaba la creatividad laboral.&nbsp;Finalmente, a pesar de que las nuevas herramientas creadas y la producci\u00f3n en masa de las antiguas hac\u00edan m\u00e1s f\u00e1cil el trabajo, a\u00fan era intensivo en fuerza bruta.<\/span><\/span><\/span><span style=\"font-family: &quot;PT Serif&quot;, serif; color: rgb(70, 62, 64);\"><o:p><\/o:p><\/span><\/p>\n<p style=\"margin: 0cm 0cm 8.25pt; font-size: medium; font-family: &quot;Times New Roman&quot;, serif; color: rgb(0, 0, 0); box-sizing: border-box; caret-color: rgb(70, 62, 64);\"><span style=\"font-family:verdana,geneva,sans-serif;\"><span style=\"font-size:12px;\"><span style=\"color: rgb(70, 62, 64);\">Este fue el inicio de un (no tan) largo proceso de revoluciones industriales que fueron relegando a las m\u00e1quinas el trabajo pesado mientras nosotros los seres humanos nos concentr\u00e1bamos en ejercitar nuestro punto fuerte: el ingenio. Hemos pasado de construir autos, pavimentar calles y regar plantaciones a mano, a dejar a la m\u00e1quina hacerlo mientras nosotros supervisamos los procedimientos, corregimos los errores y estimamos la producci\u00f3n futura. Para enviar un mensaje o ir a otro continente ya no necesitamos de mensajeros o botes de galeras; aprendimos a producir tecnolog\u00edas avanzadas de comunicaci\u00f3n (desde el tel\u00e9grafo al internet) y medios de transporte auto-propulsados (desde barcos a vapor y trenes hasta aviones supers\u00f3nicos).<\/span><\/span><\/span><span style=\"font-family: &quot;PT Serif&quot;, serif; color: rgb(70, 62, 64);\"><o:p><\/o:p><\/span><\/p>\n<p style=\"margin: 0cm 0cm 8.25pt; font-size: medium; font-family: &quot;Times New Roman&quot;, serif; color: rgb(0, 0, 0); box-sizing: border-box; caret-color: rgb(70, 62, 64);\"><span style=\"font-family:verdana,geneva,sans-serif;\"><span style=\"font-size:12px;\"><span style=\"color: rgb(70, 62, 64);\">Si lo pensamos bien, todos y cada uno de estos inventos acabaron con una gran cantidad de empleos. Fueron eliminados por un proceso de &ldquo;destrucci\u00f3n creativa&rdquo; como lo define el economista austriaco Joseph Schumpeter, donde los avances tecnol\u00f3gicos afectan a empresas, incluso las firmemente establecidas desde hace d\u00e9cadas. Pero esto no se tradujo en falta de empleos. Todo lo contrario.<\/span><\/span><\/span><span style=\"font-family: &quot;PT Serif&quot;, serif; color: rgb(70, 62, 64);\"><o:p><\/o:p><\/span><\/p>\n<p style=\"margin: 0cm 0cm 8.25pt; font-size: medium; font-family: &quot;Times New Roman&quot;, serif; color: rgb(0, 0, 0); box-sizing: border-box; caret-color: rgb(70, 62, 64);\"><span style=\"font-family:verdana,geneva,sans-serif;\"><span style=\"font-size:12px;\"><span style=\"color: rgb(70, 62, 64);\">Lo que s\u00ed ocurri\u00f3 fue un aumento de la calidad de vida de los trabajadores, cuyos nuevos empleos, nacidos del avance tecnol\u00f3gico, eran mejor remunerados, menos mec\u00e1nicos y m\u00e1s creativos. En libre mercado, la creatividad empresarial y la capacidad de adaptaci\u00f3n de los individuos es tal, que poco importan las disrupciones que las nuevas tecnolog\u00edas produzcan, siempre encontramos la manera de aprovecharlas al m\u00e1ximo para mejorar la longevidad, la abundancia y la calidad de nuestras vidas.<span class=\"apple-converted-space\">&nbsp;Seg\u00fan la tecnolog\u00eda avanza, el trabajo se hace m\u00e1s humano y nos hace m\u00e1s humanos.<\/span><\/span><\/span><\/span><\/p>\n<p style=\"margin: 0cm 0cm 8.25pt; font-size: medium; font-family: &quot;Times New Roman&quot;, serif; color: rgb(0, 0, 0); box-sizing: border-box; caret-color: rgb(70, 62, 64);\"><span style=\"font-family:verdana,geneva,sans-serif;\"><span style=\"font-size:12px;\"><span style=\"color: rgb(70, 62, 64);\">De acuerdo con la OCDE, 14% de los empleos de los pa\u00edses desarrollados son automatizables y es probable que m\u00e1s del 30% presente cambios significativos gracias a la cuarta revoluci\u00f3n industrial. No hay que interpretar esto como una posible p\u00e9rdida de empleos, sino como el reemplazo de empleos de baja remuneraci\u00f3n y poca creatividad por unos mucho mejores. Ya, hoy en d\u00eda, est\u00e1n naciendo cientos de nuevos empleos gracias a las necesidades que traen estas nuevas tecnolog\u00edas y el aumento de la calidad de vida de los ciudadanos.<\/span><\/span><\/span><span style=\"font-family: &quot;PT Serif&quot;, serif; color: rgb(70, 62, 64);\"><o:p><\/o:p><\/span><\/p>\n<p style=\"margin: 0cm 0cm 8.25pt; font-size: medium; font-family: &quot;Times New Roman&quot;, serif; color: rgb(0, 0, 0); box-sizing: border-box; caret-color: rgb(70, 62, 64);\"><span style=\"font-family:verdana,geneva,sans-serif;\"><span style=\"font-size:12px;\"><span style=\"color: rgb(70, 62, 64);\">Desde curadores de software y asesores de ciberseguridad, hasta<span class=\"apple-converted-space\">&nbsp;<\/span><em style=\"box-sizing: border-box;\">community managers<\/em><span class=\"apple-converted-space\">&nbsp;<\/span>y estrategas digitales, los nuevos empleos no solicitan el uso de nuestra fuerza, ni tampoco que nos &ldquo;desconectemos&rdquo; mentalmente para realizar una tarea mec\u00e1nica. Para eso est\u00e1n las m\u00e1quinas. Ellas son creadas para apoyarnos en esas tareas, mientras nosotros nos concentramos en lo que somos realmente buenos: pensar.<\/span><\/span><\/span><span style=\"font-family: &quot;PT Serif&quot;, serif; color: rgb(70, 62, 64);\"><o:p><\/o:p><\/span><\/p>\n<p style=\"margin: 0cm 0cm 8.25pt; font-size: medium; font-family: &quot;Times New Roman&quot;, serif; color: rgb(0, 0, 0); box-sizing: border-box; caret-color: rgb(70, 62, 64);\"><span style=\"font-family:verdana,geneva,sans-serif;\"><span style=\"font-size:12px;\"><span style=\"color: rgb(70, 62, 64);\">Si tratamos de detener el progreso, perderemos las oportunidades que nos brinda. Es hora de que dejemos de temerle a aquello que es novedoso. Empecemos a pensar en todos los beneficios que nos traer\u00e1 el cambio y busquemos la manera de aprovecharlo.<\/span><\/span><\/span><\/p>\n<p style=\"margin: 0cm 0cm 8.25pt; font-size: medium; font-family: &quot;Times New Roman&quot;, serif; color: rgb(0, 0, 0); box-sizing: border-box; caret-color: rgb(70, 62, 64);\"><span style=\"font-family:verdana,geneva,sans-serif;\"><span style=\"font-size:12px;\"><span style=\"color: rgb(70, 62, 64);\">____________________________________<\/span><\/span><\/span><span style=\"font-family: &quot;PT Serif&quot;, serif; color: rgb(70, 62, 64);\"><o:p><\/o:p><\/span><\/p>\n<\/div>\n<p style=\"margin: 0cm 0cm 8.25pt; font-size: medium; font-family: &quot;Times New Roman&quot;, serif; caret-color: rgb(0, 0, 0); color: rgb(0, 0, 0); text-align: justify;\"><span style=\"font-family:verdana,geneva,sans-serif;\"><span style=\"font-size:12px;\"><a name=\"_ftn1\"><\/a><a href=\"https:\/\/www.elcato.org\/protegerse-del-progreso#_ftnref1\" style=\"color: rgb(149, 79, 114); text-decoration: underline;\"><sup style=\"box-sizing: border-box;\"><span style=\"color: rgb(33, 94, 133); text-decoration: none;\">[1]<\/span><\/sup><\/a><span class=\"apple-converted-space\"><span style=\"color: rgb(70, 62, 64);\">&nbsp;<\/span><\/span><span style=\"color: rgb(70, 62, 64);\">Incluso hoy en d\u00eda se expresan movimientos de oposici\u00f3n al avance tecnol\u00f3gico. Para conocerlos un poco m\u00e1s,<span class=\"apple-converted-space\">&nbsp;<\/span><a href=\"https:\/\/www.eldiario.es\/hojaderouter\/tecnologia\/ludismo-neoludismo-tecnologia-progreso_0_363264767.html\" style=\"color: rgb(149, 79, 114); text-decoration: underline; box-sizing: border-box;\" target=\"_blank\" rel=\"noopener\"><span style=\"color: rgb(33, 94, 133); text-decoration: none;\">este art\u00edculo<\/span><\/a><span class=\"apple-converted-space\">&nbsp;<\/span>de<span class=\"apple-converted-space\">&nbsp;<\/span><em style=\"box-sizing: border-box;\">El Pa\u00eds<\/em><span class=\"apple-converted-space\">&nbsp;<\/span>es ilustrativo.&nbsp;<\/span><\/span><\/span><span style=\"font-family: &quot;PT Serif&quot;, serif; color: rgb(70, 62, 64);\"><o:p><\/o:p><\/span><\/p>\n<p style=\"margin: 0cm 0cm 8.25pt; font-size: medium; font-family: &quot;Times New Roman&quot;, serif; color: rgb(0, 0, 0); box-sizing: border-box; caret-color: rgb(70, 62, 64); text-align: justify;\"><span style=\"font-family:verdana,geneva,sans-serif;\"><span style=\"font-size:12px;\"><a name=\"_ftn2\" style=\"box-sizing: border-box;\"><\/a><a href=\"https:\/\/www.elcato.org\/protegerse-del-progreso#_ftnref2\" style=\"color: rgb(149, 79, 114); text-decoration: underline;\"><sup style=\"box-sizing: border-box;\"><span style=\"color: rgb(33, 94, 133); text-decoration: none;\">[2]<\/span><\/sup><\/a><span class=\"apple-converted-space\"><span style=\"color: rgb(70, 62, 64);\">&nbsp;<\/span><\/span><span style=\"color: rgb(70, 62, 64);\">La presentaci\u00f3n de<span class=\"apple-converted-space\"><b>&nbsp;<\/b><\/span><strong>Patricia de la Fuente L\u00f3pez<\/strong><span class=\"apple-converted-space\">&nbsp;<\/span>&ldquo;<a href=\"http:\/\/mimosa.pntic.mec.es\/~sferna18\/materiales\/salus\/LUDITAS.pdf\" style=\"color: rgb(149, 79, 114); text-decoration: underline; box-sizing: border-box;\" target=\"_blank\" rel=\"noopener\"><span style=\"color: rgb(33, 94, 133); text-decoration: none;\">Los luditas y la tecnolog\u00eda: lecciones del pasado para sociedades del presente<\/span><\/a>&rdquo; profundiza sobre este tema.<\/span><\/span><\/span><span style=\"font-family: &quot;PT Serif&quot;, serif; color: rgb(70, 62, 64);\"><o:p><\/o:p><\/span><\/p>\n<p style=\"margin: 0cm 0cm 8.25pt; font-size: medium; font-family: &quot;Times New Roman&quot;, serif; color: rgb(0, 0, 0); box-sizing: border-box; caret-color: rgb(70, 62, 64); text-align: justify;\"><span style=\"font-family:verdana,geneva,sans-serif;\"><span style=\"font-size:12px;\"><a name=\"_ftn3\" style=\"box-sizing: border-box;\"><\/a><a href=\"https:\/\/www.elcato.org\/protegerse-del-progreso#_ftnref3\" style=\"color: rgb(149, 79, 114); text-decoration: underline;\"><sup style=\"box-sizing: border-box;\"><span style=\"color: rgb(33, 94, 133); text-decoration: none;\">[3]<\/span><\/sup><\/a><span class=\"apple-converted-space\"><span style=\"color: rgb(70, 62, 64);\">&nbsp;<\/span><\/span><span style=\"color: rgb(70, 62, 64);\">Para saber m\u00e1s, ver:<span class=\"apple-converted-space\">&nbsp;<\/span><a href=\"https:\/\/www.wsj.com\/articles\/j-j-to-stop-selling-automated-sedation-system-sedasys-1457989723\" style=\"color: rgb(149, 79, 114); text-decoration: underline; box-sizing: border-box;\" target=\"_blank\" rel=\"noopener\"><span style=\"color: rgb(33, 94, 133); text-decoration: none;\">https:\/\/www.wsj.com\/articles\/j-j-to-stop-selling-automated-sedation-system-sedasys-1457989723<\/span><\/a><\/span><\/span><\/span><span style=\"font-family: &quot;PT Serif&quot;, serif; color: rgb(70, 62, 64);\"><o:p><\/o:p><\/span><\/p>\n<p style=\"margin: 0cm 0cm 8.25pt; font-size: medium; font-family: &quot;Times New Roman&quot;, serif; color: rgb(0, 0, 0); box-sizing: border-box; caret-color: rgb(70, 62, 64); text-align: justify;\"><span style=\"font-family:verdana,geneva,sans-serif;\"><span style=\"font-size:12px;\"><a name=\"_ftn4\" style=\"box-sizing: border-box;\"><\/a><a href=\"https:\/\/www.elcato.org\/protegerse-del-progreso#_ftnref4\" style=\"color: rgb(149, 79, 114); text-decoration: underline;\"><sup style=\"box-sizing: border-box;\"><span style=\"color: rgb(33, 94, 133); text-decoration: none;\">[4]<\/span><\/sup><\/a><span class=\"apple-converted-space\"><span style=\"color: rgb(70, 62, 64);\">&nbsp;<\/span><\/span><span style=\"color: rgb(70, 62, 64);\">Para conocer un poco m\u00e1s del debate sobre las consecuencias en el empleo de la cuarta revoluci\u00f3n industrial, leer:<span class=\"apple-converted-space\">&nbsp;<\/span><a href=\"https:\/\/elpais.com\/internacional\/2018\/05\/25\/actualidad\/1527269385_936348.html\" style=\"color: rgb(149, 79, 114); text-decoration: underline; box-sizing: border-box;\" target=\"_blank\" rel=\"noopener\"><span style=\"color: rgb(33, 94, 133); text-decoration: none;\">https:\/\/elpais.com\/internacional\/2018\/05\/25\/actualidad\/1527269385_936348.html<\/span><\/a><\/span><\/span><\/span><span style=\"font-family: &quot;PT Serif&quot;, serif; color: rgb(70, 62, 64);\"><o:p><\/o:p><\/span><\/p>\n<p style=\"margin: 0cm 0cm 8.25pt; font-size: medium; font-family: &quot;Times New Roman&quot;, serif; color: rgb(0, 0, 0); box-sizing: border-box; caret-color: rgb(70, 62, 64); text-align: justify;\"><span style=\"font-family:verdana,geneva,sans-serif;\"><span style=\"font-size:12px;\"><a name=\"_ftn5\" style=\"box-sizing: border-box;\"><\/a><a href=\"https:\/\/www.elcato.org\/protegerse-del-progreso#_ftnref5\" style=\"color: rgb(149, 79, 114); text-decoration: underline;\"><sup style=\"box-sizing: border-box;\"><span style=\"color: rgb(33, 94, 133); text-decoration: none;\">[5]<\/span><\/sup><\/a><span class=\"apple-converted-space\"><span style=\"color: rgb(70, 62, 64);\">&nbsp;<\/span><\/span><\/span><\/span><span style=\"font-family: &quot;PT Serif&quot;, serif; color: rgb(70, 62, 64);\"><span style=\"font-family:verdana,geneva,sans-serif;\"><span style=\"font-size:12px;\">Estas son las estimaciones m\u00e1s pesimistas. Algunos autores afirman que el aumento de salarios fue mucho m\u00e1s veloz.<\/span><\/span><o:p><\/o:p><\/span><\/p>\n<div class=\"pvc_clear\"><\/div>\n<p class=\"pvc_stats all \" data-element-id=\"18441\" style=\"\"><i class=\"pvc-stats-icon medium\" aria-hidden=\"true\"><svg aria-hidden=\"true\" focusable=\"false\" data-prefix=\"far\" data-icon=\"chart-bar\" role=\"img\" xmlns=\"http:\/\/www.w3.org\/2000\/svg\" viewBox=\"0 0 512 512\" class=\"svg-inline--fa fa-chart-bar fa-w-16 fa-2x\"><path fill=\"currentColor\" d=\"M396.8 352h22.4c6.4 0 12.8-6.4 12.8-12.8V108.8c0-6.4-6.4-12.8-12.8-12.8h-22.4c-6.4 0-12.8 6.4-12.8 12.8v230.4c0 6.4 6.4 12.8 12.8 12.8zm-192 0h22.4c6.4 0 12.8-6.4 12.8-12.8V140.8c0-6.4-6.4-12.8-12.8-12.8h-22.4c-6.4 0-12.8 6.4-12.8 12.8v198.4c0 6.4 6.4 12.8 12.8 12.8zm96 0h22.4c6.4 0 12.8-6.4 12.8-12.8V204.8c0-6.4-6.4-12.8-12.8-12.8h-22.4c-6.4 0-12.8 6.4-12.8 12.8v134.4c0 6.4 6.4 12.8 12.8 12.8zM496 400H48V80c0-8.84-7.16-16-16-16H16C7.16 64 0 71.16 0 80v336c0 17.67 14.33 32 32 32h464c8.84 0 16-7.16 16-16v-16c0-8.84-7.16-16-16-16zm-387.2-48h22.4c6.4 0 12.8-6.4 12.8-12.8v-70.4c0-6.4-6.4-12.8-12.8-12.8h-22.4c-6.4 0-12.8 6.4-12.8 12.8v70.4c0 6.4 6.4 12.8 12.8 12.8z\" class=\"\"><\/path><\/svg><\/i> Vistas Totales&nbsp;1,067&nbsp;, Vistas Hoy&nbsp;4&nbsp;<\/p>\n<div class=\"pvc_clear\"><\/div>\n","protected":false},"excerpt":{"rendered":"<p>Autor: Jes\u00fas Renzullo &nbsp; Publicado originalmente el: 29 de abril del 2019&nbsp; &nbsp; Extra\u00eddo de&nbsp;elcato.org &nbsp; &iquest;Qu\u00e9 pasar\u00e1 con los trabajadores que tradicionalmente ejecutaban esos trabajos repetitivos&nbsp;y mecanizables que ahora podr\u00e1n realizar las m\u00e1quinas de manera m\u00e1s eficiente y a menor costo? Esta es una pregunta que agobia a cient\u00edficos, empresarios, trabajadores y, por supuesto,&#8230;<\/p>\n<div class=\"pvc_clear\"><\/div>\n<p class=\"pvc_stats all \" data-element-id=\"18441\" style=\"\"><i class=\"pvc-stats-icon medium\" aria-hidden=\"true\"><svg aria-hidden=\"true\" focusable=\"false\" data-prefix=\"far\" data-icon=\"chart-bar\" role=\"img\" xmlns=\"http:\/\/www.w3.org\/2000\/svg\" viewBox=\"0 0 512 512\" class=\"svg-inline--fa fa-chart-bar fa-w-16 fa-2x\"><path fill=\"currentColor\" d=\"M396.8 352h22.4c6.4 0 12.8-6.4 12.8-12.8V108.8c0-6.4-6.4-12.8-12.8-12.8h-22.4c-6.4 0-12.8 6.4-12.8 12.8v230.4c0 6.4 6.4 12.8 12.8 12.8zm-192 0h22.4c6.4 0 12.8-6.4 12.8-12.8V140.8c0-6.4-6.4-12.8-12.8-12.8h-22.4c-6.4 0-12.8 6.4-12.8 12.8v198.4c0 6.4 6.4 12.8 12.8 12.8zm96 0h22.4c6.4 0 12.8-6.4 12.8-12.8V204.8c0-6.4-6.4-12.8-12.8-12.8h-22.4c-6.4 0-12.8 6.4-12.8 12.8v134.4c0 6.4 6.4 12.8 12.8 12.8zM496 400H48V80c0-8.84-7.16-16-16-16H16C7.16 64 0 71.16 0 80v336c0 17.67 14.33 32 32 32h464c8.84 0 16-7.16 16-16v-16c0-8.84-7.16-16-16-16zm-387.2-48h22.4c6.4 0 12.8-6.4 12.8-12.8v-70.4c0-6.4-6.4-12.8-12.8-12.8h-22.4c-6.4 0-12.8 6.4-12.8 12.8v70.4c0 6.4 6.4 12.8 12.8 12.8z\" class=\"\"><\/path><\/svg><\/i> Vistas Totales&nbsp;1,067&nbsp;, Vistas Hoy&nbsp;4&nbsp;<\/p>\n<div class=\"pvc_clear\"><\/div>\n","protected":false},"author":2,"featured_media":0,"comment_status":"closed","ping_status":"open","sticky":false,"template":"","format":"standard","meta":{"footnotes":""},"categories":[22],"tags":[],"class_list":["post-18441","post","type-post","status-publish","format-standard","hentry","category-articulos"],"yoast_head":"<!-- This site is optimized with the Yoast SEO plugin v25.2 - https:\/\/yoast.com\/wordpress\/plugins\/seo\/ -->\n<title>\u00bfProtegerse del progreso? | CREES<\/title>\n<meta name=\"robots\" content=\"index, follow, max-snippet:-1, max-image-preview:large, max-video-preview:-1\" \/>\n<link rel=\"canonical\" href=\"https:\/\/crees.org.do\/?p=18441\" \/>\n<meta property=\"og:locale\" content=\"es_ES\" \/>\n<meta property=\"og:type\" content=\"article\" \/>\n<meta property=\"og:title\" content=\"\u00bfProtegerse del progreso? | CREES\" \/>\n<meta property=\"og:description\" content=\"Autor: Jes\u00fas Renzullo &nbsp; Publicado originalmente el: 29 de abril del 2019&nbsp; &nbsp; Extra\u00eddo de&nbsp;elcato.org &nbsp; &iquest;Qu\u00e9 pasar\u00e1 con los trabajadores que tradicionalmente ejecutaban esos trabajos repetitivos&nbsp;y mecanizables que ahora podr\u00e1n realizar las m\u00e1quinas de manera m\u00e1s eficiente y a menor costo? Esta es una pregunta que agobia a cient\u00edficos, empresarios, trabajadores y, por supuesto,...\" \/>\n<meta property=\"og:url\" content=\"https:\/\/crees.org.do\/?p=18441\" \/>\n<meta property=\"og:site_name\" content=\"CREES\" \/>\n<meta property=\"article:publisher\" content=\"https:\/\/www.facebook.com\/CREESRD\/\" \/>\n<meta property=\"article:published_time\" content=\"2019-03-06T18:23:00+00:00\" \/>\n<meta property=\"og:image\" content=\"https:\/\/crees.org.do\/wp-content\/uploads\/2022\/03\/crees-logo-1.jpg\" \/>\n\t<meta property=\"og:image:width\" content=\"244\" \/>\n\t<meta property=\"og:image:height\" content=\"71\" \/>\n\t<meta property=\"og:image:type\" content=\"image\/jpeg\" \/>\n<meta name=\"author\" content=\"Crees\" \/>\n<meta name=\"twitter:card\" content=\"summary_large_image\" \/>\n<meta name=\"twitter:creator\" content=\"@CREESRD\" \/>\n<meta name=\"twitter:site\" content=\"@CREESRD\" \/>\n<meta name=\"twitter:label1\" content=\"Escrito por\" \/>\n\t<meta name=\"twitter:data1\" content=\"Crees\" \/>\n\t<meta name=\"twitter:label2\" content=\"Tiempo de lectura\" \/>\n\t<meta name=\"twitter:data2\" content=\"7 minutos\" \/>\n<script type=\"application\/ld+json\" class=\"yoast-schema-graph\">{\"@context\":\"https:\/\/schema.org\",\"@graph\":[{\"@type\":\"Article\",\"@id\":\"https:\/\/crees.org.do\/?p=18441#article\",\"isPartOf\":{\"@id\":\"https:\/\/crees.org.do\/?p=18441\"},\"author\":{\"name\":\"Crees\",\"@id\":\"https:\/\/crees.org.do\/#\/schema\/person\/e7f97cd94d7bf9cd0e0ce30acb7d56b8\"},\"headline\":\"\u00bfProtegerse del progreso?\",\"datePublished\":\"2019-03-06T18:23:00+00:00\",\"mainEntityOfPage\":{\"@id\":\"https:\/\/crees.org.do\/?p=18441\"},\"wordCount\":1502,\"publisher\":{\"@id\":\"https:\/\/crees.org.do\/#organization\"},\"articleSection\":[\"Art\u00edculos\"],\"inLanguage\":\"es\"},{\"@type\":\"WebPage\",\"@id\":\"https:\/\/crees.org.do\/?p=18441\",\"url\":\"https:\/\/crees.org.do\/?p=18441\",\"name\":\"\u00bfProtegerse del progreso? | CREES\",\"isPartOf\":{\"@id\":\"https:\/\/crees.org.do\/#website\"},\"datePublished\":\"2019-03-06T18:23:00+00:00\",\"breadcrumb\":{\"@id\":\"https:\/\/crees.org.do\/?p=18441#breadcrumb\"},\"inLanguage\":\"es\",\"potentialAction\":[{\"@type\":\"ReadAction\",\"target\":[\"https:\/\/crees.org.do\/?p=18441\"]}]},{\"@type\":\"BreadcrumbList\",\"@id\":\"https:\/\/crees.org.do\/?p=18441#breadcrumb\",\"itemListElement\":[{\"@type\":\"ListItem\",\"position\":1,\"name\":\"Portada\",\"item\":\"https:\/\/crees.org.do\/\"},{\"@type\":\"ListItem\",\"position\":2,\"name\":\"\u00bfProtegerse del progreso?\"}]},{\"@type\":\"WebSite\",\"@id\":\"https:\/\/crees.org.do\/#website\",\"url\":\"https:\/\/crees.org.do\/\",\"name\":\"CREES\",\"description\":\"Centro Regional de Estrategias Econ\u00f3micas Sostenibles\",\"publisher\":{\"@id\":\"https:\/\/crees.org.do\/#organization\"},\"potentialAction\":[{\"@type\":\"SearchAction\",\"target\":{\"@type\":\"EntryPoint\",\"urlTemplate\":\"https:\/\/crees.org.do\/?s={search_term_string}\"},\"query-input\":{\"@type\":\"PropertyValueSpecification\",\"valueRequired\":true,\"valueName\":\"search_term_string\"}}],\"inLanguage\":\"es\"},{\"@type\":\"Organization\",\"@id\":\"https:\/\/crees.org.do\/#organization\",\"name\":\"CREES | Centro Regional de Estrategias Econ\u00f3micas Sostenibles\",\"url\":\"https:\/\/crees.org.do\/\",\"logo\":{\"@type\":\"ImageObject\",\"inLanguage\":\"es\",\"@id\":\"https:\/\/crees.org.do\/#\/schema\/logo\/image\/\",\"url\":\"https:\/\/crees.org.do\/wp-content\/uploads\/2022\/03\/crees-logo-1.jpg\",\"contentUrl\":\"https:\/\/crees.org.do\/wp-content\/uploads\/2022\/03\/crees-logo-1.jpg\",\"width\":244,\"height\":71,\"caption\":\"CREES | Centro Regional de Estrategias Econ\u00f3micas Sostenibles\"},\"image\":{\"@id\":\"https:\/\/crees.org.do\/#\/schema\/logo\/image\/\"},\"sameAs\":[\"https:\/\/www.facebook.com\/CREESRD\/\",\"https:\/\/x.com\/CREESRD\"]},{\"@type\":\"Person\",\"@id\":\"https:\/\/crees.org.do\/#\/schema\/person\/e7f97cd94d7bf9cd0e0ce30acb7d56b8\",\"name\":\"Crees\",\"image\":{\"@type\":\"ImageObject\",\"inLanguage\":\"es\",\"@id\":\"https:\/\/crees.org.do\/#\/schema\/person\/image\/\",\"url\":\"https:\/\/secure.gravatar.com\/avatar\/390ac8f0be5d9aa046152553e2dd7011b59a512d89c150f5e5f28bb8d9a0b165?s=96&d=mm&r=g\",\"contentUrl\":\"https:\/\/secure.gravatar.com\/avatar\/390ac8f0be5d9aa046152553e2dd7011b59a512d89c150f5e5f28bb8d9a0b165?s=96&d=mm&r=g\",\"caption\":\"Crees\"},\"url\":\"https:\/\/crees.org.do\/?author=2\"}]}<\/script>\n<!-- \/ Yoast SEO plugin. -->","yoast_head_json":{"title":"\u00bfProtegerse del progreso? | CREES","robots":{"index":"index","follow":"follow","max-snippet":"max-snippet:-1","max-image-preview":"max-image-preview:large","max-video-preview":"max-video-preview:-1"},"canonical":"https:\/\/crees.org.do\/?p=18441","og_locale":"es_ES","og_type":"article","og_title":"\u00bfProtegerse del progreso? | CREES","og_description":"Autor: Jes\u00fas Renzullo &nbsp; Publicado originalmente el: 29 de abril del 2019&nbsp; &nbsp; Extra\u00eddo de&nbsp;elcato.org &nbsp; &iquest;Qu\u00e9 pasar\u00e1 con los trabajadores que tradicionalmente ejecutaban esos trabajos repetitivos&nbsp;y mecanizables que ahora podr\u00e1n realizar las m\u00e1quinas de manera m\u00e1s eficiente y a menor costo? Esta es una pregunta que agobia a cient\u00edficos, empresarios, trabajadores y, por supuesto,...","og_url":"https:\/\/crees.org.do\/?p=18441","og_site_name":"CREES","article_publisher":"https:\/\/www.facebook.com\/CREESRD\/","article_published_time":"2019-03-06T18:23:00+00:00","og_image":[{"width":244,"height":71,"url":"https:\/\/crees.org.do\/wp-content\/uploads\/2022\/03\/crees-logo-1.jpg","type":"image\/jpeg"}],"author":"Crees","twitter_card":"summary_large_image","twitter_creator":"@CREESRD","twitter_site":"@CREESRD","twitter_misc":{"Escrito por":"Crees","Tiempo de lectura":"7 minutos"},"schema":{"@context":"https:\/\/schema.org","@graph":[{"@type":"Article","@id":"https:\/\/crees.org.do\/?p=18441#article","isPartOf":{"@id":"https:\/\/crees.org.do\/?p=18441"},"author":{"name":"Crees","@id":"https:\/\/crees.org.do\/#\/schema\/person\/e7f97cd94d7bf9cd0e0ce30acb7d56b8"},"headline":"\u00bfProtegerse del progreso?","datePublished":"2019-03-06T18:23:00+00:00","mainEntityOfPage":{"@id":"https:\/\/crees.org.do\/?p=18441"},"wordCount":1502,"publisher":{"@id":"https:\/\/crees.org.do\/#organization"},"articleSection":["Art\u00edculos"],"inLanguage":"es"},{"@type":"WebPage","@id":"https:\/\/crees.org.do\/?p=18441","url":"https:\/\/crees.org.do\/?p=18441","name":"\u00bfProtegerse del progreso? | CREES","isPartOf":{"@id":"https:\/\/crees.org.do\/#website"},"datePublished":"2019-03-06T18:23:00+00:00","breadcrumb":{"@id":"https:\/\/crees.org.do\/?p=18441#breadcrumb"},"inLanguage":"es","potentialAction":[{"@type":"ReadAction","target":["https:\/\/crees.org.do\/?p=18441"]}]},{"@type":"BreadcrumbList","@id":"https:\/\/crees.org.do\/?p=18441#breadcrumb","itemListElement":[{"@type":"ListItem","position":1,"name":"Portada","item":"https:\/\/crees.org.do\/"},{"@type":"ListItem","position":2,"name":"\u00bfProtegerse del progreso?"}]},{"@type":"WebSite","@id":"https:\/\/crees.org.do\/#website","url":"https:\/\/crees.org.do\/","name":"CREES","description":"Centro Regional de Estrategias Econ\u00f3micas Sostenibles","publisher":{"@id":"https:\/\/crees.org.do\/#organization"},"potentialAction":[{"@type":"SearchAction","target":{"@type":"EntryPoint","urlTemplate":"https:\/\/crees.org.do\/?s={search_term_string}"},"query-input":{"@type":"PropertyValueSpecification","valueRequired":true,"valueName":"search_term_string"}}],"inLanguage":"es"},{"@type":"Organization","@id":"https:\/\/crees.org.do\/#organization","name":"CREES | Centro Regional de Estrategias Econ\u00f3micas Sostenibles","url":"https:\/\/crees.org.do\/","logo":{"@type":"ImageObject","inLanguage":"es","@id":"https:\/\/crees.org.do\/#\/schema\/logo\/image\/","url":"https:\/\/crees.org.do\/wp-content\/uploads\/2022\/03\/crees-logo-1.jpg","contentUrl":"https:\/\/crees.org.do\/wp-content\/uploads\/2022\/03\/crees-logo-1.jpg","width":244,"height":71,"caption":"CREES | Centro Regional de Estrategias Econ\u00f3micas Sostenibles"},"image":{"@id":"https:\/\/crees.org.do\/#\/schema\/logo\/image\/"},"sameAs":["https:\/\/www.facebook.com\/CREESRD\/","https:\/\/x.com\/CREESRD"]},{"@type":"Person","@id":"https:\/\/crees.org.do\/#\/schema\/person\/e7f97cd94d7bf9cd0e0ce30acb7d56b8","name":"Crees","image":{"@type":"ImageObject","inLanguage":"es","@id":"https:\/\/crees.org.do\/#\/schema\/person\/image\/","url":"https:\/\/secure.gravatar.com\/avatar\/390ac8f0be5d9aa046152553e2dd7011b59a512d89c150f5e5f28bb8d9a0b165?s=96&d=mm&r=g","contentUrl":"https:\/\/secure.gravatar.com\/avatar\/390ac8f0be5d9aa046152553e2dd7011b59a512d89c150f5e5f28bb8d9a0b165?s=96&d=mm&r=g","caption":"Crees"},"url":"https:\/\/crees.org.do\/?author=2"}]}},"_links":{"self":[{"href":"https:\/\/crees.org.do\/index.php?rest_route=\/wp\/v2\/posts\/18441","targetHints":{"allow":["GET"]}}],"collection":[{"href":"https:\/\/crees.org.do\/index.php?rest_route=\/wp\/v2\/posts"}],"about":[{"href":"https:\/\/crees.org.do\/index.php?rest_route=\/wp\/v2\/types\/post"}],"author":[{"embeddable":true,"href":"https:\/\/crees.org.do\/index.php?rest_route=\/wp\/v2\/users\/2"}],"replies":[{"embeddable":true,"href":"https:\/\/crees.org.do\/index.php?rest_route=%2Fwp%2Fv2%2Fcomments&post=18441"}],"version-history":[{"count":0,"href":"https:\/\/crees.org.do\/index.php?rest_route=\/wp\/v2\/posts\/18441\/revisions"}],"wp:attachment":[{"href":"https:\/\/crees.org.do\/index.php?rest_route=%2Fwp%2Fv2%2Fmedia&parent=18441"}],"wp:term":[{"taxonomy":"category","embeddable":true,"href":"https:\/\/crees.org.do\/index.php?rest_route=%2Fwp%2Fv2%2Fcategories&post=18441"},{"taxonomy":"post_tag","embeddable":true,"href":"https:\/\/crees.org.do\/index.php?rest_route=%2Fwp%2Fv2%2Ftags&post=18441"}],"curies":[{"name":"wp","href":"https:\/\/api.w.org\/{rel}","templated":true}]}}