{"id":18485,"date":"2020-09-06T18:59:00","date_gmt":"2020-09-06T18:59:00","guid":{"rendered":"https:\/\/crees.org.do\/economia-dominicana-bajo-covid-19-perspectivas-a-futuro-y-propuestas-de-politicas-publicas\/"},"modified":"2020-09-06T18:59:00","modified_gmt":"2020-09-06T18:59:00","slug":"economia-dominicana-bajo-covid-19-perspectivas-a-futuro-y-propuestas-de-politicas-publicas","status":"publish","type":"post","link":"https:\/\/crees.org.do\/?p=18485","title":{"rendered":"Econom\u00eda dominicana bajo COVID-19, perspectivas a futuro y propuestas de pol\u00edticas p\u00fablicas"},"content":{"rendered":"<p style=\"text-align: justify;\"><span style=\"font-size:12px;\"><span style=\"font-family:verdana,geneva,sans-serif;\"><span style=\"caret-color: rgb(96, 96, 96); color: rgb(96, 96, 96); text-align: justify; text-size-adjust: auto; background-color: rgb(255, 255, 255);\">La crisis sanitaria que vive el mundo hoy tendr\u00e1 implicaciones de vidas humanas, en los servicios de salud e implicaciones econ\u00f3micas de mayor envergadura. Uno de los principales impactos proviene de las medidas de contenci\u00f3n y aislamiento, cierres de fronteras, ruptura de la cadena productiva mundial, cancelaci\u00f3n de inversiones y reducci\u00f3n del consumo de bienes y servicios.<\/span><br style=\"caret-color: rgb(96, 96, 96); color: rgb(96, 96, 96); font-family: verdana, geneva, sans-serif; font-size: 12px; text-align: justify; text-size-adjust: auto;\" \/><br style=\"caret-color: rgb(96, 96, 96); color: rgb(96, 96, 96); font-family: verdana, geneva, sans-serif; font-size: 12px; text-align: justify; text-size-adjust: auto;\" \/><span style=\"caret-color: rgb(96, 96, 96); color: rgb(96, 96, 96); text-align: justify; text-size-adjust: auto; background-color: rgb(255, 255, 255);\">Estos factores combinados van a producir una fuerte contracci\u00f3n de la econom\u00eda mundial. Junto con proyecciones de d\u00e9bil desempe\u00f1o econ\u00f3mico de las econom\u00edas avanzadas, ha aumentado la percepci\u00f3n de riesgo de los emisores de t\u00edtulos corporativos y soberanos de econom\u00edas emergentes.<\/span><br style=\"caret-color: rgb(96, 96, 96); color: rgb(96, 96, 96); font-family: verdana, geneva, sans-serif; font-size: 12px; text-align: justify; text-size-adjust: auto;\" \/><span style=\"caret-color: rgb(96, 96, 96); color: rgb(96, 96, 96); text-align: justify; text-size-adjust: auto; background-color: rgb(255, 255, 255);\">&nbsp;<\/span><br style=\"caret-color: rgb(96, 96, 96); color: rgb(96, 96, 96); font-family: verdana, geneva, sans-serif; font-size: 12px; text-align: justify; text-size-adjust: auto;\" \/><span style=\"caret-color: rgb(96, 96, 96); color: rgb(96, 96, 96); text-align: justify; text-size-adjust: auto; background-color: rgb(255, 255, 255);\">En base al contexto internacional en el que se desenvolver\u00e1 la econom\u00eda dominicana, CREES estima que habr\u00e1 una menor entrada de divisas al pa\u00eds. Tanto las exportaciones, el turismo, las remesas y las inversiones extranjeras directas van a disminuir, y por ello la menor entrada de moneda fuerte. Esto suceder\u00e1 a pesar de un ahorro importante en la factura petrolera y un incremento en las exportaciones de oro.<\/span><br style=\"caret-color: rgb(96, 96, 96); color: rgb(96, 96, 96); font-family: verdana, geneva, sans-serif; font-size: 12px; text-align: justify; text-size-adjust: auto;\" \/><span style=\"caret-color: rgb(96, 96, 96); color: rgb(96, 96, 96); text-align: justify; text-size-adjust: auto; background-color: rgb(255, 255, 255);\">&nbsp;<\/span><br style=\"caret-color: rgb(96, 96, 96); color: rgb(96, 96, 96); font-family: verdana, geneva, sans-serif; font-size: 12px; text-align: justify; text-size-adjust: auto;\" \/><span style=\"caret-color: rgb(96, 96, 96); color: rgb(96, 96, 96); text-align: justify; text-size-adjust: auto; background-color: rgb(255, 255, 255);\">La econom\u00eda dominicana presentar\u00e1 una fuerte contracci\u00f3n econ\u00f3mica durante 2020 influenciada por la recesi\u00f3n mundial, par\u00e1lisis en el turismo e impacto de las medidas de contenci\u00f3n internas. Todos los sectores sentir\u00e1n el impacto negativo del ambiente econ\u00f3mico en que se desenvolver\u00e1 la econom\u00eda dominicana con excepci\u00f3n de salud, explotaci\u00f3n de minas y canteras, y administraci\u00f3n p\u00fablica, defensa y otros servicios. La reducci\u00f3n en la actividad econ\u00f3mica implicar\u00e1 m\u00e1s trabajadores desocupados, tanto formales como informales.<\/span><br style=\"caret-color: rgb(96, 96, 96); color: rgb(96, 96, 96); font-family: verdana, geneva, sans-serif; font-size: 12px; text-align: justify; text-size-adjust: auto;\" \/><span style=\"caret-color: rgb(96, 96, 96); color: rgb(96, 96, 96); text-align: justify; text-size-adjust: auto; background-color: rgb(255, 255, 255);\">&nbsp;<\/span><br style=\"caret-color: rgb(96, 96, 96); color: rgb(96, 96, 96); font-family: verdana, geneva, sans-serif; font-size: 12px; text-align: justify; text-size-adjust: auto;\" \/><span style=\"caret-color: rgb(96, 96, 96); color: rgb(96, 96, 96); text-align: justify; text-size-adjust: auto; background-color: rgb(255, 255, 255);\">Nuevo entorno econ\u00f3mico afectar\u00e1 las finanzas p\u00fablicas con menor recaudaciones de impuestos dada la ca\u00edda en la actividad econ\u00f3mica y el mayor desempleo. Esta reducci\u00f3n de ingresos fiscales impone la necesidad de reformular el presupuesto para el a\u00f1o 2020, utiliz\u00e1ndose como referencia la ejecuci\u00f3n presupuestaria del a\u00f1o 2019. En todo caso, existe la necesidad de destinar mayores recursos al sector salud para compras de insumos, pruebas y log\u00edstica m\u00e9dica; as\u00ed como para construcci\u00f3n y reconstrucci\u00f3n de obras de salud. Por esto, se requerir\u00eda una reasignaci\u00f3n de gastos entre las distintas instituciones del Estado para adaptarse a una nueva realidad.<\/span><br style=\"caret-color: rgb(96, 96, 96); color: rgb(96, 96, 96); font-family: verdana, geneva, sans-serif; font-size: 12px; text-align: justify; text-size-adjust: auto;\" \/><span style=\"caret-color: rgb(96, 96, 96); color: rgb(96, 96, 96); text-align: justify; text-size-adjust: auto; background-color: rgb(255, 255, 255);\">&nbsp;<\/span><br style=\"caret-color: rgb(96, 96, 96); color: rgb(96, 96, 96); font-family: verdana, geneva, sans-serif; font-size: 12px; text-align: justify; text-size-adjust: auto;\" \/><span style=\"caret-color: rgb(96, 96, 96); color: rgb(96, 96, 96); text-align: justify; text-size-adjust: auto; background-color: rgb(255, 255, 255);\">Antes de la crisis del Covid-19, la Rep\u00fablica Dominicana presentaba poca flexibilidad en la pol\u00edtica fiscal debido al alto endeudamiento p\u00fablico y su costo. La coyuntura actual conllevar\u00e1 mayor emisi\u00f3n de deuda por un mayor d\u00e9ficit fiscal. Los pagos de intereses de la deuda p\u00fablica seguir\u00e1n penalizando la formulaci\u00f3n y ejecuci\u00f3n de presupuestos hacia futuro. En consecuencia, se requerir\u00e1 mayor disciplina y transparencia en la ejecuci\u00f3n presupuestaria en lo adelante.<\/span><br style=\"caret-color: rgb(96, 96, 96); color: rgb(96, 96, 96); font-family: verdana, geneva, sans-serif; font-size: 12px; text-align: justify; text-size-adjust: auto;\" \/><span style=\"caret-color: rgb(96, 96, 96); color: rgb(96, 96, 96); text-align: justify; text-size-adjust: auto; background-color: rgb(255, 255, 255);\">&nbsp;<\/span><br style=\"caret-color: rgb(96, 96, 96); color: rgb(96, 96, 96); font-family: verdana, geneva, sans-serif; font-size: 12px; text-align: justify; text-size-adjust: auto;\" \/><span style=\"caret-color: rgb(96, 96, 96); color: rgb(96, 96, 96); text-align: justify; text-size-adjust: auto; background-color: rgb(255, 255, 255);\">En cuanto al \u00e1mbito monetario y financiero, menor ingreso de divisas y un d\u00e9ficit fiscal mayor podr\u00edan mantener la presi\u00f3n sobre el tipo de cambio. La pol\u00edtica monetaria expansiva que se ha aplicado en las \u00faltimas semanas ha permitido reducci\u00f3n en las tasas de inter\u00e9s de mercado. Sin embargo, las medidas adoptadas podr\u00edan tener un efecto solo en el corto plazo. En el mediano y largo plazos, la posici\u00f3n patrimonial d\u00e9bil y p\u00e9rdidas anuales del Banco Central de la Rep\u00fablica Dominicana, impondr\u00e1n menor flexibilidad en la pol\u00edtica monetaria. En consecuencia, CREES estima que las reservas internacionales van a reducirse en 2020.<\/span><br style=\"caret-color: rgb(96, 96, 96); color: rgb(96, 96, 96); font-family: verdana, geneva, sans-serif; font-size: 12px; text-align: justify; text-size-adjust: auto;\" \/><span style=\"caret-color: rgb(96, 96, 96); color: rgb(96, 96, 96); text-align: justify; text-size-adjust: auto; background-color: rgb(255, 255, 255);\">&nbsp;<\/span><br style=\"caret-color: rgb(96, 96, 96); color: rgb(96, 96, 96); font-family: verdana, geneva, sans-serif; font-size: 12px; text-align: justify; text-size-adjust: auto;\" \/><span style=\"caret-color: rgb(96, 96, 96); color: rgb(96, 96, 96); text-align: justify; text-size-adjust: auto; background-color: rgb(255, 255, 255);\">La actual crisis har\u00e1 evidente que el modelo econ\u00f3mico basado en gasto y endeudamiento p\u00fablicos, y est\u00edmulos monetarios artificiales frecuentes que promueven el endeudamiento privado est\u00e9 agotado. A partir de esta coyuntura, ser\u00e1 obvio que la Rep\u00fablica Dominicana requiere transformaciones profundas en los \u00e1mbitos institucionales, judiciales, pol\u00edticos y econ\u00f3micos. El verdadero est\u00edmulo econ\u00f3mico proviene de la creaci\u00f3n de condiciones para mayor inversi\u00f3n y producci\u00f3n, que generan empleos productivos. En consecuencia, deben aplicarse pol\u00edticas p\u00fablicas que reduzcan las barreras a la inversi\u00f3n y la estructura de costos interna. Modificaciones o cambios en la pol\u00edtica econ\u00f3mica deben asumirse lo antes posible para que el da\u00f1o no sea mayor. CREES propone medidas que deben asumirse de inmediato y reformas estructurales que no deben tardar 180 d\u00edas en aplicarse.<\/span><br style=\"caret-color: rgb(96, 96, 96); color: rgb(96, 96, 96); font-family: verdana, geneva, sans-serif; font-size: 12px; text-align: justify; text-size-adjust: auto;\" \/><span style=\"caret-color: rgb(96, 96, 96); color: rgb(96, 96, 96); text-align: justify; text-size-adjust: auto; background-color: rgb(255, 255, 255);\">&nbsp;<\/span><br style=\"caret-color: rgb(96, 96, 96); color: rgb(96, 96, 96); font-family: verdana, geneva, sans-serif; font-size: 12px; text-align: justify; text-size-adjust: auto;\" \/><span style=\"caret-color: rgb(96, 96, 96); color: rgb(96, 96, 96); text-align: justify; text-size-adjust: auto; background-color: rgb(255, 255, 255);\">En el<span class=\"Apple-converted-space\">&nbsp;<\/span><\/span><a href=\"http:\/\/www.crees.org.do\/sites\/default\/files\/media_files\/CREES-Economi%CC%81a%20dominicana%20bajo%20COVID-19._0.pdf\" style=\"overflow-wrap: break-word; color: rgb(109, 198, 221); text-decoration-line: underline; font-family: verdana, geneva, sans-serif; font-size: 12px; text-align: justify; text-size-adjust: auto;\" target=\"_blank\" rel=\"noopener\"><span style=\"color: rgb(0, 0, 128);\">documento anexo<\/span><\/a><span style=\"text-align: justify; text-size-adjust: auto; color: rgb(0, 0, 205);\">&nbsp;<\/span><span style=\"caret-color: rgb(96, 96, 96); color: rgb(96, 96, 96); text-align: justify; text-size-adjust: auto; background-color: rgb(255, 255, 255);\">se presenta un diagn\u00f3stico de la econom\u00eda dominicana bajo la crisis que ha generado el COVID-19 y sus perspectivas para el a\u00f1o 2020. Las proyecciones del 2020 completo la realizamos con tres diferentes escenarios por la incertidumbre alrededor de la pandemia del coronavirus (escenarios de riesgo, base y optimista\/con reformas). En adici\u00f3n, se incluyen propuestas de pol\u00edticas p\u00fablicas para promover un mejor desempe\u00f1o econ\u00f3mico hacia futuro.<\/span><\/span><\/span><\/p>\n<p style=\"text-align: justify;\"><span style=\"font-size:12px;\"><span style=\"font-family:verdana,geneva,sans-serif;\"><a href=\"http:\/\/www.crees.org.do\/sites\/default\/files\/media_files\/CREES-Economi%CC%81a%20dominicana%20bajo%20COVID-19._0.pdf\"><span style=\"color:#000080;\"><u>Ver presentaci\u00f3n aqu\u00ed<\/u><\/span><\/a><\/span><\/span><\/p>\n<div class=\"pvc_clear\"><\/div>\n<p class=\"pvc_stats all \" data-element-id=\"18485\" style=\"\"><i class=\"pvc-stats-icon medium\" aria-hidden=\"true\"><svg aria-hidden=\"true\" focusable=\"false\" data-prefix=\"far\" data-icon=\"chart-bar\" role=\"img\" xmlns=\"http:\/\/www.w3.org\/2000\/svg\" viewBox=\"0 0 512 512\" class=\"svg-inline--fa fa-chart-bar fa-w-16 fa-2x\"><path fill=\"currentColor\" d=\"M396.8 352h22.4c6.4 0 12.8-6.4 12.8-12.8V108.8c0-6.4-6.4-12.8-12.8-12.8h-22.4c-6.4 0-12.8 6.4-12.8 12.8v230.4c0 6.4 6.4 12.8 12.8 12.8zm-192 0h22.4c6.4 0 12.8-6.4 12.8-12.8V140.8c0-6.4-6.4-12.8-12.8-12.8h-22.4c-6.4 0-12.8 6.4-12.8 12.8v198.4c0 6.4 6.4 12.8 12.8 12.8zm96 0h22.4c6.4 0 12.8-6.4 12.8-12.8V204.8c0-6.4-6.4-12.8-12.8-12.8h-22.4c-6.4 0-12.8 6.4-12.8 12.8v134.4c0 6.4 6.4 12.8 12.8 12.8zM496 400H48V80c0-8.84-7.16-16-16-16H16C7.16 64 0 71.16 0 80v336c0 17.67 14.33 32 32 32h464c8.84 0 16-7.16 16-16v-16c0-8.84-7.16-16-16-16zm-387.2-48h22.4c6.4 0 12.8-6.4 12.8-12.8v-70.4c0-6.4-6.4-12.8-12.8-12.8h-22.4c-6.4 0-12.8 6.4-12.8 12.8v70.4c0 6.4 6.4 12.8 12.8 12.8z\" class=\"\"><\/path><\/svg><\/i> Vistas Totales&nbsp;1,012&nbsp;, Vistas Hoy&nbsp;6&nbsp;<\/p>\n<div class=\"pvc_clear\"><\/div>\n","protected":false},"excerpt":{"rendered":"<p>La crisis sanitaria que vive el mundo hoy tendr\u00e1 implicaciones de vidas humanas, en los servicios de salud e implicaciones econ\u00f3micas de mayor envergadura. Uno de los principales impactos proviene de las medidas de contenci\u00f3n y aislamiento, cierres de fronteras, ruptura de la cadena productiva mundial, cancelaci\u00f3n de inversiones y reducci\u00f3n del consumo de bienes&#8230;<\/p>\n<div class=\"pvc_clear\"><\/div>\n<p class=\"pvc_stats all \" data-element-id=\"18485\" style=\"\"><i class=\"pvc-stats-icon medium\" aria-hidden=\"true\"><svg aria-hidden=\"true\" focusable=\"false\" data-prefix=\"far\" data-icon=\"chart-bar\" role=\"img\" xmlns=\"http:\/\/www.w3.org\/2000\/svg\" viewBox=\"0 0 512 512\" class=\"svg-inline--fa fa-chart-bar fa-w-16 fa-2x\"><path fill=\"currentColor\" d=\"M396.8 352h22.4c6.4 0 12.8-6.4 12.8-12.8V108.8c0-6.4-6.4-12.8-12.8-12.8h-22.4c-6.4 0-12.8 6.4-12.8 12.8v230.4c0 6.4 6.4 12.8 12.8 12.8zm-192 0h22.4c6.4 0 12.8-6.4 12.8-12.8V140.8c0-6.4-6.4-12.8-12.8-12.8h-22.4c-6.4 0-12.8 6.4-12.8 12.8v198.4c0 6.4 6.4 12.8 12.8 12.8zm96 0h22.4c6.4 0 12.8-6.4 12.8-12.8V204.8c0-6.4-6.4-12.8-12.8-12.8h-22.4c-6.4 0-12.8 6.4-12.8 12.8v134.4c0 6.4 6.4 12.8 12.8 12.8zM496 400H48V80c0-8.84-7.16-16-16-16H16C7.16 64 0 71.16 0 80v336c0 17.67 14.33 32 32 32h464c8.84 0 16-7.16 16-16v-16c0-8.84-7.16-16-16-16zm-387.2-48h22.4c6.4 0 12.8-6.4 12.8-12.8v-70.4c0-6.4-6.4-12.8-12.8-12.8h-22.4c-6.4 0-12.8 6.4-12.8 12.8v70.4c0 6.4 6.4 12.8 12.8 12.8z\" class=\"\"><\/path><\/svg><\/i> Vistas Totales&nbsp;1,012&nbsp;, Vistas Hoy&nbsp;6&nbsp;<\/p>\n<div class=\"pvc_clear\"><\/div>\n","protected":false},"author":2,"featured_media":0,"comment_status":"closed","ping_status":"open","sticky":false,"template":"","format":"standard","meta":{"footnotes":""},"categories":[22],"tags":[],"class_list":["post-18485","post","type-post","status-publish","format-standard","hentry","category-articulos"],"yoast_head":"<!-- This site is optimized with the Yoast SEO plugin v25.2 - https:\/\/yoast.com\/wordpress\/plugins\/seo\/ -->\n<title>Econom\u00eda dominicana bajo COVID-19, perspectivas a futuro y propuestas de pol\u00edticas p\u00fablicas | CREES<\/title>\n<meta name=\"robots\" content=\"index, follow, max-snippet:-1, max-image-preview:large, max-video-preview:-1\" \/>\n<link rel=\"canonical\" href=\"https:\/\/crees.org.do\/?p=18485\" \/>\n<meta property=\"og:locale\" content=\"es_ES\" \/>\n<meta property=\"og:type\" content=\"article\" \/>\n<meta property=\"og:title\" content=\"Econom\u00eda dominicana bajo COVID-19, perspectivas a futuro y propuestas de pol\u00edticas p\u00fablicas | CREES\" \/>\n<meta property=\"og:description\" content=\"La crisis sanitaria que vive el mundo hoy tendr\u00e1 implicaciones de vidas humanas, en los servicios de salud e implicaciones econ\u00f3micas de mayor envergadura. Uno de los principales impactos proviene de las medidas de contenci\u00f3n y aislamiento, cierres de fronteras, ruptura de la cadena productiva mundial, cancelaci\u00f3n de inversiones y reducci\u00f3n del consumo de bienes...\" \/>\n<meta property=\"og:url\" content=\"https:\/\/crees.org.do\/?p=18485\" \/>\n<meta property=\"og:site_name\" content=\"CREES\" \/>\n<meta property=\"article:publisher\" content=\"https:\/\/www.facebook.com\/CREESRD\/\" \/>\n<meta property=\"article:published_time\" content=\"2020-09-06T18:59:00+00:00\" \/>\n<meta property=\"og:image\" content=\"https:\/\/crees.org.do\/wp-content\/uploads\/2022\/03\/crees-logo-1.jpg\" \/>\n\t<meta property=\"og:image:width\" content=\"244\" \/>\n\t<meta property=\"og:image:height\" content=\"71\" \/>\n\t<meta property=\"og:image:type\" content=\"image\/jpeg\" \/>\n<meta name=\"author\" content=\"Crees\" \/>\n<meta name=\"twitter:card\" content=\"summary_large_image\" \/>\n<meta name=\"twitter:creator\" content=\"@CREESRD\" \/>\n<meta name=\"twitter:site\" content=\"@CREESRD\" \/>\n<meta name=\"twitter:label1\" content=\"Escrito por\" \/>\n\t<meta name=\"twitter:data1\" content=\"Crees\" \/>\n\t<meta name=\"twitter:label2\" content=\"Tiempo de lectura\" \/>\n\t<meta name=\"twitter:data2\" content=\"4 minutos\" \/>\n<script type=\"application\/ld+json\" class=\"yoast-schema-graph\">{\"@context\":\"https:\/\/schema.org\",\"@graph\":[{\"@type\":\"Article\",\"@id\":\"https:\/\/crees.org.do\/?p=18485#article\",\"isPartOf\":{\"@id\":\"https:\/\/crees.org.do\/?p=18485\"},\"author\":{\"name\":\"Crees\",\"@id\":\"https:\/\/crees.org.do\/#\/schema\/person\/e7f97cd94d7bf9cd0e0ce30acb7d56b8\"},\"headline\":\"Econom\u00eda dominicana bajo COVID-19, perspectivas a futuro y propuestas de pol\u00edticas p\u00fablicas\",\"datePublished\":\"2020-09-06T18:59:00+00:00\",\"mainEntityOfPage\":{\"@id\":\"https:\/\/crees.org.do\/?p=18485\"},\"wordCount\":822,\"publisher\":{\"@id\":\"https:\/\/crees.org.do\/#organization\"},\"articleSection\":[\"Art\u00edculos\"],\"inLanguage\":\"es\"},{\"@type\":\"WebPage\",\"@id\":\"https:\/\/crees.org.do\/?p=18485\",\"url\":\"https:\/\/crees.org.do\/?p=18485\",\"name\":\"Econom\u00eda dominicana bajo COVID-19, perspectivas a futuro y propuestas de pol\u00edticas p\u00fablicas | CREES\",\"isPartOf\":{\"@id\":\"https:\/\/crees.org.do\/#website\"},\"datePublished\":\"2020-09-06T18:59:00+00:00\",\"breadcrumb\":{\"@id\":\"https:\/\/crees.org.do\/?p=18485#breadcrumb\"},\"inLanguage\":\"es\",\"potentialAction\":[{\"@type\":\"ReadAction\",\"target\":[\"https:\/\/crees.org.do\/?p=18485\"]}]},{\"@type\":\"BreadcrumbList\",\"@id\":\"https:\/\/crees.org.do\/?p=18485#breadcrumb\",\"itemListElement\":[{\"@type\":\"ListItem\",\"position\":1,\"name\":\"Portada\",\"item\":\"https:\/\/crees.org.do\/\"},{\"@type\":\"ListItem\",\"position\":2,\"name\":\"Econom\u00eda dominicana bajo COVID-19, perspectivas a futuro y propuestas de pol\u00edticas p\u00fablicas\"}]},{\"@type\":\"WebSite\",\"@id\":\"https:\/\/crees.org.do\/#website\",\"url\":\"https:\/\/crees.org.do\/\",\"name\":\"CREES\",\"description\":\"Centro Regional de Estrategias Econ\u00f3micas Sostenibles\",\"publisher\":{\"@id\":\"https:\/\/crees.org.do\/#organization\"},\"potentialAction\":[{\"@type\":\"SearchAction\",\"target\":{\"@type\":\"EntryPoint\",\"urlTemplate\":\"https:\/\/crees.org.do\/?s={search_term_string}\"},\"query-input\":{\"@type\":\"PropertyValueSpecification\",\"valueRequired\":true,\"valueName\":\"search_term_string\"}}],\"inLanguage\":\"es\"},{\"@type\":\"Organization\",\"@id\":\"https:\/\/crees.org.do\/#organization\",\"name\":\"CREES | Centro Regional de Estrategias Econ\u00f3micas Sostenibles\",\"url\":\"https:\/\/crees.org.do\/\",\"logo\":{\"@type\":\"ImageObject\",\"inLanguage\":\"es\",\"@id\":\"https:\/\/crees.org.do\/#\/schema\/logo\/image\/\",\"url\":\"https:\/\/crees.org.do\/wp-content\/uploads\/2022\/03\/crees-logo-1.jpg\",\"contentUrl\":\"https:\/\/crees.org.do\/wp-content\/uploads\/2022\/03\/crees-logo-1.jpg\",\"width\":244,\"height\":71,\"caption\":\"CREES | Centro Regional de Estrategias Econ\u00f3micas Sostenibles\"},\"image\":{\"@id\":\"https:\/\/crees.org.do\/#\/schema\/logo\/image\/\"},\"sameAs\":[\"https:\/\/www.facebook.com\/CREESRD\/\",\"https:\/\/x.com\/CREESRD\"]},{\"@type\":\"Person\",\"@id\":\"https:\/\/crees.org.do\/#\/schema\/person\/e7f97cd94d7bf9cd0e0ce30acb7d56b8\",\"name\":\"Crees\",\"image\":{\"@type\":\"ImageObject\",\"inLanguage\":\"es\",\"@id\":\"https:\/\/crees.org.do\/#\/schema\/person\/image\/\",\"url\":\"https:\/\/secure.gravatar.com\/avatar\/390ac8f0be5d9aa046152553e2dd7011b59a512d89c150f5e5f28bb8d9a0b165?s=96&d=mm&r=g\",\"contentUrl\":\"https:\/\/secure.gravatar.com\/avatar\/390ac8f0be5d9aa046152553e2dd7011b59a512d89c150f5e5f28bb8d9a0b165?s=96&d=mm&r=g\",\"caption\":\"Crees\"},\"url\":\"https:\/\/crees.org.do\/?author=2\"}]}<\/script>\n<!-- \/ Yoast SEO plugin. -->","yoast_head_json":{"title":"Econom\u00eda dominicana bajo COVID-19, perspectivas a futuro y propuestas de pol\u00edticas p\u00fablicas | CREES","robots":{"index":"index","follow":"follow","max-snippet":"max-snippet:-1","max-image-preview":"max-image-preview:large","max-video-preview":"max-video-preview:-1"},"canonical":"https:\/\/crees.org.do\/?p=18485","og_locale":"es_ES","og_type":"article","og_title":"Econom\u00eda dominicana bajo COVID-19, perspectivas a futuro y propuestas de pol\u00edticas p\u00fablicas | CREES","og_description":"La crisis sanitaria que vive el mundo hoy tendr\u00e1 implicaciones de vidas humanas, en los servicios de salud e implicaciones econ\u00f3micas de mayor envergadura. Uno de los principales impactos proviene de las medidas de contenci\u00f3n y aislamiento, cierres de fronteras, ruptura de la cadena productiva mundial, cancelaci\u00f3n de inversiones y reducci\u00f3n del consumo de bienes...","og_url":"https:\/\/crees.org.do\/?p=18485","og_site_name":"CREES","article_publisher":"https:\/\/www.facebook.com\/CREESRD\/","article_published_time":"2020-09-06T18:59:00+00:00","og_image":[{"width":244,"height":71,"url":"https:\/\/crees.org.do\/wp-content\/uploads\/2022\/03\/crees-logo-1.jpg","type":"image\/jpeg"}],"author":"Crees","twitter_card":"summary_large_image","twitter_creator":"@CREESRD","twitter_site":"@CREESRD","twitter_misc":{"Escrito por":"Crees","Tiempo de lectura":"4 minutos"},"schema":{"@context":"https:\/\/schema.org","@graph":[{"@type":"Article","@id":"https:\/\/crees.org.do\/?p=18485#article","isPartOf":{"@id":"https:\/\/crees.org.do\/?p=18485"},"author":{"name":"Crees","@id":"https:\/\/crees.org.do\/#\/schema\/person\/e7f97cd94d7bf9cd0e0ce30acb7d56b8"},"headline":"Econom\u00eda dominicana bajo COVID-19, perspectivas a futuro y propuestas de pol\u00edticas p\u00fablicas","datePublished":"2020-09-06T18:59:00+00:00","mainEntityOfPage":{"@id":"https:\/\/crees.org.do\/?p=18485"},"wordCount":822,"publisher":{"@id":"https:\/\/crees.org.do\/#organization"},"articleSection":["Art\u00edculos"],"inLanguage":"es"},{"@type":"WebPage","@id":"https:\/\/crees.org.do\/?p=18485","url":"https:\/\/crees.org.do\/?p=18485","name":"Econom\u00eda dominicana bajo COVID-19, perspectivas a futuro y propuestas de pol\u00edticas p\u00fablicas | CREES","isPartOf":{"@id":"https:\/\/crees.org.do\/#website"},"datePublished":"2020-09-06T18:59:00+00:00","breadcrumb":{"@id":"https:\/\/crees.org.do\/?p=18485#breadcrumb"},"inLanguage":"es","potentialAction":[{"@type":"ReadAction","target":["https:\/\/crees.org.do\/?p=18485"]}]},{"@type":"BreadcrumbList","@id":"https:\/\/crees.org.do\/?p=18485#breadcrumb","itemListElement":[{"@type":"ListItem","position":1,"name":"Portada","item":"https:\/\/crees.org.do\/"},{"@type":"ListItem","position":2,"name":"Econom\u00eda dominicana bajo COVID-19, perspectivas a futuro y propuestas de pol\u00edticas p\u00fablicas"}]},{"@type":"WebSite","@id":"https:\/\/crees.org.do\/#website","url":"https:\/\/crees.org.do\/","name":"CREES","description":"Centro Regional de Estrategias Econ\u00f3micas Sostenibles","publisher":{"@id":"https:\/\/crees.org.do\/#organization"},"potentialAction":[{"@type":"SearchAction","target":{"@type":"EntryPoint","urlTemplate":"https:\/\/crees.org.do\/?s={search_term_string}"},"query-input":{"@type":"PropertyValueSpecification","valueRequired":true,"valueName":"search_term_string"}}],"inLanguage":"es"},{"@type":"Organization","@id":"https:\/\/crees.org.do\/#organization","name":"CREES | Centro Regional de Estrategias Econ\u00f3micas Sostenibles","url":"https:\/\/crees.org.do\/","logo":{"@type":"ImageObject","inLanguage":"es","@id":"https:\/\/crees.org.do\/#\/schema\/logo\/image\/","url":"https:\/\/crees.org.do\/wp-content\/uploads\/2022\/03\/crees-logo-1.jpg","contentUrl":"https:\/\/crees.org.do\/wp-content\/uploads\/2022\/03\/crees-logo-1.jpg","width":244,"height":71,"caption":"CREES | Centro Regional de Estrategias Econ\u00f3micas Sostenibles"},"image":{"@id":"https:\/\/crees.org.do\/#\/schema\/logo\/image\/"},"sameAs":["https:\/\/www.facebook.com\/CREESRD\/","https:\/\/x.com\/CREESRD"]},{"@type":"Person","@id":"https:\/\/crees.org.do\/#\/schema\/person\/e7f97cd94d7bf9cd0e0ce30acb7d56b8","name":"Crees","image":{"@type":"ImageObject","inLanguage":"es","@id":"https:\/\/crees.org.do\/#\/schema\/person\/image\/","url":"https:\/\/secure.gravatar.com\/avatar\/390ac8f0be5d9aa046152553e2dd7011b59a512d89c150f5e5f28bb8d9a0b165?s=96&d=mm&r=g","contentUrl":"https:\/\/secure.gravatar.com\/avatar\/390ac8f0be5d9aa046152553e2dd7011b59a512d89c150f5e5f28bb8d9a0b165?s=96&d=mm&r=g","caption":"Crees"},"url":"https:\/\/crees.org.do\/?author=2"}]}},"_links":{"self":[{"href":"https:\/\/crees.org.do\/index.php?rest_route=\/wp\/v2\/posts\/18485","targetHints":{"allow":["GET"]}}],"collection":[{"href":"https:\/\/crees.org.do\/index.php?rest_route=\/wp\/v2\/posts"}],"about":[{"href":"https:\/\/crees.org.do\/index.php?rest_route=\/wp\/v2\/types\/post"}],"author":[{"embeddable":true,"href":"https:\/\/crees.org.do\/index.php?rest_route=\/wp\/v2\/users\/2"}],"replies":[{"embeddable":true,"href":"https:\/\/crees.org.do\/index.php?rest_route=%2Fwp%2Fv2%2Fcomments&post=18485"}],"version-history":[{"count":0,"href":"https:\/\/crees.org.do\/index.php?rest_route=\/wp\/v2\/posts\/18485\/revisions"}],"wp:attachment":[{"href":"https:\/\/crees.org.do\/index.php?rest_route=%2Fwp%2Fv2%2Fmedia&parent=18485"}],"wp:term":[{"taxonomy":"category","embeddable":true,"href":"https:\/\/crees.org.do\/index.php?rest_route=%2Fwp%2Fv2%2Fcategories&post=18485"},{"taxonomy":"post_tag","embeddable":true,"href":"https:\/\/crees.org.do\/index.php?rest_route=%2Fwp%2Fv2%2Ftags&post=18485"}],"curies":[{"name":"wp","href":"https:\/\/api.w.org\/{rel}","templated":true}]}}