{"id":18489,"date":"2020-09-10T17:01:00","date_gmt":"2020-09-10T17:01:00","guid":{"rendered":"https:\/\/crees.org.do\/descongelamiento\/"},"modified":"2021-08-09T23:19:15","modified_gmt":"2021-08-09T23:19:15","slug":"descongelamiento","status":"publish","type":"post","link":"https:\/\/crees.org.do\/?p=18489","title":{"rendered":"Descongelamiento"},"content":{"rendered":"<p style=\"text-align: justify;\"><span style=\"font-size:12px;\"><span style=\"font-family:verdana,geneva,sans-serif;\">Autor: Carlos Rodr\u00edguez Braun<\/span><\/span><\/p>\n<p style=\"text-align: justify;\"><span style=\"font-size:12px;\"><span style=\"font-family:verdana,geneva,sans-serif;\">Extra\u00eddo de: El Cato<\/span><\/span><\/p>\n<p style=\"text-align: justify;\"><span style=\"font-size:12px;\"><span style=\"font-family:verdana,geneva,sans-serif;\">Fecha: 2 de julio del 2020<\/span><\/span><\/p>\n<p style=\"margin: 0cm 0cm 8.25pt; font-size: 12pt; font-family: &quot;Times New Roman&quot;, serif; color: rgb(0, 0, 0); background: white; text-align: justify;\"><span style=\"color: rgb(59, 59, 59); font-family: verdana, geneva, sans-serif; font-size: 12px;\">Este art\u00edculo fue publicado originalmente en&nbsp;<\/span><a href=\"http:\/\/rsocial.expansionpro.orbyt.es\/epaper\/xml_epaper\/Expansi%C3%B3n\/22_06_2020\/pla_3634_Nacional\/xml_arts\/art_18763271.xml?SHARE=6C23C0F29C6C4F158F7CA6264B486305CA5B03965DCA41E925A731BD8BFEECD6D3901EEDCD500C44C8EAD791B7BE16399FD5303D4A291CDC836865A553E780074274775FDD25219CE96799792B303EABA39CEE946E654EDEBA408E8C2B7D5208\" style=\"font-family: Georgia, &quot;Times New Roman&quot;, Times, serif; font-size: 14px;\" target=\"_blank\" rel=\"noopener\">Expansi\u00f3n<\/a><span style=\"color: rgb(59, 59, 59); font-family: verdana, geneva, sans-serif; font-size: 12px;\">&nbsp;(Espa\u00f1a) el 22 de junio de 2020.<\/span><\/p>\n<p style=\"margin: 0cm 0cm 8.25pt; font-size: 12pt; font-family: &quot;Times New Roman&quot;, serif; color: rgb(0, 0, 0); background: white; text-align: justify;\"><span style=\"font-size:12px;\"><span style=\"font-family:verdana,geneva,sans-serif;\">Las met\u00e1foras en econom\u00eda son por regla general falsas, porque ninguna refleja la complejidad de los \u00f3rdenes sociales. Esto vale tambi\u00e9n para una met\u00e1fora f\u00edsica ampliamente utilizada durante la<strong style=\"box-sizing: border-box;\"><span style=\"font-weight: normal;\">&nbsp;pandemia<\/span><\/strong>: la congelaci\u00f3n.&nbsp;<\/span><\/span><span style=\"font-family: &quot;PT Serif&quot;, serif;\"><o:p><\/o:p><\/span><\/p>\n<p style=\"margin: 0cm 0cm 8.25pt; font-size: 12pt; font-family: &quot;Times New Roman&quot;, serif; color: rgb(0, 0, 0); background: white; box-sizing: border-box; text-align: justify;\"><span style=\"font-size:12px;\"><span style=\"font-family:verdana,geneva,sans-serif;\">Trasladando a la econom\u00eda, sin matiz alguno, las nociones sobre la propiedad del fr\u00edo a la hora de conservar los alimentos, u otras cosas, se nos ha dicho que la econom\u00eda se puede congelar, manteniendo intactas sus caracter\u00edsticas. Transcurrido un tiempo determinado, se puede descongelar, recuperando as\u00ed sus condiciones iniciales. Vamos, como los filetes de merluza.&nbsp;<\/span><\/span><span style=\"font-family: &quot;PT Serif&quot;, serif;\"><o:p><\/o:p><\/span><\/p>\n<p style=\"margin: 0cm 0cm 8.25pt; font-size: 12pt; font-family: &quot;Times New Roman&quot;, serif; color: rgb(0, 0, 0); background: white; box-sizing: border-box; text-align: justify;\"><span style=\"font-size:12px;\"><span style=\"font-family:verdana,geneva,sans-serif;\">Pues, no. La econom\u00eda no es un plato de comida, y todo sugiere que tanto la congelaci\u00f3n como la descongelaci\u00f3n son procesos tan irregulares que no garantizan la conservaci\u00f3n ni tampoco la recuperaci\u00f3n del punto de partida. Se producir\u00e1n desequilibrios, cambiar\u00e1n las relaciones econ\u00f3micas y las preferencias de las personas, y habr\u00e1 que superar un tremendo da\u00f1o en t\u00e9rminos de empleos y de empresas que habr\u00e1n desaparecido. Un grupo de economistas australianos de la Universidad RMIT ha presentado un esbozo sobre cu\u00e1les deber\u00e1n ser los criterios de pol\u00edtica econ\u00f3mica para convertir el descongelamiento en una econom\u00eda din\u00e1mica: Darcy W. E. Allen et al.,&nbsp;<a href=\"https:\/\/www.amazon.com\/dp\/B088HJJ5MF\/ref=dp-kindle-redirect?_encoding=UTF8&amp;btkr=1\" style=\"box-sizing: border-box;\" target=\"_blank\" rel=\"noopener\"><em style=\"box-sizing: border-box;\"><span style=\"color: black;\">Unfreeze. How to create a high growth economy after the pandemic<\/span><\/em><\/a>, American Institute for Economic Research, 2020.&nbsp;<\/span><\/span><span style=\"font-family: &quot;PT Serif&quot;, serif;\"><o:p><\/o:p><\/span><\/p>\n<p style=\"margin: 0cm 0cm 8.25pt; font-size: 12pt; font-family: &quot;Times New Roman&quot;, serif; color: rgb(0, 0, 0); background: white; box-sizing: border-box; text-align: justify;\"><span style=\"font-size:12px;\"><span style=\"font-family:verdana,geneva,sans-serif;\"><strong style=\"box-sizing: border-box;\"><span style=\"font-weight: normal;\">Una situaci\u00f3n diferente&nbsp;<\/span><\/strong><\/span><\/span><span style=\"font-family: &quot;PT Serif&quot;, serif;\"><o:p><\/o:p><\/span><\/p>\n<p style=\"margin: 0cm 0cm 8.25pt; font-size: 12pt; font-family: &quot;Times New Roman&quot;, serif; color: rgb(0, 0, 0); background: white; box-sizing: border-box; text-align: justify;\"><span style=\"font-size:12px;\"><span style=\"font-family:verdana,geneva,sans-serif;\">Su tesis central es que el problema del descongelamiento no estriba en volver a la situaci\u00f3n precedente, sino en adaptarse a una situaci\u00f3n diferente. De ah\u00ed que resulte imprescindible que los gobiernos comprendan que el&nbsp;<strong style=\"box-sizing: border-box;\"><span style=\"font-weight: normal;\">intervencionismo<\/span><\/strong>, que suele ser malo a la hora de la congelaci\u00f3n, es sin duda p\u00e9simo a la hora de abordar el camino en la direcci\u00f3n contraria. La raz\u00f3n de fondo es que esa tarea necesita un marco flexible, con lo que el criterio b\u00e1sico de la pol\u00edtica econ\u00f3mica deber\u00eda ser &ldquo;no planificar la nueva econom\u00eda, sino preparar un ambiente regulatorio propicio para el descubrimiento de los empresarios y tambi\u00e9n de las autoridades&rdquo;.&nbsp;<\/span><\/span><span style=\"font-family: &quot;PT Serif&quot;, serif;\"><o:p><\/o:p><\/span><\/p>\n<p style=\"margin: 0cm 0cm 8.25pt; font-size: 12pt; font-family: &quot;Times New Roman&quot;, serif; color: rgb(0, 0, 0); background: white; box-sizing: border-box; text-align: justify;\"><span style=\"font-size:12px;\"><span style=\"font-family:verdana,geneva,sans-serif;\">Hay que facilitar la innovaci\u00f3n y la digitalizaci\u00f3n, bajar impuestos, descentralizar y desregular. No volver\u00e1 la econom\u00eda anterior a golpe de&nbsp;<strong style=\"box-sizing: border-box;\"><span style=\"font-weight: normal;\">gasto p\u00fablico<\/span><\/strong>: &ldquo;Esa econom\u00eda se ha ido para siempre. Adonde regresaremos ser\u00e1 a otra econom\u00eda, con preferencias y usos de la tecnolog\u00eda distintos, con nuevas empresas y empleos, con otros patrones en el&nbsp;<strong style=\"box-sizing: border-box;\"><span style=\"font-weight: normal;\">comercio y la especializaci\u00f3n<\/span><\/strong>. Nuestro problema econ\u00f3mico no es c\u00f3mo estimular el gasto para recuperar el PIB de enero. No tenemos un problema de gasto porque esta situaci\u00f3n no se ha producido por una p\u00e9rdida de gasto&rdquo;.&nbsp;<\/span><\/span><span style=\"font-family: &quot;PT Serif&quot;, serif;\"><o:p><\/o:p><\/span><\/p>\n<p style=\"margin: 0cm 0cm 8.25pt; font-size: 12pt; font-family: &quot;Times New Roman&quot;, serif; color: rgb(0, 0, 0); background: white; box-sizing: border-box; text-align: justify;\"><span style=\"font-size:12px;\"><span style=\"font-family:verdana,geneva,sans-serif;\">Si se aplica la lecci\u00f3n, la econom\u00eda puede alejarse de la temida &ldquo;L&rdquo; y acercarse a un deseable perfil de ra\u00edz cuadrada.<\/span><\/span><\/p>\n<p style=\"margin: 0cm 0cm 8.25pt; font-size: 12pt; font-family: &quot;Times New Roman&quot;, serif; color: rgb(0, 0, 0); background: white; box-sizing: border-box; text-align: justify;\">&nbsp;<\/p>\n<div class=\"pvc_clear\"><\/div>\n<p class=\"pvc_stats all \" data-element-id=\"18489\" style=\"\"><i class=\"pvc-stats-icon medium\" aria-hidden=\"true\"><svg aria-hidden=\"true\" focusable=\"false\" data-prefix=\"far\" data-icon=\"chart-bar\" role=\"img\" xmlns=\"http:\/\/www.w3.org\/2000\/svg\" viewBox=\"0 0 512 512\" class=\"svg-inline--fa fa-chart-bar fa-w-16 fa-2x\"><path fill=\"currentColor\" d=\"M396.8 352h22.4c6.4 0 12.8-6.4 12.8-12.8V108.8c0-6.4-6.4-12.8-12.8-12.8h-22.4c-6.4 0-12.8 6.4-12.8 12.8v230.4c0 6.4 6.4 12.8 12.8 12.8zm-192 0h22.4c6.4 0 12.8-6.4 12.8-12.8V140.8c0-6.4-6.4-12.8-12.8-12.8h-22.4c-6.4 0-12.8 6.4-12.8 12.8v198.4c0 6.4 6.4 12.8 12.8 12.8zm96 0h22.4c6.4 0 12.8-6.4 12.8-12.8V204.8c0-6.4-6.4-12.8-12.8-12.8h-22.4c-6.4 0-12.8 6.4-12.8 12.8v134.4c0 6.4 6.4 12.8 12.8 12.8zM496 400H48V80c0-8.84-7.16-16-16-16H16C7.16 64 0 71.16 0 80v336c0 17.67 14.33 32 32 32h464c8.84 0 16-7.16 16-16v-16c0-8.84-7.16-16-16-16zm-387.2-48h22.4c6.4 0 12.8-6.4 12.8-12.8v-70.4c0-6.4-6.4-12.8-12.8-12.8h-22.4c-6.4 0-12.8 6.4-12.8 12.8v70.4c0 6.4 6.4 12.8 12.8 12.8z\" class=\"\"><\/path><\/svg><\/i> Vistas Totales&nbsp;1,109&nbsp;, Vistas Hoy&nbsp;4&nbsp;<\/p>\n<div class=\"pvc_clear\"><\/div>\n","protected":false},"excerpt":{"rendered":"<p>Autor: Carlos Rodr\u00edguez Braun Extra\u00eddo de: El Cato Fecha: 2 de julio del 2020 Este art\u00edculo fue publicado originalmente en&nbsp;Expansi\u00f3n&nbsp;(Espa\u00f1a) el 22 de junio de 2020. Las met\u00e1foras en econom\u00eda son por regla general falsas, porque ninguna refleja la complejidad de los \u00f3rdenes sociales. Esto vale tambi\u00e9n para una met\u00e1fora f\u00edsica ampliamente utilizada durante la&nbsp;pandemia:&#8230;<\/p>\n<div class=\"pvc_clear\"><\/div>\n<p class=\"pvc_stats all \" data-element-id=\"18489\" style=\"\"><i class=\"pvc-stats-icon medium\" aria-hidden=\"true\"><svg aria-hidden=\"true\" focusable=\"false\" data-prefix=\"far\" data-icon=\"chart-bar\" role=\"img\" xmlns=\"http:\/\/www.w3.org\/2000\/svg\" viewBox=\"0 0 512 512\" class=\"svg-inline--fa fa-chart-bar fa-w-16 fa-2x\"><path fill=\"currentColor\" d=\"M396.8 352h22.4c6.4 0 12.8-6.4 12.8-12.8V108.8c0-6.4-6.4-12.8-12.8-12.8h-22.4c-6.4 0-12.8 6.4-12.8 12.8v230.4c0 6.4 6.4 12.8 12.8 12.8zm-192 0h22.4c6.4 0 12.8-6.4 12.8-12.8V140.8c0-6.4-6.4-12.8-12.8-12.8h-22.4c-6.4 0-12.8 6.4-12.8 12.8v198.4c0 6.4 6.4 12.8 12.8 12.8zm96 0h22.4c6.4 0 12.8-6.4 12.8-12.8V204.8c0-6.4-6.4-12.8-12.8-12.8h-22.4c-6.4 0-12.8 6.4-12.8 12.8v134.4c0 6.4 6.4 12.8 12.8 12.8zM496 400H48V80c0-8.84-7.16-16-16-16H16C7.16 64 0 71.16 0 80v336c0 17.67 14.33 32 32 32h464c8.84 0 16-7.16 16-16v-16c0-8.84-7.16-16-16-16zm-387.2-48h22.4c6.4 0 12.8-6.4 12.8-12.8v-70.4c0-6.4-6.4-12.8-12.8-12.8h-22.4c-6.4 0-12.8 6.4-12.8 12.8v70.4c0 6.4 6.4 12.8 12.8 12.8z\" class=\"\"><\/path><\/svg><\/i> Vistas Totales&nbsp;1,109&nbsp;, Vistas Hoy&nbsp;4&nbsp;<\/p>\n<div class=\"pvc_clear\"><\/div>\n","protected":false},"author":2,"featured_media":0,"comment_status":"closed","ping_status":"closed","sticky":false,"template":"","format":"standard","meta":{"footnotes":""},"categories":[22],"tags":[],"class_list":["post-18489","post","type-post","status-publish","format-standard","hentry","category-articulos"],"yoast_head":"<!-- This site is optimized with the Yoast SEO plugin v25.2 - https:\/\/yoast.com\/wordpress\/plugins\/seo\/ -->\n<title>Descongelamiento | CREES<\/title>\n<meta name=\"robots\" content=\"index, follow, max-snippet:-1, max-image-preview:large, max-video-preview:-1\" \/>\n<link rel=\"canonical\" href=\"https:\/\/crees.org.do\/?p=18489\" \/>\n<meta property=\"og:locale\" content=\"es_ES\" \/>\n<meta property=\"og:type\" content=\"article\" \/>\n<meta property=\"og:title\" content=\"Descongelamiento | CREES\" \/>\n<meta property=\"og:description\" content=\"Autor: Carlos Rodr\u00edguez Braun Extra\u00eddo de: El Cato Fecha: 2 de julio del 2020 Este art\u00edculo fue publicado originalmente en&nbsp;Expansi\u00f3n&nbsp;(Espa\u00f1a) el 22 de junio de 2020. Las met\u00e1foras en econom\u00eda son por regla general falsas, porque ninguna refleja la complejidad de los \u00f3rdenes sociales. Esto vale tambi\u00e9n para una met\u00e1fora f\u00edsica ampliamente utilizada durante la&nbsp;pandemia:...\" \/>\n<meta property=\"og:url\" content=\"https:\/\/crees.org.do\/?p=18489\" \/>\n<meta property=\"og:site_name\" content=\"CREES\" \/>\n<meta property=\"article:publisher\" content=\"https:\/\/www.facebook.com\/CREESRD\/\" \/>\n<meta property=\"article:published_time\" content=\"2020-09-10T17:01:00+00:00\" \/>\n<meta property=\"article:modified_time\" content=\"2021-08-09T23:19:15+00:00\" \/>\n<meta property=\"og:image\" content=\"https:\/\/crees.org.do\/wp-content\/uploads\/2022\/03\/crees-logo-1.jpg\" \/>\n\t<meta property=\"og:image:width\" content=\"244\" \/>\n\t<meta property=\"og:image:height\" content=\"71\" \/>\n\t<meta property=\"og:image:type\" content=\"image\/jpeg\" \/>\n<meta name=\"author\" content=\"Crees\" \/>\n<meta name=\"twitter:card\" content=\"summary_large_image\" \/>\n<meta name=\"twitter:creator\" content=\"@CREESRD\" \/>\n<meta name=\"twitter:site\" content=\"@CREESRD\" \/>\n<meta name=\"twitter:label1\" content=\"Escrito por\" \/>\n\t<meta name=\"twitter:data1\" content=\"Crees\" \/>\n\t<meta name=\"twitter:label2\" content=\"Tiempo de lectura\" \/>\n\t<meta name=\"twitter:data2\" content=\"3 minutos\" \/>\n<script type=\"application\/ld+json\" class=\"yoast-schema-graph\">{\"@context\":\"https:\/\/schema.org\",\"@graph\":[{\"@type\":\"Article\",\"@id\":\"https:\/\/crees.org.do\/?p=18489#article\",\"isPartOf\":{\"@id\":\"https:\/\/crees.org.do\/?p=18489\"},\"author\":{\"name\":\"Crees\",\"@id\":\"https:\/\/crees.org.do\/#\/schema\/person\/e7f97cd94d7bf9cd0e0ce30acb7d56b8\"},\"headline\":\"Descongelamiento\",\"datePublished\":\"2020-09-10T17:01:00+00:00\",\"dateModified\":\"2021-08-09T23:19:15+00:00\",\"mainEntityOfPage\":{\"@id\":\"https:\/\/crees.org.do\/?p=18489\"},\"wordCount\":535,\"publisher\":{\"@id\":\"https:\/\/crees.org.do\/#organization\"},\"articleSection\":[\"Art\u00edculos\"],\"inLanguage\":\"es\"},{\"@type\":\"WebPage\",\"@id\":\"https:\/\/crees.org.do\/?p=18489\",\"url\":\"https:\/\/crees.org.do\/?p=18489\",\"name\":\"Descongelamiento | CREES\",\"isPartOf\":{\"@id\":\"https:\/\/crees.org.do\/#website\"},\"datePublished\":\"2020-09-10T17:01:00+00:00\",\"dateModified\":\"2021-08-09T23:19:15+00:00\",\"breadcrumb\":{\"@id\":\"https:\/\/crees.org.do\/?p=18489#breadcrumb\"},\"inLanguage\":\"es\",\"potentialAction\":[{\"@type\":\"ReadAction\",\"target\":[\"https:\/\/crees.org.do\/?p=18489\"]}]},{\"@type\":\"BreadcrumbList\",\"@id\":\"https:\/\/crees.org.do\/?p=18489#breadcrumb\",\"itemListElement\":[{\"@type\":\"ListItem\",\"position\":1,\"name\":\"Portada\",\"item\":\"https:\/\/crees.org.do\/\"},{\"@type\":\"ListItem\",\"position\":2,\"name\":\"Descongelamiento\"}]},{\"@type\":\"WebSite\",\"@id\":\"https:\/\/crees.org.do\/#website\",\"url\":\"https:\/\/crees.org.do\/\",\"name\":\"CREES\",\"description\":\"Centro Regional de Estrategias Econ\u00f3micas Sostenibles\",\"publisher\":{\"@id\":\"https:\/\/crees.org.do\/#organization\"},\"potentialAction\":[{\"@type\":\"SearchAction\",\"target\":{\"@type\":\"EntryPoint\",\"urlTemplate\":\"https:\/\/crees.org.do\/?s={search_term_string}\"},\"query-input\":{\"@type\":\"PropertyValueSpecification\",\"valueRequired\":true,\"valueName\":\"search_term_string\"}}],\"inLanguage\":\"es\"},{\"@type\":\"Organization\",\"@id\":\"https:\/\/crees.org.do\/#organization\",\"name\":\"CREES | Centro Regional de Estrategias Econ\u00f3micas Sostenibles\",\"url\":\"https:\/\/crees.org.do\/\",\"logo\":{\"@type\":\"ImageObject\",\"inLanguage\":\"es\",\"@id\":\"https:\/\/crees.org.do\/#\/schema\/logo\/image\/\",\"url\":\"https:\/\/crees.org.do\/wp-content\/uploads\/2022\/03\/crees-logo-1.jpg\",\"contentUrl\":\"https:\/\/crees.org.do\/wp-content\/uploads\/2022\/03\/crees-logo-1.jpg\",\"width\":244,\"height\":71,\"caption\":\"CREES | Centro Regional de Estrategias Econ\u00f3micas Sostenibles\"},\"image\":{\"@id\":\"https:\/\/crees.org.do\/#\/schema\/logo\/image\/\"},\"sameAs\":[\"https:\/\/www.facebook.com\/CREESRD\/\",\"https:\/\/x.com\/CREESRD\"]},{\"@type\":\"Person\",\"@id\":\"https:\/\/crees.org.do\/#\/schema\/person\/e7f97cd94d7bf9cd0e0ce30acb7d56b8\",\"name\":\"Crees\",\"image\":{\"@type\":\"ImageObject\",\"inLanguage\":\"es\",\"@id\":\"https:\/\/crees.org.do\/#\/schema\/person\/image\/\",\"url\":\"https:\/\/secure.gravatar.com\/avatar\/390ac8f0be5d9aa046152553e2dd7011b59a512d89c150f5e5f28bb8d9a0b165?s=96&d=mm&r=g\",\"contentUrl\":\"https:\/\/secure.gravatar.com\/avatar\/390ac8f0be5d9aa046152553e2dd7011b59a512d89c150f5e5f28bb8d9a0b165?s=96&d=mm&r=g\",\"caption\":\"Crees\"},\"url\":\"https:\/\/crees.org.do\/?author=2\"}]}<\/script>\n<!-- \/ Yoast SEO plugin. -->","yoast_head_json":{"title":"Descongelamiento | CREES","robots":{"index":"index","follow":"follow","max-snippet":"max-snippet:-1","max-image-preview":"max-image-preview:large","max-video-preview":"max-video-preview:-1"},"canonical":"https:\/\/crees.org.do\/?p=18489","og_locale":"es_ES","og_type":"article","og_title":"Descongelamiento | CREES","og_description":"Autor: Carlos Rodr\u00edguez Braun Extra\u00eddo de: El Cato Fecha: 2 de julio del 2020 Este art\u00edculo fue publicado originalmente en&nbsp;Expansi\u00f3n&nbsp;(Espa\u00f1a) el 22 de junio de 2020. Las met\u00e1foras en econom\u00eda son por regla general falsas, porque ninguna refleja la complejidad de los \u00f3rdenes sociales. Esto vale tambi\u00e9n para una met\u00e1fora f\u00edsica ampliamente utilizada durante la&nbsp;pandemia:...","og_url":"https:\/\/crees.org.do\/?p=18489","og_site_name":"CREES","article_publisher":"https:\/\/www.facebook.com\/CREESRD\/","article_published_time":"2020-09-10T17:01:00+00:00","article_modified_time":"2021-08-09T23:19:15+00:00","og_image":[{"width":244,"height":71,"url":"https:\/\/crees.org.do\/wp-content\/uploads\/2022\/03\/crees-logo-1.jpg","type":"image\/jpeg"}],"author":"Crees","twitter_card":"summary_large_image","twitter_creator":"@CREESRD","twitter_site":"@CREESRD","twitter_misc":{"Escrito por":"Crees","Tiempo de lectura":"3 minutos"},"schema":{"@context":"https:\/\/schema.org","@graph":[{"@type":"Article","@id":"https:\/\/crees.org.do\/?p=18489#article","isPartOf":{"@id":"https:\/\/crees.org.do\/?p=18489"},"author":{"name":"Crees","@id":"https:\/\/crees.org.do\/#\/schema\/person\/e7f97cd94d7bf9cd0e0ce30acb7d56b8"},"headline":"Descongelamiento","datePublished":"2020-09-10T17:01:00+00:00","dateModified":"2021-08-09T23:19:15+00:00","mainEntityOfPage":{"@id":"https:\/\/crees.org.do\/?p=18489"},"wordCount":535,"publisher":{"@id":"https:\/\/crees.org.do\/#organization"},"articleSection":["Art\u00edculos"],"inLanguage":"es"},{"@type":"WebPage","@id":"https:\/\/crees.org.do\/?p=18489","url":"https:\/\/crees.org.do\/?p=18489","name":"Descongelamiento | CREES","isPartOf":{"@id":"https:\/\/crees.org.do\/#website"},"datePublished":"2020-09-10T17:01:00+00:00","dateModified":"2021-08-09T23:19:15+00:00","breadcrumb":{"@id":"https:\/\/crees.org.do\/?p=18489#breadcrumb"},"inLanguage":"es","potentialAction":[{"@type":"ReadAction","target":["https:\/\/crees.org.do\/?p=18489"]}]},{"@type":"BreadcrumbList","@id":"https:\/\/crees.org.do\/?p=18489#breadcrumb","itemListElement":[{"@type":"ListItem","position":1,"name":"Portada","item":"https:\/\/crees.org.do\/"},{"@type":"ListItem","position":2,"name":"Descongelamiento"}]},{"@type":"WebSite","@id":"https:\/\/crees.org.do\/#website","url":"https:\/\/crees.org.do\/","name":"CREES","description":"Centro Regional de Estrategias Econ\u00f3micas Sostenibles","publisher":{"@id":"https:\/\/crees.org.do\/#organization"},"potentialAction":[{"@type":"SearchAction","target":{"@type":"EntryPoint","urlTemplate":"https:\/\/crees.org.do\/?s={search_term_string}"},"query-input":{"@type":"PropertyValueSpecification","valueRequired":true,"valueName":"search_term_string"}}],"inLanguage":"es"},{"@type":"Organization","@id":"https:\/\/crees.org.do\/#organization","name":"CREES | Centro Regional de Estrategias Econ\u00f3micas Sostenibles","url":"https:\/\/crees.org.do\/","logo":{"@type":"ImageObject","inLanguage":"es","@id":"https:\/\/crees.org.do\/#\/schema\/logo\/image\/","url":"https:\/\/crees.org.do\/wp-content\/uploads\/2022\/03\/crees-logo-1.jpg","contentUrl":"https:\/\/crees.org.do\/wp-content\/uploads\/2022\/03\/crees-logo-1.jpg","width":244,"height":71,"caption":"CREES | Centro Regional de Estrategias Econ\u00f3micas Sostenibles"},"image":{"@id":"https:\/\/crees.org.do\/#\/schema\/logo\/image\/"},"sameAs":["https:\/\/www.facebook.com\/CREESRD\/","https:\/\/x.com\/CREESRD"]},{"@type":"Person","@id":"https:\/\/crees.org.do\/#\/schema\/person\/e7f97cd94d7bf9cd0e0ce30acb7d56b8","name":"Crees","image":{"@type":"ImageObject","inLanguage":"es","@id":"https:\/\/crees.org.do\/#\/schema\/person\/image\/","url":"https:\/\/secure.gravatar.com\/avatar\/390ac8f0be5d9aa046152553e2dd7011b59a512d89c150f5e5f28bb8d9a0b165?s=96&d=mm&r=g","contentUrl":"https:\/\/secure.gravatar.com\/avatar\/390ac8f0be5d9aa046152553e2dd7011b59a512d89c150f5e5f28bb8d9a0b165?s=96&d=mm&r=g","caption":"Crees"},"url":"https:\/\/crees.org.do\/?author=2"}]}},"_links":{"self":[{"href":"https:\/\/crees.org.do\/index.php?rest_route=\/wp\/v2\/posts\/18489","targetHints":{"allow":["GET"]}}],"collection":[{"href":"https:\/\/crees.org.do\/index.php?rest_route=\/wp\/v2\/posts"}],"about":[{"href":"https:\/\/crees.org.do\/index.php?rest_route=\/wp\/v2\/types\/post"}],"author":[{"embeddable":true,"href":"https:\/\/crees.org.do\/index.php?rest_route=\/wp\/v2\/users\/2"}],"replies":[{"embeddable":true,"href":"https:\/\/crees.org.do\/index.php?rest_route=%2Fwp%2Fv2%2Fcomments&post=18489"}],"version-history":[{"count":1,"href":"https:\/\/crees.org.do\/index.php?rest_route=\/wp\/v2\/posts\/18489\/revisions"}],"predecessor-version":[{"id":18763,"href":"https:\/\/crees.org.do\/index.php?rest_route=\/wp\/v2\/posts\/18489\/revisions\/18763"}],"wp:attachment":[{"href":"https:\/\/crees.org.do\/index.php?rest_route=%2Fwp%2Fv2%2Fmedia&parent=18489"}],"wp:term":[{"taxonomy":"category","embeddable":true,"href":"https:\/\/crees.org.do\/index.php?rest_route=%2Fwp%2Fv2%2Fcategories&post=18489"},{"taxonomy":"post_tag","embeddable":true,"href":"https:\/\/crees.org.do\/index.php?rest_route=%2Fwp%2Fv2%2Ftags&post=18489"}],"curies":[{"name":"wp","href":"https:\/\/api.w.org\/{rel}","templated":true}]}}