{"id":18495,"date":"2020-10-23T17:33:00","date_gmt":"2020-10-23T17:33:00","guid":{"rendered":"https:\/\/crees.org.do\/los-cantos-de-sirena-y-los-cinco-presidentes\/"},"modified":"2021-08-18T19:13:49","modified_gmt":"2021-08-18T19:13:49","slug":"los-cantos-de-sirena-y-los-cinco-presidentes","status":"publish","type":"post","link":"https:\/\/crees.org.do\/?p=18495","title":{"rendered":"Los cantos de sirena y los cinco presidentes"},"content":{"rendered":"<p style=\"box-sizing: border-box; margin-bottom: 11px; color: #463e40; font-family: 'PT Serif', Georgia, 'Times New Roman', Times, serif; font-size: 16px; background-color: #ffffff; text-align: justify;\"><span style=\"font-size: 12px;\"><span style=\"font-family: verdana,geneva,sans-serif;\"><span style=\"color: #3b3b3b;\">A<\/span><span style=\"color: #494e54;\"><span style=\"color: #3b3b3b;\">utor:\u00a0<\/span><\/span><span style=\"color: #3b3b3b;\">Manuel Hinds<\/span><\/span><\/span><\/p>\n<p style=\"text-align: justify;\"><span style=\"font-size: 12px;\"><span style=\"font-family: verdana,geneva,sans-serif;\">Extra\u00eddo de: El Cato<\/span><\/span><\/p>\n<p style=\"text-align: justify;\"><span style=\"font-size: 12px;\"><span style=\"font-family: verdana,geneva,sans-serif;\">Fecha: 23 de octubre del 2020<\/span><\/span><\/p>\n<p style=\"box-sizing: border-box; margin-bottom: 11px; color: #463e40; font-family: 'PT Serif', Georgia, 'Times New Roman', Times, serif; font-size: 16px; background-color: #ffffff; text-align: justify;\"><span style=\"font-size: 12px;\"><span style=\"font-family: verdana,geneva,sans-serif;\">Usted no se ha puesto a pensar, \u00bfpor qu\u00e9 los graves problemas que tenemos, que en otros pa\u00edses hubieran ya llevado a una\u00a0<strong style=\"box-sizing: border-box;\">crisis econ\u00f3mica<\/strong>, aqu\u00ed no lo han hecho? \u00bfPor qu\u00e9 sigue funcionando el pa\u00eds a pesar de los grandes<strong style=\"box-sizing: border-box;\">\u00a0d\u00e9ficits fiscales<\/strong>, del aumento exagerado de la deuda oficial y de la arbitrariedad e ineficiencia desplegadas por el gobierno, como si algo compensara por todo esto para mantener las tasas de inter\u00e9s en los niveles m\u00e1s bajos de\u00a0<strong style=\"box-sizing: border-box;\">Am\u00e9rica Latina<\/strong>, los plazos de las hipotecas largos y estables, los pagos nacionales e internacionales fluyendo sin problemas, la\u00a0<strong style=\"box-sizing: border-box;\">inflaci\u00f3n baja<\/strong>\u00a0y las\u00a0<strong style=\"box-sizing: border-box;\">instituciones financieras<\/strong>\u00a0funcionando normalmente? Lo que nos separa del caos es la confianza que la gente tiene en la moneda: es decir, la<strong style=\"box-sizing: border-box;\">\u00a0dolarizaci\u00f3n<\/strong>.<\/span><\/span><\/p>\n<p style=\"box-sizing: border-box; margin-bottom: 11px; color: #463e40; font-family: 'PT Serif', Georgia, 'Times New Roman', Times, serif; font-size: 16px; background-color: #ffffff; text-align: justify;\"><span style=\"font-size: 12px;\"><span style=\"font-family: verdana,geneva,sans-serif;\">Es curioso que, estando colgados de esa sola cuerda, hay gente que quiere cortarla, proponiendo la desdolarizaci\u00f3n para que el\u00a0<strong style=\"box-sizing: border-box;\">Banco Central\u00a0<\/strong>pueda crear todo el dinero del mundo y darlo al gobierno, con lo cual \u00e9ste podr\u00eda financiarse indefinidamente.<\/span><\/span><\/p>\n<p style=\"box-sizing: border-box; margin-bottom: 11px; color: #463e40; font-family: 'PT Serif', Georgia, 'Times New Roman', Times, serif; font-size: 16px; background-color: #ffffff; text-align: justify;\"><span style=\"font-size: 12px;\"><span style=\"font-family: verdana,geneva,sans-serif;\">Esta propuesta tiene el atractivo de los cantos de las sirenas de la Antigua Grecia, que atra\u00edan a los navegantes incautos a unas filudas rocas contra las que chocaban y naufragaban. Los cantos de la desdolarizaci\u00f3n suenan lindos. \u00bfC\u00f3mo no va a sonar linda la idea de imprimir su propio dinero? Pero, igual que los de las sirenas, conllevan destrucci\u00f3n y mucha angustia. Lejos de resolver los problemas econ\u00f3micos del pa\u00eds, los empeorar\u00eda al punto de crear la peor crisis de la historia.<\/span><\/span><\/p>\n<p style=\"box-sizing: border-box; margin-bottom: 11px; color: #463e40; font-family: 'PT Serif', Georgia, 'Times New Roman', Times, serif; font-size: 16px; background-color: #ffffff; text-align: justify;\"><span style=\"font-size: 12px;\"><span style=\"font-family: verdana,geneva,sans-serif;\">Para entender de d\u00f3nde vendr\u00eda la crisis s\u00f3lo dese cuenta de que si el gobierno decide desdolarizar es porque quiere crear dinero, y en grandes cantidades, porque por cantidades peque\u00f1as no se va a meter en una desdolarizaci\u00f3n. Y es bien sabido cu\u00e1les son los efectos de imprimir grandes cantidades de dinero: al haber m\u00e1s dinero para comprar las mismas cosas, suben los precios, y al subir los precios, se deval\u00faa la moneda, lo cual lleva a tasas m\u00e1s altas de inter\u00e9s, lo cual lleva a que se cree m\u00e1s dinero, y esto a m\u00e1s inflaci\u00f3n y a m\u00e1s\u00a0<strong style=\"box-sizing: border-box;\">devaluaci\u00f3n<\/strong>, y as\u00ed.<\/span><\/span><\/p>\n<p style=\"box-sizing: border-box; margin-bottom: 11px; color: #463e40; font-family: 'PT Serif', Georgia, 'Times New Roman', Times, serif; font-size: 16px; background-color: #ffffff; text-align: justify;\"><span style=\"font-size: 12px;\"><span style=\"font-family: verdana,geneva,sans-serif;\">Las clases trabajadoras, incluyendo a la clase media, ser\u00edan el pato de la fiesta porque en la inflaci\u00f3n los salarios nunca compensan el aumento de los precios, de modo que los trabajadores podr\u00edan comprar cada vez menos cosas con su salario. Peor a\u00fan, la t\u00e9cnica que siguen los bancos centrales para bajar la inflaci\u00f3n, apoyados por el\u00a0<strong style=\"box-sizing: border-box;\">Fondo Monetario Internacional<\/strong>, es restringir lo m\u00e1s que se pueda el crecimiento de los salarios, para que baje la demanda y con eso ya no suban los precios. Esas son algunas de las rocas filudas que esconden los cantos de sirena de la desdolarizaci\u00f3n.<\/span><\/span><\/p>\n<p style=\"box-sizing: border-box; margin-bottom: 11px; color: #463e40; font-family: 'PT Serif', Georgia, 'Times New Roman', Times, serif; font-size: 16px; background-color: #ffffff; text-align: justify;\"><span style=\"font-size: 12px;\"><span style=\"font-family: verdana,geneva,sans-serif;\">Tambi\u00e9n hay otras rocas filudas para la\u00a0<strong style=\"box-sizing: border-box;\">clase media<\/strong>. No hay nada que la defina m\u00e1s que el contar con su vivienda.<\/span><\/span><\/p>\n<p style=\"box-sizing: border-box; margin-bottom: 11px; color: #463e40; font-family: 'PT Serif', Georgia, 'Times New Roman', Times, serif; font-size: 16px; background-color: #ffffff; text-align: justify;\"><span style=\"font-size: 12px;\"><span style=\"font-family: verdana,geneva,sans-serif;\">Las<strong style=\"box-sizing: border-box;\">\u00a0tasas de inter\u00e9s<\/strong>\u00a0subir\u00edan radicalmente y los plazos de los prestamos se acortar\u00edan, imposibilitando la compra de viviendas y autom\u00f3viles y todo lo que un hogar de clase media adquiere al cr\u00e9dito.<\/span><\/span><\/p>\n<p style=\"box-sizing: border-box; margin-bottom: 11px; color: #463e40; font-family: 'PT Serif', Georgia, 'Times New Roman', Times, serif; font-size: 16px; background-color: #ffffff; text-align: justify;\"><span style=\"font-size: 12px;\"><span style=\"font-family: verdana,geneva,sans-serif;\">Los contribuyentes sufrir\u00edan porque toda la deuda del gobierno est\u00e1 en d\u00f3lares, y en una econom\u00eda desdolarizada los impuestos y los ingresos del gobierno estar\u00edan en colones. Con cada devaluaci\u00f3n, el gobierno tendr\u00eda d\u00e9ficits para pagar su deuda, y tendr\u00eda que o parar de imprimir dinero, o cobrar m\u00e1s impuestos, o dolarizar otra vez.<\/span><\/span><\/p>\n<p style=\"box-sizing: border-box; margin-bottom: 11px; color: #463e40; font-family: 'PT Serif', Georgia, 'Times New Roman', Times, serif; font-size: 16px; background-color: #ffffff; text-align: justify;\"><span style=\"font-size: 12px;\"><span style=\"font-family: verdana,geneva,sans-serif;\">El costo m\u00e1s alto ser\u00eda para el presidente, porque en la transici\u00f3n de dolarizada a desdolarizada la econom\u00eda tendr\u00eda una gran crisis pol\u00edtica, con la furia de la gente desbord\u00e1ndose al ver que el gobierno les est\u00e1 confiscando d\u00f3lares para darles colones que se devaluar\u00edan constantemente.<\/span><\/span><\/p>\n<p style=\"box-sizing: border-box; margin-bottom: 11px; color: #463e40; font-family: 'PT Serif', Georgia, 'Times New Roman', Times, serif; font-size: 16px; background-color: #ffffff; text-align: justify;\"><span style=\"font-size: 12px;\"><span style=\"font-family: verdana,geneva,sans-serif;\">Argentina en 2001 no estaba dolarizada. S\u00f3lo ten\u00eda una tasa fija de cambio, pero el p\u00e1nico y la furia al quitar el cambio fijo con el d\u00f3lar fueron tales que hubo 5 presidentes en una semana. No creo que el presidente se quiera exponer a este riesgo, especialmente porque para resolver cualquier crisis, incluyendo las de deuda, es esencial mantener la confianza en la moneda, que es autom\u00e1tica estando dolarizados y segura de no tenerse en medio de una desdolarizaci\u00f3n. Mucha gente, deseando este destino para el presidente, se sentir\u00eda contenta de que cometiera este suicidio pol\u00edtico. Pero si este es el objetivo, es mejor ganarle en las elecciones que destruir al pa\u00eds en el proceso.<\/span><\/span><\/p>\n<div class=\"pvc_clear\"><\/div>\n<p class=\"pvc_stats all \" data-element-id=\"18495\" style=\"\"><i class=\"pvc-stats-icon medium\" aria-hidden=\"true\"><svg aria-hidden=\"true\" focusable=\"false\" data-prefix=\"far\" data-icon=\"chart-bar\" role=\"img\" xmlns=\"http:\/\/www.w3.org\/2000\/svg\" viewBox=\"0 0 512 512\" class=\"svg-inline--fa fa-chart-bar fa-w-16 fa-2x\"><path fill=\"currentColor\" d=\"M396.8 352h22.4c6.4 0 12.8-6.4 12.8-12.8V108.8c0-6.4-6.4-12.8-12.8-12.8h-22.4c-6.4 0-12.8 6.4-12.8 12.8v230.4c0 6.4 6.4 12.8 12.8 12.8zm-192 0h22.4c6.4 0 12.8-6.4 12.8-12.8V140.8c0-6.4-6.4-12.8-12.8-12.8h-22.4c-6.4 0-12.8 6.4-12.8 12.8v198.4c0 6.4 6.4 12.8 12.8 12.8zm96 0h22.4c6.4 0 12.8-6.4 12.8-12.8V204.8c0-6.4-6.4-12.8-12.8-12.8h-22.4c-6.4 0-12.8 6.4-12.8 12.8v134.4c0 6.4 6.4 12.8 12.8 12.8zM496 400H48V80c0-8.84-7.16-16-16-16H16C7.16 64 0 71.16 0 80v336c0 17.67 14.33 32 32 32h464c8.84 0 16-7.16 16-16v-16c0-8.84-7.16-16-16-16zm-387.2-48h22.4c6.4 0 12.8-6.4 12.8-12.8v-70.4c0-6.4-6.4-12.8-12.8-12.8h-22.4c-6.4 0-12.8 6.4-12.8 12.8v70.4c0 6.4 6.4 12.8 12.8 12.8z\" class=\"\"><\/path><\/svg><\/i> Vistas Totales&nbsp;1,120&nbsp;, Vistas Hoy&nbsp;2&nbsp;<\/p>\n<div class=\"pvc_clear\"><\/div>\n","protected":false},"excerpt":{"rendered":"<p>Autor:\u00a0Manuel Hinds Extra\u00eddo de: El Cato Fecha: 23 de octubre del 2020 Usted no se ha puesto a pensar, \u00bfpor qu\u00e9 los graves problemas que tenemos, que en otros pa\u00edses hubieran ya llevado a una\u00a0crisis econ\u00f3mica, aqu\u00ed no lo han hecho? \u00bfPor qu\u00e9 sigue funcionando el pa\u00eds a pesar de los grandes\u00a0d\u00e9ficits fiscales, del aumento&#8230;<\/p>\n<div class=\"pvc_clear\"><\/div>\n<p class=\"pvc_stats all \" data-element-id=\"18495\" style=\"\"><i class=\"pvc-stats-icon medium\" aria-hidden=\"true\"><svg aria-hidden=\"true\" focusable=\"false\" data-prefix=\"far\" data-icon=\"chart-bar\" role=\"img\" xmlns=\"http:\/\/www.w3.org\/2000\/svg\" viewBox=\"0 0 512 512\" class=\"svg-inline--fa fa-chart-bar fa-w-16 fa-2x\"><path fill=\"currentColor\" d=\"M396.8 352h22.4c6.4 0 12.8-6.4 12.8-12.8V108.8c0-6.4-6.4-12.8-12.8-12.8h-22.4c-6.4 0-12.8 6.4-12.8 12.8v230.4c0 6.4 6.4 12.8 12.8 12.8zm-192 0h22.4c6.4 0 12.8-6.4 12.8-12.8V140.8c0-6.4-6.4-12.8-12.8-12.8h-22.4c-6.4 0-12.8 6.4-12.8 12.8v198.4c0 6.4 6.4 12.8 12.8 12.8zm96 0h22.4c6.4 0 12.8-6.4 12.8-12.8V204.8c0-6.4-6.4-12.8-12.8-12.8h-22.4c-6.4 0-12.8 6.4-12.8 12.8v134.4c0 6.4 6.4 12.8 12.8 12.8zM496 400H48V80c0-8.84-7.16-16-16-16H16C7.16 64 0 71.16 0 80v336c0 17.67 14.33 32 32 32h464c8.84 0 16-7.16 16-16v-16c0-8.84-7.16-16-16-16zm-387.2-48h22.4c6.4 0 12.8-6.4 12.8-12.8v-70.4c0-6.4-6.4-12.8-12.8-12.8h-22.4c-6.4 0-12.8 6.4-12.8 12.8v70.4c0 6.4 6.4 12.8 12.8 12.8z\" class=\"\"><\/path><\/svg><\/i> Vistas Totales&nbsp;1,120&nbsp;, Vistas Hoy&nbsp;2&nbsp;<\/p>\n<div class=\"pvc_clear\"><\/div>\n","protected":false},"author":2,"featured_media":0,"comment_status":"closed","ping_status":"closed","sticky":false,"template":"","format":"standard","meta":{"footnotes":""},"categories":[22],"tags":[],"class_list":["post-18495","post","type-post","status-publish","format-standard","hentry","category-articulos"],"yoast_head":"<!-- This site is optimized with the Yoast SEO plugin v25.2 - https:\/\/yoast.com\/wordpress\/plugins\/seo\/ -->\n<title>Los cantos de sirena y los cinco presidentes | CREES<\/title>\n<meta name=\"robots\" content=\"index, follow, max-snippet:-1, max-image-preview:large, max-video-preview:-1\" \/>\n<link rel=\"canonical\" href=\"https:\/\/crees.org.do\/?p=18495\" \/>\n<meta property=\"og:locale\" content=\"es_ES\" \/>\n<meta property=\"og:type\" content=\"article\" \/>\n<meta property=\"og:title\" content=\"Los cantos de sirena y los cinco presidentes | CREES\" \/>\n<meta property=\"og:description\" content=\"Autor:\u00a0Manuel Hinds Extra\u00eddo de: El Cato Fecha: 23 de octubre del 2020 Usted no se ha puesto a pensar, \u00bfpor qu\u00e9 los graves problemas que tenemos, que en otros pa\u00edses hubieran ya llevado a una\u00a0crisis econ\u00f3mica, aqu\u00ed no lo han hecho? \u00bfPor qu\u00e9 sigue funcionando el pa\u00eds a pesar de los grandes\u00a0d\u00e9ficits fiscales, del aumento...\" \/>\n<meta property=\"og:url\" content=\"https:\/\/crees.org.do\/?p=18495\" \/>\n<meta property=\"og:site_name\" content=\"CREES\" \/>\n<meta property=\"article:publisher\" content=\"https:\/\/www.facebook.com\/CREESRD\/\" \/>\n<meta property=\"article:published_time\" content=\"2020-10-23T17:33:00+00:00\" \/>\n<meta property=\"article:modified_time\" content=\"2021-08-18T19:13:49+00:00\" \/>\n<meta property=\"og:image\" content=\"https:\/\/crees.org.do\/wp-content\/uploads\/2022\/03\/crees-logo-1.jpg\" \/>\n\t<meta property=\"og:image:width\" content=\"244\" \/>\n\t<meta property=\"og:image:height\" content=\"71\" \/>\n\t<meta property=\"og:image:type\" content=\"image\/jpeg\" \/>\n<meta name=\"author\" content=\"Crees\" \/>\n<meta name=\"twitter:card\" content=\"summary_large_image\" \/>\n<meta name=\"twitter:creator\" content=\"@CREESRD\" \/>\n<meta name=\"twitter:site\" content=\"@CREESRD\" \/>\n<meta name=\"twitter:label1\" content=\"Escrito por\" \/>\n\t<meta name=\"twitter:data1\" content=\"Crees\" \/>\n\t<meta name=\"twitter:label2\" content=\"Tiempo de lectura\" \/>\n\t<meta name=\"twitter:data2\" content=\"4 minutos\" \/>\n<script type=\"application\/ld+json\" class=\"yoast-schema-graph\">{\"@context\":\"https:\/\/schema.org\",\"@graph\":[{\"@type\":\"Article\",\"@id\":\"https:\/\/crees.org.do\/?p=18495#article\",\"isPartOf\":{\"@id\":\"https:\/\/crees.org.do\/?p=18495\"},\"author\":{\"name\":\"Crees\",\"@id\":\"https:\/\/crees.org.do\/#\/schema\/person\/e7f97cd94d7bf9cd0e0ce30acb7d56b8\"},\"headline\":\"Los cantos de sirena y los cinco presidentes\",\"datePublished\":\"2020-10-23T17:33:00+00:00\",\"dateModified\":\"2021-08-18T19:13:49+00:00\",\"mainEntityOfPage\":{\"@id\":\"https:\/\/crees.org.do\/?p=18495\"},\"wordCount\":817,\"publisher\":{\"@id\":\"https:\/\/crees.org.do\/#organization\"},\"articleSection\":[\"Art\u00edculos\"],\"inLanguage\":\"es\"},{\"@type\":\"WebPage\",\"@id\":\"https:\/\/crees.org.do\/?p=18495\",\"url\":\"https:\/\/crees.org.do\/?p=18495\",\"name\":\"Los cantos de sirena y los cinco presidentes | CREES\",\"isPartOf\":{\"@id\":\"https:\/\/crees.org.do\/#website\"},\"datePublished\":\"2020-10-23T17:33:00+00:00\",\"dateModified\":\"2021-08-18T19:13:49+00:00\",\"breadcrumb\":{\"@id\":\"https:\/\/crees.org.do\/?p=18495#breadcrumb\"},\"inLanguage\":\"es\",\"potentialAction\":[{\"@type\":\"ReadAction\",\"target\":[\"https:\/\/crees.org.do\/?p=18495\"]}]},{\"@type\":\"BreadcrumbList\",\"@id\":\"https:\/\/crees.org.do\/?p=18495#breadcrumb\",\"itemListElement\":[{\"@type\":\"ListItem\",\"position\":1,\"name\":\"Portada\",\"item\":\"https:\/\/crees.org.do\/\"},{\"@type\":\"ListItem\",\"position\":2,\"name\":\"Los cantos de sirena y los cinco presidentes\"}]},{\"@type\":\"WebSite\",\"@id\":\"https:\/\/crees.org.do\/#website\",\"url\":\"https:\/\/crees.org.do\/\",\"name\":\"CREES\",\"description\":\"Centro Regional de Estrategias Econ\u00f3micas Sostenibles\",\"publisher\":{\"@id\":\"https:\/\/crees.org.do\/#organization\"},\"potentialAction\":[{\"@type\":\"SearchAction\",\"target\":{\"@type\":\"EntryPoint\",\"urlTemplate\":\"https:\/\/crees.org.do\/?s={search_term_string}\"},\"query-input\":{\"@type\":\"PropertyValueSpecification\",\"valueRequired\":true,\"valueName\":\"search_term_string\"}}],\"inLanguage\":\"es\"},{\"@type\":\"Organization\",\"@id\":\"https:\/\/crees.org.do\/#organization\",\"name\":\"CREES | Centro Regional de Estrategias Econ\u00f3micas Sostenibles\",\"url\":\"https:\/\/crees.org.do\/\",\"logo\":{\"@type\":\"ImageObject\",\"inLanguage\":\"es\",\"@id\":\"https:\/\/crees.org.do\/#\/schema\/logo\/image\/\",\"url\":\"https:\/\/crees.org.do\/wp-content\/uploads\/2022\/03\/crees-logo-1.jpg\",\"contentUrl\":\"https:\/\/crees.org.do\/wp-content\/uploads\/2022\/03\/crees-logo-1.jpg\",\"width\":244,\"height\":71,\"caption\":\"CREES | Centro Regional de Estrategias Econ\u00f3micas Sostenibles\"},\"image\":{\"@id\":\"https:\/\/crees.org.do\/#\/schema\/logo\/image\/\"},\"sameAs\":[\"https:\/\/www.facebook.com\/CREESRD\/\",\"https:\/\/x.com\/CREESRD\"]},{\"@type\":\"Person\",\"@id\":\"https:\/\/crees.org.do\/#\/schema\/person\/e7f97cd94d7bf9cd0e0ce30acb7d56b8\",\"name\":\"Crees\",\"image\":{\"@type\":\"ImageObject\",\"inLanguage\":\"es\",\"@id\":\"https:\/\/crees.org.do\/#\/schema\/person\/image\/\",\"url\":\"https:\/\/secure.gravatar.com\/avatar\/390ac8f0be5d9aa046152553e2dd7011b59a512d89c150f5e5f28bb8d9a0b165?s=96&d=mm&r=g\",\"contentUrl\":\"https:\/\/secure.gravatar.com\/avatar\/390ac8f0be5d9aa046152553e2dd7011b59a512d89c150f5e5f28bb8d9a0b165?s=96&d=mm&r=g\",\"caption\":\"Crees\"},\"url\":\"https:\/\/crees.org.do\/?author=2\"}]}<\/script>\n<!-- \/ Yoast SEO plugin. -->","yoast_head_json":{"title":"Los cantos de sirena y los cinco presidentes | CREES","robots":{"index":"index","follow":"follow","max-snippet":"max-snippet:-1","max-image-preview":"max-image-preview:large","max-video-preview":"max-video-preview:-1"},"canonical":"https:\/\/crees.org.do\/?p=18495","og_locale":"es_ES","og_type":"article","og_title":"Los cantos de sirena y los cinco presidentes | CREES","og_description":"Autor:\u00a0Manuel Hinds Extra\u00eddo de: El Cato Fecha: 23 de octubre del 2020 Usted no se ha puesto a pensar, \u00bfpor qu\u00e9 los graves problemas que tenemos, que en otros pa\u00edses hubieran ya llevado a una\u00a0crisis econ\u00f3mica, aqu\u00ed no lo han hecho? \u00bfPor qu\u00e9 sigue funcionando el pa\u00eds a pesar de los grandes\u00a0d\u00e9ficits fiscales, del aumento...","og_url":"https:\/\/crees.org.do\/?p=18495","og_site_name":"CREES","article_publisher":"https:\/\/www.facebook.com\/CREESRD\/","article_published_time":"2020-10-23T17:33:00+00:00","article_modified_time":"2021-08-18T19:13:49+00:00","og_image":[{"width":244,"height":71,"url":"https:\/\/crees.org.do\/wp-content\/uploads\/2022\/03\/crees-logo-1.jpg","type":"image\/jpeg"}],"author":"Crees","twitter_card":"summary_large_image","twitter_creator":"@CREESRD","twitter_site":"@CREESRD","twitter_misc":{"Escrito por":"Crees","Tiempo de lectura":"4 minutos"},"schema":{"@context":"https:\/\/schema.org","@graph":[{"@type":"Article","@id":"https:\/\/crees.org.do\/?p=18495#article","isPartOf":{"@id":"https:\/\/crees.org.do\/?p=18495"},"author":{"name":"Crees","@id":"https:\/\/crees.org.do\/#\/schema\/person\/e7f97cd94d7bf9cd0e0ce30acb7d56b8"},"headline":"Los cantos de sirena y los cinco presidentes","datePublished":"2020-10-23T17:33:00+00:00","dateModified":"2021-08-18T19:13:49+00:00","mainEntityOfPage":{"@id":"https:\/\/crees.org.do\/?p=18495"},"wordCount":817,"publisher":{"@id":"https:\/\/crees.org.do\/#organization"},"articleSection":["Art\u00edculos"],"inLanguage":"es"},{"@type":"WebPage","@id":"https:\/\/crees.org.do\/?p=18495","url":"https:\/\/crees.org.do\/?p=18495","name":"Los cantos de sirena y los cinco presidentes | CREES","isPartOf":{"@id":"https:\/\/crees.org.do\/#website"},"datePublished":"2020-10-23T17:33:00+00:00","dateModified":"2021-08-18T19:13:49+00:00","breadcrumb":{"@id":"https:\/\/crees.org.do\/?p=18495#breadcrumb"},"inLanguage":"es","potentialAction":[{"@type":"ReadAction","target":["https:\/\/crees.org.do\/?p=18495"]}]},{"@type":"BreadcrumbList","@id":"https:\/\/crees.org.do\/?p=18495#breadcrumb","itemListElement":[{"@type":"ListItem","position":1,"name":"Portada","item":"https:\/\/crees.org.do\/"},{"@type":"ListItem","position":2,"name":"Los cantos de sirena y los cinco presidentes"}]},{"@type":"WebSite","@id":"https:\/\/crees.org.do\/#website","url":"https:\/\/crees.org.do\/","name":"CREES","description":"Centro Regional de Estrategias Econ\u00f3micas Sostenibles","publisher":{"@id":"https:\/\/crees.org.do\/#organization"},"potentialAction":[{"@type":"SearchAction","target":{"@type":"EntryPoint","urlTemplate":"https:\/\/crees.org.do\/?s={search_term_string}"},"query-input":{"@type":"PropertyValueSpecification","valueRequired":true,"valueName":"search_term_string"}}],"inLanguage":"es"},{"@type":"Organization","@id":"https:\/\/crees.org.do\/#organization","name":"CREES | Centro Regional de Estrategias Econ\u00f3micas Sostenibles","url":"https:\/\/crees.org.do\/","logo":{"@type":"ImageObject","inLanguage":"es","@id":"https:\/\/crees.org.do\/#\/schema\/logo\/image\/","url":"https:\/\/crees.org.do\/wp-content\/uploads\/2022\/03\/crees-logo-1.jpg","contentUrl":"https:\/\/crees.org.do\/wp-content\/uploads\/2022\/03\/crees-logo-1.jpg","width":244,"height":71,"caption":"CREES | Centro Regional de Estrategias Econ\u00f3micas Sostenibles"},"image":{"@id":"https:\/\/crees.org.do\/#\/schema\/logo\/image\/"},"sameAs":["https:\/\/www.facebook.com\/CREESRD\/","https:\/\/x.com\/CREESRD"]},{"@type":"Person","@id":"https:\/\/crees.org.do\/#\/schema\/person\/e7f97cd94d7bf9cd0e0ce30acb7d56b8","name":"Crees","image":{"@type":"ImageObject","inLanguage":"es","@id":"https:\/\/crees.org.do\/#\/schema\/person\/image\/","url":"https:\/\/secure.gravatar.com\/avatar\/390ac8f0be5d9aa046152553e2dd7011b59a512d89c150f5e5f28bb8d9a0b165?s=96&d=mm&r=g","contentUrl":"https:\/\/secure.gravatar.com\/avatar\/390ac8f0be5d9aa046152553e2dd7011b59a512d89c150f5e5f28bb8d9a0b165?s=96&d=mm&r=g","caption":"Crees"},"url":"https:\/\/crees.org.do\/?author=2"}]}},"_links":{"self":[{"href":"https:\/\/crees.org.do\/index.php?rest_route=\/wp\/v2\/posts\/18495","targetHints":{"allow":["GET"]}}],"collection":[{"href":"https:\/\/crees.org.do\/index.php?rest_route=\/wp\/v2\/posts"}],"about":[{"href":"https:\/\/crees.org.do\/index.php?rest_route=\/wp\/v2\/types\/post"}],"author":[{"embeddable":true,"href":"https:\/\/crees.org.do\/index.php?rest_route=\/wp\/v2\/users\/2"}],"replies":[{"embeddable":true,"href":"https:\/\/crees.org.do\/index.php?rest_route=%2Fwp%2Fv2%2Fcomments&post=18495"}],"version-history":[{"count":1,"href":"https:\/\/crees.org.do\/index.php?rest_route=\/wp\/v2\/posts\/18495\/revisions"}],"predecessor-version":[{"id":21934,"href":"https:\/\/crees.org.do\/index.php?rest_route=\/wp\/v2\/posts\/18495\/revisions\/21934"}],"wp:attachment":[{"href":"https:\/\/crees.org.do\/index.php?rest_route=%2Fwp%2Fv2%2Fmedia&parent=18495"}],"wp:term":[{"taxonomy":"category","embeddable":true,"href":"https:\/\/crees.org.do\/index.php?rest_route=%2Fwp%2Fv2%2Fcategories&post=18495"},{"taxonomy":"post_tag","embeddable":true,"href":"https:\/\/crees.org.do\/index.php?rest_route=%2Fwp%2Fv2%2Ftags&post=18495"}],"curies":[{"name":"wp","href":"https:\/\/api.w.org\/{rel}","templated":true}]}}