{"id":19595,"date":"2016-01-11T00:00:00","date_gmt":"2016-01-11T00:00:00","guid":{"rendered":"https:\/\/crees.org.do\/?p=19595"},"modified":"2021-08-18T00:56:03","modified_gmt":"2021-08-18T00:56:03","slug":"grafica-del-dia-exportaciones-nacionales-no-minerales-de-la-republica-dominicana-en-millones-de-us-enero-septiembre-2010-2016","status":"publish","type":"post","link":"https:\/\/crees.org.do\/?p=19595","title":{"rendered":"Gr\u00e1fica del D\u00eda: Exportaciones Nacionales No Minerales de la Rep\u00fablica Dominicana (En millones de US$, enero-septiembre 2010-2016)"},"content":{"rendered":"<p style=\"text-align: center;\">[[{&#8220;type&#8221;:&#8221;media&#8221;,&#8221;view_mode&#8221;:&#8221;media_original&#8221;,&#8221;fid&#8221;:&#8221;4820&#8243;,&#8221;attributes&#8221;:{&#8220;alt&#8221;:&#8221;&#8221;,&#8221;class&#8221;:&#8221;media-image&#8221;,&#8221;style&#8221;:&#8221;height: 485px; width: 657px;&#8221;}}]]<\/p>\n<p style=\"text-align: justify;\"><span style=\"font-size:12px;\"><span style=\"font-family:verdana,geneva,sans-serif;\">Las exportaciones nacionales no minerales son iguales a las exportaciones totales del pa\u00eds menos las exportaciones de zonas francas y las exportaciones nacionales minerales (oro, plata, ferron\u00edquel, etc.). Durante el per\u00edodo mostrado, estas exportaciones promediaron US$2,211.5 millones por a\u00f1o. Entre el enero hasta septiembre de 2012 y el de 2016, las exportaciones nacionales no minerales disminuyeron en un 24.9%, es decir, US$653.5 millones menos en cuatro a\u00f1os. En 2016, las exportaciones nacionales no minerales se redujeron en un 6.4%. En general, el comportamiento de las exportaciones de un pa\u00eds es una aproximaci\u00f3n de la competitividad de estas: cuando disminuyen, su competitividad frente a las de otros pa\u00edses es menor, y viceversa. Para observar la competitividad de las exportaciones de la Rep\u00fablica Dominicana debemos observar las exportaciones nacionales no minerales. No se toman en cuenta a las exportaciones de minerales y las de zonas francas porque estas no se ven influidas por los factores internos que inciden en la competitividad de las empresas. La disminuci\u00f3n experimentada por las exportaciones nacionales se debe, en gran parte, a que estas son afectadas por la baja productividad y los altos costos de producci\u00f3n. Ambos factores son causados por las altas tasas impositivas en el pa\u00eds; un deficiente y costoso servicio el\u00e9ctrico; altos costes de transporte: m\u00e1s altos que el promedio de Centro Am\u00e9rica; altos precios de los combustible, superando al promedio de Centro Am\u00e9rica; entre otras.<\/span><\/span><\/p>\n<div class=\"pvc_clear\"><\/div>\n<p class=\"pvc_stats all \" data-element-id=\"19595\" style=\"\"><i class=\"pvc-stats-icon medium\" aria-hidden=\"true\"><svg aria-hidden=\"true\" focusable=\"false\" data-prefix=\"far\" data-icon=\"chart-bar\" role=\"img\" xmlns=\"http:\/\/www.w3.org\/2000\/svg\" viewBox=\"0 0 512 512\" class=\"svg-inline--fa fa-chart-bar fa-w-16 fa-2x\"><path fill=\"currentColor\" d=\"M396.8 352h22.4c6.4 0 12.8-6.4 12.8-12.8V108.8c0-6.4-6.4-12.8-12.8-12.8h-22.4c-6.4 0-12.8 6.4-12.8 12.8v230.4c0 6.4 6.4 12.8 12.8 12.8zm-192 0h22.4c6.4 0 12.8-6.4 12.8-12.8V140.8c0-6.4-6.4-12.8-12.8-12.8h-22.4c-6.4 0-12.8 6.4-12.8 12.8v198.4c0 6.4 6.4 12.8 12.8 12.8zm96 0h22.4c6.4 0 12.8-6.4 12.8-12.8V204.8c0-6.4-6.4-12.8-12.8-12.8h-22.4c-6.4 0-12.8 6.4-12.8 12.8v134.4c0 6.4 6.4 12.8 12.8 12.8zM496 400H48V80c0-8.84-7.16-16-16-16H16C7.16 64 0 71.16 0 80v336c0 17.67 14.33 32 32 32h464c8.84 0 16-7.16 16-16v-16c0-8.84-7.16-16-16-16zm-387.2-48h22.4c6.4 0 12.8-6.4 12.8-12.8v-70.4c0-6.4-6.4-12.8-12.8-12.8h-22.4c-6.4 0-12.8 6.4-12.8 12.8v70.4c0 6.4 6.4 12.8 12.8 12.8z\" class=\"\"><\/path><\/svg><\/i> Vistas Totales&nbsp;324&nbsp;, Vistas Hoy&nbsp;1&nbsp;<\/p>\n<div class=\"pvc_clear\"><\/div>\n","protected":false},"excerpt":{"rendered":"<p>La gr\u00e1fica de hoy muestra las exportaciones nacionales de bienes no minerales de la Rep\u00fablica Dominicana. El per\u00edodo mostrado abarca el per\u00edodo de enero a septiembre de 2010 hasta el 2016. <\/p>\n<div class=\"pvc_clear\"><\/div>\n<p class=\"pvc_stats all \" data-element-id=\"19595\" style=\"\"><i class=\"pvc-stats-icon medium\" aria-hidden=\"true\"><svg aria-hidden=\"true\" focusable=\"false\" data-prefix=\"far\" data-icon=\"chart-bar\" role=\"img\" xmlns=\"http:\/\/www.w3.org\/2000\/svg\" viewBox=\"0 0 512 512\" class=\"svg-inline--fa fa-chart-bar fa-w-16 fa-2x\"><path fill=\"currentColor\" d=\"M396.8 352h22.4c6.4 0 12.8-6.4 12.8-12.8V108.8c0-6.4-6.4-12.8-12.8-12.8h-22.4c-6.4 0-12.8 6.4-12.8 12.8v230.4c0 6.4 6.4 12.8 12.8 12.8zm-192 0h22.4c6.4 0 12.8-6.4 12.8-12.8V140.8c0-6.4-6.4-12.8-12.8-12.8h-22.4c-6.4 0-12.8 6.4-12.8 12.8v198.4c0 6.4 6.4 12.8 12.8 12.8zm96 0h22.4c6.4 0 12.8-6.4 12.8-12.8V204.8c0-6.4-6.4-12.8-12.8-12.8h-22.4c-6.4 0-12.8 6.4-12.8 12.8v134.4c0 6.4 6.4 12.8 12.8 12.8zM496 400H48V80c0-8.84-7.16-16-16-16H16C7.16 64 0 71.16 0 80v336c0 17.67 14.33 32 32 32h464c8.84 0 16-7.16 16-16v-16c0-8.84-7.16-16-16-16zm-387.2-48h22.4c6.4 0 12.8-6.4 12.8-12.8v-70.4c0-6.4-6.4-12.8-12.8-12.8h-22.4c-6.4 0-12.8 6.4-12.8 12.8v70.4c0 6.4 6.4 12.8 12.8 12.8z\" class=\"\"><\/path><\/svg><\/i> Vistas Totales&nbsp;324&nbsp;, Vistas Hoy&nbsp;1&nbsp;<\/p>\n<div class=\"pvc_clear\"><\/div>\n","protected":false},"author":2,"featured_media":0,"comment_status":"open","ping_status":"open","sticky":false,"template":"","format":"standard","meta":{"footnotes":""},"categories":[21],"tags":[],"class_list":["post-19595","post","type-post","status-publish","format-standard","hentry","category-blog"],"yoast_head":"<!-- This site is optimized with the Yoast SEO plugin v25.2 - https:\/\/yoast.com\/wordpress\/plugins\/seo\/ -->\n<title>Gr\u00e1fica del D\u00eda: Exportaciones Nacionales No Minerales de la Rep\u00fablica Dominicana (En millones de US$, enero-septiembre 2010-2016) | CREES<\/title>\n<meta name=\"robots\" content=\"index, follow, max-snippet:-1, max-image-preview:large, max-video-preview:-1\" \/>\n<link rel=\"canonical\" href=\"https:\/\/crees.org.do\/?p=19595\" \/>\n<meta property=\"og:locale\" content=\"es_ES\" \/>\n<meta property=\"og:type\" content=\"article\" \/>\n<meta property=\"og:title\" content=\"Gr\u00e1fica del D\u00eda: Exportaciones Nacionales No Minerales de la Rep\u00fablica Dominicana (En millones de US$, enero-septiembre 2010-2016) | CREES\" \/>\n<meta property=\"og:description\" content=\"La gr\u00e1fica de hoy muestra las exportaciones nacionales de bienes no minerales de la Rep\u00fablica Dominicana. El per\u00edodo mostrado abarca el per\u00edodo de enero a septiembre de 2010 hasta el 2016.\" \/>\n<meta property=\"og:url\" content=\"https:\/\/crees.org.do\/?p=19595\" \/>\n<meta property=\"og:site_name\" content=\"CREES\" \/>\n<meta property=\"article:publisher\" content=\"https:\/\/www.facebook.com\/CREESRD\/\" \/>\n<meta property=\"article:published_time\" content=\"2016-01-11T00:00:00+00:00\" \/>\n<meta property=\"article:modified_time\" content=\"2021-08-18T00:56:03+00:00\" \/>\n<meta property=\"og:image\" content=\"https:\/\/crees.org.do\/wp-content\/uploads\/2022\/03\/crees-logo-1.jpg\" \/>\n\t<meta property=\"og:image:width\" content=\"244\" \/>\n\t<meta property=\"og:image:height\" content=\"71\" \/>\n\t<meta property=\"og:image:type\" content=\"image\/jpeg\" \/>\n<meta name=\"author\" content=\"Crees\" \/>\n<meta name=\"twitter:card\" content=\"summary_large_image\" \/>\n<meta name=\"twitter:creator\" content=\"@CREESRD\" \/>\n<meta name=\"twitter:site\" content=\"@CREESRD\" \/>\n<meta name=\"twitter:label1\" content=\"Escrito por\" \/>\n\t<meta name=\"twitter:data1\" content=\"Crees\" \/>\n\t<meta name=\"twitter:label2\" content=\"Tiempo de lectura\" \/>\n\t<meta name=\"twitter:data2\" content=\"1 minuto\" \/>\n<script type=\"application\/ld+json\" class=\"yoast-schema-graph\">{\"@context\":\"https:\/\/schema.org\",\"@graph\":[{\"@type\":\"Article\",\"@id\":\"https:\/\/crees.org.do\/?p=19595#article\",\"isPartOf\":{\"@id\":\"https:\/\/crees.org.do\/?p=19595\"},\"author\":{\"name\":\"Crees\",\"@id\":\"https:\/\/crees.org.do\/#\/schema\/person\/e7f97cd94d7bf9cd0e0ce30acb7d56b8\"},\"headline\":\"Gr\u00e1fica del D\u00eda: Exportaciones Nacionales No Minerales de la Rep\u00fablica Dominicana (En millones de US$, enero-septiembre 2010-2016)\",\"datePublished\":\"2016-01-11T00:00:00+00:00\",\"dateModified\":\"2021-08-18T00:56:03+00:00\",\"mainEntityOfPage\":{\"@id\":\"https:\/\/crees.org.do\/?p=19595\"},\"wordCount\":279,\"commentCount\":0,\"publisher\":{\"@id\":\"https:\/\/crees.org.do\/#organization\"},\"articleSection\":[\"Blog\"],\"inLanguage\":\"es\"},{\"@type\":\"WebPage\",\"@id\":\"https:\/\/crees.org.do\/?p=19595\",\"url\":\"https:\/\/crees.org.do\/?p=19595\",\"name\":\"Gr\u00e1fica del D\u00eda: Exportaciones Nacionales No Minerales de la Rep\u00fablica Dominicana (En millones de US$, enero-septiembre 2010-2016) | CREES\",\"isPartOf\":{\"@id\":\"https:\/\/crees.org.do\/#website\"},\"datePublished\":\"2016-01-11T00:00:00+00:00\",\"dateModified\":\"2021-08-18T00:56:03+00:00\",\"breadcrumb\":{\"@id\":\"https:\/\/crees.org.do\/?p=19595#breadcrumb\"},\"inLanguage\":\"es\",\"potentialAction\":[{\"@type\":\"ReadAction\",\"target\":[\"https:\/\/crees.org.do\/?p=19595\"]}]},{\"@type\":\"BreadcrumbList\",\"@id\":\"https:\/\/crees.org.do\/?p=19595#breadcrumb\",\"itemListElement\":[{\"@type\":\"ListItem\",\"position\":1,\"name\":\"Portada\",\"item\":\"https:\/\/crees.org.do\/\"},{\"@type\":\"ListItem\",\"position\":2,\"name\":\"Gr\u00e1fica del D\u00eda: Exportaciones Nacionales No Minerales de la Rep\u00fablica Dominicana (En millones de US$, enero-septiembre 2010-2016)\"}]},{\"@type\":\"WebSite\",\"@id\":\"https:\/\/crees.org.do\/#website\",\"url\":\"https:\/\/crees.org.do\/\",\"name\":\"CREES\",\"description\":\"Centro Regional de Estrategias Econ\u00f3micas Sostenibles\",\"publisher\":{\"@id\":\"https:\/\/crees.org.do\/#organization\"},\"potentialAction\":[{\"@type\":\"SearchAction\",\"target\":{\"@type\":\"EntryPoint\",\"urlTemplate\":\"https:\/\/crees.org.do\/?s={search_term_string}\"},\"query-input\":{\"@type\":\"PropertyValueSpecification\",\"valueRequired\":true,\"valueName\":\"search_term_string\"}}],\"inLanguage\":\"es\"},{\"@type\":\"Organization\",\"@id\":\"https:\/\/crees.org.do\/#organization\",\"name\":\"CREES | Centro Regional de Estrategias Econ\u00f3micas Sostenibles\",\"url\":\"https:\/\/crees.org.do\/\",\"logo\":{\"@type\":\"ImageObject\",\"inLanguage\":\"es\",\"@id\":\"https:\/\/crees.org.do\/#\/schema\/logo\/image\/\",\"url\":\"https:\/\/crees.org.do\/wp-content\/uploads\/2022\/03\/crees-logo-1.jpg\",\"contentUrl\":\"https:\/\/crees.org.do\/wp-content\/uploads\/2022\/03\/crees-logo-1.jpg\",\"width\":244,\"height\":71,\"caption\":\"CREES | Centro Regional de Estrategias Econ\u00f3micas Sostenibles\"},\"image\":{\"@id\":\"https:\/\/crees.org.do\/#\/schema\/logo\/image\/\"},\"sameAs\":[\"https:\/\/www.facebook.com\/CREESRD\/\",\"https:\/\/x.com\/CREESRD\"]},{\"@type\":\"Person\",\"@id\":\"https:\/\/crees.org.do\/#\/schema\/person\/e7f97cd94d7bf9cd0e0ce30acb7d56b8\",\"name\":\"Crees\",\"image\":{\"@type\":\"ImageObject\",\"inLanguage\":\"es\",\"@id\":\"https:\/\/crees.org.do\/#\/schema\/person\/image\/\",\"url\":\"https:\/\/secure.gravatar.com\/avatar\/390ac8f0be5d9aa046152553e2dd7011b59a512d89c150f5e5f28bb8d9a0b165?s=96&d=mm&r=g\",\"contentUrl\":\"https:\/\/secure.gravatar.com\/avatar\/390ac8f0be5d9aa046152553e2dd7011b59a512d89c150f5e5f28bb8d9a0b165?s=96&d=mm&r=g\",\"caption\":\"Crees\"},\"url\":\"https:\/\/crees.org.do\/?author=2\"}]}<\/script>\n<!-- \/ Yoast SEO plugin. -->","yoast_head_json":{"title":"Gr\u00e1fica del D\u00eda: Exportaciones Nacionales No Minerales de la Rep\u00fablica Dominicana (En millones de US$, enero-septiembre 2010-2016) | CREES","robots":{"index":"index","follow":"follow","max-snippet":"max-snippet:-1","max-image-preview":"max-image-preview:large","max-video-preview":"max-video-preview:-1"},"canonical":"https:\/\/crees.org.do\/?p=19595","og_locale":"es_ES","og_type":"article","og_title":"Gr\u00e1fica del D\u00eda: Exportaciones Nacionales No Minerales de la Rep\u00fablica Dominicana (En millones de US$, enero-septiembre 2010-2016) | CREES","og_description":"La gr\u00e1fica de hoy muestra las exportaciones nacionales de bienes no minerales de la Rep\u00fablica Dominicana. El per\u00edodo mostrado abarca el per\u00edodo de enero a septiembre de 2010 hasta el 2016.","og_url":"https:\/\/crees.org.do\/?p=19595","og_site_name":"CREES","article_publisher":"https:\/\/www.facebook.com\/CREESRD\/","article_published_time":"2016-01-11T00:00:00+00:00","article_modified_time":"2021-08-18T00:56:03+00:00","og_image":[{"width":244,"height":71,"url":"https:\/\/crees.org.do\/wp-content\/uploads\/2022\/03\/crees-logo-1.jpg","type":"image\/jpeg"}],"author":"Crees","twitter_card":"summary_large_image","twitter_creator":"@CREESRD","twitter_site":"@CREESRD","twitter_misc":{"Escrito por":"Crees","Tiempo de lectura":"1 minuto"},"schema":{"@context":"https:\/\/schema.org","@graph":[{"@type":"Article","@id":"https:\/\/crees.org.do\/?p=19595#article","isPartOf":{"@id":"https:\/\/crees.org.do\/?p=19595"},"author":{"name":"Crees","@id":"https:\/\/crees.org.do\/#\/schema\/person\/e7f97cd94d7bf9cd0e0ce30acb7d56b8"},"headline":"Gr\u00e1fica del D\u00eda: Exportaciones Nacionales No Minerales de la Rep\u00fablica Dominicana (En millones de US$, enero-septiembre 2010-2016)","datePublished":"2016-01-11T00:00:00+00:00","dateModified":"2021-08-18T00:56:03+00:00","mainEntityOfPage":{"@id":"https:\/\/crees.org.do\/?p=19595"},"wordCount":279,"commentCount":0,"publisher":{"@id":"https:\/\/crees.org.do\/#organization"},"articleSection":["Blog"],"inLanguage":"es"},{"@type":"WebPage","@id":"https:\/\/crees.org.do\/?p=19595","url":"https:\/\/crees.org.do\/?p=19595","name":"Gr\u00e1fica del D\u00eda: Exportaciones Nacionales No Minerales de la Rep\u00fablica Dominicana (En millones de US$, enero-septiembre 2010-2016) | CREES","isPartOf":{"@id":"https:\/\/crees.org.do\/#website"},"datePublished":"2016-01-11T00:00:00+00:00","dateModified":"2021-08-18T00:56:03+00:00","breadcrumb":{"@id":"https:\/\/crees.org.do\/?p=19595#breadcrumb"},"inLanguage":"es","potentialAction":[{"@type":"ReadAction","target":["https:\/\/crees.org.do\/?p=19595"]}]},{"@type":"BreadcrumbList","@id":"https:\/\/crees.org.do\/?p=19595#breadcrumb","itemListElement":[{"@type":"ListItem","position":1,"name":"Portada","item":"https:\/\/crees.org.do\/"},{"@type":"ListItem","position":2,"name":"Gr\u00e1fica del D\u00eda: Exportaciones Nacionales No Minerales de la Rep\u00fablica Dominicana (En millones de US$, enero-septiembre 2010-2016)"}]},{"@type":"WebSite","@id":"https:\/\/crees.org.do\/#website","url":"https:\/\/crees.org.do\/","name":"CREES","description":"Centro Regional de Estrategias Econ\u00f3micas Sostenibles","publisher":{"@id":"https:\/\/crees.org.do\/#organization"},"potentialAction":[{"@type":"SearchAction","target":{"@type":"EntryPoint","urlTemplate":"https:\/\/crees.org.do\/?s={search_term_string}"},"query-input":{"@type":"PropertyValueSpecification","valueRequired":true,"valueName":"search_term_string"}}],"inLanguage":"es"},{"@type":"Organization","@id":"https:\/\/crees.org.do\/#organization","name":"CREES | Centro Regional de Estrategias Econ\u00f3micas Sostenibles","url":"https:\/\/crees.org.do\/","logo":{"@type":"ImageObject","inLanguage":"es","@id":"https:\/\/crees.org.do\/#\/schema\/logo\/image\/","url":"https:\/\/crees.org.do\/wp-content\/uploads\/2022\/03\/crees-logo-1.jpg","contentUrl":"https:\/\/crees.org.do\/wp-content\/uploads\/2022\/03\/crees-logo-1.jpg","width":244,"height":71,"caption":"CREES | Centro Regional de Estrategias Econ\u00f3micas Sostenibles"},"image":{"@id":"https:\/\/crees.org.do\/#\/schema\/logo\/image\/"},"sameAs":["https:\/\/www.facebook.com\/CREESRD\/","https:\/\/x.com\/CREESRD"]},{"@type":"Person","@id":"https:\/\/crees.org.do\/#\/schema\/person\/e7f97cd94d7bf9cd0e0ce30acb7d56b8","name":"Crees","image":{"@type":"ImageObject","inLanguage":"es","@id":"https:\/\/crees.org.do\/#\/schema\/person\/image\/","url":"https:\/\/secure.gravatar.com\/avatar\/390ac8f0be5d9aa046152553e2dd7011b59a512d89c150f5e5f28bb8d9a0b165?s=96&d=mm&r=g","contentUrl":"https:\/\/secure.gravatar.com\/avatar\/390ac8f0be5d9aa046152553e2dd7011b59a512d89c150f5e5f28bb8d9a0b165?s=96&d=mm&r=g","caption":"Crees"},"url":"https:\/\/crees.org.do\/?author=2"}]}},"_links":{"self":[{"href":"https:\/\/crees.org.do\/index.php?rest_route=\/wp\/v2\/posts\/19595","targetHints":{"allow":["GET"]}}],"collection":[{"href":"https:\/\/crees.org.do\/index.php?rest_route=\/wp\/v2\/posts"}],"about":[{"href":"https:\/\/crees.org.do\/index.php?rest_route=\/wp\/v2\/types\/post"}],"author":[{"embeddable":true,"href":"https:\/\/crees.org.do\/index.php?rest_route=\/wp\/v2\/users\/2"}],"replies":[{"embeddable":true,"href":"https:\/\/crees.org.do\/index.php?rest_route=%2Fwp%2Fv2%2Fcomments&post=19595"}],"version-history":[{"count":1,"href":"https:\/\/crees.org.do\/index.php?rest_route=\/wp\/v2\/posts\/19595\/revisions"}],"predecessor-version":[{"id":21519,"href":"https:\/\/crees.org.do\/index.php?rest_route=\/wp\/v2\/posts\/19595\/revisions\/21519"}],"wp:attachment":[{"href":"https:\/\/crees.org.do\/index.php?rest_route=%2Fwp%2Fv2%2Fmedia&parent=19595"}],"wp:term":[{"taxonomy":"category","embeddable":true,"href":"https:\/\/crees.org.do\/index.php?rest_route=%2Fwp%2Fv2%2Fcategories&post=19595"},{"taxonomy":"post_tag","embeddable":true,"href":"https:\/\/crees.org.do\/index.php?rest_route=%2Fwp%2Fv2%2Ftags&post=19595"}],"curies":[{"name":"wp","href":"https:\/\/api.w.org\/{rel}","templated":true}]}}