{"id":20008,"date":"2011-11-21T00:00:00","date_gmt":"2011-11-21T00:00:00","guid":{"rendered":"https:\/\/crees.org.do\/?p=20008"},"modified":"2021-08-11T22:39:20","modified_gmt":"2021-08-11T22:39:20","slug":"miremos-al-baltico-para-cambiar-de-rumbo","status":"publish","type":"post","link":"https:\/\/crees.org.do\/?p=20008","title":{"rendered":"Miremos al B\u00e1ltico para cambiar de rumbo"},"content":{"rendered":"<p><span style=\"font-family:verdana,geneva,sans-serif;\"><span style=\"font-size: 12px; \"><span style=\"color: rgb(105, 105, 105); \">Autor:&nbsp;Juan Ram\u00f3n Rallo<\/span><\/span><\/span><\/p>\n<p><span style=\"font-family:verdana,geneva,sans-serif;\"><span style=\"font-size: 12px; \"><span style=\"color: rgb(105, 105, 105); \">Fuente: www.libremercado.com<\/span><\/span><\/span><\/p>\n<p>&nbsp;<\/p>\n<p style=\"margin-top: 0px; margin-right: 0px; margin-bottom: 1.5em; margin-left: 0px; padding-top: 0px; padding-right: 0px; padding-bottom: 0px; padding-left: 0px; border-top-width: 0px; border-right-width: 0px; border-bottom-width: 0px; border-left-width: 0px; border-style: initial; border-color: initial; font-weight: inherit; font-style: inherit; font-size: 12px; font-family: inherit; vertical-align: baseline; text-align: justify; \"><span style=\"font-size:12px;\">Algunos venimos defendiendo desde 2007 la necesidad de salir de la crisis mediante dos premisas: austeridad del sector p\u00fablico y liberalizaci\u00f3n del sector privado. Las depresiones son momentos en los que es necesario amasar un enorme volumen de ahorro para amortizar deudas y reorganizar la econom\u00eda, para lo cual el peso del Estado debe reducirse y las regulaciones que bloquean la recolocaci\u00f3n de los factores productivos deben desaparecer. Espa\u00f1a, sin embargo, lleva cuatro a\u00f1os poniendo en pr\u00e1ctica lo contrario: amplios d\u00e9ficits p\u00fablicos y mantenimiento de todas las rigideces econ\u00f3micas (alias &quot;derechos sociales&quot;). El resultado no puede ser m\u00e1s desolador, pues&nbsp;<a href=\"http:\/\/www.libremercado.com\/2011-11-10\/la-ce-preve-que-la-economia-espanola-vuelva-a-caer-a-finales-de-ano-1276440907\/\" style=\"margin-top: 0px; margin-right: 0px; margin-bottom: 0px; margin-left: 0px; padding-top: 0px; padding-right: 0px; padding-bottom: 0px; padding-left: 0px; border-top-width: 0px; border-right-width: 0px; border-bottom-width: 1px; border-left-width: 0px; border-style: initial; border-color: initial; font-weight: bold; font-style: inherit; font-size: 12px; font-family: inherit; vertical-align: baseline; color: rgb(51, 97, 131); text-decoration: none; border-bottom-style: dotted; border-bottom-color: rgb(51, 97, 131); \">no s\u00f3lo no hemos salido del estancamiento recesivo sino que nos hemos embarrancado m\u00e1s en \u00e9l<\/a>, a\u00f1adiendo a nuestra crisis de deuda privada otra superpuesta de deuda p\u00fablica.<\/span><\/p>\n<p style=\"margin-top: 0px; margin-right: 0px; margin-bottom: 1.5em; margin-left: 0px; padding-top: 0px; padding-right: 0px; padding-bottom: 0px; padding-left: 0px; border-top-width: 0px; border-right-width: 0px; border-bottom-width: 0px; border-left-width: 0px; border-style: initial; border-color: initial; font-weight: inherit; font-style: inherit; font-size: 12px; font-family: inherit; vertical-align: baseline; text-align: justify; \"><span style=\"font-size:12px;\">&iquest;Acaso no ha llegado el momento de cambiar de rumbo? Totalmente. De los pa\u00edses europeos, aquellos que m\u00e1s se han acercado a nuestras recomendaciones han sido los b\u00e1lticos (cuya poblaci\u00f3n conjunta no es demasiado grande, pero s\u00ed es mayor que la de Irlanda y s\u00f3lo un 30% menor que la de Grecia o Portugal). Estonia, Letonia y en menor medida Lituania han hecho gala de la austeridad p\u00fablica y de la flexibilidad privada y los resultados han sido los que cab\u00eda prever: duros en la etapa de ajuste, espectaculares en la de recuperaci\u00f3n. Por ejemplo, el PIB de estos tres pa\u00edses cay\u00f3 entre un 17% y un 22% desde 2008 a 2010, pero gracias al ajuste interno en 2011 ya est\u00e1 aumentando a ritmos de entre el 6% y el 8% anual. &iquest;Y en que ha consistido ese ajuste interno? En la austeridad p\u00fablica y la flexibilidad privada.<\/span><\/p>\n<p style=\"margin-top: 0px; margin-right: 0px; margin-bottom: 1.5em; margin-left: 0px; padding-top: 0px; padding-right: 0px; padding-bottom: 0px; padding-left: 0px; border-top-width: 0px; border-right-width: 0px; border-bottom-width: 0px; border-left-width: 0px; border-style: initial; border-color: initial; font-weight: inherit; font-style: inherit; font-size: 12px; font-family: inherit; vertical-align: baseline; text-align: justify; \"><span style=\"font-size:12px;\">El saneamiento del sector p\u00fablico ha sido tan intenso como requer\u00edan las circunstancias: en Estonia y Letonia, el Estado redujo sus gastos, desde su punto m\u00e1ximo, en m\u00e1s de un 10% (en Espa\u00f1a s\u00f3lo un 3%), lo que les ha permitido o bien pr\u00e1cticamente eliminar su d\u00e9ficit (en el caso de Letonia, que alcanz\u00f3 un d\u00e9ficit de hasta el 8% del PIB) o bien amasar un super\u00e1vit (en el de Estonia, que apenas se permiti\u00f3 padecer un d\u00e9ficit del 2%). Y, oh, la perversa austeridad no ha afectado en lo m\u00e1s m\u00ednimo su crecimiento. &iquest;C\u00f3mo es posible, se\u00f1ores keynesianos? De hecho, Lituania, el pa\u00eds m\u00e1s rezagado de los tres en reducir los gastos (un 3% desde su m\u00e1ximo), no crece m\u00e1s que sus vecinos pese a que su d\u00e9ficit sigue en torno al 7,5% del PIB (eso s\u00ed, tiene margen para endeudarse sin, de momento, poner en jaque la solvencia de su Estado, pues su deuda total apenas llega al 40% del PIB).<\/span><\/p>\n<p style=\"margin-top: 0px; margin-right: 0px; margin-bottom: 1.5em; margin-left: 0px; padding-top: 0px; padding-right: 0px; padding-bottom: 0px; padding-left: 0px; border-top-width: 0px; border-right-width: 0px; border-bottom-width: 0px; border-left-width: 0px; border-style: initial; border-color: initial; font-weight: inherit; font-style: inherit; font-size: 12px; font-family: inherit; vertical-align: baseline; text-align: justify; \"><span style=\"font-size:12px;\">Y es que m\u00e1s importante que el ajuste del sector p\u00fablico ha sido el del sector privado, sobre todo en materia laboral. Ya explicamos el otro d\u00eda que&nbsp;<a href=\"http:\/\/juanramonrallo.com\/08\/11\/2011\/necesitamos-salarios-libres-no-salarios-bajos\/\" style=\"margin-top: 0px; margin-right: 0px; margin-bottom: 0px; margin-left: 0px; padding-top: 0px; padding-right: 0px; padding-bottom: 0px; padding-left: 0px; border-top-width: 0px; border-right-width: 0px; border-bottom-width: 1px; border-left-width: 0px; border-style: initial; border-color: initial; font-weight: bold; font-style: inherit; font-size: 12px; font-family: inherit; vertical-align: baseline; color: rgb(51, 97, 131); text-decoration: none; border-bottom-style: dotted; border-bottom-color: rgb(51, 97, 131); \">lo que necesita Espa\u00f1a no son salarios bajos, sino salarios libres<\/a>: la diferencia es crucial, porque una cosa es rebajar artificialmente los salarios y otra, muy distinta,&nbsp;<a href=\"http:\/\/juanramonrallo.com\/30\/04\/2011\/%C2%BFpor-que-hay-paro\/\" style=\"margin-top: 0px; margin-right: 0px; margin-bottom: 0px; margin-left: 0px; padding-top: 0px; padding-right: 0px; padding-bottom: 0px; padding-left: 0px; border-top-width: 0px; border-right-width: 0px; border-bottom-width: 1px; border-left-width: 0px; border-style: initial; border-color: initial; font-weight: bold; font-style: inherit; font-size: 12px; font-family: inherit; vertical-align: baseline; color: rgb(51, 97, 131); text-decoration: none; border-bottom-style: dotted; border-bottom-color: rgb(51, 97, 131); \">ajustarlos a su nueva productividad<\/a>. En algunos sectores, los salarios pueden tener que caer mucho, en otros poquito y en algunos incluso subir; es decir, hay que reajustar los precios y salarios relativos, no machacar de manera indiscriminada a todos los trabajadores.<\/span><\/p>\n<p style=\"margin-top: 0px; margin-right: 0px; margin-bottom: 1.5em; margin-left: 0px; padding-top: 0px; padding-right: 0px; padding-bottom: 0px; padding-left: 0px; border-top-width: 0px; border-right-width: 0px; border-bottom-width: 0px; border-left-width: 0px; border-style: initial; border-color: initial; font-weight: inherit; font-style: inherit; font-size: 12px; font-family: inherit; vertical-align: baseline; text-align: justify; \"><span style=\"font-size:12px;\">Eso es justo lo que ha sucedido en los pa\u00edses b\u00e1lticos. Desde 2008, los costes laborales de Estonia han aumentado un 1%, una media que esconde importantes diferencias internas: los salarios en la construcci\u00f3n caen un 7% (llegaron a reducirse un 15%), pero los de la electricidad o los de las industrias de la informaci\u00f3n aumentan m\u00e1s del 10%. Algo similar sucede en Letonia: los costes laborales medios se han reducido un 1,7%, pero los empleados p\u00fablicos ven minorarlos un 20%, la banca un 6% y la construcci\u00f3n un 3%, mientras que en la electricidad y el gas o en los servicios profesionales aumentan m\u00e1s de un 10%. De nuevo, tambi\u00e9n algo muy parecido a lo que ha ocurrido en Lituania: los costes medios caen un 4,5%, pero en la construcci\u00f3n se desploman un 32% y en las industrias de la informaci\u00f3n aumentan un 12%. Es decir, los salarios se reducen en aquellos sectores que deben adelgazar y aumentan en aquellos que deben expandirse.<\/span><\/p>\n<p style=\"margin-top: 0px; margin-right: 0px; margin-bottom: 1.5em; margin-left: 0px; padding-top: 0px; padding-right: 0px; padding-bottom: 0px; padding-left: 0px; border-top-width: 0px; border-right-width: 0px; border-bottom-width: 0px; border-left-width: 0px; border-style: initial; border-color: initial; font-weight: inherit; font-style: inherit; font-size: 12px; font-family: inherit; vertical-align: baseline; text-align: justify; \"><span style=\"font-size:12px;\">El resultado de este ajuste salarial y de esta recomposici\u00f3n del empleo no ha tardado en dejarse notar: durante la crisis, el paro en Estonia aument\u00f3 del 4,5% al 17,9% pero a mediados de este a\u00f1o ha vuelto a caer al 12,8%. En Letonia se dispar\u00f3 del 6,6% al 19,8% pero ya ha mejorado al 16,5%. Y en Lituania explot\u00f3 del 4,5% al 18,5%, minor\u00e1ndose ya al 15,6%. Es decir, mientras el desempleo sigue lentamente increment\u00e1ndose en el resto de Europa, la flexibilidad laboral de los b\u00e1lticos les ha permitido abandonar unos niveles de paro propios de Espa\u00f1a. De hecho, no caigamos en la trampa keynesiana de pensar que el desempleo se ha reducido porque el crecimiento ha aumentado: al rev\u00e9s, los b\u00e1lticos han vuelto a crecer porque han readaptado su estructura productiva, ajustando costes y recolocando a sus factores productivos desde las industrias hipertrofiadas a las atrofiadas. Basta darse cuenta del important\u00edsimo cambio que ha sufrido la composici\u00f3n del PIB de esas econom\u00edas: si hasta 2007 todas ellas importaban brutalmente capital (sus d\u00e9ficits exteriores se ubicaban entre el 15% y el 20% del PIB, duplicando el d\u00e9ficit espa\u00f1ol o el estadounidense), mientras que hoy los tres pa\u00edses disfrutan de super\u00e1vits exteriores de entre el 2% y el 3%. &iexcl;Y todo ello sin necesidad alguna de devaluar!<\/span><\/p>\n<p style=\"margin-top: 0px; margin-right: 0px; margin-bottom: 1.5em; margin-left: 0px; padding-top: 0px; padding-right: 0px; padding-bottom: 0px; padding-left: 0px; border-top-width: 0px; border-right-width: 0px; border-bottom-width: 0px; border-left-width: 0px; border-style: initial; border-color: initial; font-weight: inherit; font-style: inherit; font-size: 12px; font-family: inherit; vertical-align: baseline; text-align: justify; \"><span style=\"font-size:12px;\">En definitiva, los resultados de un modelo (despilfarro p\u00fablico m\u00e1s rigidez en los mercados) y los de otro (austeridad p\u00fablica m\u00e1s flexibilidad privada) son muy claros<a href=\"http:\/\/juanramonrallo.com\/10\/10\/2011\/las-reformas-que-necesita-espana\/\" style=\"margin-top: 0px; margin-right: 0px; margin-bottom: 0px; margin-left: 0px; padding-top: 0px; padding-right: 0px; padding-bottom: 0px; padding-left: 0px; border-top-width: 0px; border-right-width: 0px; border-bottom-width: 1px; border-left-width: 0px; border-style: initial; border-color: initial; font-weight: bold; font-style: inherit; font-size: 12px; font-family: inherit; vertical-align: baseline; color: rgb(51, 97, 131); text-decoration: none; border-bottom-style: dotted; border-bottom-color: rgb(51, 97, 131); \">. Tanto como lo son las medidas que necesita Espa\u00f1a<\/a>. Ahora s\u00f3lo falta que el PP&nbsp;<a href=\"http:\/\/juanramonrallo.com\/09\/11\/2011\/contra-las-cuerdas-de-nuestra-propia-deuda\/\" style=\"margin-top: 0px; margin-right: 0px; margin-bottom: 0px; margin-left: 0px; padding-top: 0px; padding-right: 0px; padding-bottom: 0px; padding-left: 0px; border-top-width: 0px; border-right-width: 0px; border-bottom-width: 1px; border-left-width: 0px; border-style: initial; border-color: initial; font-weight: bold; font-style: inherit; font-size: 12px; font-family: inherit; vertical-align: baseline; color: rgb(51, 97, 131); text-decoration: none; border-bottom-style: dotted; border-bottom-color: rgb(51, 97, 131); \">tenga tiempo<\/a>&nbsp;y, m\u00e1s importante, se atreva a ponerlas en pr\u00e1ctica: desde luego, no ser\u00e1 por falta de ejemplos de su exitosa aplicaci\u00f3n.<\/span><\/p>\n<p style=\"margin-top: 0px; margin-right: 0px; margin-bottom: 1.5em; margin-left: 0px; padding-top: 0px; padding-right: 0px; padding-bottom: 0px; padding-left: 0px; border-top-width: 0px; border-right-width: 0px; border-bottom-width: 0px; border-left-width: 0px; border-style: initial; border-color: initial; font-weight: inherit; font-style: inherit; font-size: 12px; font-family: inherit; vertical-align: baseline; text-align: justify; \"><span style=\"font-size:12px;\"><em>Juan Ram\u00f3n Rallo&nbsp;es doctor en Econom\u00eda y profesor en la Universidad Rey Juan Carlos y en el centro de estudios Isead.<\/em><\/span><\/p>\n<div class=\"pvc_clear\"><\/div>\n<p class=\"pvc_stats all \" data-element-id=\"20008\" style=\"\"><i class=\"pvc-stats-icon medium\" aria-hidden=\"true\"><svg aria-hidden=\"true\" focusable=\"false\" data-prefix=\"far\" data-icon=\"chart-bar\" role=\"img\" xmlns=\"http:\/\/www.w3.org\/2000\/svg\" viewBox=\"0 0 512 512\" class=\"svg-inline--fa fa-chart-bar fa-w-16 fa-2x\"><path fill=\"currentColor\" d=\"M396.8 352h22.4c6.4 0 12.8-6.4 12.8-12.8V108.8c0-6.4-6.4-12.8-12.8-12.8h-22.4c-6.4 0-12.8 6.4-12.8 12.8v230.4c0 6.4 6.4 12.8 12.8 12.8zm-192 0h22.4c6.4 0 12.8-6.4 12.8-12.8V140.8c0-6.4-6.4-12.8-12.8-12.8h-22.4c-6.4 0-12.8 6.4-12.8 12.8v198.4c0 6.4 6.4 12.8 12.8 12.8zm96 0h22.4c6.4 0 12.8-6.4 12.8-12.8V204.8c0-6.4-6.4-12.8-12.8-12.8h-22.4c-6.4 0-12.8 6.4-12.8 12.8v134.4c0 6.4 6.4 12.8 12.8 12.8zM496 400H48V80c0-8.84-7.16-16-16-16H16C7.16 64 0 71.16 0 80v336c0 17.67 14.33 32 32 32h464c8.84 0 16-7.16 16-16v-16c0-8.84-7.16-16-16-16zm-387.2-48h22.4c6.4 0 12.8-6.4 12.8-12.8v-70.4c0-6.4-6.4-12.8-12.8-12.8h-22.4c-6.4 0-12.8 6.4-12.8 12.8v70.4c0 6.4 6.4 12.8 12.8 12.8z\" class=\"\"><\/path><\/svg><\/i> Vistas Totales&nbsp;538&nbsp;, Vistas Hoy&nbsp;2&nbsp;<\/p>\n<div class=\"pvc_clear\"><\/div>\n","protected":false},"excerpt":{"rendered":"<p>Autor: Juan Ram\u00f3n RalloFuente: www.libremercado.comAlgunos venimos defendiendo desde 2007 la necesidad de salir de la crisis mediante dos premisas: austeridad del sector p\u00fablico y liberalizaci\u00f3n del sector privado. Las depresiones son momentos en los que es necesario amasar un enorme volumen de ahorro para amortizar deudas y reorganizar la econom\u00eda, para lo cual el peso del Estado debe reducirse y las regulaciones que bloquean la recolocaci\u00f3n de los factores productivos deben desaparecer. <\/p>\n<div class=\"pvc_clear\"><\/div>\n<p class=\"pvc_stats all \" data-element-id=\"20008\" style=\"\"><i class=\"pvc-stats-icon medium\" aria-hidden=\"true\"><svg aria-hidden=\"true\" focusable=\"false\" data-prefix=\"far\" data-icon=\"chart-bar\" role=\"img\" xmlns=\"http:\/\/www.w3.org\/2000\/svg\" viewBox=\"0 0 512 512\" class=\"svg-inline--fa fa-chart-bar fa-w-16 fa-2x\"><path fill=\"currentColor\" d=\"M396.8 352h22.4c6.4 0 12.8-6.4 12.8-12.8V108.8c0-6.4-6.4-12.8-12.8-12.8h-22.4c-6.4 0-12.8 6.4-12.8 12.8v230.4c0 6.4 6.4 12.8 12.8 12.8zm-192 0h22.4c6.4 0 12.8-6.4 12.8-12.8V140.8c0-6.4-6.4-12.8-12.8-12.8h-22.4c-6.4 0-12.8 6.4-12.8 12.8v198.4c0 6.4 6.4 12.8 12.8 12.8zm96 0h22.4c6.4 0 12.8-6.4 12.8-12.8V204.8c0-6.4-6.4-12.8-12.8-12.8h-22.4c-6.4 0-12.8 6.4-12.8 12.8v134.4c0 6.4 6.4 12.8 12.8 12.8zM496 400H48V80c0-8.84-7.16-16-16-16H16C7.16 64 0 71.16 0 80v336c0 17.67 14.33 32 32 32h464c8.84 0 16-7.16 16-16v-16c0-8.84-7.16-16-16-16zm-387.2-48h22.4c6.4 0 12.8-6.4 12.8-12.8v-70.4c0-6.4-6.4-12.8-12.8-12.8h-22.4c-6.4 0-12.8 6.4-12.8 12.8v70.4c0 6.4 6.4 12.8 12.8 12.8z\" class=\"\"><\/path><\/svg><\/i> Vistas Totales&nbsp;538&nbsp;, Vistas Hoy&nbsp;2&nbsp;<\/p>\n<div class=\"pvc_clear\"><\/div>\n","protected":false},"author":2,"featured_media":0,"comment_status":"closed","ping_status":"closed","sticky":false,"template":"","format":"standard","meta":{"footnotes":""},"categories":[21],"tags":[],"class_list":["post-20008","post","type-post","status-publish","format-standard","hentry","category-blog"],"yoast_head":"<!-- This site is optimized with the Yoast SEO plugin v25.2 - https:\/\/yoast.com\/wordpress\/plugins\/seo\/ -->\n<title>Miremos al B\u00e1ltico para cambiar de rumbo | CREES<\/title>\n<meta name=\"robots\" content=\"index, follow, max-snippet:-1, max-image-preview:large, max-video-preview:-1\" \/>\n<link rel=\"canonical\" href=\"https:\/\/crees.org.do\/?p=20008\" \/>\n<meta property=\"og:locale\" content=\"es_ES\" \/>\n<meta property=\"og:type\" content=\"article\" \/>\n<meta property=\"og:title\" content=\"Miremos al B\u00e1ltico para cambiar de rumbo | CREES\" \/>\n<meta property=\"og:description\" content=\"Autor: Juan Ram\u00f3n RalloFuente: www.libremercado.comAlgunos venimos defendiendo desde 2007 la necesidad de salir de la crisis mediante dos premisas: austeridad del sector p\u00fablico y liberalizaci\u00f3n del sector privado. Las depresiones son momentos en los que es necesario amasar un enorme volumen de ahorro para amortizar deudas y reorganizar la econom\u00eda, para lo cual el peso del Estado debe reducirse y las regulaciones que bloquean la recolocaci\u00f3n de los factores productivos deben desaparecer.\" \/>\n<meta property=\"og:url\" content=\"https:\/\/crees.org.do\/?p=20008\" \/>\n<meta property=\"og:site_name\" content=\"CREES\" \/>\n<meta property=\"article:publisher\" content=\"https:\/\/www.facebook.com\/CREESRD\/\" \/>\n<meta property=\"article:published_time\" content=\"2011-11-21T00:00:00+00:00\" \/>\n<meta property=\"article:modified_time\" content=\"2021-08-11T22:39:20+00:00\" \/>\n<meta property=\"og:image\" content=\"https:\/\/crees.org.do\/wp-content\/uploads\/2022\/03\/crees-logo-1.jpg\" \/>\n\t<meta property=\"og:image:width\" content=\"244\" \/>\n\t<meta property=\"og:image:height\" content=\"71\" \/>\n\t<meta property=\"og:image:type\" content=\"image\/jpeg\" \/>\n<meta name=\"author\" content=\"Crees\" \/>\n<meta name=\"twitter:card\" content=\"summary_large_image\" \/>\n<meta name=\"twitter:creator\" content=\"@CREESRD\" \/>\n<meta name=\"twitter:site\" content=\"@CREESRD\" \/>\n<meta name=\"twitter:label1\" content=\"Escrito por\" \/>\n\t<meta name=\"twitter:data1\" content=\"Crees\" \/>\n\t<meta name=\"twitter:label2\" content=\"Tiempo de lectura\" \/>\n\t<meta name=\"twitter:data2\" content=\"5 minutos\" \/>\n<script type=\"application\/ld+json\" class=\"yoast-schema-graph\">{\"@context\":\"https:\/\/schema.org\",\"@graph\":[{\"@type\":\"Article\",\"@id\":\"https:\/\/crees.org.do\/?p=20008#article\",\"isPartOf\":{\"@id\":\"https:\/\/crees.org.do\/?p=20008\"},\"author\":{\"name\":\"Crees\",\"@id\":\"https:\/\/crees.org.do\/#\/schema\/person\/e7f97cd94d7bf9cd0e0ce30acb7d56b8\"},\"headline\":\"Miremos al B\u00e1ltico para cambiar de rumbo\",\"datePublished\":\"2011-11-21T00:00:00+00:00\",\"dateModified\":\"2021-08-11T22:39:20+00:00\",\"mainEntityOfPage\":{\"@id\":\"https:\/\/crees.org.do\/?p=20008\"},\"wordCount\":1078,\"publisher\":{\"@id\":\"https:\/\/crees.org.do\/#organization\"},\"articleSection\":[\"Blog\"],\"inLanguage\":\"es\"},{\"@type\":\"WebPage\",\"@id\":\"https:\/\/crees.org.do\/?p=20008\",\"url\":\"https:\/\/crees.org.do\/?p=20008\",\"name\":\"Miremos al B\u00e1ltico para cambiar de rumbo | CREES\",\"isPartOf\":{\"@id\":\"https:\/\/crees.org.do\/#website\"},\"datePublished\":\"2011-11-21T00:00:00+00:00\",\"dateModified\":\"2021-08-11T22:39:20+00:00\",\"breadcrumb\":{\"@id\":\"https:\/\/crees.org.do\/?p=20008#breadcrumb\"},\"inLanguage\":\"es\",\"potentialAction\":[{\"@type\":\"ReadAction\",\"target\":[\"https:\/\/crees.org.do\/?p=20008\"]}]},{\"@type\":\"BreadcrumbList\",\"@id\":\"https:\/\/crees.org.do\/?p=20008#breadcrumb\",\"itemListElement\":[{\"@type\":\"ListItem\",\"position\":1,\"name\":\"Portada\",\"item\":\"https:\/\/crees.org.do\/\"},{\"@type\":\"ListItem\",\"position\":2,\"name\":\"Miremos al B\u00e1ltico para cambiar de rumbo\"}]},{\"@type\":\"WebSite\",\"@id\":\"https:\/\/crees.org.do\/#website\",\"url\":\"https:\/\/crees.org.do\/\",\"name\":\"CREES\",\"description\":\"Centro Regional de Estrategias Econ\u00f3micas Sostenibles\",\"publisher\":{\"@id\":\"https:\/\/crees.org.do\/#organization\"},\"potentialAction\":[{\"@type\":\"SearchAction\",\"target\":{\"@type\":\"EntryPoint\",\"urlTemplate\":\"https:\/\/crees.org.do\/?s={search_term_string}\"},\"query-input\":{\"@type\":\"PropertyValueSpecification\",\"valueRequired\":true,\"valueName\":\"search_term_string\"}}],\"inLanguage\":\"es\"},{\"@type\":\"Organization\",\"@id\":\"https:\/\/crees.org.do\/#organization\",\"name\":\"CREES | Centro Regional de Estrategias Econ\u00f3micas Sostenibles\",\"url\":\"https:\/\/crees.org.do\/\",\"logo\":{\"@type\":\"ImageObject\",\"inLanguage\":\"es\",\"@id\":\"https:\/\/crees.org.do\/#\/schema\/logo\/image\/\",\"url\":\"https:\/\/crees.org.do\/wp-content\/uploads\/2022\/03\/crees-logo-1.jpg\",\"contentUrl\":\"https:\/\/crees.org.do\/wp-content\/uploads\/2022\/03\/crees-logo-1.jpg\",\"width\":244,\"height\":71,\"caption\":\"CREES | Centro Regional de Estrategias Econ\u00f3micas Sostenibles\"},\"image\":{\"@id\":\"https:\/\/crees.org.do\/#\/schema\/logo\/image\/\"},\"sameAs\":[\"https:\/\/www.facebook.com\/CREESRD\/\",\"https:\/\/x.com\/CREESRD\"]},{\"@type\":\"Person\",\"@id\":\"https:\/\/crees.org.do\/#\/schema\/person\/e7f97cd94d7bf9cd0e0ce30acb7d56b8\",\"name\":\"Crees\",\"image\":{\"@type\":\"ImageObject\",\"inLanguage\":\"es\",\"@id\":\"https:\/\/crees.org.do\/#\/schema\/person\/image\/\",\"url\":\"https:\/\/secure.gravatar.com\/avatar\/390ac8f0be5d9aa046152553e2dd7011b59a512d89c150f5e5f28bb8d9a0b165?s=96&d=mm&r=g\",\"contentUrl\":\"https:\/\/secure.gravatar.com\/avatar\/390ac8f0be5d9aa046152553e2dd7011b59a512d89c150f5e5f28bb8d9a0b165?s=96&d=mm&r=g\",\"caption\":\"Crees\"},\"url\":\"https:\/\/crees.org.do\/?author=2\"}]}<\/script>\n<!-- \/ Yoast SEO plugin. -->","yoast_head_json":{"title":"Miremos al B\u00e1ltico para cambiar de rumbo | CREES","robots":{"index":"index","follow":"follow","max-snippet":"max-snippet:-1","max-image-preview":"max-image-preview:large","max-video-preview":"max-video-preview:-1"},"canonical":"https:\/\/crees.org.do\/?p=20008","og_locale":"es_ES","og_type":"article","og_title":"Miremos al B\u00e1ltico para cambiar de rumbo | CREES","og_description":"Autor: Juan Ram\u00f3n RalloFuente: www.libremercado.comAlgunos venimos defendiendo desde 2007 la necesidad de salir de la crisis mediante dos premisas: austeridad del sector p\u00fablico y liberalizaci\u00f3n del sector privado. Las depresiones son momentos en los que es necesario amasar un enorme volumen de ahorro para amortizar deudas y reorganizar la econom\u00eda, para lo cual el peso del Estado debe reducirse y las regulaciones que bloquean la recolocaci\u00f3n de los factores productivos deben desaparecer.","og_url":"https:\/\/crees.org.do\/?p=20008","og_site_name":"CREES","article_publisher":"https:\/\/www.facebook.com\/CREESRD\/","article_published_time":"2011-11-21T00:00:00+00:00","article_modified_time":"2021-08-11T22:39:20+00:00","og_image":[{"width":244,"height":71,"url":"https:\/\/crees.org.do\/wp-content\/uploads\/2022\/03\/crees-logo-1.jpg","type":"image\/jpeg"}],"author":"Crees","twitter_card":"summary_large_image","twitter_creator":"@CREESRD","twitter_site":"@CREESRD","twitter_misc":{"Escrito por":"Crees","Tiempo de lectura":"5 minutos"},"schema":{"@context":"https:\/\/schema.org","@graph":[{"@type":"Article","@id":"https:\/\/crees.org.do\/?p=20008#article","isPartOf":{"@id":"https:\/\/crees.org.do\/?p=20008"},"author":{"name":"Crees","@id":"https:\/\/crees.org.do\/#\/schema\/person\/e7f97cd94d7bf9cd0e0ce30acb7d56b8"},"headline":"Miremos al B\u00e1ltico para cambiar de rumbo","datePublished":"2011-11-21T00:00:00+00:00","dateModified":"2021-08-11T22:39:20+00:00","mainEntityOfPage":{"@id":"https:\/\/crees.org.do\/?p=20008"},"wordCount":1078,"publisher":{"@id":"https:\/\/crees.org.do\/#organization"},"articleSection":["Blog"],"inLanguage":"es"},{"@type":"WebPage","@id":"https:\/\/crees.org.do\/?p=20008","url":"https:\/\/crees.org.do\/?p=20008","name":"Miremos al B\u00e1ltico para cambiar de rumbo | CREES","isPartOf":{"@id":"https:\/\/crees.org.do\/#website"},"datePublished":"2011-11-21T00:00:00+00:00","dateModified":"2021-08-11T22:39:20+00:00","breadcrumb":{"@id":"https:\/\/crees.org.do\/?p=20008#breadcrumb"},"inLanguage":"es","potentialAction":[{"@type":"ReadAction","target":["https:\/\/crees.org.do\/?p=20008"]}]},{"@type":"BreadcrumbList","@id":"https:\/\/crees.org.do\/?p=20008#breadcrumb","itemListElement":[{"@type":"ListItem","position":1,"name":"Portada","item":"https:\/\/crees.org.do\/"},{"@type":"ListItem","position":2,"name":"Miremos al B\u00e1ltico para cambiar de rumbo"}]},{"@type":"WebSite","@id":"https:\/\/crees.org.do\/#website","url":"https:\/\/crees.org.do\/","name":"CREES","description":"Centro Regional de Estrategias Econ\u00f3micas Sostenibles","publisher":{"@id":"https:\/\/crees.org.do\/#organization"},"potentialAction":[{"@type":"SearchAction","target":{"@type":"EntryPoint","urlTemplate":"https:\/\/crees.org.do\/?s={search_term_string}"},"query-input":{"@type":"PropertyValueSpecification","valueRequired":true,"valueName":"search_term_string"}}],"inLanguage":"es"},{"@type":"Organization","@id":"https:\/\/crees.org.do\/#organization","name":"CREES | Centro Regional de Estrategias Econ\u00f3micas Sostenibles","url":"https:\/\/crees.org.do\/","logo":{"@type":"ImageObject","inLanguage":"es","@id":"https:\/\/crees.org.do\/#\/schema\/logo\/image\/","url":"https:\/\/crees.org.do\/wp-content\/uploads\/2022\/03\/crees-logo-1.jpg","contentUrl":"https:\/\/crees.org.do\/wp-content\/uploads\/2022\/03\/crees-logo-1.jpg","width":244,"height":71,"caption":"CREES | Centro Regional de Estrategias Econ\u00f3micas Sostenibles"},"image":{"@id":"https:\/\/crees.org.do\/#\/schema\/logo\/image\/"},"sameAs":["https:\/\/www.facebook.com\/CREESRD\/","https:\/\/x.com\/CREESRD"]},{"@type":"Person","@id":"https:\/\/crees.org.do\/#\/schema\/person\/e7f97cd94d7bf9cd0e0ce30acb7d56b8","name":"Crees","image":{"@type":"ImageObject","inLanguage":"es","@id":"https:\/\/crees.org.do\/#\/schema\/person\/image\/","url":"https:\/\/secure.gravatar.com\/avatar\/390ac8f0be5d9aa046152553e2dd7011b59a512d89c150f5e5f28bb8d9a0b165?s=96&d=mm&r=g","contentUrl":"https:\/\/secure.gravatar.com\/avatar\/390ac8f0be5d9aa046152553e2dd7011b59a512d89c150f5e5f28bb8d9a0b165?s=96&d=mm&r=g","caption":"Crees"},"url":"https:\/\/crees.org.do\/?author=2"}]}},"_links":{"self":[{"href":"https:\/\/crees.org.do\/index.php?rest_route=\/wp\/v2\/posts\/20008","targetHints":{"allow":["GET"]}}],"collection":[{"href":"https:\/\/crees.org.do\/index.php?rest_route=\/wp\/v2\/posts"}],"about":[{"href":"https:\/\/crees.org.do\/index.php?rest_route=\/wp\/v2\/types\/post"}],"author":[{"embeddable":true,"href":"https:\/\/crees.org.do\/index.php?rest_route=\/wp\/v2\/users\/2"}],"replies":[{"embeddable":true,"href":"https:\/\/crees.org.do\/index.php?rest_route=%2Fwp%2Fv2%2Fcomments&post=20008"}],"version-history":[{"count":1,"href":"https:\/\/crees.org.do\/index.php?rest_route=\/wp\/v2\/posts\/20008\/revisions"}],"predecessor-version":[{"id":20027,"href":"https:\/\/crees.org.do\/index.php?rest_route=\/wp\/v2\/posts\/20008\/revisions\/20027"}],"wp:attachment":[{"href":"https:\/\/crees.org.do\/index.php?rest_route=%2Fwp%2Fv2%2Fmedia&parent=20008"}],"wp:term":[{"taxonomy":"category","embeddable":true,"href":"https:\/\/crees.org.do\/index.php?rest_route=%2Fwp%2Fv2%2Fcategories&post=20008"},{"taxonomy":"post_tag","embeddable":true,"href":"https:\/\/crees.org.do\/index.php?rest_route=%2Fwp%2Fv2%2Ftags&post=20008"}],"curies":[{"name":"wp","href":"https:\/\/api.w.org\/{rel}","templated":true}]}}