{"id":20010,"date":"2011-11-21T00:00:00","date_gmt":"2011-11-21T00:00:00","guid":{"rendered":"https:\/\/crees.org.do\/?p=20010"},"modified":"2021-08-11T22:40:09","modified_gmt":"2021-08-11T22:40:09","slug":"un-aviso-para-iberoamerica","status":"publish","type":"post","link":"https:\/\/crees.org.do\/?p=20010","title":{"rendered":"Un aviso para Iberoam\u00e9rica"},"content":{"rendered":"<p><span style=\"color:#808080;\"><span style=\"font-size:11px;\"><span style=\"font-family:verdana,geneva,sans-serif;\">Autor: Juan Velarde<\/span><\/span><\/span><\/p>\n<p><span style=\"color:#808080;\"><span style=\"font-size:11px;\"><span style=\"font-family:verdana,geneva,sans-serif;\">Fuente: www.libremercado.com<\/span><\/span><\/span><\/p>\n<p style=\"margin-top: 0px; margin-right: 0px; margin-bottom: 1.5em; margin-left: 0px; padding-top: 0px; padding-right: 0px; padding-bottom: 0px; padding-left: 0px; border-top-width: 0px; border-right-width: 0px; border-bottom-width: 0px; border-left-width: 0px; border-style: initial; border-color: initial; font-weight: inherit; font-style: inherit; font-size: 12px; font-family: inherit; vertical-align: baseline; text-align: justify; \">&nbsp;<\/p>\n<p style=\"margin-top: 0px; margin-right: 0px; margin-bottom: 1.5em; margin-left: 0px; padding-top: 0px; padding-right: 0px; padding-bottom: 0px; padding-left: 0px; border-top-width: 0px; border-right-width: 0px; border-bottom-width: 0px; border-left-width: 0px; border-style: initial; border-color: initial; font-weight: inherit; font-style: inherit; font-size: 12px; font-family: inherit; vertical-align: baseline; text-align: justify; \"><span style=\"font-size:12px;\"><span style=\"font-family:verdana,geneva,sans-serif;\">La XXI Cumbre Iberoamericana que acaba de concluir en Ascensi\u00f3n nos muestra un panorama de la regi\u00f3n ciertamente preocupante. Por una parte, unos presidentes se negaron a ayudar. Cuando se observa su relaci\u00f3n, incluso con uno que s\u00ed asisti\u00f3, &ndash;el presidente de Bolivia&ndash;, comprobamos que en sus pol\u00edticas productivas se esfuma por momentos la econom\u00eda de mercado liberal. Naturalmente que la consecuencia va a ser &ndash;para muchos ya lo es&ndash; ciertamente nefasta. Pero a este bloque debe unirse otro en el que los niveles de corrupci\u00f3n son notables. Solo se salvan Chile y Uruguay. En esas condiciones, es muy dif\u00edcil imaginar desarrollo econ\u00f3mico alguno. Multitud de trabajos emp\u00edricos nos lo demuestran sin cesar. En el caso de Brasil, debe a\u00f1adirse un conato de especulaci\u00f3n inmobiliaria, como parte notable de su econom\u00eda. Si existe alg\u00fan tipo de par\u00f3n econ\u00f3mico en Estados Unidos, M\u00e9xico va a sufrir consecuencias muy severas. Pero simult\u00e1neamente, comienza a observarse que China no es un gigante inmune a tropiezos y capaz de seguir creciendo de modo incesante. Eso es lo que va a poder alterar todo el conjunto de pa\u00edses, de Chile a Colombia, costeros del Pac\u00edfico y que derivaban beneficios importantes de las exportaciones a crecientes mercados asi\u00e1ticos, y en particular a los de China. Centroam\u00e9rica ofrece, en su conjunto, un panorama muy preocupante. Y adem\u00e1s, la regi\u00f3n iberoamericana en su conjunto, es la que tiene una distribuci\u00f3n de los ingresos m\u00e1s desigual de todas las del mundo, lo cual crea tensiones populistas que, en vez de favorecer los progresos productivos, los empeoran. Agr\u00e9guese la debilidad de su sistema tributario, unido a una serie de gastos esenciales para el desarrollo, como es la educaci\u00f3n o la puesta en acci\u00f3n de infraestructuras imprescindibles.<\/span><\/span><\/p>\n<p style=\"margin-top: 0px; margin-right: 0px; margin-bottom: 1.5em; margin-left: 0px; padding-top: 0px; padding-right: 0px; padding-bottom: 0px; padding-left: 0px; border-top-width: 0px; border-right-width: 0px; border-bottom-width: 0px; border-left-width: 0px; border-style: initial; border-color: initial; font-weight: inherit; font-style: inherit; font-size: 12px; font-family: inherit; vertical-align: baseline; text-align: justify; \"><span style=\"font-size:12px;\"><span style=\"font-family:verdana,geneva,sans-serif;\">Y en ese conjunto, Espa\u00f1a invierte con fuerza en la regi\u00f3n, y es l\u00f3gico, pero ha de cuidar mucho la defensa de aquellas empresas que producen productos tarifados o bien las extractivas, o desde luego las financieras, porque se las considera, por supuesto err\u00f3neamente, como depredadoras del \u00e1mbito nacional en el que act\u00faan. Y nada digamos si la crisis del euro golpea a inversores espa\u00f1oles en Europa. Las reacciones en Iberoam\u00e9rica se sentir\u00e1n por fuerza.<\/span><\/span><\/p>\n<p style=\"margin-top: 0px; margin-right: 0px; margin-bottom: 1.5em; margin-left: 0px; padding-top: 0px; padding-right: 0px; padding-bottom: 0px; padding-left: 0px; border-top-width: 0px; border-right-width: 0px; border-bottom-width: 0px; border-left-width: 0px; border-style: initial; border-color: initial; font-weight: inherit; font-style: inherit; font-size: 12px; font-family: inherit; vertical-align: baseline; text-align: justify; \"><span style=\"font-size:12px;\"><span style=\"font-family:verdana,geneva,sans-serif;\">A lo largo de los \u00faltimos ocho a\u00f1os, Espa\u00f1a no fue precisamente el modelo adecuado para que los pa\u00edses hermanos comprendieran por d\u00f3nde deb\u00edan marchar. Es de esperar que el pr\u00f3ximo 20-N, con un cambio radical en su pol\u00edtica econ\u00f3mica, muestre nuestro pa\u00eds a Iberoam\u00e9rica desde las ventajas de los equilibrios macroecon\u00f3micos a las del mercado libre. La anfiction\u00eda hisp\u00e1nica a un lado y otro del Atl\u00e1ntico, &ndash;incluyendo la mejora de Portugal&ndash; merece este esfuerzo y esta alteraci\u00f3n de multitud de equivocadas decisiones que a todos, en un sentido u otro, da\u00f1an.<\/span><\/span><\/p>\n<div class=\"firma\" style=\"margin-top: 0px; margin-right: 0px; margin-bottom: 0px; margin-left: 0px; padding-top: 0px; padding-right: 0px; padding-bottom: 0px; padding-left: 0px; border-top-width: 0px; border-right-width: 0px; border-bottom-width: 0px; border-left-width: 0px; border-style: initial; border-color: initial; font-weight: inherit; font-style: inherit; font-size: 12px; font-family: inherit; vertical-align: baseline; \">\n<p style=\"margin-top: 0px; margin-right: 0px; margin-bottom: 1.5em; margin-left: 0px; padding-top: 0px; padding-right: 0px; padding-bottom: 0px; padding-left: 0px; border-top-width: 0px; border-right-width: 0px; border-bottom-width: 0px; border-left-width: 0px; border-style: initial; border-color: initial; font-weight: inherit; font-style: inherit; font-size: 12px; font-family: inherit; vertical-align: baseline; text-align: justify; \"><span style=\"font-size:12px;\"><span style=\"font-family:verdana,geneva,sans-serif;\"><strong style=\"font-weight: bold; \"><em style=\"margin-top: 0px; margin-right: 0px; margin-bottom: 0px; margin-left: 0px; padding-top: 0px; padding-right: 0px; padding-bottom: 0px; padding-left: 0px; border-top-width: 0px; border-right-width: 0px; border-bottom-width: 0px; border-left-width: 0px; border-style: initial; border-color: initial; font-weight: inherit; font-style: italic; font-size: 12px; font-family: inherit; vertical-align: baseline; \">Juan Verlarde<\/em><\/strong><em style=\"margin-top: 0px; margin-right: 0px; margin-bottom: 0px; margin-left: 0px; padding-top: 0px; padding-right: 0px; padding-bottom: 0px; padding-left: 0px; border-top-width: 0px; border-right-width: 0px; border-bottom-width: 0px; border-left-width: 0px; border-style: initial; border-color: initial; font-weight: inherit; font-style: italic; font-size: 12px; font-family: inherit; vertical-align: baseline; \">&nbsp;es catedr\u00e1tico em\u00e9rito de la Universidad Complutense de Madrid<\/em><\/span><\/span><\/p>\n<\/div>\n<p>&nbsp;<\/p>\n<div class=\"pvc_clear\"><\/div>\n<p class=\"pvc_stats all \" data-element-id=\"20010\" style=\"\"><i class=\"pvc-stats-icon medium\" aria-hidden=\"true\"><svg aria-hidden=\"true\" focusable=\"false\" data-prefix=\"far\" data-icon=\"chart-bar\" role=\"img\" xmlns=\"http:\/\/www.w3.org\/2000\/svg\" viewBox=\"0 0 512 512\" class=\"svg-inline--fa fa-chart-bar fa-w-16 fa-2x\"><path fill=\"currentColor\" d=\"M396.8 352h22.4c6.4 0 12.8-6.4 12.8-12.8V108.8c0-6.4-6.4-12.8-12.8-12.8h-22.4c-6.4 0-12.8 6.4-12.8 12.8v230.4c0 6.4 6.4 12.8 12.8 12.8zm-192 0h22.4c6.4 0 12.8-6.4 12.8-12.8V140.8c0-6.4-6.4-12.8-12.8-12.8h-22.4c-6.4 0-12.8 6.4-12.8 12.8v198.4c0 6.4 6.4 12.8 12.8 12.8zm96 0h22.4c6.4 0 12.8-6.4 12.8-12.8V204.8c0-6.4-6.4-12.8-12.8-12.8h-22.4c-6.4 0-12.8 6.4-12.8 12.8v134.4c0 6.4 6.4 12.8 12.8 12.8zM496 400H48V80c0-8.84-7.16-16-16-16H16C7.16 64 0 71.16 0 80v336c0 17.67 14.33 32 32 32h464c8.84 0 16-7.16 16-16v-16c0-8.84-7.16-16-16-16zm-387.2-48h22.4c6.4 0 12.8-6.4 12.8-12.8v-70.4c0-6.4-6.4-12.8-12.8-12.8h-22.4c-6.4 0-12.8 6.4-12.8 12.8v70.4c0 6.4 6.4 12.8 12.8 12.8z\" class=\"\"><\/path><\/svg><\/i> Vistas Totales&nbsp;508&nbsp;, Vistas Hoy&nbsp;4&nbsp;<\/p>\n<div class=\"pvc_clear\"><\/div>\n","protected":false},"excerpt":{"rendered":"<p>Autor: Juan VelardeFuente: www.libremercado.comLa XXI Cumbre Iberoamericana que acaba de concluir en Ascensi\u00f3n nos muestra un panorama de la regi\u00f3n ciertamente preocupante. Por una parte, unos presidentes se negaron a ayudar. Cuando se observa su relaci\u00f3n, incluso con uno que s\u00ed asisti\u00f3, \u2013el presidente de Bolivia\u2013, comprobamos que en sus pol\u00edticas productivas se esfuma por momentos la econom\u00eda de mercado liberal. <\/p>\n<div class=\"pvc_clear\"><\/div>\n<p class=\"pvc_stats all \" data-element-id=\"20010\" style=\"\"><i class=\"pvc-stats-icon medium\" aria-hidden=\"true\"><svg aria-hidden=\"true\" focusable=\"false\" data-prefix=\"far\" data-icon=\"chart-bar\" role=\"img\" xmlns=\"http:\/\/www.w3.org\/2000\/svg\" viewBox=\"0 0 512 512\" class=\"svg-inline--fa fa-chart-bar fa-w-16 fa-2x\"><path fill=\"currentColor\" d=\"M396.8 352h22.4c6.4 0 12.8-6.4 12.8-12.8V108.8c0-6.4-6.4-12.8-12.8-12.8h-22.4c-6.4 0-12.8 6.4-12.8 12.8v230.4c0 6.4 6.4 12.8 12.8 12.8zm-192 0h22.4c6.4 0 12.8-6.4 12.8-12.8V140.8c0-6.4-6.4-12.8-12.8-12.8h-22.4c-6.4 0-12.8 6.4-12.8 12.8v198.4c0 6.4 6.4 12.8 12.8 12.8zm96 0h22.4c6.4 0 12.8-6.4 12.8-12.8V204.8c0-6.4-6.4-12.8-12.8-12.8h-22.4c-6.4 0-12.8 6.4-12.8 12.8v134.4c0 6.4 6.4 12.8 12.8 12.8zM496 400H48V80c0-8.84-7.16-16-16-16H16C7.16 64 0 71.16 0 80v336c0 17.67 14.33 32 32 32h464c8.84 0 16-7.16 16-16v-16c0-8.84-7.16-16-16-16zm-387.2-48h22.4c6.4 0 12.8-6.4 12.8-12.8v-70.4c0-6.4-6.4-12.8-12.8-12.8h-22.4c-6.4 0-12.8 6.4-12.8 12.8v70.4c0 6.4 6.4 12.8 12.8 12.8z\" class=\"\"><\/path><\/svg><\/i> Vistas Totales&nbsp;508&nbsp;, Vistas Hoy&nbsp;4&nbsp;<\/p>\n<div class=\"pvc_clear\"><\/div>\n","protected":false},"author":2,"featured_media":0,"comment_status":"closed","ping_status":"closed","sticky":false,"template":"","format":"standard","meta":{"footnotes":""},"categories":[21],"tags":[],"class_list":["post-20010","post","type-post","status-publish","format-standard","hentry","category-blog"],"yoast_head":"<!-- This site is optimized with the Yoast SEO plugin v25.2 - https:\/\/yoast.com\/wordpress\/plugins\/seo\/ -->\n<title>Un aviso para Iberoam\u00e9rica | CREES<\/title>\n<meta name=\"robots\" content=\"index, follow, max-snippet:-1, max-image-preview:large, max-video-preview:-1\" \/>\n<link rel=\"canonical\" href=\"https:\/\/crees.org.do\/?p=20010\" \/>\n<meta property=\"og:locale\" content=\"es_ES\" \/>\n<meta property=\"og:type\" content=\"article\" \/>\n<meta property=\"og:title\" content=\"Un aviso para Iberoam\u00e9rica | CREES\" \/>\n<meta property=\"og:description\" content=\"Autor: Juan VelardeFuente: www.libremercado.comLa XXI Cumbre Iberoamericana que acaba de concluir en Ascensi\u00f3n nos muestra un panorama de la regi\u00f3n ciertamente preocupante. Por una parte, unos presidentes se negaron a ayudar. Cuando se observa su relaci\u00f3n, incluso con uno que s\u00ed asisti\u00f3, \u2013el presidente de Bolivia\u2013, comprobamos que en sus pol\u00edticas productivas se esfuma por momentos la econom\u00eda de mercado liberal.\" \/>\n<meta property=\"og:url\" content=\"https:\/\/crees.org.do\/?p=20010\" \/>\n<meta property=\"og:site_name\" content=\"CREES\" \/>\n<meta property=\"article:publisher\" content=\"https:\/\/www.facebook.com\/CREESRD\/\" \/>\n<meta property=\"article:published_time\" content=\"2011-11-21T00:00:00+00:00\" \/>\n<meta property=\"article:modified_time\" content=\"2021-08-11T22:40:09+00:00\" \/>\n<meta property=\"og:image\" content=\"https:\/\/crees.org.do\/wp-content\/uploads\/2022\/03\/crees-logo-1.jpg\" \/>\n\t<meta property=\"og:image:width\" content=\"244\" \/>\n\t<meta property=\"og:image:height\" content=\"71\" \/>\n\t<meta property=\"og:image:type\" content=\"image\/jpeg\" \/>\n<meta name=\"author\" content=\"Crees\" \/>\n<meta name=\"twitter:card\" content=\"summary_large_image\" \/>\n<meta name=\"twitter:creator\" content=\"@CREESRD\" \/>\n<meta name=\"twitter:site\" content=\"@CREESRD\" \/>\n<meta name=\"twitter:label1\" content=\"Escrito por\" \/>\n\t<meta name=\"twitter:data1\" content=\"Crees\" \/>\n\t<meta name=\"twitter:label2\" content=\"Tiempo de lectura\" \/>\n\t<meta name=\"twitter:data2\" content=\"3 minutos\" \/>\n<script type=\"application\/ld+json\" class=\"yoast-schema-graph\">{\"@context\":\"https:\/\/schema.org\",\"@graph\":[{\"@type\":\"Article\",\"@id\":\"https:\/\/crees.org.do\/?p=20010#article\",\"isPartOf\":{\"@id\":\"https:\/\/crees.org.do\/?p=20010\"},\"author\":{\"name\":\"Crees\",\"@id\":\"https:\/\/crees.org.do\/#\/schema\/person\/e7f97cd94d7bf9cd0e0ce30acb7d56b8\"},\"headline\":\"Un aviso para Iberoam\u00e9rica\",\"datePublished\":\"2011-11-21T00:00:00+00:00\",\"dateModified\":\"2021-08-11T22:40:09+00:00\",\"mainEntityOfPage\":{\"@id\":\"https:\/\/crees.org.do\/?p=20010\"},\"wordCount\":539,\"publisher\":{\"@id\":\"https:\/\/crees.org.do\/#organization\"},\"articleSection\":[\"Blog\"],\"inLanguage\":\"es\"},{\"@type\":\"WebPage\",\"@id\":\"https:\/\/crees.org.do\/?p=20010\",\"url\":\"https:\/\/crees.org.do\/?p=20010\",\"name\":\"Un aviso para Iberoam\u00e9rica | CREES\",\"isPartOf\":{\"@id\":\"https:\/\/crees.org.do\/#website\"},\"datePublished\":\"2011-11-21T00:00:00+00:00\",\"dateModified\":\"2021-08-11T22:40:09+00:00\",\"breadcrumb\":{\"@id\":\"https:\/\/crees.org.do\/?p=20010#breadcrumb\"},\"inLanguage\":\"es\",\"potentialAction\":[{\"@type\":\"ReadAction\",\"target\":[\"https:\/\/crees.org.do\/?p=20010\"]}]},{\"@type\":\"BreadcrumbList\",\"@id\":\"https:\/\/crees.org.do\/?p=20010#breadcrumb\",\"itemListElement\":[{\"@type\":\"ListItem\",\"position\":1,\"name\":\"Portada\",\"item\":\"https:\/\/crees.org.do\/\"},{\"@type\":\"ListItem\",\"position\":2,\"name\":\"Un aviso para Iberoam\u00e9rica\"}]},{\"@type\":\"WebSite\",\"@id\":\"https:\/\/crees.org.do\/#website\",\"url\":\"https:\/\/crees.org.do\/\",\"name\":\"CREES\",\"description\":\"Centro Regional de Estrategias Econ\u00f3micas Sostenibles\",\"publisher\":{\"@id\":\"https:\/\/crees.org.do\/#organization\"},\"potentialAction\":[{\"@type\":\"SearchAction\",\"target\":{\"@type\":\"EntryPoint\",\"urlTemplate\":\"https:\/\/crees.org.do\/?s={search_term_string}\"},\"query-input\":{\"@type\":\"PropertyValueSpecification\",\"valueRequired\":true,\"valueName\":\"search_term_string\"}}],\"inLanguage\":\"es\"},{\"@type\":\"Organization\",\"@id\":\"https:\/\/crees.org.do\/#organization\",\"name\":\"CREES | Centro Regional de Estrategias Econ\u00f3micas Sostenibles\",\"url\":\"https:\/\/crees.org.do\/\",\"logo\":{\"@type\":\"ImageObject\",\"inLanguage\":\"es\",\"@id\":\"https:\/\/crees.org.do\/#\/schema\/logo\/image\/\",\"url\":\"https:\/\/crees.org.do\/wp-content\/uploads\/2022\/03\/crees-logo-1.jpg\",\"contentUrl\":\"https:\/\/crees.org.do\/wp-content\/uploads\/2022\/03\/crees-logo-1.jpg\",\"width\":244,\"height\":71,\"caption\":\"CREES | Centro Regional de Estrategias Econ\u00f3micas Sostenibles\"},\"image\":{\"@id\":\"https:\/\/crees.org.do\/#\/schema\/logo\/image\/\"},\"sameAs\":[\"https:\/\/www.facebook.com\/CREESRD\/\",\"https:\/\/x.com\/CREESRD\"]},{\"@type\":\"Person\",\"@id\":\"https:\/\/crees.org.do\/#\/schema\/person\/e7f97cd94d7bf9cd0e0ce30acb7d56b8\",\"name\":\"Crees\",\"image\":{\"@type\":\"ImageObject\",\"inLanguage\":\"es\",\"@id\":\"https:\/\/crees.org.do\/#\/schema\/person\/image\/\",\"url\":\"https:\/\/secure.gravatar.com\/avatar\/390ac8f0be5d9aa046152553e2dd7011b59a512d89c150f5e5f28bb8d9a0b165?s=96&d=mm&r=g\",\"contentUrl\":\"https:\/\/secure.gravatar.com\/avatar\/390ac8f0be5d9aa046152553e2dd7011b59a512d89c150f5e5f28bb8d9a0b165?s=96&d=mm&r=g\",\"caption\":\"Crees\"},\"url\":\"https:\/\/crees.org.do\/?author=2\"}]}<\/script>\n<!-- \/ Yoast SEO plugin. -->","yoast_head_json":{"title":"Un aviso para Iberoam\u00e9rica | CREES","robots":{"index":"index","follow":"follow","max-snippet":"max-snippet:-1","max-image-preview":"max-image-preview:large","max-video-preview":"max-video-preview:-1"},"canonical":"https:\/\/crees.org.do\/?p=20010","og_locale":"es_ES","og_type":"article","og_title":"Un aviso para Iberoam\u00e9rica | CREES","og_description":"Autor: Juan VelardeFuente: www.libremercado.comLa XXI Cumbre Iberoamericana que acaba de concluir en Ascensi\u00f3n nos muestra un panorama de la regi\u00f3n ciertamente preocupante. Por una parte, unos presidentes se negaron a ayudar. Cuando se observa su relaci\u00f3n, incluso con uno que s\u00ed asisti\u00f3, \u2013el presidente de Bolivia\u2013, comprobamos que en sus pol\u00edticas productivas se esfuma por momentos la econom\u00eda de mercado liberal.","og_url":"https:\/\/crees.org.do\/?p=20010","og_site_name":"CREES","article_publisher":"https:\/\/www.facebook.com\/CREESRD\/","article_published_time":"2011-11-21T00:00:00+00:00","article_modified_time":"2021-08-11T22:40:09+00:00","og_image":[{"width":244,"height":71,"url":"https:\/\/crees.org.do\/wp-content\/uploads\/2022\/03\/crees-logo-1.jpg","type":"image\/jpeg"}],"author":"Crees","twitter_card":"summary_large_image","twitter_creator":"@CREESRD","twitter_site":"@CREESRD","twitter_misc":{"Escrito por":"Crees","Tiempo de lectura":"3 minutos"},"schema":{"@context":"https:\/\/schema.org","@graph":[{"@type":"Article","@id":"https:\/\/crees.org.do\/?p=20010#article","isPartOf":{"@id":"https:\/\/crees.org.do\/?p=20010"},"author":{"name":"Crees","@id":"https:\/\/crees.org.do\/#\/schema\/person\/e7f97cd94d7bf9cd0e0ce30acb7d56b8"},"headline":"Un aviso para Iberoam\u00e9rica","datePublished":"2011-11-21T00:00:00+00:00","dateModified":"2021-08-11T22:40:09+00:00","mainEntityOfPage":{"@id":"https:\/\/crees.org.do\/?p=20010"},"wordCount":539,"publisher":{"@id":"https:\/\/crees.org.do\/#organization"},"articleSection":["Blog"],"inLanguage":"es"},{"@type":"WebPage","@id":"https:\/\/crees.org.do\/?p=20010","url":"https:\/\/crees.org.do\/?p=20010","name":"Un aviso para Iberoam\u00e9rica | CREES","isPartOf":{"@id":"https:\/\/crees.org.do\/#website"},"datePublished":"2011-11-21T00:00:00+00:00","dateModified":"2021-08-11T22:40:09+00:00","breadcrumb":{"@id":"https:\/\/crees.org.do\/?p=20010#breadcrumb"},"inLanguage":"es","potentialAction":[{"@type":"ReadAction","target":["https:\/\/crees.org.do\/?p=20010"]}]},{"@type":"BreadcrumbList","@id":"https:\/\/crees.org.do\/?p=20010#breadcrumb","itemListElement":[{"@type":"ListItem","position":1,"name":"Portada","item":"https:\/\/crees.org.do\/"},{"@type":"ListItem","position":2,"name":"Un aviso para Iberoam\u00e9rica"}]},{"@type":"WebSite","@id":"https:\/\/crees.org.do\/#website","url":"https:\/\/crees.org.do\/","name":"CREES","description":"Centro Regional de Estrategias Econ\u00f3micas Sostenibles","publisher":{"@id":"https:\/\/crees.org.do\/#organization"},"potentialAction":[{"@type":"SearchAction","target":{"@type":"EntryPoint","urlTemplate":"https:\/\/crees.org.do\/?s={search_term_string}"},"query-input":{"@type":"PropertyValueSpecification","valueRequired":true,"valueName":"search_term_string"}}],"inLanguage":"es"},{"@type":"Organization","@id":"https:\/\/crees.org.do\/#organization","name":"CREES | Centro Regional de Estrategias Econ\u00f3micas Sostenibles","url":"https:\/\/crees.org.do\/","logo":{"@type":"ImageObject","inLanguage":"es","@id":"https:\/\/crees.org.do\/#\/schema\/logo\/image\/","url":"https:\/\/crees.org.do\/wp-content\/uploads\/2022\/03\/crees-logo-1.jpg","contentUrl":"https:\/\/crees.org.do\/wp-content\/uploads\/2022\/03\/crees-logo-1.jpg","width":244,"height":71,"caption":"CREES | Centro Regional de Estrategias Econ\u00f3micas Sostenibles"},"image":{"@id":"https:\/\/crees.org.do\/#\/schema\/logo\/image\/"},"sameAs":["https:\/\/www.facebook.com\/CREESRD\/","https:\/\/x.com\/CREESRD"]},{"@type":"Person","@id":"https:\/\/crees.org.do\/#\/schema\/person\/e7f97cd94d7bf9cd0e0ce30acb7d56b8","name":"Crees","image":{"@type":"ImageObject","inLanguage":"es","@id":"https:\/\/crees.org.do\/#\/schema\/person\/image\/","url":"https:\/\/secure.gravatar.com\/avatar\/390ac8f0be5d9aa046152553e2dd7011b59a512d89c150f5e5f28bb8d9a0b165?s=96&d=mm&r=g","contentUrl":"https:\/\/secure.gravatar.com\/avatar\/390ac8f0be5d9aa046152553e2dd7011b59a512d89c150f5e5f28bb8d9a0b165?s=96&d=mm&r=g","caption":"Crees"},"url":"https:\/\/crees.org.do\/?author=2"}]}},"_links":{"self":[{"href":"https:\/\/crees.org.do\/index.php?rest_route=\/wp\/v2\/posts\/20010","targetHints":{"allow":["GET"]}}],"collection":[{"href":"https:\/\/crees.org.do\/index.php?rest_route=\/wp\/v2\/posts"}],"about":[{"href":"https:\/\/crees.org.do\/index.php?rest_route=\/wp\/v2\/types\/post"}],"author":[{"embeddable":true,"href":"https:\/\/crees.org.do\/index.php?rest_route=\/wp\/v2\/users\/2"}],"replies":[{"embeddable":true,"href":"https:\/\/crees.org.do\/index.php?rest_route=%2Fwp%2Fv2%2Fcomments&post=20010"}],"version-history":[{"count":1,"href":"https:\/\/crees.org.do\/index.php?rest_route=\/wp\/v2\/posts\/20010\/revisions"}],"predecessor-version":[{"id":20029,"href":"https:\/\/crees.org.do\/index.php?rest_route=\/wp\/v2\/posts\/20010\/revisions\/20029"}],"wp:attachment":[{"href":"https:\/\/crees.org.do\/index.php?rest_route=%2Fwp%2Fv2%2Fmedia&parent=20010"}],"wp:term":[{"taxonomy":"category","embeddable":true,"href":"https:\/\/crees.org.do\/index.php?rest_route=%2Fwp%2Fv2%2Fcategories&post=20010"},{"taxonomy":"post_tag","embeddable":true,"href":"https:\/\/crees.org.do\/index.php?rest_route=%2Fwp%2Fv2%2Ftags&post=20010"}],"curies":[{"name":"wp","href":"https:\/\/api.w.org\/{rel}","templated":true}]}}