{"id":20012,"date":"2011-11-21T00:00:00","date_gmt":"2011-11-21T00:00:00","guid":{"rendered":"https:\/\/crees.org.do\/?p=20012"},"modified":"2021-08-11T22:41:01","modified_gmt":"2021-08-11T22:41:01","slug":"habra-una-qe3-qe4-qe5","status":"publish","type":"post","link":"https:\/\/crees.org.do\/?p=20012","title":{"rendered":"\u00bfHabr\u00e1 una QE3, QE4, QE5\u2026?"},"content":{"rendered":"<p>Fuente:&nbsp;www.miseshispano.org&nbsp;<\/p>\n<p style=\"border-top-width: 0px; border-right-width: 0px; border-bottom-width: 0px; border-left-width: 0px; border-style: initial; border-color: initial; outline-width: 0px; outline-style: initial; outline-color: initial; font-weight: inherit; font-style: inherit; font-size: 14px; font-family: inherit; vertical-align: baseline; margin-top: 20px; margin-right: 0px; margin-bottom: 20px; margin-left: 0px; padding-top: 0px; padding-right: 0px; padding-bottom: 0px; padding-left: 0px; line-height: 1.5em; text-align: justify; \">Recientemente, Ben Bernanke indic\u00f3 que la flexibilizaci\u00f3n cuantitativa II (QE2, por sus siglas en ingl\u00e9s) podr\u00eda verse seguida por una QE3, etc. En una entrevista al principio de diciembre, se pregunt\u00f3 a Bernanke: &ldquo;&iquest;Anticipa un escenario en el que se comprometiera a m\u00e1s de 600.000 millones de d\u00f3lares?&rdquo;<\/p>\n<p style=\"border-top-width: 0px; border-right-width: 0px; border-bottom-width: 0px; border-left-width: 0px; border-style: initial; border-color: initial; outline-width: 0px; outline-style: initial; outline-color: initial; font-weight: inherit; font-style: inherit; font-size: 14px; font-family: inherit; vertical-align: baseline; margin-top: 20px; margin-right: 0px; margin-bottom: 20px; margin-left: 0px; padding-top: 0px; padding-right: 0px; padding-bottom: 0px; padding-left: 0px; line-height: 1.5em; text-align: justify; \">La respuesta de Bernanke fue sorprendente. &ldquo;&iexcl;Oh! Sin duda es posible&rdquo;, dijo. &ldquo;Y de nuevo, depende de la eficacia del programa, depende de la inflaci\u00f3n. Y finalmente depende de c\u00f3mo vaya la econom\u00eda&rdquo;.<\/p>\n<p style=\"border-top-width: 0px; border-right-width: 0px; border-bottom-width: 0px; border-left-width: 0px; border-style: initial; border-color: initial; outline-width: 0px; outline-style: initial; outline-color: initial; font-weight: inherit; font-style: inherit; font-size: 14px; font-family: inherit; vertical-align: baseline; margin-top: 20px; margin-right: 0px; margin-bottom: 20px; margin-left: 0px; padding-top: 0px; padding-right: 0px; padding-bottom: 0px; padding-left: 0px; line-height: 1.5em; text-align: justify; \">La respuesta es interesante porque no s\u00f3lo indica la posibilidad de que la Reserva Federal (Fed) compre m\u00e1s bonos p\u00fablicos, sino que tambi\u00e9n implica que Bernanke piensa que la inflaci\u00f3n y la QE son conceptos diferentes, pues de otra manera su afirmaci\u00f3n ser\u00eda una tautolog\u00eda sin sentido: el que haya m\u00e1s inflaci\u00f3n depende de la inflaci\u00f3n.<\/p>\n<p style=\"border-top-width: 0px; border-right-width: 0px; border-bottom-width: 0px; border-left-width: 0px; border-style: initial; border-color: initial; outline-width: 0px; outline-style: initial; outline-color: initial; font-weight: inherit; font-style: inherit; font-size: 14px; font-family: inherit; vertical-align: baseline; margin-top: 20px; margin-right: 0px; margin-bottom: 20px; margin-left: 0px; padding-top: 0px; padding-right: 0px; padding-bottom: 0px; padding-left: 0px; line-height: 1.5em; text-align: justify; \">Para dar sentido a la charla t\u00e9cnica de Bernanke, volvamos al principio de la tristemente famosa QE, a los meses m\u00e1s oscuros de la crisis financiera. Durante el auge encendido por los tipos de inter\u00e9s artificialmente bajos, las instituciones financieras hab\u00edan financiado mala inversiones, especialmente en el sector inmobiliario. Cuando estall\u00f3 la burbuja y los precios de las viviendas empezaron a bajar, estas inversiones perdieron r\u00e1pidamente valor. Las p\u00e9rdidas bancarias se acumularon, los patrimonios bancarios cayeron y aparecieron problemas de solvencia. La liquidez se sec\u00f3 al tiempo que las instituciones financieras empezaron a dudar acerca de la solvencia de las dem\u00e1s, dados los problem\u00e1ticos pr\u00e9stamos en su contabilidad.<\/p>\n<p style=\"border-top-width: 0px; border-right-width: 0px; border-bottom-width: 0px; border-left-width: 0px; border-style: initial; border-color: initial; outline-width: 0px; outline-style: initial; outline-color: initial; font-weight: inherit; font-style: inherit; font-size: 14px; font-family: inherit; vertical-align: baseline; margin-top: 20px; margin-right: 0px; margin-bottom: 20px; margin-left: 0px; padding-top: 0px; padding-right: 0px; padding-bottom: 0px; padding-left: 0px; line-height: 1.5em; text-align: justify; \">Cuando se secaron los mercados crediticios en septiembre de 2008, despu\u00e9s del desmoronamiento de Lehman Brothers , los pr\u00e9stamos que financiaron las malas inversiones no sirvieron ya como colateral para los pr\u00e9stamos interbancarios. La Fed acudi\u00f3 a cerrar la brecha y acept\u00f3 estos malos activos como colateral para pr\u00e9stamos. En marzo de 2009, la Fed empez\u00f3 a comprar directamente estos activos en lo que se calific\u00f3 como QE1. A consecuencia de esta flexibilizaci\u00f3n cualitativa y cuantitativa, el balance de la Fed casi se triplic\u00f3 en unos pocos meses.<\/p>\n<p style=\"border-top-width: 0px; border-right-width: 0px; border-bottom-width: 0px; border-left-width: 0px; border-style: initial; border-color: initial; outline-width: 0px; outline-style: initial; outline-color: initial; font-weight: inherit; font-style: inherit; font-size: 14px; font-family: inherit; vertical-align: baseline; margin-top: 20px; margin-right: 0px; margin-bottom: 20px; margin-left: 0px; padding-top: 0px; padding-right: 0px; padding-bottom: 0px; padding-left: 0px; line-height: 1.5em; text-align: justify; \">&iquest;Durante cu\u00e1nto tiempo se mantendr\u00e1n estas medidas extraordinarias de emergencia? En marzo de 2009, Ben Bernanke declar\u00f3 que la Fed ten\u00eda una estrategia de<a href=\"http:\/\/www.reuters.com\/article\/idUSN2028434620090320\" style=\"border-top-width: 0px; border-right-width: 0px; border-bottom-width: 0px; border-left-width: 0px; border-style: initial; border-color: initial; outline-width: 0px; outline-style: initial; outline-color: initial; font-weight: inherit; font-style: inherit; font-size: 14px; font-family: inherit; vertical-align: baseline; margin-top: 0px; margin-right: 0px; margin-bottom: 0px; margin-left: 0px; padding-top: 0px; padding-right: 0px; padding-bottom: 0px; padding-left: 0px; line-height: 17px; color: rgb(23, 101, 188); text-decoration: none; \">&nbsp;salida<\/a>&nbsp;para sus pol\u00edticas de cr\u00e9dito de emergencia. Simplemente pod\u00eda deshacer sus pol\u00edticas de cr\u00e9dito y compras de activos, reduciendo as\u00ed el tama\u00f1o de su balance al nivel anterior a la crisis.<\/p>\n<p style=\"border-top-width: 0px; border-right-width: 0px; border-bottom-width: 0px; border-left-width: 0px; border-style: initial; border-color: initial; outline-width: 0px; outline-style: initial; outline-color: initial; font-weight: inherit; font-style: inherit; font-size: 14px; font-family: inherit; vertical-align: baseline; margin-top: 20px; margin-right: 0px; margin-bottom: 20px; margin-left: 0px; padding-top: 0px; padding-right: 0px; padding-bottom: 0px; padding-left: 0px; line-height: 1.5em; text-align: justify; \"><a href=\"http:\/\/mises.org\/daily\/3725\" style=\"border-top-width: 0px; border-right-width: 0px; border-bottom-width: 0px; border-left-width: 0px; border-style: initial; border-color: initial; outline-width: 0px; outline-style: initial; outline-color: initial; font-weight: inherit; font-style: inherit; font-size: 14px; font-family: inherit; vertical-align: baseline; margin-top: 0px; margin-right: 0px; margin-bottom: 0px; margin-left: 0px; padding-top: 0px; padding-right: 0px; padding-bottom: 0px; padding-left: 0px; line-height: 17px; color: rgb(23, 101, 188); text-decoration: none; \">He explicado<\/a>&nbsp;que no existe una opci\u00f3n de salida tan sencilla. La compra por la Fed de activos problem\u00e1ticos no&nbsp;resolvi\u00f3 los problemas subyacentes reales en la econom\u00eda: inyectar nuevo dinero no hace que desaparezcan las malas inversiones. Respaldando las instituciones financieras, s\u00f3lo se retrasan las necesarias liquidaciones y reajustes de la estructura de producci\u00f3n. La QE1 podr\u00eda incluso causar m\u00e1s malas inversiones y por tanto agravar el problema. La consecuencia podr\u00eda ser una niponizaci\u00f3n del sistema bancario, con bancos insolventes mantenidos a flote por el banco central.<\/p>\n<p style=\"border-top-width: 0px; border-right-width: 0px; border-bottom-width: 0px; border-left-width: 0px; border-style: initial; border-color: initial; outline-width: 0px; outline-style: initial; outline-color: initial; font-weight: inherit; font-style: inherit; font-size: 14px; font-family: inherit; vertical-align: baseline; margin-top: 20px; margin-right: 0px; margin-bottom: 20px; margin-left: 0px; padding-top: 0px; padding-right: 0px; padding-bottom: 0px; padding-left: 0px; line-height: 1.5em; text-align: justify; \">Si la Fed saliera de la situaci\u00f3n de emergencia, redujera su balance y dejara de aceptar activos problem\u00e1ticos como colateral de pr\u00e9stamos, las instituciones financieras volver\u00edan a la situaci\u00f3n inicial de septiembre de 2008. Si los precios de la vivienda no vuelven a su nivel de burbuja, muchos de los activos problem\u00e1ticos continuar\u00e1n siendo malos y no servir\u00e1n como un buen colateral. Si se valoraran al precio de mercado, estos activos podr\u00edan comerse el capital de los bancos. Si la Fed acabara con sus medidas de emergencia, estar\u00edamos en la pr\u00e1ctica de vuelta a la situaci\u00f3n inicial de mercados interbancarios congelados e iliquidez general.<\/p>\n<p style=\"border-top-width: 0px; border-right-width: 0px; border-bottom-width: 0px; border-left-width: 0px; border-style: initial; border-color: initial; outline-width: 0px; outline-style: initial; outline-color: initial; font-weight: inherit; font-style: inherit; font-size: 14px; font-family: inherit; vertical-align: baseline; margin-top: 20px; margin-right: 0px; margin-bottom: 20px; margin-left: 0px; padding-top: 0px; padding-right: 0px; padding-bottom: 0px; padding-left: 0px; line-height: 1.5em; text-align: justify; \">En octubre de 2009, conclu\u00ed que la Fed no pod\u00eda volver a su balance inicial sin causar el colapso del sistema financiero. Una posible salida ser\u00eda volver a inflar la burbuja. Aumentar los precios de los activos (y especialmente los precios de la vivienda) har\u00eda que muchos activos bancarios volvieran a ser valiosos. La Fed podr\u00eda aumentar la calidad de sus activos inflando la burbuja inmobiliaria.<\/p>\n<p style=\"border-top-width: 0px; border-right-width: 0px; border-bottom-width: 0px; border-left-width: 0px; border-style: initial; border-color: initial; outline-width: 0px; outline-style: initial; outline-color: initial; font-weight: inherit; font-style: inherit; font-size: 14px; font-family: inherit; vertical-align: baseline; margin-top: 20px; margin-right: 0px; margin-bottom: 20px; margin-left: 0px; padding-top: 0px; padding-right: 0px; padding-bottom: 0px; padding-left: 0px; line-height: 1.5em; text-align: justify; \">En el invierno de 2010, nadie est\u00e1 hablando ya de reducir el balance de la Fed o estrategias de salida. Por el contrario, las Fed ha elegido el camino de mayor inflaci\u00f3n y ha llamado a esta estrategia &ldquo;QE2&rdquo;.<\/p>\n<p style=\"border-top-width: 0px; border-right-width: 0px; border-bottom-width: 0px; border-left-width: 0px; border-style: initial; border-color: initial; outline-width: 0px; outline-style: initial; outline-color: initial; font-weight: inherit; font-style: inherit; font-size: 14px; font-family: inherit; vertical-align: baseline; margin-top: 20px; margin-right: 0px; margin-bottom: 20px; margin-left: 0px; padding-top: 0px; padding-right: 0px; padding-bottom: 0px; padding-left: 0px; line-height: 1.5em; text-align: justify; \">QE2 tiene un prop\u00f3sito ligeramente distinto de la QE1. La QE1 apoyaba directamente a los bancos en problemas comprando sus activos problem\u00e1ticos. La QE2 apoya al gobierno.<\/p>\n<p style=\"border-top-width: 0px; border-right-width: 0px; border-bottom-width: 0px; border-left-width: 0px; border-style: initial; border-color: initial; outline-width: 0px; outline-style: initial; outline-color: initial; font-weight: inherit; font-style: inherit; font-size: 14px; font-family: inherit; vertical-align: baseline; margin-top: 20px; margin-right: 0px; margin-bottom: 20px; margin-left: 0px; padding-top: 0px; padding-right: 0px; padding-bottom: 0px; padding-left: 0px; line-height: 1.5em; text-align: justify; \">Las pol\u00edticas inflacionistas de la Fed se han ajustado a las pol\u00edticas fiscales keynesianas del gobierno de EEUU. El gobierno de EEUU se dedic\u00f3 a un gasto en d\u00e9ficit para rescatar a instituciones financieras y fabricantes de autom\u00f3viles, impidiendo una r\u00e1pida liquidaci\u00f3n de las malas inversiones y una adaptaci\u00f3n suave de las estructura de la producci\u00f3n a los deseos de los consumidores.<\/p>\n<p style=\"border-top-width: 0px; border-right-width: 0px; border-bottom-width: 0px; border-left-width: 0px; border-style: initial; border-color: initial; outline-width: 0px; outline-style: initial; outline-color: initial; font-weight: inherit; font-style: inherit; font-size: 14px; font-family: inherit; vertical-align: baseline; margin-top: 20px; margin-right: 0px; margin-bottom: 20px; margin-left: 0px; padding-top: 0px; padding-right: 0px; padding-bottom: 0px; padding-left: 0px; line-height: 1.5em; text-align: justify; \">La QE2 es una respuesta directa a este gasto en d\u00e9ficit, que obliga al gobierno a emitir m\u00e1s bonos. Con la QE2, la Fed apoya al gobierno comprando estos bonos. La Fed ayuda por tanto activamente al gobierno en sus pol\u00edticas keynesianas, lo que interrumpe la recuperaci\u00f3n. Mientras que la QE1 sosten\u00eda el sistema financiero, la QE2 sostiene al gobierno. Es verdad que esta diferencia no es sustancial dado que los destinos del sistema financiero y el gobierno est\u00e1n entrelazados.<\/p>\n<p style=\"border-top-width: 0px; border-right-width: 0px; border-bottom-width: 0px; border-left-width: 0px; border-style: initial; border-color: initial; outline-width: 0px; outline-style: initial; outline-color: initial; font-weight: inherit; font-style: inherit; font-size: 14px; font-family: inherit; vertical-align: baseline; margin-top: 20px; margin-right: 0px; margin-bottom: 20px; margin-left: 0px; padding-top: 0px; padding-right: 0px; padding-bottom: 0px; padding-left: 0px; line-height: 1.5em; text-align: justify; \">El sistema bancario financia al gobierno que a su vez otorga el privilegio de la banca de reserva fraccionaria y otorga impl\u00edcitamente garant\u00edas para las&nbsp;p\u00e9rdidas bancarias.<\/p>\n<p style=\"border-top-width: 0px; border-right-width: 0px; border-bottom-width: 0px; border-left-width: 0px; border-style: initial; border-color: initial; outline-width: 0px; outline-style: initial; outline-color: initial; font-weight: inherit; font-style: inherit; font-size: 14px; font-family: inherit; vertical-align: baseline; margin-top: 20px; margin-right: 0px; margin-bottom: 20px; margin-left: 0px; padding-top: 0px; padding-right: 0px; padding-bottom: 0px; padding-left: 0px; line-height: 1.5em; text-align: justify; \">Por supuesto, Ben Bernanke no dice que quiera ayudar a financiar el d\u00e9ficit p\u00fablico mediante la creaci\u00f3n de dinero. La excusa oficial para la QE2 es, de nuevo, el chivo expiatorio de la &ldquo;deflaci\u00f3n&rdquo;.# La inflaci\u00f3n de precios es demasiado baja. James Bullard, presidente del Banco de la Reserva Federal de Saint Louis declara que &ldquo;es importante defenderse tanto de la inflaci\u00f3n baja como de la inflaci\u00f3n alta&rdquo;.<\/p>\n<p style=\"border-top-width: 0px; border-right-width: 0px; border-bottom-width: 0px; border-left-width: 0px; border-style: initial; border-color: initial; outline-width: 0px; outline-style: initial; outline-color: initial; font-weight: inherit; font-style: inherit; font-size: 14px; font-family: inherit; vertical-align: baseline; margin-top: 20px; margin-right: 0px; margin-bottom: 20px; margin-left: 0px; padding-top: 0px; padding-right: 0px; padding-bottom: 0px; padding-left: 0px; line-height: 1.5em; text-align: justify; \"><em>Phillip Bagus&nbsp;<span class=\"hps\">es<\/span>&nbsp;<span class=\"hps\">un economista alem\u00e1n<\/span>&nbsp;<span class=\"hps\">y profesor de Econom\u00eda<\/span>&nbsp;<span class=\"hps\">en la Universidad Rey<\/span>&nbsp;<span class=\"hps\">Juan&nbsp;<\/span><span class=\"hps\">Carlos de Madrid<\/span><span>.<\/span><\/em><\/p>\n<div class=\"pvc_clear\"><\/div>\n<p class=\"pvc_stats all \" data-element-id=\"20012\" style=\"\"><i class=\"pvc-stats-icon medium\" aria-hidden=\"true\"><svg aria-hidden=\"true\" focusable=\"false\" data-prefix=\"far\" data-icon=\"chart-bar\" role=\"img\" xmlns=\"http:\/\/www.w3.org\/2000\/svg\" viewBox=\"0 0 512 512\" class=\"svg-inline--fa fa-chart-bar fa-w-16 fa-2x\"><path fill=\"currentColor\" d=\"M396.8 352h22.4c6.4 0 12.8-6.4 12.8-12.8V108.8c0-6.4-6.4-12.8-12.8-12.8h-22.4c-6.4 0-12.8 6.4-12.8 12.8v230.4c0 6.4 6.4 12.8 12.8 12.8zm-192 0h22.4c6.4 0 12.8-6.4 12.8-12.8V140.8c0-6.4-6.4-12.8-12.8-12.8h-22.4c-6.4 0-12.8 6.4-12.8 12.8v198.4c0 6.4 6.4 12.8 12.8 12.8zm96 0h22.4c6.4 0 12.8-6.4 12.8-12.8V204.8c0-6.4-6.4-12.8-12.8-12.8h-22.4c-6.4 0-12.8 6.4-12.8 12.8v134.4c0 6.4 6.4 12.8 12.8 12.8zM496 400H48V80c0-8.84-7.16-16-16-16H16C7.16 64 0 71.16 0 80v336c0 17.67 14.33 32 32 32h464c8.84 0 16-7.16 16-16v-16c0-8.84-7.16-16-16-16zm-387.2-48h22.4c6.4 0 12.8-6.4 12.8-12.8v-70.4c0-6.4-6.4-12.8-12.8-12.8h-22.4c-6.4 0-12.8 6.4-12.8 12.8v70.4c0 6.4 6.4 12.8 12.8 12.8z\" class=\"\"><\/path><\/svg><\/i> Vistas Totales&nbsp;519&nbsp;, Vistas Hoy&nbsp;2&nbsp;<\/p>\n<div class=\"pvc_clear\"><\/div>\n","protected":false},"excerpt":{"rendered":"<p>full_html<\/p>\n<div class=\"pvc_clear\"><\/div>\n<p class=\"pvc_stats all \" data-element-id=\"20012\" style=\"\"><i class=\"pvc-stats-icon medium\" aria-hidden=\"true\"><svg aria-hidden=\"true\" focusable=\"false\" data-prefix=\"far\" data-icon=\"chart-bar\" role=\"img\" xmlns=\"http:\/\/www.w3.org\/2000\/svg\" viewBox=\"0 0 512 512\" class=\"svg-inline--fa fa-chart-bar fa-w-16 fa-2x\"><path fill=\"currentColor\" d=\"M396.8 352h22.4c6.4 0 12.8-6.4 12.8-12.8V108.8c0-6.4-6.4-12.8-12.8-12.8h-22.4c-6.4 0-12.8 6.4-12.8 12.8v230.4c0 6.4 6.4 12.8 12.8 12.8zm-192 0h22.4c6.4 0 12.8-6.4 12.8-12.8V140.8c0-6.4-6.4-12.8-12.8-12.8h-22.4c-6.4 0-12.8 6.4-12.8 12.8v198.4c0 6.4 6.4 12.8 12.8 12.8zm96 0h22.4c6.4 0 12.8-6.4 12.8-12.8V204.8c0-6.4-6.4-12.8-12.8-12.8h-22.4c-6.4 0-12.8 6.4-12.8 12.8v134.4c0 6.4 6.4 12.8 12.8 12.8zM496 400H48V80c0-8.84-7.16-16-16-16H16C7.16 64 0 71.16 0 80v336c0 17.67 14.33 32 32 32h464c8.84 0 16-7.16 16-16v-16c0-8.84-7.16-16-16-16zm-387.2-48h22.4c6.4 0 12.8-6.4 12.8-12.8v-70.4c0-6.4-6.4-12.8-12.8-12.8h-22.4c-6.4 0-12.8 6.4-12.8 12.8v70.4c0 6.4 6.4 12.8 12.8 12.8z\" class=\"\"><\/path><\/svg><\/i> Vistas Totales&nbsp;519&nbsp;, Vistas Hoy&nbsp;2&nbsp;<\/p>\n<div class=\"pvc_clear\"><\/div>\n","protected":false},"author":2,"featured_media":0,"comment_status":"closed","ping_status":"closed","sticky":false,"template":"","format":"standard","meta":{"footnotes":""},"categories":[21],"tags":[],"class_list":["post-20012","post","type-post","status-publish","format-standard","hentry","category-blog"],"yoast_head":"<!-- This site is optimized with the Yoast SEO plugin v25.2 - https:\/\/yoast.com\/wordpress\/plugins\/seo\/ -->\n<title>\u00bfHabr\u00e1 una QE3, QE4, QE5\u2026? | CREES<\/title>\n<meta name=\"robots\" content=\"index, follow, max-snippet:-1, max-image-preview:large, max-video-preview:-1\" \/>\n<link rel=\"canonical\" href=\"https:\/\/crees.org.do\/?p=20012\" \/>\n<meta property=\"og:locale\" content=\"es_ES\" \/>\n<meta property=\"og:type\" content=\"article\" \/>\n<meta property=\"og:title\" content=\"\u00bfHabr\u00e1 una QE3, QE4, QE5\u2026? | CREES\" \/>\n<meta property=\"og:description\" content=\"full_html\" \/>\n<meta property=\"og:url\" content=\"https:\/\/crees.org.do\/?p=20012\" \/>\n<meta property=\"og:site_name\" content=\"CREES\" \/>\n<meta property=\"article:publisher\" content=\"https:\/\/www.facebook.com\/CREESRD\/\" \/>\n<meta property=\"article:published_time\" content=\"2011-11-21T00:00:00+00:00\" \/>\n<meta property=\"article:modified_time\" content=\"2021-08-11T22:41:01+00:00\" \/>\n<meta property=\"og:image\" content=\"https:\/\/crees.org.do\/wp-content\/uploads\/2022\/03\/crees-logo-1.jpg\" \/>\n\t<meta property=\"og:image:width\" content=\"244\" \/>\n\t<meta property=\"og:image:height\" content=\"71\" \/>\n\t<meta property=\"og:image:type\" content=\"image\/jpeg\" \/>\n<meta name=\"author\" content=\"Crees\" \/>\n<meta name=\"twitter:card\" content=\"summary_large_image\" \/>\n<meta name=\"twitter:creator\" content=\"@CREESRD\" \/>\n<meta name=\"twitter:site\" content=\"@CREESRD\" \/>\n<meta name=\"twitter:label1\" content=\"Escrito por\" \/>\n\t<meta name=\"twitter:data1\" content=\"Crees\" \/>\n\t<meta name=\"twitter:label2\" content=\"Tiempo de lectura\" \/>\n\t<meta name=\"twitter:data2\" content=\"5 minutos\" \/>\n<script type=\"application\/ld+json\" class=\"yoast-schema-graph\">{\"@context\":\"https:\/\/schema.org\",\"@graph\":[{\"@type\":\"Article\",\"@id\":\"https:\/\/crees.org.do\/?p=20012#article\",\"isPartOf\":{\"@id\":\"https:\/\/crees.org.do\/?p=20012\"},\"author\":{\"name\":\"Crees\",\"@id\":\"https:\/\/crees.org.do\/#\/schema\/person\/e7f97cd94d7bf9cd0e0ce30acb7d56b8\"},\"headline\":\"\u00bfHabr\u00e1 una QE3, QE4, QE5\u2026?\",\"datePublished\":\"2011-11-21T00:00:00+00:00\",\"dateModified\":\"2021-08-11T22:41:01+00:00\",\"mainEntityOfPage\":{\"@id\":\"https:\/\/crees.org.do\/?p=20012\"},\"wordCount\":1093,\"publisher\":{\"@id\":\"https:\/\/crees.org.do\/#organization\"},\"articleSection\":[\"Blog\"],\"inLanguage\":\"es\"},{\"@type\":\"WebPage\",\"@id\":\"https:\/\/crees.org.do\/?p=20012\",\"url\":\"https:\/\/crees.org.do\/?p=20012\",\"name\":\"\u00bfHabr\u00e1 una QE3, QE4, QE5\u2026? | CREES\",\"isPartOf\":{\"@id\":\"https:\/\/crees.org.do\/#website\"},\"datePublished\":\"2011-11-21T00:00:00+00:00\",\"dateModified\":\"2021-08-11T22:41:01+00:00\",\"breadcrumb\":{\"@id\":\"https:\/\/crees.org.do\/?p=20012#breadcrumb\"},\"inLanguage\":\"es\",\"potentialAction\":[{\"@type\":\"ReadAction\",\"target\":[\"https:\/\/crees.org.do\/?p=20012\"]}]},{\"@type\":\"BreadcrumbList\",\"@id\":\"https:\/\/crees.org.do\/?p=20012#breadcrumb\",\"itemListElement\":[{\"@type\":\"ListItem\",\"position\":1,\"name\":\"Portada\",\"item\":\"https:\/\/crees.org.do\/\"},{\"@type\":\"ListItem\",\"position\":2,\"name\":\"\u00bfHabr\u00e1 una QE3, QE4, QE5\u2026?\"}]},{\"@type\":\"WebSite\",\"@id\":\"https:\/\/crees.org.do\/#website\",\"url\":\"https:\/\/crees.org.do\/\",\"name\":\"CREES\",\"description\":\"Centro Regional de Estrategias Econ\u00f3micas Sostenibles\",\"publisher\":{\"@id\":\"https:\/\/crees.org.do\/#organization\"},\"potentialAction\":[{\"@type\":\"SearchAction\",\"target\":{\"@type\":\"EntryPoint\",\"urlTemplate\":\"https:\/\/crees.org.do\/?s={search_term_string}\"},\"query-input\":{\"@type\":\"PropertyValueSpecification\",\"valueRequired\":true,\"valueName\":\"search_term_string\"}}],\"inLanguage\":\"es\"},{\"@type\":\"Organization\",\"@id\":\"https:\/\/crees.org.do\/#organization\",\"name\":\"CREES | Centro Regional de Estrategias Econ\u00f3micas Sostenibles\",\"url\":\"https:\/\/crees.org.do\/\",\"logo\":{\"@type\":\"ImageObject\",\"inLanguage\":\"es\",\"@id\":\"https:\/\/crees.org.do\/#\/schema\/logo\/image\/\",\"url\":\"https:\/\/crees.org.do\/wp-content\/uploads\/2022\/03\/crees-logo-1.jpg\",\"contentUrl\":\"https:\/\/crees.org.do\/wp-content\/uploads\/2022\/03\/crees-logo-1.jpg\",\"width\":244,\"height\":71,\"caption\":\"CREES | Centro Regional de Estrategias Econ\u00f3micas Sostenibles\"},\"image\":{\"@id\":\"https:\/\/crees.org.do\/#\/schema\/logo\/image\/\"},\"sameAs\":[\"https:\/\/www.facebook.com\/CREESRD\/\",\"https:\/\/x.com\/CREESRD\"]},{\"@type\":\"Person\",\"@id\":\"https:\/\/crees.org.do\/#\/schema\/person\/e7f97cd94d7bf9cd0e0ce30acb7d56b8\",\"name\":\"Crees\",\"image\":{\"@type\":\"ImageObject\",\"inLanguage\":\"es\",\"@id\":\"https:\/\/crees.org.do\/#\/schema\/person\/image\/\",\"url\":\"https:\/\/secure.gravatar.com\/avatar\/390ac8f0be5d9aa046152553e2dd7011b59a512d89c150f5e5f28bb8d9a0b165?s=96&d=mm&r=g\",\"contentUrl\":\"https:\/\/secure.gravatar.com\/avatar\/390ac8f0be5d9aa046152553e2dd7011b59a512d89c150f5e5f28bb8d9a0b165?s=96&d=mm&r=g\",\"caption\":\"Crees\"},\"url\":\"https:\/\/crees.org.do\/?author=2\"}]}<\/script>\n<!-- \/ Yoast SEO plugin. -->","yoast_head_json":{"title":"\u00bfHabr\u00e1 una QE3, QE4, QE5\u2026? | CREES","robots":{"index":"index","follow":"follow","max-snippet":"max-snippet:-1","max-image-preview":"max-image-preview:large","max-video-preview":"max-video-preview:-1"},"canonical":"https:\/\/crees.org.do\/?p=20012","og_locale":"es_ES","og_type":"article","og_title":"\u00bfHabr\u00e1 una QE3, QE4, QE5\u2026? | CREES","og_description":"full_html","og_url":"https:\/\/crees.org.do\/?p=20012","og_site_name":"CREES","article_publisher":"https:\/\/www.facebook.com\/CREESRD\/","article_published_time":"2011-11-21T00:00:00+00:00","article_modified_time":"2021-08-11T22:41:01+00:00","og_image":[{"width":244,"height":71,"url":"https:\/\/crees.org.do\/wp-content\/uploads\/2022\/03\/crees-logo-1.jpg","type":"image\/jpeg"}],"author":"Crees","twitter_card":"summary_large_image","twitter_creator":"@CREESRD","twitter_site":"@CREESRD","twitter_misc":{"Escrito por":"Crees","Tiempo de lectura":"5 minutos"},"schema":{"@context":"https:\/\/schema.org","@graph":[{"@type":"Article","@id":"https:\/\/crees.org.do\/?p=20012#article","isPartOf":{"@id":"https:\/\/crees.org.do\/?p=20012"},"author":{"name":"Crees","@id":"https:\/\/crees.org.do\/#\/schema\/person\/e7f97cd94d7bf9cd0e0ce30acb7d56b8"},"headline":"\u00bfHabr\u00e1 una QE3, QE4, QE5\u2026?","datePublished":"2011-11-21T00:00:00+00:00","dateModified":"2021-08-11T22:41:01+00:00","mainEntityOfPage":{"@id":"https:\/\/crees.org.do\/?p=20012"},"wordCount":1093,"publisher":{"@id":"https:\/\/crees.org.do\/#organization"},"articleSection":["Blog"],"inLanguage":"es"},{"@type":"WebPage","@id":"https:\/\/crees.org.do\/?p=20012","url":"https:\/\/crees.org.do\/?p=20012","name":"\u00bfHabr\u00e1 una QE3, QE4, QE5\u2026? | CREES","isPartOf":{"@id":"https:\/\/crees.org.do\/#website"},"datePublished":"2011-11-21T00:00:00+00:00","dateModified":"2021-08-11T22:41:01+00:00","breadcrumb":{"@id":"https:\/\/crees.org.do\/?p=20012#breadcrumb"},"inLanguage":"es","potentialAction":[{"@type":"ReadAction","target":["https:\/\/crees.org.do\/?p=20012"]}]},{"@type":"BreadcrumbList","@id":"https:\/\/crees.org.do\/?p=20012#breadcrumb","itemListElement":[{"@type":"ListItem","position":1,"name":"Portada","item":"https:\/\/crees.org.do\/"},{"@type":"ListItem","position":2,"name":"\u00bfHabr\u00e1 una QE3, QE4, QE5\u2026?"}]},{"@type":"WebSite","@id":"https:\/\/crees.org.do\/#website","url":"https:\/\/crees.org.do\/","name":"CREES","description":"Centro Regional de Estrategias Econ\u00f3micas Sostenibles","publisher":{"@id":"https:\/\/crees.org.do\/#organization"},"potentialAction":[{"@type":"SearchAction","target":{"@type":"EntryPoint","urlTemplate":"https:\/\/crees.org.do\/?s={search_term_string}"},"query-input":{"@type":"PropertyValueSpecification","valueRequired":true,"valueName":"search_term_string"}}],"inLanguage":"es"},{"@type":"Organization","@id":"https:\/\/crees.org.do\/#organization","name":"CREES | Centro Regional de Estrategias Econ\u00f3micas Sostenibles","url":"https:\/\/crees.org.do\/","logo":{"@type":"ImageObject","inLanguage":"es","@id":"https:\/\/crees.org.do\/#\/schema\/logo\/image\/","url":"https:\/\/crees.org.do\/wp-content\/uploads\/2022\/03\/crees-logo-1.jpg","contentUrl":"https:\/\/crees.org.do\/wp-content\/uploads\/2022\/03\/crees-logo-1.jpg","width":244,"height":71,"caption":"CREES | Centro Regional de Estrategias Econ\u00f3micas Sostenibles"},"image":{"@id":"https:\/\/crees.org.do\/#\/schema\/logo\/image\/"},"sameAs":["https:\/\/www.facebook.com\/CREESRD\/","https:\/\/x.com\/CREESRD"]},{"@type":"Person","@id":"https:\/\/crees.org.do\/#\/schema\/person\/e7f97cd94d7bf9cd0e0ce30acb7d56b8","name":"Crees","image":{"@type":"ImageObject","inLanguage":"es","@id":"https:\/\/crees.org.do\/#\/schema\/person\/image\/","url":"https:\/\/secure.gravatar.com\/avatar\/390ac8f0be5d9aa046152553e2dd7011b59a512d89c150f5e5f28bb8d9a0b165?s=96&d=mm&r=g","contentUrl":"https:\/\/secure.gravatar.com\/avatar\/390ac8f0be5d9aa046152553e2dd7011b59a512d89c150f5e5f28bb8d9a0b165?s=96&d=mm&r=g","caption":"Crees"},"url":"https:\/\/crees.org.do\/?author=2"}]}},"_links":{"self":[{"href":"https:\/\/crees.org.do\/index.php?rest_route=\/wp\/v2\/posts\/20012","targetHints":{"allow":["GET"]}}],"collection":[{"href":"https:\/\/crees.org.do\/index.php?rest_route=\/wp\/v2\/posts"}],"about":[{"href":"https:\/\/crees.org.do\/index.php?rest_route=\/wp\/v2\/types\/post"}],"author":[{"embeddable":true,"href":"https:\/\/crees.org.do\/index.php?rest_route=\/wp\/v2\/users\/2"}],"replies":[{"embeddable":true,"href":"https:\/\/crees.org.do\/index.php?rest_route=%2Fwp%2Fv2%2Fcomments&post=20012"}],"version-history":[{"count":1,"href":"https:\/\/crees.org.do\/index.php?rest_route=\/wp\/v2\/posts\/20012\/revisions"}],"predecessor-version":[{"id":20031,"href":"https:\/\/crees.org.do\/index.php?rest_route=\/wp\/v2\/posts\/20012\/revisions\/20031"}],"wp:attachment":[{"href":"https:\/\/crees.org.do\/index.php?rest_route=%2Fwp%2Fv2%2Fmedia&parent=20012"}],"wp:term":[{"taxonomy":"category","embeddable":true,"href":"https:\/\/crees.org.do\/index.php?rest_route=%2Fwp%2Fv2%2Fcategories&post=20012"},{"taxonomy":"post_tag","embeddable":true,"href":"https:\/\/crees.org.do\/index.php?rest_route=%2Fwp%2Fv2%2Ftags&post=20012"}],"curies":[{"name":"wp","href":"https:\/\/api.w.org\/{rel}","templated":true}]}}