{"id":20013,"date":"2011-11-21T00:00:00","date_gmt":"2011-11-21T00:00:00","guid":{"rendered":"https:\/\/crees.org.do\/?p=20013"},"modified":"2021-08-11T22:41:27","modified_gmt":"2021-08-11T22:41:27","slug":"berlin-contempla-que-el-bce-preste-dinero-al-fmi-para-rescatar-paises","status":"publish","type":"post","link":"https:\/\/crees.org.do\/?p=20013","title":{"rendered":"Berl\u00edn &#8220;contempla&#8221; que el BCE preste dinero al FMI para rescatar pa\u00edses"},"content":{"rendered":"<p><span style=\"color:#808080;\"><span style=\"font-size:11px;\"><span style=\"font-family:verdana,geneva,sans-serif;\">Autor:&nbsp;M. Llamas<\/span><\/span><\/span><\/p>\n<p style=\"margin-top: 0px; margin-right: 0px; margin-bottom: 1.5em; margin-left: 0px; padding-top: 0px; padding-right: 0px; padding-bottom: 0px; padding-left: 0px; border-top-width: 0px; border-right-width: 0px; border-bottom-width: 0px; border-left-width: 0px; border-style: initial; border-color: initial; font-weight: inherit; font-style: inherit; font-size: 12px; font-family: inherit; vertical-align: baseline; text-align: justify; \"><span style=\"color:#808080;\"><span style=\"font-size:11px;\"><span style=\"font-family:verdana,geneva,sans-serif;\">Fuente:&nbsp;www.libremercado.com<\/span><\/span><\/span><\/p>\n<p style=\"margin-top: 0px; margin-right: 0px; margin-bottom: 1.5em; margin-left: 0px; padding-top: 0px; padding-right: 0px; padding-bottom: 0px; padding-left: 0px; border-top-width: 0px; border-right-width: 0px; border-bottom-width: 0px; border-left-width: 0px; border-style: initial; border-color: initial; font-weight: inherit; font-style: inherit; font-size: 12px; font-family: inherit; vertical-align: baseline; text-align: justify; \"><span style=\"font-size:12px;\"><span style=\"font-family:verdana,geneva,sans-serif;\"><a href=\"http:\/\/www.libremercado.com\/2011-11-17\/el-bce-busca-el-apoyo-del-fmi-para-rescatar-a-los-grandes-paises-de-la-eurozona-1276441657\/\" style=\"margin-top: 0px; margin-right: 0px; margin-bottom: 0px; margin-left: 0px; padding-top: 0px; padding-right: 0px; padding-bottom: 0px; padding-left: 0px; border-top-width: 0px; border-right-width: 0px; border-bottom-width: 1px; border-left-width: 0px; border-style: initial; border-color: initial; font-weight: bold; font-style: inherit; font-size: 12px; font-family: inherit; vertical-align: baseline; color: rgb(51, 97, 131); text-decoration: none; border-bottom-style: dotted; border-bottom-color: rgb(51, 97, 131); \">Ayer salt\u00f3 la espita<\/a>. Europa lleva varios d\u00edas debati\u00e9ndose entre&nbsp;<a href=\"http:\/\/www.libremercado.com\/2011-11-10\/europa-se-dirime-entre-monetizar-deuda-periferica-o-romper-el-euro-1276440964\/\" style=\"margin-top: 0px; margin-right: 0px; margin-bottom: 0px; margin-left: 0px; padding-top: 0px; padding-right: 0px; padding-bottom: 0px; padding-left: 0px; border-top-width: 0px; border-right-width: 0px; border-bottom-width: 1px; border-left-width: 0px; border-style: initial; border-color: initial; font-weight: bold; font-style: inherit; font-size: 12px; font-family: inherit; vertical-align: baseline; color: rgb(51, 97, 131); text-decoration: none; border-bottom-style: dotted; border-bottom-color: rgb(51, 97, 131); \">dos escenarios opuestos<\/a>: o monetizar deuda de forma masiva o romper el euro, con las consiguientes quiebras soberanas. Las&nbsp;<a href=\"http:\/\/www.libremercado.com\/2011-11-16\/que-condiciones-impondra-merkel-para-encender-la-imprenta-del-bce-1276441574\/\" style=\"margin-top: 0px; margin-right: 0px; margin-bottom: 0px; margin-left: 0px; padding-top: 0px; padding-right: 0px; padding-bottom: 0px; padding-left: 0px; border-top-width: 0px; border-right-width: 0px; border-bottom-width: 1px; border-left-width: 0px; border-style: initial; border-color: initial; font-weight: bold; font-style: inherit; font-size: 12px; font-family: inherit; vertical-align: baseline; color: rgb(51, 97, 131); text-decoration: none; border-bottom-style: dotted; border-bottom-color: rgb(51, 97, 131); \">presiones que est\u00e1 recibiendo Merkel<\/a>&nbsp;para que abra de par en par las compuertas del Banco Central Europeo (BCE) a la deuda perif\u00e9rica han sido, y siguen siendo, muy intensas. Sin embargo, al menos oficialmente, los responsables pol\u00edticos y econ\u00f3micos de Berl\u00edn&nbsp;<strong style=\"font-weight: bold; \">han rechazado una y otra vez esta posibilidad<\/strong>, que viola expl\u00edcitamente el<strong style=\"font-weight: bold; \">art\u00edculo 123 del Tratado de la UE<\/strong>&nbsp;(se proh\u00edbe que el BCE financie de forma directa a los gobiernos).<\/span><\/span><\/p>\n<p style=\"margin-top: 0px; margin-right: 0px; margin-bottom: 1.5em; margin-left: 0px; padding-top: 0px; padding-right: 0px; padding-bottom: 0px; padding-left: 0px; border-top-width: 0px; border-right-width: 0px; border-bottom-width: 0px; border-left-width: 0px; border-style: initial; border-color: initial; font-weight: inherit; font-style: inherit; font-size: 12px; font-family: inherit; vertical-align: baseline; text-align: justify; \"><span style=\"font-size:12px;\"><span style=\"font-family:verdana,geneva,sans-serif;\">Dada esta imposibilidad, que precisar\u00eda cambiar los actuales tratados, los l\u00edderes de la zona euro y los responsables del BCE empezaron a&nbsp;<strong style=\"font-weight: bold; \">barajar alternativas<\/strong>. Entre ellas,&nbsp;<strong style=\"font-weight: bold; \">que el BCE preste dinero al Fondo Monetario Internacional<\/strong>&nbsp;(FMI) para que sea \u00e9ste, y no el banco central, el encargado de financiar a los grandes pa\u00edses en problemas (Espa\u00f1a e Italia en estos momentos).<\/span><\/span><\/p>\n<p style=\"margin-top: 0px; margin-right: 0px; margin-bottom: 1.5em; margin-left: 0px; padding-top: 0px; padding-right: 0px; padding-bottom: 0px; padding-left: 0px; border-top-width: 0px; border-right-width: 0px; border-bottom-width: 0px; border-left-width: 0px; border-style: initial; border-color: initial; font-weight: inherit; font-style: inherit; font-size: 12px; font-family: inherit; vertical-align: baseline; text-align: justify; \"><span style=\"font-size:12px;\"><span style=\"font-family:verdana,geneva,sans-serif;\">Seg\u00fan las \u00faltimas informaciones disponibles, parece que esta f\u00f3rmula empieza a cobrar fuerza.&nbsp;<strong style=\"font-weight: bold; \">&quot;Alemania se opone a la idea, pero podr\u00eda estar dispuesto a considerarlo&quot;<\/strong>, seg\u00fan fuentes oficiales conocedoras de la operaci\u00f3n, a fin de poder alcanzar un consenso en la&nbsp;<strong style=\"font-weight: bold; \">pr\u00f3xima Cumbre de la UE<\/strong>, prevista para el pr\u00f3ximo 9 de diciembre.<\/span><\/span><\/p>\n<p style=\"margin-top: 0px; margin-right: 0px; margin-bottom: 1.5em; margin-left: 0px; padding-top: 0px; padding-right: 0px; padding-bottom: 0px; padding-left: 0px; border-top-width: 0px; border-right-width: 0px; border-bottom-width: 0px; border-left-width: 0px; border-style: initial; border-color: initial; font-weight: inherit; font-style: inherit; font-size: 12px; font-family: inherit; vertical-align: baseline; text-align: justify; \"><span style=\"font-size:12px;\"><span style=\"font-family:verdana,geneva,sans-serif;\">En concreto, seg\u00fan&nbsp;<em style=\"margin-top: 0px; margin-right: 0px; margin-bottom: 0px; margin-left: 0px; padding-top: 0px; padding-right: 0px; padding-bottom: 0px; padding-left: 0px; border-top-width: 0px; border-right-width: 0px; border-bottom-width: 0px; border-left-width: 0px; border-style: initial; border-color: initial; font-weight: inherit; font-style: italic; font-size: 12px; font-family: inherit; vertical-align: baseline; \">Reuters<\/em>, responsables de la eurozona y del FMI habr\u00eda discutido la idea de que BCE preste dinero a la instituci\u00f3n dirigida por&nbsp;<strong style=\"font-weight: bold; \">Christine Lagarde<\/strong>, para dotar as\u00ed al Fondo de recursos suficientes y rescatar incluso a los soberanos m\u00e1s grandes de la zona euro. &quot;Algunos conversaciones sobre esto han tenido lugar.&nbsp;<strong style=\"font-weight: bold; \">Podr\u00eda ser una de las maneras de evitar las restricciones legales del BCE<\/strong>&quot;, seg\u00fan afirmaron fuentes conocedoras de esta negociaci\u00f3n.<\/span><\/span><\/p>\n<p style=\"margin-top: 0px; margin-right: 0px; margin-bottom: 1.5em; margin-left: 0px; padding-top: 0px; padding-right: 0px; padding-bottom: 0px; padding-left: 0px; border-top-width: 0px; border-right-width: 0px; border-bottom-width: 0px; border-left-width: 0px; border-style: initial; border-color: initial; font-weight: inherit; font-style: inherit; font-size: 12px; font-family: inherit; vertical-align: baseline; text-align: justify; \"><span style=\"font-size:12px;\"><span style=\"font-family:verdana,geneva,sans-serif;\">De este modo, el BCE podr\u00eda eludir las restricciones legales existentes, ya que el art\u00edculo 23 de los estatutos de la instituci\u00f3n presidida por&nbsp;<strong style=\"font-weight: bold; \">Mario Draghi&nbsp;<\/strong>se\u00f1ala que puede llevar a cabo &quot;cualquier tipo de operaci\u00f3n bancaria en relaci\u00f3n con terceros pa\u00edses y organismos internacionales, incluidas operaciones de pr\u00e9stamo y endeudamiento&quot;. Por su parte, el FMI podr\u00eda usar el dinero del BCE para financiar varias operaciones de rescate en la eurozona o para conceder l\u00edneas preventivas de cr\u00e9dito de forma individual o junto al fondo de rescate.&nbsp;<strong style=\"font-weight: bold; \">&quot;Es factible&quot;<\/strong>, reconoci\u00f3 una de las fuentes.<\/span><\/span><\/p>\n<p style=\"margin-top: 0px; margin-right: 0px; margin-bottom: 1.5em; margin-left: 0px; padding-top: 0px; padding-right: 0px; padding-bottom: 0px; padding-left: 0px; border-top-width: 0px; border-right-width: 0px; border-bottom-width: 0px; border-left-width: 0px; border-style: initial; border-color: initial; font-weight: inherit; font-style: inherit; font-size: 12px; font-family: inherit; vertical-align: baseline; text-align: justify; \"><span style=\"font-size:12px;\"><span style=\"font-family:verdana,geneva,sans-serif;\">No en vano, tal y como avanz\u00f3&nbsp;<strong style=\"font-weight: bold; \">Libre Mercado<\/strong>, el&nbsp;<a href=\"http:\/\/www.libremercado.com\/2011-11-10\/europa-se-dirime-entre-monetizar-deuda-periferica-o-romper-el-euro-1276440964\/\" style=\"margin-top: 0px; margin-right: 0px; margin-bottom: 0px; margin-left: 0px; padding-top: 0px; padding-right: 0px; padding-bottom: 0px; padding-left: 0px; border-top-width: 0px; border-right-width: 0px; border-bottom-width: 1px; border-left-width: 0px; border-style: initial; border-color: initial; font-weight: bold; font-style: inherit; font-size: 12px; font-family: inherit; vertical-align: baseline; color: rgb(51, 97, 131); text-decoration: none; border-bottom-style: dotted; border-bottom-color: rgb(51, 97, 131); \">r\u00e1pido transcurso de los acontecimientos<\/a>, con la deuda de&nbsp;<a href=\"http:\/\/www.libremercado.com\/2011-11-18\/la-prima-de-riesgo-de-espana-supera-a-la-de-italia-525-puntos-1276441705\/\" style=\"margin-top: 0px; margin-right: 0px; margin-bottom: 0px; margin-left: 0px; padding-top: 0px; padding-right: 0px; padding-bottom: 0px; padding-left: 0px; border-top-width: 0px; border-right-width: 0px; border-bottom-width: 1px; border-left-width: 0px; border-style: initial; border-color: initial; font-weight: bold; font-style: inherit; font-size: 12px; font-family: inherit; vertical-align: baseline; color: rgb(51, 97, 131); text-decoration: none; border-bottom-style: dotted; border-bottom-color: rgb(51, 97, 131); \">Italia y Espa\u00f1a cotizando en zona de rescate<\/a>, las v\u00edas aprobadas hasta el momento no se han activado: el FMI todav\u00eda no ha logrado que sus miembros incrementen sus aportaciones; el actual Fondo de rescate europeo carece de dinero suficiente para rescatar a ambos pa\u00edses (apenas 250.000 millones); y el refuerzo de este mismo Fondo no cuenta con la credibilidad de los inversores.<\/span><\/span><\/p>\n<p style=\"margin-top: 0px; margin-right: 0px; margin-bottom: 1.5em; margin-left: 0px; padding-top: 0px; padding-right: 0px; padding-bottom: 0px; padding-left: 0px; border-top-width: 0px; border-right-width: 0px; border-bottom-width: 0px; border-left-width: 0px; border-style: initial; border-color: initial; font-weight: inherit; font-style: inherit; font-size: 12px; font-family: inherit; vertical-align: baseline; text-align: justify; \"><span style=\"font-size:12px;\"><span style=\"font-family:verdana,geneva,sans-serif;\">Por ello, con el reciente agravamiento de la crisis de deuda, toda la atenci\u00f3n se ha centrado en el&nbsp;<strong style=\"font-weight: bold; \">papel del BCE y la postura de Berl\u00edn<\/strong>&nbsp;para permitir la monetizaci\u00f3n masiva de deuda. Hasta ahora, su rechazo hab\u00eda sido frontal, al menos oficialmente, pero algunos de los principales asesores de Merkel ya&nbsp;<a href=\"http:\/\/www.libremercado.com\/2011-11-15\/alemania-baraja-por-primera-vez-que-el-bce-compre-deuda-de-forma-masiva-1276441405\/\" style=\"margin-top: 0px; margin-right: 0px; margin-bottom: 0px; margin-left: 0px; padding-top: 0px; padding-right: 0px; padding-bottom: 0px; padding-left: 0px; border-top-width: 0px; border-right-width: 0px; border-bottom-width: 1px; border-left-width: 0px; border-style: initial; border-color: initial; font-weight: bold; font-style: inherit; font-size: 12px; font-family: inherit; vertical-align: baseline; color: rgb(51, 97, 131); text-decoration: none; border-bottom-style: dotted; border-bottom-color: rgb(51, 97, 131); \">han empezado a contemplar esta opci\u00f3n.<\/a><\/span><\/span><\/p>\n<p style=\"margin-top: 0px; margin-right: 0px; margin-bottom: 1.5em; margin-left: 0px; padding-top: 0px; padding-right: 0px; padding-bottom: 0px; padding-left: 0px; border-top-width: 0px; border-right-width: 0px; border-bottom-width: 0px; border-left-width: 0px; border-style: initial; border-color: initial; font-weight: inherit; font-style: inherit; font-size: 12px; font-family: inherit; vertical-align: baseline; text-align: justify; \"><span style=\"font-size:12px;\"><span style=\"font-family:verdana,geneva,sans-serif;\">Pese a todo, el cruce de declaraciones sigue en aumento mientras que los frentes para tratar de solventar la actual situaci\u00f3n permanecen abiertos. As\u00ed, por ejemplo, el ministro de Finanzas germano ha vuelto a insistir en que la normativa comunitaria no permite activar toda la artiller\u00eda monetaria del BCE y que, adem\u00e1s, en caso de aplicar este programa su efecto se disipar\u00eda a corto plazo, ya que no resolver\u00eda los problemas estructurales de los pa\u00edses en problemas.<\/span><\/span><\/p>\n<p style=\"margin-top: 0px; margin-right: 0px; margin-bottom: 1.5em; margin-left: 0px; padding-top: 0px; padding-right: 0px; padding-bottom: 0px; padding-left: 0px; border-top-width: 0px; border-right-width: 0px; border-bottom-width: 0px; border-left-width: 0px; border-style: initial; border-color: initial; font-weight: inherit; font-style: inherit; font-size: 12px; font-family: inherit; vertical-align: baseline; text-align: justify; \"><span style=\"font-size:12px;\"><span style=\"font-family:verdana,geneva,sans-serif;\"><strong style=\"font-weight: bold; \">P\u00e1ramo y Draghi<\/strong><\/span><\/span><\/p>\n<p style=\"margin-top: 0px; margin-right: 0px; margin-bottom: 1.5em; margin-left: 0px; padding-top: 0px; padding-right: 0px; padding-bottom: 0px; padding-left: 0px; border-top-width: 0px; border-right-width: 0px; border-bottom-width: 0px; border-left-width: 0px; border-style: initial; border-color: initial; font-weight: inherit; font-style: inherit; font-size: 12px; font-family: inherit; vertical-align: baseline; text-align: justify; \"><span style=\"font-size:12px;\"><span style=\"font-family:verdana,geneva,sans-serif;\">En este sentido, el miembro espa\u00f1ol del consejo ejecutivo del BCE,&nbsp;<strong style=\"font-weight: bold; \">Jos\u00e9 Manuel Gonz\u00e1lez-Par\u00e1mo&nbsp;<\/strong>-uno de los nombres que se barajan para ocupar la cartera de Econom\u00eda en el pr\u00f3ximo Gobierno popular-, ha asegurado que&nbsp;<strong style=\"font-weight: bold; \">los problemas de deuda de Espa\u00f1a e Italia &quot;son suyos&quot;<\/strong>, y recalcado que la funci\u00f3n del BCE &quot;no es ser prestamista en \u00faltima instancia de los gobiernos&quot;.<\/span><\/span><\/p>\n<p style=\"margin-top: 0px; margin-right: 0px; margin-bottom: 1.5em; margin-left: 0px; padding-top: 0px; padding-right: 0px; padding-bottom: 0px; padding-left: 0px; border-top-width: 0px; border-right-width: 0px; border-bottom-width: 0px; border-left-width: 0px; border-style: initial; border-color: initial; font-weight: inherit; font-style: inherit; font-size: 12px; font-family: inherit; vertical-align: baseline; text-align: justify; \"><span style=\"font-size:12px;\"><span style=\"font-family:verdana,geneva,sans-serif;\">En el marco de una jornada organizada por el IESE, ha apuntado que&nbsp;<strong style=\"font-weight: bold; \">&quot;es hora de pedir a los l\u00edderes europeos decisiones urgentes&quot;<\/strong>, y ha se\u00f1alado a rengl\u00f3n seguido que, en el caso de Espa\u00f1a, es preciso atajar tres problemas fundamentales: las finanzas p\u00fablicas, la reestructuraci\u00f3n bancaria y, sobre todo, las altas tasas de paro.<\/span><\/span><\/p>\n<p style=\"margin-top: 0px; margin-right: 0px; margin-bottom: 1.5em; margin-left: 0px; padding-top: 0px; padding-right: 0px; padding-bottom: 0px; padding-left: 0px; border-top-width: 0px; border-right-width: 0px; border-bottom-width: 0px; border-left-width: 0px; border-style: initial; border-color: initial; font-weight: inherit; font-style: inherit; font-size: 12px; font-family: inherit; vertical-align: baseline; text-align: justify; \"><span style=\"font-size:12px;\"><span style=\"font-family:verdana,geneva,sans-serif;\">En este sentido, el presidente del BCE,&nbsp;<strong style=\"font-weight: bold; \">Mario Draghi<\/strong>, ha reclamado este viernes la&nbsp;<strong style=\"font-weight: bold; \">&quot;implementaci\u00f3n urgente&quot; de las decisiones de las cumbres europeas&nbsp;<\/strong>y los Consejos de Estado y, en concreto, se ha preguntado d\u00f3nde est\u00e1 la implementaci\u00f3n de las diferentes reformas del&nbsp;<strong style=\"font-weight: bold; \">Fondo Europeo de Estabilidad Financiera<\/strong>&nbsp;(EFSF, por sus siglas en ingl\u00e9s) acordadas en las \u00faltimas reuniones.<\/span><\/span><\/p>\n<p style=\"margin-top: 0px; margin-right: 0px; margin-bottom: 1.5em; margin-left: 0px; padding-top: 0px; padding-right: 0px; padding-bottom: 0px; padding-left: 0px; border-top-width: 0px; border-right-width: 0px; border-bottom-width: 0px; border-left-width: 0px; border-style: initial; border-color: initial; font-weight: inherit; font-style: inherit; font-size: 12px; font-family: inherit; vertical-align: baseline; text-align: justify; \"><span style=\"font-size:12px;\"><span style=\"font-family:verdana,geneva,sans-serif;\">En un discurso en el Congreso Bancario Europeo, Draghi se\u00f1al\u00f3 que hace cuatro semanas los l\u00edderes europeos acordaron apalancar sus recursos a cuatro o cinco veces m\u00e1s y se declar\u00f3 totalmente operativo y listo para ser utilizado de forma efectiva para garantizar la estabilidad financiera en la eurozona. &quot;&iquest;D\u00f3nde est\u00e1 la implementaci\u00f3n de estas medidas dise\u00f1adas hace mucho tiempo?&quot;, se pregunt\u00f3. El presidente del BCE incidi\u00f3 en la necesidad de que se desarrolle una&nbsp;<strong style=\"font-weight: bold; \">gobernanza econ\u00f3mica &quot;mucho m\u00e1s s\u00f3lida&quot;<\/strong>&nbsp;en el futuro de la Uni\u00f3n Monetaria europea, algo que es &quot;esencial&quot; para lograr la estabilidad financiera de la eurozona.<\/span><\/span><\/p>\n<p style=\"margin-top: 0px; margin-right: 0px; margin-bottom: 1.5em; margin-left: 0px; padding-top: 0px; padding-right: 0px; padding-bottom: 0px; padding-left: 0px; border-top-width: 0px; border-right-width: 0px; border-bottom-width: 0px; border-left-width: 0px; border-style: initial; border-color: initial; font-weight: inherit; font-style: inherit; font-size: 12px; font-family: inherit; vertical-align: baseline; text-align: justify; \"><span style=\"font-size:12px;\"><span style=\"font-family:verdana,geneva,sans-serif;\"><strong style=\"font-weight: bold; \">El BCE limita&nbsp;<\/strong><span style=\"margin-top: 0px; margin-right: 0px; margin-bottom: 0px; margin-left: 0px; padding-top: 0px; padding-right: 0px; padding-bottom: 0px; padding-left: 0px; border-top-width: 0px; border-right-width: 0px; border-bottom-width: 0px; border-left-width: 0px; border-style: initial; border-color: initial; font-weight: bold; font-style: inherit; vertical-align: baseline; \">la compra semanal de bonos<\/span><\/span><\/span><\/p>\n<p style=\"margin-top: 0px; margin-right: 0px; margin-bottom: 1.5em; margin-left: 0px; padding-top: 0px; padding-right: 0px; padding-bottom: 0px; padding-left: 0px; border-top-width: 0px; border-right-width: 0px; border-bottom-width: 0px; border-left-width: 0px; border-style: initial; border-color: initial; font-weight: inherit; font-style: inherit; font-size: 12px; font-family: inherit; vertical-align: baseline; text-align: justify; \"><span style=\"font-size:12px;\"><span style=\"font-family:verdana,geneva,sans-serif;\">Al tiempo que Draghi reafirmaba la credibilidad del actual mandato del BCE, la entidad acordaba a nivel interno<strong style=\"font-weight: bold; \">&nbsp;las compras de deuda problem\u00e1tica a un total de 20.000 millones de euros semanales,<\/strong>seg\u00fan informa el diario alem\u00e1n&nbsp;<em style=\"margin-top: 0px; margin-right: 0px; margin-bottom: 0px; margin-left: 0px; padding-top: 0px; padding-right: 0px; padding-bottom: 0px; padding-left: 0px; border-top-width: 0px; border-right-width: 0px; border-bottom-width: 0px; border-left-width: 0px; border-style: initial; border-color: initial; font-weight: inherit; font-style: italic; font-size: 12px; font-family: inherit; vertical-align: baseline; \">Frankfurter Allgemeine Zeitung<\/em>&nbsp;(FAZ). Este nuevo l\u00edmite se considera en c\u00edrculos de la banca central&nbsp;<strong style=\"font-weight: bold; \">&quot;un secreto&quot;<\/strong>&nbsp;porque se teme que podr\u00eda incentivar las especulaciones.<\/span><\/span><\/p>\n<p style=\"margin-top: 0px; margin-right: 0px; margin-bottom: 1.5em; margin-left: 0px; padding-top: 0px; padding-right: 0px; padding-bottom: 0px; padding-left: 0px; border-top-width: 0px; border-right-width: 0px; border-bottom-width: 0px; border-left-width: 0px; border-style: initial; border-color: initial; font-weight: inherit; font-style: inherit; font-size: 12px; font-family: inherit; vertical-align: baseline; text-align: justify; \"><span style=\"font-size:12px;\"><span style=\"font-family:verdana,geneva,sans-serif;\">En concreto, el rotativo constata la creciente divisi\u00f3n entre los 23 miembros del Consejo, los seis representantes del consejo ejecutivo de la entidad y los diecisiete gobernadores de los bancos centrales nacionales, donde los dos representantes alemanes han sumado a su corriente cr\u00edtica a los miembros de Luxemburgo, Pa\u00edses Bajos y Austria.<\/span><\/span><\/p>\n<p style=\"margin-top: 0px; margin-right: 0px; margin-bottom: 1.5em; margin-left: 0px; padding-top: 0px; padding-right: 0px; padding-bottom: 0px; padding-left: 0px; border-top-width: 0px; border-right-width: 0px; border-bottom-width: 0px; border-left-width: 0px; border-style: initial; border-color: initial; font-weight: inherit; font-style: inherit; font-size: 12px; font-family: inherit; vertical-align: baseline; text-align: justify; \"><span style=\"font-size:12px;\"><span style=\"font-family:verdana,geneva,sans-serif;\">De este modo, la posici\u00f3n mayoritaria en el seno del Consejo a favor de prolongar el programa cada vez es m\u00e1s fr\u00e1gil, lo que amenaza el alcance de las compras de BCE, ya que, a pesar de que p\u00fablicamente nunca se ha ofrecido una cantidad l\u00edmite para las mismas, cada dos semanas los 23 miembros pactan &quot;en secreto&quot; el importe de estas inversiones en deuda p\u00fablica. De hecho, el peri\u00f3dico germano desvela que &quot;el creciente escepticismo en el Consejo de Gobierno hacia este programa supuso una reducci\u00f3n del l\u00edmite m\u00e1ximo de estas compras semanales a 20.000 millones de euros&quot;.<\/span><\/span><\/p>\n<p style=\"margin-top: 0px; margin-right: 0px; margin-bottom: 1.5em; margin-left: 0px; padding-top: 0px; padding-right: 0px; padding-bottom: 0px; padding-left: 0px; border-top-width: 0px; border-right-width: 0px; border-bottom-width: 0px; border-left-width: 0px; border-style: initial; border-color: initial; font-weight: inherit; font-style: inherit; font-size: 12px; font-family: inherit; vertical-align: baseline; text-align: justify; \"><span style=\"font-size:12px;\"><span style=\"font-family:verdana,geneva,sans-serif;\">El BCE comenz\u00f3 a comprar deuda soberana de la zona del euro en el mercado secundario en mayo de 2010 para ayudar a Grecia, pero desde entonces ha ampliado sus compras, primero a Irlanda y Portugal, y despu\u00e9s a Espa\u00f1a e Italia desde el pasado agosto, tercera y cuarta econom\u00eda del \u00e1rea respectivamente. El banco europeo ha adquirido hasta ahora deuda soberana de la zona del euro por valor de<strong style=\"font-weight: bold; \">&nbsp;187.000 millones de euros.<\/strong><\/span><\/span><\/p>\n<p style=\"margin-top: 0px; margin-right: 0px; margin-bottom: 1.5em; margin-left: 0px; padding-top: 0px; padding-right: 0px; padding-bottom: 0px; padding-left: 0px; border-top-width: 0px; border-right-width: 0px; border-bottom-width: 0px; border-left-width: 0px; border-style: initial; border-color: initial; font-weight: inherit; font-style: inherit; font-size: 12px; font-family: inherit; vertical-align: baseline; text-align: justify; \"><span style=\"font-size:12px;\"><span style=\"font-family:verdana,geneva,sans-serif;\">De esta cuant\u00eda,&nbsp;<strong style=\"font-weight: bold; \">unos 115.000 millones han sido adquiridos desde agosto<\/strong>. Si se toma como base que las compras efectuadas son proporcionales al volumen de emisiones de deuda de Espa\u00f1a e Italia, ello arrojar\u00eda como resultado&nbsp;<strong style=\"font-weight: bold; \">algo m\u00e1s de 80.000 millones de euros en bonos italianos y otros 30.000 millones en deuda espa\u00f1ola<\/strong>&nbsp;hasta la pasada semana. Todo indica que las compras se han intensificado a\u00fan m\u00e1s durante estos \u00faltimos d\u00edas.<\/span><\/span><\/p>\n<p style=\"margin-top: 0px; margin-right: 0px; margin-bottom: 1.5em; margin-left: 0px; padding-top: 0px; padding-right: 0px; padding-bottom: 0px; padding-left: 0px; border-top-width: 0px; border-right-width: 0px; border-bottom-width: 0px; border-left-width: 0px; border-style: initial; border-color: initial; font-weight: inherit; font-style: inherit; font-size: 12px; font-family: inherit; vertical-align: baseline; text-align: justify; \"><span style=\"font-size:12px;\"><span style=\"font-family:verdana,geneva,sans-serif;\">Sin embargo, otra forma de ver este l\u00edmite de 20.000 millones es que, de extenderse en el tiempo este programa,<strong style=\"font-weight: bold; \">&nbsp;permitir\u00eda a la entidad acaparar hasta un total de 1 bill\u00f3n de euros durante los siguientes 12 meses.<\/strong>&nbsp;A falta de una soluci\u00f3n s\u00f3lida y definitiva, lo \u00fanico cierto hasta el momento es que las declaraciones confusas e, incluso, contradictorias entre las autoridades internacionales sobre los posibles mecanismos para frenar la crisis de deuda siguen generando una&nbsp;<a href=\"http:\/\/www.libremercado.com\/2011-11-12\/la-incertidumbre-que-crean-los-politicos-lastra-la-recuperacion-1276441102\/\" style=\"margin-top: 0px; margin-right: 0px; margin-bottom: 0px; margin-left: 0px; padding-top: 0px; padding-right: 0px; padding-bottom: 0px; padding-left: 0px; border-top-width: 0px; border-right-width: 0px; border-bottom-width: 1px; border-left-width: 0px; border-style: initial; border-color: initial; font-weight: bold; font-style: inherit; font-size: 12px; font-family: inherit; vertical-align: baseline; color: rgb(51, 97, 131); text-decoration: none; border-bottom-style: dotted; border-bottom-color: rgb(51, 97, 131); \">enorme incertidumbre entre los inversores<\/a>, de forma que las bolsas suben y bajan con fuerza en medio de una fuerte de volatilidad a golpe de rumores e informaciones pol\u00edticas de diversa \u00edndole.<\/span><\/span><\/p>\n<p style=\"margin-top: 0px; margin-right: 0px; margin-bottom: 1.5em; margin-left: 0px; padding-top: 0px; padding-right: 0px; padding-bottom: 0px; padding-left: 0px; border-top-width: 0px; border-right-width: 0px; border-bottom-width: 0px; border-left-width: 0px; border-style: initial; border-color: initial; font-weight: inherit; font-style: inherit; font-size: 12px; font-family: inherit; vertical-align: baseline; text-align: justify; \"><span style=\"font-size:12px;\"><span style=\"font-family:verdana,geneva,sans-serif;\"><strong style=\"font-weight: bold; \"><em style=\"margin-top: 0px; margin-right: 0px; margin-bottom: 0px; margin-left: 0px; padding-top: 0px; padding-right: 0px; padding-bottom: 0px; padding-left: 0px; border-top-width: 0px; border-right-width: 0px; border-bottom-width: 0px; border-left-width: 0px; border-style: initial; border-color: initial; font-weight: inherit; font-style: italic; font-size: 12px; font-family: inherit; vertical-align: baseline; \">Manuel Llamas<\/em><\/strong><em style=\"margin-top: 0px; margin-right: 0px; margin-bottom: 0px; margin-left: 0px; padding-top: 0px; padding-right: 0px; padding-bottom: 0px; padding-left: 0px; border-top-width: 0px; border-right-width: 0px; border-bottom-width: 0px; border-left-width: 0px; border-style: initial; border-color: initial; font-weight: inherit; font-style: italic; font-size: 12px; font-family: inherit; vertical-align: baseline; \">&nbsp;es&nbsp;<\/em><em style=\"margin-top: 0px; margin-right: 0px; margin-bottom: 0px; margin-left: 0px; padding-top: 0px; padding-right: 0px; padding-bottom: 0px; padding-left: 0px; border-top-width: 0px; border-right-width: 0px; border-bottom-width: 0px; border-left-width: 0px; border-style: initial; border-color: initial; font-weight: inherit; font-style: italic; font-size: 12px; font-family: inherit; vertical-align: baseline; \">jefe de Econom\u00eda de Libertad Digital y&nbsp;<\/em><em style=\"margin-top: 0px; margin-right: 0px; margin-bottom: 0px; margin-left: 0px; padding-top: 0px; padding-right: 0px; padding-bottom: 0px; padding-left: 0px; border-top-width: 0px; border-right-width: 0px; border-bottom-width: 0px; border-left-width: 0px; border-style: initial; border-color: initial; font-weight: inherit; font-style: italic; font-size: 12px; font-family: inherit; vertical-align: baseline; \">miembro del&nbsp;<a href=\"http:\/\/www.juandemariana.org\/\" style=\"margin-top: 0px; margin-right: 0px; margin-bottom: 0px; margin-left: 0px; padding-top: 0px; padding-right: 0px; padding-bottom: 0px; padding-left: 0px; border-top-width: 0px; border-right-width: 0px; border-bottom-width: 1px; border-left-width: 0px; border-style: initial; border-color: initial; font-weight: bold; font-style: inherit; font-size: 12px; font-family: inherit; vertical-align: baseline; color: rgb(0, 51, 119); text-decoration: none; border-bottom-style: dotted; border-bottom-color: rgb(0, 51, 119); \" target=\"_blank\" rel=\"noopener\">Instituto Juan de Mariana<\/a>.<\/em><\/span><\/span><\/p>\n<div class=\"pvc_clear\"><\/div>\n<p class=\"pvc_stats all \" data-element-id=\"20013\" style=\"\"><i class=\"pvc-stats-icon medium\" aria-hidden=\"true\"><svg aria-hidden=\"true\" focusable=\"false\" data-prefix=\"far\" data-icon=\"chart-bar\" role=\"img\" xmlns=\"http:\/\/www.w3.org\/2000\/svg\" viewBox=\"0 0 512 512\" class=\"svg-inline--fa fa-chart-bar fa-w-16 fa-2x\"><path fill=\"currentColor\" d=\"M396.8 352h22.4c6.4 0 12.8-6.4 12.8-12.8V108.8c0-6.4-6.4-12.8-12.8-12.8h-22.4c-6.4 0-12.8 6.4-12.8 12.8v230.4c0 6.4 6.4 12.8 12.8 12.8zm-192 0h22.4c6.4 0 12.8-6.4 12.8-12.8V140.8c0-6.4-6.4-12.8-12.8-12.8h-22.4c-6.4 0-12.8 6.4-12.8 12.8v198.4c0 6.4 6.4 12.8 12.8 12.8zm96 0h22.4c6.4 0 12.8-6.4 12.8-12.8V204.8c0-6.4-6.4-12.8-12.8-12.8h-22.4c-6.4 0-12.8 6.4-12.8 12.8v134.4c0 6.4 6.4 12.8 12.8 12.8zM496 400H48V80c0-8.84-7.16-16-16-16H16C7.16 64 0 71.16 0 80v336c0 17.67 14.33 32 32 32h464c8.84 0 16-7.16 16-16v-16c0-8.84-7.16-16-16-16zm-387.2-48h22.4c6.4 0 12.8-6.4 12.8-12.8v-70.4c0-6.4-6.4-12.8-12.8-12.8h-22.4c-6.4 0-12.8 6.4-12.8 12.8v70.4c0 6.4 6.4 12.8 12.8 12.8z\" class=\"\"><\/path><\/svg><\/i> Vistas Totales&nbsp;591&nbsp;, Vistas Hoy&nbsp;2&nbsp;<\/p>\n<div class=\"pvc_clear\"><\/div>\n","protected":false},"excerpt":{"rendered":"<p>Autor: M. LlamasFuente: www.libremercado.comAyer salt\u00f3 la espita. Europa lleva varios d\u00edas debati\u00e9ndose entre dos escenarios opuestos: o monetizar deuda de forma masiva o romper el euro, con las consiguientes quiebras soberanas. Las presiones que est\u00e1 recibiendo Merkel para que abra de par en par las compuertas del Banco Central Europeo (BCE) a la deuda perif\u00e9rica han sido, y siguen siendo, muy intensas. Sin embargo, al menos oficialmente, los responsables pol\u00edticos y econ\u00f3micos de Berl\u00edn han rechazado una y otra vez esta posibilidad, que viola expl\u00edcitamente elart\u00edculo 123 del Tratado de la UE (se proh\u00edbe que el BCE financie de forma directa a los gobiernos).<\/p>\n<div class=\"pvc_clear\"><\/div>\n<p class=\"pvc_stats all \" data-element-id=\"20013\" style=\"\"><i class=\"pvc-stats-icon medium\" aria-hidden=\"true\"><svg aria-hidden=\"true\" focusable=\"false\" data-prefix=\"far\" data-icon=\"chart-bar\" role=\"img\" xmlns=\"http:\/\/www.w3.org\/2000\/svg\" viewBox=\"0 0 512 512\" class=\"svg-inline--fa fa-chart-bar fa-w-16 fa-2x\"><path fill=\"currentColor\" d=\"M396.8 352h22.4c6.4 0 12.8-6.4 12.8-12.8V108.8c0-6.4-6.4-12.8-12.8-12.8h-22.4c-6.4 0-12.8 6.4-12.8 12.8v230.4c0 6.4 6.4 12.8 12.8 12.8zm-192 0h22.4c6.4 0 12.8-6.4 12.8-12.8V140.8c0-6.4-6.4-12.8-12.8-12.8h-22.4c-6.4 0-12.8 6.4-12.8 12.8v198.4c0 6.4 6.4 12.8 12.8 12.8zm96 0h22.4c6.4 0 12.8-6.4 12.8-12.8V204.8c0-6.4-6.4-12.8-12.8-12.8h-22.4c-6.4 0-12.8 6.4-12.8 12.8v134.4c0 6.4 6.4 12.8 12.8 12.8zM496 400H48V80c0-8.84-7.16-16-16-16H16C7.16 64 0 71.16 0 80v336c0 17.67 14.33 32 32 32h464c8.84 0 16-7.16 16-16v-16c0-8.84-7.16-16-16-16zm-387.2-48h22.4c6.4 0 12.8-6.4 12.8-12.8v-70.4c0-6.4-6.4-12.8-12.8-12.8h-22.4c-6.4 0-12.8 6.4-12.8 12.8v70.4c0 6.4 6.4 12.8 12.8 12.8z\" class=\"\"><\/path><\/svg><\/i> Vistas Totales&nbsp;591&nbsp;, Vistas Hoy&nbsp;2&nbsp;<\/p>\n<div class=\"pvc_clear\"><\/div>\n","protected":false},"author":2,"featured_media":0,"comment_status":"closed","ping_status":"closed","sticky":false,"template":"","format":"standard","meta":{"footnotes":""},"categories":[21],"tags":[],"class_list":["post-20013","post","type-post","status-publish","format-standard","hentry","category-blog"],"yoast_head":"<!-- This site is optimized with the Yoast SEO plugin v25.2 - https:\/\/yoast.com\/wordpress\/plugins\/seo\/ -->\n<title>Berl\u00edn &quot;contempla&quot; que el BCE preste dinero al FMI para rescatar pa\u00edses | CREES<\/title>\n<meta name=\"robots\" content=\"index, follow, max-snippet:-1, max-image-preview:large, max-video-preview:-1\" \/>\n<link rel=\"canonical\" href=\"https:\/\/crees.org.do\/?p=20013\" \/>\n<meta property=\"og:locale\" content=\"es_ES\" \/>\n<meta property=\"og:type\" content=\"article\" \/>\n<meta property=\"og:title\" content=\"Berl\u00edn &quot;contempla&quot; que el BCE preste dinero al FMI para rescatar pa\u00edses | CREES\" \/>\n<meta property=\"og:description\" content=\"Autor: M. LlamasFuente: www.libremercado.comAyer salt\u00f3 la espita. Europa lleva varios d\u00edas debati\u00e9ndose entre dos escenarios opuestos: o monetizar deuda de forma masiva o romper el euro, con las consiguientes quiebras soberanas. Las presiones que est\u00e1 recibiendo Merkel para que abra de par en par las compuertas del Banco Central Europeo (BCE) a la deuda perif\u00e9rica han sido, y siguen siendo, muy intensas. Sin embargo, al menos oficialmente, los responsables pol\u00edticos y econ\u00f3micos de Berl\u00edn han rechazado una y otra vez esta posibilidad, que viola expl\u00edcitamente elart\u00edculo 123 del Tratado de la UE (se proh\u00edbe que el BCE financie de forma directa a los gobiernos).\" \/>\n<meta property=\"og:url\" content=\"https:\/\/crees.org.do\/?p=20013\" \/>\n<meta property=\"og:site_name\" content=\"CREES\" \/>\n<meta property=\"article:publisher\" content=\"https:\/\/www.facebook.com\/CREESRD\/\" \/>\n<meta property=\"article:published_time\" content=\"2011-11-21T00:00:00+00:00\" \/>\n<meta property=\"article:modified_time\" content=\"2021-08-11T22:41:27+00:00\" \/>\n<meta property=\"og:image\" content=\"https:\/\/crees.org.do\/wp-content\/uploads\/2022\/03\/crees-logo-1.jpg\" \/>\n\t<meta property=\"og:image:width\" content=\"244\" \/>\n\t<meta property=\"og:image:height\" content=\"71\" \/>\n\t<meta property=\"og:image:type\" content=\"image\/jpeg\" \/>\n<meta name=\"author\" content=\"Crees\" \/>\n<meta name=\"twitter:card\" content=\"summary_large_image\" \/>\n<meta name=\"twitter:creator\" content=\"@CREESRD\" \/>\n<meta name=\"twitter:site\" content=\"@CREESRD\" \/>\n<meta name=\"twitter:label1\" content=\"Escrito por\" \/>\n\t<meta name=\"twitter:data1\" content=\"Crees\" \/>\n\t<meta name=\"twitter:label2\" content=\"Tiempo de lectura\" \/>\n\t<meta name=\"twitter:data2\" content=\"8 minutos\" \/>\n<script type=\"application\/ld+json\" class=\"yoast-schema-graph\">{\"@context\":\"https:\/\/schema.org\",\"@graph\":[{\"@type\":\"Article\",\"@id\":\"https:\/\/crees.org.do\/?p=20013#article\",\"isPartOf\":{\"@id\":\"https:\/\/crees.org.do\/?p=20013\"},\"author\":{\"name\":\"Crees\",\"@id\":\"https:\/\/crees.org.do\/#\/schema\/person\/e7f97cd94d7bf9cd0e0ce30acb7d56b8\"},\"headline\":\"Berl\u00edn &#8220;contempla&#8221; que el BCE preste dinero al FMI para rescatar pa\u00edses\",\"datePublished\":\"2011-11-21T00:00:00+00:00\",\"dateModified\":\"2021-08-11T22:41:27+00:00\",\"mainEntityOfPage\":{\"@id\":\"https:\/\/crees.org.do\/?p=20013\"},\"wordCount\":1575,\"publisher\":{\"@id\":\"https:\/\/crees.org.do\/#organization\"},\"articleSection\":[\"Blog\"],\"inLanguage\":\"es\"},{\"@type\":\"WebPage\",\"@id\":\"https:\/\/crees.org.do\/?p=20013\",\"url\":\"https:\/\/crees.org.do\/?p=20013\",\"name\":\"Berl\u00edn \\\"contempla\\\" que el BCE preste dinero al FMI para rescatar pa\u00edses | CREES\",\"isPartOf\":{\"@id\":\"https:\/\/crees.org.do\/#website\"},\"datePublished\":\"2011-11-21T00:00:00+00:00\",\"dateModified\":\"2021-08-11T22:41:27+00:00\",\"breadcrumb\":{\"@id\":\"https:\/\/crees.org.do\/?p=20013#breadcrumb\"},\"inLanguage\":\"es\",\"potentialAction\":[{\"@type\":\"ReadAction\",\"target\":[\"https:\/\/crees.org.do\/?p=20013\"]}]},{\"@type\":\"BreadcrumbList\",\"@id\":\"https:\/\/crees.org.do\/?p=20013#breadcrumb\",\"itemListElement\":[{\"@type\":\"ListItem\",\"position\":1,\"name\":\"Portada\",\"item\":\"https:\/\/crees.org.do\/\"},{\"@type\":\"ListItem\",\"position\":2,\"name\":\"Berl\u00edn &#8220;contempla&#8221; que el BCE preste dinero al FMI para rescatar pa\u00edses\"}]},{\"@type\":\"WebSite\",\"@id\":\"https:\/\/crees.org.do\/#website\",\"url\":\"https:\/\/crees.org.do\/\",\"name\":\"CREES\",\"description\":\"Centro Regional de Estrategias Econ\u00f3micas Sostenibles\",\"publisher\":{\"@id\":\"https:\/\/crees.org.do\/#organization\"},\"potentialAction\":[{\"@type\":\"SearchAction\",\"target\":{\"@type\":\"EntryPoint\",\"urlTemplate\":\"https:\/\/crees.org.do\/?s={search_term_string}\"},\"query-input\":{\"@type\":\"PropertyValueSpecification\",\"valueRequired\":true,\"valueName\":\"search_term_string\"}}],\"inLanguage\":\"es\"},{\"@type\":\"Organization\",\"@id\":\"https:\/\/crees.org.do\/#organization\",\"name\":\"CREES | Centro Regional de Estrategias Econ\u00f3micas Sostenibles\",\"url\":\"https:\/\/crees.org.do\/\",\"logo\":{\"@type\":\"ImageObject\",\"inLanguage\":\"es\",\"@id\":\"https:\/\/crees.org.do\/#\/schema\/logo\/image\/\",\"url\":\"https:\/\/crees.org.do\/wp-content\/uploads\/2022\/03\/crees-logo-1.jpg\",\"contentUrl\":\"https:\/\/crees.org.do\/wp-content\/uploads\/2022\/03\/crees-logo-1.jpg\",\"width\":244,\"height\":71,\"caption\":\"CREES | Centro Regional de Estrategias Econ\u00f3micas Sostenibles\"},\"image\":{\"@id\":\"https:\/\/crees.org.do\/#\/schema\/logo\/image\/\"},\"sameAs\":[\"https:\/\/www.facebook.com\/CREESRD\/\",\"https:\/\/x.com\/CREESRD\"]},{\"@type\":\"Person\",\"@id\":\"https:\/\/crees.org.do\/#\/schema\/person\/e7f97cd94d7bf9cd0e0ce30acb7d56b8\",\"name\":\"Crees\",\"image\":{\"@type\":\"ImageObject\",\"inLanguage\":\"es\",\"@id\":\"https:\/\/crees.org.do\/#\/schema\/person\/image\/\",\"url\":\"https:\/\/secure.gravatar.com\/avatar\/390ac8f0be5d9aa046152553e2dd7011b59a512d89c150f5e5f28bb8d9a0b165?s=96&d=mm&r=g\",\"contentUrl\":\"https:\/\/secure.gravatar.com\/avatar\/390ac8f0be5d9aa046152553e2dd7011b59a512d89c150f5e5f28bb8d9a0b165?s=96&d=mm&r=g\",\"caption\":\"Crees\"},\"url\":\"https:\/\/crees.org.do\/?author=2\"}]}<\/script>\n<!-- \/ Yoast SEO plugin. -->","yoast_head_json":{"title":"Berl\u00edn \"contempla\" que el BCE preste dinero al FMI para rescatar pa\u00edses | CREES","robots":{"index":"index","follow":"follow","max-snippet":"max-snippet:-1","max-image-preview":"max-image-preview:large","max-video-preview":"max-video-preview:-1"},"canonical":"https:\/\/crees.org.do\/?p=20013","og_locale":"es_ES","og_type":"article","og_title":"Berl\u00edn \"contempla\" que el BCE preste dinero al FMI para rescatar pa\u00edses | CREES","og_description":"Autor: M. LlamasFuente: www.libremercado.comAyer salt\u00f3 la espita. Europa lleva varios d\u00edas debati\u00e9ndose entre dos escenarios opuestos: o monetizar deuda de forma masiva o romper el euro, con las consiguientes quiebras soberanas. Las presiones que est\u00e1 recibiendo Merkel para que abra de par en par las compuertas del Banco Central Europeo (BCE) a la deuda perif\u00e9rica han sido, y siguen siendo, muy intensas. Sin embargo, al menos oficialmente, los responsables pol\u00edticos y econ\u00f3micos de Berl\u00edn han rechazado una y otra vez esta posibilidad, que viola expl\u00edcitamente elart\u00edculo 123 del Tratado de la UE (se proh\u00edbe que el BCE financie de forma directa a los gobiernos).","og_url":"https:\/\/crees.org.do\/?p=20013","og_site_name":"CREES","article_publisher":"https:\/\/www.facebook.com\/CREESRD\/","article_published_time":"2011-11-21T00:00:00+00:00","article_modified_time":"2021-08-11T22:41:27+00:00","og_image":[{"width":244,"height":71,"url":"https:\/\/crees.org.do\/wp-content\/uploads\/2022\/03\/crees-logo-1.jpg","type":"image\/jpeg"}],"author":"Crees","twitter_card":"summary_large_image","twitter_creator":"@CREESRD","twitter_site":"@CREESRD","twitter_misc":{"Escrito por":"Crees","Tiempo de lectura":"8 minutos"},"schema":{"@context":"https:\/\/schema.org","@graph":[{"@type":"Article","@id":"https:\/\/crees.org.do\/?p=20013#article","isPartOf":{"@id":"https:\/\/crees.org.do\/?p=20013"},"author":{"name":"Crees","@id":"https:\/\/crees.org.do\/#\/schema\/person\/e7f97cd94d7bf9cd0e0ce30acb7d56b8"},"headline":"Berl\u00edn &#8220;contempla&#8221; que el BCE preste dinero al FMI para rescatar pa\u00edses","datePublished":"2011-11-21T00:00:00+00:00","dateModified":"2021-08-11T22:41:27+00:00","mainEntityOfPage":{"@id":"https:\/\/crees.org.do\/?p=20013"},"wordCount":1575,"publisher":{"@id":"https:\/\/crees.org.do\/#organization"},"articleSection":["Blog"],"inLanguage":"es"},{"@type":"WebPage","@id":"https:\/\/crees.org.do\/?p=20013","url":"https:\/\/crees.org.do\/?p=20013","name":"Berl\u00edn \"contempla\" que el BCE preste dinero al FMI para rescatar pa\u00edses | CREES","isPartOf":{"@id":"https:\/\/crees.org.do\/#website"},"datePublished":"2011-11-21T00:00:00+00:00","dateModified":"2021-08-11T22:41:27+00:00","breadcrumb":{"@id":"https:\/\/crees.org.do\/?p=20013#breadcrumb"},"inLanguage":"es","potentialAction":[{"@type":"ReadAction","target":["https:\/\/crees.org.do\/?p=20013"]}]},{"@type":"BreadcrumbList","@id":"https:\/\/crees.org.do\/?p=20013#breadcrumb","itemListElement":[{"@type":"ListItem","position":1,"name":"Portada","item":"https:\/\/crees.org.do\/"},{"@type":"ListItem","position":2,"name":"Berl\u00edn &#8220;contempla&#8221; que el BCE preste dinero al FMI para rescatar pa\u00edses"}]},{"@type":"WebSite","@id":"https:\/\/crees.org.do\/#website","url":"https:\/\/crees.org.do\/","name":"CREES","description":"Centro Regional de Estrategias Econ\u00f3micas Sostenibles","publisher":{"@id":"https:\/\/crees.org.do\/#organization"},"potentialAction":[{"@type":"SearchAction","target":{"@type":"EntryPoint","urlTemplate":"https:\/\/crees.org.do\/?s={search_term_string}"},"query-input":{"@type":"PropertyValueSpecification","valueRequired":true,"valueName":"search_term_string"}}],"inLanguage":"es"},{"@type":"Organization","@id":"https:\/\/crees.org.do\/#organization","name":"CREES | Centro Regional de Estrategias Econ\u00f3micas Sostenibles","url":"https:\/\/crees.org.do\/","logo":{"@type":"ImageObject","inLanguage":"es","@id":"https:\/\/crees.org.do\/#\/schema\/logo\/image\/","url":"https:\/\/crees.org.do\/wp-content\/uploads\/2022\/03\/crees-logo-1.jpg","contentUrl":"https:\/\/crees.org.do\/wp-content\/uploads\/2022\/03\/crees-logo-1.jpg","width":244,"height":71,"caption":"CREES | Centro Regional de Estrategias Econ\u00f3micas Sostenibles"},"image":{"@id":"https:\/\/crees.org.do\/#\/schema\/logo\/image\/"},"sameAs":["https:\/\/www.facebook.com\/CREESRD\/","https:\/\/x.com\/CREESRD"]},{"@type":"Person","@id":"https:\/\/crees.org.do\/#\/schema\/person\/e7f97cd94d7bf9cd0e0ce30acb7d56b8","name":"Crees","image":{"@type":"ImageObject","inLanguage":"es","@id":"https:\/\/crees.org.do\/#\/schema\/person\/image\/","url":"https:\/\/secure.gravatar.com\/avatar\/390ac8f0be5d9aa046152553e2dd7011b59a512d89c150f5e5f28bb8d9a0b165?s=96&d=mm&r=g","contentUrl":"https:\/\/secure.gravatar.com\/avatar\/390ac8f0be5d9aa046152553e2dd7011b59a512d89c150f5e5f28bb8d9a0b165?s=96&d=mm&r=g","caption":"Crees"},"url":"https:\/\/crees.org.do\/?author=2"}]}},"_links":{"self":[{"href":"https:\/\/crees.org.do\/index.php?rest_route=\/wp\/v2\/posts\/20013","targetHints":{"allow":["GET"]}}],"collection":[{"href":"https:\/\/crees.org.do\/index.php?rest_route=\/wp\/v2\/posts"}],"about":[{"href":"https:\/\/crees.org.do\/index.php?rest_route=\/wp\/v2\/types\/post"}],"author":[{"embeddable":true,"href":"https:\/\/crees.org.do\/index.php?rest_route=\/wp\/v2\/users\/2"}],"replies":[{"embeddable":true,"href":"https:\/\/crees.org.do\/index.php?rest_route=%2Fwp%2Fv2%2Fcomments&post=20013"}],"version-history":[{"count":1,"href":"https:\/\/crees.org.do\/index.php?rest_route=\/wp\/v2\/posts\/20013\/revisions"}],"predecessor-version":[{"id":20032,"href":"https:\/\/crees.org.do\/index.php?rest_route=\/wp\/v2\/posts\/20013\/revisions\/20032"}],"wp:attachment":[{"href":"https:\/\/crees.org.do\/index.php?rest_route=%2Fwp%2Fv2%2Fmedia&parent=20013"}],"wp:term":[{"taxonomy":"category","embeddable":true,"href":"https:\/\/crees.org.do\/index.php?rest_route=%2Fwp%2Fv2%2Fcategories&post=20013"},{"taxonomy":"post_tag","embeddable":true,"href":"https:\/\/crees.org.do\/index.php?rest_route=%2Fwp%2Fv2%2Ftags&post=20013"}],"curies":[{"name":"wp","href":"https:\/\/api.w.org\/{rel}","templated":true}]}}