{"id":20016,"date":"2011-11-21T00:00:00","date_gmt":"2011-11-21T00:00:00","guid":{"rendered":"https:\/\/crees.org.do\/?p=20016"},"modified":"2021-08-11T22:42:36","modified_gmt":"2021-08-11T22:42:36","slug":"al-final-no-fueron-los-especuladores","status":"publish","type":"post","link":"https:\/\/crees.org.do\/?p=20016","title":{"rendered":"Al final no fueron los especuladores"},"content":{"rendered":"<p><span style=\"color:#808080;\"><span style=\"font-size:11px;\"><span style=\"font-family:verdana,geneva,sans-serif;\">Autor:&nbsp;Jorge Val\u00edn<\/span><\/span><\/span><\/p>\n<p style=\"margin-top: 0px; margin-right: 0px; margin-bottom: 1.5em; margin-left: 0px; padding-top: 0px; padding-right: 0px; padding-bottom: 0px; padding-left: 0px; border-top-width: 0px; border-right-width: 0px; border-bottom-width: 0px; border-left-width: 0px; border-style: initial; border-color: initial; font-weight: inherit; font-style: inherit; font-size: 12px; font-family: inherit; vertical-align: baseline; text-align: justify; \"><span style=\"color:#808080;\"><span style=\"font-size:11px;\"><span style=\"font-family:verdana,geneva,sans-serif;\">Fuente: www.libremercado.com<\/span><\/span><\/span><\/p>\n<p style=\"margin-top: 0px; margin-right: 0px; margin-bottom: 1.5em; margin-left: 0px; padding-top: 0px; padding-right: 0px; padding-bottom: 0px; padding-left: 0px; border-top-width: 0px; border-right-width: 0px; border-bottom-width: 0px; border-left-width: 0px; border-style: initial; border-color: initial; font-weight: inherit; font-style: inherit; font-size: 12px; font-family: inherit; vertical-align: baseline; text-align: justify; \"><span style=\"font-size:12px;\"><span style=\"font-family:verdana,geneva,sans-serif;\">No hay duda, el &quot;conocimiento popular&quot;, la opini\u00f3n e ideas de la gente son patrimonio del pensamiento \u00fanico socialista. Cuando la CNMV, por orden de la Uni\u00f3n Europea, decidi\u00f3 prohibir las ventas a corto, salieron todos los medios de comunicaci\u00f3n celebrando la noticia y afirmando que as\u00ed se pondr\u00eda coto a los especuladores. El mercado ten\u00eda que recuperarse.<\/span><\/span><\/p>\n<p style=\"margin-top: 0px; margin-right: 0px; margin-bottom: 1.5em; margin-left: 0px; padding-top: 0px; padding-right: 0px; padding-bottom: 0px; padding-left: 0px; border-top-width: 0px; border-right-width: 0px; border-bottom-width: 0px; border-left-width: 0px; border-style: initial; border-color: initial; font-weight: inherit; font-style: inherit; font-size: 12px; font-family: inherit; vertical-align: baseline; text-align: justify; \"><span style=\"font-size:12px;\"><span style=\"font-family:verdana,geneva,sans-serif;\">Tras el monumental fracaso de tal prohibici\u00f3n, ninguno de esos medios ha vuelto a decir nada de esta violaci\u00f3n a la libertad de mercado, y por tanto, parece que toda la poblaci\u00f3n lo haya olvidado como por arte de magia. En realidad, la directiva del regulador no solo ha sido neutra para el mercado, sino que ha acentuado el aumento de la&nbsp;<a href=\"http:\/\/jorgevalin.wordpress.com\/2011\/09\/05\/la-prohibicion-de-cortos-podria-estar-hundiendo-el-mercado\/\" style=\"margin-top: 0px; margin-right: 0px; margin-bottom: 0px; margin-left: 0px; padding-top: 0px; padding-right: 0px; padding-bottom: 0px; padding-left: 0px; border-top-width: 0px; border-right-width: 0px; border-bottom-width: 1px; border-left-width: 0px; border-style: initial; border-color: initial; font-weight: bold; font-style: inherit; font-size: 12px; font-family: inherit; vertical-align: baseline; color: rgb(51, 97, 131); text-decoration: none; border-bottom-style: dotted; border-bottom-color: rgb(51, 97, 131); \">volatilidad y las bajadas<\/a>.<\/span><\/span><\/p>\n<p style=\"margin-top: 0px; margin-right: 0px; margin-bottom: 1.5em; margin-left: 0px; padding-top: 0px; padding-right: 0px; padding-bottom: 0px; padding-left: 0px; border-top-width: 0px; border-right-width: 0px; border-bottom-width: 0px; border-left-width: 0px; border-style: initial; border-color: initial; font-weight: inherit; font-style: inherit; font-size: 12px; font-family: inherit; vertical-align: baseline; text-align: justify; \"><span style=\"font-size:12px;\"><span style=\"font-family:verdana,geneva,sans-serif;\">Si hemos eliminado una de las principales herramientas que usan los especuladores &quot;para forrarse&quot; seg\u00fan los medios, &iquest;por qu\u00e9 se ha hundido la bolsa? Porque vivimos en un&nbsp;<a href=\"http:\/\/jorgevalin.wordpress.com\/2011\/08\/03\/sesion-de-hoy-en-el-mercado-el-sistema-es-insostenible\/\" style=\"margin-top: 0px; margin-right: 0px; margin-bottom: 0px; margin-left: 0px; padding-top: 0px; padding-right: 0px; padding-bottom: 0px; padding-left: 0px; border-top-width: 0px; border-right-width: 0px; border-bottom-width: 1px; border-left-width: 0px; border-style: initial; border-color: initial; font-weight: bold; font-style: inherit; font-size: 12px; font-family: inherit; vertical-align: baseline; color: rgb(51, 97, 131); text-decoration: none; border-bottom-style: dotted; border-bottom-color: rgb(51, 97, 131); \">sistema que es insostenible<\/a>. Se acab\u00f3 el imperio de la&nbsp;<a href=\"http:\/\/www.libremercado.com\/2011-08-11\/jorge-valin-el-fin-del-imperio-de-la-deuda-y-el-dinero-facil-60634\/\" style=\"margin-top: 0px; margin-right: 0px; margin-bottom: 0px; margin-left: 0px; padding-top: 0px; padding-right: 0px; padding-bottom: 0px; padding-left: 0px; border-top-width: 0px; border-right-width: 0px; border-bottom-width: 1px; border-left-width: 0px; border-style: initial; border-color: initial; font-weight: bold; font-style: inherit; font-size: 12px; font-family: inherit; vertical-align: baseline; color: rgb(51, 97, 131); text-decoration: none; border-bottom-style: dotted; border-bottom-color: rgb(51, 97, 131); \">deuda y dinero f\u00e1cil<\/a>. Los grandes bur\u00f3cratas a\u00fan no lo han entendido y por eso las consecuencias seguir\u00e1n siendo nefastas. Los principales indicadores&nbsp;<em style=\"margin-top: 0px; margin-right: 0px; margin-bottom: 0px; margin-left: 0px; padding-top: 0px; padding-right: 0px; padding-bottom: 0px; padding-left: 0px; border-top-width: 0px; border-right-width: 0px; border-bottom-width: 0px; border-left-width: 0px; border-style: initial; border-color: initial; font-weight: inherit; font-style: italic; font-size: 12px; font-family: inherit; vertical-align: baseline; \">macro<\/em>&nbsp;nos dicen que, a falta de est\u00edmulos, la econom\u00eda mundial podr\u00e1 entrar en recesi\u00f3n. La soluci\u00f3n keynesiana consiste en ahondar en el problema que nos ha llevado a este desastre: m\u00e1s Gobierno, m\u00e1s gasto y m\u00e1s transferencias forzosas del ciudadano al Estado. Todo ello con unos presupuestos p\u00fablicos desequilibrados e insostenibles que acabar\u00e1 pagando el Pueblo: cada espa\u00f1ol debe 14.000 euros al Gobierno central en concepto de deuda, y cada americano 48.000 d\u00f3lares a su Gobierno federal.<\/span><\/span><\/p>\n<p style=\"margin-top: 0px; margin-right: 0px; margin-bottom: 1.5em; margin-left: 0px; padding-top: 0px; padding-right: 0px; padding-bottom: 0px; padding-left: 0px; border-top-width: 0px; border-right-width: 0px; border-bottom-width: 0px; border-left-width: 0px; border-style: initial; border-color: initial; font-weight: inherit; font-style: inherit; font-size: 12px; font-family: inherit; vertical-align: baseline; text-align: justify; \"><span style=\"font-size:12px;\"><span style=\"font-family:verdana,geneva,sans-serif;\">No es una crisis en &quot;W&quot;,&nbsp;<a href=\"http:\/\/www.libremercado.com\/2011-06-16\/jorge-valin-doble-crisis-mundial-no-la-misma-60098\/\" style=\"margin-top: 0px; margin-right: 0px; margin-bottom: 0px; margin-left: 0px; padding-top: 0px; padding-right: 0px; padding-bottom: 0px; padding-left: 0px; border-top-width: 0px; border-right-width: 0px; border-bottom-width: 1px; border-left-width: 0px; border-style: initial; border-color: initial; font-weight: bold; font-style: inherit; font-size: 12px; font-family: inherit; vertical-align: baseline; color: rgb(51, 97, 131); text-decoration: none; border-bottom-style: dotted; border-bottom-color: rgb(51, 97, 131); \">siempre ha sido la misma crisis<\/a>. Durante el \u00faltimo a\u00f1o hemos tenido una falsa ilusi\u00f3n de reactivaci\u00f3n generada por la&nbsp;<a href=\"http:\/\/jorgevalin.wordpress.com\/2011\/08\/26\/cdd-biden-necesitamos-mas-estimulos-y-mas-gobierno-mas-nirvana\/\" style=\"margin-top: 0px; margin-right: 0px; margin-bottom: 0px; margin-left: 0px; padding-top: 0px; padding-right: 0px; padding-bottom: 0px; padding-left: 0px; border-top-width: 0px; border-right-width: 0px; border-bottom-width: 1px; border-left-width: 0px; border-style: initial; border-color: initial; font-weight: bold; font-style: inherit; font-size: 12px; font-family: inherit; vertical-align: baseline; color: rgb(51, 97, 131); text-decoration: none; border-bottom-style: dotted; border-bottom-color: rgb(51, 97, 131); \">inflaci\u00f3n crediticia<\/a>&nbsp;que han creado los bancos centrales y que se ha reflejado en los mercados internacionales con fuertes bajadas del d\u00f3lar y del euro en relaci\u00f3n a monedas m\u00e1s saneadas como el&nbsp;<a href=\"http:\/\/www.google.com\/finance?chdnp=0&amp;chdd=0&amp;chds=0&amp;chdv=1&amp;chvs=Linear&amp;chdeh=0&amp;chfdeh=0&amp;chdet=1315412468032&amp;chddm=1540908&amp;cmpto=CURRENCY:CHFUSD&amp;cmptdms=0&amp;q=CURRENCY:CHFEUR&amp;ntsp=0\" style=\"margin-top: 0px; margin-right: 0px; margin-bottom: 0px; margin-left: 0px; padding-top: 0px; padding-right: 0px; padding-bottom: 0px; padding-left: 0px; border-top-width: 0px; border-right-width: 0px; border-bottom-width: 1px; border-left-width: 0px; border-style: initial; border-color: initial; font-weight: bold; font-style: inherit; font-size: 12px; font-family: inherit; vertical-align: baseline; color: rgb(51, 97, 131); text-decoration: none; border-bottom-style: dotted; border-bottom-color: rgb(51, 97, 131); \">franco suizo<\/a>, el&nbsp;<a href=\"http:\/\/www.google.com\/finance?chdnp=0&amp;chdd=0&amp;chds=0&amp;chdv=1&amp;chvs=Linear&amp;chdeh=0&amp;chfdeh=0&amp;chdet=1315412568691&amp;chddm=1210488&amp;cmpto=CURRENCY:JPYUSD&amp;cmptdms=0&amp;q=CURRENCY:JPYEUR&amp;ntsp=0\" style=\"margin-top: 0px; margin-right: 0px; margin-bottom: 0px; margin-left: 0px; padding-top: 0px; padding-right: 0px; padding-bottom: 0px; padding-left: 0px; border-top-width: 0px; border-right-width: 0px; border-bottom-width: 1px; border-left-width: 0px; border-style: initial; border-color: initial; font-weight: bold; font-style: inherit; font-size: 12px; font-family: inherit; vertical-align: baseline; color: rgb(51, 97, 131); text-decoration: none; border-bottom-style: dotted; border-bottom-color: rgb(51, 97, 131); \">yen<\/a>&nbsp;o&nbsp;<em style=\"margin-top: 0px; margin-right: 0px; margin-bottom: 0px; margin-left: 0px; padding-top: 0px; padding-right: 0px; padding-bottom: 0px; padding-left: 0px; border-top-width: 0px; border-right-width: 0px; border-bottom-width: 0px; border-left-width: 0px; border-style: initial; border-color: initial; font-weight: inherit; font-style: italic; font-size: 12px; font-family: inherit; vertical-align: baseline; \">commodities<\/em>&nbsp;como el&nbsp;<a href=\"http:\/\/oi53.tinypic.com\/2mdrqip.jpg\" style=\"margin-top: 0px; margin-right: 0px; margin-bottom: 0px; margin-left: 0px; padding-top: 0px; padding-right: 0px; padding-bottom: 0px; padding-left: 0px; border-top-width: 0px; border-right-width: 0px; border-bottom-width: 1px; border-left-width: 0px; border-style: initial; border-color: initial; font-weight: bold; font-style: inherit; font-size: 12px; font-family: inherit; vertical-align: baseline; color: rgb(51, 97, 131); text-decoration: none; border-bottom-style: dotted; border-bottom-color: rgb(51, 97, 131); \">oro<\/a>. A prop\u00f3sito, m\u00e1s est\u00edmulos monetarios van a significar un aumento en los precios de las materias primas, lo que nos lleva a un aumento del precio de los alimentos, una disminuci\u00f3n del poder adquisitivo en occidente y m\u00e1s hambrunas en pa\u00edses subdesarrollados.<\/span><\/span><\/p>\n<p style=\"margin-top: 0px; margin-right: 0px; margin-bottom: 1.5em; margin-left: 0px; padding-top: 0px; padding-right: 0px; padding-bottom: 0px; padding-left: 0px; border-top-width: 0px; border-right-width: 0px; border-bottom-width: 0px; border-left-width: 0px; border-style: initial; border-color: initial; font-weight: inherit; font-style: inherit; font-size: 12px; font-family: inherit; vertical-align: baseline; text-align: justify; \"><span style=\"font-size:12px;\"><span style=\"font-family:verdana,geneva,sans-serif;\">El crecimiento que hemos tenido a nivel mundial (Espa\u00f1a no ha llegado ni a eso) ha sido una burbuja de creaci\u00f3n y muerte r\u00e1pida. Ahora vivimos, otra vez, las consecuencias de manipular los ciclos con dinero barato. &iquest;Y qu\u00e9 hacen los pol\u00edticos? Confundir a la gente y a la econom\u00eda con palabrer\u00eda vac\u00eda y apa\u00f1os cosm\u00e9ticos de tipo estad\u00edstico y legal. Seg\u00fan los Gobiernos la crisis termin\u00f3 en 2009. &iquest;A\u00fan se f\u00eda de los datos estatales?<\/span><\/span><\/p>\n<p style=\"margin-top: 0px; margin-right: 0px; margin-bottom: 1.5em; margin-left: 0px; padding-top: 0px; padding-right: 0px; padding-bottom: 0px; padding-left: 0px; border-top-width: 0px; border-right-width: 0px; border-bottom-width: 0px; border-left-width: 0px; border-style: initial; border-color: initial; font-weight: inherit; font-style: inherit; font-size: 12px; font-family: inherit; vertical-align: baseline; text-align: justify; \"><span style=\"font-size:12px;\"><span style=\"font-family:verdana,geneva,sans-serif;\">Nada de esto es culpa de los especuladores, esto es, de la gente corriente con planes de pensiones, fondos de inversi\u00f3n, deuda privada y p\u00fablica o acciones. El inversor, o el especulador, solo es un componente del mercado de la misma forma que una persona es un componente de la sociedad. Especulador, inversor y &quot;persona&quot; reaccionan a est\u00edmulos externos para maximizar su bienestar. Desde el momento en que los Gobiernos se responsabilizan de tales incentivos y bienestar, los mensajes a la sociedad y mercado son contradictorios y confusos. Los mercados, continuamente, est\u00e1n pendientes de cada reuni\u00f3n de la UE, Obama, Banco Central Europeo, la FED o el FMI. Y cada vez que estas reuniones se cierran con un enorme fracaso, el mercado se hunde. No culpemos al mensajero, sino a todos aquellos dictadores de la producci\u00f3n que no saben hacer su trabajo.<\/span><\/span><\/p>\n<div class=\"firma\" style=\"margin-top: 1em; margin-right: 0px; margin-bottom: 1em; margin-left: 0px; padding-top: 0px; padding-right: 0px; padding-bottom: 0px; padding-left: 0px; border-top-width: 0px; border-right-width: 0px; border-bottom-width: 0px; border-left-width: 0px; border-style: initial; border-color: initial; font-weight: inherit; font-style: inherit; font-size: 12px; font-family: inherit; vertical-align: baseline; \">\n<div style=\"margin-top: 0px; margin-right: 0px; margin-bottom: 0px; margin-left: 0px; padding-top: 0px; padding-right: 0px; padding-bottom: 0px; padding-left: 0px; border-top-width: 0px; border-right-width: 0px; border-bottom-width: 0px; border-left-width: 0px; border-style: initial; border-color: initial; font-weight: inherit; font-style: inherit; font-size: 12px; font-family: inherit; vertical-align: baseline; text-align: justify; \"><span style=\"font-size:12px;\"><span style=\"font-family:verdana,geneva,sans-serif;\"><strong style=\"font-weight: bold; \">Jorge Val\u00edn<\/strong>&nbsp;<em style=\"margin-top: 0px; margin-right: 0px; margin-bottom: 0px; margin-left: 0px; padding-top: 0px; padding-right: 0px; padding-bottom: 0px; padding-left: 0px; border-top-width: 0px; border-right-width: 0px; border-bottom-width: 0px; border-left-width: 0px; border-style: initial; border-color: initial; font-weight: inherit; font-style: italic; font-size: 12px; font-family: inherit; vertical-align: baseline; \">es miembro del&nbsp;<a href=\"http:\/\/www.juandemariana.org\/\" style=\"margin-top: 0px; margin-right: 0px; margin-bottom: 0px; margin-left: 0px; padding-top: 0px; padding-right: 0px; padding-bottom: 0px; padding-left: 0px; border-top-width: 0px; border-right-width: 0px; border-bottom-width: 1px; border-left-width: 0px; border-style: initial; border-color: initial; font-weight: bold; font-style: inherit; font-size: 12px; font-family: inherit; vertical-align: baseline; color: rgb(51, 97, 131); text-decoration: none; border-bottom-style: dotted; border-bottom-color: rgb(51, 97, 131); \" target=\"_blank\" rel=\"noopener\">Instituto Juan de Mariana<\/a><\/em><\/span><\/span><\/div>\n<\/div>\n<p>&nbsp;<\/p>\n<div class=\"pvc_clear\"><\/div>\n<p class=\"pvc_stats all \" data-element-id=\"20016\" style=\"\"><i class=\"pvc-stats-icon medium\" aria-hidden=\"true\"><svg aria-hidden=\"true\" focusable=\"false\" data-prefix=\"far\" data-icon=\"chart-bar\" role=\"img\" xmlns=\"http:\/\/www.w3.org\/2000\/svg\" viewBox=\"0 0 512 512\" class=\"svg-inline--fa fa-chart-bar fa-w-16 fa-2x\"><path fill=\"currentColor\" d=\"M396.8 352h22.4c6.4 0 12.8-6.4 12.8-12.8V108.8c0-6.4-6.4-12.8-12.8-12.8h-22.4c-6.4 0-12.8 6.4-12.8 12.8v230.4c0 6.4 6.4 12.8 12.8 12.8zm-192 0h22.4c6.4 0 12.8-6.4 12.8-12.8V140.8c0-6.4-6.4-12.8-12.8-12.8h-22.4c-6.4 0-12.8 6.4-12.8 12.8v198.4c0 6.4 6.4 12.8 12.8 12.8zm96 0h22.4c6.4 0 12.8-6.4 12.8-12.8V204.8c0-6.4-6.4-12.8-12.8-12.8h-22.4c-6.4 0-12.8 6.4-12.8 12.8v134.4c0 6.4 6.4 12.8 12.8 12.8zM496 400H48V80c0-8.84-7.16-16-16-16H16C7.16 64 0 71.16 0 80v336c0 17.67 14.33 32 32 32h464c8.84 0 16-7.16 16-16v-16c0-8.84-7.16-16-16-16zm-387.2-48h22.4c6.4 0 12.8-6.4 12.8-12.8v-70.4c0-6.4-6.4-12.8-12.8-12.8h-22.4c-6.4 0-12.8 6.4-12.8 12.8v70.4c0 6.4 6.4 12.8 12.8 12.8z\" class=\"\"><\/path><\/svg><\/i> Vistas Totales&nbsp;537&nbsp;<\/p>\n<div class=\"pvc_clear\"><\/div>\n","protected":false},"excerpt":{"rendered":"<p>Autor: Jorge Val\u00ednFuente: www.libremercado.comNo hay duda, el &#8220;conocimiento popular&#8221;, la opini\u00f3n e ideas de la gente son patrimonio del pensamiento \u00fanico socialista. Cuando la CNMV, por orden de la Uni\u00f3n Europea, decidi\u00f3 prohibir las ventas a corto, salieron todos los medios de comunicaci\u00f3n celebrando la noticia y afirmando que as\u00ed se pondr\u00eda coto a los especuladores. El mercado ten\u00eda que recuperarse.<\/p>\n<div class=\"pvc_clear\"><\/div>\n<p class=\"pvc_stats all \" data-element-id=\"20016\" style=\"\"><i class=\"pvc-stats-icon medium\" aria-hidden=\"true\"><svg aria-hidden=\"true\" focusable=\"false\" data-prefix=\"far\" data-icon=\"chart-bar\" role=\"img\" xmlns=\"http:\/\/www.w3.org\/2000\/svg\" viewBox=\"0 0 512 512\" class=\"svg-inline--fa fa-chart-bar fa-w-16 fa-2x\"><path fill=\"currentColor\" d=\"M396.8 352h22.4c6.4 0 12.8-6.4 12.8-12.8V108.8c0-6.4-6.4-12.8-12.8-12.8h-22.4c-6.4 0-12.8 6.4-12.8 12.8v230.4c0 6.4 6.4 12.8 12.8 12.8zm-192 0h22.4c6.4 0 12.8-6.4 12.8-12.8V140.8c0-6.4-6.4-12.8-12.8-12.8h-22.4c-6.4 0-12.8 6.4-12.8 12.8v198.4c0 6.4 6.4 12.8 12.8 12.8zm96 0h22.4c6.4 0 12.8-6.4 12.8-12.8V204.8c0-6.4-6.4-12.8-12.8-12.8h-22.4c-6.4 0-12.8 6.4-12.8 12.8v134.4c0 6.4 6.4 12.8 12.8 12.8zM496 400H48V80c0-8.84-7.16-16-16-16H16C7.16 64 0 71.16 0 80v336c0 17.67 14.33 32 32 32h464c8.84 0 16-7.16 16-16v-16c0-8.84-7.16-16-16-16zm-387.2-48h22.4c6.4 0 12.8-6.4 12.8-12.8v-70.4c0-6.4-6.4-12.8-12.8-12.8h-22.4c-6.4 0-12.8 6.4-12.8 12.8v70.4c0 6.4 6.4 12.8 12.8 12.8z\" class=\"\"><\/path><\/svg><\/i> Vistas Totales&nbsp;537&nbsp;<\/p>\n<div class=\"pvc_clear\"><\/div>\n","protected":false},"author":2,"featured_media":0,"comment_status":"closed","ping_status":"closed","sticky":false,"template":"","format":"standard","meta":{"footnotes":""},"categories":[21],"tags":[],"class_list":["post-20016","post","type-post","status-publish","format-standard","hentry","category-blog"],"yoast_head":"<!-- This site is optimized with the Yoast SEO plugin v25.2 - https:\/\/yoast.com\/wordpress\/plugins\/seo\/ -->\n<title>Al final no fueron los especuladores | CREES<\/title>\n<meta name=\"robots\" content=\"index, follow, max-snippet:-1, max-image-preview:large, max-video-preview:-1\" \/>\n<link rel=\"canonical\" href=\"https:\/\/crees.org.do\/?p=20016\" \/>\n<meta property=\"og:locale\" content=\"es_ES\" \/>\n<meta property=\"og:type\" content=\"article\" \/>\n<meta property=\"og:title\" content=\"Al final no fueron los especuladores | CREES\" \/>\n<meta property=\"og:description\" content=\"Autor: Jorge Val\u00ednFuente: www.libremercado.comNo hay duda, el &quot;conocimiento popular&quot;, la opini\u00f3n e ideas de la gente son patrimonio del pensamiento \u00fanico socialista. Cuando la CNMV, por orden de la Uni\u00f3n Europea, decidi\u00f3 prohibir las ventas a corto, salieron todos los medios de comunicaci\u00f3n celebrando la noticia y afirmando que as\u00ed se pondr\u00eda coto a los especuladores. El mercado ten\u00eda que recuperarse.\" \/>\n<meta property=\"og:url\" content=\"https:\/\/crees.org.do\/?p=20016\" \/>\n<meta property=\"og:site_name\" content=\"CREES\" \/>\n<meta property=\"article:publisher\" content=\"https:\/\/www.facebook.com\/CREESRD\/\" \/>\n<meta property=\"article:published_time\" content=\"2011-11-21T00:00:00+00:00\" \/>\n<meta property=\"article:modified_time\" content=\"2021-08-11T22:42:36+00:00\" \/>\n<meta property=\"og:image\" content=\"https:\/\/crees.org.do\/wp-content\/uploads\/2022\/03\/crees-logo-1.jpg\" \/>\n\t<meta property=\"og:image:width\" content=\"244\" \/>\n\t<meta property=\"og:image:height\" content=\"71\" \/>\n\t<meta property=\"og:image:type\" content=\"image\/jpeg\" \/>\n<meta name=\"author\" content=\"Crees\" \/>\n<meta name=\"twitter:card\" content=\"summary_large_image\" \/>\n<meta name=\"twitter:creator\" content=\"@CREESRD\" \/>\n<meta name=\"twitter:site\" content=\"@CREESRD\" \/>\n<meta name=\"twitter:label1\" content=\"Escrito por\" \/>\n\t<meta name=\"twitter:data1\" content=\"Crees\" \/>\n\t<meta name=\"twitter:label2\" content=\"Tiempo de lectura\" \/>\n\t<meta name=\"twitter:data2\" content=\"3 minutos\" \/>\n<script type=\"application\/ld+json\" class=\"yoast-schema-graph\">{\"@context\":\"https:\/\/schema.org\",\"@graph\":[{\"@type\":\"Article\",\"@id\":\"https:\/\/crees.org.do\/?p=20016#article\",\"isPartOf\":{\"@id\":\"https:\/\/crees.org.do\/?p=20016\"},\"author\":{\"name\":\"Crees\",\"@id\":\"https:\/\/crees.org.do\/#\/schema\/person\/e7f97cd94d7bf9cd0e0ce30acb7d56b8\"},\"headline\":\"Al final no fueron los especuladores\",\"datePublished\":\"2011-11-21T00:00:00+00:00\",\"dateModified\":\"2021-08-11T22:42:36+00:00\",\"mainEntityOfPage\":{\"@id\":\"https:\/\/crees.org.do\/?p=20016\"},\"wordCount\":696,\"publisher\":{\"@id\":\"https:\/\/crees.org.do\/#organization\"},\"articleSection\":[\"Blog\"],\"inLanguage\":\"es\"},{\"@type\":\"WebPage\",\"@id\":\"https:\/\/crees.org.do\/?p=20016\",\"url\":\"https:\/\/crees.org.do\/?p=20016\",\"name\":\"Al final no fueron los especuladores | CREES\",\"isPartOf\":{\"@id\":\"https:\/\/crees.org.do\/#website\"},\"datePublished\":\"2011-11-21T00:00:00+00:00\",\"dateModified\":\"2021-08-11T22:42:36+00:00\",\"breadcrumb\":{\"@id\":\"https:\/\/crees.org.do\/?p=20016#breadcrumb\"},\"inLanguage\":\"es\",\"potentialAction\":[{\"@type\":\"ReadAction\",\"target\":[\"https:\/\/crees.org.do\/?p=20016\"]}]},{\"@type\":\"BreadcrumbList\",\"@id\":\"https:\/\/crees.org.do\/?p=20016#breadcrumb\",\"itemListElement\":[{\"@type\":\"ListItem\",\"position\":1,\"name\":\"Portada\",\"item\":\"https:\/\/crees.org.do\/\"},{\"@type\":\"ListItem\",\"position\":2,\"name\":\"Al final no fueron los especuladores\"}]},{\"@type\":\"WebSite\",\"@id\":\"https:\/\/crees.org.do\/#website\",\"url\":\"https:\/\/crees.org.do\/\",\"name\":\"CREES\",\"description\":\"Centro Regional de Estrategias Econ\u00f3micas Sostenibles\",\"publisher\":{\"@id\":\"https:\/\/crees.org.do\/#organization\"},\"potentialAction\":[{\"@type\":\"SearchAction\",\"target\":{\"@type\":\"EntryPoint\",\"urlTemplate\":\"https:\/\/crees.org.do\/?s={search_term_string}\"},\"query-input\":{\"@type\":\"PropertyValueSpecification\",\"valueRequired\":true,\"valueName\":\"search_term_string\"}}],\"inLanguage\":\"es\"},{\"@type\":\"Organization\",\"@id\":\"https:\/\/crees.org.do\/#organization\",\"name\":\"CREES | Centro Regional de Estrategias Econ\u00f3micas Sostenibles\",\"url\":\"https:\/\/crees.org.do\/\",\"logo\":{\"@type\":\"ImageObject\",\"inLanguage\":\"es\",\"@id\":\"https:\/\/crees.org.do\/#\/schema\/logo\/image\/\",\"url\":\"https:\/\/crees.org.do\/wp-content\/uploads\/2022\/03\/crees-logo-1.jpg\",\"contentUrl\":\"https:\/\/crees.org.do\/wp-content\/uploads\/2022\/03\/crees-logo-1.jpg\",\"width\":244,\"height\":71,\"caption\":\"CREES | Centro Regional de Estrategias Econ\u00f3micas Sostenibles\"},\"image\":{\"@id\":\"https:\/\/crees.org.do\/#\/schema\/logo\/image\/\"},\"sameAs\":[\"https:\/\/www.facebook.com\/CREESRD\/\",\"https:\/\/x.com\/CREESRD\"]},{\"@type\":\"Person\",\"@id\":\"https:\/\/crees.org.do\/#\/schema\/person\/e7f97cd94d7bf9cd0e0ce30acb7d56b8\",\"name\":\"Crees\",\"image\":{\"@type\":\"ImageObject\",\"inLanguage\":\"es\",\"@id\":\"https:\/\/crees.org.do\/#\/schema\/person\/image\/\",\"url\":\"https:\/\/secure.gravatar.com\/avatar\/390ac8f0be5d9aa046152553e2dd7011b59a512d89c150f5e5f28bb8d9a0b165?s=96&d=mm&r=g\",\"contentUrl\":\"https:\/\/secure.gravatar.com\/avatar\/390ac8f0be5d9aa046152553e2dd7011b59a512d89c150f5e5f28bb8d9a0b165?s=96&d=mm&r=g\",\"caption\":\"Crees\"},\"url\":\"https:\/\/crees.org.do\/?author=2\"}]}<\/script>\n<!-- \/ Yoast SEO plugin. -->","yoast_head_json":{"title":"Al final no fueron los especuladores | CREES","robots":{"index":"index","follow":"follow","max-snippet":"max-snippet:-1","max-image-preview":"max-image-preview:large","max-video-preview":"max-video-preview:-1"},"canonical":"https:\/\/crees.org.do\/?p=20016","og_locale":"es_ES","og_type":"article","og_title":"Al final no fueron los especuladores | CREES","og_description":"Autor: Jorge Val\u00ednFuente: www.libremercado.comNo hay duda, el \"conocimiento popular\", la opini\u00f3n e ideas de la gente son patrimonio del pensamiento \u00fanico socialista. Cuando la CNMV, por orden de la Uni\u00f3n Europea, decidi\u00f3 prohibir las ventas a corto, salieron todos los medios de comunicaci\u00f3n celebrando la noticia y afirmando que as\u00ed se pondr\u00eda coto a los especuladores. El mercado ten\u00eda que recuperarse.","og_url":"https:\/\/crees.org.do\/?p=20016","og_site_name":"CREES","article_publisher":"https:\/\/www.facebook.com\/CREESRD\/","article_published_time":"2011-11-21T00:00:00+00:00","article_modified_time":"2021-08-11T22:42:36+00:00","og_image":[{"width":244,"height":71,"url":"https:\/\/crees.org.do\/wp-content\/uploads\/2022\/03\/crees-logo-1.jpg","type":"image\/jpeg"}],"author":"Crees","twitter_card":"summary_large_image","twitter_creator":"@CREESRD","twitter_site":"@CREESRD","twitter_misc":{"Escrito por":"Crees","Tiempo de lectura":"3 minutos"},"schema":{"@context":"https:\/\/schema.org","@graph":[{"@type":"Article","@id":"https:\/\/crees.org.do\/?p=20016#article","isPartOf":{"@id":"https:\/\/crees.org.do\/?p=20016"},"author":{"name":"Crees","@id":"https:\/\/crees.org.do\/#\/schema\/person\/e7f97cd94d7bf9cd0e0ce30acb7d56b8"},"headline":"Al final no fueron los especuladores","datePublished":"2011-11-21T00:00:00+00:00","dateModified":"2021-08-11T22:42:36+00:00","mainEntityOfPage":{"@id":"https:\/\/crees.org.do\/?p=20016"},"wordCount":696,"publisher":{"@id":"https:\/\/crees.org.do\/#organization"},"articleSection":["Blog"],"inLanguage":"es"},{"@type":"WebPage","@id":"https:\/\/crees.org.do\/?p=20016","url":"https:\/\/crees.org.do\/?p=20016","name":"Al final no fueron los especuladores | CREES","isPartOf":{"@id":"https:\/\/crees.org.do\/#website"},"datePublished":"2011-11-21T00:00:00+00:00","dateModified":"2021-08-11T22:42:36+00:00","breadcrumb":{"@id":"https:\/\/crees.org.do\/?p=20016#breadcrumb"},"inLanguage":"es","potentialAction":[{"@type":"ReadAction","target":["https:\/\/crees.org.do\/?p=20016"]}]},{"@type":"BreadcrumbList","@id":"https:\/\/crees.org.do\/?p=20016#breadcrumb","itemListElement":[{"@type":"ListItem","position":1,"name":"Portada","item":"https:\/\/crees.org.do\/"},{"@type":"ListItem","position":2,"name":"Al final no fueron los especuladores"}]},{"@type":"WebSite","@id":"https:\/\/crees.org.do\/#website","url":"https:\/\/crees.org.do\/","name":"CREES","description":"Centro Regional de Estrategias Econ\u00f3micas Sostenibles","publisher":{"@id":"https:\/\/crees.org.do\/#organization"},"potentialAction":[{"@type":"SearchAction","target":{"@type":"EntryPoint","urlTemplate":"https:\/\/crees.org.do\/?s={search_term_string}"},"query-input":{"@type":"PropertyValueSpecification","valueRequired":true,"valueName":"search_term_string"}}],"inLanguage":"es"},{"@type":"Organization","@id":"https:\/\/crees.org.do\/#organization","name":"CREES | Centro Regional de Estrategias Econ\u00f3micas Sostenibles","url":"https:\/\/crees.org.do\/","logo":{"@type":"ImageObject","inLanguage":"es","@id":"https:\/\/crees.org.do\/#\/schema\/logo\/image\/","url":"https:\/\/crees.org.do\/wp-content\/uploads\/2022\/03\/crees-logo-1.jpg","contentUrl":"https:\/\/crees.org.do\/wp-content\/uploads\/2022\/03\/crees-logo-1.jpg","width":244,"height":71,"caption":"CREES | Centro Regional de Estrategias Econ\u00f3micas Sostenibles"},"image":{"@id":"https:\/\/crees.org.do\/#\/schema\/logo\/image\/"},"sameAs":["https:\/\/www.facebook.com\/CREESRD\/","https:\/\/x.com\/CREESRD"]},{"@type":"Person","@id":"https:\/\/crees.org.do\/#\/schema\/person\/e7f97cd94d7bf9cd0e0ce30acb7d56b8","name":"Crees","image":{"@type":"ImageObject","inLanguage":"es","@id":"https:\/\/crees.org.do\/#\/schema\/person\/image\/","url":"https:\/\/secure.gravatar.com\/avatar\/390ac8f0be5d9aa046152553e2dd7011b59a512d89c150f5e5f28bb8d9a0b165?s=96&d=mm&r=g","contentUrl":"https:\/\/secure.gravatar.com\/avatar\/390ac8f0be5d9aa046152553e2dd7011b59a512d89c150f5e5f28bb8d9a0b165?s=96&d=mm&r=g","caption":"Crees"},"url":"https:\/\/crees.org.do\/?author=2"}]}},"_links":{"self":[{"href":"https:\/\/crees.org.do\/index.php?rest_route=\/wp\/v2\/posts\/20016","targetHints":{"allow":["GET"]}}],"collection":[{"href":"https:\/\/crees.org.do\/index.php?rest_route=\/wp\/v2\/posts"}],"about":[{"href":"https:\/\/crees.org.do\/index.php?rest_route=\/wp\/v2\/types\/post"}],"author":[{"embeddable":true,"href":"https:\/\/crees.org.do\/index.php?rest_route=\/wp\/v2\/users\/2"}],"replies":[{"embeddable":true,"href":"https:\/\/crees.org.do\/index.php?rest_route=%2Fwp%2Fv2%2Fcomments&post=20016"}],"version-history":[{"count":1,"href":"https:\/\/crees.org.do\/index.php?rest_route=\/wp\/v2\/posts\/20016\/revisions"}],"predecessor-version":[{"id":20034,"href":"https:\/\/crees.org.do\/index.php?rest_route=\/wp\/v2\/posts\/20016\/revisions\/20034"}],"wp:attachment":[{"href":"https:\/\/crees.org.do\/index.php?rest_route=%2Fwp%2Fv2%2Fmedia&parent=20016"}],"wp:term":[{"taxonomy":"category","embeddable":true,"href":"https:\/\/crees.org.do\/index.php?rest_route=%2Fwp%2Fv2%2Fcategories&post=20016"},{"taxonomy":"post_tag","embeddable":true,"href":"https:\/\/crees.org.do\/index.php?rest_route=%2Fwp%2Fv2%2Ftags&post=20016"}],"curies":[{"name":"wp","href":"https:\/\/api.w.org\/{rel}","templated":true}]}}