{"id":20020,"date":"2011-11-21T00:00:00","date_gmt":"2011-11-21T00:00:00","guid":{"rendered":"https:\/\/crees.org.do\/?p=20020"},"modified":"2021-08-11T22:44:19","modified_gmt":"2021-08-11T22:44:19","slug":"mexico-una-explicacion-del-pobre-crecimiento","status":"publish","type":"post","link":"https:\/\/crees.org.do\/?p=20020","title":{"rendered":"M\u00e9xico: Una explicaci\u00f3n del pobre crecimiento"},"content":{"rendered":"<p><span style=\"font-size:12px;\"><span style=\"color: rgb(105, 105, 105); \"><span style=\"font-family: verdana, geneva, sans-serif; \">Autor: Isaac L. S\u00e1nchez<\/span><\/span><\/span><\/p>\n<p><span style=\"font-size:12px;\"><span style=\"color: rgb(105, 105, 105); \"><span style=\"font-family: verdana, geneva, sans-serif; \">Fuente: www.elcato.org<\/span><\/span><\/span><\/p>\n<p style=\"margin-top: 1em; margin-right: 0px; margin-bottom: 1em; margin-left: 0px; text-align: justify; \">&nbsp;<\/p>\n<p style=\"margin-top: 1em; margin-right: 0px; margin-bottom: 1em; margin-left: 0px; text-align: justify; \"><span style=\"font-size:12px;\"><span style=\"font-family:verdana,geneva,sans-serif;\">Justo esta semana acabo de terminar la lectura de un libro altamente recomendable, manejado con gran precisi\u00f3n y rigor t\u00e9cnico:&nbsp;<em>Por eso estamos como estamos: La econom\u00eda pol\u00edtica de un crecimiento mediocre<\/em>, dicho texto fue escrito por Carlos Elizondo Mayer-Serra con la intenci\u00f3n de explicar las razones del pobre crecimiento econ\u00f3mico en&nbsp;<strong>M\u00e9xico<\/strong>. Sin duda, es una lectura obligada para todos aquellos que desean generar estrategias para superar el problema y poner al pa\u00eds nuevamente en la senda del desarrollo.<\/span><\/span><\/p>\n<p style=\"margin-top: 1em; margin-right: 0px; margin-bottom: 1em; margin-left: 0px; text-align: justify; \"><span style=\"font-size:12px;\"><span style=\"font-family:verdana,geneva,sans-serif;\">El autor considera que M\u00e9xico no ha logrado la tasa de&nbsp;<strong>crecimiento econ\u00f3mico<\/strong>&nbsp;que ser\u00eda deseable para un pa\u00eds con las caracter\u00edsticas del nuestro, debido a decisiones pol\u00edticas y acciones tomadas internamente. El autor rechaza en todo momento culpar de nuestra tragedia a nuestros vecinos o a las condiciones adversas que existen en el mundo. Para \u00e9l, lo que somos es fundamentalmente el resultado de lo que hemos hecho y dejado de hacer.<\/span><\/span><\/p>\n<p style=\"margin-top: 1em; margin-right: 0px; margin-bottom: 1em; margin-left: 0px; text-align: justify; \"><span style=\"font-size:12px;\"><span style=\"font-family:verdana,geneva,sans-serif;\">El autor considera que el problema central de la econom\u00eda mexicana reside en la capacidad de ciertos grupos para evitar la formulaci\u00f3n y puesta en pr\u00e1ctica de pol\u00edticas p\u00fablicas favorables al inter\u00e9s general que premien el m\u00e9rito y doten a los mexicanos de verdaderos derechos universales, y en la debilidad y poca intenci\u00f3n de nuestra sociedad para imponer esos cambios. Dedica dos cap\u00edtulos al an\u00e1lisis de los grupos de&nbsp;<strong>b\u00fasqueda de rentas<\/strong>, concentr\u00e1ndose en los empresarios, agricultores, bur\u00f3cratas y sindicatos.<\/span><\/span><\/p>\n<p style=\"margin-top: 1em; margin-right: 0px; margin-bottom: 1em; margin-left: 0px; text-align: justify; \"><span style=\"font-size:12px;\"><span style=\"font-family:verdana,geneva,sans-serif;\">Respecto a los empresarios, se\u00f1ala que siempre han tenido la capacidad de afectar las acciones del gobierno. Durante las d\u00e9cadas de 1940 a 1970 concentraron sus acciones en el Ejecutivo y obtuvieron buenos resultados de esa cercana relaci\u00f3n. A dicha \u00e9poca se le conoc\u00eda como la&nbsp;<strong>&ldquo;alianza por las ganancias<\/strong>&rdquo;. El principio rector del gobierno era apoyar a estas empresas para que hicieran dinero y generaran empleo a cambio de que no intervinieran en la pol\u00edtica. Mientras los empresarios aceptaran esta distribuci\u00f3n de tareas, sol\u00edan tener espacio para acumular ganancias.<\/span><\/span><\/p>\n<p style=\"margin-top: 1em; margin-right: 0px; margin-bottom: 1em; margin-left: 0px; text-align: justify; \"><span style=\"font-size:12px;\"><span style=\"font-family:verdana,geneva,sans-serif;\">Adicional a lo anterior, el autor se\u00f1ala que mediando entre los grupos de inter\u00e9s y la sociedad se encuentra un sistema pol\u00edtico que no genera los incentivos para propiciar cambios de utilidad general, as\u00ed como un Estado d\u00e9bil y permeado que no puede enfrentar a los intereses m\u00e1s poderosos que frenan al pa\u00eds, incluida su propia burocracia. Corregir lo mencionado implica hacer cambios en la estructura institucional del pa\u00eds, propone realizar reformas para abatir los siguientes problemas: 1) un gobierno due\u00f1o de empresas que pierden dinero en forma sistem\u00e1tica y que terminan consumiendo m\u00e1s recursos de los que generan; 2)&nbsp;<strong>monopolios p\u00fablicos y privados<\/strong>&nbsp;mal regulados, que extraen altas rentas del consumidor y dificultan la competitividad de empresas que consumen sus bienes y servicios; 3) trabajadores que no hacen nada o muy poco, pero que no pueden ser despedidos; 4) el constante cambio de las reglas del juego; y 5) expropiaciones arbitrarias que desestimulan la inversi\u00f3n.<\/span><\/span><\/p>\n<p style=\"margin-top: 1em; margin-right: 0px; margin-bottom: 1em; margin-left: 0px; text-align: justify; \"><span style=\"font-size:12px;\"><span style=\"font-family:verdana,geneva,sans-serif;\">El Dr. Elizondo Mayer-Serra demuestra que no debemos nuestra situaci\u00f3n actual a ninguna fatalidad divina, hist\u00f3rica ni cultural. Somos responsables de ella y, por tanto, tambi\u00e9n podemos hacer que cambie. Los mexicanos si tenemos remedio. La transformaci\u00f3n de M\u00e9xico es totalmente un asunto que est\u00e1 en nuestras manos. Su libro sugiere que debemos imaginar un mejor ma\u00f1ana y trabajar todos los d\u00edas para lograrlo, nos hace pensar en la necesidad de replantear el futuro. Es cierto que hoy el panorama es negro, pero no tiene porque ser as\u00ed permanentemente, nosotros podemos darle un giro a nuestra tr\u00e1gica historia, el cambio est\u00e1 plenamente en nuestras manos. De lo que se trata es de pensar y actuar con una visi\u00f3n emprendedora, hacer de la libertad y la competencia las banderas del cambio.<\/span><\/span><\/p>\n<p style=\"margin-top: 1em; margin-right: 0px; margin-bottom: 1em; margin-left: 0px; text-align: justify; \"><span style=\"font-size:12px;\"><span style=\"font-family:verdana,geneva,sans-serif;\">Indica que es necesario un liderazgo presidencial que asuma como propia y estrat\u00e9gica la difusi\u00f3n de informaci\u00f3n sobre los costos de mantener los privilegios, adem\u00e1s de acompa\u00f1arse de una bater\u00eda de reformas legales dise\u00f1adas para emparejar el terreno de juego, tanto en lo pol\u00edtico como en lo econ\u00f3mico. En el cap\u00edtulo final menciona que es necesario regular mejor las actividades que afectan el proceso de toma de decisiones en el Congreso; mejorar el sistema electoral, incluidos la reelecci\u00f3n, el costo de las campa\u00f1as, las candidaturas independientes y el acceso a los medios de comunicaci\u00f3n; mejorar el sistema de procuraci\u00f3n de justicia; reformar la legislaci\u00f3n laboral para hacerla m\u00e1s flexible; proteger al consumidor; promover la competencia; abrir el mercado energ\u00e9tico; elevar la calidad del sistema educativo; y lograr que en M\u00e9xico deje de recaudarse poco y mal.<\/span><\/span><\/p>\n<p style=\"margin-top: 1em; margin-right: 0px; margin-bottom: 1em; margin-left: 0px; text-align: justify; \"><span style=\"font-size:12px;\"><span style=\"font-family:verdana,geneva,sans-serif;\">En esencia de lo que se trata, seg\u00fan el autor, es de alinear los intereses de corto plazo de los distintos actores que tienen poder con una cierta visi\u00f3n de largo plazo y creer que somos capaces de crecer y ser m\u00e1s productivos que aquellas naciones que hoy son l\u00edderes en la materia. El autor nos recuerda, que en la segunda mitad del siglo pasado, durante el llamado desarrollo estabilizador, M\u00e9xico demostr\u00f3 al mundo que era capaz de organizarse para crear un milagro econ\u00f3mico. Sin embargo, este logro fue posible en un sistema pol\u00edtico no democr\u00e1tico que compensaba su falta de legitimidad mediante la distribuci\u00f3n de beneficios a los actores mejor organizados y con mayor peso pol\u00edtico.<\/span><\/span><\/p>\n<p style=\"margin-top: 1em; margin-right: 0px; margin-bottom: 1em; margin-left: 0px; text-align: justify; \"><span style=\"font-size:12px;\"><span style=\"font-family:verdana,geneva,sans-serif;\">Lo anterior gener\u00f3 una econom\u00eda llena de distorsiones y poco competitiva, volvi\u00f3 el milagro fiscalmente insostenible y cre\u00f3 una burocracia cuya l\u00f3gica central era repartir (y proteger sus propios privilegios), no brindar derechos para todos de la forma m\u00e1s eficaz. Dicho modelo quebr\u00f3 y se hicieron reformas para tener una econom\u00eda m\u00e1s cercana al mercado; el sistema pol\u00edtico cambi\u00f3 a uno donde el voto determina qui\u00e9n gobierna. Sin embargo, por la naturaleza negociada de la transici\u00f3n, la mayor\u00eda de esos grupos bien organizados durante los a\u00f1os del corporativismo todav\u00eda existen. Las viejas estructuras corporativas y diversos grupos con privilegios supieron adaptarse al nuevo entorno econ\u00f3mico y pol\u00edtico, en muchos casos sin haber sufrido modificaciones importantes y, en cambio, ganaron una mayor capacidad de maniobra , dada la dispersi\u00f3n del poder que trajo el proceso democratizador.<\/span><\/span><\/p>\n<p style=\"margin-top: 1em; margin-right: 0px; margin-bottom: 1em; margin-left: 0px; text-align: justify; \"><span style=\"font-size:12px;\"><span style=\"font-family:verdana,geneva,sans-serif;\">En el cap\u00edtulo final apunta que el reto es hacer las reformas pendientes, las cuales no implican simplemente privatizar y desregular, sino fortalecer al Estado frente a todo tipo de intereses que hasta ahora han sido capaces de frenar cambios deseables, como el sindicalismo improductivo en el sector p\u00fablico y la falta de regulaci\u00f3n en sectores donde dominan unas cuantas empresas. La situaci\u00f3n se ha mantenido porque tanto los sindicalistas como los grandes empresarios se benefician de este equilibrio sub\u00f3ptimo.<\/span><\/span><\/p>\n<p style=\"margin-top: 1em; margin-right: 0px; margin-bottom: 1em; margin-left: 0px; text-align: justify; \"><span style=\"font-size:12px;\"><span style=\"font-family:verdana,geneva,sans-serif;\">En su libro se demuestra que para crecer a tasas elevadas y sostenidas es necesario tener un pa\u00eds que promueva la&nbsp;<strong>inversi\u00f3n<\/strong>, la&nbsp;<strong>competencia<\/strong>&nbsp;y el m\u00e9rito como forma de incrementar los ingresos de cada individuo. Todav\u00eda m\u00e1s, el libro comprueba que durante los \u00faltimos treinta a\u00f1os las fuerzas pol\u00edticas no han logrado la coordinaci\u00f3n necesaria que haga posible el crecimiento.<\/span><\/span><\/p>\n<p style=\"margin-top: 1em; margin-right: 0px; margin-bottom: 1em; margin-left: 0px; text-align: justify; \"><span style=\"font-size:12px;\"><span style=\"font-family:verdana,geneva,sans-serif;\">Como se ha aclarado, el argumento central es que muchos de los actores dominantes en el pa\u00eds se conducen conforme a la l\u00f3gica corporativa del pasado, donde importaba m\u00e1s defender un privilegio que generar instituciones capaces de lograr un resultado eficiente. El viejo sistema nunca promovi\u00f3 los mecanismos que hicieran del esfuerzo, el m\u00e9rito y la competencia los motores centrales para la distribuci\u00f3n de beneficios.<\/span><\/span><\/p>\n<p style=\"margin-top: 1em; margin-right: 0px; margin-bottom: 1em; margin-left: 0px; text-align: justify; \"><span style=\"font-size:12px;\"><span style=\"font-family:verdana,geneva,sans-serif;\">Finalmente, espero que esta breve rese\u00f1a del libro&nbsp;<em>Por eso estamos como estamos: La econom\u00eda pol\u00edtica de un crecimiento mediocre<\/em>, le anime a comprarlo, leerlo y sobre todo a ayudar a construir un M\u00e9xico pac\u00edfico, democr\u00e1tico y competitivo.<\/span><\/span><\/p>\n<p style=\"margin-top: 1em; margin-right: 0px; margin-bottom: 1em; margin-left: 0px; text-align: justify; \"><span style=\"font-size:12px;\"><span style=\"font-family:verdana,geneva,sans-serif;\"><i><a href=\"http:\/\/www.elcato.org\/isaac-leobardo-sanchez-juarez\" style=\"color: rgb(51, 102, 153); text-decoration: none; \">Isaac Leobardo S\u00e1nchez Ju\u00e1rez<\/a>&nbsp;es profesor e investigador de econom\u00eda en la Universidad Aut\u00f3noma de Ciudad Ju\u00e1rez (M\u00e9xico) y fue el ganador del concurso &ldquo;Caminos de la Libertad&rdquo; 2009 organizado por TV Azteca.<\/i><\/span><\/span><\/p>\n<div class=\"pvc_clear\"><\/div>\n<p class=\"pvc_stats all \" data-element-id=\"20020\" style=\"\"><i class=\"pvc-stats-icon medium\" aria-hidden=\"true\"><svg aria-hidden=\"true\" focusable=\"false\" data-prefix=\"far\" data-icon=\"chart-bar\" role=\"img\" xmlns=\"http:\/\/www.w3.org\/2000\/svg\" viewBox=\"0 0 512 512\" class=\"svg-inline--fa fa-chart-bar fa-w-16 fa-2x\"><path fill=\"currentColor\" d=\"M396.8 352h22.4c6.4 0 12.8-6.4 12.8-12.8V108.8c0-6.4-6.4-12.8-12.8-12.8h-22.4c-6.4 0-12.8 6.4-12.8 12.8v230.4c0 6.4 6.4 12.8 12.8 12.8zm-192 0h22.4c6.4 0 12.8-6.4 12.8-12.8V140.8c0-6.4-6.4-12.8-12.8-12.8h-22.4c-6.4 0-12.8 6.4-12.8 12.8v198.4c0 6.4 6.4 12.8 12.8 12.8zm96 0h22.4c6.4 0 12.8-6.4 12.8-12.8V204.8c0-6.4-6.4-12.8-12.8-12.8h-22.4c-6.4 0-12.8 6.4-12.8 12.8v134.4c0 6.4 6.4 12.8 12.8 12.8zM496 400H48V80c0-8.84-7.16-16-16-16H16C7.16 64 0 71.16 0 80v336c0 17.67 14.33 32 32 32h464c8.84 0 16-7.16 16-16v-16c0-8.84-7.16-16-16-16zm-387.2-48h22.4c6.4 0 12.8-6.4 12.8-12.8v-70.4c0-6.4-6.4-12.8-12.8-12.8h-22.4c-6.4 0-12.8 6.4-12.8 12.8v70.4c0 6.4 6.4 12.8 12.8 12.8z\" class=\"\"><\/path><\/svg><\/i> Vistas Totales&nbsp;715&nbsp;<\/p>\n<div class=\"pvc_clear\"><\/div>\n","protected":false},"excerpt":{"rendered":"<p>Autor: Isaac L. S\u00e1nchezFuente: www.elcato.orgJusto esta semana acabo de terminar la lectura de un libro altamente recomendable, manejado con gran precisi\u00f3n y rigor t\u00e9cnico: Por eso estamos como estamos: La econom\u00eda pol\u00edtica de un crecimiento mediocre, dicho texto fue escrito por Carlos Elizondo Mayer-Serra con la intenci\u00f3n de explicar las razones del pobre crecimiento econ\u00f3mico en M\u00e9xico.<\/p>\n<div class=\"pvc_clear\"><\/div>\n<p class=\"pvc_stats all \" data-element-id=\"20020\" style=\"\"><i class=\"pvc-stats-icon medium\" aria-hidden=\"true\"><svg aria-hidden=\"true\" focusable=\"false\" data-prefix=\"far\" data-icon=\"chart-bar\" role=\"img\" xmlns=\"http:\/\/www.w3.org\/2000\/svg\" viewBox=\"0 0 512 512\" class=\"svg-inline--fa fa-chart-bar fa-w-16 fa-2x\"><path fill=\"currentColor\" d=\"M396.8 352h22.4c6.4 0 12.8-6.4 12.8-12.8V108.8c0-6.4-6.4-12.8-12.8-12.8h-22.4c-6.4 0-12.8 6.4-12.8 12.8v230.4c0 6.4 6.4 12.8 12.8 12.8zm-192 0h22.4c6.4 0 12.8-6.4 12.8-12.8V140.8c0-6.4-6.4-12.8-12.8-12.8h-22.4c-6.4 0-12.8 6.4-12.8 12.8v198.4c0 6.4 6.4 12.8 12.8 12.8zm96 0h22.4c6.4 0 12.8-6.4 12.8-12.8V204.8c0-6.4-6.4-12.8-12.8-12.8h-22.4c-6.4 0-12.8 6.4-12.8 12.8v134.4c0 6.4 6.4 12.8 12.8 12.8zM496 400H48V80c0-8.84-7.16-16-16-16H16C7.16 64 0 71.16 0 80v336c0 17.67 14.33 32 32 32h464c8.84 0 16-7.16 16-16v-16c0-8.84-7.16-16-16-16zm-387.2-48h22.4c6.4 0 12.8-6.4 12.8-12.8v-70.4c0-6.4-6.4-12.8-12.8-12.8h-22.4c-6.4 0-12.8 6.4-12.8 12.8v70.4c0 6.4 6.4 12.8 12.8 12.8z\" class=\"\"><\/path><\/svg><\/i> Vistas Totales&nbsp;715&nbsp;<\/p>\n<div class=\"pvc_clear\"><\/div>\n","protected":false},"author":2,"featured_media":0,"comment_status":"closed","ping_status":"closed","sticky":false,"template":"","format":"standard","meta":{"footnotes":""},"categories":[21],"tags":[],"class_list":["post-20020","post","type-post","status-publish","format-standard","hentry","category-blog"],"yoast_head":"<!-- This site is optimized with the Yoast SEO plugin v25.2 - https:\/\/yoast.com\/wordpress\/plugins\/seo\/ -->\n<title>M\u00e9xico: Una explicaci\u00f3n del pobre crecimiento | CREES<\/title>\n<meta name=\"robots\" content=\"index, follow, max-snippet:-1, max-image-preview:large, max-video-preview:-1\" \/>\n<link rel=\"canonical\" href=\"https:\/\/crees.org.do\/?p=20020\" \/>\n<meta property=\"og:locale\" content=\"es_ES\" \/>\n<meta property=\"og:type\" content=\"article\" \/>\n<meta property=\"og:title\" content=\"M\u00e9xico: Una explicaci\u00f3n del pobre crecimiento | CREES\" \/>\n<meta property=\"og:description\" content=\"Autor: Isaac L. S\u00e1nchezFuente: www.elcato.orgJusto esta semana acabo de terminar la lectura de un libro altamente recomendable, manejado con gran precisi\u00f3n y rigor t\u00e9cnico: Por eso estamos como estamos: La econom\u00eda pol\u00edtica de un crecimiento mediocre, dicho texto fue escrito por Carlos Elizondo Mayer-Serra con la intenci\u00f3n de explicar las razones del pobre crecimiento econ\u00f3mico en M\u00e9xico.\" \/>\n<meta property=\"og:url\" content=\"https:\/\/crees.org.do\/?p=20020\" \/>\n<meta property=\"og:site_name\" content=\"CREES\" \/>\n<meta property=\"article:publisher\" content=\"https:\/\/www.facebook.com\/CREESRD\/\" \/>\n<meta property=\"article:published_time\" content=\"2011-11-21T00:00:00+00:00\" \/>\n<meta property=\"article:modified_time\" content=\"2021-08-11T22:44:19+00:00\" \/>\n<meta property=\"og:image\" content=\"https:\/\/crees.org.do\/wp-content\/uploads\/2022\/03\/crees-logo-1.jpg\" \/>\n\t<meta property=\"og:image:width\" content=\"244\" \/>\n\t<meta property=\"og:image:height\" content=\"71\" \/>\n\t<meta property=\"og:image:type\" content=\"image\/jpeg\" \/>\n<meta name=\"author\" content=\"Crees\" \/>\n<meta name=\"twitter:card\" content=\"summary_large_image\" \/>\n<meta name=\"twitter:creator\" content=\"@CREESRD\" \/>\n<meta name=\"twitter:site\" content=\"@CREESRD\" \/>\n<meta name=\"twitter:label1\" content=\"Escrito por\" \/>\n\t<meta name=\"twitter:data1\" content=\"Crees\" \/>\n\t<meta name=\"twitter:label2\" content=\"Tiempo de lectura\" \/>\n\t<meta name=\"twitter:data2\" content=\"7 minutos\" \/>\n<script type=\"application\/ld+json\" class=\"yoast-schema-graph\">{\"@context\":\"https:\/\/schema.org\",\"@graph\":[{\"@type\":\"Article\",\"@id\":\"https:\/\/crees.org.do\/?p=20020#article\",\"isPartOf\":{\"@id\":\"https:\/\/crees.org.do\/?p=20020\"},\"author\":{\"name\":\"Crees\",\"@id\":\"https:\/\/crees.org.do\/#\/schema\/person\/e7f97cd94d7bf9cd0e0ce30acb7d56b8\"},\"headline\":\"M\u00e9xico: Una explicaci\u00f3n del pobre crecimiento\",\"datePublished\":\"2011-11-21T00:00:00+00:00\",\"dateModified\":\"2021-08-11T22:44:19+00:00\",\"mainEntityOfPage\":{\"@id\":\"https:\/\/crees.org.do\/?p=20020\"},\"wordCount\":1427,\"publisher\":{\"@id\":\"https:\/\/crees.org.do\/#organization\"},\"articleSection\":[\"Blog\"],\"inLanguage\":\"es\"},{\"@type\":\"WebPage\",\"@id\":\"https:\/\/crees.org.do\/?p=20020\",\"url\":\"https:\/\/crees.org.do\/?p=20020\",\"name\":\"M\u00e9xico: Una explicaci\u00f3n del pobre crecimiento | CREES\",\"isPartOf\":{\"@id\":\"https:\/\/crees.org.do\/#website\"},\"datePublished\":\"2011-11-21T00:00:00+00:00\",\"dateModified\":\"2021-08-11T22:44:19+00:00\",\"breadcrumb\":{\"@id\":\"https:\/\/crees.org.do\/?p=20020#breadcrumb\"},\"inLanguage\":\"es\",\"potentialAction\":[{\"@type\":\"ReadAction\",\"target\":[\"https:\/\/crees.org.do\/?p=20020\"]}]},{\"@type\":\"BreadcrumbList\",\"@id\":\"https:\/\/crees.org.do\/?p=20020#breadcrumb\",\"itemListElement\":[{\"@type\":\"ListItem\",\"position\":1,\"name\":\"Portada\",\"item\":\"https:\/\/crees.org.do\/\"},{\"@type\":\"ListItem\",\"position\":2,\"name\":\"M\u00e9xico: Una explicaci\u00f3n del pobre crecimiento\"}]},{\"@type\":\"WebSite\",\"@id\":\"https:\/\/crees.org.do\/#website\",\"url\":\"https:\/\/crees.org.do\/\",\"name\":\"CREES\",\"description\":\"Centro Regional de Estrategias Econ\u00f3micas Sostenibles\",\"publisher\":{\"@id\":\"https:\/\/crees.org.do\/#organization\"},\"potentialAction\":[{\"@type\":\"SearchAction\",\"target\":{\"@type\":\"EntryPoint\",\"urlTemplate\":\"https:\/\/crees.org.do\/?s={search_term_string}\"},\"query-input\":{\"@type\":\"PropertyValueSpecification\",\"valueRequired\":true,\"valueName\":\"search_term_string\"}}],\"inLanguage\":\"es\"},{\"@type\":\"Organization\",\"@id\":\"https:\/\/crees.org.do\/#organization\",\"name\":\"CREES | Centro Regional de Estrategias Econ\u00f3micas Sostenibles\",\"url\":\"https:\/\/crees.org.do\/\",\"logo\":{\"@type\":\"ImageObject\",\"inLanguage\":\"es\",\"@id\":\"https:\/\/crees.org.do\/#\/schema\/logo\/image\/\",\"url\":\"https:\/\/crees.org.do\/wp-content\/uploads\/2022\/03\/crees-logo-1.jpg\",\"contentUrl\":\"https:\/\/crees.org.do\/wp-content\/uploads\/2022\/03\/crees-logo-1.jpg\",\"width\":244,\"height\":71,\"caption\":\"CREES | Centro Regional de Estrategias Econ\u00f3micas Sostenibles\"},\"image\":{\"@id\":\"https:\/\/crees.org.do\/#\/schema\/logo\/image\/\"},\"sameAs\":[\"https:\/\/www.facebook.com\/CREESRD\/\",\"https:\/\/x.com\/CREESRD\"]},{\"@type\":\"Person\",\"@id\":\"https:\/\/crees.org.do\/#\/schema\/person\/e7f97cd94d7bf9cd0e0ce30acb7d56b8\",\"name\":\"Crees\",\"image\":{\"@type\":\"ImageObject\",\"inLanguage\":\"es\",\"@id\":\"https:\/\/crees.org.do\/#\/schema\/person\/image\/\",\"url\":\"https:\/\/secure.gravatar.com\/avatar\/390ac8f0be5d9aa046152553e2dd7011b59a512d89c150f5e5f28bb8d9a0b165?s=96&d=mm&r=g\",\"contentUrl\":\"https:\/\/secure.gravatar.com\/avatar\/390ac8f0be5d9aa046152553e2dd7011b59a512d89c150f5e5f28bb8d9a0b165?s=96&d=mm&r=g\",\"caption\":\"Crees\"},\"url\":\"https:\/\/crees.org.do\/?author=2\"}]}<\/script>\n<!-- \/ Yoast SEO plugin. -->","yoast_head_json":{"title":"M\u00e9xico: Una explicaci\u00f3n del pobre crecimiento | CREES","robots":{"index":"index","follow":"follow","max-snippet":"max-snippet:-1","max-image-preview":"max-image-preview:large","max-video-preview":"max-video-preview:-1"},"canonical":"https:\/\/crees.org.do\/?p=20020","og_locale":"es_ES","og_type":"article","og_title":"M\u00e9xico: Una explicaci\u00f3n del pobre crecimiento | CREES","og_description":"Autor: Isaac L. S\u00e1nchezFuente: www.elcato.orgJusto esta semana acabo de terminar la lectura de un libro altamente recomendable, manejado con gran precisi\u00f3n y rigor t\u00e9cnico: Por eso estamos como estamos: La econom\u00eda pol\u00edtica de un crecimiento mediocre, dicho texto fue escrito por Carlos Elizondo Mayer-Serra con la intenci\u00f3n de explicar las razones del pobre crecimiento econ\u00f3mico en M\u00e9xico.","og_url":"https:\/\/crees.org.do\/?p=20020","og_site_name":"CREES","article_publisher":"https:\/\/www.facebook.com\/CREESRD\/","article_published_time":"2011-11-21T00:00:00+00:00","article_modified_time":"2021-08-11T22:44:19+00:00","og_image":[{"width":244,"height":71,"url":"https:\/\/crees.org.do\/wp-content\/uploads\/2022\/03\/crees-logo-1.jpg","type":"image\/jpeg"}],"author":"Crees","twitter_card":"summary_large_image","twitter_creator":"@CREESRD","twitter_site":"@CREESRD","twitter_misc":{"Escrito por":"Crees","Tiempo de lectura":"7 minutos"},"schema":{"@context":"https:\/\/schema.org","@graph":[{"@type":"Article","@id":"https:\/\/crees.org.do\/?p=20020#article","isPartOf":{"@id":"https:\/\/crees.org.do\/?p=20020"},"author":{"name":"Crees","@id":"https:\/\/crees.org.do\/#\/schema\/person\/e7f97cd94d7bf9cd0e0ce30acb7d56b8"},"headline":"M\u00e9xico: Una explicaci\u00f3n del pobre crecimiento","datePublished":"2011-11-21T00:00:00+00:00","dateModified":"2021-08-11T22:44:19+00:00","mainEntityOfPage":{"@id":"https:\/\/crees.org.do\/?p=20020"},"wordCount":1427,"publisher":{"@id":"https:\/\/crees.org.do\/#organization"},"articleSection":["Blog"],"inLanguage":"es"},{"@type":"WebPage","@id":"https:\/\/crees.org.do\/?p=20020","url":"https:\/\/crees.org.do\/?p=20020","name":"M\u00e9xico: Una explicaci\u00f3n del pobre crecimiento | CREES","isPartOf":{"@id":"https:\/\/crees.org.do\/#website"},"datePublished":"2011-11-21T00:00:00+00:00","dateModified":"2021-08-11T22:44:19+00:00","breadcrumb":{"@id":"https:\/\/crees.org.do\/?p=20020#breadcrumb"},"inLanguage":"es","potentialAction":[{"@type":"ReadAction","target":["https:\/\/crees.org.do\/?p=20020"]}]},{"@type":"BreadcrumbList","@id":"https:\/\/crees.org.do\/?p=20020#breadcrumb","itemListElement":[{"@type":"ListItem","position":1,"name":"Portada","item":"https:\/\/crees.org.do\/"},{"@type":"ListItem","position":2,"name":"M\u00e9xico: Una explicaci\u00f3n del pobre crecimiento"}]},{"@type":"WebSite","@id":"https:\/\/crees.org.do\/#website","url":"https:\/\/crees.org.do\/","name":"CREES","description":"Centro Regional de Estrategias Econ\u00f3micas Sostenibles","publisher":{"@id":"https:\/\/crees.org.do\/#organization"},"potentialAction":[{"@type":"SearchAction","target":{"@type":"EntryPoint","urlTemplate":"https:\/\/crees.org.do\/?s={search_term_string}"},"query-input":{"@type":"PropertyValueSpecification","valueRequired":true,"valueName":"search_term_string"}}],"inLanguage":"es"},{"@type":"Organization","@id":"https:\/\/crees.org.do\/#organization","name":"CREES | Centro Regional de Estrategias Econ\u00f3micas Sostenibles","url":"https:\/\/crees.org.do\/","logo":{"@type":"ImageObject","inLanguage":"es","@id":"https:\/\/crees.org.do\/#\/schema\/logo\/image\/","url":"https:\/\/crees.org.do\/wp-content\/uploads\/2022\/03\/crees-logo-1.jpg","contentUrl":"https:\/\/crees.org.do\/wp-content\/uploads\/2022\/03\/crees-logo-1.jpg","width":244,"height":71,"caption":"CREES | Centro Regional de Estrategias Econ\u00f3micas Sostenibles"},"image":{"@id":"https:\/\/crees.org.do\/#\/schema\/logo\/image\/"},"sameAs":["https:\/\/www.facebook.com\/CREESRD\/","https:\/\/x.com\/CREESRD"]},{"@type":"Person","@id":"https:\/\/crees.org.do\/#\/schema\/person\/e7f97cd94d7bf9cd0e0ce30acb7d56b8","name":"Crees","image":{"@type":"ImageObject","inLanguage":"es","@id":"https:\/\/crees.org.do\/#\/schema\/person\/image\/","url":"https:\/\/secure.gravatar.com\/avatar\/390ac8f0be5d9aa046152553e2dd7011b59a512d89c150f5e5f28bb8d9a0b165?s=96&d=mm&r=g","contentUrl":"https:\/\/secure.gravatar.com\/avatar\/390ac8f0be5d9aa046152553e2dd7011b59a512d89c150f5e5f28bb8d9a0b165?s=96&d=mm&r=g","caption":"Crees"},"url":"https:\/\/crees.org.do\/?author=2"}]}},"_links":{"self":[{"href":"https:\/\/crees.org.do\/index.php?rest_route=\/wp\/v2\/posts\/20020","targetHints":{"allow":["GET"]}}],"collection":[{"href":"https:\/\/crees.org.do\/index.php?rest_route=\/wp\/v2\/posts"}],"about":[{"href":"https:\/\/crees.org.do\/index.php?rest_route=\/wp\/v2\/types\/post"}],"author":[{"embeddable":true,"href":"https:\/\/crees.org.do\/index.php?rest_route=\/wp\/v2\/users\/2"}],"replies":[{"embeddable":true,"href":"https:\/\/crees.org.do\/index.php?rest_route=%2Fwp%2Fv2%2Fcomments&post=20020"}],"version-history":[{"count":1,"href":"https:\/\/crees.org.do\/index.php?rest_route=\/wp\/v2\/posts\/20020\/revisions"}],"predecessor-version":[{"id":20038,"href":"https:\/\/crees.org.do\/index.php?rest_route=\/wp\/v2\/posts\/20020\/revisions\/20038"}],"wp:attachment":[{"href":"https:\/\/crees.org.do\/index.php?rest_route=%2Fwp%2Fv2%2Fmedia&parent=20020"}],"wp:term":[{"taxonomy":"category","embeddable":true,"href":"https:\/\/crees.org.do\/index.php?rest_route=%2Fwp%2Fv2%2Fcategories&post=20020"},{"taxonomy":"post_tag","embeddable":true,"href":"https:\/\/crees.org.do\/index.php?rest_route=%2Fwp%2Fv2%2Ftags&post=20020"}],"curies":[{"name":"wp","href":"https:\/\/api.w.org\/{rel}","templated":true}]}}