{"id":20021,"date":"2011-12-01T00:00:00","date_gmt":"2011-12-01T00:00:00","guid":{"rendered":"https:\/\/crees.org.do\/?p=20021"},"modified":"2021-08-11T22:44:54","modified_gmt":"2021-08-11T22:44:54","slug":"la-dictadura-del-corto-plazo","status":"publish","type":"post","link":"https:\/\/crees.org.do\/?p=20021","title":{"rendered":"La dictadura del corto plazo"},"content":{"rendered":"<p style=\"text-align: justify; \"><span style=\"color:#696969;\"><span style=\"font-size: 12px; \"><span style=\"font-family: verdana, geneva, sans-serif; \">Autor: Ignacio Moncada<\/span><\/span><\/span><\/p>\n<p style=\"text-align: justify; \"><span style=\"color:#696969;\"><span style=\"font-size: 12px; \"><span style=\"font-family: verdana, geneva, sans-serif; \">Fuente: www.libremercado.com<\/span><\/span><\/span><\/p>\n<p style=\"margin-top: 0px; margin-right: 0px; margin-bottom: 1.5em; margin-left: 0px; padding-top: 0px; padding-right: 0px; padding-bottom: 0px; padding-left: 0px; border-top-width: 0px; border-right-width: 0px; border-bottom-width: 0px; border-left-width: 0px; border-style: initial; border-color: initial; font-weight: inherit; font-style: inherit; font-size: 12px; font-family: inherit; vertical-align: baseline; text-align: justify; \"><span style=\"font-size:12px;\"><span style=\"font-family:verdana,geneva,sans-serif;\">La mayor parte de los cambios suelen tener un cierto periodo de ajuste. Incluso a nivel personal, muchas de las acciones que emprendemos a diario no nos dan un placer inmediato, sino que las llevamos a cabo para lograr una mejora a largo plazo. Los casos m\u00e1s t\u00edpicos de este tipo de comportamiento, el estudio y el trabajo, son las actividades que m\u00e1s tiempo ocupan a la mayor parte de la poblaci\u00f3n. Sabemos que, aunque nos supongan un considerable esfuerzo, las debemos acometer para aumentar nuestra riqueza material y personal en el futuro. Cuando renunciamos a llevar a cabo esas actividades por el simple hecho de evitar hacer el esfuerzo, a\u00fan a costa de empobrecernos en el largo plazo, caemos en el vicio que denominamos pereza. Cuando esto mismo no es decisi\u00f3n del individuo, sino de las autoridades pol\u00edticas, el vicio pasa a llamarse keynesianismo.<\/span><\/span><\/p>\n<p style=\"margin-top: 0px; margin-right: 0px; margin-bottom: 1.5em; margin-left: 0px; padding-top: 0px; padding-right: 0px; padding-bottom: 0px; padding-left: 0px; border-top-width: 0px; border-right-width: 0px; border-bottom-width: 0px; border-left-width: 0px; border-style: initial; border-color: initial; font-weight: inherit; font-style: inherit; font-size: 12px; font-family: inherit; vertical-align: baseline; text-align: justify; \"><span style=\"font-size:12px;\"><span style=\"font-family:verdana,geneva,sans-serif;\">Henry Hazlitt, en su genial libro&nbsp;<em style=\"margin-top: 0px; margin-right: 0px; margin-bottom: 0px; margin-left: 0px; padding-top: 0px; padding-right: 0px; padding-bottom: 0px; padding-left: 0px; border-top-width: 0px; border-right-width: 0px; border-bottom-width: 0px; border-left-width: 0px; border-style: initial; border-color: initial; font-weight: inherit; font-style: italic; font-size: 12px; font-family: inherit; vertical-align: baseline; \">Econom\u00eda en una lecci\u00f3n<\/em>, afirm\u00f3 que &quot;el mal economista s\u00f3lo ve lo que se advierte de un modo inmediato, mientras que el buen economista percibe tambi\u00e9n m\u00e1s all\u00e1&quot;. En su magistral obra, de recomendada lectura, el economista americano va demostrando que la pol\u00edtica econ\u00f3mica est\u00e1 infestada de pol\u00edticas dirigidas a darnos una breve satisfacci\u00f3n hoy, dejando las graves consecuencias para ma\u00f1ana. El texto supone una enmienda a la totalidad a la filosof\u00eda econ\u00f3mica promulgada por Lord Keynes. No por casualidad, el influyente economista ingl\u00e9s afirm\u00f3 que &quot;el largo plazo no es una buena gu\u00eda para evaluar la pol\u00edtica econ\u00f3mica. A largo plazo todos estaremos muertos&quot;. Y se qued\u00f3 tan ancho.<\/span><\/span><\/p>\n<p style=\"margin-top: 0px; margin-right: 0px; margin-bottom: 1.5em; margin-left: 0px; padding-top: 0px; padding-right: 0px; padding-bottom: 0px; padding-left: 0px; border-top-width: 0px; border-right-width: 0px; border-bottom-width: 0px; border-left-width: 0px; border-style: initial; border-color: initial; font-weight: inherit; font-style: inherit; font-size: 12px; font-family: inherit; vertical-align: baseline; text-align: justify; \"><span style=\"font-size:12px;\"><span style=\"font-family:verdana,geneva,sans-serif;\">En los problem\u00e1ticos d\u00edas que vive Europa, y buena parte del mundo, seguimos orientando la pol\u00edtica econ\u00f3mica al corto plazo, descuidando las consecuencias que tendr\u00e1 ma\u00f1ana. Es lo que sucede, por ejemplo, con el&nbsp;<a href=\"http:\/\/www.libremercado.com\/2011-08-22\/ignacio-moncada-los-eurobonos-traeran-la-miseria-60722\/\" style=\"margin-top: 0px; margin-right: 0px; margin-bottom: 0px; margin-left: 0px; padding-top: 0px; padding-right: 0px; padding-bottom: 0px; padding-left: 0px; border-top-width: 0px; border-right-width: 0px; border-bottom-width: 1px; border-left-width: 0px; border-style: initial; border-color: initial; font-weight: bold; font-style: inherit; font-size: 12px; font-family: inherit; vertical-align: baseline; color: rgb(51, 97, 131); text-decoration: none; border-bottom-style: dotted; border-bottom-color: rgb(51, 97, 131); \">asunto de los eurobonos<\/a>, o con las compras de deuda p\u00fablica por parte del BCE. Otro claro ejemplo es que los pol\u00edticos, una vez que la burbuja ha reventado ante sus narices y se encuentran con un Estado enorme e insostenible, siguen sugiriendo que la salida no pasa por reducir su tama\u00f1o hasta que podamos, al menos, permit\u00edrnoslo. Argumentan que, aunque se puedan recortar algunos gastos &quot;superfluos&quot;, el grueso del desajuste contable (valiente eufemismo para evitar decir despilfarro) queda cubierto por subidas de impuestos. Las inevitables consecuencias llegar\u00e1n a medio plazo. Con m\u00e1s impuestos la gente tendr\u00e1 menos dinero. Consumir\u00e1 e invertir\u00e1 menos. Y la depresi\u00f3n econ\u00f3mica durar\u00e1 m\u00e1s tiempo. Pero, de momento, nuestros pol\u00edticos se pueden seguir dando el gustazo de ahorrarse el esfuerzo.<\/span><\/span><\/p>\n<p style=\"margin-top: 0px; margin-right: 0px; margin-bottom: 1.5em; margin-left: 0px; padding-top: 0px; padding-right: 0px; padding-bottom: 0px; padding-left: 0px; border-top-width: 0px; border-right-width: 0px; border-bottom-width: 0px; border-left-width: 0px; border-style: initial; border-color: initial; font-weight: inherit; font-style: inherit; font-size: 12px; font-family: inherit; vertical-align: baseline; text-align: justify; \"><span style=\"font-size:12px;\"><span style=\"font-family:verdana,geneva,sans-serif;\">Lo preocupante es que nuestros derrochadores gobernantes y sus mentores keynesianos no se hayan dado cuenta de que el largo plazo no es un concepto remoto. Permanentemente vivimos en lo que ayer era el largo plazo. Es decir, que siempre estamos viviendo las consecuencias de los actos pasados. El problema por el que este vicio se ha institucionalizado, formando una suerte de dictadura del corto plazo, es que el objetivo de nuestros gobernantes es ganar las siguientes elecciones. Si al d\u00eda siguiente todos estamos muertos, como dec\u00eda Keynes, no es algo que les preocupe en exceso. Por eso nos sigue pasando como a Oscar Wilde tras su vida de despilfarro: que&nbsp;<a href=\"http:\/\/www.libremercado.com\/2011-09-26\/ignacio-moncada-nos-morimos-por-encima-de-nuestras-posibilidades-61190\/\" style=\"margin-top: 0px; margin-right: 0px; margin-bottom: 0px; margin-left: 0px; padding-top: 0px; padding-right: 0px; padding-bottom: 0px; padding-left: 0px; border-top-width: 0px; border-right-width: 0px; border-bottom-width: 1px; border-left-width: 0px; border-style: initial; border-color: initial; font-weight: bold; font-style: inherit; font-size: 12px; font-family: inherit; vertical-align: baseline; color: rgb(51, 97, 131); text-decoration: none; border-bottom-style: dotted; border-bottom-color: rgb(51, 97, 131); \">nos morimos por encima de nuestras posibilidades<\/a>.<\/span><\/span><\/p>\n<div class=\"firma\" style=\"margin-top: 0px; margin-right: 0px; margin-bottom: 0px; margin-left: 0px; padding-top: 0px; padding-right: 0px; padding-bottom: 0px; padding-left: 0px; border-top-width: 0px; border-right-width: 0px; border-bottom-width: 0px; border-left-width: 0px; border-style: initial; border-color: initial; font-weight: inherit; font-style: inherit; font-size: 12px; font-family: inherit; vertical-align: baseline; \">\n<p style=\"margin-top: 0px; margin-right: 0px; margin-bottom: 1.5em; margin-left: 0px; padding-top: 0px; padding-right: 0px; padding-bottom: 0px; padding-left: 0px; border-top-width: 0px; border-right-width: 0px; border-bottom-width: 0px; border-left-width: 0px; border-style: initial; border-color: initial; font-weight: inherit; font-style: inherit; font-size: 12px; font-family: inherit; vertical-align: baseline; text-align: justify; \"><span style=\"font-size:12px;\"><span style=\"font-family:verdana,geneva,sans-serif;\"><strong style=\"font-weight: bold; \">Ignacio Moncada<\/strong>&nbsp;es ingeniero industrial por ICAI y trabaja como analista financiero de inversiones en Nueva York.<\/span><\/span><\/p>\n<\/div>\n<p>&nbsp;<\/p>\n<div class=\"pvc_clear\"><\/div>\n<p class=\"pvc_stats all \" data-element-id=\"20021\" style=\"\"><i class=\"pvc-stats-icon medium\" aria-hidden=\"true\"><svg aria-hidden=\"true\" focusable=\"false\" data-prefix=\"far\" data-icon=\"chart-bar\" role=\"img\" xmlns=\"http:\/\/www.w3.org\/2000\/svg\" viewBox=\"0 0 512 512\" class=\"svg-inline--fa fa-chart-bar fa-w-16 fa-2x\"><path fill=\"currentColor\" d=\"M396.8 352h22.4c6.4 0 12.8-6.4 12.8-12.8V108.8c0-6.4-6.4-12.8-12.8-12.8h-22.4c-6.4 0-12.8 6.4-12.8 12.8v230.4c0 6.4 6.4 12.8 12.8 12.8zm-192 0h22.4c6.4 0 12.8-6.4 12.8-12.8V140.8c0-6.4-6.4-12.8-12.8-12.8h-22.4c-6.4 0-12.8 6.4-12.8 12.8v198.4c0 6.4 6.4 12.8 12.8 12.8zm96 0h22.4c6.4 0 12.8-6.4 12.8-12.8V204.8c0-6.4-6.4-12.8-12.8-12.8h-22.4c-6.4 0-12.8 6.4-12.8 12.8v134.4c0 6.4 6.4 12.8 12.8 12.8zM496 400H48V80c0-8.84-7.16-16-16-16H16C7.16 64 0 71.16 0 80v336c0 17.67 14.33 32 32 32h464c8.84 0 16-7.16 16-16v-16c0-8.84-7.16-16-16-16zm-387.2-48h22.4c6.4 0 12.8-6.4 12.8-12.8v-70.4c0-6.4-6.4-12.8-12.8-12.8h-22.4c-6.4 0-12.8 6.4-12.8 12.8v70.4c0 6.4 6.4 12.8 12.8 12.8z\" class=\"\"><\/path><\/svg><\/i> Vistas Totales&nbsp;657&nbsp;<\/p>\n<div class=\"pvc_clear\"><\/div>\n","protected":false},"excerpt":{"rendered":"<p>Autor: Ignacio MoncadaFuente: www.libremercado.comLa mayor parte de los cambios suelen tener un cierto periodo de ajuste. Incluso a nivel personal, muchas de las acciones que emprendemos a diario no nos dan un placer inmediato, sino que las llevamos a cabo para lograr una mejora a largo plazo. Los casos m\u00e1s t\u00edpicos de este tipo de comportamiento, el estudio y el trabajo, son las actividades que m\u00e1s tiempo ocupan a la mayor parte de la poblaci\u00f3n. Sabemos que, aunque nos supongan un considerable esfuerzo, las debemos acometer para aumentar nuestra riqueza material y personal en el futuro. Cuando renunciamos a llevar a cabo esas actividades por el simple hecho de evitar hacer el esfuerzo, a\u00fan a costa de empobrecernos en el largo plazo, caemos en el vicio que denominamos pereza. Cuando esto mismo no es decisi\u00f3n del individuo, sino de las autoridades pol\u00edticas, el vicio pasa a llamarse keynesianismo.<\/p>\n<div class=\"pvc_clear\"><\/div>\n<p class=\"pvc_stats all \" data-element-id=\"20021\" style=\"\"><i class=\"pvc-stats-icon medium\" aria-hidden=\"true\"><svg aria-hidden=\"true\" focusable=\"false\" data-prefix=\"far\" data-icon=\"chart-bar\" role=\"img\" xmlns=\"http:\/\/www.w3.org\/2000\/svg\" viewBox=\"0 0 512 512\" class=\"svg-inline--fa fa-chart-bar fa-w-16 fa-2x\"><path fill=\"currentColor\" d=\"M396.8 352h22.4c6.4 0 12.8-6.4 12.8-12.8V108.8c0-6.4-6.4-12.8-12.8-12.8h-22.4c-6.4 0-12.8 6.4-12.8 12.8v230.4c0 6.4 6.4 12.8 12.8 12.8zm-192 0h22.4c6.4 0 12.8-6.4 12.8-12.8V140.8c0-6.4-6.4-12.8-12.8-12.8h-22.4c-6.4 0-12.8 6.4-12.8 12.8v198.4c0 6.4 6.4 12.8 12.8 12.8zm96 0h22.4c6.4 0 12.8-6.4 12.8-12.8V204.8c0-6.4-6.4-12.8-12.8-12.8h-22.4c-6.4 0-12.8 6.4-12.8 12.8v134.4c0 6.4 6.4 12.8 12.8 12.8zM496 400H48V80c0-8.84-7.16-16-16-16H16C7.16 64 0 71.16 0 80v336c0 17.67 14.33 32 32 32h464c8.84 0 16-7.16 16-16v-16c0-8.84-7.16-16-16-16zm-387.2-48h22.4c6.4 0 12.8-6.4 12.8-12.8v-70.4c0-6.4-6.4-12.8-12.8-12.8h-22.4c-6.4 0-12.8 6.4-12.8 12.8v70.4c0 6.4 6.4 12.8 12.8 12.8z\" class=\"\"><\/path><\/svg><\/i> Vistas Totales&nbsp;657&nbsp;<\/p>\n<div class=\"pvc_clear\"><\/div>\n","protected":false},"author":2,"featured_media":0,"comment_status":"closed","ping_status":"closed","sticky":false,"template":"","format":"standard","meta":{"footnotes":""},"categories":[21],"tags":[],"class_list":["post-20021","post","type-post","status-publish","format-standard","hentry","category-blog"],"yoast_head":"<!-- This site is optimized with the Yoast SEO plugin v25.2 - https:\/\/yoast.com\/wordpress\/plugins\/seo\/ -->\n<title>La dictadura del corto plazo | CREES<\/title>\n<meta name=\"robots\" content=\"index, follow, max-snippet:-1, max-image-preview:large, max-video-preview:-1\" \/>\n<link rel=\"canonical\" href=\"https:\/\/crees.org.do\/?p=20021\" \/>\n<meta property=\"og:locale\" content=\"es_ES\" \/>\n<meta property=\"og:type\" content=\"article\" \/>\n<meta property=\"og:title\" content=\"La dictadura del corto plazo | CREES\" \/>\n<meta property=\"og:description\" content=\"Autor: Ignacio MoncadaFuente: www.libremercado.comLa mayor parte de los cambios suelen tener un cierto periodo de ajuste. Incluso a nivel personal, muchas de las acciones que emprendemos a diario no nos dan un placer inmediato, sino que las llevamos a cabo para lograr una mejora a largo plazo. Los casos m\u00e1s t\u00edpicos de este tipo de comportamiento, el estudio y el trabajo, son las actividades que m\u00e1s tiempo ocupan a la mayor parte de la poblaci\u00f3n. Sabemos que, aunque nos supongan un considerable esfuerzo, las debemos acometer para aumentar nuestra riqueza material y personal en el futuro. Cuando renunciamos a llevar a cabo esas actividades por el simple hecho de evitar hacer el esfuerzo, a\u00fan a costa de empobrecernos en el largo plazo, caemos en el vicio que denominamos pereza. Cuando esto mismo no es decisi\u00f3n del individuo, sino de las autoridades pol\u00edticas, el vicio pasa a llamarse keynesianismo.\" \/>\n<meta property=\"og:url\" content=\"https:\/\/crees.org.do\/?p=20021\" \/>\n<meta property=\"og:site_name\" content=\"CREES\" \/>\n<meta property=\"article:publisher\" content=\"https:\/\/www.facebook.com\/CREESRD\/\" \/>\n<meta property=\"article:published_time\" content=\"2011-12-01T00:00:00+00:00\" \/>\n<meta property=\"article:modified_time\" content=\"2021-08-11T22:44:54+00:00\" \/>\n<meta property=\"og:image\" content=\"https:\/\/crees.org.do\/wp-content\/uploads\/2022\/03\/crees-logo-1.jpg\" \/>\n\t<meta property=\"og:image:width\" content=\"244\" \/>\n\t<meta property=\"og:image:height\" content=\"71\" \/>\n\t<meta property=\"og:image:type\" content=\"image\/jpeg\" \/>\n<meta name=\"author\" content=\"Crees\" \/>\n<meta name=\"twitter:card\" content=\"summary_large_image\" \/>\n<meta name=\"twitter:creator\" content=\"@CREESRD\" \/>\n<meta name=\"twitter:site\" content=\"@CREESRD\" \/>\n<meta name=\"twitter:label1\" content=\"Escrito por\" \/>\n\t<meta name=\"twitter:data1\" content=\"Crees\" \/>\n\t<meta name=\"twitter:label2\" content=\"Tiempo de lectura\" \/>\n\t<meta name=\"twitter:data2\" content=\"3 minutos\" \/>\n<script type=\"application\/ld+json\" class=\"yoast-schema-graph\">{\"@context\":\"https:\/\/schema.org\",\"@graph\":[{\"@type\":\"Article\",\"@id\":\"https:\/\/crees.org.do\/?p=20021#article\",\"isPartOf\":{\"@id\":\"https:\/\/crees.org.do\/?p=20021\"},\"author\":{\"name\":\"Crees\",\"@id\":\"https:\/\/crees.org.do\/#\/schema\/person\/e7f97cd94d7bf9cd0e0ce30acb7d56b8\"},\"headline\":\"La dictadura del corto plazo\",\"datePublished\":\"2011-12-01T00:00:00+00:00\",\"dateModified\":\"2021-08-11T22:44:54+00:00\",\"mainEntityOfPage\":{\"@id\":\"https:\/\/crees.org.do\/?p=20021\"},\"wordCount\":618,\"publisher\":{\"@id\":\"https:\/\/crees.org.do\/#organization\"},\"articleSection\":[\"Blog\"],\"inLanguage\":\"es\"},{\"@type\":\"WebPage\",\"@id\":\"https:\/\/crees.org.do\/?p=20021\",\"url\":\"https:\/\/crees.org.do\/?p=20021\",\"name\":\"La dictadura del corto plazo | CREES\",\"isPartOf\":{\"@id\":\"https:\/\/crees.org.do\/#website\"},\"datePublished\":\"2011-12-01T00:00:00+00:00\",\"dateModified\":\"2021-08-11T22:44:54+00:00\",\"breadcrumb\":{\"@id\":\"https:\/\/crees.org.do\/?p=20021#breadcrumb\"},\"inLanguage\":\"es\",\"potentialAction\":[{\"@type\":\"ReadAction\",\"target\":[\"https:\/\/crees.org.do\/?p=20021\"]}]},{\"@type\":\"BreadcrumbList\",\"@id\":\"https:\/\/crees.org.do\/?p=20021#breadcrumb\",\"itemListElement\":[{\"@type\":\"ListItem\",\"position\":1,\"name\":\"Portada\",\"item\":\"https:\/\/crees.org.do\/\"},{\"@type\":\"ListItem\",\"position\":2,\"name\":\"La dictadura del corto plazo\"}]},{\"@type\":\"WebSite\",\"@id\":\"https:\/\/crees.org.do\/#website\",\"url\":\"https:\/\/crees.org.do\/\",\"name\":\"CREES\",\"description\":\"Centro Regional de Estrategias Econ\u00f3micas Sostenibles\",\"publisher\":{\"@id\":\"https:\/\/crees.org.do\/#organization\"},\"potentialAction\":[{\"@type\":\"SearchAction\",\"target\":{\"@type\":\"EntryPoint\",\"urlTemplate\":\"https:\/\/crees.org.do\/?s={search_term_string}\"},\"query-input\":{\"@type\":\"PropertyValueSpecification\",\"valueRequired\":true,\"valueName\":\"search_term_string\"}}],\"inLanguage\":\"es\"},{\"@type\":\"Organization\",\"@id\":\"https:\/\/crees.org.do\/#organization\",\"name\":\"CREES | Centro Regional de Estrategias Econ\u00f3micas Sostenibles\",\"url\":\"https:\/\/crees.org.do\/\",\"logo\":{\"@type\":\"ImageObject\",\"inLanguage\":\"es\",\"@id\":\"https:\/\/crees.org.do\/#\/schema\/logo\/image\/\",\"url\":\"https:\/\/crees.org.do\/wp-content\/uploads\/2022\/03\/crees-logo-1.jpg\",\"contentUrl\":\"https:\/\/crees.org.do\/wp-content\/uploads\/2022\/03\/crees-logo-1.jpg\",\"width\":244,\"height\":71,\"caption\":\"CREES | Centro Regional de Estrategias Econ\u00f3micas Sostenibles\"},\"image\":{\"@id\":\"https:\/\/crees.org.do\/#\/schema\/logo\/image\/\"},\"sameAs\":[\"https:\/\/www.facebook.com\/CREESRD\/\",\"https:\/\/x.com\/CREESRD\"]},{\"@type\":\"Person\",\"@id\":\"https:\/\/crees.org.do\/#\/schema\/person\/e7f97cd94d7bf9cd0e0ce30acb7d56b8\",\"name\":\"Crees\",\"image\":{\"@type\":\"ImageObject\",\"inLanguage\":\"es\",\"@id\":\"https:\/\/crees.org.do\/#\/schema\/person\/image\/\",\"url\":\"https:\/\/secure.gravatar.com\/avatar\/390ac8f0be5d9aa046152553e2dd7011b59a512d89c150f5e5f28bb8d9a0b165?s=96&d=mm&r=g\",\"contentUrl\":\"https:\/\/secure.gravatar.com\/avatar\/390ac8f0be5d9aa046152553e2dd7011b59a512d89c150f5e5f28bb8d9a0b165?s=96&d=mm&r=g\",\"caption\":\"Crees\"},\"url\":\"https:\/\/crees.org.do\/?author=2\"}]}<\/script>\n<!-- \/ Yoast SEO plugin. -->","yoast_head_json":{"title":"La dictadura del corto plazo | CREES","robots":{"index":"index","follow":"follow","max-snippet":"max-snippet:-1","max-image-preview":"max-image-preview:large","max-video-preview":"max-video-preview:-1"},"canonical":"https:\/\/crees.org.do\/?p=20021","og_locale":"es_ES","og_type":"article","og_title":"La dictadura del corto plazo | CREES","og_description":"Autor: Ignacio MoncadaFuente: www.libremercado.comLa mayor parte de los cambios suelen tener un cierto periodo de ajuste. Incluso a nivel personal, muchas de las acciones que emprendemos a diario no nos dan un placer inmediato, sino que las llevamos a cabo para lograr una mejora a largo plazo. Los casos m\u00e1s t\u00edpicos de este tipo de comportamiento, el estudio y el trabajo, son las actividades que m\u00e1s tiempo ocupan a la mayor parte de la poblaci\u00f3n. Sabemos que, aunque nos supongan un considerable esfuerzo, las debemos acometer para aumentar nuestra riqueza material y personal en el futuro. Cuando renunciamos a llevar a cabo esas actividades por el simple hecho de evitar hacer el esfuerzo, a\u00fan a costa de empobrecernos en el largo plazo, caemos en el vicio que denominamos pereza. Cuando esto mismo no es decisi\u00f3n del individuo, sino de las autoridades pol\u00edticas, el vicio pasa a llamarse keynesianismo.","og_url":"https:\/\/crees.org.do\/?p=20021","og_site_name":"CREES","article_publisher":"https:\/\/www.facebook.com\/CREESRD\/","article_published_time":"2011-12-01T00:00:00+00:00","article_modified_time":"2021-08-11T22:44:54+00:00","og_image":[{"width":244,"height":71,"url":"https:\/\/crees.org.do\/wp-content\/uploads\/2022\/03\/crees-logo-1.jpg","type":"image\/jpeg"}],"author":"Crees","twitter_card":"summary_large_image","twitter_creator":"@CREESRD","twitter_site":"@CREESRD","twitter_misc":{"Escrito por":"Crees","Tiempo de lectura":"3 minutos"},"schema":{"@context":"https:\/\/schema.org","@graph":[{"@type":"Article","@id":"https:\/\/crees.org.do\/?p=20021#article","isPartOf":{"@id":"https:\/\/crees.org.do\/?p=20021"},"author":{"name":"Crees","@id":"https:\/\/crees.org.do\/#\/schema\/person\/e7f97cd94d7bf9cd0e0ce30acb7d56b8"},"headline":"La dictadura del corto plazo","datePublished":"2011-12-01T00:00:00+00:00","dateModified":"2021-08-11T22:44:54+00:00","mainEntityOfPage":{"@id":"https:\/\/crees.org.do\/?p=20021"},"wordCount":618,"publisher":{"@id":"https:\/\/crees.org.do\/#organization"},"articleSection":["Blog"],"inLanguage":"es"},{"@type":"WebPage","@id":"https:\/\/crees.org.do\/?p=20021","url":"https:\/\/crees.org.do\/?p=20021","name":"La dictadura del corto plazo | CREES","isPartOf":{"@id":"https:\/\/crees.org.do\/#website"},"datePublished":"2011-12-01T00:00:00+00:00","dateModified":"2021-08-11T22:44:54+00:00","breadcrumb":{"@id":"https:\/\/crees.org.do\/?p=20021#breadcrumb"},"inLanguage":"es","potentialAction":[{"@type":"ReadAction","target":["https:\/\/crees.org.do\/?p=20021"]}]},{"@type":"BreadcrumbList","@id":"https:\/\/crees.org.do\/?p=20021#breadcrumb","itemListElement":[{"@type":"ListItem","position":1,"name":"Portada","item":"https:\/\/crees.org.do\/"},{"@type":"ListItem","position":2,"name":"La dictadura del corto plazo"}]},{"@type":"WebSite","@id":"https:\/\/crees.org.do\/#website","url":"https:\/\/crees.org.do\/","name":"CREES","description":"Centro Regional de Estrategias Econ\u00f3micas Sostenibles","publisher":{"@id":"https:\/\/crees.org.do\/#organization"},"potentialAction":[{"@type":"SearchAction","target":{"@type":"EntryPoint","urlTemplate":"https:\/\/crees.org.do\/?s={search_term_string}"},"query-input":{"@type":"PropertyValueSpecification","valueRequired":true,"valueName":"search_term_string"}}],"inLanguage":"es"},{"@type":"Organization","@id":"https:\/\/crees.org.do\/#organization","name":"CREES | Centro Regional de Estrategias Econ\u00f3micas Sostenibles","url":"https:\/\/crees.org.do\/","logo":{"@type":"ImageObject","inLanguage":"es","@id":"https:\/\/crees.org.do\/#\/schema\/logo\/image\/","url":"https:\/\/crees.org.do\/wp-content\/uploads\/2022\/03\/crees-logo-1.jpg","contentUrl":"https:\/\/crees.org.do\/wp-content\/uploads\/2022\/03\/crees-logo-1.jpg","width":244,"height":71,"caption":"CREES | Centro Regional de Estrategias Econ\u00f3micas Sostenibles"},"image":{"@id":"https:\/\/crees.org.do\/#\/schema\/logo\/image\/"},"sameAs":["https:\/\/www.facebook.com\/CREESRD\/","https:\/\/x.com\/CREESRD"]},{"@type":"Person","@id":"https:\/\/crees.org.do\/#\/schema\/person\/e7f97cd94d7bf9cd0e0ce30acb7d56b8","name":"Crees","image":{"@type":"ImageObject","inLanguage":"es","@id":"https:\/\/crees.org.do\/#\/schema\/person\/image\/","url":"https:\/\/secure.gravatar.com\/avatar\/390ac8f0be5d9aa046152553e2dd7011b59a512d89c150f5e5f28bb8d9a0b165?s=96&d=mm&r=g","contentUrl":"https:\/\/secure.gravatar.com\/avatar\/390ac8f0be5d9aa046152553e2dd7011b59a512d89c150f5e5f28bb8d9a0b165?s=96&d=mm&r=g","caption":"Crees"},"url":"https:\/\/crees.org.do\/?author=2"}]}},"_links":{"self":[{"href":"https:\/\/crees.org.do\/index.php?rest_route=\/wp\/v2\/posts\/20021","targetHints":{"allow":["GET"]}}],"collection":[{"href":"https:\/\/crees.org.do\/index.php?rest_route=\/wp\/v2\/posts"}],"about":[{"href":"https:\/\/crees.org.do\/index.php?rest_route=\/wp\/v2\/types\/post"}],"author":[{"embeddable":true,"href":"https:\/\/crees.org.do\/index.php?rest_route=\/wp\/v2\/users\/2"}],"replies":[{"embeddable":true,"href":"https:\/\/crees.org.do\/index.php?rest_route=%2Fwp%2Fv2%2Fcomments&post=20021"}],"version-history":[{"count":1,"href":"https:\/\/crees.org.do\/index.php?rest_route=\/wp\/v2\/posts\/20021\/revisions"}],"predecessor-version":[{"id":20039,"href":"https:\/\/crees.org.do\/index.php?rest_route=\/wp\/v2\/posts\/20021\/revisions\/20039"}],"wp:attachment":[{"href":"https:\/\/crees.org.do\/index.php?rest_route=%2Fwp%2Fv2%2Fmedia&parent=20021"}],"wp:term":[{"taxonomy":"category","embeddable":true,"href":"https:\/\/crees.org.do\/index.php?rest_route=%2Fwp%2Fv2%2Fcategories&post=20021"},{"taxonomy":"post_tag","embeddable":true,"href":"https:\/\/crees.org.do\/index.php?rest_route=%2Fwp%2Fv2%2Ftags&post=20021"}],"curies":[{"name":"wp","href":"https:\/\/api.w.org\/{rel}","templated":true}]}}