{"id":20022,"date":"2011-12-01T00:00:00","date_gmt":"2011-12-01T00:00:00","guid":{"rendered":"https:\/\/crees.org.do\/?p=20022"},"modified":"2021-08-11T22:45:29","modified_gmt":"2021-08-11T22:45:29","slug":"nace-otro-adefesio-en-caracas","status":"publish","type":"post","link":"https:\/\/crees.org.do\/?p=20022","title":{"rendered":"Nace otro adefesio en Caracas"},"content":{"rendered":"<p><span style=\"color:#696969;\"><span style=\"font-family: verdana, geneva, sans-serif; \"><span style=\"font-size: 12px; \">Autor: Alberto Benegas Lynch<\/span><\/span><\/span><\/p>\n<p style=\"margin-top: 1em; margin-right: 0px; margin-bottom: 1em; margin-left: 0px; text-align: justify; \"><span style=\"color:#696969;\"><span style=\"font-family: verdana, geneva, sans-serif; \"><span style=\"font-size: 12px; \">Fuente: www.elcato.org<\/span><\/span><\/span><\/p>\n<p style=\"margin-top: 1em; margin-right: 0px; margin-bottom: 1em; margin-left: 0px; text-align: justify; \">&nbsp;<\/p>\n<p style=\"margin-top: 1em; margin-right: 0px; margin-bottom: 1em; margin-left: 0px; text-align: justify; \"><span style=\"font-size:12px;\"><span style=\"font-family:verdana,geneva,sans-serif;\">Tengo un libro en mi biblioteca cuyo t\u00edtulo ilustra lo que quiero trasmitir en esta nota:&nbsp;<em>Organismos internacionales, expertos y otras plagas de este siglo&nbsp;<\/em>de \u00c1ngel Castro Cid, profesor de derecho en la Universidad de Chile en el que se lee que &ldquo;Hoy, en cambio, los economistas siembran el oscurantismo en todo el globo; el flagelo de los planificadores azota a la humanidad entera y los expertos muestran por todas partes su lenguaje esot\u00e9rico y sus mentes difusas. Ni siquiera los esquimales o los watusis se encuentran libres de los organismos internacionales, cuyas misiones pueden caerles en cualquier momento, con la velocidad del avi\u00f3n y la potencia destructiva de la bomba at\u00f3mica [&hellip;] Nos infunde respeto la oscuridad del lenguaje de quienes nos gu\u00edan, y no nos detenemos a meditar si ella obedece a profundidad conceptual o a poca claridad de las ideas&rdquo;.<\/span><\/span><\/p>\n<p style=\"margin-top: 1em; margin-right: 0px; margin-bottom: 1em; margin-left: 0px; text-align: justify; \"><span style=\"font-size:12px;\"><span style=\"font-family:verdana,geneva,sans-serif;\">Hace a\u00f1os se public\u00f3 en la revista&nbsp;<em>Newsweek&nbsp;<\/em>un art\u00edculo de Philip Brougthton que alud\u00eda al l\u00e9xico sibilino y pastoso de los&nbsp;<strong>bur\u00f3cratas internacionales<\/strong>&nbsp;para lo que ilustr\u00f3 su punto con un cuadro de tres columnas de nueve palabras en cada una e invitaba a los lectores a combinar una palabra de cada columna para el armado de expresiones t\u00edpicas en los ensayos, libros y, sobre todo, documentos de trabajo de megal\u00f3manos. Recojo cinco ejemplos traducidos, siguiendo la metodolog\u00eda sugerida: &ldquo;programaci\u00f3n funcional equilibrada&rdquo;, &ldquo;movilidad estructural paralela&rdquo;, &ldquo;proyecci\u00f3n direccional sistem\u00e1tica&rdquo;, &ldquo;instrumentaci\u00f3n global integrada&rdquo; y &ldquo;din\u00e1mica operacional coordinada&rdquo;. Esta palabrer\u00eda hueca sirve para impresionar a los incautos y es la c\u00e1scara que envuelve los deseos superlativos de funcionarios estatales que aspiran a incrementar su poder sobre la vida y la hacienda del pr\u00f3jimo bloque\u00e1ndoles todo resquicio de confort mientras ellos viajan en primera clase, se hospedan en suntuosas suites de hoteles de lujo, pasan por las aduanas sin ser revisados y obtienen suculentas remuneraciones, todo a cargo de los contribuyentes.<\/span><\/span><\/p>\n<p style=\"margin-top: 1em; margin-right: 0px; margin-bottom: 1em; margin-left: 0px; text-align: justify; \"><span style=\"font-size:12px;\"><span style=\"font-family:verdana,geneva,sans-serif;\">En&nbsp;<strong>Venezuela<\/strong>, acaba de constituirse una nueva organizaci\u00f3n continental que, por razones pol\u00edticas, excluye a Canad\u00e1 y EE.UU., que adopt\u00f3 el rimbombante y grandilocuente nombre de&nbsp;<strong>Comunidad de Estados Latinoamericanos y Caribe\u00f1os<\/strong>&nbsp;que naturalmente tiene su sigla:&nbsp;<strong>CELAC<\/strong>. Esta novel entidad se agrega y superpone a UNASUR, ALADI, MERCOSUR, CAN, OEA, CEPAL, CARICOM y SELA, todas con sus funcionarios, organigramas, estatutos y dem\u00e1s parafernalia. Se dice que en este caso no habr\u00e1 costos adicionales aunque la sola inauguraci\u00f3n signific\u00f3 viajes de mandatarios, adiposas comitivas, hoteler\u00eda, comidas suculentas y bebidas de todo tipo, estramb\u00f3ticos ramos florales en los salones del evento, equipos de audio, fot\u00f3grafos y regalos entre mandatarios.<\/span><\/span><\/p>\n<p style=\"margin-top: 1em; margin-right: 0px; margin-bottom: 1em; margin-left: 0px; text-align: justify; \"><span style=\"font-size:12px;\"><span style=\"font-family:verdana,geneva,sans-serif;\">En la sesi\u00f3n en la que hac\u00eda uso de la palabra&nbsp;<strong>Ra\u00fal Castro<\/strong>&nbsp;hubo una multitudinaria y ruidosa marcha de protesta en Caracas, en las inmediaciones del lugar en donde se celebraba la reuni\u00f3n, &ldquo;por el insoportable desempleo, alta inflaci\u00f3n y la inaceptable inseguridad&rdquo;. El orador interrumpi\u00f3 su discurso para preguntar a que se deb\u00edan las explosiones y el griter\u00edo a lo que Ch\u00e1vez respondi\u00f3 que era &ldquo;para festejar el establecimiento de la organizaci\u00f3n&rdquo;. Por su parte,&nbsp;<strong>Rafael Correa<\/strong>&nbsp;de Ecuador,&nbsp;<strong>Porfirio Lobos<\/strong>&nbsp;de Honduras y&nbsp;<strong>Ricardo Martinelli&nbsp;<\/strong>de Panam\u00e1 la emprendieron contra el periodismo independiente a lo que se agregaron las reiteradas expresiones de&nbsp;<strong>Ortega<\/strong>&nbsp;de Nicaragua en el sentido de condenar enf\u00e1ticamente la tradici\u00f3n filos\u00f3fica de EE.UU. (y no por su actual latinoamericanizaci\u00f3n), todo ello con el aval del due\u00f1o de casa que puso de manifiesto &ldquo;la valent\u00eda&rdquo; de semejantes declaraciones con el ep\u00edlogo de suscribir la pol\u00edtica de Ir\u00e1n. Por otro lado,&nbsp;<strong>Cristina Kirchner<\/strong>&nbsp;de Argentina dijo que hab\u00eda que &ldquo;aprovechar esta oportunidad para convertirnos en protagonistas del mundo&rdquo; y &ldquo;encarar de manera efectiva la crisis econ\u00f3mica mundial&rdquo; que a su modo ejemplifica con el env\u00edo de gendarmes y sabuesos al mercado cambiario para amedrentar a los demandante de d\u00f3lares en Buenos Aires. Por otro lado, informa Prensa Latina que&nbsp;<strong>Evo Morales<\/strong>&nbsp;de Bolivia conjetur\u00f3 que &ldquo;Luego de 500 a\u00f1os de resistencia ind\u00edgena, 200 a\u00f1os de independencia, por fin nos juntamos para liberarnos&rdquo;. Finalmente, dos de los mandatarios presentes declararon&nbsp;<em>off the record<\/em>&nbsp;que asist\u00edan &ldquo;por razones estrictamente diplom\u00e1ticas&rdquo;.<\/span><\/span><\/p>\n<p style=\"margin-top: 1em; margin-right: 0px; margin-bottom: 1em; margin-left: 0px; text-align: justify; \"><span style=\"font-size:12px;\"><span style=\"font-family:verdana,geneva,sans-serif;\">Por su parte, la denominada &ldquo;Juventud Rebelde de Cuba&rdquo; declar\u00f3 que CELAC &ldquo;es un hito en la historia mundial&rdquo; y que con eso &ldquo;estamos enviando un mensaje a los indignados y pobres del mundo&rdquo;, suscribiendo con entusiasmo la Declaraci\u00f3n de Caracas de 39 puntos, la mayor parte de los cuales resulta anodina como suele suceder en los \u00e1mbitos de organismos internacionales al efecto de recolectar el mayor n\u00famero de adhesiones posible, salvo el punto 30 que declara la &ldquo;participaci\u00f3n voluntaria&rdquo; para suscribir una larga serie de otros documentos con fuerte carga estatista y el punto 26 que apunta a la &ldquo;reducci\u00f3n de desigualdades sociales&rdquo;, desigualdades que en gran medida se generan, por una parte, como fruto de la c\u00f3pula entre empresarios que surgen de la d\u00e1diva y los aparatos gubernamentales y, por otra, consecuencia de las alarmantes corrupciones de gobernantes, puesto que las desigualdades en el contexto del mercado libre se deben a las votaciones que a diario efect\u00faa la gente en el supermercado y afines, con lo que las consecuentes tasas de capitalizaci\u00f3n permiten elevar salarios en t\u00e9rminos reales.<\/span><\/span><\/p>\n<p style=\"margin-top: 1em; margin-right: 0px; margin-bottom: 1em; margin-left: 0px; text-align: justify; \"><span style=\"font-size:12px;\"><span style=\"font-family:verdana,geneva,sans-serif;\">No solo descreo en general de los organismos internacionales (excepto los del tipo de Interpol, siempre que se incluya en sus funciones el atrapar a gobernantes que se fugan con dineros malhabidos) y creo en marcos institucionales que garanticen y aseguren la protecci\u00f3n de derechos individuales, sino que, a esta altura de los acontecimientos, descreo de la existencia de embajadas las cuales se establecieron al efecto de adelantarse a posibles conflictos en vista de la precariedad de los medios de comunicaci\u00f3n de \u00e9pocas remotas. Pero, hoy en d\u00eda, con Internet y la posibilidad de teleconferencias, no tiene sentido continuar con costosas estructuras del tiempo de la carreta, las cuales pueden suplirse con un simple consulado (la embajada estadounidense que se est\u00e1 construyendo en Irak tiene semejanzas con el Vaticano). Incluso, las actividades comerciales se llevan a cabo de un mejor modo a trav\u00e9s de la comunidad empresaria (Guatemala no mantiene relaciones diplom\u00e1ticas con China y, sin embargo, es el pa\u00eds con el volumen m\u00e1s alto de comercio por habitante de Latinoam\u00e9rica con China).<\/span><\/span><\/p>\n<p style=\"margin-top: 1em; margin-right: 0px; margin-bottom: 1em; margin-left: 0px; text-align: justify; \"><span style=\"font-size:12px;\"><span style=\"font-family:verdana,geneva,sans-serif;\">Las reverencias, los saludos y las pomposas formaciones en los aeropuertos, las alfombras coloradas, las ceremonias, las marchas militares, los discursos y los elogios desmedidos (nunca tienen en cuenta aquello de que &ldquo;entre lo sublime y lo rid\u00edculo hay solo un paso&rdquo;), son parte esencial y alimento vital de los demagogos del momento, cuya incontinencia verbal y desproporci\u00f3n en el uso del idioma es directamente proporcional a la pauperizaci\u00f3n de quienes habitan en sus jurisdicciones. Ese es el sentido por el que propuse retomar el debate en la asamblea constituyente de EE.UU. sobre la conveniencia de designar un Triunvirato en el Ejecutivo: es para aplacar tanta arrogancia y soberbia y mitigar en algo el deseo irrefrenable del caudillo (y mejor a\u00fan si se eligiera por sorteo como sugiri\u00f3 Montesquieu, en cuyo caso la atenci\u00f3n se concentrar\u00eda en limitar el poder puesto que cualquiera lo podr\u00eda ocupar). Es por eso que en el \u00faltimo debate presidencial en EE.UU., Rick Perry ha sugerido que el Legislativo se limite a sesionar dos meses en el a\u00f1o y durante el resto del tiempo cada uno se dedique a actividades \u00fatiles ya que constituye un peligro la carrera por dictar leyes (&ldquo;la inflaci\u00f3n de las leyes se traduce en su depreciaci\u00f3n&rdquo; ha sentenciado Palniol). Es por eso que Bruno Leoni insiste en retomar la costumbre del&nbsp;<em>common law&nbsp;<\/em>y la Rep\u00fablica romana de contar con jueces en competencia en un proceso de descubrimiento del derecho y no de ingenier\u00eda legislativa, limitando al Parlamento a sus funciones originales, es decir, administrar y controlar las finanzas del rey o el emperador y abstenerse de fabricar nueva legislaci\u00f3n frente a cada problema que se presenta, que adem\u00e1s de encorsetar la situaci\u00f3n la estropea. Por \u00faltimo, es por ello que los Padres Fundadores estadounidenses subrayaban la importancia de descentralizar el poder v\u00eda el federalismo, al contrario de lo que proponen los entusiastas de los centralizadores y unitarios organismos internacionales.<\/span><\/span><\/p>\n<p style=\"margin-top: 1em; margin-right: 0px; margin-bottom: 1em; margin-left: 0px; text-align: justify; \"><span style=\"font-size:12px;\"><span style=\"font-family:verdana,geneva,sans-serif;\">Si queremos que las cosas cambien pero mantenemos las mismas &ldquo;vacas sagradas&rdquo;, el resultado no se modificar\u00e1 un \u00e1pice. Afortunadamente hay quienes trabajan denodadamente para revertir la situaci\u00f3n con propuestas de fondo que revelan honestidad intelectual y coraje moral que evitan a toda costa lo que Hannah Arendt bautiz\u00f3 como &ldquo;el s\u00edndrome de la indefensi\u00f3n&rdquo; que es el darse por vencido paralizado por la inacci\u00f3n, el pesimismo, la desidia y el miedo.<\/span><\/span><\/p>\n<p style=\"margin-top: 1em; margin-right: 0px; margin-bottom: 1em; margin-left: 0px; text-align: justify; \"><span style=\"font-size:12px;\"><span style=\"font-family:verdana,geneva,sans-serif;\">Se requiere m\u00e1s recato y pudor en las funciones gubernamentales que, en esta instancia del proceso de evoluci\u00f3n cultural, se limiten a la seguridad y la justicia, que, como hemos dicho una y otra vez, son las faenas que en general no cumplen para dedicarse a otras que no solo no le competen sino que da\u00f1an los intereses de la gente. En lugar de crear nuevos organismos internacionales superpuestos a los anteriores, los aparatos estatales debieran retomar la senda del constitucionalismo liberal al efecto de abrir cauces a la energ\u00eda creadora que da lugar a niveles de vida m\u00e1s dignos y fortalece el respeto rec\u00edproco.<\/span><\/span><\/p>\n<p style=\"margin-top: 1em; margin-right: 0px; margin-bottom: 1em; margin-left: 0px; text-align: justify; \"><span style=\"font-size:12px;\"><span style=\"font-family:verdana,geneva,sans-serif;\"><em>Este art\u00edculo fue publicado originalmente en&nbsp;<\/em>El Diario de Am\u00e9rica<em>&nbsp;(EE.UU.) el 15 de diciembre de 2011.<\/em><\/span><\/span><\/p>\n<div class=\"pvc_clear\"><\/div>\n<p class=\"pvc_stats all \" data-element-id=\"20022\" style=\"\"><i class=\"pvc-stats-icon medium\" aria-hidden=\"true\"><svg aria-hidden=\"true\" focusable=\"false\" data-prefix=\"far\" data-icon=\"chart-bar\" role=\"img\" xmlns=\"http:\/\/www.w3.org\/2000\/svg\" viewBox=\"0 0 512 512\" class=\"svg-inline--fa fa-chart-bar fa-w-16 fa-2x\"><path fill=\"currentColor\" d=\"M396.8 352h22.4c6.4 0 12.8-6.4 12.8-12.8V108.8c0-6.4-6.4-12.8-12.8-12.8h-22.4c-6.4 0-12.8 6.4-12.8 12.8v230.4c0 6.4 6.4 12.8 12.8 12.8zm-192 0h22.4c6.4 0 12.8-6.4 12.8-12.8V140.8c0-6.4-6.4-12.8-12.8-12.8h-22.4c-6.4 0-12.8 6.4-12.8 12.8v198.4c0 6.4 6.4 12.8 12.8 12.8zm96 0h22.4c6.4 0 12.8-6.4 12.8-12.8V204.8c0-6.4-6.4-12.8-12.8-12.8h-22.4c-6.4 0-12.8 6.4-12.8 12.8v134.4c0 6.4 6.4 12.8 12.8 12.8zM496 400H48V80c0-8.84-7.16-16-16-16H16C7.16 64 0 71.16 0 80v336c0 17.67 14.33 32 32 32h464c8.84 0 16-7.16 16-16v-16c0-8.84-7.16-16-16-16zm-387.2-48h22.4c6.4 0 12.8-6.4 12.8-12.8v-70.4c0-6.4-6.4-12.8-12.8-12.8h-22.4c-6.4 0-12.8 6.4-12.8 12.8v70.4c0 6.4 6.4 12.8 12.8 12.8z\" class=\"\"><\/path><\/svg><\/i> Vistas Totales&nbsp;485&nbsp;, Vistas Hoy&nbsp;1&nbsp;<\/p>\n<div class=\"pvc_clear\"><\/div>\n","protected":false},"excerpt":{"rendered":"<p>Autor: Alberto Benegas LynchFuente: www.elcato.orgTengo un libro en mi biblioteca cuyo t\u00edtulo ilustra lo que quiero trasmitir en esta nota: Organismos internacionales, expertos y otras plagas de este siglo de \u00c1ngel Castro Cid, profesor de derecho en la Universidad de Chile en el que se lee que \u201cHoy, en cambio, los economistas siembran el oscurantismo en todo el globo; el flagelo de los planificadores azota a la humanidad entera y los expertos muestran por todas partes su lenguaje esot\u00e9rico y sus mentes difusas. Ni siquiera los esquimales o los watusis se encuentran libres de los organismos internacionales, cuyas misiones pueden caerles en cualquier momento, con la velocidad del avi\u00f3n y la potencia destructiva de la bomba at\u00f3mica&#8230;<\/p>\n<div class=\"pvc_clear\"><\/div>\n<p class=\"pvc_stats all \" data-element-id=\"20022\" style=\"\"><i class=\"pvc-stats-icon medium\" aria-hidden=\"true\"><svg aria-hidden=\"true\" focusable=\"false\" data-prefix=\"far\" data-icon=\"chart-bar\" role=\"img\" xmlns=\"http:\/\/www.w3.org\/2000\/svg\" viewBox=\"0 0 512 512\" class=\"svg-inline--fa fa-chart-bar fa-w-16 fa-2x\"><path fill=\"currentColor\" d=\"M396.8 352h22.4c6.4 0 12.8-6.4 12.8-12.8V108.8c0-6.4-6.4-12.8-12.8-12.8h-22.4c-6.4 0-12.8 6.4-12.8 12.8v230.4c0 6.4 6.4 12.8 12.8 12.8zm-192 0h22.4c6.4 0 12.8-6.4 12.8-12.8V140.8c0-6.4-6.4-12.8-12.8-12.8h-22.4c-6.4 0-12.8 6.4-12.8 12.8v198.4c0 6.4 6.4 12.8 12.8 12.8zm96 0h22.4c6.4 0 12.8-6.4 12.8-12.8V204.8c0-6.4-6.4-12.8-12.8-12.8h-22.4c-6.4 0-12.8 6.4-12.8 12.8v134.4c0 6.4 6.4 12.8 12.8 12.8zM496 400H48V80c0-8.84-7.16-16-16-16H16C7.16 64 0 71.16 0 80v336c0 17.67 14.33 32 32 32h464c8.84 0 16-7.16 16-16v-16c0-8.84-7.16-16-16-16zm-387.2-48h22.4c6.4 0 12.8-6.4 12.8-12.8v-70.4c0-6.4-6.4-12.8-12.8-12.8h-22.4c-6.4 0-12.8 6.4-12.8 12.8v70.4c0 6.4 6.4 12.8 12.8 12.8z\" class=\"\"><\/path><\/svg><\/i> Vistas Totales&nbsp;485&nbsp;, Vistas Hoy&nbsp;1&nbsp;<\/p>\n<div class=\"pvc_clear\"><\/div>\n","protected":false},"author":2,"featured_media":0,"comment_status":"closed","ping_status":"closed","sticky":false,"template":"","format":"standard","meta":{"footnotes":""},"categories":[21],"tags":[],"class_list":["post-20022","post","type-post","status-publish","format-standard","hentry","category-blog"],"yoast_head":"<!-- This site is optimized with the Yoast SEO plugin v25.2 - https:\/\/yoast.com\/wordpress\/plugins\/seo\/ -->\n<title>Nace otro adefesio en Caracas | CREES<\/title>\n<meta name=\"robots\" content=\"index, follow, max-snippet:-1, max-image-preview:large, max-video-preview:-1\" \/>\n<link rel=\"canonical\" href=\"https:\/\/crees.org.do\/?p=20022\" \/>\n<meta property=\"og:locale\" content=\"es_ES\" \/>\n<meta property=\"og:type\" content=\"article\" \/>\n<meta property=\"og:title\" content=\"Nace otro adefesio en Caracas | CREES\" \/>\n<meta property=\"og:description\" content=\"Autor: Alberto Benegas LynchFuente: www.elcato.orgTengo un libro en mi biblioteca cuyo t\u00edtulo ilustra lo que quiero trasmitir en esta nota: Organismos internacionales, expertos y otras plagas de este siglo de \u00c1ngel Castro Cid, profesor de derecho en la Universidad de Chile en el que se lee que \u201cHoy, en cambio, los economistas siembran el oscurantismo en todo el globo; el flagelo de los planificadores azota a la humanidad entera y los expertos muestran por todas partes su lenguaje esot\u00e9rico y sus mentes difusas. Ni siquiera los esquimales o los watusis se encuentran libres de los organismos internacionales, cuyas misiones pueden caerles en cualquier momento, con la velocidad del avi\u00f3n y la potencia destructiva de la bomba at\u00f3mica...\" \/>\n<meta property=\"og:url\" content=\"https:\/\/crees.org.do\/?p=20022\" \/>\n<meta property=\"og:site_name\" content=\"CREES\" \/>\n<meta property=\"article:publisher\" content=\"https:\/\/www.facebook.com\/CREESRD\/\" \/>\n<meta property=\"article:published_time\" content=\"2011-12-01T00:00:00+00:00\" \/>\n<meta property=\"article:modified_time\" content=\"2021-08-11T22:45:29+00:00\" \/>\n<meta property=\"og:image\" content=\"https:\/\/crees.org.do\/wp-content\/uploads\/2022\/03\/crees-logo-1.jpg\" \/>\n\t<meta property=\"og:image:width\" content=\"244\" \/>\n\t<meta property=\"og:image:height\" content=\"71\" \/>\n\t<meta property=\"og:image:type\" content=\"image\/jpeg\" \/>\n<meta name=\"author\" content=\"Crees\" \/>\n<meta name=\"twitter:card\" content=\"summary_large_image\" \/>\n<meta name=\"twitter:creator\" content=\"@CREESRD\" \/>\n<meta name=\"twitter:site\" content=\"@CREESRD\" \/>\n<meta name=\"twitter:label1\" content=\"Escrito por\" \/>\n\t<meta name=\"twitter:data1\" content=\"Crees\" \/>\n\t<meta name=\"twitter:label2\" content=\"Tiempo de lectura\" \/>\n\t<meta name=\"twitter:data2\" content=\"9 minutos\" \/>\n<script type=\"application\/ld+json\" class=\"yoast-schema-graph\">{\"@context\":\"https:\/\/schema.org\",\"@graph\":[{\"@type\":\"Article\",\"@id\":\"https:\/\/crees.org.do\/?p=20022#article\",\"isPartOf\":{\"@id\":\"https:\/\/crees.org.do\/?p=20022\"},\"author\":{\"name\":\"Crees\",\"@id\":\"https:\/\/crees.org.do\/#\/schema\/person\/e7f97cd94d7bf9cd0e0ce30acb7d56b8\"},\"headline\":\"Nace otro adefesio en Caracas\",\"datePublished\":\"2011-12-01T00:00:00+00:00\",\"dateModified\":\"2021-08-11T22:45:29+00:00\",\"mainEntityOfPage\":{\"@id\":\"https:\/\/crees.org.do\/?p=20022\"},\"wordCount\":1727,\"publisher\":{\"@id\":\"https:\/\/crees.org.do\/#organization\"},\"articleSection\":[\"Blog\"],\"inLanguage\":\"es\"},{\"@type\":\"WebPage\",\"@id\":\"https:\/\/crees.org.do\/?p=20022\",\"url\":\"https:\/\/crees.org.do\/?p=20022\",\"name\":\"Nace otro adefesio en Caracas | CREES\",\"isPartOf\":{\"@id\":\"https:\/\/crees.org.do\/#website\"},\"datePublished\":\"2011-12-01T00:00:00+00:00\",\"dateModified\":\"2021-08-11T22:45:29+00:00\",\"breadcrumb\":{\"@id\":\"https:\/\/crees.org.do\/?p=20022#breadcrumb\"},\"inLanguage\":\"es\",\"potentialAction\":[{\"@type\":\"ReadAction\",\"target\":[\"https:\/\/crees.org.do\/?p=20022\"]}]},{\"@type\":\"BreadcrumbList\",\"@id\":\"https:\/\/crees.org.do\/?p=20022#breadcrumb\",\"itemListElement\":[{\"@type\":\"ListItem\",\"position\":1,\"name\":\"Portada\",\"item\":\"https:\/\/crees.org.do\/\"},{\"@type\":\"ListItem\",\"position\":2,\"name\":\"Nace otro adefesio en Caracas\"}]},{\"@type\":\"WebSite\",\"@id\":\"https:\/\/crees.org.do\/#website\",\"url\":\"https:\/\/crees.org.do\/\",\"name\":\"CREES\",\"description\":\"Centro Regional de Estrategias Econ\u00f3micas Sostenibles\",\"publisher\":{\"@id\":\"https:\/\/crees.org.do\/#organization\"},\"potentialAction\":[{\"@type\":\"SearchAction\",\"target\":{\"@type\":\"EntryPoint\",\"urlTemplate\":\"https:\/\/crees.org.do\/?s={search_term_string}\"},\"query-input\":{\"@type\":\"PropertyValueSpecification\",\"valueRequired\":true,\"valueName\":\"search_term_string\"}}],\"inLanguage\":\"es\"},{\"@type\":\"Organization\",\"@id\":\"https:\/\/crees.org.do\/#organization\",\"name\":\"CREES | Centro Regional de Estrategias Econ\u00f3micas Sostenibles\",\"url\":\"https:\/\/crees.org.do\/\",\"logo\":{\"@type\":\"ImageObject\",\"inLanguage\":\"es\",\"@id\":\"https:\/\/crees.org.do\/#\/schema\/logo\/image\/\",\"url\":\"https:\/\/crees.org.do\/wp-content\/uploads\/2022\/03\/crees-logo-1.jpg\",\"contentUrl\":\"https:\/\/crees.org.do\/wp-content\/uploads\/2022\/03\/crees-logo-1.jpg\",\"width\":244,\"height\":71,\"caption\":\"CREES | Centro Regional de Estrategias Econ\u00f3micas Sostenibles\"},\"image\":{\"@id\":\"https:\/\/crees.org.do\/#\/schema\/logo\/image\/\"},\"sameAs\":[\"https:\/\/www.facebook.com\/CREESRD\/\",\"https:\/\/x.com\/CREESRD\"]},{\"@type\":\"Person\",\"@id\":\"https:\/\/crees.org.do\/#\/schema\/person\/e7f97cd94d7bf9cd0e0ce30acb7d56b8\",\"name\":\"Crees\",\"image\":{\"@type\":\"ImageObject\",\"inLanguage\":\"es\",\"@id\":\"https:\/\/crees.org.do\/#\/schema\/person\/image\/\",\"url\":\"https:\/\/secure.gravatar.com\/avatar\/390ac8f0be5d9aa046152553e2dd7011b59a512d89c150f5e5f28bb8d9a0b165?s=96&d=mm&r=g\",\"contentUrl\":\"https:\/\/secure.gravatar.com\/avatar\/390ac8f0be5d9aa046152553e2dd7011b59a512d89c150f5e5f28bb8d9a0b165?s=96&d=mm&r=g\",\"caption\":\"Crees\"},\"url\":\"https:\/\/crees.org.do\/?author=2\"}]}<\/script>\n<!-- \/ Yoast SEO plugin. -->","yoast_head_json":{"title":"Nace otro adefesio en Caracas | CREES","robots":{"index":"index","follow":"follow","max-snippet":"max-snippet:-1","max-image-preview":"max-image-preview:large","max-video-preview":"max-video-preview:-1"},"canonical":"https:\/\/crees.org.do\/?p=20022","og_locale":"es_ES","og_type":"article","og_title":"Nace otro adefesio en Caracas | CREES","og_description":"Autor: Alberto Benegas LynchFuente: www.elcato.orgTengo un libro en mi biblioteca cuyo t\u00edtulo ilustra lo que quiero trasmitir en esta nota: Organismos internacionales, expertos y otras plagas de este siglo de \u00c1ngel Castro Cid, profesor de derecho en la Universidad de Chile en el que se lee que \u201cHoy, en cambio, los economistas siembran el oscurantismo en todo el globo; el flagelo de los planificadores azota a la humanidad entera y los expertos muestran por todas partes su lenguaje esot\u00e9rico y sus mentes difusas. Ni siquiera los esquimales o los watusis se encuentran libres de los organismos internacionales, cuyas misiones pueden caerles en cualquier momento, con la velocidad del avi\u00f3n y la potencia destructiva de la bomba at\u00f3mica...","og_url":"https:\/\/crees.org.do\/?p=20022","og_site_name":"CREES","article_publisher":"https:\/\/www.facebook.com\/CREESRD\/","article_published_time":"2011-12-01T00:00:00+00:00","article_modified_time":"2021-08-11T22:45:29+00:00","og_image":[{"width":244,"height":71,"url":"https:\/\/crees.org.do\/wp-content\/uploads\/2022\/03\/crees-logo-1.jpg","type":"image\/jpeg"}],"author":"Crees","twitter_card":"summary_large_image","twitter_creator":"@CREESRD","twitter_site":"@CREESRD","twitter_misc":{"Escrito por":"Crees","Tiempo de lectura":"9 minutos"},"schema":{"@context":"https:\/\/schema.org","@graph":[{"@type":"Article","@id":"https:\/\/crees.org.do\/?p=20022#article","isPartOf":{"@id":"https:\/\/crees.org.do\/?p=20022"},"author":{"name":"Crees","@id":"https:\/\/crees.org.do\/#\/schema\/person\/e7f97cd94d7bf9cd0e0ce30acb7d56b8"},"headline":"Nace otro adefesio en Caracas","datePublished":"2011-12-01T00:00:00+00:00","dateModified":"2021-08-11T22:45:29+00:00","mainEntityOfPage":{"@id":"https:\/\/crees.org.do\/?p=20022"},"wordCount":1727,"publisher":{"@id":"https:\/\/crees.org.do\/#organization"},"articleSection":["Blog"],"inLanguage":"es"},{"@type":"WebPage","@id":"https:\/\/crees.org.do\/?p=20022","url":"https:\/\/crees.org.do\/?p=20022","name":"Nace otro adefesio en Caracas | CREES","isPartOf":{"@id":"https:\/\/crees.org.do\/#website"},"datePublished":"2011-12-01T00:00:00+00:00","dateModified":"2021-08-11T22:45:29+00:00","breadcrumb":{"@id":"https:\/\/crees.org.do\/?p=20022#breadcrumb"},"inLanguage":"es","potentialAction":[{"@type":"ReadAction","target":["https:\/\/crees.org.do\/?p=20022"]}]},{"@type":"BreadcrumbList","@id":"https:\/\/crees.org.do\/?p=20022#breadcrumb","itemListElement":[{"@type":"ListItem","position":1,"name":"Portada","item":"https:\/\/crees.org.do\/"},{"@type":"ListItem","position":2,"name":"Nace otro adefesio en Caracas"}]},{"@type":"WebSite","@id":"https:\/\/crees.org.do\/#website","url":"https:\/\/crees.org.do\/","name":"CREES","description":"Centro Regional de Estrategias Econ\u00f3micas Sostenibles","publisher":{"@id":"https:\/\/crees.org.do\/#organization"},"potentialAction":[{"@type":"SearchAction","target":{"@type":"EntryPoint","urlTemplate":"https:\/\/crees.org.do\/?s={search_term_string}"},"query-input":{"@type":"PropertyValueSpecification","valueRequired":true,"valueName":"search_term_string"}}],"inLanguage":"es"},{"@type":"Organization","@id":"https:\/\/crees.org.do\/#organization","name":"CREES | Centro Regional de Estrategias Econ\u00f3micas Sostenibles","url":"https:\/\/crees.org.do\/","logo":{"@type":"ImageObject","inLanguage":"es","@id":"https:\/\/crees.org.do\/#\/schema\/logo\/image\/","url":"https:\/\/crees.org.do\/wp-content\/uploads\/2022\/03\/crees-logo-1.jpg","contentUrl":"https:\/\/crees.org.do\/wp-content\/uploads\/2022\/03\/crees-logo-1.jpg","width":244,"height":71,"caption":"CREES | Centro Regional de Estrategias Econ\u00f3micas Sostenibles"},"image":{"@id":"https:\/\/crees.org.do\/#\/schema\/logo\/image\/"},"sameAs":["https:\/\/www.facebook.com\/CREESRD\/","https:\/\/x.com\/CREESRD"]},{"@type":"Person","@id":"https:\/\/crees.org.do\/#\/schema\/person\/e7f97cd94d7bf9cd0e0ce30acb7d56b8","name":"Crees","image":{"@type":"ImageObject","inLanguage":"es","@id":"https:\/\/crees.org.do\/#\/schema\/person\/image\/","url":"https:\/\/secure.gravatar.com\/avatar\/390ac8f0be5d9aa046152553e2dd7011b59a512d89c150f5e5f28bb8d9a0b165?s=96&d=mm&r=g","contentUrl":"https:\/\/secure.gravatar.com\/avatar\/390ac8f0be5d9aa046152553e2dd7011b59a512d89c150f5e5f28bb8d9a0b165?s=96&d=mm&r=g","caption":"Crees"},"url":"https:\/\/crees.org.do\/?author=2"}]}},"_links":{"self":[{"href":"https:\/\/crees.org.do\/index.php?rest_route=\/wp\/v2\/posts\/20022","targetHints":{"allow":["GET"]}}],"collection":[{"href":"https:\/\/crees.org.do\/index.php?rest_route=\/wp\/v2\/posts"}],"about":[{"href":"https:\/\/crees.org.do\/index.php?rest_route=\/wp\/v2\/types\/post"}],"author":[{"embeddable":true,"href":"https:\/\/crees.org.do\/index.php?rest_route=\/wp\/v2\/users\/2"}],"replies":[{"embeddable":true,"href":"https:\/\/crees.org.do\/index.php?rest_route=%2Fwp%2Fv2%2Fcomments&post=20022"}],"version-history":[{"count":1,"href":"https:\/\/crees.org.do\/index.php?rest_route=\/wp\/v2\/posts\/20022\/revisions"}],"predecessor-version":[{"id":20040,"href":"https:\/\/crees.org.do\/index.php?rest_route=\/wp\/v2\/posts\/20022\/revisions\/20040"}],"wp:attachment":[{"href":"https:\/\/crees.org.do\/index.php?rest_route=%2Fwp%2Fv2%2Fmedia&parent=20022"}],"wp:term":[{"taxonomy":"category","embeddable":true,"href":"https:\/\/crees.org.do\/index.php?rest_route=%2Fwp%2Fv2%2Fcategories&post=20022"},{"taxonomy":"post_tag","embeddable":true,"href":"https:\/\/crees.org.do\/index.php?rest_route=%2Fwp%2Fv2%2Ftags&post=20022"}],"curies":[{"name":"wp","href":"https:\/\/api.w.org\/{rel}","templated":true}]}}