{"id":20024,"date":"2012-02-01T00:00:00","date_gmt":"2012-02-01T00:00:00","guid":{"rendered":"https:\/\/crees.org.do\/?p=20024"},"modified":"2021-08-11T22:46:43","modified_gmt":"2021-08-11T22:46:43","slug":"dos-mitos-de-la-crisis","status":"publish","type":"post","link":"https:\/\/crees.org.do\/?p=20024","title":{"rendered":"Dos mitos de la crisis"},"content":{"rendered":"<p>&nbsp;<\/p>\n<p style=\"margin-top: 1em; margin-right: 0px; margin-bottom: 1em; margin-left: 0px; \"><span style=\"font-size:12px;\"><span style=\"color: rgb(105, 105, 105); \"><span style=\"font-family: verdana, geneva, sans-serif; \">Autor: Gabriela Calder\u00f3n de Burgos<\/span><\/span><\/span><\/p>\n<p style=\"margin-top: 1em; margin-right: 0px; margin-bottom: 1em; margin-left: 0px; \"><span style=\"font-size:12px;\"><span style=\"color: rgb(105, 105, 105); \"><font class=\"Apple-style-span\" face=\"verdana, geneva, sans-serif\">Fuente: www.elcato.org<\/font><\/span><\/span><\/p>\n<p style=\"margin-top: 1em; margin-right: 0px; margin-bottom: 1em; margin-left: 0px; \">&nbsp;<\/p>\n<p style=\"margin-top: 1em; margin-right: 0px; margin-bottom: 1em; margin-left: 0px; \"><span style=\"font-size:12px;\"><span style=\"font-family:verdana,geneva,sans-serif;\">Guayaquil, Ecuador&mdash; Hay dos mitos sobre la crisis que van difundi\u00e9ndose cada vez m\u00e1s.<\/span><\/span><\/p>\n<p style=\"margin-top: 1em; margin-right: 0px; margin-bottom: 1em; margin-left: 0px; \"><span style=\"font-size:12px;\"><span style=\"font-family:verdana,geneva,sans-serif;\">Mito 1: Al leer la prensa y escuchar a los pol\u00edticos, usted podr\u00eda llevarse la impresi\u00f3n de que Europa y EE.UU. est\u00e1n implementando programas agresivos de austeridad. Pero si vemos las cifras de gasto p\u00fablico para la Eurozona y para EE.UU. notaremos que el gasto p\u00fablico aument\u00f3 cada a\u00f1o entre 2007 y 2010.<a href=\"http:\/\/www.elcato.org\/dos-mitos-de-la-crisis#_ftn1\" id=\"_ftnref1\" name=\"_ftnref1\" style=\"color: rgb(51, 102, 153); text-decoration: none; \" title=\"\">1<\/a>&nbsp;No solo que no se redujo en cantidad absoluta sino que tampoco se redujo el gasto p\u00fablico como porcentaje del PIB e incluso en varios casos aument\u00f3.<a href=\"http:\/\/www.elcato.org\/dos-mitos-de-la-crisis#_ftn2\" id=\"_ftnref2\" name=\"_ftnref2\" style=\"color: rgb(51, 102, 153); text-decoration: none; \" title=\"\">2<\/a>&nbsp;Solamente Grecia, Portugal, Irlanda y Espa\u00f1a redujeron su gasto en 2011 mientras que el resto de los pa\u00edses de la Eurozona gastaron m\u00e1s el a\u00f1o pasado que nunca antes en su historia.<a href=\"http:\/\/www.elcato.org\/dos-mitos-de-la-crisis#_ftn3\" id=\"_ftnref3\" name=\"_ftnref3\" style=\"color: rgb(51, 102, 153); text-decoration: none; \" title=\"\">3<\/a><\/span><\/span><\/p>\n<p style=\"margin-top: 1em; margin-right: 0px; margin-bottom: 1em; margin-left: 0px; \"><span style=\"font-size:12px;\"><span style=\"font-family:verdana,geneva,sans-serif;\">En EE.UU. muchos en la prensa y economistas como Paul Krugman gritaron a los cuatro vientos que era la terquedad de los republicanos de reducir el gasto lo que estaba socavando la recuperaci\u00f3n y que las cosas empeorar\u00edan por el &ldquo;recorte&rdquo; de gastos acordado en el verano del a\u00f1o pasado. Pero si vemos en un gr\u00e1fico de columnas el &ldquo;recorte&rdquo; tan lamentado por Krugman observar\u00edamos que en cada a\u00f1o durante la pr\u00f3xima d\u00e9cada el gasto p\u00fablico aumentar\u00e1 (las columnas crecen en lugar de encogerse).<a href=\"http:\/\/www.elcato.org\/dos-mitos-de-la-crisis#_ftn4\" id=\"_ftnref4\" name=\"_ftnref4\" style=\"color: rgb(51, 102, 153); text-decoration: none; \" title=\"\">4<\/a><\/span><\/span><\/p>\n<p style=\"margin-top: 1em; margin-right: 0px; margin-bottom: 1em; margin-left: 0px; \"><span style=\"font-size:12px;\"><span style=\"font-family:verdana,geneva,sans-serif;\">As\u00ed se transmite la idea de que el gasto se ha reducido &ndash;a pesar de que los datos muestran que precisamente lo contrario ha sucedido en la mayor\u00eda de los pa\u00edses en el centro de la crisis actual&mdash;y luego se culpa a la austeridad fiscal de la escasa recuperaci\u00f3n. Reconocer que a pesar de que el gasto aument\u00f3 la recuperaci\u00f3n todav\u00eda no se ha dado pondr\u00eda en duda el dogma keynesiano de que el gasto p\u00fablico estimula la econom\u00eda.<\/span><\/span><\/p>\n<p style=\"margin-top: 1em; margin-right: 0px; margin-bottom: 1em; margin-left: 0px; \"><span style=\"font-size:12px;\"><span style=\"font-family:verdana,geneva,sans-serif;\">Mito 2: La narrativa popular intenta esconder el colapso del modelo del Estado de Bienestar diciendo que la crisis de la deuda p\u00fablica en Europa (y potencialmente en EE.UU. dentro de algunos a\u00f1os) surge con la crisis de 2007-2008. Pero el economista Pierre Lemieux de la Universidad de Quebec indica que &ldquo;casi tres cuartos de la deuda p\u00fablica de la Eurozona fue acumulada antes de la Gran Recesi\u00f3n, de hecho, antes de mediados de los noventa&rdquo;. La deuda p\u00fablica de Grecia ya equival\u00eda a 105% del PIB en 2007 (lleg\u00f3 a 143% en 2010). El problema se crea entre 1980 y 1994, cuando la deuda p\u00fablica de ese pa\u00eds pasa de alrededor de 20% del PIB a 96% en 1994.<a href=\"http:\/\/www.elcato.org\/dos-mitos-de-la-crisis#_ftn5\" id=\"_ftnref5\" name=\"_ftnref5\" style=\"color: rgb(51, 102, 153); text-decoration: none; \" title=\"\">5<\/a><\/span><\/span><\/p>\n<p style=\"margin-top: 1em; margin-right: 0px; margin-bottom: 1em; margin-left: 0px; \"><span style=\"font-size:12px;\"><span style=\"font-family:verdana,geneva,sans-serif;\">Lemieux considera que hay dos factores, presentes desde hace d\u00e9cadas, que condujeron a la crisis de la deuda en Europa: (1) el crecimiento del gasto p\u00fablico &ndash;inevitable bajo el modelo europeo del Estado de Bienestar; y, (2) constantes y crecientes d\u00e9ficit &ndash;conforme los pol\u00edticos cada vez prometieron m\u00e1s beneficios y la gente no estuvo dispuesta a pagar los impuestos para financiarlos.&nbsp;<\/span><\/span><\/p>\n<p style=\"margin-top: 1em; margin-right: 0px; margin-bottom: 1em; margin-left: 0px; \"><span style=\"font-size:12px;\"><span style=\"font-family:verdana,geneva,sans-serif;\">Es lamentable que la gran mayor\u00eda de los pa\u00edses desarrollados est\u00e9n embarcados en un tren que se dirige a Grecia y no muestren la intenci\u00f3n de querer reformar sus econom\u00edas para evitar llegar a esos niveles insostenibles de gasto. Lamentable tambi\u00e9n porque muchos en Ecuador y en el mundo en v\u00edas de desarrollo se creen estos dos mitos y est\u00e1n subiendo a sus pa\u00edses en el mismo tren.&nbsp;<\/span><\/span><\/p>\n<p style=\"margin-top: 1em; margin-right: 0px; margin-bottom: 1em; margin-left: 0px; \"><span style=\"font-size:12px;\"><span style=\"font-family:verdana,geneva,sans-serif;\"><em>Este art\u00edculo fue publicado originalmente en&nbsp;<\/em>El Universo<em>&nbsp;(Ecuador) el 11 de enero de 2012.<\/em><\/span><\/span><\/p>\n<p style=\"margin-top: 1em; margin-right: 0px; margin-bottom: 1em; margin-left: 0px; \"><i><a href=\"http:\/\/www.elcato.org\/node\/2702\" style=\"color: rgb(51, 102, 153); text-decoration: none; \"><span style=\"color:#696969;\">Gabriela Calder\u00f3n<\/span><\/a><\/i><span style=\"color:#696969;\"><i>&nbsp;es editora de&nbsp;<\/i>ElCato.org<i>, investigadora del Cato Institute y columnista de&nbsp;<\/i>El Universo<i>&nbsp;(Ecuador).<\/i><\/span><\/p>\n<p style=\"margin-top: 1em; margin-right: 0px; margin-bottom: 1em; margin-left: 0px; \"><span style=\"font-size:12px;\"><span style=\"font-family:verdana,geneva,sans-serif;\"><strong>Referencias:<\/strong><\/span><\/span><\/p>\n<p style=\"margin-top: 1em; margin-right: 0px; margin-bottom: 1em; margin-left: 0px; \"><span style=\"font-size:12px;\"><span style=\"font-family:verdana,geneva,sans-serif;\"><a href=\"http:\/\/www.elcato.org\/dos-mitos-de-la-crisis#_ftnref1\" id=\"_ftn1\" name=\"_ftn1\" style=\"color: rgb(51, 102, 153); text-decoration: none; \" title=\"\">1<\/a>.&nbsp;<a href=\"http:\/\/stats.oecd.org\/Index.aspx?DataSetCode=SNA_TABLE11\" style=\"color: rgb(51, 102, 153); text-decoration: none; \">Estad\u00edsticas de la OCDE<\/a>.<\/span><\/span><\/p>\n<p style=\"margin-top: 1em; margin-right: 0px; margin-bottom: 1em; margin-left: 0px; \"><span style=\"font-size:12px;\"><span style=\"font-family:verdana,geneva,sans-serif;\"><a href=\"http:\/\/www.elcato.org\/dos-mitos-de-la-crisis#_ftnref2\" id=\"_ftn2\" name=\"_ftn2\" style=\"color: rgb(51, 102, 153); text-decoration: none; \" title=\"\">2<\/a>.&nbsp;<a href=\"http:\/\/databank.worldbank.org\/ddp\/home.do\" style=\"color: rgb(51, 102, 153); text-decoration: none; \">World Data Bank<\/a>, World Development Indicators, Banco Mundial. Datos entre 2000 y 2010.<\/span><\/span><\/p>\n<p style=\"margin-top: 1em; margin-right: 0px; margin-bottom: 1em; margin-left: 0px; \"><span style=\"font-size:12px;\"><span style=\"font-family:verdana,geneva,sans-serif;\"><a href=\"http:\/\/www.elcato.org\/dos-mitos-de-la-crisis#_ftnref3\" id=\"_ftn3\" name=\"_ftn3\" style=\"color: rgb(51, 102, 153); text-decoration: none; \" title=\"\">3<\/a>. Juan Ram\u00f3n Rallo. &ldquo;<a href=\"http:\/\/www.elcato.org\/histeria-anti-austeridad\" style=\"color: rgb(51, 102, 153); text-decoration: none; \">Histeria anti-austeridad<\/a>&rdquo;.&nbsp;<em>ElCato.org<\/em>. 21 de diciembre de 2011.<\/span><\/span><\/p>\n<p style=\"margin-top: 1em; margin-right: 0px; margin-bottom: 1em; margin-left: 0px; \"><span style=\"font-size:12px;\"><span style=\"font-family:verdana,geneva,sans-serif;\"><a href=\"http:\/\/www.elcato.org\/dos-mitos-de-la-crisis#_ftnref4\" id=\"_ftn4\" name=\"_ftn4\" style=\"color: rgb(51, 102, 153); text-decoration: none; \" title=\"\">4<\/a>. Juan Carlos Hidalgo. &ldquo;<a href=\"http:\/\/www.libremente.org\/?p=937\" style=\"color: rgb(51, 102, 153); text-decoration: none; \">Las falacias de Paul Krugman<\/a>&rdquo;.&nbsp;<em>Libremente.org<\/em>. 10 de agosto de 2011.<\/span><\/span><\/p>\n<p style=\"margin-top: 1em; margin-right: 0px; margin-bottom: 1em; margin-left: 0px; \"><span style=\"font-size:12px;\"><span style=\"font-family:verdana,geneva,sans-serif;\"><a href=\"http:\/\/www.elcato.org\/dos-mitos-de-la-crisis#_ftnref5\" id=\"_ftn5\" name=\"_ftn5\" style=\"color: rgb(51, 102, 153); text-decoration: none; \" title=\"\">5<\/a>. Pierre Lemieux. &ldquo;<a href=\"http:\/\/www.elcato.org\/por-que-grecia-llego-declarar-un-default-y-por-que-haran-lo-mismo-otros-paises\" style=\"color: rgb(51, 102, 153); text-decoration: none; \">Por qu\u00e9 Grecia lleg\u00f3 a declarar un default y por qu\u00e9 har\u00e1n lo mismo otros pa\u00edses<\/a>&rdquo;.&nbsp;<em>ElCato.org<\/em>. 4 de enero de 2012.<\/span><\/span><\/p>\n<div class=\"pvc_clear\"><\/div>\n<p class=\"pvc_stats all \" data-element-id=\"20024\" style=\"\"><i class=\"pvc-stats-icon medium\" aria-hidden=\"true\"><svg aria-hidden=\"true\" focusable=\"false\" data-prefix=\"far\" data-icon=\"chart-bar\" role=\"img\" xmlns=\"http:\/\/www.w3.org\/2000\/svg\" viewBox=\"0 0 512 512\" class=\"svg-inline--fa fa-chart-bar fa-w-16 fa-2x\"><path fill=\"currentColor\" d=\"M396.8 352h22.4c6.4 0 12.8-6.4 12.8-12.8V108.8c0-6.4-6.4-12.8-12.8-12.8h-22.4c-6.4 0-12.8 6.4-12.8 12.8v230.4c0 6.4 6.4 12.8 12.8 12.8zm-192 0h22.4c6.4 0 12.8-6.4 12.8-12.8V140.8c0-6.4-6.4-12.8-12.8-12.8h-22.4c-6.4 0-12.8 6.4-12.8 12.8v198.4c0 6.4 6.4 12.8 12.8 12.8zm96 0h22.4c6.4 0 12.8-6.4 12.8-12.8V204.8c0-6.4-6.4-12.8-12.8-12.8h-22.4c-6.4 0-12.8 6.4-12.8 12.8v134.4c0 6.4 6.4 12.8 12.8 12.8zM496 400H48V80c0-8.84-7.16-16-16-16H16C7.16 64 0 71.16 0 80v336c0 17.67 14.33 32 32 32h464c8.84 0 16-7.16 16-16v-16c0-8.84-7.16-16-16-16zm-387.2-48h22.4c6.4 0 12.8-6.4 12.8-12.8v-70.4c0-6.4-6.4-12.8-12.8-12.8h-22.4c-6.4 0-12.8 6.4-12.8 12.8v70.4c0 6.4 6.4 12.8 12.8 12.8z\" class=\"\"><\/path><\/svg><\/i> Vistas Totales&nbsp;591&nbsp;, Vistas Hoy&nbsp;2&nbsp;<\/p>\n<div class=\"pvc_clear\"><\/div>\n","protected":false},"excerpt":{"rendered":"<p>Autor: Gabriela Calder\u00f3n de BurgosFuente: www.elcato.orgHay dos mitos sobre la crisis que van difundi\u00e9ndose cada vez m\u00e1s.Mito 1: Al leer la prensa y escuchar a los pol\u00edticos, usted podr\u00eda llevarse la impresi\u00f3n de que Europa y EE.UU. est\u00e1n implementando programas agresivos de austeridad. Pero si vemos las cifras de gasto p\u00fablico para la Eurozona y para EE.UU. notaremos que el gasto p\u00fablico aument\u00f3 cada a\u00f1o entre 2007 y 2010.<\/p>\n<div class=\"pvc_clear\"><\/div>\n<p class=\"pvc_stats all \" data-element-id=\"20024\" style=\"\"><i class=\"pvc-stats-icon medium\" aria-hidden=\"true\"><svg aria-hidden=\"true\" focusable=\"false\" data-prefix=\"far\" data-icon=\"chart-bar\" role=\"img\" xmlns=\"http:\/\/www.w3.org\/2000\/svg\" viewBox=\"0 0 512 512\" class=\"svg-inline--fa fa-chart-bar fa-w-16 fa-2x\"><path fill=\"currentColor\" d=\"M396.8 352h22.4c6.4 0 12.8-6.4 12.8-12.8V108.8c0-6.4-6.4-12.8-12.8-12.8h-22.4c-6.4 0-12.8 6.4-12.8 12.8v230.4c0 6.4 6.4 12.8 12.8 12.8zm-192 0h22.4c6.4 0 12.8-6.4 12.8-12.8V140.8c0-6.4-6.4-12.8-12.8-12.8h-22.4c-6.4 0-12.8 6.4-12.8 12.8v198.4c0 6.4 6.4 12.8 12.8 12.8zm96 0h22.4c6.4 0 12.8-6.4 12.8-12.8V204.8c0-6.4-6.4-12.8-12.8-12.8h-22.4c-6.4 0-12.8 6.4-12.8 12.8v134.4c0 6.4 6.4 12.8 12.8 12.8zM496 400H48V80c0-8.84-7.16-16-16-16H16C7.16 64 0 71.16 0 80v336c0 17.67 14.33 32 32 32h464c8.84 0 16-7.16 16-16v-16c0-8.84-7.16-16-16-16zm-387.2-48h22.4c6.4 0 12.8-6.4 12.8-12.8v-70.4c0-6.4-6.4-12.8-12.8-12.8h-22.4c-6.4 0-12.8 6.4-12.8 12.8v70.4c0 6.4 6.4 12.8 12.8 12.8z\" class=\"\"><\/path><\/svg><\/i> Vistas Totales&nbsp;591&nbsp;, Vistas Hoy&nbsp;2&nbsp;<\/p>\n<div class=\"pvc_clear\"><\/div>\n","protected":false},"author":2,"featured_media":0,"comment_status":"closed","ping_status":"closed","sticky":false,"template":"","format":"standard","meta":{"footnotes":""},"categories":[21],"tags":[],"class_list":["post-20024","post","type-post","status-publish","format-standard","hentry","category-blog"],"yoast_head":"<!-- This site is optimized with the Yoast SEO plugin v25.2 - https:\/\/yoast.com\/wordpress\/plugins\/seo\/ -->\n<title>Dos mitos de la crisis | CREES<\/title>\n<meta name=\"robots\" content=\"index, follow, max-snippet:-1, max-image-preview:large, max-video-preview:-1\" \/>\n<link rel=\"canonical\" href=\"https:\/\/crees.org.do\/?p=20024\" \/>\n<meta property=\"og:locale\" content=\"es_ES\" \/>\n<meta property=\"og:type\" content=\"article\" \/>\n<meta property=\"og:title\" content=\"Dos mitos de la crisis | CREES\" \/>\n<meta property=\"og:description\" content=\"Autor: Gabriela Calder\u00f3n de BurgosFuente: www.elcato.orgHay dos mitos sobre la crisis que van difundi\u00e9ndose cada vez m\u00e1s.Mito 1: Al leer la prensa y escuchar a los pol\u00edticos, usted podr\u00eda llevarse la impresi\u00f3n de que Europa y EE.UU. est\u00e1n implementando programas agresivos de austeridad. Pero si vemos las cifras de gasto p\u00fablico para la Eurozona y para EE.UU. notaremos que el gasto p\u00fablico aument\u00f3 cada a\u00f1o entre 2007 y 2010.\" \/>\n<meta property=\"og:url\" content=\"https:\/\/crees.org.do\/?p=20024\" \/>\n<meta property=\"og:site_name\" content=\"CREES\" \/>\n<meta property=\"article:publisher\" content=\"https:\/\/www.facebook.com\/CREESRD\/\" \/>\n<meta property=\"article:published_time\" content=\"2012-02-01T00:00:00+00:00\" \/>\n<meta property=\"article:modified_time\" content=\"2021-08-11T22:46:43+00:00\" \/>\n<meta property=\"og:image\" content=\"https:\/\/crees.org.do\/wp-content\/uploads\/2022\/03\/crees-logo-1.jpg\" \/>\n\t<meta property=\"og:image:width\" content=\"244\" \/>\n\t<meta property=\"og:image:height\" content=\"71\" \/>\n\t<meta property=\"og:image:type\" content=\"image\/jpeg\" \/>\n<meta name=\"author\" content=\"Crees\" \/>\n<meta name=\"twitter:card\" content=\"summary_large_image\" \/>\n<meta name=\"twitter:creator\" content=\"@CREESRD\" \/>\n<meta name=\"twitter:site\" content=\"@CREESRD\" \/>\n<meta name=\"twitter:label1\" content=\"Escrito por\" \/>\n\t<meta name=\"twitter:data1\" content=\"Crees\" \/>\n\t<meta name=\"twitter:label2\" content=\"Tiempo de lectura\" \/>\n\t<meta name=\"twitter:data2\" content=\"4 minutos\" \/>\n<script type=\"application\/ld+json\" class=\"yoast-schema-graph\">{\"@context\":\"https:\/\/schema.org\",\"@graph\":[{\"@type\":\"Article\",\"@id\":\"https:\/\/crees.org.do\/?p=20024#article\",\"isPartOf\":{\"@id\":\"https:\/\/crees.org.do\/?p=20024\"},\"author\":{\"name\":\"Crees\",\"@id\":\"https:\/\/crees.org.do\/#\/schema\/person\/e7f97cd94d7bf9cd0e0ce30acb7d56b8\"},\"headline\":\"Dos mitos de la crisis\",\"datePublished\":\"2012-02-01T00:00:00+00:00\",\"dateModified\":\"2021-08-11T22:46:43+00:00\",\"mainEntityOfPage\":{\"@id\":\"https:\/\/crees.org.do\/?p=20024\"},\"wordCount\":727,\"publisher\":{\"@id\":\"https:\/\/crees.org.do\/#organization\"},\"articleSection\":[\"Blog\"],\"inLanguage\":\"es\"},{\"@type\":\"WebPage\",\"@id\":\"https:\/\/crees.org.do\/?p=20024\",\"url\":\"https:\/\/crees.org.do\/?p=20024\",\"name\":\"Dos mitos de la crisis | CREES\",\"isPartOf\":{\"@id\":\"https:\/\/crees.org.do\/#website\"},\"datePublished\":\"2012-02-01T00:00:00+00:00\",\"dateModified\":\"2021-08-11T22:46:43+00:00\",\"breadcrumb\":{\"@id\":\"https:\/\/crees.org.do\/?p=20024#breadcrumb\"},\"inLanguage\":\"es\",\"potentialAction\":[{\"@type\":\"ReadAction\",\"target\":[\"https:\/\/crees.org.do\/?p=20024\"]}]},{\"@type\":\"BreadcrumbList\",\"@id\":\"https:\/\/crees.org.do\/?p=20024#breadcrumb\",\"itemListElement\":[{\"@type\":\"ListItem\",\"position\":1,\"name\":\"Portada\",\"item\":\"https:\/\/crees.org.do\/\"},{\"@type\":\"ListItem\",\"position\":2,\"name\":\"Dos mitos de la crisis\"}]},{\"@type\":\"WebSite\",\"@id\":\"https:\/\/crees.org.do\/#website\",\"url\":\"https:\/\/crees.org.do\/\",\"name\":\"CREES\",\"description\":\"Centro Regional de Estrategias Econ\u00f3micas Sostenibles\",\"publisher\":{\"@id\":\"https:\/\/crees.org.do\/#organization\"},\"potentialAction\":[{\"@type\":\"SearchAction\",\"target\":{\"@type\":\"EntryPoint\",\"urlTemplate\":\"https:\/\/crees.org.do\/?s={search_term_string}\"},\"query-input\":{\"@type\":\"PropertyValueSpecification\",\"valueRequired\":true,\"valueName\":\"search_term_string\"}}],\"inLanguage\":\"es\"},{\"@type\":\"Organization\",\"@id\":\"https:\/\/crees.org.do\/#organization\",\"name\":\"CREES | Centro Regional de Estrategias Econ\u00f3micas Sostenibles\",\"url\":\"https:\/\/crees.org.do\/\",\"logo\":{\"@type\":\"ImageObject\",\"inLanguage\":\"es\",\"@id\":\"https:\/\/crees.org.do\/#\/schema\/logo\/image\/\",\"url\":\"https:\/\/crees.org.do\/wp-content\/uploads\/2022\/03\/crees-logo-1.jpg\",\"contentUrl\":\"https:\/\/crees.org.do\/wp-content\/uploads\/2022\/03\/crees-logo-1.jpg\",\"width\":244,\"height\":71,\"caption\":\"CREES | Centro Regional de Estrategias Econ\u00f3micas Sostenibles\"},\"image\":{\"@id\":\"https:\/\/crees.org.do\/#\/schema\/logo\/image\/\"},\"sameAs\":[\"https:\/\/www.facebook.com\/CREESRD\/\",\"https:\/\/x.com\/CREESRD\"]},{\"@type\":\"Person\",\"@id\":\"https:\/\/crees.org.do\/#\/schema\/person\/e7f97cd94d7bf9cd0e0ce30acb7d56b8\",\"name\":\"Crees\",\"image\":{\"@type\":\"ImageObject\",\"inLanguage\":\"es\",\"@id\":\"https:\/\/crees.org.do\/#\/schema\/person\/image\/\",\"url\":\"https:\/\/secure.gravatar.com\/avatar\/390ac8f0be5d9aa046152553e2dd7011b59a512d89c150f5e5f28bb8d9a0b165?s=96&d=mm&r=g\",\"contentUrl\":\"https:\/\/secure.gravatar.com\/avatar\/390ac8f0be5d9aa046152553e2dd7011b59a512d89c150f5e5f28bb8d9a0b165?s=96&d=mm&r=g\",\"caption\":\"Crees\"},\"url\":\"https:\/\/crees.org.do\/?author=2\"}]}<\/script>\n<!-- \/ Yoast SEO plugin. -->","yoast_head_json":{"title":"Dos mitos de la crisis | CREES","robots":{"index":"index","follow":"follow","max-snippet":"max-snippet:-1","max-image-preview":"max-image-preview:large","max-video-preview":"max-video-preview:-1"},"canonical":"https:\/\/crees.org.do\/?p=20024","og_locale":"es_ES","og_type":"article","og_title":"Dos mitos de la crisis | CREES","og_description":"Autor: Gabriela Calder\u00f3n de BurgosFuente: www.elcato.orgHay dos mitos sobre la crisis que van difundi\u00e9ndose cada vez m\u00e1s.Mito 1: Al leer la prensa y escuchar a los pol\u00edticos, usted podr\u00eda llevarse la impresi\u00f3n de que Europa y EE.UU. est\u00e1n implementando programas agresivos de austeridad. Pero si vemos las cifras de gasto p\u00fablico para la Eurozona y para EE.UU. notaremos que el gasto p\u00fablico aument\u00f3 cada a\u00f1o entre 2007 y 2010.","og_url":"https:\/\/crees.org.do\/?p=20024","og_site_name":"CREES","article_publisher":"https:\/\/www.facebook.com\/CREESRD\/","article_published_time":"2012-02-01T00:00:00+00:00","article_modified_time":"2021-08-11T22:46:43+00:00","og_image":[{"width":244,"height":71,"url":"https:\/\/crees.org.do\/wp-content\/uploads\/2022\/03\/crees-logo-1.jpg","type":"image\/jpeg"}],"author":"Crees","twitter_card":"summary_large_image","twitter_creator":"@CREESRD","twitter_site":"@CREESRD","twitter_misc":{"Escrito por":"Crees","Tiempo de lectura":"4 minutos"},"schema":{"@context":"https:\/\/schema.org","@graph":[{"@type":"Article","@id":"https:\/\/crees.org.do\/?p=20024#article","isPartOf":{"@id":"https:\/\/crees.org.do\/?p=20024"},"author":{"name":"Crees","@id":"https:\/\/crees.org.do\/#\/schema\/person\/e7f97cd94d7bf9cd0e0ce30acb7d56b8"},"headline":"Dos mitos de la crisis","datePublished":"2012-02-01T00:00:00+00:00","dateModified":"2021-08-11T22:46:43+00:00","mainEntityOfPage":{"@id":"https:\/\/crees.org.do\/?p=20024"},"wordCount":727,"publisher":{"@id":"https:\/\/crees.org.do\/#organization"},"articleSection":["Blog"],"inLanguage":"es"},{"@type":"WebPage","@id":"https:\/\/crees.org.do\/?p=20024","url":"https:\/\/crees.org.do\/?p=20024","name":"Dos mitos de la crisis | CREES","isPartOf":{"@id":"https:\/\/crees.org.do\/#website"},"datePublished":"2012-02-01T00:00:00+00:00","dateModified":"2021-08-11T22:46:43+00:00","breadcrumb":{"@id":"https:\/\/crees.org.do\/?p=20024#breadcrumb"},"inLanguage":"es","potentialAction":[{"@type":"ReadAction","target":["https:\/\/crees.org.do\/?p=20024"]}]},{"@type":"BreadcrumbList","@id":"https:\/\/crees.org.do\/?p=20024#breadcrumb","itemListElement":[{"@type":"ListItem","position":1,"name":"Portada","item":"https:\/\/crees.org.do\/"},{"@type":"ListItem","position":2,"name":"Dos mitos de la crisis"}]},{"@type":"WebSite","@id":"https:\/\/crees.org.do\/#website","url":"https:\/\/crees.org.do\/","name":"CREES","description":"Centro Regional de Estrategias Econ\u00f3micas Sostenibles","publisher":{"@id":"https:\/\/crees.org.do\/#organization"},"potentialAction":[{"@type":"SearchAction","target":{"@type":"EntryPoint","urlTemplate":"https:\/\/crees.org.do\/?s={search_term_string}"},"query-input":{"@type":"PropertyValueSpecification","valueRequired":true,"valueName":"search_term_string"}}],"inLanguage":"es"},{"@type":"Organization","@id":"https:\/\/crees.org.do\/#organization","name":"CREES | Centro Regional de Estrategias Econ\u00f3micas Sostenibles","url":"https:\/\/crees.org.do\/","logo":{"@type":"ImageObject","inLanguage":"es","@id":"https:\/\/crees.org.do\/#\/schema\/logo\/image\/","url":"https:\/\/crees.org.do\/wp-content\/uploads\/2022\/03\/crees-logo-1.jpg","contentUrl":"https:\/\/crees.org.do\/wp-content\/uploads\/2022\/03\/crees-logo-1.jpg","width":244,"height":71,"caption":"CREES | Centro Regional de Estrategias Econ\u00f3micas Sostenibles"},"image":{"@id":"https:\/\/crees.org.do\/#\/schema\/logo\/image\/"},"sameAs":["https:\/\/www.facebook.com\/CREESRD\/","https:\/\/x.com\/CREESRD"]},{"@type":"Person","@id":"https:\/\/crees.org.do\/#\/schema\/person\/e7f97cd94d7bf9cd0e0ce30acb7d56b8","name":"Crees","image":{"@type":"ImageObject","inLanguage":"es","@id":"https:\/\/crees.org.do\/#\/schema\/person\/image\/","url":"https:\/\/secure.gravatar.com\/avatar\/390ac8f0be5d9aa046152553e2dd7011b59a512d89c150f5e5f28bb8d9a0b165?s=96&d=mm&r=g","contentUrl":"https:\/\/secure.gravatar.com\/avatar\/390ac8f0be5d9aa046152553e2dd7011b59a512d89c150f5e5f28bb8d9a0b165?s=96&d=mm&r=g","caption":"Crees"},"url":"https:\/\/crees.org.do\/?author=2"}]}},"_links":{"self":[{"href":"https:\/\/crees.org.do\/index.php?rest_route=\/wp\/v2\/posts\/20024","targetHints":{"allow":["GET"]}}],"collection":[{"href":"https:\/\/crees.org.do\/index.php?rest_route=\/wp\/v2\/posts"}],"about":[{"href":"https:\/\/crees.org.do\/index.php?rest_route=\/wp\/v2\/types\/post"}],"author":[{"embeddable":true,"href":"https:\/\/crees.org.do\/index.php?rest_route=\/wp\/v2\/users\/2"}],"replies":[{"embeddable":true,"href":"https:\/\/crees.org.do\/index.php?rest_route=%2Fwp%2Fv2%2Fcomments&post=20024"}],"version-history":[{"count":1,"href":"https:\/\/crees.org.do\/index.php?rest_route=\/wp\/v2\/posts\/20024\/revisions"}],"predecessor-version":[{"id":20042,"href":"https:\/\/crees.org.do\/index.php?rest_route=\/wp\/v2\/posts\/20024\/revisions\/20042"}],"wp:attachment":[{"href":"https:\/\/crees.org.do\/index.php?rest_route=%2Fwp%2Fv2%2Fmedia&parent=20024"}],"wp:term":[{"taxonomy":"category","embeddable":true,"href":"https:\/\/crees.org.do\/index.php?rest_route=%2Fwp%2Fv2%2Fcategories&post=20024"},{"taxonomy":"post_tag","embeddable":true,"href":"https:\/\/crees.org.do\/index.php?rest_route=%2Fwp%2Fv2%2Ftags&post=20024"}],"curies":[{"name":"wp","href":"https:\/\/api.w.org\/{rel}","templated":true}]}}