{"id":20099,"date":"2021-08-13T15:58:59","date_gmt":"2021-08-13T15:58:59","guid":{"rendered":"https:\/\/crees.org.do\/?p=20099"},"modified":"2021-08-17T15:59:20","modified_gmt":"2021-08-17T15:59:20","slug":"economista-advierte-riesgos-por-crecimiento-de-deuda-y-la-inflacion","status":"publish","type":"post","link":"https:\/\/crees.org.do\/?p=20099","title":{"rendered":"Economista advierte riesgos por crecimiento de deuda y la inflaci\u00f3n"},"content":{"rendered":"<p>Autor: La Redacci\u00f3n<\/p>\n<p>Fecha: 11 de agosto del 2021<\/p>\n<p>Extra\u00eddo de:\u00a0<a href=\"https:\/\/www.diariodigital.com.do\/2021\/08\/13\/economista-advierte-riesgos-por-crecimiento-de-deuda-y-la-inflacion.html\">Diario Digital RD<\/a><\/p>\n<p style=\"text-align: justify;\"><strong>El economista Miguel Collado Di Franco consider\u00f3 preocupante el nivel de endeudamiento del pa\u00eds porque ya supera el 71% del Producto Interno \u00a0Bruto (PIB) y los intereses montan alrededor del 25% de los ingresos tributarios.<\/strong><\/p>\n<p style=\"text-align: justify;\">El ejecutivo del Centro Regional de Estrategias Econ\u00f3micas Sostenibles (CREES) dijo que en estos tiempos se esperaba que el gobierno hubiese alcanzado un porcentaje de gastos menor, pero mientras la deuda se incrementa, el pa\u00eds tiene que dedicar una cuarta parte de todos sus ingresos para pagar intereses de la deuda.<\/p>\n<p style=\"text-align: justify;\">Entrevistado en el programa televisivo \u201cPropuesta de la noche\u201d, por Digital 15, el experto en materia econ\u00f3mica expres\u00f3 que \u201csi bien es cierto que la pandemia ha demandado mayores recursos, en este a\u00f1o ya deber\u00edamos haber alcanzado un porcentaje menor de gastos\u201d, por lo que \u201ces cuestionable el manejo de las finanzas en ese sentido\u201d.<\/p>\n<p style=\"text-align: justify;\">\u201cEs una situaci\u00f3n delicada y uno esperaba por la elaboraci\u00f3n original del presupuesto y por la misma situaci\u00f3n de que ya estaban las finanzas p\u00fablicas, espec\u00edficamente el endeudamiento, de que en este a\u00f1o el manejo del gasto fuera m\u00e1s moderado\u201d, se\u00f1al\u00f3 Collado Di Franco.<\/p>\n<p style=\"text-align: justify;\">Advirti\u00f3 que poco significa que aumente el PIB, pues para hacer frente a los compromisos de la deuda se debe incrementar las recaudaciones, porque\u00a0\u201cno es con el PIB que se est\u00e1 pagando la deuda, sino con los ingresos tributarios, los ingresos del gobierno\u201d.<\/p>\n<p style=\"text-align: justify;\">\u201cSe trata de una situaci\u00f3n preocupante de verdad y es algo a lo que hay que ponerle atenci\u00f3n \u00a0y por eso mencionaba que una de las reformas necesarias ser\u00eda que alg\u00fan congresista se\u00a0empodere y presente una ley de Responsabilidad Fiscal. En el\u00a0Congreso de Rep\u00fablica Dominicana tenemos un proyecto desde el 2013 elaborado por el CREES y\u00a0la\u00a0FINJUS. Rep\u00fablica Dominicana no debe esperar\u00a0para\u00a0poner la casa en orden en t\u00e9rminos de las finanzas p\u00fablicas\u201d,\u00a0afirm\u00f3 el reputado economista.<\/p>\n<h3 class=\"alignwide\" style=\"text-align: justify;\">La inflaci\u00f3n<\/h3>\n<p style=\"text-align: justify;\">Collado Di Franco advirti\u00f3 que otro tema preocupante es \u201cla inflaci\u00f3n que nos est\u00e1 afectando\u201d, que contrario a lo que afirman las autoridades del Banco Central, no es transitoria y seg\u00fan su opini\u00f3n tampoco se va reducir con acciones coyunturales.<\/p>\n<p style=\"text-align: justify;\">\u201cEntendemos que (la inflaci\u00f3n) no es transitoria y no se va a paliar con medidas coyunturales que tienden a usar recursos de los mismos contribuyentes, recursos del erario, enti\u00e9ndase transferencias, subsidios\u201d, porque a su juicio \u201cese tipo de medida no son las que van a ayudarnos en eso\u201d, apunt\u00f3 el ejecutivo de CREES.<\/p>\n<p style=\"text-align: justify;\">En cambio, Collado Di Franco manifest\u00f3 que \u00a0\u201clo que nos va a ayudar es el establecimiento de un conjunto de reformas estructurales que puedan abaratar los costos internos en Rep\u00fablica Dominicana y poder ser m\u00e1s productivo, poder producir m\u00e1s con menos unidades de materias primas, de insumos\u201d.<\/p>\n<p style=\"text-align: justify;\">En lo relativo al reajuste salarial dispuesto por el Comit\u00e9 Nacional de Salarios, el experto dijo que\u00a0\u201cno es precisamente una soluci\u00f3n, si bien era necesario para ajustar precisamente estos incrementos\u201d,\u00a0pero\u00a0si no van acompa\u00f1ados\u00a0de medidas que incrementen la productividad de los \u00a0trabajadores,\u00a0lo que\u00a0provoca\u00a0es\u00a0\u201celevar los costos de producci\u00f3n y dificultar que algunas personas entren al mercado laboral porque se encarece m\u00e1s la mano de obra en t\u00e9rminos de lo que puede producir\u201d.<\/p>\n<p style=\"text-align: justify;\">Afirm\u00f3 que las\u00a0reformas estructurales que\u00a0ha\u00a0venido presentando el CREES desde hace tiempo\u00a0\u201cson m\u00e1s necesarias en este momento por los aumentos en los precios de la materia prima que importamos\u201d.<\/p>\n<h3 class=\"alignwide\" style=\"text-align: justify;\">Balance de un a\u00f1o<\/h3>\n<p style=\"text-align: justify;\">Al cuestionarlo acerca de c\u00f3mo ha sido el primer a\u00f1o del gobierno de Luis Abinader, Collado Di Franco dijo que asumi\u00f3 el poder en un momento dif\u00edcil, pero ha tenido \u00e9xito en materia de justicia y salud.<\/p>\n<p style=\"text-align: justify;\">\u201cEl tema de la justicia creo que es un punto definitivamente positivo, la independencia que ha mostrado la justicia en estos \u00faltimos meses da\u00a0confianza en t\u00e9rminos de la inversi\u00f3n privada, en todo lo que es el clima de negocio\u201d, puntualiz\u00f3 el economista.<\/p>\n<div class=\"google-auto-placed ap_container\">\n<p style=\"text-align: justify;\">En lo relativo al manejo \u00a0de la parte sanitaria\u00a0creada por la irrupci\u00f3n del Covid-19, Collado Di Franco se\u00f1al\u00f3 que \u201ccon las vacunas hay que apuntarle unos buenos puntos al gobierno en t\u00e9rminos de que somos una de las naciones que dentro Am\u00e9rica Latina tiene una mayor tasa de vacunaci\u00f3n y definitivamente ya somos pioneros en esto de la tercera dosis y esto ayuda bastante a la recuperaci\u00f3n\u201d.<\/p>\n<p style=\"text-align: justify;\">Igualmente, valor\u00f3 como positivo los avances\u00a0relacionados\u00a0con las finanzas p\u00fablicas. \u201cEl hecho de que tengamos una Direcci\u00f3n de Compras y Contrataciones, una gesti\u00f3n m\u00e1s fortalecida tambi\u00e9n es un buen punto\u201d,\u00a0agreg\u00f3.<\/p>\n<p style=\"text-align: justify;\">Reconoci\u00f3 como acertado\u00a0que se hayan hecho dos operaciones de manejo de deudas con el fin de abaratar el costo de la misma, porque \u201ces un punto que ha sido positivo dentro de todo el endeudamiento p\u00fablico que ha tomado el gobierno para manejar sus gastos\u201d.<\/p>\n<p style=\"text-align: justify;\">En iguales t\u00e9rminos se pronunci\u00f3 sobre\u00a0protocolos que se han implementado en el sector turismo, los que en su opini\u00f3n han posibilitado \u201creanimar este sector y tratar de acercarnos m\u00e1s a los que fueron los niveles de 2019 en cuanto a llegadas de turistas extranjeros\u201d.<\/p>\n<\/div>\n<div class=\"pvc_clear\"><\/div>\n<p class=\"pvc_stats all \" data-element-id=\"20099\" style=\"\"><i class=\"pvc-stats-icon medium\" aria-hidden=\"true\"><svg aria-hidden=\"true\" focusable=\"false\" data-prefix=\"far\" data-icon=\"chart-bar\" role=\"img\" xmlns=\"http:\/\/www.w3.org\/2000\/svg\" viewBox=\"0 0 512 512\" class=\"svg-inline--fa fa-chart-bar fa-w-16 fa-2x\"><path fill=\"currentColor\" d=\"M396.8 352h22.4c6.4 0 12.8-6.4 12.8-12.8V108.8c0-6.4-6.4-12.8-12.8-12.8h-22.4c-6.4 0-12.8 6.4-12.8 12.8v230.4c0 6.4 6.4 12.8 12.8 12.8zm-192 0h22.4c6.4 0 12.8-6.4 12.8-12.8V140.8c0-6.4-6.4-12.8-12.8-12.8h-22.4c-6.4 0-12.8 6.4-12.8 12.8v198.4c0 6.4 6.4 12.8 12.8 12.8zm96 0h22.4c6.4 0 12.8-6.4 12.8-12.8V204.8c0-6.4-6.4-12.8-12.8-12.8h-22.4c-6.4 0-12.8 6.4-12.8 12.8v134.4c0 6.4 6.4 12.8 12.8 12.8zM496 400H48V80c0-8.84-7.16-16-16-16H16C7.16 64 0 71.16 0 80v336c0 17.67 14.33 32 32 32h464c8.84 0 16-7.16 16-16v-16c0-8.84-7.16-16-16-16zm-387.2-48h22.4c6.4 0 12.8-6.4 12.8-12.8v-70.4c0-6.4-6.4-12.8-12.8-12.8h-22.4c-6.4 0-12.8 6.4-12.8 12.8v70.4c0 6.4 6.4 12.8 12.8 12.8z\" class=\"\"><\/path><\/svg><\/i> Vistas Totales&nbsp;1,058&nbsp;<\/p>\n<div class=\"pvc_clear\"><\/div>\n","protected":false},"excerpt":{"rendered":"<p>Autor: La Redacci\u00f3n Fecha: 11 de agosto del 2021 Extra\u00eddo de:\u00a0Diario Digital RD El economista Miguel Collado Di Franco consider\u00f3 preocupante el nivel de endeudamiento del pa\u00eds porque ya supera el 71% del Producto Interno \u00a0Bruto (PIB) y los intereses montan alrededor del 25% de los ingresos tributarios. El ejecutivo del Centro Regional de Estrategias&#8230;<\/p>\n<div class=\"pvc_clear\"><\/div>\n<p class=\"pvc_stats all \" data-element-id=\"20099\" style=\"\"><i class=\"pvc-stats-icon medium\" aria-hidden=\"true\"><svg aria-hidden=\"true\" focusable=\"false\" data-prefix=\"far\" data-icon=\"chart-bar\" role=\"img\" xmlns=\"http:\/\/www.w3.org\/2000\/svg\" viewBox=\"0 0 512 512\" class=\"svg-inline--fa fa-chart-bar fa-w-16 fa-2x\"><path fill=\"currentColor\" d=\"M396.8 352h22.4c6.4 0 12.8-6.4 12.8-12.8V108.8c0-6.4-6.4-12.8-12.8-12.8h-22.4c-6.4 0-12.8 6.4-12.8 12.8v230.4c0 6.4 6.4 12.8 12.8 12.8zm-192 0h22.4c6.4 0 12.8-6.4 12.8-12.8V140.8c0-6.4-6.4-12.8-12.8-12.8h-22.4c-6.4 0-12.8 6.4-12.8 12.8v198.4c0 6.4 6.4 12.8 12.8 12.8zm96 0h22.4c6.4 0 12.8-6.4 12.8-12.8V204.8c0-6.4-6.4-12.8-12.8-12.8h-22.4c-6.4 0-12.8 6.4-12.8 12.8v134.4c0 6.4 6.4 12.8 12.8 12.8zM496 400H48V80c0-8.84-7.16-16-16-16H16C7.16 64 0 71.16 0 80v336c0 17.67 14.33 32 32 32h464c8.84 0 16-7.16 16-16v-16c0-8.84-7.16-16-16-16zm-387.2-48h22.4c6.4 0 12.8-6.4 12.8-12.8v-70.4c0-6.4-6.4-12.8-12.8-12.8h-22.4c-6.4 0-12.8 6.4-12.8 12.8v70.4c0 6.4 6.4 12.8 12.8 12.8z\" class=\"\"><\/path><\/svg><\/i> Vistas Totales&nbsp;1,058&nbsp;<\/p>\n<div class=\"pvc_clear\"><\/div>\n","protected":false},"author":2,"featured_media":20100,"comment_status":"closed","ping_status":"closed","sticky":false,"template":"","format":"standard","meta":{"footnotes":""},"categories":[19],"tags":[],"class_list":["post-20099","post","type-post","status-publish","format-standard","has-post-thumbnail","hentry","category-actualidad"],"yoast_head":"<!-- This site is optimized with the Yoast SEO plugin v25.2 - https:\/\/yoast.com\/wordpress\/plugins\/seo\/ -->\n<title>Economista advierte riesgos por crecimiento de deuda y la inflaci\u00f3n | CREES<\/title>\n<meta name=\"robots\" content=\"index, follow, max-snippet:-1, max-image-preview:large, max-video-preview:-1\" \/>\n<link rel=\"canonical\" href=\"https:\/\/crees.org.do\/?p=20099\" \/>\n<meta property=\"og:locale\" content=\"es_ES\" \/>\n<meta property=\"og:type\" content=\"article\" \/>\n<meta property=\"og:title\" content=\"Economista advierte riesgos por crecimiento de deuda y la inflaci\u00f3n | CREES\" \/>\n<meta property=\"og:description\" content=\"Autor: La Redacci\u00f3n Fecha: 11 de agosto del 2021 Extra\u00eddo de:\u00a0Diario Digital RD El economista Miguel Collado Di Franco consider\u00f3 preocupante el nivel de endeudamiento del pa\u00eds porque ya supera el 71% del Producto Interno \u00a0Bruto (PIB) y los intereses montan alrededor del 25% de los ingresos tributarios. El ejecutivo del Centro Regional de Estrategias...\" \/>\n<meta property=\"og:url\" content=\"https:\/\/crees.org.do\/?p=20099\" \/>\n<meta property=\"og:site_name\" content=\"CREES\" \/>\n<meta property=\"article:publisher\" content=\"https:\/\/www.facebook.com\/CREESRD\/\" \/>\n<meta property=\"article:published_time\" content=\"2021-08-13T15:58:59+00:00\" \/>\n<meta property=\"article:modified_time\" content=\"2021-08-17T15:59:20+00:00\" \/>\n<meta property=\"og:image\" content=\"https:\/\/crees.org.do\/wp-content\/uploads\/2021\/08\/F5AF9AA5-C447-47F1-805E-93834D631D64-750x375-1.jpeg\" \/>\n\t<meta property=\"og:image:width\" content=\"750\" \/>\n\t<meta property=\"og:image:height\" content=\"375\" \/>\n\t<meta property=\"og:image:type\" content=\"image\/jpeg\" \/>\n<meta name=\"author\" content=\"Crees\" \/>\n<meta name=\"twitter:card\" content=\"summary_large_image\" \/>\n<meta name=\"twitter:creator\" content=\"@CREESRD\" \/>\n<meta name=\"twitter:site\" content=\"@CREESRD\" \/>\n<meta name=\"twitter:label1\" content=\"Escrito por\" \/>\n\t<meta name=\"twitter:data1\" content=\"Crees\" \/>\n\t<meta name=\"twitter:label2\" content=\"Tiempo de lectura\" \/>\n\t<meta name=\"twitter:data2\" content=\"5 minutos\" \/>\n<script type=\"application\/ld+json\" class=\"yoast-schema-graph\">{\"@context\":\"https:\/\/schema.org\",\"@graph\":[{\"@type\":\"Article\",\"@id\":\"https:\/\/crees.org.do\/?p=20099#article\",\"isPartOf\":{\"@id\":\"https:\/\/crees.org.do\/?p=20099\"},\"author\":{\"name\":\"Crees\",\"@id\":\"https:\/\/crees.org.do\/#\/schema\/person\/e7f97cd94d7bf9cd0e0ce30acb7d56b8\"},\"headline\":\"Economista advierte riesgos por crecimiento de deuda y la inflaci\u00f3n\",\"datePublished\":\"2021-08-13T15:58:59+00:00\",\"dateModified\":\"2021-08-17T15:59:20+00:00\",\"mainEntityOfPage\":{\"@id\":\"https:\/\/crees.org.do\/?p=20099\"},\"wordCount\":915,\"publisher\":{\"@id\":\"https:\/\/crees.org.do\/#organization\"},\"image\":{\"@id\":\"https:\/\/crees.org.do\/?p=20099#primaryimage\"},\"thumbnailUrl\":\"https:\/\/crees.org.do\/wp-content\/uploads\/2021\/08\/F5AF9AA5-C447-47F1-805E-93834D631D64-750x375-1.jpeg\",\"articleSection\":[\"Actualidad\"],\"inLanguage\":\"es\"},{\"@type\":\"WebPage\",\"@id\":\"https:\/\/crees.org.do\/?p=20099\",\"url\":\"https:\/\/crees.org.do\/?p=20099\",\"name\":\"Economista advierte riesgos por crecimiento de deuda y la inflaci\u00f3n | CREES\",\"isPartOf\":{\"@id\":\"https:\/\/crees.org.do\/#website\"},\"primaryImageOfPage\":{\"@id\":\"https:\/\/crees.org.do\/?p=20099#primaryimage\"},\"image\":{\"@id\":\"https:\/\/crees.org.do\/?p=20099#primaryimage\"},\"thumbnailUrl\":\"https:\/\/crees.org.do\/wp-content\/uploads\/2021\/08\/F5AF9AA5-C447-47F1-805E-93834D631D64-750x375-1.jpeg\",\"datePublished\":\"2021-08-13T15:58:59+00:00\",\"dateModified\":\"2021-08-17T15:59:20+00:00\",\"breadcrumb\":{\"@id\":\"https:\/\/crees.org.do\/?p=20099#breadcrumb\"},\"inLanguage\":\"es\",\"potentialAction\":[{\"@type\":\"ReadAction\",\"target\":[\"https:\/\/crees.org.do\/?p=20099\"]}]},{\"@type\":\"ImageObject\",\"inLanguage\":\"es\",\"@id\":\"https:\/\/crees.org.do\/?p=20099#primaryimage\",\"url\":\"https:\/\/crees.org.do\/wp-content\/uploads\/2021\/08\/F5AF9AA5-C447-47F1-805E-93834D631D64-750x375-1.jpeg\",\"contentUrl\":\"https:\/\/crees.org.do\/wp-content\/uploads\/2021\/08\/F5AF9AA5-C447-47F1-805E-93834D631D64-750x375-1.jpeg\",\"width\":750,\"height\":375},{\"@type\":\"BreadcrumbList\",\"@id\":\"https:\/\/crees.org.do\/?p=20099#breadcrumb\",\"itemListElement\":[{\"@type\":\"ListItem\",\"position\":1,\"name\":\"Portada\",\"item\":\"https:\/\/crees.org.do\/\"},{\"@type\":\"ListItem\",\"position\":2,\"name\":\"Economista advierte riesgos por crecimiento de deuda y la inflaci\u00f3n\"}]},{\"@type\":\"WebSite\",\"@id\":\"https:\/\/crees.org.do\/#website\",\"url\":\"https:\/\/crees.org.do\/\",\"name\":\"CREES\",\"description\":\"Centro Regional de Estrategias Econ\u00f3micas Sostenibles\",\"publisher\":{\"@id\":\"https:\/\/crees.org.do\/#organization\"},\"potentialAction\":[{\"@type\":\"SearchAction\",\"target\":{\"@type\":\"EntryPoint\",\"urlTemplate\":\"https:\/\/crees.org.do\/?s={search_term_string}\"},\"query-input\":{\"@type\":\"PropertyValueSpecification\",\"valueRequired\":true,\"valueName\":\"search_term_string\"}}],\"inLanguage\":\"es\"},{\"@type\":\"Organization\",\"@id\":\"https:\/\/crees.org.do\/#organization\",\"name\":\"CREES | Centro Regional de Estrategias Econ\u00f3micas Sostenibles\",\"url\":\"https:\/\/crees.org.do\/\",\"logo\":{\"@type\":\"ImageObject\",\"inLanguage\":\"es\",\"@id\":\"https:\/\/crees.org.do\/#\/schema\/logo\/image\/\",\"url\":\"https:\/\/crees.org.do\/wp-content\/uploads\/2022\/03\/crees-logo-1.jpg\",\"contentUrl\":\"https:\/\/crees.org.do\/wp-content\/uploads\/2022\/03\/crees-logo-1.jpg\",\"width\":244,\"height\":71,\"caption\":\"CREES | Centro Regional de Estrategias Econ\u00f3micas Sostenibles\"},\"image\":{\"@id\":\"https:\/\/crees.org.do\/#\/schema\/logo\/image\/\"},\"sameAs\":[\"https:\/\/www.facebook.com\/CREESRD\/\",\"https:\/\/x.com\/CREESRD\"]},{\"@type\":\"Person\",\"@id\":\"https:\/\/crees.org.do\/#\/schema\/person\/e7f97cd94d7bf9cd0e0ce30acb7d56b8\",\"name\":\"Crees\",\"image\":{\"@type\":\"ImageObject\",\"inLanguage\":\"es\",\"@id\":\"https:\/\/crees.org.do\/#\/schema\/person\/image\/\",\"url\":\"https:\/\/secure.gravatar.com\/avatar\/390ac8f0be5d9aa046152553e2dd7011b59a512d89c150f5e5f28bb8d9a0b165?s=96&d=mm&r=g\",\"contentUrl\":\"https:\/\/secure.gravatar.com\/avatar\/390ac8f0be5d9aa046152553e2dd7011b59a512d89c150f5e5f28bb8d9a0b165?s=96&d=mm&r=g\",\"caption\":\"Crees\"},\"url\":\"https:\/\/crees.org.do\/?author=2\"}]}<\/script>\n<!-- \/ Yoast SEO plugin. -->","yoast_head_json":{"title":"Economista advierte riesgos por crecimiento de deuda y la inflaci\u00f3n | CREES","robots":{"index":"index","follow":"follow","max-snippet":"max-snippet:-1","max-image-preview":"max-image-preview:large","max-video-preview":"max-video-preview:-1"},"canonical":"https:\/\/crees.org.do\/?p=20099","og_locale":"es_ES","og_type":"article","og_title":"Economista advierte riesgos por crecimiento de deuda y la inflaci\u00f3n | CREES","og_description":"Autor: La Redacci\u00f3n Fecha: 11 de agosto del 2021 Extra\u00eddo de:\u00a0Diario Digital RD El economista Miguel Collado Di Franco consider\u00f3 preocupante el nivel de endeudamiento del pa\u00eds porque ya supera el 71% del Producto Interno \u00a0Bruto (PIB) y los intereses montan alrededor del 25% de los ingresos tributarios. El ejecutivo del Centro Regional de Estrategias...","og_url":"https:\/\/crees.org.do\/?p=20099","og_site_name":"CREES","article_publisher":"https:\/\/www.facebook.com\/CREESRD\/","article_published_time":"2021-08-13T15:58:59+00:00","article_modified_time":"2021-08-17T15:59:20+00:00","og_image":[{"width":750,"height":375,"url":"https:\/\/crees.org.do\/wp-content\/uploads\/2021\/08\/F5AF9AA5-C447-47F1-805E-93834D631D64-750x375-1.jpeg","type":"image\/jpeg"}],"author":"Crees","twitter_card":"summary_large_image","twitter_creator":"@CREESRD","twitter_site":"@CREESRD","twitter_misc":{"Escrito por":"Crees","Tiempo de lectura":"5 minutos"},"schema":{"@context":"https:\/\/schema.org","@graph":[{"@type":"Article","@id":"https:\/\/crees.org.do\/?p=20099#article","isPartOf":{"@id":"https:\/\/crees.org.do\/?p=20099"},"author":{"name":"Crees","@id":"https:\/\/crees.org.do\/#\/schema\/person\/e7f97cd94d7bf9cd0e0ce30acb7d56b8"},"headline":"Economista advierte riesgos por crecimiento de deuda y la inflaci\u00f3n","datePublished":"2021-08-13T15:58:59+00:00","dateModified":"2021-08-17T15:59:20+00:00","mainEntityOfPage":{"@id":"https:\/\/crees.org.do\/?p=20099"},"wordCount":915,"publisher":{"@id":"https:\/\/crees.org.do\/#organization"},"image":{"@id":"https:\/\/crees.org.do\/?p=20099#primaryimage"},"thumbnailUrl":"https:\/\/crees.org.do\/wp-content\/uploads\/2021\/08\/F5AF9AA5-C447-47F1-805E-93834D631D64-750x375-1.jpeg","articleSection":["Actualidad"],"inLanguage":"es"},{"@type":"WebPage","@id":"https:\/\/crees.org.do\/?p=20099","url":"https:\/\/crees.org.do\/?p=20099","name":"Economista advierte riesgos por crecimiento de deuda y la inflaci\u00f3n | CREES","isPartOf":{"@id":"https:\/\/crees.org.do\/#website"},"primaryImageOfPage":{"@id":"https:\/\/crees.org.do\/?p=20099#primaryimage"},"image":{"@id":"https:\/\/crees.org.do\/?p=20099#primaryimage"},"thumbnailUrl":"https:\/\/crees.org.do\/wp-content\/uploads\/2021\/08\/F5AF9AA5-C447-47F1-805E-93834D631D64-750x375-1.jpeg","datePublished":"2021-08-13T15:58:59+00:00","dateModified":"2021-08-17T15:59:20+00:00","breadcrumb":{"@id":"https:\/\/crees.org.do\/?p=20099#breadcrumb"},"inLanguage":"es","potentialAction":[{"@type":"ReadAction","target":["https:\/\/crees.org.do\/?p=20099"]}]},{"@type":"ImageObject","inLanguage":"es","@id":"https:\/\/crees.org.do\/?p=20099#primaryimage","url":"https:\/\/crees.org.do\/wp-content\/uploads\/2021\/08\/F5AF9AA5-C447-47F1-805E-93834D631D64-750x375-1.jpeg","contentUrl":"https:\/\/crees.org.do\/wp-content\/uploads\/2021\/08\/F5AF9AA5-C447-47F1-805E-93834D631D64-750x375-1.jpeg","width":750,"height":375},{"@type":"BreadcrumbList","@id":"https:\/\/crees.org.do\/?p=20099#breadcrumb","itemListElement":[{"@type":"ListItem","position":1,"name":"Portada","item":"https:\/\/crees.org.do\/"},{"@type":"ListItem","position":2,"name":"Economista advierte riesgos por crecimiento de deuda y la inflaci\u00f3n"}]},{"@type":"WebSite","@id":"https:\/\/crees.org.do\/#website","url":"https:\/\/crees.org.do\/","name":"CREES","description":"Centro Regional de Estrategias Econ\u00f3micas Sostenibles","publisher":{"@id":"https:\/\/crees.org.do\/#organization"},"potentialAction":[{"@type":"SearchAction","target":{"@type":"EntryPoint","urlTemplate":"https:\/\/crees.org.do\/?s={search_term_string}"},"query-input":{"@type":"PropertyValueSpecification","valueRequired":true,"valueName":"search_term_string"}}],"inLanguage":"es"},{"@type":"Organization","@id":"https:\/\/crees.org.do\/#organization","name":"CREES | Centro Regional de Estrategias Econ\u00f3micas Sostenibles","url":"https:\/\/crees.org.do\/","logo":{"@type":"ImageObject","inLanguage":"es","@id":"https:\/\/crees.org.do\/#\/schema\/logo\/image\/","url":"https:\/\/crees.org.do\/wp-content\/uploads\/2022\/03\/crees-logo-1.jpg","contentUrl":"https:\/\/crees.org.do\/wp-content\/uploads\/2022\/03\/crees-logo-1.jpg","width":244,"height":71,"caption":"CREES | Centro Regional de Estrategias Econ\u00f3micas Sostenibles"},"image":{"@id":"https:\/\/crees.org.do\/#\/schema\/logo\/image\/"},"sameAs":["https:\/\/www.facebook.com\/CREESRD\/","https:\/\/x.com\/CREESRD"]},{"@type":"Person","@id":"https:\/\/crees.org.do\/#\/schema\/person\/e7f97cd94d7bf9cd0e0ce30acb7d56b8","name":"Crees","image":{"@type":"ImageObject","inLanguage":"es","@id":"https:\/\/crees.org.do\/#\/schema\/person\/image\/","url":"https:\/\/secure.gravatar.com\/avatar\/390ac8f0be5d9aa046152553e2dd7011b59a512d89c150f5e5f28bb8d9a0b165?s=96&d=mm&r=g","contentUrl":"https:\/\/secure.gravatar.com\/avatar\/390ac8f0be5d9aa046152553e2dd7011b59a512d89c150f5e5f28bb8d9a0b165?s=96&d=mm&r=g","caption":"Crees"},"url":"https:\/\/crees.org.do\/?author=2"}]}},"_links":{"self":[{"href":"https:\/\/crees.org.do\/index.php?rest_route=\/wp\/v2\/posts\/20099","targetHints":{"allow":["GET"]}}],"collection":[{"href":"https:\/\/crees.org.do\/index.php?rest_route=\/wp\/v2\/posts"}],"about":[{"href":"https:\/\/crees.org.do\/index.php?rest_route=\/wp\/v2\/types\/post"}],"author":[{"embeddable":true,"href":"https:\/\/crees.org.do\/index.php?rest_route=\/wp\/v2\/users\/2"}],"replies":[{"embeddable":true,"href":"https:\/\/crees.org.do\/index.php?rest_route=%2Fwp%2Fv2%2Fcomments&post=20099"}],"version-history":[{"count":1,"href":"https:\/\/crees.org.do\/index.php?rest_route=\/wp\/v2\/posts\/20099\/revisions"}],"predecessor-version":[{"id":20101,"href":"https:\/\/crees.org.do\/index.php?rest_route=\/wp\/v2\/posts\/20099\/revisions\/20101"}],"wp:featuredmedia":[{"embeddable":true,"href":"https:\/\/crees.org.do\/index.php?rest_route=\/wp\/v2\/media\/20100"}],"wp:attachment":[{"href":"https:\/\/crees.org.do\/index.php?rest_route=%2Fwp%2Fv2%2Fmedia&parent=20099"}],"wp:term":[{"taxonomy":"category","embeddable":true,"href":"https:\/\/crees.org.do\/index.php?rest_route=%2Fwp%2Fv2%2Fcategories&post=20099"},{"taxonomy":"post_tag","embeddable":true,"href":"https:\/\/crees.org.do\/index.php?rest_route=%2Fwp%2Fv2%2Ftags&post=20099"}],"curies":[{"name":"wp","href":"https:\/\/api.w.org\/{rel}","templated":true}]}}