{"id":20104,"date":"2012-01-05T00:00:00","date_gmt":"2012-01-05T00:00:00","guid":{"rendered":"https:\/\/crees.org.do\/reforma-urgente-del-estado-de-bienestar\/"},"modified":"2012-01-05T00:00:00","modified_gmt":"2012-01-05T00:00:00","slug":"reforma-urgente-del-estado-de-bienestar","status":"publish","type":"post","link":"https:\/\/crees.org.do\/?p=20104","title":{"rendered":"Reforma urgente del Estado de Bienestar"},"content":{"rendered":"<p><span style=\"color:#696969;\"><span style=\"font-family: verdana, geneva, sans-serif; \"><span style=\"font-size: 12px; \">Autor: Francisco Aranda<\/span><\/span><\/span><\/p>\n<p class=\"p1\" style=\"text-align: justify; \"><span style=\"color:#696969;\"><span style=\"font-size: 12px; \"><span style=\"font-family: verdana, geneva, sans-serif; \">Fuente: www.libremercado.com<\/span><\/span><\/span><\/p>\n<p class=\"p1\" style=\"text-align: justify; \">&nbsp;<\/p>\n<p class=\"p1\" style=\"text-align: justify; \"><span style=\"font-size:12px;\"><span style=\"font-family:verdana,geneva,sans-serif;\">No podemos andarnos con m\u00e1s rodeos. El contexto ha cambiado y, por lo tanto, nosotros tambi\u00e9n tenemos que cambiar. Para ello son muchos los pilares que hay que reformar. Reformas que el Gobierno de Mariano Rajoy est\u00e1 poniendo en marcha. Pero a\u00fan queda una que es trascendental: la reforma del Estado del Bienestar. Hasta ahora hemos contado con un Estado del Bienestar en el que muchos ciudadanos recib\u00edan, pero no aportaban nada. En una econom\u00eda en auge, quiz\u00e1s, esto se pueda permitir. Pero en la coyuntura actual, es inadmisible. Y no estamos hablando de desmantelar el Estado del Bienestar, sino de reforzarlo, adapt\u00e1ndolo a las circunstancias actuales.<\/span><\/span><\/p>\n<p class=\"p1\" style=\"text-align: justify; \"><span style=\"font-size:12px;\"><span style=\"font-family:verdana,geneva,sans-serif;\">Ya lo hizo Tony Blair a finales de los noventa con su welfare en el Reino Unido. Y eso que la econom\u00eda brit\u00e1nica no estaba tan mal como la espa\u00f1ola en este momento. Fue una apuesta fuerte y arriesgada pero necesaria. Y dio sus frutos, como sucedi\u00f3 igualmente en la Alemania del canciller Schroeder.<\/span><\/span><\/p>\n<p class=\"p1\" style=\"text-align: justify; \"><span style=\"font-size:12px;\"><span style=\"font-family:verdana,geneva,sans-serif;\">Nadie duda de que haya que abogar por los derechos de los ciudadanos, pero sin olvidar sus responsabilidades. Como dijo el reformista Blair en su momento, &quot;hay que ofrecer esperanza a la gente a cambio de un compromiso de ayudarse a s\u00ed mismos&quot;.<\/span><\/span><\/p>\n<p class=\"p1\" style=\"text-align: justify; \"><span style=\"font-size:12px;\"><span style=\"font-family:verdana,geneva,sans-serif;\">El Estado y el sector privado espa\u00f1oles tienen que ofrecer a los ciudadanos oportunidades reales para que los trabajadores adquieran habilidades y puedan adaptarse a las nuevas circunstancias del mercado laboral. Pero esas personas tambi\u00e9n tienen la responsabilidad de aprovechar las oportunidades que se les brindan. Es una forma de ayudarse a s\u00ed mismos.<\/span><\/span><\/p>\n<p class=\"p1\" style=\"text-align: justify; \"><span style=\"font-size:12px;\"><span style=\"font-family:verdana,geneva,sans-serif;\">Tenemos m\u00e1s de cinco millones de personas en el desempleo, pero eso no significa que deban estar paradas. Para lograr el empleo es fundamental adaptar las capacidades de los trabajadores a las necesidades reales de las empresas. Y para mejorar sus habilidades es clave la formaci\u00f3n eficaz. Por eso no tiene sentido en este momento un recorte de las pol\u00edticas activas en esta materia, porque el Estado debe facilitar la independencia de los ciudadanos, no su dependencia del Estado.<\/span><\/span><\/p>\n<p class=\"p1\" style=\"text-align: justify; \"><span style=\"font-size:12px;\"><span style=\"font-family:verdana,geneva,sans-serif;\">En la Tercera V\u00eda de Blair un punto fundamental fueron los llamados Job Centre Plus, un moderno sistema de oficinas de empleo p\u00fablico-privadas que trata a los usuarios como clientes y como empleados en potencia m\u00e1s que como parados. En Espa\u00f1a hay que cambiar la imagen que tenemos de las oficinas del SPEE como un lugar donde te facilitan unos recursos econ\u00f3micos durante un tiempo (dinero a cambio de nada), por un espacio donde expertos p\u00fablicos y privados ofrecen asesoramiento y apoyo a los desempleados para ayudarles a incorporarse al mundo laboral. Es aqu\u00ed donde aparece la responsabilidad del Estado: trabajar activamente con los desempleados para proporcionarles oportunidades reales. Pero tambi\u00e9n se pone de manifiesto la responsabilidad del ciudadano, que consiste en participar activamente con el Estado en la b\u00fasqueda de trabajo y aprovechar las oportunidades que se le ofrecen.<\/span><\/span><\/p>\n<p class=\"p1\" style=\"text-align: justify; \"><span style=\"font-size:12px;\"><span style=\"font-family:verdana,geneva,sans-serif;\">Hay que reformar el Estado del Bienestar tal como lo conoc\u00edamos hasta ahora, no s\u00f3lo por esos cinco millones de desempleados, tambi\u00e9n por todas aquellas personas con barreras particulares para trabajar: personas con discapacidad, con problemas de salud, familias monoparentales&#8230; Y hay que hacerlo no s\u00f3lo porque es lo correcto, sino porque no podemos permitirnos el lujo de seguir perdiendo el talento de nuestros ciudadanos.<\/span><\/span><\/p>\n<p class=\"p1\" style=\"text-align: justify; \"><span style=\"font-size:12px;\"><span style=\"font-family:verdana,geneva,sans-serif;\">Por supuesto, hay determinadas personas que nunca podr\u00e1n trabajar y hay que garantizarles una seguridad digna. Ser\u00edan las denominadas personas con discapacidad de alto grado. Sin embargo, existen otras muchas con algunas barreras que no deben de impedirles acceder al mundo laboral. En ellos hay que centrarse y tomar medidas para que las expectativas de las personas se puedan cumplir.<\/span><\/span><\/p>\n<p class=\"p1\" style=\"text-align: justify; \"><span style=\"font-size:12px;\"><span style=\"font-family:verdana,geneva,sans-serif;\">La movilidad social debe convertirse en una realidad en Espa\u00f1a. Claro que hay que dar prioridad a que los desempleados encuentren un trabajo, pero tampoco hay que olvidarse de aquellos que, teniendo ya un empleo, quieren desarrollar su talento y sus aspiraciones. Ellos tambi\u00e9n se merecen nuevas oportunidades. No se trata de ayudar a sobrevivir, sino de ayudar a mejorar, de ah\u00ed la necesidad de programas espec\u00edficos que permitan obtener mejores y mayores habilidades y, de esta forma, obtener puestos de trabajo de m\u00e1s nivel y mejor remunerados.<\/span><\/span><\/p>\n<p class=\"p1\" style=\"text-align: justify; \"><span style=\"font-size:12px;\"><span style=\"font-family:verdana,geneva,sans-serif;\">Si logramos reducir las cifras del paro, es decir, menos personas cobrando de las arcas p\u00fablicas, habr\u00e1 m\u00e1s dinero para gastar en aquellos que no tienen otros medios de conseguirlo. As\u00ed debe entenderse el nuevo Estado del Bienestar espa\u00f1ol, no como un derecho universal, gratuito e ilimitado, sino como un instrumento puntual para ayudar a los m\u00e1s necesitados de verdad.<\/span><\/span><\/p>\n<div class=\"pvc_clear\"><\/div>\n<p class=\"pvc_stats all \" data-element-id=\"20104\" style=\"\"><i class=\"pvc-stats-icon medium\" aria-hidden=\"true\"><svg aria-hidden=\"true\" focusable=\"false\" data-prefix=\"far\" data-icon=\"chart-bar\" role=\"img\" xmlns=\"http:\/\/www.w3.org\/2000\/svg\" viewBox=\"0 0 512 512\" class=\"svg-inline--fa fa-chart-bar fa-w-16 fa-2x\"><path fill=\"currentColor\" d=\"M396.8 352h22.4c6.4 0 12.8-6.4 12.8-12.8V108.8c0-6.4-6.4-12.8-12.8-12.8h-22.4c-6.4 0-12.8 6.4-12.8 12.8v230.4c0 6.4 6.4 12.8 12.8 12.8zm-192 0h22.4c6.4 0 12.8-6.4 12.8-12.8V140.8c0-6.4-6.4-12.8-12.8-12.8h-22.4c-6.4 0-12.8 6.4-12.8 12.8v198.4c0 6.4 6.4 12.8 12.8 12.8zm96 0h22.4c6.4 0 12.8-6.4 12.8-12.8V204.8c0-6.4-6.4-12.8-12.8-12.8h-22.4c-6.4 0-12.8 6.4-12.8 12.8v134.4c0 6.4 6.4 12.8 12.8 12.8zM496 400H48V80c0-8.84-7.16-16-16-16H16C7.16 64 0 71.16 0 80v336c0 17.67 14.33 32 32 32h464c8.84 0 16-7.16 16-16v-16c0-8.84-7.16-16-16-16zm-387.2-48h22.4c6.4 0 12.8-6.4 12.8-12.8v-70.4c0-6.4-6.4-12.8-12.8-12.8h-22.4c-6.4 0-12.8 6.4-12.8 12.8v70.4c0 6.4 6.4 12.8 12.8 12.8z\" class=\"\"><\/path><\/svg><\/i> Vistas Totales&nbsp;594&nbsp;, Vistas Hoy&nbsp;3&nbsp;<\/p>\n<div class=\"pvc_clear\"><\/div>\n","protected":false},"excerpt":{"rendered":"<p>Autor: Francisco ArandaFuente: www.libremercado.comNo podemos andarnos con m\u00e1s rodeos. El contexto ha cambiado y, por lo tanto, nosotros tambi\u00e9n tenemos que cambiar. Para ello son muchos los pilares que hay que reformar. Reformas que el Gobierno de Mariano Rajoy est\u00e1 poniendo en marcha. Pero a\u00fan queda una que es trascendental: la reforma del Estado del Bienestar. Hasta ahora hemos contado con un Estado del Bienestar en el que muchos ciudadanos recib\u00edan, pero no aportaban nada. En una econom\u00eda en auge, quiz\u00e1s, esto se pueda permitir. Pero en la coyuntura actual, es inadmisible. Y no estamos hablando de desmantelar el Estado del Bienestar, sino de reforzarlo, adapt\u00e1ndolo a las circunstancias actuales.<\/p>\n<div class=\"pvc_clear\"><\/div>\n<p class=\"pvc_stats all \" data-element-id=\"20104\" style=\"\"><i class=\"pvc-stats-icon medium\" aria-hidden=\"true\"><svg aria-hidden=\"true\" focusable=\"false\" data-prefix=\"far\" data-icon=\"chart-bar\" role=\"img\" xmlns=\"http:\/\/www.w3.org\/2000\/svg\" viewBox=\"0 0 512 512\" class=\"svg-inline--fa fa-chart-bar fa-w-16 fa-2x\"><path fill=\"currentColor\" d=\"M396.8 352h22.4c6.4 0 12.8-6.4 12.8-12.8V108.8c0-6.4-6.4-12.8-12.8-12.8h-22.4c-6.4 0-12.8 6.4-12.8 12.8v230.4c0 6.4 6.4 12.8 12.8 12.8zm-192 0h22.4c6.4 0 12.8-6.4 12.8-12.8V140.8c0-6.4-6.4-12.8-12.8-12.8h-22.4c-6.4 0-12.8 6.4-12.8 12.8v198.4c0 6.4 6.4 12.8 12.8 12.8zm96 0h22.4c6.4 0 12.8-6.4 12.8-12.8V204.8c0-6.4-6.4-12.8-12.8-12.8h-22.4c-6.4 0-12.8 6.4-12.8 12.8v134.4c0 6.4 6.4 12.8 12.8 12.8zM496 400H48V80c0-8.84-7.16-16-16-16H16C7.16 64 0 71.16 0 80v336c0 17.67 14.33 32 32 32h464c8.84 0 16-7.16 16-16v-16c0-8.84-7.16-16-16-16zm-387.2-48h22.4c6.4 0 12.8-6.4 12.8-12.8v-70.4c0-6.4-6.4-12.8-12.8-12.8h-22.4c-6.4 0-12.8 6.4-12.8 12.8v70.4c0 6.4 6.4 12.8 12.8 12.8z\" class=\"\"><\/path><\/svg><\/i> Vistas Totales&nbsp;594&nbsp;, Vistas Hoy&nbsp;3&nbsp;<\/p>\n<div class=\"pvc_clear\"><\/div>\n","protected":false},"author":2,"featured_media":0,"comment_status":"open","ping_status":"open","sticky":false,"template":"","format":"standard","meta":{"footnotes":""},"categories":[21],"tags":[],"class_list":["post-20104","post","type-post","status-publish","format-standard","hentry","category-blog"],"yoast_head":"<!-- This site is optimized with the Yoast SEO plugin v25.2 - https:\/\/yoast.com\/wordpress\/plugins\/seo\/ -->\n<title>Reforma urgente del Estado de Bienestar | CREES<\/title>\n<meta name=\"robots\" content=\"index, follow, max-snippet:-1, max-image-preview:large, max-video-preview:-1\" \/>\n<link rel=\"canonical\" href=\"https:\/\/crees.org.do\/?p=20104\" \/>\n<meta property=\"og:locale\" content=\"es_ES\" \/>\n<meta property=\"og:type\" content=\"article\" \/>\n<meta property=\"og:title\" content=\"Reforma urgente del Estado de Bienestar | CREES\" \/>\n<meta property=\"og:description\" content=\"Autor: Francisco ArandaFuente: www.libremercado.comNo podemos andarnos con m\u00e1s rodeos. El contexto ha cambiado y, por lo tanto, nosotros tambi\u00e9n tenemos que cambiar. Para ello son muchos los pilares que hay que reformar. Reformas que el Gobierno de Mariano Rajoy est\u00e1 poniendo en marcha. Pero a\u00fan queda una que es trascendental: la reforma del Estado del Bienestar. Hasta ahora hemos contado con un Estado del Bienestar en el que muchos ciudadanos recib\u00edan, pero no aportaban nada. En una econom\u00eda en auge, quiz\u00e1s, esto se pueda permitir. Pero en la coyuntura actual, es inadmisible. Y no estamos hablando de desmantelar el Estado del Bienestar, sino de reforzarlo, adapt\u00e1ndolo a las circunstancias actuales.\" \/>\n<meta property=\"og:url\" content=\"https:\/\/crees.org.do\/?p=20104\" \/>\n<meta property=\"og:site_name\" content=\"CREES\" \/>\n<meta property=\"article:publisher\" content=\"https:\/\/www.facebook.com\/CREESRD\/\" \/>\n<meta property=\"article:published_time\" content=\"2012-01-05T00:00:00+00:00\" \/>\n<meta property=\"og:image\" content=\"https:\/\/crees.org.do\/wp-content\/uploads\/2022\/03\/crees-logo-1.jpg\" \/>\n\t<meta property=\"og:image:width\" content=\"244\" \/>\n\t<meta property=\"og:image:height\" content=\"71\" \/>\n\t<meta property=\"og:image:type\" content=\"image\/jpeg\" \/>\n<meta name=\"author\" content=\"Crees\" \/>\n<meta name=\"twitter:card\" content=\"summary_large_image\" \/>\n<meta name=\"twitter:creator\" content=\"@CREESRD\" \/>\n<meta name=\"twitter:site\" content=\"@CREESRD\" \/>\n<meta name=\"twitter:label1\" content=\"Escrito por\" \/>\n\t<meta name=\"twitter:data1\" content=\"Crees\" \/>\n\t<meta name=\"twitter:label2\" content=\"Tiempo de lectura\" \/>\n\t<meta name=\"twitter:data2\" content=\"4 minutos\" \/>\n<script type=\"application\/ld+json\" class=\"yoast-schema-graph\">{\"@context\":\"https:\/\/schema.org\",\"@graph\":[{\"@type\":\"Article\",\"@id\":\"https:\/\/crees.org.do\/?p=20104#article\",\"isPartOf\":{\"@id\":\"https:\/\/crees.org.do\/?p=20104\"},\"author\":{\"name\":\"Crees\",\"@id\":\"https:\/\/crees.org.do\/#\/schema\/person\/e7f97cd94d7bf9cd0e0ce30acb7d56b8\"},\"headline\":\"Reforma urgente del Estado de Bienestar\",\"datePublished\":\"2012-01-05T00:00:00+00:00\",\"mainEntityOfPage\":{\"@id\":\"https:\/\/crees.org.do\/?p=20104\"},\"wordCount\":803,\"commentCount\":0,\"publisher\":{\"@id\":\"https:\/\/crees.org.do\/#organization\"},\"articleSection\":[\"Blog\"],\"inLanguage\":\"es\"},{\"@type\":\"WebPage\",\"@id\":\"https:\/\/crees.org.do\/?p=20104\",\"url\":\"https:\/\/crees.org.do\/?p=20104\",\"name\":\"Reforma urgente del Estado de Bienestar | CREES\",\"isPartOf\":{\"@id\":\"https:\/\/crees.org.do\/#website\"},\"datePublished\":\"2012-01-05T00:00:00+00:00\",\"breadcrumb\":{\"@id\":\"https:\/\/crees.org.do\/?p=20104#breadcrumb\"},\"inLanguage\":\"es\",\"potentialAction\":[{\"@type\":\"ReadAction\",\"target\":[\"https:\/\/crees.org.do\/?p=20104\"]}]},{\"@type\":\"BreadcrumbList\",\"@id\":\"https:\/\/crees.org.do\/?p=20104#breadcrumb\",\"itemListElement\":[{\"@type\":\"ListItem\",\"position\":1,\"name\":\"Portada\",\"item\":\"https:\/\/crees.org.do\/\"},{\"@type\":\"ListItem\",\"position\":2,\"name\":\"Reforma urgente del Estado de Bienestar\"}]},{\"@type\":\"WebSite\",\"@id\":\"https:\/\/crees.org.do\/#website\",\"url\":\"https:\/\/crees.org.do\/\",\"name\":\"CREES\",\"description\":\"Centro Regional de Estrategias Econ\u00f3micas Sostenibles\",\"publisher\":{\"@id\":\"https:\/\/crees.org.do\/#organization\"},\"potentialAction\":[{\"@type\":\"SearchAction\",\"target\":{\"@type\":\"EntryPoint\",\"urlTemplate\":\"https:\/\/crees.org.do\/?s={search_term_string}\"},\"query-input\":{\"@type\":\"PropertyValueSpecification\",\"valueRequired\":true,\"valueName\":\"search_term_string\"}}],\"inLanguage\":\"es\"},{\"@type\":\"Organization\",\"@id\":\"https:\/\/crees.org.do\/#organization\",\"name\":\"CREES | Centro Regional de Estrategias Econ\u00f3micas Sostenibles\",\"url\":\"https:\/\/crees.org.do\/\",\"logo\":{\"@type\":\"ImageObject\",\"inLanguage\":\"es\",\"@id\":\"https:\/\/crees.org.do\/#\/schema\/logo\/image\/\",\"url\":\"https:\/\/crees.org.do\/wp-content\/uploads\/2022\/03\/crees-logo-1.jpg\",\"contentUrl\":\"https:\/\/crees.org.do\/wp-content\/uploads\/2022\/03\/crees-logo-1.jpg\",\"width\":244,\"height\":71,\"caption\":\"CREES | Centro Regional de Estrategias Econ\u00f3micas Sostenibles\"},\"image\":{\"@id\":\"https:\/\/crees.org.do\/#\/schema\/logo\/image\/\"},\"sameAs\":[\"https:\/\/www.facebook.com\/CREESRD\/\",\"https:\/\/x.com\/CREESRD\"]},{\"@type\":\"Person\",\"@id\":\"https:\/\/crees.org.do\/#\/schema\/person\/e7f97cd94d7bf9cd0e0ce30acb7d56b8\",\"name\":\"Crees\",\"image\":{\"@type\":\"ImageObject\",\"inLanguage\":\"es\",\"@id\":\"https:\/\/crees.org.do\/#\/schema\/person\/image\/\",\"url\":\"https:\/\/secure.gravatar.com\/avatar\/390ac8f0be5d9aa046152553e2dd7011b59a512d89c150f5e5f28bb8d9a0b165?s=96&d=mm&r=g\",\"contentUrl\":\"https:\/\/secure.gravatar.com\/avatar\/390ac8f0be5d9aa046152553e2dd7011b59a512d89c150f5e5f28bb8d9a0b165?s=96&d=mm&r=g\",\"caption\":\"Crees\"},\"url\":\"https:\/\/crees.org.do\/?author=2\"}]}<\/script>\n<!-- \/ Yoast SEO plugin. -->","yoast_head_json":{"title":"Reforma urgente del Estado de Bienestar | CREES","robots":{"index":"index","follow":"follow","max-snippet":"max-snippet:-1","max-image-preview":"max-image-preview:large","max-video-preview":"max-video-preview:-1"},"canonical":"https:\/\/crees.org.do\/?p=20104","og_locale":"es_ES","og_type":"article","og_title":"Reforma urgente del Estado de Bienestar | CREES","og_description":"Autor: Francisco ArandaFuente: www.libremercado.comNo podemos andarnos con m\u00e1s rodeos. El contexto ha cambiado y, por lo tanto, nosotros tambi\u00e9n tenemos que cambiar. Para ello son muchos los pilares que hay que reformar. Reformas que el Gobierno de Mariano Rajoy est\u00e1 poniendo en marcha. Pero a\u00fan queda una que es trascendental: la reforma del Estado del Bienestar. Hasta ahora hemos contado con un Estado del Bienestar en el que muchos ciudadanos recib\u00edan, pero no aportaban nada. En una econom\u00eda en auge, quiz\u00e1s, esto se pueda permitir. Pero en la coyuntura actual, es inadmisible. Y no estamos hablando de desmantelar el Estado del Bienestar, sino de reforzarlo, adapt\u00e1ndolo a las circunstancias actuales.","og_url":"https:\/\/crees.org.do\/?p=20104","og_site_name":"CREES","article_publisher":"https:\/\/www.facebook.com\/CREESRD\/","article_published_time":"2012-01-05T00:00:00+00:00","og_image":[{"width":244,"height":71,"url":"https:\/\/crees.org.do\/wp-content\/uploads\/2022\/03\/crees-logo-1.jpg","type":"image\/jpeg"}],"author":"Crees","twitter_card":"summary_large_image","twitter_creator":"@CREESRD","twitter_site":"@CREESRD","twitter_misc":{"Escrito por":"Crees","Tiempo de lectura":"4 minutos"},"schema":{"@context":"https:\/\/schema.org","@graph":[{"@type":"Article","@id":"https:\/\/crees.org.do\/?p=20104#article","isPartOf":{"@id":"https:\/\/crees.org.do\/?p=20104"},"author":{"name":"Crees","@id":"https:\/\/crees.org.do\/#\/schema\/person\/e7f97cd94d7bf9cd0e0ce30acb7d56b8"},"headline":"Reforma urgente del Estado de Bienestar","datePublished":"2012-01-05T00:00:00+00:00","mainEntityOfPage":{"@id":"https:\/\/crees.org.do\/?p=20104"},"wordCount":803,"commentCount":0,"publisher":{"@id":"https:\/\/crees.org.do\/#organization"},"articleSection":["Blog"],"inLanguage":"es"},{"@type":"WebPage","@id":"https:\/\/crees.org.do\/?p=20104","url":"https:\/\/crees.org.do\/?p=20104","name":"Reforma urgente del Estado de Bienestar | CREES","isPartOf":{"@id":"https:\/\/crees.org.do\/#website"},"datePublished":"2012-01-05T00:00:00+00:00","breadcrumb":{"@id":"https:\/\/crees.org.do\/?p=20104#breadcrumb"},"inLanguage":"es","potentialAction":[{"@type":"ReadAction","target":["https:\/\/crees.org.do\/?p=20104"]}]},{"@type":"BreadcrumbList","@id":"https:\/\/crees.org.do\/?p=20104#breadcrumb","itemListElement":[{"@type":"ListItem","position":1,"name":"Portada","item":"https:\/\/crees.org.do\/"},{"@type":"ListItem","position":2,"name":"Reforma urgente del Estado de Bienestar"}]},{"@type":"WebSite","@id":"https:\/\/crees.org.do\/#website","url":"https:\/\/crees.org.do\/","name":"CREES","description":"Centro Regional de Estrategias Econ\u00f3micas Sostenibles","publisher":{"@id":"https:\/\/crees.org.do\/#organization"},"potentialAction":[{"@type":"SearchAction","target":{"@type":"EntryPoint","urlTemplate":"https:\/\/crees.org.do\/?s={search_term_string}"},"query-input":{"@type":"PropertyValueSpecification","valueRequired":true,"valueName":"search_term_string"}}],"inLanguage":"es"},{"@type":"Organization","@id":"https:\/\/crees.org.do\/#organization","name":"CREES | Centro Regional de Estrategias Econ\u00f3micas Sostenibles","url":"https:\/\/crees.org.do\/","logo":{"@type":"ImageObject","inLanguage":"es","@id":"https:\/\/crees.org.do\/#\/schema\/logo\/image\/","url":"https:\/\/crees.org.do\/wp-content\/uploads\/2022\/03\/crees-logo-1.jpg","contentUrl":"https:\/\/crees.org.do\/wp-content\/uploads\/2022\/03\/crees-logo-1.jpg","width":244,"height":71,"caption":"CREES | Centro Regional de Estrategias Econ\u00f3micas Sostenibles"},"image":{"@id":"https:\/\/crees.org.do\/#\/schema\/logo\/image\/"},"sameAs":["https:\/\/www.facebook.com\/CREESRD\/","https:\/\/x.com\/CREESRD"]},{"@type":"Person","@id":"https:\/\/crees.org.do\/#\/schema\/person\/e7f97cd94d7bf9cd0e0ce30acb7d56b8","name":"Crees","image":{"@type":"ImageObject","inLanguage":"es","@id":"https:\/\/crees.org.do\/#\/schema\/person\/image\/","url":"https:\/\/secure.gravatar.com\/avatar\/390ac8f0be5d9aa046152553e2dd7011b59a512d89c150f5e5f28bb8d9a0b165?s=96&d=mm&r=g","contentUrl":"https:\/\/secure.gravatar.com\/avatar\/390ac8f0be5d9aa046152553e2dd7011b59a512d89c150f5e5f28bb8d9a0b165?s=96&d=mm&r=g","caption":"Crees"},"url":"https:\/\/crees.org.do\/?author=2"}]}},"_links":{"self":[{"href":"https:\/\/crees.org.do\/index.php?rest_route=\/wp\/v2\/posts\/20104","targetHints":{"allow":["GET"]}}],"collection":[{"href":"https:\/\/crees.org.do\/index.php?rest_route=\/wp\/v2\/posts"}],"about":[{"href":"https:\/\/crees.org.do\/index.php?rest_route=\/wp\/v2\/types\/post"}],"author":[{"embeddable":true,"href":"https:\/\/crees.org.do\/index.php?rest_route=\/wp\/v2\/users\/2"}],"replies":[{"embeddable":true,"href":"https:\/\/crees.org.do\/index.php?rest_route=%2Fwp%2Fv2%2Fcomments&post=20104"}],"version-history":[{"count":0,"href":"https:\/\/crees.org.do\/index.php?rest_route=\/wp\/v2\/posts\/20104\/revisions"}],"wp:attachment":[{"href":"https:\/\/crees.org.do\/index.php?rest_route=%2Fwp%2Fv2%2Fmedia&parent=20104"}],"wp:term":[{"taxonomy":"category","embeddable":true,"href":"https:\/\/crees.org.do\/index.php?rest_route=%2Fwp%2Fv2%2Fcategories&post=20104"},{"taxonomy":"post_tag","embeddable":true,"href":"https:\/\/crees.org.do\/index.php?rest_route=%2Fwp%2Fv2%2Ftags&post=20104"}],"curies":[{"name":"wp","href":"https:\/\/api.w.org\/{rel}","templated":true}]}}