{"id":20109,"date":"2012-01-01T00:00:00","date_gmt":"2012-01-01T00:00:00","guid":{"rendered":"https:\/\/crees.org.do\/la-falsa-austeridad-europea\/"},"modified":"2012-01-01T00:00:00","modified_gmt":"2012-01-01T00:00:00","slug":"la-falsa-austeridad-europea","status":"publish","type":"post","link":"https:\/\/crees.org.do\/?p=20109","title":{"rendered":"La falsa austeridad europea"},"content":{"rendered":"<p>&nbsp;<\/p>\n<p style=\"margin-top: 1em; margin-bottom: 1em; color: rgb(0, 0, 0); font-family: Arial, Helvetica; font-size: 13px; background-color: rgb(255, 255, 255); text-align: justify; \"><span style=\"color:#696969;\">Autor: Michael D. Tanner<\/span><\/p>\n<p style=\"margin-top: 1em; margin-bottom: 1em; color: rgb(0, 0, 0); font-family: Arial, Helvetica; font-size: 13px; background-color: rgb(255, 255, 255); text-align: justify; \"><span style=\"color:#696969;\">Fuente: www.elcato.org<\/span><\/p>\n<p style=\"margin-top: 1em; margin-bottom: 1em; color: rgb(0, 0, 0); font-family: Arial, Helvetica; font-size: 13px; background-color: rgb(255, 255, 255); text-align: justify; \">&nbsp;<\/p>\n<p style=\"margin-top: 1em; margin-bottom: 1em; color: rgb(0, 0, 0); font-family: Arial, Helvetica; font-size: 13px; background-color: rgb(255, 255, 255); text-align: justify; \"><span style=\"font-size:12px;\"><span style=\"font-family: verdana, geneva, sans-serif; \">El movimiento contra la<strong>&nbsp;austeridad<\/strong>&nbsp;se encuentra en pleno apogeo luego de las elecciones en Francia y Grecia. Mientras tanto, en EE.UU., los defensores de m\u00e1s&nbsp;<strong>gasto p\u00fablico<\/strong>&nbsp;insisten en que la debacle europea demuestra que se deben revertir los esfuerzos por reducir la deuda y el d\u00e9ficit. Despu\u00e9s de todo, escribi\u00f3&nbsp;<strong>Paul Krugman<\/strong>&nbsp;en el&nbsp;<em>New York Times<\/em>, &ldquo;el argumento de que recortar el&nbsp;<strong>gasto p\u00fablico<\/strong>&nbsp;estimular\u00eda a los consumidores y a las empresas a gastar m\u00e1s ha sido ampliamente refutado por la experiencia de los dos \u00faltimos a\u00f1os&rdquo;.<\/span><\/span><\/p>\n<p style=\"margin-top: 1em; margin-bottom: 1em; color: rgb(0, 0, 0); font-family: Arial, Helvetica; font-size: 13px; background-color: rgb(255, 255, 255); text-align: justify; \"><span style=\"font-size:12px;\"><span style=\"font-family: verdana, geneva, sans-serif; \">Ante el persistente bajo crecimiento de Europa, Krugman podr\u00eda tener raz\u00f3n &mdash; tan solo si en verdad hubiera habido austeridad en Europa en los dos \u00faltimos a\u00f1os.<\/span><\/span><\/p>\n<p style=\"margin-top: 1em; margin-bottom: 1em; color: rgb(0, 0, 0); font-family: Arial, Helvetica; font-size: 13px; background-color: rgb(255, 255, 255); text-align: justify; \"><span style=\"font-size:12px;\"><span style=\"font-family: verdana, geneva, sans-serif; \">Es cierto que Europa no ha practicado el mismo tipo de gasto keynesiano que caracteriz\u00f3, por ejemplo, al paquete de est\u00edmulo de Obama. Aunque eso no es del todo cierto.&nbsp;<strong>Portugal<\/strong>&nbsp;s\u00ed intent\u00f3 su propia versi\u00f3n de est\u00edmulo fiscal: En 2009 inyect\u00f3 m\u00e1s de &euro;2.200 millones a la econom\u00eda, equivalente a 1,25% de su PIB. El resultado fue que el crecimiento econ\u00f3mico se mantuvo negativo, mientras que el desempleo aument\u00f3 del 9,4% ese a\u00f1o al 14,4% actual. Hace poco el ministro de Finanzas de Portugal le dijo al<em>New York Times<\/em>&nbsp;que luego del est\u00edmulo, &ldquo;las cosas no cambiaron, solo empeoraron&rdquo;.<\/span><\/span><\/p>\n<p style=\"margin-top: 1em; margin-bottom: 1em; color: rgb(0, 0, 0); font-family: Arial, Helvetica; font-size: 13px; background-color: rgb(255, 255, 255); text-align: justify; \"><span style=\"font-size:12px;\"><span style=\"font-family: verdana, geneva, sans-serif; \">Mientras tanto, no es cierto que el resto de Europa haya &ldquo;desmantelado&rdquo; el&nbsp;<strong>Estado de Bienestar<\/strong>, como dijera&nbsp;<strong>Eugene Robinson<\/strong>&nbsp;del&nbsp;<em>Washington Post<\/em>. Desde luego, ya que el Estado promedio de la&nbsp;<strong>Uni\u00f3n Europea<\/strong>&nbsp;consume m\u00e1s de la mitad del PIB nacional, cierto recorte podr\u00eda ser m\u00e1s que necesario. Pero hasta ahora los gobiernos europeos ni siquiera han estado dispuestos a pinchar el Estado de Bienestar, mucho menos lo han desmantelado.<\/span><\/span><\/p>\n<p style=\"margin-top: 1em; margin-bottom: 1em; color: rgb(0, 0, 0); font-family: Arial, Helvetica; font-size: 13px; background-color: rgb(255, 255, 255); text-align: justify; \"><span style=\"font-size:12px;\"><span style=\"font-family: verdana, geneva, sans-serif; \">En&nbsp;<strong>Francia<\/strong>, por ejemplo, la llamada austeridad consisti\u00f3 en gran medida en&nbsp;<strong>aumentos de impuestos<\/strong>. Se introdujo un impuesto complementario del 3% sobre los ingresos mayores a &euro;500.000, se aument\u00f3 en un punto porcentual la tasa m\u00e1xima de renta (de 40% a 41%), y se puso fin a la indexaci\u00f3n autom\u00e1tica de las bandas impositivas en los tributos a la herencia, riqueza y renta. Tambi\u00e9n hubo un aumento del 5% en el impuesto sobre la renta corporativa para las empresas con ingresos superiores a &euro;250 millones, as\u00ed como un aumento en el tributo a las ganancias de capital, y el cierre de varias exenciones en el impuesto de renta corporativo. Y a pesar de que la mayor\u00eda de estos aumentos impositivos estaban dirigidos a los ricos, la clase media tambi\u00e9n sali\u00f3 afectada. Hubo un aumento en el impuesto al valor agregado e impuestos especiales sobre el tabaco y el alcohol.<\/span><\/span><\/p>\n<p style=\"margin-top: 1em; margin-bottom: 1em; color: rgb(0, 0, 0); font-family: Arial, Helvetica; font-size: 13px; background-color: rgb(255, 255, 255); text-align: justify; \"><span style=\"font-size:12px;\"><span style=\"font-family: verdana, geneva, sans-serif; \">Esta agenda deber\u00eda alegrar a cualquier defensor de m\u00e1s impuestos &mdash;como por ejemplo Paul Krugman.<\/span><\/span><\/p>\n<p style=\"margin-top: 1em; margin-bottom: 1em; color: rgb(0, 0, 0); font-family: Arial, Helvetica; font-size: 13px; background-color: rgb(255, 255, 255); text-align: justify; \"><span style=\"font-size:12px;\"><span style=\"font-family: verdana, geneva, sans-serif; \">Es cierto que hubo ciertas reformas a los programas sociales y reducci\u00f3n de gastos. Pero estos a\u00fan no han entrado en efecto. Por ejemplo, Francia aumentar\u00e1 su edad de retiro de 60 a 62 a\u00f1os, pero hasta 2017. Tambi\u00e9n se implementar\u00e1 un l\u00edmite al gasto gubernamental en salud, a partir del pr\u00f3ximo a\u00f1o. Por lo tanto, es un poco dif\u00edcil discernir si recortes presupuestarios que podr\u00edan o no darse en el futuro o aumentos de impuestos que ya han entrado en efecto, son los culpables de que el crecimiento econ\u00f3mico franc\u00e9s se haya desacelerado.<\/span><\/span><\/p>\n<p style=\"margin-top: 1em; margin-bottom: 1em; color: rgb(0, 0, 0); font-family: Arial, Helvetica; font-size: 13px; background-color: rgb(255, 255, 255); text-align: justify; \"><span style=\"font-size:12px;\"><span style=\"font-family: verdana, geneva, sans-serif; \">Veamos tambi\u00e9n el ejemplo del&nbsp;<strong>Reino Unido<\/strong>, donde la coalici\u00f3n conservadora-liberal sufri\u00f3 recientemente una derrota en las elecciones municipales, en parte como reacci\u00f3n a las llamadas medidas de austeridad. Recordemos que un mes antes de perder las elecciones parlamentarias en mayo de 2010, el laborista&nbsp;<strong>Gordon Brown<\/strong>&nbsp;aument\u00f3 el impuesto de renta personal al 50% para las personas con ingresos superiores a &pound;150.000 anuales. Esa medida de hecho logr\u00f3 disminuir los ingresos generados por dicho tributo en &pound;509 millones. El gobierno brit\u00e1nico disminuy\u00f3 su planilla e hizo ciertos recortes en algunos programas, pero su gasto todav\u00eda consume casi el 50% del PIB nacional. El gasto p\u00fablico registr\u00f3 un aumento de &pound;59.200 millones de 2009 a 2011.<\/span><\/span><\/p>\n<p style=\"margin-top: 1em; margin-bottom: 1em; color: rgb(0, 0, 0); font-family: Arial, Helvetica; font-size: 13px; background-color: rgb(255, 255, 255); text-align: justify; \"><span style=\"font-size:12px;\"><span style=\"font-family: verdana, geneva, sans-serif; \">Otros pa\u00edses europeos han seguido el mismo enfoque: aumento de impuestos hoy (especialmente) a los ricos, y promesas de peque\u00f1os recortes en el futuro distante.<strong>Espa\u00f1a<\/strong>&nbsp;impuso un &ldquo;impuesto sobre el patrimonio&rdquo; a los ciudadanos con m\u00e1s de &euro;700.000 en activos, y decret\u00f3 un aumento del 7% en el impuesto de renta para los que ganan m\u00e1s de &euro;300.000 anuales; tambi\u00e9n aument\u00f3 los impuestos sobre las ganancias de capital.<strong>Italia<\/strong>&nbsp;impuso un &ldquo;impuesto solidario&rdquo; del 3% a todos los contribuyentes con ingresos mayores a &euro;300.000.&nbsp;<strong>Grecia<\/strong>&nbsp;aument\u00f3 sus impuestos en casi el doble de lo que redujo el gasto, incluyendo un impuesto complementario del 5% a los ricos. Los impuestos al valor agregado aumentaron por doquier. Y el combustible, el alcohol y el tabaco fueron tambi\u00e9n objeto de aumentos tributarios.<\/span><\/span><\/p>\n<p style=\"margin-top: 1em; margin-bottom: 1em; color: rgb(0, 0, 0); font-family: Arial, Helvetica; font-size: 13px; background-color: rgb(255, 255, 255); text-align: justify; \"><span style=\"font-size:12px;\"><span style=\"font-family: verdana, geneva, sans-serif; \">No deber\u00eda ser ninguna sorpresa que todos estos nuevos impuestos, combinados con una falta de moderaci\u00f3n en los gastos, amenacen con llevar a Europa a una nueva recesi\u00f3n. &iquest;Hay alguna duda de por qu\u00e9 los votantes franceses, griegos y brit\u00e1nicos estaban ansiosos por castigar a sus pol\u00edticos?<\/span><\/span><\/p>\n<p style=\"margin-top: 1em; margin-bottom: 1em; color: rgb(0, 0, 0); font-family: Arial, Helvetica; font-size: 13px; background-color: rgb(255, 255, 255); text-align: justify; \"><span style=\"font-size:12px;\"><span style=\"font-family: verdana, geneva, sans-serif; \"><em>Este art\u00edculo fue publicado originalmente en&nbsp;<\/em>El Universal<em>&nbsp;(Venezuela) el 16 de mayo de 2012.<\/em><\/span><\/span><\/p>\n<div class=\"pvc_clear\"><\/div>\n<p class=\"pvc_stats all \" data-element-id=\"20109\" style=\"\"><i class=\"pvc-stats-icon medium\" aria-hidden=\"true\"><svg aria-hidden=\"true\" focusable=\"false\" data-prefix=\"far\" data-icon=\"chart-bar\" role=\"img\" xmlns=\"http:\/\/www.w3.org\/2000\/svg\" viewBox=\"0 0 512 512\" class=\"svg-inline--fa fa-chart-bar fa-w-16 fa-2x\"><path fill=\"currentColor\" d=\"M396.8 352h22.4c6.4 0 12.8-6.4 12.8-12.8V108.8c0-6.4-6.4-12.8-12.8-12.8h-22.4c-6.4 0-12.8 6.4-12.8 12.8v230.4c0 6.4 6.4 12.8 12.8 12.8zm-192 0h22.4c6.4 0 12.8-6.4 12.8-12.8V140.8c0-6.4-6.4-12.8-12.8-12.8h-22.4c-6.4 0-12.8 6.4-12.8 12.8v198.4c0 6.4 6.4 12.8 12.8 12.8zm96 0h22.4c6.4 0 12.8-6.4 12.8-12.8V204.8c0-6.4-6.4-12.8-12.8-12.8h-22.4c-6.4 0-12.8 6.4-12.8 12.8v134.4c0 6.4 6.4 12.8 12.8 12.8zM496 400H48V80c0-8.84-7.16-16-16-16H16C7.16 64 0 71.16 0 80v336c0 17.67 14.33 32 32 32h464c8.84 0 16-7.16 16-16v-16c0-8.84-7.16-16-16-16zm-387.2-48h22.4c6.4 0 12.8-6.4 12.8-12.8v-70.4c0-6.4-6.4-12.8-12.8-12.8h-22.4c-6.4 0-12.8 6.4-12.8 12.8v70.4c0 6.4 6.4 12.8 12.8 12.8z\" class=\"\"><\/path><\/svg><\/i> Vistas Totales&nbsp;487&nbsp;, Vistas Hoy&nbsp;3&nbsp;<\/p>\n<div class=\"pvc_clear\"><\/div>\n","protected":false},"excerpt":{"rendered":"<p>Autor: Michael D. TannerFuente: www.elcato.orgEl movimiento contra la austeridad se encuentra en pleno apogeo luego de las elecciones en Francia y Grecia. Mientras tanto, en EE.UU., los defensores de m\u00e1s gasto p\u00fablico insisten en que la debacle europea demuestra que se deben revertir los esfuerzos por reducir la deuda y el d\u00e9ficit. Despu\u00e9s de todo, escribi\u00f3 Paul Krugman en el New York Times, \u201cel argumento de que recortar el gasto p\u00fablico estimular\u00eda a los consumidores y a las empresas a gastar m\u00e1s ha sido ampliamente refutado por la experiencia de los dos \u00faltimos a\u00f1os\u201d.<\/p>\n<div class=\"pvc_clear\"><\/div>\n<p class=\"pvc_stats all \" data-element-id=\"20109\" style=\"\"><i class=\"pvc-stats-icon medium\" aria-hidden=\"true\"><svg aria-hidden=\"true\" focusable=\"false\" data-prefix=\"far\" data-icon=\"chart-bar\" role=\"img\" xmlns=\"http:\/\/www.w3.org\/2000\/svg\" viewBox=\"0 0 512 512\" class=\"svg-inline--fa fa-chart-bar fa-w-16 fa-2x\"><path fill=\"currentColor\" d=\"M396.8 352h22.4c6.4 0 12.8-6.4 12.8-12.8V108.8c0-6.4-6.4-12.8-12.8-12.8h-22.4c-6.4 0-12.8 6.4-12.8 12.8v230.4c0 6.4 6.4 12.8 12.8 12.8zm-192 0h22.4c6.4 0 12.8-6.4 12.8-12.8V140.8c0-6.4-6.4-12.8-12.8-12.8h-22.4c-6.4 0-12.8 6.4-12.8 12.8v198.4c0 6.4 6.4 12.8 12.8 12.8zm96 0h22.4c6.4 0 12.8-6.4 12.8-12.8V204.8c0-6.4-6.4-12.8-12.8-12.8h-22.4c-6.4 0-12.8 6.4-12.8 12.8v134.4c0 6.4 6.4 12.8 12.8 12.8zM496 400H48V80c0-8.84-7.16-16-16-16H16C7.16 64 0 71.16 0 80v336c0 17.67 14.33 32 32 32h464c8.84 0 16-7.16 16-16v-16c0-8.84-7.16-16-16-16zm-387.2-48h22.4c6.4 0 12.8-6.4 12.8-12.8v-70.4c0-6.4-6.4-12.8-12.8-12.8h-22.4c-6.4 0-12.8 6.4-12.8 12.8v70.4c0 6.4 6.4 12.8 12.8 12.8z\" class=\"\"><\/path><\/svg><\/i> Vistas Totales&nbsp;487&nbsp;, Vistas Hoy&nbsp;3&nbsp;<\/p>\n<div class=\"pvc_clear\"><\/div>\n","protected":false},"author":2,"featured_media":0,"comment_status":"open","ping_status":"open","sticky":false,"template":"","format":"standard","meta":{"footnotes":""},"categories":[21],"tags":[],"class_list":["post-20109","post","type-post","status-publish","format-standard","hentry","category-blog"],"yoast_head":"<!-- This site is optimized with the Yoast SEO plugin v25.2 - https:\/\/yoast.com\/wordpress\/plugins\/seo\/ -->\n<title>La falsa austeridad europea | CREES<\/title>\n<meta name=\"robots\" content=\"index, follow, max-snippet:-1, max-image-preview:large, max-video-preview:-1\" \/>\n<link rel=\"canonical\" href=\"https:\/\/crees.org.do\/?p=20109\" \/>\n<meta property=\"og:locale\" content=\"es_ES\" \/>\n<meta property=\"og:type\" content=\"article\" \/>\n<meta property=\"og:title\" content=\"La falsa austeridad europea | CREES\" \/>\n<meta property=\"og:description\" content=\"Autor: Michael D. TannerFuente: www.elcato.orgEl movimiento contra la austeridad se encuentra en pleno apogeo luego de las elecciones en Francia y Grecia. Mientras tanto, en EE.UU., los defensores de m\u00e1s gasto p\u00fablico insisten en que la debacle europea demuestra que se deben revertir los esfuerzos por reducir la deuda y el d\u00e9ficit. Despu\u00e9s de todo, escribi\u00f3 Paul Krugman en el New York Times, \u201cel argumento de que recortar el gasto p\u00fablico estimular\u00eda a los consumidores y a las empresas a gastar m\u00e1s ha sido ampliamente refutado por la experiencia de los dos \u00faltimos a\u00f1os\u201d.\" \/>\n<meta property=\"og:url\" content=\"https:\/\/crees.org.do\/?p=20109\" \/>\n<meta property=\"og:site_name\" content=\"CREES\" \/>\n<meta property=\"article:publisher\" content=\"https:\/\/www.facebook.com\/CREESRD\/\" \/>\n<meta property=\"article:published_time\" content=\"2012-01-01T00:00:00+00:00\" \/>\n<meta property=\"og:image\" content=\"https:\/\/crees.org.do\/wp-content\/uploads\/2022\/03\/crees-logo-1.jpg\" \/>\n\t<meta property=\"og:image:width\" content=\"244\" \/>\n\t<meta property=\"og:image:height\" content=\"71\" \/>\n\t<meta property=\"og:image:type\" content=\"image\/jpeg\" \/>\n<meta name=\"author\" content=\"Crees\" \/>\n<meta name=\"twitter:card\" content=\"summary_large_image\" \/>\n<meta name=\"twitter:creator\" content=\"@CREESRD\" \/>\n<meta name=\"twitter:site\" content=\"@CREESRD\" \/>\n<meta name=\"twitter:label1\" content=\"Escrito por\" \/>\n\t<meta name=\"twitter:data1\" content=\"Crees\" \/>\n\t<meta name=\"twitter:label2\" content=\"Tiempo de lectura\" \/>\n\t<meta name=\"twitter:data2\" content=\"5 minutos\" \/>\n<script type=\"application\/ld+json\" class=\"yoast-schema-graph\">{\"@context\":\"https:\/\/schema.org\",\"@graph\":[{\"@type\":\"Article\",\"@id\":\"https:\/\/crees.org.do\/?p=20109#article\",\"isPartOf\":{\"@id\":\"https:\/\/crees.org.do\/?p=20109\"},\"author\":{\"name\":\"Crees\",\"@id\":\"https:\/\/crees.org.do\/#\/schema\/person\/e7f97cd94d7bf9cd0e0ce30acb7d56b8\"},\"headline\":\"La falsa austeridad europea\",\"datePublished\":\"2012-01-01T00:00:00+00:00\",\"mainEntityOfPage\":{\"@id\":\"https:\/\/crees.org.do\/?p=20109\"},\"wordCount\":951,\"commentCount\":0,\"publisher\":{\"@id\":\"https:\/\/crees.org.do\/#organization\"},\"articleSection\":[\"Blog\"],\"inLanguage\":\"es\"},{\"@type\":\"WebPage\",\"@id\":\"https:\/\/crees.org.do\/?p=20109\",\"url\":\"https:\/\/crees.org.do\/?p=20109\",\"name\":\"La falsa austeridad europea | CREES\",\"isPartOf\":{\"@id\":\"https:\/\/crees.org.do\/#website\"},\"datePublished\":\"2012-01-01T00:00:00+00:00\",\"breadcrumb\":{\"@id\":\"https:\/\/crees.org.do\/?p=20109#breadcrumb\"},\"inLanguage\":\"es\",\"potentialAction\":[{\"@type\":\"ReadAction\",\"target\":[\"https:\/\/crees.org.do\/?p=20109\"]}]},{\"@type\":\"BreadcrumbList\",\"@id\":\"https:\/\/crees.org.do\/?p=20109#breadcrumb\",\"itemListElement\":[{\"@type\":\"ListItem\",\"position\":1,\"name\":\"Portada\",\"item\":\"https:\/\/crees.org.do\/\"},{\"@type\":\"ListItem\",\"position\":2,\"name\":\"La falsa austeridad europea\"}]},{\"@type\":\"WebSite\",\"@id\":\"https:\/\/crees.org.do\/#website\",\"url\":\"https:\/\/crees.org.do\/\",\"name\":\"CREES\",\"description\":\"Centro Regional de Estrategias Econ\u00f3micas Sostenibles\",\"publisher\":{\"@id\":\"https:\/\/crees.org.do\/#organization\"},\"potentialAction\":[{\"@type\":\"SearchAction\",\"target\":{\"@type\":\"EntryPoint\",\"urlTemplate\":\"https:\/\/crees.org.do\/?s={search_term_string}\"},\"query-input\":{\"@type\":\"PropertyValueSpecification\",\"valueRequired\":true,\"valueName\":\"search_term_string\"}}],\"inLanguage\":\"es\"},{\"@type\":\"Organization\",\"@id\":\"https:\/\/crees.org.do\/#organization\",\"name\":\"CREES | Centro Regional de Estrategias Econ\u00f3micas Sostenibles\",\"url\":\"https:\/\/crees.org.do\/\",\"logo\":{\"@type\":\"ImageObject\",\"inLanguage\":\"es\",\"@id\":\"https:\/\/crees.org.do\/#\/schema\/logo\/image\/\",\"url\":\"https:\/\/crees.org.do\/wp-content\/uploads\/2022\/03\/crees-logo-1.jpg\",\"contentUrl\":\"https:\/\/crees.org.do\/wp-content\/uploads\/2022\/03\/crees-logo-1.jpg\",\"width\":244,\"height\":71,\"caption\":\"CREES | Centro Regional de Estrategias Econ\u00f3micas Sostenibles\"},\"image\":{\"@id\":\"https:\/\/crees.org.do\/#\/schema\/logo\/image\/\"},\"sameAs\":[\"https:\/\/www.facebook.com\/CREESRD\/\",\"https:\/\/x.com\/CREESRD\"]},{\"@type\":\"Person\",\"@id\":\"https:\/\/crees.org.do\/#\/schema\/person\/e7f97cd94d7bf9cd0e0ce30acb7d56b8\",\"name\":\"Crees\",\"image\":{\"@type\":\"ImageObject\",\"inLanguage\":\"es\",\"@id\":\"https:\/\/crees.org.do\/#\/schema\/person\/image\/\",\"url\":\"https:\/\/secure.gravatar.com\/avatar\/390ac8f0be5d9aa046152553e2dd7011b59a512d89c150f5e5f28bb8d9a0b165?s=96&d=mm&r=g\",\"contentUrl\":\"https:\/\/secure.gravatar.com\/avatar\/390ac8f0be5d9aa046152553e2dd7011b59a512d89c150f5e5f28bb8d9a0b165?s=96&d=mm&r=g\",\"caption\":\"Crees\"},\"url\":\"https:\/\/crees.org.do\/?author=2\"}]}<\/script>\n<!-- \/ Yoast SEO plugin. -->","yoast_head_json":{"title":"La falsa austeridad europea | CREES","robots":{"index":"index","follow":"follow","max-snippet":"max-snippet:-1","max-image-preview":"max-image-preview:large","max-video-preview":"max-video-preview:-1"},"canonical":"https:\/\/crees.org.do\/?p=20109","og_locale":"es_ES","og_type":"article","og_title":"La falsa austeridad europea | CREES","og_description":"Autor: Michael D. TannerFuente: www.elcato.orgEl movimiento contra la austeridad se encuentra en pleno apogeo luego de las elecciones en Francia y Grecia. Mientras tanto, en EE.UU., los defensores de m\u00e1s gasto p\u00fablico insisten en que la debacle europea demuestra que se deben revertir los esfuerzos por reducir la deuda y el d\u00e9ficit. Despu\u00e9s de todo, escribi\u00f3 Paul Krugman en el New York Times, \u201cel argumento de que recortar el gasto p\u00fablico estimular\u00eda a los consumidores y a las empresas a gastar m\u00e1s ha sido ampliamente refutado por la experiencia de los dos \u00faltimos a\u00f1os\u201d.","og_url":"https:\/\/crees.org.do\/?p=20109","og_site_name":"CREES","article_publisher":"https:\/\/www.facebook.com\/CREESRD\/","article_published_time":"2012-01-01T00:00:00+00:00","og_image":[{"width":244,"height":71,"url":"https:\/\/crees.org.do\/wp-content\/uploads\/2022\/03\/crees-logo-1.jpg","type":"image\/jpeg"}],"author":"Crees","twitter_card":"summary_large_image","twitter_creator":"@CREESRD","twitter_site":"@CREESRD","twitter_misc":{"Escrito por":"Crees","Tiempo de lectura":"5 minutos"},"schema":{"@context":"https:\/\/schema.org","@graph":[{"@type":"Article","@id":"https:\/\/crees.org.do\/?p=20109#article","isPartOf":{"@id":"https:\/\/crees.org.do\/?p=20109"},"author":{"name":"Crees","@id":"https:\/\/crees.org.do\/#\/schema\/person\/e7f97cd94d7bf9cd0e0ce30acb7d56b8"},"headline":"La falsa austeridad europea","datePublished":"2012-01-01T00:00:00+00:00","mainEntityOfPage":{"@id":"https:\/\/crees.org.do\/?p=20109"},"wordCount":951,"commentCount":0,"publisher":{"@id":"https:\/\/crees.org.do\/#organization"},"articleSection":["Blog"],"inLanguage":"es"},{"@type":"WebPage","@id":"https:\/\/crees.org.do\/?p=20109","url":"https:\/\/crees.org.do\/?p=20109","name":"La falsa austeridad europea | CREES","isPartOf":{"@id":"https:\/\/crees.org.do\/#website"},"datePublished":"2012-01-01T00:00:00+00:00","breadcrumb":{"@id":"https:\/\/crees.org.do\/?p=20109#breadcrumb"},"inLanguage":"es","potentialAction":[{"@type":"ReadAction","target":["https:\/\/crees.org.do\/?p=20109"]}]},{"@type":"BreadcrumbList","@id":"https:\/\/crees.org.do\/?p=20109#breadcrumb","itemListElement":[{"@type":"ListItem","position":1,"name":"Portada","item":"https:\/\/crees.org.do\/"},{"@type":"ListItem","position":2,"name":"La falsa austeridad europea"}]},{"@type":"WebSite","@id":"https:\/\/crees.org.do\/#website","url":"https:\/\/crees.org.do\/","name":"CREES","description":"Centro Regional de Estrategias Econ\u00f3micas Sostenibles","publisher":{"@id":"https:\/\/crees.org.do\/#organization"},"potentialAction":[{"@type":"SearchAction","target":{"@type":"EntryPoint","urlTemplate":"https:\/\/crees.org.do\/?s={search_term_string}"},"query-input":{"@type":"PropertyValueSpecification","valueRequired":true,"valueName":"search_term_string"}}],"inLanguage":"es"},{"@type":"Organization","@id":"https:\/\/crees.org.do\/#organization","name":"CREES | Centro Regional de Estrategias Econ\u00f3micas Sostenibles","url":"https:\/\/crees.org.do\/","logo":{"@type":"ImageObject","inLanguage":"es","@id":"https:\/\/crees.org.do\/#\/schema\/logo\/image\/","url":"https:\/\/crees.org.do\/wp-content\/uploads\/2022\/03\/crees-logo-1.jpg","contentUrl":"https:\/\/crees.org.do\/wp-content\/uploads\/2022\/03\/crees-logo-1.jpg","width":244,"height":71,"caption":"CREES | Centro Regional de Estrategias Econ\u00f3micas Sostenibles"},"image":{"@id":"https:\/\/crees.org.do\/#\/schema\/logo\/image\/"},"sameAs":["https:\/\/www.facebook.com\/CREESRD\/","https:\/\/x.com\/CREESRD"]},{"@type":"Person","@id":"https:\/\/crees.org.do\/#\/schema\/person\/e7f97cd94d7bf9cd0e0ce30acb7d56b8","name":"Crees","image":{"@type":"ImageObject","inLanguage":"es","@id":"https:\/\/crees.org.do\/#\/schema\/person\/image\/","url":"https:\/\/secure.gravatar.com\/avatar\/390ac8f0be5d9aa046152553e2dd7011b59a512d89c150f5e5f28bb8d9a0b165?s=96&d=mm&r=g","contentUrl":"https:\/\/secure.gravatar.com\/avatar\/390ac8f0be5d9aa046152553e2dd7011b59a512d89c150f5e5f28bb8d9a0b165?s=96&d=mm&r=g","caption":"Crees"},"url":"https:\/\/crees.org.do\/?author=2"}]}},"_links":{"self":[{"href":"https:\/\/crees.org.do\/index.php?rest_route=\/wp\/v2\/posts\/20109","targetHints":{"allow":["GET"]}}],"collection":[{"href":"https:\/\/crees.org.do\/index.php?rest_route=\/wp\/v2\/posts"}],"about":[{"href":"https:\/\/crees.org.do\/index.php?rest_route=\/wp\/v2\/types\/post"}],"author":[{"embeddable":true,"href":"https:\/\/crees.org.do\/index.php?rest_route=\/wp\/v2\/users\/2"}],"replies":[{"embeddable":true,"href":"https:\/\/crees.org.do\/index.php?rest_route=%2Fwp%2Fv2%2Fcomments&post=20109"}],"version-history":[{"count":0,"href":"https:\/\/crees.org.do\/index.php?rest_route=\/wp\/v2\/posts\/20109\/revisions"}],"wp:attachment":[{"href":"https:\/\/crees.org.do\/index.php?rest_route=%2Fwp%2Fv2%2Fmedia&parent=20109"}],"wp:term":[{"taxonomy":"category","embeddable":true,"href":"https:\/\/crees.org.do\/index.php?rest_route=%2Fwp%2Fv2%2Fcategories&post=20109"},{"taxonomy":"post_tag","embeddable":true,"href":"https:\/\/crees.org.do\/index.php?rest_route=%2Fwp%2Fv2%2Ftags&post=20109"}],"curies":[{"name":"wp","href":"https:\/\/api.w.org\/{rel}","templated":true}]}}