{"id":20110,"date":"2012-01-01T00:00:00","date_gmt":"2012-01-01T00:00:00","guid":{"rendered":"https:\/\/crees.org.do\/el-papel-del-sector-privado-en-el-desarrollo\/"},"modified":"2012-01-01T00:00:00","modified_gmt":"2012-01-01T00:00:00","slug":"el-papel-del-sector-privado-en-el-desarrollo","status":"publish","type":"post","link":"https:\/\/crees.org.do\/?p=20110","title":{"rendered":"El papel del sector privado en el desarrollo"},"content":{"rendered":"<p style=\"text-align: justify; \"><span style=\"color:#696969;\"><span style=\"font-size: 12px; \"><span style=\"font-family: verdana, geneva, sans-serif; \">Autor: John Sullivan<\/span><\/span><\/span><\/p>\n<p style=\"text-align: justify; \"><span style=\"color:#696969;\"><span style=\"font-size: 12px; \"><span style=\"font-family: verdana, geneva, sans-serif; \">Fuente:&nbsp;www.revistaperspectiva.com<\/span><\/span><\/span><\/p>\n<p style=\"text-align: justify; \">&nbsp;<\/p>\n<p style=\"text-align: justify; \"><span style=\"font-size:12px;\"><span style=\"font-family: verdana, geneva, sans-serif; \">Son muchos los retos existentes para reducir la pobreza, pero la base para abordarlos se limita a la necesidad de reformar pol\u00edticas que expandan el acceso a las oportunidades y generen confianza en las instituciones p\u00fablicas y el mercado. En consecuencia, el papel del sector privado en el desarrollo internacional no se puede entender exclusivamente como las acciones y contribuciones de compa\u00f1\u00edas de naciones industrializadas, ni se puede ce\u00f1ir a ayudar a empresarios a t\u00edtulo individual en los pa\u00edses en desarrollo por medio de la educaci\u00f3n o la financiaci\u00f3n. M\u00e1s bien, dicho papel se extiende a involucrar al sector privado local en las reformas institucionales que promuevan la creaci\u00f3n de un entorno justo para todas las empresas, tanto locales como extranjeras.<\/span><\/span><\/p>\n<p>&nbsp;<\/p>\n<p style=\"text-align: justify; \"><span style=\"font-size:12px;\"><span style=\"font-family: verdana, geneva, sans-serif; \">Las reformas institucionales pueden tener diversas dimensiones y \u00e1reas de foco, desde el fortalecimiento de los derechos de propiedad hasta la lucha contra la corrupci\u00f3n, pasando por mejorar el marco legislativo que gobierna las operaciones de los negocios. Su cualidad compartida, sin embargo, es el foco en la construcci\u00f3n de instituciones que subyacen en las democracias y econom\u00edas de mercado por igual y se basan en los valores de equidad, rendici\u00f3n de cuentas, transparencia y responsabilidad. Como bien lo saben los directivos de numerosas compa\u00f1\u00edas que operan en los pa\u00edses en v\u00edas de desarrollo, el entorno institucional est\u00e1 lejos de ser aquel que fomente el emprendimiento y el crecimiento, por lo que deben luchar a diario por hacer cumplir los contratos, defenderse de grupos criminales, enfrentar la corrupci\u00f3n rampante y los complejos procesos de licencias, y a menudo navegar por leyes y regulaciones aparatosas y en conflicto.<\/span><\/span><\/p>\n<p style=\"text-align: justify; \"><span style=\"font-size:12px;\"><span style=\"font-family: verdana, geneva, sans-serif; \">Si estas barreras institucionales son aparentes para las compa\u00f1\u00edas extranjeras, es f\u00e1cil entender el efecto que tienen sobre los emprendedores locales, cuyos recursos en cuanto a tiempo y dinero requeridos para superar obst\u00e1culos son infinitamente m\u00e1s peque\u00f1os. Entre las dificultades para abrir, manejar y cerrar un negocio registrado, varios emprendedores encuentran que esas barreras son insuperables y quedan atrapados en el sector informal, donde no pueden alcanzar todo su potencial y contribuir de manera significativa al desarrollo de una econom\u00eda moderna. No sorprende que en muchos pa\u00edses la mayor parte del empleo y una porci\u00f3n apreciable del PIB provengan del sector informal.<\/span><\/span><\/p>\n<p>&nbsp;<\/p>\n<p style=\"text-align: justify; \"><span style=\"font-size:12px;\"><span style=\"font-family: verdana, geneva, sans-serif; \">Cabe se\u00f1alar que las barreras que obstaculizan a los emprendedores son indicativas de fallas de gobernabilidad m\u00e1s profundas que no s\u00f3lo minan la econom\u00eda de muchas naciones, sino que tambi\u00e9n da\u00f1an sus prospectos democr\u00e1ticos. Como tales, los esfuerzos por apoyar a emprendedores o firmas, establecer fondos de capital de inversi\u00f3n o ayudar a los j\u00f3venes a desarrollar planes de negocios no son suficientes. Pueden resultar bastante efectivos para crear historias de \u00e9xitos individuales y sacar a algunas personas de la pobreza, pero no llegan a la mayor\u00eda porque no abordan las barreras institucionales que se encuentran en el centro del problema.<\/span><\/span><\/p>\n<p style=\"text-align: justify; \"><span style=\"font-size:12px;\"><span style=\"font-family: verdana, geneva, sans-serif; \">&iquest;Qu\u00e9 puede hacer el sector privado?<\/span><\/span><\/p>\n<p>&nbsp;<\/p>\n<p style=\"text-align: justify; \"><span style=\"font-size:12px;\"><span style=\"font-family: verdana, geneva, sans-serif; \">Al hablar de las contribuciones del sector privado al desarrollo, debemos tener presente que los negocios no son monol\u00edticos. Las comunidades empresariales en muchos de los pa\u00edses son extremadamente diversas. \u00c9stas incluyen compa\u00f1\u00edas peque\u00f1as y medianas, el sector informal, firmas de tecnolog\u00eda de punta, empresas clientelistas y entidades estatales. Aunque las compa\u00f1\u00edas conectadas con el Estado mediante lazos corruptos temen la p\u00e9rdida de su posici\u00f3n privilegiada, la mayor\u00eda de los negocios en cualquier pa\u00eds s\u00ed desean reformas. Quieren que las mismas reglas se apliquen a todo el mundo, as\u00ed como menos barreras para hacer negocios.<\/span><\/span><\/p>\n<p style=\"text-align: justify; \"><span style=\"font-size:12px;\"><span style=\"font-family: verdana, geneva, sans-serif; \">Sin embargo, la mayor\u00eda de los intereses de negocios leg\u00edtimos no est\u00e1n representados con frecuencia en el proceso pol\u00edtico de una naci\u00f3n cuando las poderosas \u00e9lites de los negocios y amigos monopolizan el acceso al gobierno. Una comunidad de negocios m\u00e1s extendida se debe involucrar en el proceso de reforma para lograr que la escuchen en el debate de pol\u00edtica y que prevalezca la competencia econ\u00f3mica justa. A su turno, la competencia econ\u00f3mica justa fortalece la diversidad de los negocios y el pluralismo, lo cual crea un fuerte contexto para una saludable competencia y un contrapeso sobre el poder estatal .<\/span><\/span><\/p>\n<p>&nbsp;<\/p>\n<p style=\"text-align: justify; \"><span style=\"font-size:12px;\"><span style=\"font-family: verdana, geneva, sans-serif; \">Dependiendo del marco de gobernabilidad y pol\u00edtica de un pa\u00eds, los emprendedores y las compa\u00f1\u00edas competitivas florecer\u00e1n o terminar\u00e1n ahogados por los capitalistas clientelistas. Esta diferencia clave la captaron William Baumol, Robert Litan y Carl Schramm en su libro Capitalismo bueno, capitalismo malo. Ellos anotan que aunque las empresas estatales se han convertido en una presencia crecientemente poderosa en a\u00f1os recientes, no ofrecen buenos prospectos para la innovaci\u00f3n y el crecimiento sostenible. Ellos recomiendan cultivar las econom\u00edas emprendedoras, donde hay un empoderamiento de los negocios para innovar y hacer la transici\u00f3n de microempresas a compa\u00f1\u00edas peque\u00f1as y medianas, creando al mismo tiempo puestos de trabajo y fortaleciendo la econom\u00eda. Proveer el entorno institucional que fomenta esta transici\u00f3n es de vital importancia para la reducci\u00f3n de la pobreza y para el desarrollo.<\/span><\/span><\/p>\n<p style=\"text-align: justify; \"><span style=\"font-size:12px;\"><span style=\"font-family: verdana, geneva, sans-serif; \">El Consenso de Monterrey, adoptado en la Conferencia Internacional sobre Financiaci\u00f3n para el Desarrollo de las Naciones Unidas, se centro en el 2002 en movilizar el capital local, atraer la inversi\u00f3n extranjera y facilitar el comercio como medio para impulsar el desarrollo. Con este fin, llam\u00f3 a los pa\u00edses para que promovieran &quot;un entorno para la inversi\u00f3n transparente, estable y predecible, con un correcto cumplimiento de contratos y respeto de los derechos de propiedad, embebidos en pol\u00edticas macroecon\u00f3micas e instituciones sanas que permitan a los negocios, tanto locales como internacionales, operar de manera eficiente y rentable y con el m\u00e1ximo impacto en el desarrollo . A los gobiernos se les considera a menudo la principal fuerza en la construcci\u00f3n de tal clima inversor, pero esta responsabilidad no recae solamente en el gobierno.<\/span><\/span><\/p>\n<p>&nbsp;<\/p>\n<p style=\"text-align: justify; \"><span style=\"font-size:12px;\"><span style=\"font-family: verdana, geneva, sans-serif; \">Aunque la voluntad pol\u00edtica para implementar reformas es clave, ning\u00fan gobierno puede legislar sobre la creaci\u00f3n de una econom\u00eda emprendedora de arriba para abajo. Por definici\u00f3n, una econom\u00eda as\u00ed requiere negocios activos y conectados que puedan trabajar con el gobierno y dar lineamientos sobre prioridades de reforma y soluciones de pol\u00edtica; por tanto, la responsabilidad recae en el sector privado, as\u00ed como la de ser un socio activo &ndash;y, de hecho, la principal fuerza&ndash; en las reformas.<\/span><\/span><\/p>\n<div class=\"pvc_clear\"><\/div>\n<p class=\"pvc_stats all \" data-element-id=\"20110\" style=\"\"><i class=\"pvc-stats-icon medium\" aria-hidden=\"true\"><svg aria-hidden=\"true\" focusable=\"false\" data-prefix=\"far\" data-icon=\"chart-bar\" role=\"img\" xmlns=\"http:\/\/www.w3.org\/2000\/svg\" viewBox=\"0 0 512 512\" class=\"svg-inline--fa fa-chart-bar fa-w-16 fa-2x\"><path fill=\"currentColor\" d=\"M396.8 352h22.4c6.4 0 12.8-6.4 12.8-12.8V108.8c0-6.4-6.4-12.8-12.8-12.8h-22.4c-6.4 0-12.8 6.4-12.8 12.8v230.4c0 6.4 6.4 12.8 12.8 12.8zm-192 0h22.4c6.4 0 12.8-6.4 12.8-12.8V140.8c0-6.4-6.4-12.8-12.8-12.8h-22.4c-6.4 0-12.8 6.4-12.8 12.8v198.4c0 6.4 6.4 12.8 12.8 12.8zm96 0h22.4c6.4 0 12.8-6.4 12.8-12.8V204.8c0-6.4-6.4-12.8-12.8-12.8h-22.4c-6.4 0-12.8 6.4-12.8 12.8v134.4c0 6.4 6.4 12.8 12.8 12.8zM496 400H48V80c0-8.84-7.16-16-16-16H16C7.16 64 0 71.16 0 80v336c0 17.67 14.33 32 32 32h464c8.84 0 16-7.16 16-16v-16c0-8.84-7.16-16-16-16zm-387.2-48h22.4c6.4 0 12.8-6.4 12.8-12.8v-70.4c0-6.4-6.4-12.8-12.8-12.8h-22.4c-6.4 0-12.8 6.4-12.8 12.8v70.4c0 6.4 6.4 12.8 12.8 12.8z\" class=\"\"><\/path><\/svg><\/i> Vistas Totales&nbsp;524&nbsp;, Vistas Hoy&nbsp;2&nbsp;<\/p>\n<div class=\"pvc_clear\"><\/div>\n","protected":false},"excerpt":{"rendered":"<p>Autor: John SullivanFuente: www.revistaperspectiva.comSon muchos los retos existentes para reducir la pobreza, pero la base para abordarlos se limita a la necesidad de reformar pol\u00edticas que expandan el acceso a las oportunidades y generen confianza en las instituciones p\u00fablicas y el mercado. En consecuencia, el papel del sector privado en el desarrollo internacional no se puede entender exclusivamente como las acciones y contribuciones de compa\u00f1\u00edas de naciones industrializadas, ni se puede ce\u00f1ir a ayudar a empresarios a t\u00edtulo individual en los pa\u00edses en desarrollo por medio de la educaci\u00f3n o la financiaci\u00f3n. M\u00e1s bien, dicho papel se extiende a involucrar al sector privado local en las reformas institucionales que promuevan la creaci\u00f3n de un entorno justo para todas las empresas, tanto locales como extranjeras.<\/p>\n<div class=\"pvc_clear\"><\/div>\n<p class=\"pvc_stats all \" data-element-id=\"20110\" style=\"\"><i class=\"pvc-stats-icon medium\" aria-hidden=\"true\"><svg aria-hidden=\"true\" focusable=\"false\" data-prefix=\"far\" data-icon=\"chart-bar\" role=\"img\" xmlns=\"http:\/\/www.w3.org\/2000\/svg\" viewBox=\"0 0 512 512\" class=\"svg-inline--fa fa-chart-bar fa-w-16 fa-2x\"><path fill=\"currentColor\" d=\"M396.8 352h22.4c6.4 0 12.8-6.4 12.8-12.8V108.8c0-6.4-6.4-12.8-12.8-12.8h-22.4c-6.4 0-12.8 6.4-12.8 12.8v230.4c0 6.4 6.4 12.8 12.8 12.8zm-192 0h22.4c6.4 0 12.8-6.4 12.8-12.8V140.8c0-6.4-6.4-12.8-12.8-12.8h-22.4c-6.4 0-12.8 6.4-12.8 12.8v198.4c0 6.4 6.4 12.8 12.8 12.8zm96 0h22.4c6.4 0 12.8-6.4 12.8-12.8V204.8c0-6.4-6.4-12.8-12.8-12.8h-22.4c-6.4 0-12.8 6.4-12.8 12.8v134.4c0 6.4 6.4 12.8 12.8 12.8zM496 400H48V80c0-8.84-7.16-16-16-16H16C7.16 64 0 71.16 0 80v336c0 17.67 14.33 32 32 32h464c8.84 0 16-7.16 16-16v-16c0-8.84-7.16-16-16-16zm-387.2-48h22.4c6.4 0 12.8-6.4 12.8-12.8v-70.4c0-6.4-6.4-12.8-12.8-12.8h-22.4c-6.4 0-12.8 6.4-12.8 12.8v70.4c0 6.4 6.4 12.8 12.8 12.8z\" class=\"\"><\/path><\/svg><\/i> Vistas Totales&nbsp;524&nbsp;, Vistas Hoy&nbsp;2&nbsp;<\/p>\n<div class=\"pvc_clear\"><\/div>\n","protected":false},"author":2,"featured_media":0,"comment_status":"open","ping_status":"open","sticky":false,"template":"","format":"standard","meta":{"footnotes":""},"categories":[21],"tags":[],"class_list":["post-20110","post","type-post","status-publish","format-standard","hentry","category-blog"],"yoast_head":"<!-- This site is optimized with the Yoast SEO plugin v25.2 - https:\/\/yoast.com\/wordpress\/plugins\/seo\/ -->\n<title>El papel del sector privado en el desarrollo | CREES<\/title>\n<meta name=\"robots\" content=\"index, follow, max-snippet:-1, max-image-preview:large, max-video-preview:-1\" \/>\n<link rel=\"canonical\" href=\"https:\/\/crees.org.do\/?p=20110\" \/>\n<meta property=\"og:locale\" content=\"es_ES\" \/>\n<meta property=\"og:type\" content=\"article\" \/>\n<meta property=\"og:title\" content=\"El papel del sector privado en el desarrollo | CREES\" \/>\n<meta property=\"og:description\" content=\"Autor: John SullivanFuente: www.revistaperspectiva.comSon muchos los retos existentes para reducir la pobreza, pero la base para abordarlos se limita a la necesidad de reformar pol\u00edticas que expandan el acceso a las oportunidades y generen confianza en las instituciones p\u00fablicas y el mercado. En consecuencia, el papel del sector privado en el desarrollo internacional no se puede entender exclusivamente como las acciones y contribuciones de compa\u00f1\u00edas de naciones industrializadas, ni se puede ce\u00f1ir a ayudar a empresarios a t\u00edtulo individual en los pa\u00edses en desarrollo por medio de la educaci\u00f3n o la financiaci\u00f3n. M\u00e1s bien, dicho papel se extiende a involucrar al sector privado local en las reformas institucionales que promuevan la creaci\u00f3n de un entorno justo para todas las empresas, tanto locales como extranjeras.\" \/>\n<meta property=\"og:url\" content=\"https:\/\/crees.org.do\/?p=20110\" \/>\n<meta property=\"og:site_name\" content=\"CREES\" \/>\n<meta property=\"article:publisher\" content=\"https:\/\/www.facebook.com\/CREESRD\/\" \/>\n<meta property=\"article:published_time\" content=\"2012-01-01T00:00:00+00:00\" \/>\n<meta property=\"og:image\" content=\"https:\/\/crees.org.do\/wp-content\/uploads\/2022\/03\/crees-logo-1.jpg\" \/>\n\t<meta property=\"og:image:width\" content=\"244\" \/>\n\t<meta property=\"og:image:height\" content=\"71\" \/>\n\t<meta property=\"og:image:type\" content=\"image\/jpeg\" \/>\n<meta name=\"author\" content=\"Crees\" \/>\n<meta name=\"twitter:card\" content=\"summary_large_image\" \/>\n<meta name=\"twitter:creator\" content=\"@CREESRD\" \/>\n<meta name=\"twitter:site\" content=\"@CREESRD\" \/>\n<meta name=\"twitter:label1\" content=\"Escrito por\" \/>\n\t<meta name=\"twitter:data1\" content=\"Crees\" \/>\n\t<meta name=\"twitter:label2\" content=\"Tiempo de lectura\" \/>\n\t<meta name=\"twitter:data2\" content=\"6 minutos\" \/>\n<script type=\"application\/ld+json\" class=\"yoast-schema-graph\">{\"@context\":\"https:\/\/schema.org\",\"@graph\":[{\"@type\":\"Article\",\"@id\":\"https:\/\/crees.org.do\/?p=20110#article\",\"isPartOf\":{\"@id\":\"https:\/\/crees.org.do\/?p=20110\"},\"author\":{\"name\":\"Crees\",\"@id\":\"https:\/\/crees.org.do\/#\/schema\/person\/e7f97cd94d7bf9cd0e0ce30acb7d56b8\"},\"headline\":\"El papel del sector privado en el desarrollo\",\"datePublished\":\"2012-01-01T00:00:00+00:00\",\"mainEntityOfPage\":{\"@id\":\"https:\/\/crees.org.do\/?p=20110\"},\"wordCount\":1120,\"commentCount\":0,\"publisher\":{\"@id\":\"https:\/\/crees.org.do\/#organization\"},\"articleSection\":[\"Blog\"],\"inLanguage\":\"es\"},{\"@type\":\"WebPage\",\"@id\":\"https:\/\/crees.org.do\/?p=20110\",\"url\":\"https:\/\/crees.org.do\/?p=20110\",\"name\":\"El papel del sector privado en el desarrollo | CREES\",\"isPartOf\":{\"@id\":\"https:\/\/crees.org.do\/#website\"},\"datePublished\":\"2012-01-01T00:00:00+00:00\",\"breadcrumb\":{\"@id\":\"https:\/\/crees.org.do\/?p=20110#breadcrumb\"},\"inLanguage\":\"es\",\"potentialAction\":[{\"@type\":\"ReadAction\",\"target\":[\"https:\/\/crees.org.do\/?p=20110\"]}]},{\"@type\":\"BreadcrumbList\",\"@id\":\"https:\/\/crees.org.do\/?p=20110#breadcrumb\",\"itemListElement\":[{\"@type\":\"ListItem\",\"position\":1,\"name\":\"Portada\",\"item\":\"https:\/\/crees.org.do\/\"},{\"@type\":\"ListItem\",\"position\":2,\"name\":\"El papel del sector privado en el desarrollo\"}]},{\"@type\":\"WebSite\",\"@id\":\"https:\/\/crees.org.do\/#website\",\"url\":\"https:\/\/crees.org.do\/\",\"name\":\"CREES\",\"description\":\"Centro Regional de Estrategias Econ\u00f3micas Sostenibles\",\"publisher\":{\"@id\":\"https:\/\/crees.org.do\/#organization\"},\"potentialAction\":[{\"@type\":\"SearchAction\",\"target\":{\"@type\":\"EntryPoint\",\"urlTemplate\":\"https:\/\/crees.org.do\/?s={search_term_string}\"},\"query-input\":{\"@type\":\"PropertyValueSpecification\",\"valueRequired\":true,\"valueName\":\"search_term_string\"}}],\"inLanguage\":\"es\"},{\"@type\":\"Organization\",\"@id\":\"https:\/\/crees.org.do\/#organization\",\"name\":\"CREES | Centro Regional de Estrategias Econ\u00f3micas Sostenibles\",\"url\":\"https:\/\/crees.org.do\/\",\"logo\":{\"@type\":\"ImageObject\",\"inLanguage\":\"es\",\"@id\":\"https:\/\/crees.org.do\/#\/schema\/logo\/image\/\",\"url\":\"https:\/\/crees.org.do\/wp-content\/uploads\/2022\/03\/crees-logo-1.jpg\",\"contentUrl\":\"https:\/\/crees.org.do\/wp-content\/uploads\/2022\/03\/crees-logo-1.jpg\",\"width\":244,\"height\":71,\"caption\":\"CREES | Centro Regional de Estrategias Econ\u00f3micas Sostenibles\"},\"image\":{\"@id\":\"https:\/\/crees.org.do\/#\/schema\/logo\/image\/\"},\"sameAs\":[\"https:\/\/www.facebook.com\/CREESRD\/\",\"https:\/\/x.com\/CREESRD\"]},{\"@type\":\"Person\",\"@id\":\"https:\/\/crees.org.do\/#\/schema\/person\/e7f97cd94d7bf9cd0e0ce30acb7d56b8\",\"name\":\"Crees\",\"image\":{\"@type\":\"ImageObject\",\"inLanguage\":\"es\",\"@id\":\"https:\/\/crees.org.do\/#\/schema\/person\/image\/\",\"url\":\"https:\/\/secure.gravatar.com\/avatar\/390ac8f0be5d9aa046152553e2dd7011b59a512d89c150f5e5f28bb8d9a0b165?s=96&d=mm&r=g\",\"contentUrl\":\"https:\/\/secure.gravatar.com\/avatar\/390ac8f0be5d9aa046152553e2dd7011b59a512d89c150f5e5f28bb8d9a0b165?s=96&d=mm&r=g\",\"caption\":\"Crees\"},\"url\":\"https:\/\/crees.org.do\/?author=2\"}]}<\/script>\n<!-- \/ Yoast SEO plugin. -->","yoast_head_json":{"title":"El papel del sector privado en el desarrollo | CREES","robots":{"index":"index","follow":"follow","max-snippet":"max-snippet:-1","max-image-preview":"max-image-preview:large","max-video-preview":"max-video-preview:-1"},"canonical":"https:\/\/crees.org.do\/?p=20110","og_locale":"es_ES","og_type":"article","og_title":"El papel del sector privado en el desarrollo | CREES","og_description":"Autor: John SullivanFuente: www.revistaperspectiva.comSon muchos los retos existentes para reducir la pobreza, pero la base para abordarlos se limita a la necesidad de reformar pol\u00edticas que expandan el acceso a las oportunidades y generen confianza en las instituciones p\u00fablicas y el mercado. En consecuencia, el papel del sector privado en el desarrollo internacional no se puede entender exclusivamente como las acciones y contribuciones de compa\u00f1\u00edas de naciones industrializadas, ni se puede ce\u00f1ir a ayudar a empresarios a t\u00edtulo individual en los pa\u00edses en desarrollo por medio de la educaci\u00f3n o la financiaci\u00f3n. M\u00e1s bien, dicho papel se extiende a involucrar al sector privado local en las reformas institucionales que promuevan la creaci\u00f3n de un entorno justo para todas las empresas, tanto locales como extranjeras.","og_url":"https:\/\/crees.org.do\/?p=20110","og_site_name":"CREES","article_publisher":"https:\/\/www.facebook.com\/CREESRD\/","article_published_time":"2012-01-01T00:00:00+00:00","og_image":[{"width":244,"height":71,"url":"https:\/\/crees.org.do\/wp-content\/uploads\/2022\/03\/crees-logo-1.jpg","type":"image\/jpeg"}],"author":"Crees","twitter_card":"summary_large_image","twitter_creator":"@CREESRD","twitter_site":"@CREESRD","twitter_misc":{"Escrito por":"Crees","Tiempo de lectura":"6 minutos"},"schema":{"@context":"https:\/\/schema.org","@graph":[{"@type":"Article","@id":"https:\/\/crees.org.do\/?p=20110#article","isPartOf":{"@id":"https:\/\/crees.org.do\/?p=20110"},"author":{"name":"Crees","@id":"https:\/\/crees.org.do\/#\/schema\/person\/e7f97cd94d7bf9cd0e0ce30acb7d56b8"},"headline":"El papel del sector privado en el desarrollo","datePublished":"2012-01-01T00:00:00+00:00","mainEntityOfPage":{"@id":"https:\/\/crees.org.do\/?p=20110"},"wordCount":1120,"commentCount":0,"publisher":{"@id":"https:\/\/crees.org.do\/#organization"},"articleSection":["Blog"],"inLanguage":"es"},{"@type":"WebPage","@id":"https:\/\/crees.org.do\/?p=20110","url":"https:\/\/crees.org.do\/?p=20110","name":"El papel del sector privado en el desarrollo | CREES","isPartOf":{"@id":"https:\/\/crees.org.do\/#website"},"datePublished":"2012-01-01T00:00:00+00:00","breadcrumb":{"@id":"https:\/\/crees.org.do\/?p=20110#breadcrumb"},"inLanguage":"es","potentialAction":[{"@type":"ReadAction","target":["https:\/\/crees.org.do\/?p=20110"]}]},{"@type":"BreadcrumbList","@id":"https:\/\/crees.org.do\/?p=20110#breadcrumb","itemListElement":[{"@type":"ListItem","position":1,"name":"Portada","item":"https:\/\/crees.org.do\/"},{"@type":"ListItem","position":2,"name":"El papel del sector privado en el desarrollo"}]},{"@type":"WebSite","@id":"https:\/\/crees.org.do\/#website","url":"https:\/\/crees.org.do\/","name":"CREES","description":"Centro Regional de Estrategias Econ\u00f3micas Sostenibles","publisher":{"@id":"https:\/\/crees.org.do\/#organization"},"potentialAction":[{"@type":"SearchAction","target":{"@type":"EntryPoint","urlTemplate":"https:\/\/crees.org.do\/?s={search_term_string}"},"query-input":{"@type":"PropertyValueSpecification","valueRequired":true,"valueName":"search_term_string"}}],"inLanguage":"es"},{"@type":"Organization","@id":"https:\/\/crees.org.do\/#organization","name":"CREES | Centro Regional de Estrategias Econ\u00f3micas Sostenibles","url":"https:\/\/crees.org.do\/","logo":{"@type":"ImageObject","inLanguage":"es","@id":"https:\/\/crees.org.do\/#\/schema\/logo\/image\/","url":"https:\/\/crees.org.do\/wp-content\/uploads\/2022\/03\/crees-logo-1.jpg","contentUrl":"https:\/\/crees.org.do\/wp-content\/uploads\/2022\/03\/crees-logo-1.jpg","width":244,"height":71,"caption":"CREES | Centro Regional de Estrategias Econ\u00f3micas Sostenibles"},"image":{"@id":"https:\/\/crees.org.do\/#\/schema\/logo\/image\/"},"sameAs":["https:\/\/www.facebook.com\/CREESRD\/","https:\/\/x.com\/CREESRD"]},{"@type":"Person","@id":"https:\/\/crees.org.do\/#\/schema\/person\/e7f97cd94d7bf9cd0e0ce30acb7d56b8","name":"Crees","image":{"@type":"ImageObject","inLanguage":"es","@id":"https:\/\/crees.org.do\/#\/schema\/person\/image\/","url":"https:\/\/secure.gravatar.com\/avatar\/390ac8f0be5d9aa046152553e2dd7011b59a512d89c150f5e5f28bb8d9a0b165?s=96&d=mm&r=g","contentUrl":"https:\/\/secure.gravatar.com\/avatar\/390ac8f0be5d9aa046152553e2dd7011b59a512d89c150f5e5f28bb8d9a0b165?s=96&d=mm&r=g","caption":"Crees"},"url":"https:\/\/crees.org.do\/?author=2"}]}},"_links":{"self":[{"href":"https:\/\/crees.org.do\/index.php?rest_route=\/wp\/v2\/posts\/20110","targetHints":{"allow":["GET"]}}],"collection":[{"href":"https:\/\/crees.org.do\/index.php?rest_route=\/wp\/v2\/posts"}],"about":[{"href":"https:\/\/crees.org.do\/index.php?rest_route=\/wp\/v2\/types\/post"}],"author":[{"embeddable":true,"href":"https:\/\/crees.org.do\/index.php?rest_route=\/wp\/v2\/users\/2"}],"replies":[{"embeddable":true,"href":"https:\/\/crees.org.do\/index.php?rest_route=%2Fwp%2Fv2%2Fcomments&post=20110"}],"version-history":[{"count":0,"href":"https:\/\/crees.org.do\/index.php?rest_route=\/wp\/v2\/posts\/20110\/revisions"}],"wp:attachment":[{"href":"https:\/\/crees.org.do\/index.php?rest_route=%2Fwp%2Fv2%2Fmedia&parent=20110"}],"wp:term":[{"taxonomy":"category","embeddable":true,"href":"https:\/\/crees.org.do\/index.php?rest_route=%2Fwp%2Fv2%2Fcategories&post=20110"},{"taxonomy":"post_tag","embeddable":true,"href":"https:\/\/crees.org.do\/index.php?rest_route=%2Fwp%2Fv2%2Ftags&post=20110"}],"curies":[{"name":"wp","href":"https:\/\/api.w.org\/{rel}","templated":true}]}}